{"id":23774,"date":"2020-06-08T08:07:31","date_gmt":"2020-06-08T11:07:31","guid":{"rendered":"https:\/\/radiolifefm.com.br\/noticias\/?p=23774"},"modified":"2026-04-20T17:26:54","modified_gmt":"2026-04-20T20:26:54","slug":"uma-provincia-em-meio-a-pandemia-das-mentes-bovinas-sergio-barbosa-opiniao","status":"publish","type":"post","link":"https:\/\/radiolifefm.com.br\/noticias\/uma-provincia-em-meio-a-pandemia-das-mentes-bovinas-sergio-barbosa-opiniao\/","title":{"rendered":"Uma Prov\u00edncia em meio a Pandemia das Mentes Bovinas&#8230;  &#8211; S\u00e9rgio Barbosa &#8211; Opini\u00e3o"},"content":{"rendered":"<div id=\"fb-root\"><\/div>\n<p><em><strong>Uma Prov\u00edncia em meio a Pandemia das Mentes Bovinas&#8230;<\/strong><\/em><\/p>\n<p><em><strong>\u201eA morte nunca se aprende, mas pode-se saber-se de cor. As guerras sabem-no. E as epidemias. E um simples agente funer\u00e1rio.\u201c ( Verg\u00edlio Ferreira)<\/strong><\/em><\/p>\n<p><em><strong>S\u00e9rgio Barbosa (*)<\/strong><\/em><\/p>\n<p>N\u00e3o tem como deixar de escrever sobre uma PROV\u00cdNCIA que continua FAZENDO DE CONTA deste e do outro lado, tal quais as MENTES BOVINAS do COISO com suas COISAS&#8230;<\/p>\n<p>A quest\u00e3o \u00e9 quase sempre a mesma, ou seja, a quest\u00e3o do PODER LOCAL que continua acima do BEM e do MAL, talvez, mediados pelo BOM e pelo MAU, dependendo sempre dos interesses dos lados de um mesmo lado&#8230;<\/p>\n<p>Tudo continua patinando no mesmo LUGAR e pelo jeito vai continuar assim para QUASE TODO O SEMPRE, tendo em vista que este ano ocorrem as ELEI\u00c7\u00d5ES para o EXECUTIVO e LEGISLATIVO Municipal&#8230;<\/p>\n<p>Tais desencontros est\u00e3o ocorrendo faz alguns anos, ainda, fica f\u00e1cil quando se pode colocar a CULPA disto ou daquilo no OUTRO, portanto, faz-se necess\u00e1rio repensar o atual cen\u00e1rio em nome da PANDEMIA que continua avan\u00e7ando no interior paulista&#8230;<\/p>\n<p>Tamb\u00e9m, ANUNCIAM-SE uma ou outra CONQUISTA nesta ou naquela \u00e1rea da PROV\u00cdNCIA, todavia, sempre existe um, POR\u00c9M que acaba cancelando ou prorrogando a tal CONQUISTA&#8230;<\/p>\n<p>Pelo visto deste CEN\u00c1RIO PROVINCIANO, tudo pode ser, desde que VOC\u00ca esteja sob o comando das MENTES BOVINAS e seguindo o TOQUE DO BERRANTE sem questionamentos ou cr\u00edticas&#8230;<\/p>\n<p>Mas, como diz o velho dito popular, NADA COMO UM DIA DEPOIS DO OUTRO, assim, a PROV\u00cdNCIA continua com os seus desencontros em meio \u00e0s idas e vindas dos DONOS DO PODER PELO PODER EM BUSCA DO PODER&#8230;<\/p>\n<p>Enquanto isso, as PERDAS est\u00e3o sento CONTABILIZADAS como dados ESTAT\u00cdSTICOS e ponto quase final, tamb\u00e9m, apostando que os\/as TUPINIQUINS travestidos de PROVINCIANOS\/AS est\u00e3o sempre com a MEM\u00d3RIA em estado de hiberna\u00e7\u00e3o&#8230;<\/p>\n<p>Afirmou o POETA que o TEMPO \u00c9 O SENHOR DA RAZ\u00c3O, haja vista que tudo pode acontecer daqui pra frente neste PA\u00cdS DO FAZ DE CONTA com rela\u00e7\u00e3o ao CORONAV\u00cdRUS e a tal FLEXIBILIZA\u00c7\u00c3O quanto ao ISOLAMENTO e tudo mais em meio ao tudo de menos&#8230;<\/p>\n<p>O dito cujo do AUTORITARISMO n\u00e3o pode fazer frente ao ESTADO DEMOCR\u00c1TICO em tempo de BOZZONARO com seus COISOS com COISAS em terras provincianas&#8230;<\/p>\n<p>As a\u00e7\u00f5es est\u00e3o perdendo o controle quanto ao CONTROLE da PANDEMIA na regi\u00e3o do OESTE PAULISTA, basta analisar os dados OFICIAIS para uma aproxima\u00e7\u00e3o com o descompromisso da comunidade e os protocolos existentes visando o BEM ESTAR da popula\u00e7\u00e3o&#8230;<\/p>\n<div class='flex flex-wrap items-center -mx-1'>\r\n<a class='thumbnail gallery p-1 w-1\/2 md:w-1\/4' href='https:\/\/radiolifefm.com.br\/noticias\/wp-content\/uploads\/2020\/06\/Sebar-3-scaled.jpg'><img class='border border-white' src='https:\/\/radiolifefm.com.br\/noticias\/wp-content\/uploads\/2020\/06\/Sebar-3-200x200.jpg' alt='Sebar' \/><\/a><a class='thumbnail gallery p-1 w-1\/2 md:w-1\/4' href='https:\/\/radiolifefm.com.br\/noticias\/wp-content\/uploads\/2020\/06\/Sebar-1-1-scaled.jpg'><img class='border border-white' src='https:\/\/radiolifefm.com.br\/noticias\/wp-content\/uploads\/2020\/06\/Sebar-1-1-200x200.jpg' alt='Sebar   1' \/><\/a><a class='thumbnail gallery p-1 w-1\/2 md:w-1\/4' href='https:\/\/radiolifefm.com.br\/noticias\/wp-content\/uploads\/2020\/06\/Sebar-2-1-scaled.jpg'><img class='border border-white' src='https:\/\/radiolifefm.com.br\/noticias\/wp-content\/uploads\/2020\/06\/Sebar-2-1-200x200.jpg' alt='Sebar   2' \/><\/a><\/div>\n<p>QUEM SOBREVIVER VAI SABER&#8230;<br \/>\n_______________________________<br \/>\n(*) jornalista profissional diplomado e professor universit\u00e1rio.<\/p>\n","protected":false},"excerpt":{"rendered":"<p>Uma Prov\u00edncia em meio a Pandemia das Mentes Bovinas&#8230; \u201eA morte nunca se aprende, mas pode-se saber-se de cor. As guerras sabem-no. E as epidemias. E um simples agente funer\u00e1rio.\u201c ( Verg\u00edlio Ferreira) S\u00e9rgio Barbosa (*) N\u00e3o tem como deixar de escrever sobre uma PROV\u00cdNCIA que continua FAZENDO DE CONTA deste e do outro lado, [&hellip;]<\/p>\n","protected":false},"author":3,"featured_media":23775,"comment_status":"closed","ping_status":"open","sticky":false,"template":"","format":"standard","meta":{"_acf_changed":false,"_exactmetrics_skip_tracking":false,"_exactmetrics_sitenote_active":false,"_exactmetrics_sitenote_note":"","_exactmetrics_sitenote_category":0,"footnotes":""},"categories":[59],"tags":[],"class_list":["post-23774","post","type-post","status-publish","format-standard","has-post-thumbnail","hentry","category-opiniao"],"acf":[],"yoast_head":"<!-- This site is optimized with the Yoast SEO plugin v27.2 - https:\/\/yoast.com\/product\/yoast-seo-wordpress\/ -->\n<title>Uma Prov\u00edncia em meio a Pandemia das Mentes Bovinas... - S\u00e9rgio Barbosa - Opini\u00e3o - R\u00e1dio Life FM<\/title>\n<meta name=\"robots\" content=\"index, follow, max-snippet:-1, max-image-preview:large, max-video-preview:-1\" \/>\n<link rel=\"canonical\" href=\"https:\/\/radiolifefm.com.br\/noticias\/uma-provincia-em-meio-a-pandemia-das-mentes-bovinas-sergio-barbosa-opiniao\/\" \/>\n<meta property=\"og:locale\" content=\"pt_BR\" \/>\n<meta property=\"og:type\" content=\"article\" \/>\n<meta property=\"og:title\" content=\"Uma Prov\u00edncia em meio a Pandemia das Mentes Bovinas... - S\u00e9rgio Barbosa - Opini\u00e3o - R\u00e1dio Life FM\" \/>\n<meta property=\"og:description\" content=\"Uma Prov\u00edncia em meio a Pandemia das Mentes Bovinas&#8230; \u201eA morte nunca se aprende, mas pode-se saber-se de cor. As guerras sabem-no. E as epidemias. E um simples agente funer\u00e1rio.\u201c ( Verg\u00edlio Ferreira) S\u00e9rgio Barbosa (*) N\u00e3o tem como deixar de escrever sobre uma PROV\u00cdNCIA que continua FAZENDO DE CONTA deste e do outro lado, [&hellip;]\" \/>\n<meta property=\"og:url\" content=\"https:\/\/radiolifefm.com.br\/noticias\/uma-provincia-em-meio-a-pandemia-das-mentes-bovinas-sergio-barbosa-opiniao\/\" \/>\n<meta property=\"og:site_name\" content=\"R\u00e1dio Life FM\" \/>\n<meta property=\"article:publisher\" content=\"https:\/\/www.facebook.com\/radiolifefm\/\" \/>\n<meta property=\"article:published_time\" content=\"2020-06-08T11:07:31+00:00\" \/>\n<meta property=\"article:modified_time\" content=\"2026-04-20T20:26:54+00:00\" \/>\n<meta property=\"og:image\" content=\"https:\/\/radiolifefm.com.br\/noticias\/wp-content\/uploads\/2020\/06\/Sebar-3-scaled.jpg\" \/>\n\t<meta property=\"og:image:width\" content=\"2560\" \/>\n\t<meta property=\"og:image:height\" content=\"1920\" \/>\n\t<meta property=\"og:image:type\" content=\"image\/jpeg\" \/>\n<meta name=\"author\" content=\"lifefm\" \/>\n<meta name=\"twitter:card\" content=\"summary_large_image\" \/>\n<meta name=\"twitter:label1\" content=\"Escrito por\" \/>\n\t<meta name=\"twitter:data1\" content=\"lifefm\" \/>\n\t<meta name=\"twitter:label2\" content=\"Est. tempo de leitura\" \/>\n\t<meta name=\"twitter:data2\" content=\"2 minutos\" \/>\n<script type=\"application\/ld+json\" class=\"yoast-schema-graph\">{\"@context\":\"https:\/\/schema.org\",\"@graph\":[{\"@type\":\"Article\",\"@id\":\"https:\/\/radiolifefm.com.br\/noticias\/uma-provincia-em-meio-a-pandemia-das-mentes-bovinas-sergio-barbosa-opiniao\/#article\",\"isPartOf\":{\"@id\":\"https:\/\/radiolifefm.com.br\/noticias\/uma-provincia-em-meio-a-pandemia-das-mentes-bovinas-sergio-barbosa-opiniao\/\"},\"author\":{\"name\":\"lifefm\",\"@id\":\"https:\/\/radiolifefm.com.br\/noticias\/#\/schema\/person\/1d4e4b1301322090c6221bf1c8420490\"},\"headline\":\"Uma Prov\u00edncia em meio a Pandemia das Mentes Bovinas&#8230; &#8211; S\u00e9rgio Barbosa &#8211; Opini\u00e3o\",\"datePublished\":\"2020-06-08T11:07:31+00:00\",\"dateModified\":\"2026-04-20T20:26:54+00:00\",\"mainEntityOfPage\":{\"@id\":\"https:\/\/radiolifefm.com.br\/noticias\/uma-provincia-em-meio-a-pandemia-das-mentes-bovinas-sergio-barbosa-opiniao\/\"},\"wordCount\":471,\"publisher\":{\"@id\":\"https:\/\/radiolifefm.com.br\/noticias\/#organization\"},\"image\":{\"@id\":\"https:\/\/radiolifefm.com.br\/noticias\/uma-provincia-em-meio-a-pandemia-das-mentes-bovinas-sergio-barbosa-opiniao\/#primaryimage\"},\"thumbnailUrl\":\"https:\/\/radiolifefm.com.br\/noticias\/wp-content\/uploads\/2020\/06\/Sebar-3-scaled.jpg\",\"articleSection\":[\"Opini\u00e3o\"],\"inLanguage\":\"pt-BR\"},{\"@type\":\"WebPage\",\"@id\":\"https:\/\/radiolifefm.com.br\/noticias\/uma-provincia-em-meio-a-pandemia-das-mentes-bovinas-sergio-barbosa-opiniao\/\",\"url\":\"https:\/\/radiolifefm.com.br\/noticias\/uma-provincia-em-meio-a-pandemia-das-mentes-bovinas-sergio-barbosa-opiniao\/\",\"name\":\"Uma Prov\u00edncia em meio a Pandemia das Mentes Bovinas... - S\u00e9rgio Barbosa - Opini\u00e3o - R\u00e1dio Life FM\",\"isPartOf\":{\"@id\":\"https:\/\/radiolifefm.com.br\/noticias\/#website\"},\"primaryImageOfPage\":{\"@id\":\"https:\/\/radiolifefm.com.br\/noticias\/uma-provincia-em-meio-a-pandemia-das-mentes-bovinas-sergio-barbosa-opiniao\/#primaryimage\"},\"image\":{\"@id\":\"https:\/\/radiolifefm.com.br\/noticias\/uma-provincia-em-meio-a-pandemia-das-mentes-bovinas-sergio-barbosa-opiniao\/#primaryimage\"},\"thumbnailUrl\":\"https:\/\/radiolifefm.com.br\/noticias\/wp-content\/uploads\/2020\/06\/Sebar-3-scaled.jpg\",\"datePublished\":\"2020-06-08T11:07:31+00:00\",\"dateModified\":\"2026-04-20T20:26:54+00:00\",\"breadcrumb\":{\"@id\":\"https:\/\/radiolifefm.com.br\/noticias\/uma-provincia-em-meio-a-pandemia-das-mentes-bovinas-sergio-barbosa-opiniao\/#breadcrumb\"},\"inLanguage\":\"pt-BR\",\"potentialAction\":[{\"@type\":\"ReadAction\",\"target\":[\"https:\/\/radiolifefm.com.br\/noticias\/uma-provincia-em-meio-a-pandemia-das-mentes-bovinas-sergio-barbosa-opiniao\/\"]}]},{\"@type\":\"ImageObject\",\"inLanguage\":\"pt-BR\",\"@id\":\"https:\/\/radiolifefm.com.br\/noticias\/uma-provincia-em-meio-a-pandemia-das-mentes-bovinas-sergio-barbosa-opiniao\/#primaryimage\",\"url\":\"https:\/\/radiolifefm.com.br\/noticias\/wp-content\/uploads\/2020\/06\/Sebar-3-scaled.jpg\",\"contentUrl\":\"https:\/\/radiolifefm.com.br\/noticias\/wp-content\/uploads\/2020\/06\/Sebar-3-scaled.jpg\",\"width\":2560,\"height\":1920},{\"@type\":\"BreadcrumbList\",\"@id\":\"https:\/\/radiolifefm.com.br\/noticias\/uma-provincia-em-meio-a-pandemia-das-mentes-bovinas-sergio-barbosa-opiniao\/#breadcrumb\",\"itemListElement\":[{\"@type\":\"ListItem\",\"position\":1,\"name\":\"In\u00edcio\",\"item\":\"https:\/\/radiolifefm.com.br\/noticias\/\"},{\"@type\":\"ListItem\",\"position\":2,\"name\":\"Uma Prov\u00edncia em meio a Pandemia das Mentes Bovinas&#8230; &#8211; S\u00e9rgio Barbosa &#8211; Opini\u00e3o\"}]},{\"@type\":\"WebSite\",\"@id\":\"https:\/\/radiolifefm.com.br\/noticias\/#website\",\"url\":\"https:\/\/radiolifefm.com.br\/noticias\/\",\"name\":\"R\u00e1dio Life FM\",\"description\":\"O Portal de Not\u00edcias de Adamantina\",\"publisher\":{\"@id\":\"https:\/\/radiolifefm.com.br\/noticias\/#organization\"},\"alternateName\":\"Life FM\",\"potentialAction\":[{\"@type\":\"SearchAction\",\"target\":{\"@type\":\"EntryPoint\",\"urlTemplate\":\"https:\/\/radiolifefm.com.br\/noticias\/?s={search_term_string}\"},\"query-input\":{\"@type\":\"PropertyValueSpecification\",\"valueRequired\":true,\"valueName\":\"search_term_string\"}}],\"inLanguage\":\"pt-BR\"},{\"@type\":\"Organization\",\"@id\":\"https:\/\/radiolifefm.com.br\/noticias\/#organization\",\"name\":\"R\u00e1dio Life FM\",\"alternateName\":\"Life FM\",\"url\":\"https:\/\/radiolifefm.com.br\/noticias\/\",\"logo\":{\"@type\":\"ImageObject\",\"inLanguage\":\"pt-BR\",\"@id\":\"https:\/\/radiolifefm.com.br\/noticias\/#\/schema\/logo\/image\/\",\"url\":\"https:\/\/static.radiolifefm.com.br\/noticias\/wp-content\/uploads\/2019\/10\/logo-lifefm.png\",\"contentUrl\":\"https:\/\/static.radiolifefm.com.br\/noticias\/wp-content\/uploads\/2019\/10\/logo-lifefm.png\",\"width\":196,\"height\":47,\"caption\":\"R\u00e1dio Life FM\"},\"image\":{\"@id\":\"https:\/\/radiolifefm.com.br\/noticias\/#\/schema\/logo\/image\/\"},\"sameAs\":[\"https:\/\/www.facebook.com\/radiolifefm\/\",\"https:\/\/www.instagram.com\/life1079fm\/\"]},{\"@type\":\"Person\",\"@id\":\"https:\/\/radiolifefm.com.br\/noticias\/#\/schema\/person\/1d4e4b1301322090c6221bf1c8420490\",\"name\":\"lifefm\",\"image\":{\"@type\":\"ImageObject\",\"inLanguage\":\"pt-BR\",\"@id\":\"https:\/\/secure.gravatar.com\/avatar\/eca268467d925ec97d20641bb054fd944c0abb2f92854171620706bbe6474e7c?s=96&d=mm&r=g\",\"url\":\"https:\/\/secure.gravatar.com\/avatar\/eca268467d925ec97d20641bb054fd944c0abb2f92854171620706bbe6474e7c?s=96&d=mm&r=g\",\"contentUrl\":\"https:\/\/secure.gravatar.com\/avatar\/eca268467d925ec97d20641bb054fd944c0abb2f92854171620706bbe6474e7c?s=96&d=mm&r=g\",\"caption\":\"lifefm\"}}]}<\/script>\n<!-- \/ Yoast SEO plugin. -->","yoast_head_json":{"title":"Uma Prov\u00edncia em meio a Pandemia das Mentes Bovinas... - S\u00e9rgio Barbosa - Opini\u00e3o - R\u00e1dio Life FM","robots":{"index":"index","follow":"follow","max-snippet":"max-snippet:-1","max-image-preview":"max-image-preview:large","max-video-preview":"max-video-preview:-1"},"canonical":"https:\/\/radiolifefm.com.br\/noticias\/uma-provincia-em-meio-a-pandemia-das-mentes-bovinas-sergio-barbosa-opiniao\/","og_locale":"pt_BR","og_type":"article","og_title":"Uma Prov\u00edncia em meio a Pandemia das Mentes Bovinas... - S\u00e9rgio Barbosa - Opini\u00e3o - R\u00e1dio Life FM","og_description":"Uma Prov\u00edncia em meio a Pandemia das Mentes Bovinas&#8230; \u201eA morte nunca se aprende, mas pode-se saber-se de cor. As guerras sabem-no. E as epidemias. E um simples agente funer\u00e1rio.\u201c ( Verg\u00edlio Ferreira) S\u00e9rgio Barbosa (*) N\u00e3o tem como deixar de escrever sobre uma PROV\u00cdNCIA que continua FAZENDO DE CONTA deste e do outro lado, [&hellip;]","og_url":"https:\/\/radiolifefm.com.br\/noticias\/uma-provincia-em-meio-a-pandemia-das-mentes-bovinas-sergio-barbosa-opiniao\/","og_site_name":"R\u00e1dio Life FM","article_publisher":"https:\/\/www.facebook.com\/radiolifefm\/","article_published_time":"2020-06-08T11:07:31+00:00","article_modified_time":"2026-04-20T20:26:54+00:00","og_image":[{"width":2560,"height":1920,"url":"https:\/\/radiolifefm.com.br\/noticias\/wp-content\/uploads\/2020\/06\/Sebar-3-scaled.jpg","type":"image\/jpeg"}],"author":"lifefm","twitter_card":"summary_large_image","twitter_misc":{"Escrito por":"lifefm","Est. tempo de leitura":"2 minutos"},"schema":{"@context":"https:\/\/schema.org","@graph":[{"@type":"Article","@id":"https:\/\/radiolifefm.com.br\/noticias\/uma-provincia-em-meio-a-pandemia-das-mentes-bovinas-sergio-barbosa-opiniao\/#article","isPartOf":{"@id":"https:\/\/radiolifefm.com.br\/noticias\/uma-provincia-em-meio-a-pandemia-das-mentes-bovinas-sergio-barbosa-opiniao\/"},"author":{"name":"lifefm","@id":"https:\/\/radiolifefm.com.br\/noticias\/#\/schema\/person\/1d4e4b1301322090c6221bf1c8420490"},"headline":"Uma Prov\u00edncia em meio a Pandemia das Mentes Bovinas&#8230; &#8211; S\u00e9rgio Barbosa &#8211; Opini\u00e3o","datePublished":"2020-06-08T11:07:31+00:00","dateModified":"2026-04-20T20:26:54+00:00","mainEntityOfPage":{"@id":"https:\/\/radiolifefm.com.br\/noticias\/uma-provincia-em-meio-a-pandemia-das-mentes-bovinas-sergio-barbosa-opiniao\/"},"wordCount":471,"publisher":{"@id":"https:\/\/radiolifefm.com.br\/noticias\/#organization"},"image":{"@id":"https:\/\/radiolifefm.com.br\/noticias\/uma-provincia-em-meio-a-pandemia-das-mentes-bovinas-sergio-barbosa-opiniao\/#primaryimage"},"thumbnailUrl":"https:\/\/radiolifefm.com.br\/noticias\/wp-content\/uploads\/2020\/06\/Sebar-3-scaled.jpg","articleSection":["Opini\u00e3o"],"inLanguage":"pt-BR"},{"@type":"WebPage","@id":"https:\/\/radiolifefm.com.br\/noticias\/uma-provincia-em-meio-a-pandemia-das-mentes-bovinas-sergio-barbosa-opiniao\/","url":"https:\/\/radiolifefm.com.br\/noticias\/uma-provincia-em-meio-a-pandemia-das-mentes-bovinas-sergio-barbosa-opiniao\/","name":"Uma Prov\u00edncia em meio a Pandemia das Mentes Bovinas... - S\u00e9rgio Barbosa - Opini\u00e3o - R\u00e1dio Life FM","isPartOf":{"@id":"https:\/\/radiolifefm.com.br\/noticias\/#website"},"primaryImageOfPage":{"@id":"https:\/\/radiolifefm.com.br\/noticias\/uma-provincia-em-meio-a-pandemia-das-mentes-bovinas-sergio-barbosa-opiniao\/#primaryimage"},"image":{"@id":"https:\/\/radiolifefm.com.br\/noticias\/uma-provincia-em-meio-a-pandemia-das-mentes-bovinas-sergio-barbosa-opiniao\/#primaryimage"},"thumbnailUrl":"https:\/\/radiolifefm.com.br\/noticias\/wp-content\/uploads\/2020\/06\/Sebar-3-scaled.jpg","datePublished":"2020-06-08T11:07:31+00:00","dateModified":"2026-04-20T20:26:54+00:00","breadcrumb":{"@id":"https:\/\/radiolifefm.com.br\/noticias\/uma-provincia-em-meio-a-pandemia-das-mentes-bovinas-sergio-barbosa-opiniao\/#breadcrumb"},"inLanguage":"pt-BR","potentialAction":[{"@type":"ReadAction","target":["https:\/\/radiolifefm.com.br\/noticias\/uma-provincia-em-meio-a-pandemia-das-mentes-bovinas-sergio-barbosa-opiniao\/"]}]},{"@type":"ImageObject","inLanguage":"pt-BR","@id":"https:\/\/radiolifefm.com.br\/noticias\/uma-provincia-em-meio-a-pandemia-das-mentes-bovinas-sergio-barbosa-opiniao\/#primaryimage","url":"https:\/\/radiolifefm.com.br\/noticias\/wp-content\/uploads\/2020\/06\/Sebar-3-scaled.jpg","contentUrl":"https:\/\/radiolifefm.com.br\/noticias\/wp-content\/uploads\/2020\/06\/Sebar-3-scaled.jpg","width":2560,"height":1920},{"@type":"BreadcrumbList","@id":"https:\/\/radiolifefm.com.br\/noticias\/uma-provincia-em-meio-a-pandemia-das-mentes-bovinas-sergio-barbosa-opiniao\/#breadcrumb","itemListElement":[{"@type":"ListItem","position":1,"name":"In\u00edcio","item":"https:\/\/radiolifefm.com.br\/noticias\/"},{"@type":"ListItem","position":2,"name":"Uma Prov\u00edncia em meio a Pandemia das Mentes Bovinas&#8230; &#8211; S\u00e9rgio Barbosa &#8211; Opini\u00e3o"}]},{"@type":"WebSite","@id":"https:\/\/radiolifefm.com.br\/noticias\/#website","url":"https:\/\/radiolifefm.com.br\/noticias\/","name":"R\u00e1dio Life FM","description":"O Portal de Not\u00edcias de Adamantina","publisher":{"@id":"https:\/\/radiolifefm.com.br\/noticias\/#organization"},"alternateName":"Life FM","potentialAction":[{"@type":"SearchAction","target":{"@type":"EntryPoint","urlTemplate":"https:\/\/radiolifefm.com.br\/noticias\/?s={search_term_string}"},"query-input":{"@type":"PropertyValueSpecification","valueRequired":true,"valueName":"search_term_string"}}],"inLanguage":"pt-BR"},{"@type":"Organization","@id":"https:\/\/radiolifefm.com.br\/noticias\/#organization","name":"R\u00e1dio Life FM","alternateName":"Life FM","url":"https:\/\/radiolifefm.com.br\/noticias\/","logo":{"@type":"ImageObject","inLanguage":"pt-BR","@id":"https:\/\/radiolifefm.com.br\/noticias\/#\/schema\/logo\/image\/","url":"https:\/\/static.radiolifefm.com.br\/noticias\/wp-content\/uploads\/2019\/10\/logo-lifefm.png","contentUrl":"https:\/\/static.radiolifefm.com.br\/noticias\/wp-content\/uploads\/2019\/10\/logo-lifefm.png","width":196,"height":47,"caption":"R\u00e1dio Life FM"},"image":{"@id":"https:\/\/radiolifefm.com.br\/noticias\/#\/schema\/logo\/image\/"},"sameAs":["https:\/\/www.facebook.com\/radiolifefm\/","https:\/\/www.instagram.com\/life1079fm\/"]},{"@type":"Person","@id":"https:\/\/radiolifefm.com.br\/noticias\/#\/schema\/person\/1d4e4b1301322090c6221bf1c8420490","name":"lifefm","image":{"@type":"ImageObject","inLanguage":"pt-BR","@id":"https:\/\/secure.gravatar.com\/avatar\/eca268467d925ec97d20641bb054fd944c0abb2f92854171620706bbe6474e7c?s=96&d=mm&r=g","url":"https:\/\/secure.gravatar.com\/avatar\/eca268467d925ec97d20641bb054fd944c0abb2f92854171620706bbe6474e7c?s=96&d=mm&r=g","contentUrl":"https:\/\/secure.gravatar.com\/avatar\/eca268467d925ec97d20641bb054fd944c0abb2f92854171620706bbe6474e7c?s=96&d=mm&r=g","caption":"lifefm"}}]}},"amp_enabled":true,"_links":{"self":[{"href":"https:\/\/radiolifefm.com.br\/noticias\/wp-json\/wp\/v2\/posts\/23774","targetHints":{"allow":["GET"]}}],"collection":[{"href":"https:\/\/radiolifefm.com.br\/noticias\/wp-json\/wp\/v2\/posts"}],"about":[{"href":"https:\/\/radiolifefm.com.br\/noticias\/wp-json\/wp\/v2\/types\/post"}],"author":[{"embeddable":true,"href":"https:\/\/radiolifefm.com.br\/noticias\/wp-json\/wp\/v2\/users\/3"}],"replies":[{"embeddable":true,"href":"https:\/\/radiolifefm.com.br\/noticias\/wp-json\/wp\/v2\/comments?post=23774"}],"version-history":[{"count":3,"href":"https:\/\/radiolifefm.com.br\/noticias\/wp-json\/wp\/v2\/posts\/23774\/revisions"}],"predecessor-version":[{"id":23780,"href":"https:\/\/radiolifefm.com.br\/noticias\/wp-json\/wp\/v2\/posts\/23774\/revisions\/23780"}],"wp:featuredmedia":[{"embeddable":true,"href":"https:\/\/radiolifefm.com.br\/noticias\/wp-json\/wp\/v2\/media\/23775"}],"wp:attachment":[{"href":"https:\/\/radiolifefm.com.br\/noticias\/wp-json\/wp\/v2\/media?parent=23774"}],"wp:term":[{"taxonomy":"category","embeddable":true,"href":"https:\/\/radiolifefm.com.br\/noticias\/wp-json\/wp\/v2\/categories?post=23774"},{"taxonomy":"post_tag","embeddable":true,"href":"https:\/\/radiolifefm.com.br\/noticias\/wp-json\/wp\/v2\/tags?post=23774"}],"curies":[{"name":"wp","href":"https:\/\/api.w.org\/{rel}","templated":true}]}}