{"id":23736,"date":"2020-06-04T10:38:43","date_gmt":"2020-06-04T13:38:43","guid":{"rendered":"https:\/\/radiolifefm.com.br\/noticias\/?p=23736"},"modified":"2026-03-29T12:37:11","modified_gmt":"2026-03-29T15:37:11","slug":"concessionaria-assume-sp-294-a-partir-desta-quinta-feira","status":"publish","type":"post","link":"https:\/\/radiolifefm.com.br\/noticias\/concessionaria-assume-sp-294-a-partir-desta-quinta-feira\/","title":{"rendered":"Concession\u00e1ria assume SP-294 a partir desta quinta-feira"},"content":{"rendered":"<div id=\"fb-root\"><\/div>\n<p><em>Est\u00e3o previstas quatro pra\u00e7as de ped\u00e1gios na regi\u00e3o em at\u00e9 12 meses<\/em><\/p>\n<p>A partir desta quinta-feira (4), as rodovias SP-294 (Comandante Jo\u00e3o Ribeiro de Barros) e SP-425 (Assis Chateaubriand) ser\u00e3o operadas pela Eixo SP, Concession\u00e1ria de Rodovias. As vias fazem parte do Lote PiPa (Piracicaba Panorama) \u2013 1.273 quil\u00f4metros concedidas a iniciativa privada por 30 anos.<\/p>\n<p>Segundo a empresa ser\u00e3o investidos R$ 14 bilh\u00f5es em obras de amplia\u00e7\u00e3o, conserva\u00e7\u00e3o, al\u00e9m da moderniza\u00e7\u00e3o de servi\u00e7os ao usu\u00e1rio. Est\u00e3o previstas ainda quatro pra\u00e7as de ped\u00e1gios na regi\u00e3o, que devem ser implantados at\u00e9 12 meses ap\u00f3s in\u00edcio da opera\u00e7\u00e3o.<\/p>\n<p>A Eixo SP destaca que as rodovias receber\u00e3o investimentos que incluem 600 quil\u00f4metros de duplica\u00e7\u00f5es e novas pistas. Tamb\u00e9m no cronograma est\u00e1 a instala\u00e7\u00e3o de faixas adicionais e vias marginais, acostamentos, ciclovias, passarelas e dispositivos de acesso e retorno.<\/p>\n<p>A manuten\u00e7\u00e3o de toda a malha com servi\u00e7os de restaura\u00e7\u00e3o do pavimento, de conserva\u00e7\u00e3o da faixa de dom\u00ednio e de sinaliza\u00e7\u00e3o tamb\u00e9m integram o projeto.<\/p>\n<p><strong>SUPORTE AO MOTORISTA<\/strong> &#8211; O usu\u00e1rio passa a contar tamb\u00e9m, em toda a extens\u00e3o concedida, com aux\u00edlio emergencial de guincho, resgate e informa\u00e7\u00f5es sobre tr\u00e2nsito e rotas. O canal de atendimento da Eixo SP \u00e9 o 0800 178 998.<\/p>\n<p>Ao todo, nove bases do SAUs (Servi\u00e7o de Atendimento ao Usu\u00e1rio) est\u00e3o em funcionamento nos munic\u00edpios de S\u00e3o Carlos, Itirapina (duas bases), Santa Gertrudes, Ja\u00fa, Boraceia, Bauru, Guarapu\u00e3 e Brotas. Outros 23 postos ser\u00e3o instalados com servi\u00e7os de informa\u00e7\u00e3o, banheiros e bebedouros.<\/p>\n<p>Toda a extens\u00e3o rodovi\u00e1ria ser\u00e1 monitorada por c\u00e2meras controladas pelo CCO (Centro de Controle Operacional) que permitem identificar qualquer ocorr\u00eancia e acionar o apoio operacional. O contrato tamb\u00e9m prev\u00ea a conex\u00e3o Wi-Fi em toda a malha para que o motorista solicite atendimento da Concession\u00e1ria pelo dispositivo m\u00f3vel.<\/p>\n<p><strong>IMPULSO ECON\u00d4MICO<\/strong> &#8211; A extens\u00e3o rodovi\u00e1ria abrange 62 munic\u00edpios que ser\u00e3o beneficiados, ao longo do contrato, com o repasse de R$ 2 bilh\u00f5es em ISS \u2013 Imposto Sobre Servi\u00e7os. Estes recursos podem ser investidos em \u00e1reas priorit\u00e1rias de servi\u00e7os p\u00fablicos como educa\u00e7\u00e3o, sa\u00fade e seguran\u00e7a p\u00fablica.<\/p>\n<p>\u201cA Eixo SP assume a maior concess\u00e3o rodovi\u00e1ria da hist\u00f3ria, um desafio diante do atual cen\u00e1rio, pontual se considerado o per\u00edodo em que atuar\u00e1, perseverante no desenvolvimento do Estado de S\u00e3o Paulo e do Brasil. A contribui\u00e7\u00e3o desta importante opera\u00e7\u00e3o \u00e0 economia \u00e9 expressiva, em vista das perspectivas de aquecimento das atividades econ\u00f4micas regionais, estimuladas pela infraestrutura rodovi\u00e1ria\u201d, afirma Sergio Santillan, CEO da Eixo SP.<\/p>\n<p>Logo no in\u00edcio, a Eixo SP contratou mais de 2 mil colaboradores. A estimativa \u00e9 de mais 1,2 mil postos de trabalho gerados j\u00e1 no pr\u00f3ximo ano, sem mencionar a empregabilidade gerada com a m\u00e3o de obra indireta, de empresas terceirizadas para a execu\u00e7\u00e3o de servi\u00e7os de engenharia e fornecimento de produtos e insumos, que ir\u00e3o contribuir com o aquecimento da economia regional.<\/p>\n<p><strong>TARIFA REDUZIDA<\/strong> &#8211; A inova\u00e7\u00e3o tamb\u00e9m \u00e9 proporcionada do ponto de vista econ\u00f4mico ao motorista que utiliza as rodovias sob gest\u00e3o da Eixo SP. A tarifa quilom\u00e9trica nas pra\u00e7as de ped\u00e1gio de Rio Claro e Itirapina, na Washington Lu\u00eds; e de Brotas, Dois C\u00f3rregos e Ja\u00fa (SP 225) est\u00e1 23% menor em rela\u00e7\u00e3o \u00e0 praticada no contrato de concess\u00e3o anterior deste trecho.<\/p>\n<p>Conforme previsto na nova fase do programa de concess\u00f5es rodovi\u00e1rias do estado, motocicletas entram na categoria de pagamento de ped\u00e1gio a partir de 4 de junho. Para motociclistas que optarem pelo pagamento em pistas semiautom\u00e1ticas, com o cart\u00e3o de recarga pr\u00e9-pago, haver\u00e1 desconto de 5% na passagem.<\/p>\n<p>Os motoristas que utilizam as pistas autom\u00e1ticas com as tags de operadoras tamb\u00e9m t\u00eam o desconto percentual. Outra novidade no programa de concess\u00f5es do governo paulista, e no pa\u00eds, \u00e9 que a Eixo SP \u00e9 a primeira Concession\u00e1ria a adotar o DUF (Desconto de Usu\u00e1rio Frequente), que beneficia os motoristas que utilizam o trecho rodovi\u00e1rio com mais frequ\u00eancia, principalmente moradores de pequenas cidades que usam as rodovias para acessar a rede de com\u00e9rcio e servi\u00e7os de munic\u00edpios vizinhos.<\/p>\n<p>&nbsp;<\/p>\n<p>Fonte: Impacto Not\u00edcias<\/p>\n","protected":false},"excerpt":{"rendered":"<p>Est\u00e3o previstas quatro pra\u00e7as de ped\u00e1gios na regi\u00e3o em at\u00e9 12 meses A partir desta quinta-feira (4), as rodovias SP-294 (Comandante Jo\u00e3o Ribeiro de Barros) e SP-425 (Assis Chateaubriand) ser\u00e3o operadas pela Eixo SP, Concession\u00e1ria de Rodovias. As vias fazem parte do Lote PiPa (Piracicaba Panorama) \u2013 1.273 quil\u00f4metros concedidas a iniciativa privada por 30 [&hellip;]<\/p>\n","protected":false},"author":3,"featured_media":23737,"comment_status":"open","ping_status":"open","sticky":false,"template":"","format":"standard","meta":{"_acf_changed":false,"_exactmetrics_skip_tracking":false,"_exactmetrics_sitenote_active":false,"_exactmetrics_sitenote_note":"","_exactmetrics_sitenote_category":0,"footnotes":""},"categories":[24],"tags":[],"class_list":["post-23736","post","type-post","status-publish","format-standard","has-post-thumbnail","hentry","category-regiao"],"acf":[],"yoast_head":"<!-- This site is optimized with the Yoast SEO plugin v27.2 - https:\/\/yoast.com\/product\/yoast-seo-wordpress\/ -->\n<title>Concession\u00e1ria assume SP-294 a partir desta quinta-feira - R\u00e1dio Life FM<\/title>\n<meta name=\"robots\" content=\"index, follow, max-snippet:-1, max-image-preview:large, max-video-preview:-1\" \/>\n<link rel=\"canonical\" href=\"https:\/\/radiolifefm.com.br\/noticias\/concessionaria-assume-sp-294-a-partir-desta-quinta-feira\/\" \/>\n<meta property=\"og:locale\" content=\"pt_BR\" \/>\n<meta property=\"og:type\" content=\"article\" \/>\n<meta property=\"og:title\" content=\"Concession\u00e1ria assume SP-294 a partir desta quinta-feira - R\u00e1dio Life FM\" \/>\n<meta property=\"og:description\" content=\"Est\u00e3o previstas quatro pra\u00e7as de ped\u00e1gios na regi\u00e3o em at\u00e9 12 meses A partir desta quinta-feira (4), as rodovias SP-294 (Comandante Jo\u00e3o Ribeiro de Barros) e SP-425 (Assis Chateaubriand) ser\u00e3o operadas pela Eixo SP, Concession\u00e1ria de Rodovias. As vias fazem parte do Lote PiPa (Piracicaba Panorama) \u2013 1.273 quil\u00f4metros concedidas a iniciativa privada por 30 [&hellip;]\" \/>\n<meta property=\"og:url\" content=\"https:\/\/radiolifefm.com.br\/noticias\/concessionaria-assume-sp-294-a-partir-desta-quinta-feira\/\" \/>\n<meta property=\"og:site_name\" content=\"R\u00e1dio Life FM\" \/>\n<meta property=\"article:publisher\" content=\"https:\/\/www.facebook.com\/radiolifefm\/\" \/>\n<meta property=\"article:published_time\" content=\"2020-06-04T13:38:43+00:00\" \/>\n<meta property=\"article:modified_time\" content=\"2026-03-29T15:37:11+00:00\" \/>\n<meta property=\"og:image\" content=\"https:\/\/radiolifefm.com.br\/noticias\/wp-content\/uploads\/2020\/06\/SP-294-Imagem-1.jpg\" \/>\n\t<meta property=\"og:image:width\" content=\"750\" \/>\n\t<meta property=\"og:image:height\" content=\"375\" \/>\n\t<meta property=\"og:image:type\" content=\"image\/jpeg\" \/>\n<meta name=\"author\" content=\"lifefm\" \/>\n<meta name=\"twitter:card\" content=\"summary_large_image\" \/>\n<meta name=\"twitter:label1\" content=\"Escrito por\" \/>\n\t<meta name=\"twitter:data1\" content=\"lifefm\" \/>\n\t<meta name=\"twitter:label2\" content=\"Est. tempo de leitura\" \/>\n\t<meta name=\"twitter:data2\" content=\"4 minutos\" \/>\n<script type=\"application\/ld+json\" class=\"yoast-schema-graph\">{\"@context\":\"https:\/\/schema.org\",\"@graph\":[{\"@type\":\"Article\",\"@id\":\"https:\/\/radiolifefm.com.br\/noticias\/concessionaria-assume-sp-294-a-partir-desta-quinta-feira\/#article\",\"isPartOf\":{\"@id\":\"https:\/\/radiolifefm.com.br\/noticias\/concessionaria-assume-sp-294-a-partir-desta-quinta-feira\/\"},\"author\":{\"name\":\"lifefm\",\"@id\":\"https:\/\/radiolifefm.com.br\/noticias\/#\/schema\/person\/1d4e4b1301322090c6221bf1c8420490\"},\"headline\":\"Concession\u00e1ria assume SP-294 a partir desta quinta-feira\",\"datePublished\":\"2020-06-04T13:38:43+00:00\",\"dateModified\":\"2026-03-29T15:37:11+00:00\",\"mainEntityOfPage\":{\"@id\":\"https:\/\/radiolifefm.com.br\/noticias\/concessionaria-assume-sp-294-a-partir-desta-quinta-feira\/\"},\"wordCount\":749,\"commentCount\":0,\"publisher\":{\"@id\":\"https:\/\/radiolifefm.com.br\/noticias\/#organization\"},\"image\":{\"@id\":\"https:\/\/radiolifefm.com.br\/noticias\/concessionaria-assume-sp-294-a-partir-desta-quinta-feira\/#primaryimage\"},\"thumbnailUrl\":\"https:\/\/radiolifefm.com.br\/noticias\/wp-content\/uploads\/2020\/06\/SP-294-Imagem-1.jpg\",\"articleSection\":[\"Regi\u00e3o\"],\"inLanguage\":\"pt-BR\",\"potentialAction\":[{\"@type\":\"CommentAction\",\"name\":\"Comment\",\"target\":[\"https:\/\/radiolifefm.com.br\/noticias\/concessionaria-assume-sp-294-a-partir-desta-quinta-feira\/#respond\"]}]},{\"@type\":\"WebPage\",\"@id\":\"https:\/\/radiolifefm.com.br\/noticias\/concessionaria-assume-sp-294-a-partir-desta-quinta-feira\/\",\"url\":\"https:\/\/radiolifefm.com.br\/noticias\/concessionaria-assume-sp-294-a-partir-desta-quinta-feira\/\",\"name\":\"Concession\u00e1ria assume SP-294 a partir desta quinta-feira - R\u00e1dio Life FM\",\"isPartOf\":{\"@id\":\"https:\/\/radiolifefm.com.br\/noticias\/#website\"},\"primaryImageOfPage\":{\"@id\":\"https:\/\/radiolifefm.com.br\/noticias\/concessionaria-assume-sp-294-a-partir-desta-quinta-feira\/#primaryimage\"},\"image\":{\"@id\":\"https:\/\/radiolifefm.com.br\/noticias\/concessionaria-assume-sp-294-a-partir-desta-quinta-feira\/#primaryimage\"},\"thumbnailUrl\":\"https:\/\/radiolifefm.com.br\/noticias\/wp-content\/uploads\/2020\/06\/SP-294-Imagem-1.jpg\",\"datePublished\":\"2020-06-04T13:38:43+00:00\",\"dateModified\":\"2026-03-29T15:37:11+00:00\",\"breadcrumb\":{\"@id\":\"https:\/\/radiolifefm.com.br\/noticias\/concessionaria-assume-sp-294-a-partir-desta-quinta-feira\/#breadcrumb\"},\"inLanguage\":\"pt-BR\",\"potentialAction\":[{\"@type\":\"ReadAction\",\"target\":[\"https:\/\/radiolifefm.com.br\/noticias\/concessionaria-assume-sp-294-a-partir-desta-quinta-feira\/\"]}]},{\"@type\":\"ImageObject\",\"inLanguage\":\"pt-BR\",\"@id\":\"https:\/\/radiolifefm.com.br\/noticias\/concessionaria-assume-sp-294-a-partir-desta-quinta-feira\/#primaryimage\",\"url\":\"https:\/\/radiolifefm.com.br\/noticias\/wp-content\/uploads\/2020\/06\/SP-294-Imagem-1.jpg\",\"contentUrl\":\"https:\/\/radiolifefm.com.br\/noticias\/wp-content\/uploads\/2020\/06\/SP-294-Imagem-1.jpg\",\"width\":750,\"height\":375},{\"@type\":\"BreadcrumbList\",\"@id\":\"https:\/\/radiolifefm.com.br\/noticias\/concessionaria-assume-sp-294-a-partir-desta-quinta-feira\/#breadcrumb\",\"itemListElement\":[{\"@type\":\"ListItem\",\"position\":1,\"name\":\"In\u00edcio\",\"item\":\"https:\/\/radiolifefm.com.br\/noticias\/\"},{\"@type\":\"ListItem\",\"position\":2,\"name\":\"Concession\u00e1ria assume SP-294 a partir desta quinta-feira\"}]},{\"@type\":\"WebSite\",\"@id\":\"https:\/\/radiolifefm.com.br\/noticias\/#website\",\"url\":\"https:\/\/radiolifefm.com.br\/noticias\/\",\"name\":\"R\u00e1dio Life FM\",\"description\":\"O Portal de Not\u00edcias de Adamantina\",\"publisher\":{\"@id\":\"https:\/\/radiolifefm.com.br\/noticias\/#organization\"},\"alternateName\":\"Life FM\",\"potentialAction\":[{\"@type\":\"SearchAction\",\"target\":{\"@type\":\"EntryPoint\",\"urlTemplate\":\"https:\/\/radiolifefm.com.br\/noticias\/?s={search_term_string}\"},\"query-input\":{\"@type\":\"PropertyValueSpecification\",\"valueRequired\":true,\"valueName\":\"search_term_string\"}}],\"inLanguage\":\"pt-BR\"},{\"@type\":\"Organization\",\"@id\":\"https:\/\/radiolifefm.com.br\/noticias\/#organization\",\"name\":\"R\u00e1dio Life FM\",\"alternateName\":\"Life FM\",\"url\":\"https:\/\/radiolifefm.com.br\/noticias\/\",\"logo\":{\"@type\":\"ImageObject\",\"inLanguage\":\"pt-BR\",\"@id\":\"https:\/\/radiolifefm.com.br\/noticias\/#\/schema\/logo\/image\/\",\"url\":\"https:\/\/static.radiolifefm.com.br\/noticias\/wp-content\/uploads\/2019\/10\/logo-lifefm.png\",\"contentUrl\":\"https:\/\/static.radiolifefm.com.br\/noticias\/wp-content\/uploads\/2019\/10\/logo-lifefm.png\",\"width\":196,\"height\":47,\"caption\":\"R\u00e1dio Life FM\"},\"image\":{\"@id\":\"https:\/\/radiolifefm.com.br\/noticias\/#\/schema\/logo\/image\/\"},\"sameAs\":[\"https:\/\/www.facebook.com\/radiolifefm\/\",\"https:\/\/www.instagram.com\/life1079fm\/\"]},{\"@type\":\"Person\",\"@id\":\"https:\/\/radiolifefm.com.br\/noticias\/#\/schema\/person\/1d4e4b1301322090c6221bf1c8420490\",\"name\":\"lifefm\",\"image\":{\"@type\":\"ImageObject\",\"inLanguage\":\"pt-BR\",\"@id\":\"https:\/\/secure.gravatar.com\/avatar\/eca268467d925ec97d20641bb054fd944c0abb2f92854171620706bbe6474e7c?s=96&d=mm&r=g\",\"url\":\"https:\/\/secure.gravatar.com\/avatar\/eca268467d925ec97d20641bb054fd944c0abb2f92854171620706bbe6474e7c?s=96&d=mm&r=g\",\"contentUrl\":\"https:\/\/secure.gravatar.com\/avatar\/eca268467d925ec97d20641bb054fd944c0abb2f92854171620706bbe6474e7c?s=96&d=mm&r=g\",\"caption\":\"lifefm\"}}]}<\/script>\n<!-- \/ Yoast SEO plugin. -->","yoast_head_json":{"title":"Concession\u00e1ria assume SP-294 a partir desta quinta-feira - R\u00e1dio Life FM","robots":{"index":"index","follow":"follow","max-snippet":"max-snippet:-1","max-image-preview":"max-image-preview:large","max-video-preview":"max-video-preview:-1"},"canonical":"https:\/\/radiolifefm.com.br\/noticias\/concessionaria-assume-sp-294-a-partir-desta-quinta-feira\/","og_locale":"pt_BR","og_type":"article","og_title":"Concession\u00e1ria assume SP-294 a partir desta quinta-feira - R\u00e1dio Life FM","og_description":"Est\u00e3o previstas quatro pra\u00e7as de ped\u00e1gios na regi\u00e3o em at\u00e9 12 meses A partir desta quinta-feira (4), as rodovias SP-294 (Comandante Jo\u00e3o Ribeiro de Barros) e SP-425 (Assis Chateaubriand) ser\u00e3o operadas pela Eixo SP, Concession\u00e1ria de Rodovias. As vias fazem parte do Lote PiPa (Piracicaba Panorama) \u2013 1.273 quil\u00f4metros concedidas a iniciativa privada por 30 [&hellip;]","og_url":"https:\/\/radiolifefm.com.br\/noticias\/concessionaria-assume-sp-294-a-partir-desta-quinta-feira\/","og_site_name":"R\u00e1dio Life FM","article_publisher":"https:\/\/www.facebook.com\/radiolifefm\/","article_published_time":"2020-06-04T13:38:43+00:00","article_modified_time":"2026-03-29T15:37:11+00:00","og_image":[{"width":750,"height":375,"url":"https:\/\/radiolifefm.com.br\/noticias\/wp-content\/uploads\/2020\/06\/SP-294-Imagem-1.jpg","type":"image\/jpeg"}],"author":"lifefm","twitter_card":"summary_large_image","twitter_misc":{"Escrito por":"lifefm","Est. tempo de leitura":"4 minutos"},"schema":{"@context":"https:\/\/schema.org","@graph":[{"@type":"Article","@id":"https:\/\/radiolifefm.com.br\/noticias\/concessionaria-assume-sp-294-a-partir-desta-quinta-feira\/#article","isPartOf":{"@id":"https:\/\/radiolifefm.com.br\/noticias\/concessionaria-assume-sp-294-a-partir-desta-quinta-feira\/"},"author":{"name":"lifefm","@id":"https:\/\/radiolifefm.com.br\/noticias\/#\/schema\/person\/1d4e4b1301322090c6221bf1c8420490"},"headline":"Concession\u00e1ria assume SP-294 a partir desta quinta-feira","datePublished":"2020-06-04T13:38:43+00:00","dateModified":"2026-03-29T15:37:11+00:00","mainEntityOfPage":{"@id":"https:\/\/radiolifefm.com.br\/noticias\/concessionaria-assume-sp-294-a-partir-desta-quinta-feira\/"},"wordCount":749,"commentCount":0,"publisher":{"@id":"https:\/\/radiolifefm.com.br\/noticias\/#organization"},"image":{"@id":"https:\/\/radiolifefm.com.br\/noticias\/concessionaria-assume-sp-294-a-partir-desta-quinta-feira\/#primaryimage"},"thumbnailUrl":"https:\/\/radiolifefm.com.br\/noticias\/wp-content\/uploads\/2020\/06\/SP-294-Imagem-1.jpg","articleSection":["Regi\u00e3o"],"inLanguage":"pt-BR","potentialAction":[{"@type":"CommentAction","name":"Comment","target":["https:\/\/radiolifefm.com.br\/noticias\/concessionaria-assume-sp-294-a-partir-desta-quinta-feira\/#respond"]}]},{"@type":"WebPage","@id":"https:\/\/radiolifefm.com.br\/noticias\/concessionaria-assume-sp-294-a-partir-desta-quinta-feira\/","url":"https:\/\/radiolifefm.com.br\/noticias\/concessionaria-assume-sp-294-a-partir-desta-quinta-feira\/","name":"Concession\u00e1ria assume SP-294 a partir desta quinta-feira - R\u00e1dio Life FM","isPartOf":{"@id":"https:\/\/radiolifefm.com.br\/noticias\/#website"},"primaryImageOfPage":{"@id":"https:\/\/radiolifefm.com.br\/noticias\/concessionaria-assume-sp-294-a-partir-desta-quinta-feira\/#primaryimage"},"image":{"@id":"https:\/\/radiolifefm.com.br\/noticias\/concessionaria-assume-sp-294-a-partir-desta-quinta-feira\/#primaryimage"},"thumbnailUrl":"https:\/\/radiolifefm.com.br\/noticias\/wp-content\/uploads\/2020\/06\/SP-294-Imagem-1.jpg","datePublished":"2020-06-04T13:38:43+00:00","dateModified":"2026-03-29T15:37:11+00:00","breadcrumb":{"@id":"https:\/\/radiolifefm.com.br\/noticias\/concessionaria-assume-sp-294-a-partir-desta-quinta-feira\/#breadcrumb"},"inLanguage":"pt-BR","potentialAction":[{"@type":"ReadAction","target":["https:\/\/radiolifefm.com.br\/noticias\/concessionaria-assume-sp-294-a-partir-desta-quinta-feira\/"]}]},{"@type":"ImageObject","inLanguage":"pt-BR","@id":"https:\/\/radiolifefm.com.br\/noticias\/concessionaria-assume-sp-294-a-partir-desta-quinta-feira\/#primaryimage","url":"https:\/\/radiolifefm.com.br\/noticias\/wp-content\/uploads\/2020\/06\/SP-294-Imagem-1.jpg","contentUrl":"https:\/\/radiolifefm.com.br\/noticias\/wp-content\/uploads\/2020\/06\/SP-294-Imagem-1.jpg","width":750,"height":375},{"@type":"BreadcrumbList","@id":"https:\/\/radiolifefm.com.br\/noticias\/concessionaria-assume-sp-294-a-partir-desta-quinta-feira\/#breadcrumb","itemListElement":[{"@type":"ListItem","position":1,"name":"In\u00edcio","item":"https:\/\/radiolifefm.com.br\/noticias\/"},{"@type":"ListItem","position":2,"name":"Concession\u00e1ria assume SP-294 a partir desta quinta-feira"}]},{"@type":"WebSite","@id":"https:\/\/radiolifefm.com.br\/noticias\/#website","url":"https:\/\/radiolifefm.com.br\/noticias\/","name":"R\u00e1dio Life FM","description":"O Portal de Not\u00edcias de Adamantina","publisher":{"@id":"https:\/\/radiolifefm.com.br\/noticias\/#organization"},"alternateName":"Life FM","potentialAction":[{"@type":"SearchAction","target":{"@type":"EntryPoint","urlTemplate":"https:\/\/radiolifefm.com.br\/noticias\/?s={search_term_string}"},"query-input":{"@type":"PropertyValueSpecification","valueRequired":true,"valueName":"search_term_string"}}],"inLanguage":"pt-BR"},{"@type":"Organization","@id":"https:\/\/radiolifefm.com.br\/noticias\/#organization","name":"R\u00e1dio Life FM","alternateName":"Life FM","url":"https:\/\/radiolifefm.com.br\/noticias\/","logo":{"@type":"ImageObject","inLanguage":"pt-BR","@id":"https:\/\/radiolifefm.com.br\/noticias\/#\/schema\/logo\/image\/","url":"https:\/\/static.radiolifefm.com.br\/noticias\/wp-content\/uploads\/2019\/10\/logo-lifefm.png","contentUrl":"https:\/\/static.radiolifefm.com.br\/noticias\/wp-content\/uploads\/2019\/10\/logo-lifefm.png","width":196,"height":47,"caption":"R\u00e1dio Life FM"},"image":{"@id":"https:\/\/radiolifefm.com.br\/noticias\/#\/schema\/logo\/image\/"},"sameAs":["https:\/\/www.facebook.com\/radiolifefm\/","https:\/\/www.instagram.com\/life1079fm\/"]},{"@type":"Person","@id":"https:\/\/radiolifefm.com.br\/noticias\/#\/schema\/person\/1d4e4b1301322090c6221bf1c8420490","name":"lifefm","image":{"@type":"ImageObject","inLanguage":"pt-BR","@id":"https:\/\/secure.gravatar.com\/avatar\/eca268467d925ec97d20641bb054fd944c0abb2f92854171620706bbe6474e7c?s=96&d=mm&r=g","url":"https:\/\/secure.gravatar.com\/avatar\/eca268467d925ec97d20641bb054fd944c0abb2f92854171620706bbe6474e7c?s=96&d=mm&r=g","contentUrl":"https:\/\/secure.gravatar.com\/avatar\/eca268467d925ec97d20641bb054fd944c0abb2f92854171620706bbe6474e7c?s=96&d=mm&r=g","caption":"lifefm"}}]}},"amp_enabled":true,"_links":{"self":[{"href":"https:\/\/radiolifefm.com.br\/noticias\/wp-json\/wp\/v2\/posts\/23736","targetHints":{"allow":["GET"]}}],"collection":[{"href":"https:\/\/radiolifefm.com.br\/noticias\/wp-json\/wp\/v2\/posts"}],"about":[{"href":"https:\/\/radiolifefm.com.br\/noticias\/wp-json\/wp\/v2\/types\/post"}],"author":[{"embeddable":true,"href":"https:\/\/radiolifefm.com.br\/noticias\/wp-json\/wp\/v2\/users\/3"}],"replies":[{"embeddable":true,"href":"https:\/\/radiolifefm.com.br\/noticias\/wp-json\/wp\/v2\/comments?post=23736"}],"version-history":[{"count":1,"href":"https:\/\/radiolifefm.com.br\/noticias\/wp-json\/wp\/v2\/posts\/23736\/revisions"}],"predecessor-version":[{"id":23738,"href":"https:\/\/radiolifefm.com.br\/noticias\/wp-json\/wp\/v2\/posts\/23736\/revisions\/23738"}],"wp:featuredmedia":[{"embeddable":true,"href":"https:\/\/radiolifefm.com.br\/noticias\/wp-json\/wp\/v2\/media\/23737"}],"wp:attachment":[{"href":"https:\/\/radiolifefm.com.br\/noticias\/wp-json\/wp\/v2\/media?parent=23736"}],"wp:term":[{"taxonomy":"category","embeddable":true,"href":"https:\/\/radiolifefm.com.br\/noticias\/wp-json\/wp\/v2\/categories?post=23736"},{"taxonomy":"post_tag","embeddable":true,"href":"https:\/\/radiolifefm.com.br\/noticias\/wp-json\/wp\/v2\/tags?post=23736"}],"curies":[{"name":"wp","href":"https:\/\/api.w.org\/{rel}","templated":true}]}}