{"id":23708,"date":"2020-06-03T10:00:05","date_gmt":"2020-06-03T13:00:05","guid":{"rendered":"https:\/\/radiolifefm.com.br\/noticias\/?p=23708"},"modified":"2026-02-13T00:26:42","modified_gmt":"2026-02-13T03:26:42","slug":"prefeitura-de-lucelia-libera-a-realizacao-da-feira-livre-semanal","status":"publish","type":"post","link":"https:\/\/radiolifefm.com.br\/noticias\/prefeitura-de-lucelia-libera-a-realizacao-da-feira-livre-semanal\/","title":{"rendered":"Prefeitura de Luc\u00e9lia libera a realiza\u00e7\u00e3o da feira livre semanal"},"content":{"rendered":"<div id=\"fb-root\"><\/div>\n<p><em>O trabalho dos feirantes dever\u00e1 ser feito com a ado\u00e7\u00e3o das devidas medidas de seguran\u00e7a necess\u00e1rias<\/em><\/p>\n<p>A Prefeitura de Luc\u00e9lia, por meio do Decreto Municipal n\u00b0 8.883, autoriza o retorno da Feira Livre que acontece \u00e0s quartas-feiras na Rua Manoel Lopes, ao lado da Pra\u00e7a da Igreja Matriz.<\/p>\n<p>Em reuni\u00e3o realizada na tarde desta ter\u00e7a-feira, no Pa\u00e7o Municipal, com representantes da Associa\u00e7\u00e3o e Feirantes, o prefeito Carlos Jr., a Secret\u00e1ria de Assuntos Jur\u00eddicos, Emiliza Gon\u00e7alves e a respons\u00e1vel pelo Controle Interno, \u00c9rica Bernardineli, explicaram as restri\u00e7\u00f5es que todos dever\u00e3o seguir durante os trabalhos e atendimento ao p\u00fablico.<\/p>\n<p>A feira j\u00e1 deve ser retomada nesta quarta-feira, 03, a partir das 16 horas.<\/p>\n<p>Os representantes dos feirantes receberam o Termo de Responsabilidade, bem como as recomenda\u00e7\u00f5es do Minist\u00e9rio da Agricultura e Ag\u00eancia Nacional de Vigil\u00e2ncia Sanit\u00e1ria, tais como:<\/p>\n<p>&#8211; Deve ser feita a limpeza e higieniza\u00e7\u00e3o frequente das superf\u00edcies, dos ve\u00edculos de transportes, locais de acondicionamento de produtos, equipamentos e utens\u00edlios;<\/p>\n<p>&#8211; Deve haver aumento do espa\u00e7amento entre as bancas, entre os funcion\u00e1rios e clientes de pelo menos 1 metro de dist\u00e2ncia.<\/p>\n<p>Podem ser usadas faixas ou fitas para demarcar os limites.<\/p>\n<p>Tamb\u00e9m recomenda-se avaliar a possibilidade de ampliar a divis\u00e3o dos turnos de trabalho para evitar aglomera\u00e7\u00e3o de pessoas.<\/p>\n<p>Quando for impratic\u00e1vel que os funcion\u00e1rios mantenham distanciamento entre si, devem ser refor\u00e7adas as pra\u0301ticas de higiene, como lavagem de m\u00e3os e higieniza\u00e7\u00e3o de utens\u00edlios e equipamentos, eficazes para reduzir a chance de dissemina\u00e7\u00e3o do v\u00edrus.<\/p>\n<p>Al\u00e9m disso, \u00e9 importante evitar contatos f\u00edsicos desnecess\u00e1rios, como abra\u00e7os, beijos e apertos de m\u00e3o;<\/p>\n<p>&#8211; Estratificar as atividades na feira, com uma pessoa respons\u00e1vel exclusivamente para realiza\u00e7\u00e3o de opera\u00e7\u00f5es de caixa\/recebimento. Implementa\u00e7\u00e3o do local de pagamento considerando o distanciamento entre consumidores e feirantes;<\/p>\n<p>&#8211; Evitar aglomera\u00e7\u00f5es organizando o fluxo de pessoas e locais de entrada e sa\u00edda;<\/p>\n<p>&#8211; Proibir qualquer tipo de degusta\u00e7\u00e3o ou consumo de produtos no local.<\/p>\n<p>&nbsp;<\/p>\n<p>Assessoria de Comunica\u00e7\u00e3o<\/p>\n","protected":false},"excerpt":{"rendered":"<p>O trabalho dos feirantes dever\u00e1 ser feito com a ado\u00e7\u00e3o das devidas medidas de seguran\u00e7a necess\u00e1rias A Prefeitura de Luc\u00e9lia, por meio do Decreto Municipal n\u00b0 8.883, autoriza o retorno da Feira Livre que acontece \u00e0s quartas-feiras na Rua Manoel Lopes, ao lado da Pra\u00e7a da Igreja Matriz. Em reuni\u00e3o realizada na tarde desta ter\u00e7a-feira, [&hellip;]<\/p>\n","protected":false},"author":3,"featured_media":23709,"comment_status":"closed","ping_status":"open","sticky":false,"template":"","format":"standard","meta":{"_acf_changed":false,"_exactmetrics_skip_tracking":false,"_exactmetrics_sitenote_active":false,"_exactmetrics_sitenote_note":"","_exactmetrics_sitenote_category":0,"footnotes":""},"categories":[24],"tags":[],"class_list":["post-23708","post","type-post","status-publish","format-standard","has-post-thumbnail","hentry","category-regiao"],"acf":[],"yoast_head":"<!-- This site is optimized with the Yoast SEO plugin v27.2 - https:\/\/yoast.com\/product\/yoast-seo-wordpress\/ -->\n<title>Prefeitura de Luc\u00e9lia libera a realiza\u00e7\u00e3o da feira livre semanal - R\u00e1dio Life FM<\/title>\n<meta name=\"robots\" content=\"index, follow, max-snippet:-1, max-image-preview:large, max-video-preview:-1\" \/>\n<link rel=\"canonical\" href=\"https:\/\/radiolifefm.com.br\/noticias\/prefeitura-de-lucelia-libera-a-realizacao-da-feira-livre-semanal\/\" \/>\n<meta property=\"og:locale\" content=\"pt_BR\" \/>\n<meta property=\"og:type\" content=\"article\" \/>\n<meta property=\"og:title\" content=\"Prefeitura de Luc\u00e9lia libera a realiza\u00e7\u00e3o da feira livre semanal - R\u00e1dio Life FM\" \/>\n<meta property=\"og:description\" content=\"O trabalho dos feirantes dever\u00e1 ser feito com a ado\u00e7\u00e3o das devidas medidas de seguran\u00e7a necess\u00e1rias A Prefeitura de Luc\u00e9lia, por meio do Decreto Municipal n\u00b0 8.883, autoriza o retorno da Feira Livre que acontece \u00e0s quartas-feiras na Rua Manoel Lopes, ao lado da Pra\u00e7a da Igreja Matriz. Em reuni\u00e3o realizada na tarde desta ter\u00e7a-feira, [&hellip;]\" \/>\n<meta property=\"og:url\" content=\"https:\/\/radiolifefm.com.br\/noticias\/prefeitura-de-lucelia-libera-a-realizacao-da-feira-livre-semanal\/\" \/>\n<meta property=\"og:site_name\" content=\"R\u00e1dio Life FM\" \/>\n<meta property=\"article:publisher\" content=\"https:\/\/www.facebook.com\/radiolifefm\/\" \/>\n<meta property=\"article:published_time\" content=\"2020-06-03T13:00:05+00:00\" \/>\n<meta property=\"article:modified_time\" content=\"2026-02-13T03:26:42+00:00\" \/>\n<meta property=\"og:image\" content=\"https:\/\/radiolifefm.com.br\/noticias\/wp-content\/uploads\/2020\/06\/Feirantes-Luc\u00e9lia.jpg\" \/>\n\t<meta property=\"og:image:width\" content=\"960\" \/>\n\t<meta property=\"og:image:height\" content=\"640\" \/>\n\t<meta property=\"og:image:type\" content=\"image\/jpeg\" \/>\n<meta name=\"author\" content=\"lifefm\" \/>\n<meta name=\"twitter:card\" content=\"summary_large_image\" \/>\n<meta name=\"twitter:label1\" content=\"Escrito por\" \/>\n\t<meta name=\"twitter:data1\" content=\"lifefm\" \/>\n\t<meta name=\"twitter:label2\" content=\"Est. tempo de leitura\" \/>\n\t<meta name=\"twitter:data2\" content=\"2 minutos\" \/>\n<script type=\"application\/ld+json\" class=\"yoast-schema-graph\">{\"@context\":\"https:\/\/schema.org\",\"@graph\":[{\"@type\":\"Article\",\"@id\":\"https:\/\/radiolifefm.com.br\/noticias\/prefeitura-de-lucelia-libera-a-realizacao-da-feira-livre-semanal\/#article\",\"isPartOf\":{\"@id\":\"https:\/\/radiolifefm.com.br\/noticias\/prefeitura-de-lucelia-libera-a-realizacao-da-feira-livre-semanal\/\"},\"author\":{\"name\":\"lifefm\",\"@id\":\"https:\/\/radiolifefm.com.br\/noticias\/#\/schema\/person\/1d4e4b1301322090c6221bf1c8420490\"},\"headline\":\"Prefeitura de Luc\u00e9lia libera a realiza\u00e7\u00e3o da feira livre semanal\",\"datePublished\":\"2020-06-03T13:00:05+00:00\",\"dateModified\":\"2026-02-13T03:26:42+00:00\",\"mainEntityOfPage\":{\"@id\":\"https:\/\/radiolifefm.com.br\/noticias\/prefeitura-de-lucelia-libera-a-realizacao-da-feira-livre-semanal\/\"},\"wordCount\":379,\"publisher\":{\"@id\":\"https:\/\/radiolifefm.com.br\/noticias\/#organization\"},\"image\":{\"@id\":\"https:\/\/radiolifefm.com.br\/noticias\/prefeitura-de-lucelia-libera-a-realizacao-da-feira-livre-semanal\/#primaryimage\"},\"thumbnailUrl\":\"https:\/\/radiolifefm.com.br\/noticias\/wp-content\/uploads\/2020\/06\/Feirantes-Luc\u00e9lia.jpg\",\"articleSection\":[\"Regi\u00e3o\"],\"inLanguage\":\"pt-BR\"},{\"@type\":\"WebPage\",\"@id\":\"https:\/\/radiolifefm.com.br\/noticias\/prefeitura-de-lucelia-libera-a-realizacao-da-feira-livre-semanal\/\",\"url\":\"https:\/\/radiolifefm.com.br\/noticias\/prefeitura-de-lucelia-libera-a-realizacao-da-feira-livre-semanal\/\",\"name\":\"Prefeitura de Luc\u00e9lia libera a realiza\u00e7\u00e3o da feira livre semanal - R\u00e1dio Life FM\",\"isPartOf\":{\"@id\":\"https:\/\/radiolifefm.com.br\/noticias\/#website\"},\"primaryImageOfPage\":{\"@id\":\"https:\/\/radiolifefm.com.br\/noticias\/prefeitura-de-lucelia-libera-a-realizacao-da-feira-livre-semanal\/#primaryimage\"},\"image\":{\"@id\":\"https:\/\/radiolifefm.com.br\/noticias\/prefeitura-de-lucelia-libera-a-realizacao-da-feira-livre-semanal\/#primaryimage\"},\"thumbnailUrl\":\"https:\/\/radiolifefm.com.br\/noticias\/wp-content\/uploads\/2020\/06\/Feirantes-Luc\u00e9lia.jpg\",\"datePublished\":\"2020-06-03T13:00:05+00:00\",\"dateModified\":\"2026-02-13T03:26:42+00:00\",\"breadcrumb\":{\"@id\":\"https:\/\/radiolifefm.com.br\/noticias\/prefeitura-de-lucelia-libera-a-realizacao-da-feira-livre-semanal\/#breadcrumb\"},\"inLanguage\":\"pt-BR\",\"potentialAction\":[{\"@type\":\"ReadAction\",\"target\":[\"https:\/\/radiolifefm.com.br\/noticias\/prefeitura-de-lucelia-libera-a-realizacao-da-feira-livre-semanal\/\"]}]},{\"@type\":\"ImageObject\",\"inLanguage\":\"pt-BR\",\"@id\":\"https:\/\/radiolifefm.com.br\/noticias\/prefeitura-de-lucelia-libera-a-realizacao-da-feira-livre-semanal\/#primaryimage\",\"url\":\"https:\/\/radiolifefm.com.br\/noticias\/wp-content\/uploads\/2020\/06\/Feirantes-Luc\u00e9lia.jpg\",\"contentUrl\":\"https:\/\/radiolifefm.com.br\/noticias\/wp-content\/uploads\/2020\/06\/Feirantes-Luc\u00e9lia.jpg\",\"width\":960,\"height\":640,\"caption\":\"Prefeito de Luc\u00e9lia, Carlos J\u00fanior em reuni\u00e3o com feirantes - Foto - Assessoria.\"},{\"@type\":\"BreadcrumbList\",\"@id\":\"https:\/\/radiolifefm.com.br\/noticias\/prefeitura-de-lucelia-libera-a-realizacao-da-feira-livre-semanal\/#breadcrumb\",\"itemListElement\":[{\"@type\":\"ListItem\",\"position\":1,\"name\":\"In\u00edcio\",\"item\":\"https:\/\/radiolifefm.com.br\/noticias\/\"},{\"@type\":\"ListItem\",\"position\":2,\"name\":\"Prefeitura de Luc\u00e9lia libera a realiza\u00e7\u00e3o da feira livre semanal\"}]},{\"@type\":\"WebSite\",\"@id\":\"https:\/\/radiolifefm.com.br\/noticias\/#website\",\"url\":\"https:\/\/radiolifefm.com.br\/noticias\/\",\"name\":\"R\u00e1dio Life FM\",\"description\":\"O Portal de Not\u00edcias de Adamantina\",\"publisher\":{\"@id\":\"https:\/\/radiolifefm.com.br\/noticias\/#organization\"},\"alternateName\":\"Life FM\",\"potentialAction\":[{\"@type\":\"SearchAction\",\"target\":{\"@type\":\"EntryPoint\",\"urlTemplate\":\"https:\/\/radiolifefm.com.br\/noticias\/?s={search_term_string}\"},\"query-input\":{\"@type\":\"PropertyValueSpecification\",\"valueRequired\":true,\"valueName\":\"search_term_string\"}}],\"inLanguage\":\"pt-BR\"},{\"@type\":\"Organization\",\"@id\":\"https:\/\/radiolifefm.com.br\/noticias\/#organization\",\"name\":\"R\u00e1dio Life FM\",\"alternateName\":\"Life FM\",\"url\":\"https:\/\/radiolifefm.com.br\/noticias\/\",\"logo\":{\"@type\":\"ImageObject\",\"inLanguage\":\"pt-BR\",\"@id\":\"https:\/\/radiolifefm.com.br\/noticias\/#\/schema\/logo\/image\/\",\"url\":\"https:\/\/static.radiolifefm.com.br\/noticias\/wp-content\/uploads\/2019\/10\/logo-lifefm.png\",\"contentUrl\":\"https:\/\/static.radiolifefm.com.br\/noticias\/wp-content\/uploads\/2019\/10\/logo-lifefm.png\",\"width\":196,\"height\":47,\"caption\":\"R\u00e1dio Life FM\"},\"image\":{\"@id\":\"https:\/\/radiolifefm.com.br\/noticias\/#\/schema\/logo\/image\/\"},\"sameAs\":[\"https:\/\/www.facebook.com\/radiolifefm\/\",\"https:\/\/www.instagram.com\/life1079fm\/\"]},{\"@type\":\"Person\",\"@id\":\"https:\/\/radiolifefm.com.br\/noticias\/#\/schema\/person\/1d4e4b1301322090c6221bf1c8420490\",\"name\":\"lifefm\",\"image\":{\"@type\":\"ImageObject\",\"inLanguage\":\"pt-BR\",\"@id\":\"https:\/\/secure.gravatar.com\/avatar\/eca268467d925ec97d20641bb054fd944c0abb2f92854171620706bbe6474e7c?s=96&d=mm&r=g\",\"url\":\"https:\/\/secure.gravatar.com\/avatar\/eca268467d925ec97d20641bb054fd944c0abb2f92854171620706bbe6474e7c?s=96&d=mm&r=g\",\"contentUrl\":\"https:\/\/secure.gravatar.com\/avatar\/eca268467d925ec97d20641bb054fd944c0abb2f92854171620706bbe6474e7c?s=96&d=mm&r=g\",\"caption\":\"lifefm\"}}]}<\/script>\n<!-- \/ Yoast SEO plugin. -->","yoast_head_json":{"title":"Prefeitura de Luc\u00e9lia libera a realiza\u00e7\u00e3o da feira livre semanal - R\u00e1dio Life FM","robots":{"index":"index","follow":"follow","max-snippet":"max-snippet:-1","max-image-preview":"max-image-preview:large","max-video-preview":"max-video-preview:-1"},"canonical":"https:\/\/radiolifefm.com.br\/noticias\/prefeitura-de-lucelia-libera-a-realizacao-da-feira-livre-semanal\/","og_locale":"pt_BR","og_type":"article","og_title":"Prefeitura de Luc\u00e9lia libera a realiza\u00e7\u00e3o da feira livre semanal - R\u00e1dio Life FM","og_description":"O trabalho dos feirantes dever\u00e1 ser feito com a ado\u00e7\u00e3o das devidas medidas de seguran\u00e7a necess\u00e1rias A Prefeitura de Luc\u00e9lia, por meio do Decreto Municipal n\u00b0 8.883, autoriza o retorno da Feira Livre que acontece \u00e0s quartas-feiras na Rua Manoel Lopes, ao lado da Pra\u00e7a da Igreja Matriz. Em reuni\u00e3o realizada na tarde desta ter\u00e7a-feira, [&hellip;]","og_url":"https:\/\/radiolifefm.com.br\/noticias\/prefeitura-de-lucelia-libera-a-realizacao-da-feira-livre-semanal\/","og_site_name":"R\u00e1dio Life FM","article_publisher":"https:\/\/www.facebook.com\/radiolifefm\/","article_published_time":"2020-06-03T13:00:05+00:00","article_modified_time":"2026-02-13T03:26:42+00:00","og_image":[{"width":960,"height":640,"url":"https:\/\/radiolifefm.com.br\/noticias\/wp-content\/uploads\/2020\/06\/Feirantes-Luc\u00e9lia.jpg","type":"image\/jpeg"}],"author":"lifefm","twitter_card":"summary_large_image","twitter_misc":{"Escrito por":"lifefm","Est. tempo de leitura":"2 minutos"},"schema":{"@context":"https:\/\/schema.org","@graph":[{"@type":"Article","@id":"https:\/\/radiolifefm.com.br\/noticias\/prefeitura-de-lucelia-libera-a-realizacao-da-feira-livre-semanal\/#article","isPartOf":{"@id":"https:\/\/radiolifefm.com.br\/noticias\/prefeitura-de-lucelia-libera-a-realizacao-da-feira-livre-semanal\/"},"author":{"name":"lifefm","@id":"https:\/\/radiolifefm.com.br\/noticias\/#\/schema\/person\/1d4e4b1301322090c6221bf1c8420490"},"headline":"Prefeitura de Luc\u00e9lia libera a realiza\u00e7\u00e3o da feira livre semanal","datePublished":"2020-06-03T13:00:05+00:00","dateModified":"2026-02-13T03:26:42+00:00","mainEntityOfPage":{"@id":"https:\/\/radiolifefm.com.br\/noticias\/prefeitura-de-lucelia-libera-a-realizacao-da-feira-livre-semanal\/"},"wordCount":379,"publisher":{"@id":"https:\/\/radiolifefm.com.br\/noticias\/#organization"},"image":{"@id":"https:\/\/radiolifefm.com.br\/noticias\/prefeitura-de-lucelia-libera-a-realizacao-da-feira-livre-semanal\/#primaryimage"},"thumbnailUrl":"https:\/\/radiolifefm.com.br\/noticias\/wp-content\/uploads\/2020\/06\/Feirantes-Luc\u00e9lia.jpg","articleSection":["Regi\u00e3o"],"inLanguage":"pt-BR"},{"@type":"WebPage","@id":"https:\/\/radiolifefm.com.br\/noticias\/prefeitura-de-lucelia-libera-a-realizacao-da-feira-livre-semanal\/","url":"https:\/\/radiolifefm.com.br\/noticias\/prefeitura-de-lucelia-libera-a-realizacao-da-feira-livre-semanal\/","name":"Prefeitura de Luc\u00e9lia libera a realiza\u00e7\u00e3o da feira livre semanal - R\u00e1dio Life FM","isPartOf":{"@id":"https:\/\/radiolifefm.com.br\/noticias\/#website"},"primaryImageOfPage":{"@id":"https:\/\/radiolifefm.com.br\/noticias\/prefeitura-de-lucelia-libera-a-realizacao-da-feira-livre-semanal\/#primaryimage"},"image":{"@id":"https:\/\/radiolifefm.com.br\/noticias\/prefeitura-de-lucelia-libera-a-realizacao-da-feira-livre-semanal\/#primaryimage"},"thumbnailUrl":"https:\/\/radiolifefm.com.br\/noticias\/wp-content\/uploads\/2020\/06\/Feirantes-Luc\u00e9lia.jpg","datePublished":"2020-06-03T13:00:05+00:00","dateModified":"2026-02-13T03:26:42+00:00","breadcrumb":{"@id":"https:\/\/radiolifefm.com.br\/noticias\/prefeitura-de-lucelia-libera-a-realizacao-da-feira-livre-semanal\/#breadcrumb"},"inLanguage":"pt-BR","potentialAction":[{"@type":"ReadAction","target":["https:\/\/radiolifefm.com.br\/noticias\/prefeitura-de-lucelia-libera-a-realizacao-da-feira-livre-semanal\/"]}]},{"@type":"ImageObject","inLanguage":"pt-BR","@id":"https:\/\/radiolifefm.com.br\/noticias\/prefeitura-de-lucelia-libera-a-realizacao-da-feira-livre-semanal\/#primaryimage","url":"https:\/\/radiolifefm.com.br\/noticias\/wp-content\/uploads\/2020\/06\/Feirantes-Luc\u00e9lia.jpg","contentUrl":"https:\/\/radiolifefm.com.br\/noticias\/wp-content\/uploads\/2020\/06\/Feirantes-Luc\u00e9lia.jpg","width":960,"height":640,"caption":"Prefeito de Luc\u00e9lia, Carlos J\u00fanior em reuni\u00e3o com feirantes - Foto - Assessoria."},{"@type":"BreadcrumbList","@id":"https:\/\/radiolifefm.com.br\/noticias\/prefeitura-de-lucelia-libera-a-realizacao-da-feira-livre-semanal\/#breadcrumb","itemListElement":[{"@type":"ListItem","position":1,"name":"In\u00edcio","item":"https:\/\/radiolifefm.com.br\/noticias\/"},{"@type":"ListItem","position":2,"name":"Prefeitura de Luc\u00e9lia libera a realiza\u00e7\u00e3o da feira livre semanal"}]},{"@type":"WebSite","@id":"https:\/\/radiolifefm.com.br\/noticias\/#website","url":"https:\/\/radiolifefm.com.br\/noticias\/","name":"R\u00e1dio Life FM","description":"O Portal de Not\u00edcias de Adamantina","publisher":{"@id":"https:\/\/radiolifefm.com.br\/noticias\/#organization"},"alternateName":"Life FM","potentialAction":[{"@type":"SearchAction","target":{"@type":"EntryPoint","urlTemplate":"https:\/\/radiolifefm.com.br\/noticias\/?s={search_term_string}"},"query-input":{"@type":"PropertyValueSpecification","valueRequired":true,"valueName":"search_term_string"}}],"inLanguage":"pt-BR"},{"@type":"Organization","@id":"https:\/\/radiolifefm.com.br\/noticias\/#organization","name":"R\u00e1dio Life FM","alternateName":"Life FM","url":"https:\/\/radiolifefm.com.br\/noticias\/","logo":{"@type":"ImageObject","inLanguage":"pt-BR","@id":"https:\/\/radiolifefm.com.br\/noticias\/#\/schema\/logo\/image\/","url":"https:\/\/static.radiolifefm.com.br\/noticias\/wp-content\/uploads\/2019\/10\/logo-lifefm.png","contentUrl":"https:\/\/static.radiolifefm.com.br\/noticias\/wp-content\/uploads\/2019\/10\/logo-lifefm.png","width":196,"height":47,"caption":"R\u00e1dio Life FM"},"image":{"@id":"https:\/\/radiolifefm.com.br\/noticias\/#\/schema\/logo\/image\/"},"sameAs":["https:\/\/www.facebook.com\/radiolifefm\/","https:\/\/www.instagram.com\/life1079fm\/"]},{"@type":"Person","@id":"https:\/\/radiolifefm.com.br\/noticias\/#\/schema\/person\/1d4e4b1301322090c6221bf1c8420490","name":"lifefm","image":{"@type":"ImageObject","inLanguage":"pt-BR","@id":"https:\/\/secure.gravatar.com\/avatar\/eca268467d925ec97d20641bb054fd944c0abb2f92854171620706bbe6474e7c?s=96&d=mm&r=g","url":"https:\/\/secure.gravatar.com\/avatar\/eca268467d925ec97d20641bb054fd944c0abb2f92854171620706bbe6474e7c?s=96&d=mm&r=g","contentUrl":"https:\/\/secure.gravatar.com\/avatar\/eca268467d925ec97d20641bb054fd944c0abb2f92854171620706bbe6474e7c?s=96&d=mm&r=g","caption":"lifefm"}}]}},"amp_enabled":true,"_links":{"self":[{"href":"https:\/\/radiolifefm.com.br\/noticias\/wp-json\/wp\/v2\/posts\/23708","targetHints":{"allow":["GET"]}}],"collection":[{"href":"https:\/\/radiolifefm.com.br\/noticias\/wp-json\/wp\/v2\/posts"}],"about":[{"href":"https:\/\/radiolifefm.com.br\/noticias\/wp-json\/wp\/v2\/types\/post"}],"author":[{"embeddable":true,"href":"https:\/\/radiolifefm.com.br\/noticias\/wp-json\/wp\/v2\/users\/3"}],"replies":[{"embeddable":true,"href":"https:\/\/radiolifefm.com.br\/noticias\/wp-json\/wp\/v2\/comments?post=23708"}],"version-history":[{"count":2,"href":"https:\/\/radiolifefm.com.br\/noticias\/wp-json\/wp\/v2\/posts\/23708\/revisions"}],"predecessor-version":[{"id":23711,"href":"https:\/\/radiolifefm.com.br\/noticias\/wp-json\/wp\/v2\/posts\/23708\/revisions\/23711"}],"wp:featuredmedia":[{"embeddable":true,"href":"https:\/\/radiolifefm.com.br\/noticias\/wp-json\/wp\/v2\/media\/23709"}],"wp:attachment":[{"href":"https:\/\/radiolifefm.com.br\/noticias\/wp-json\/wp\/v2\/media?parent=23708"}],"wp:term":[{"taxonomy":"category","embeddable":true,"href":"https:\/\/radiolifefm.com.br\/noticias\/wp-json\/wp\/v2\/categories?post=23708"},{"taxonomy":"post_tag","embeddable":true,"href":"https:\/\/radiolifefm.com.br\/noticias\/wp-json\/wp\/v2\/tags?post=23708"}],"curies":[{"name":"wp","href":"https:\/\/api.w.org\/{rel}","templated":true}]}}