{"id":23673,"date":"2020-06-01T08:10:08","date_gmt":"2020-06-01T11:10:08","guid":{"rendered":"https:\/\/radiolifefm.com.br\/noticias\/?p=23673"},"modified":"2026-04-18T16:45:26","modified_gmt":"2026-04-18T19:45:26","slug":"provincia-isolamento-social-e-mercado-sergio-barbosa-opiniao","status":"publish","type":"post","link":"https:\/\/radiolifefm.com.br\/noticias\/provincia-isolamento-social-e-mercado-sergio-barbosa-opiniao\/","title":{"rendered":"PROV\u00cdNCIA, ISOLAMENTO SOCIAL E MERCADO&#8230;  &#8211; S\u00e9rgio Barbosa &#8211; Opini\u00e3o"},"content":{"rendered":"<div id=\"fb-root\"><\/div>\n<p><em><strong>PROV\u00cdNCIA, ISOLAMENTO SOCIAL E MERCADO&#8230;<\/strong><\/em><\/p>\n<p><em>\u201cDe todas as tiranias, uma tirania sinceramente exercida, para o bem de suas v\u00edtimas, pode ser a mais opressiva.\u201d (C. S. Lewis).<\/em><\/p>\n<p><em>S\u00e9rgio Barbosa (*) <\/em><\/p>\n<p>Nesta segunda-feira, 1 de junho, apesar dos pesares e tudo mais em meio ao tudo de menos com a PANDEMIA, o governo estadual decidiu por LIVRE e press\u00e3o do poder econ\u00f4mico, FLEXIBILIZAR as exig\u00eancias quanto ao ISOLAMENTO SOCIAL e ponto quase final&#8230;<\/p>\n<p>Portanto, a PROV\u00cdNCIA est\u00e1 contemplada de acordo com as orienta\u00e7\u00f5es do GOVERNO ESTADUAL, por\u00e9m, at\u00e9 onde se sabe aqui e ali, tal decis\u00e3o deixou a desejar para os\/as provincianos\/as em geral&#8230;<\/p>\n<p>No real, isso \u00e9, se colocar em pr\u00e1tica o que deve ser executado em n\u00edvel de PA\u00cdS DO FAZ DE CONTA, ainda, de acordo com a proje\u00e7\u00e3o crescente do CORONAV\u00cdRUS nos quatro cantos do PA\u00cdS DO FAZ DE CONTA, tais decis\u00f5es deste ou daquele GOVERNO \u00e9 question\u00e1vel&#8230;<\/p>\n<p>Por\u00e9m, como sempre, o que prevalece em terras TUPINIQUINS, bem como, com reflex\u00f5es na PROV\u00cdNCIA, s\u00e3o os interesses comerciais e empresariais que se colocam acima da VIDA, talvez, da MORTE e tudo fica na mesmice de sempre&#8230;<\/p>\n<p>Por mais GARANTIAS que empres\u00e1rios\/as e poder p\u00fablico garantam para a comunidade em n\u00edvel REGIOCAL, ou seja, do REGIONAL para o LOCAL, de uma coisa dentro deste COISO, depois de uma ou duas semanas, tudo volta \u00e0 normalidade de sempre, como se nada tivesse ocorrido nestes \u00faltimos meses&#8230;<\/p>\n<p>A PREOUPA\u00c7\u00c3O dos governantes na \u00e1rea MUNICIPAL est\u00e1 atrelada aos compromissos assumidos com os\/as EMPRES\u00c1RIOS\/AS que bancaram a \u00faltima CAMPANHA ELEITORAL, portanto, neste ano por causa das pr\u00f3ximas ELEI\u00c7\u00d5ES, entra em campo o VALE TUDO para muitos desencontros que se colocam acima do BEM e do MAL&#8230;<\/p>\n<p>Faz-se necess\u00e1rio que a SOCIEDADE PROVINCIANA fique atenta a tais movimenta\u00e7\u00f5es neste jogo do vai que eu vou de um lado ou do outro, bem como, em ESTADO DE ALERTA quanto aos interesses NADA OCULTOS que est\u00e3o por tr\u00e1s disto ou daquilo&#8230;<\/p>\n<p>O JOGO \u00e9 o mesmo de sempre neste PA\u00cdS DO FAZ DE CONTA em tempo de COISO com suas COISAS, ainda, n\u00e3o se pode esquecer que os\/as provincianos\/as votaram em massa no BOZZONARO, assim, n\u00e3o se pode esperar muito deste lado para com o outro lado&#8230;<\/p>\n<p>Lamenta-se que existam outros interesses que se colocam acima da VIDA neste cen\u00e1rio de PANDEMIA, todavia, existem sempre as FOR\u00c7AS REACION\u00c1RIAS para fazer valer as suas decis\u00f5es por meio da OPRESS\u00c3O com REPRESS\u00c3O&#8230;<\/p>\n<p>Outra COISA que tem a ver com o COISO est\u00e1 atrelada ao PODER PELO PODER COM O PODER e de acordo com a PROPOSTA VIGENTE em tempo de BOZZONARO, assim, registro as seguintes considera\u00e7\u00f5es, a saber: EU AVISEI&#8230; ELLE N\u00c3O&#8230; O COISO&#8230;<\/p>\n<p>Finalizando, QUEM SOBREVIVER VAI SABER&#8230;<\/p>\n<div class='flex flex-wrap items-center -mx-1'>\r\n<a class='thumbnail gallery p-1 w-1\/2 md:w-1\/4' href='https:\/\/radiolifefm.com.br\/noticias\/wp-content\/uploads\/2020\/06\/Sebar-1-scaled.jpg'><img class='border border-white' src='https:\/\/radiolifefm.com.br\/noticias\/wp-content\/uploads\/2020\/06\/Sebar-1-200x200.jpg' alt='Sebar   1' \/><\/a><a class='thumbnail gallery p-1 w-1\/2 md:w-1\/4' href='https:\/\/radiolifefm.com.br\/noticias\/wp-content\/uploads\/2020\/06\/Sebar-scaled.jpg'><img class='border border-white' src='https:\/\/radiolifefm.com.br\/noticias\/wp-content\/uploads\/2020\/06\/Sebar-200x200.jpg' alt='Sebar' \/><\/a><\/div>\n<p>______________________<br \/>\n(*) jornalista diplomado e professor universit\u00e1rio.<\/p>\n","protected":false},"excerpt":{"rendered":"<p>PROV\u00cdNCIA, ISOLAMENTO SOCIAL E MERCADO&#8230; \u201cDe todas as tiranias, uma tirania sinceramente exercida, para o bem de suas v\u00edtimas, pode ser a mais opressiva.\u201d (C. S. Lewis). S\u00e9rgio Barbosa (*) Nesta segunda-feira, 1 de junho, apesar dos pesares e tudo mais em meio ao tudo de menos com a PANDEMIA, o governo estadual decidiu por [&hellip;]<\/p>\n","protected":false},"author":3,"featured_media":23676,"comment_status":"closed","ping_status":"open","sticky":false,"template":"","format":"standard","meta":{"_acf_changed":false,"_exactmetrics_skip_tracking":false,"_exactmetrics_sitenote_active":false,"_exactmetrics_sitenote_note":"","_exactmetrics_sitenote_category":0,"footnotes":""},"categories":[59],"tags":[],"class_list":["post-23673","post","type-post","status-publish","format-standard","has-post-thumbnail","hentry","category-opiniao"],"acf":[],"yoast_head":"<!-- This site is optimized with the Yoast SEO plugin v27.2 - https:\/\/yoast.com\/product\/yoast-seo-wordpress\/ -->\n<title>PROV\u00cdNCIA, ISOLAMENTO SOCIAL E MERCADO... - S\u00e9rgio Barbosa - Opini\u00e3o - R\u00e1dio Life FM<\/title>\n<meta name=\"robots\" content=\"index, follow, max-snippet:-1, max-image-preview:large, max-video-preview:-1\" \/>\n<link rel=\"canonical\" href=\"https:\/\/radiolifefm.com.br\/noticias\/provincia-isolamento-social-e-mercado-sergio-barbosa-opiniao\/\" \/>\n<meta property=\"og:locale\" content=\"pt_BR\" \/>\n<meta property=\"og:type\" content=\"article\" \/>\n<meta property=\"og:title\" content=\"PROV\u00cdNCIA, ISOLAMENTO SOCIAL E MERCADO... - S\u00e9rgio Barbosa - Opini\u00e3o - R\u00e1dio Life FM\" \/>\n<meta property=\"og:description\" content=\"PROV\u00cdNCIA, ISOLAMENTO SOCIAL E MERCADO&#8230; \u201cDe todas as tiranias, uma tirania sinceramente exercida, para o bem de suas v\u00edtimas, pode ser a mais opressiva.\u201d (C. S. Lewis). S\u00e9rgio Barbosa (*) Nesta segunda-feira, 1 de junho, apesar dos pesares e tudo mais em meio ao tudo de menos com a PANDEMIA, o governo estadual decidiu por [&hellip;]\" \/>\n<meta property=\"og:url\" content=\"https:\/\/radiolifefm.com.br\/noticias\/provincia-isolamento-social-e-mercado-sergio-barbosa-opiniao\/\" \/>\n<meta property=\"og:site_name\" content=\"R\u00e1dio Life FM\" \/>\n<meta property=\"article:publisher\" content=\"https:\/\/www.facebook.com\/radiolifefm\/\" \/>\n<meta property=\"article:published_time\" content=\"2020-06-01T11:10:08+00:00\" \/>\n<meta property=\"article:modified_time\" content=\"2026-04-18T19:45:26+00:00\" \/>\n<meta property=\"og:image\" content=\"https:\/\/radiolifefm.com.br\/noticias\/wp-content\/uploads\/2020\/06\/Sebar-2-scaled.jpg\" \/>\n\t<meta property=\"og:image:width\" content=\"2560\" \/>\n\t<meta property=\"og:image:height\" content=\"1920\" \/>\n\t<meta property=\"og:image:type\" content=\"image\/jpeg\" \/>\n<meta name=\"author\" content=\"lifefm\" \/>\n<meta name=\"twitter:card\" content=\"summary_large_image\" \/>\n<meta name=\"twitter:label1\" content=\"Escrito por\" \/>\n\t<meta name=\"twitter:data1\" content=\"lifefm\" \/>\n\t<meta name=\"twitter:label2\" content=\"Est. tempo de leitura\" \/>\n\t<meta name=\"twitter:data2\" content=\"3 minutos\" \/>\n<script type=\"application\/ld+json\" class=\"yoast-schema-graph\">{\"@context\":\"https:\/\/schema.org\",\"@graph\":[{\"@type\":\"Article\",\"@id\":\"https:\/\/radiolifefm.com.br\/noticias\/provincia-isolamento-social-e-mercado-sergio-barbosa-opiniao\/#article\",\"isPartOf\":{\"@id\":\"https:\/\/radiolifefm.com.br\/noticias\/provincia-isolamento-social-e-mercado-sergio-barbosa-opiniao\/\"},\"author\":{\"name\":\"lifefm\",\"@id\":\"https:\/\/radiolifefm.com.br\/noticias\/#\/schema\/person\/1d4e4b1301322090c6221bf1c8420490\"},\"headline\":\"PROV\u00cdNCIA, ISOLAMENTO SOCIAL E MERCADO&#8230; &#8211; S\u00e9rgio Barbosa &#8211; Opini\u00e3o\",\"datePublished\":\"2020-06-01T11:10:08+00:00\",\"dateModified\":\"2026-04-18T19:45:26+00:00\",\"mainEntityOfPage\":{\"@id\":\"https:\/\/radiolifefm.com.br\/noticias\/provincia-isolamento-social-e-mercado-sergio-barbosa-opiniao\/\"},\"wordCount\":516,\"publisher\":{\"@id\":\"https:\/\/radiolifefm.com.br\/noticias\/#organization\"},\"image\":{\"@id\":\"https:\/\/radiolifefm.com.br\/noticias\/provincia-isolamento-social-e-mercado-sergio-barbosa-opiniao\/#primaryimage\"},\"thumbnailUrl\":\"https:\/\/radiolifefm.com.br\/noticias\/wp-content\/uploads\/2020\/06\/Sebar-2-scaled.jpg\",\"articleSection\":[\"Opini\u00e3o\"],\"inLanguage\":\"pt-BR\"},{\"@type\":\"WebPage\",\"@id\":\"https:\/\/radiolifefm.com.br\/noticias\/provincia-isolamento-social-e-mercado-sergio-barbosa-opiniao\/\",\"url\":\"https:\/\/radiolifefm.com.br\/noticias\/provincia-isolamento-social-e-mercado-sergio-barbosa-opiniao\/\",\"name\":\"PROV\u00cdNCIA, ISOLAMENTO SOCIAL E MERCADO... - S\u00e9rgio Barbosa - Opini\u00e3o - R\u00e1dio Life FM\",\"isPartOf\":{\"@id\":\"https:\/\/radiolifefm.com.br\/noticias\/#website\"},\"primaryImageOfPage\":{\"@id\":\"https:\/\/radiolifefm.com.br\/noticias\/provincia-isolamento-social-e-mercado-sergio-barbosa-opiniao\/#primaryimage\"},\"image\":{\"@id\":\"https:\/\/radiolifefm.com.br\/noticias\/provincia-isolamento-social-e-mercado-sergio-barbosa-opiniao\/#primaryimage\"},\"thumbnailUrl\":\"https:\/\/radiolifefm.com.br\/noticias\/wp-content\/uploads\/2020\/06\/Sebar-2-scaled.jpg\",\"datePublished\":\"2020-06-01T11:10:08+00:00\",\"dateModified\":\"2026-04-18T19:45:26+00:00\",\"breadcrumb\":{\"@id\":\"https:\/\/radiolifefm.com.br\/noticias\/provincia-isolamento-social-e-mercado-sergio-barbosa-opiniao\/#breadcrumb\"},\"inLanguage\":\"pt-BR\",\"potentialAction\":[{\"@type\":\"ReadAction\",\"target\":[\"https:\/\/radiolifefm.com.br\/noticias\/provincia-isolamento-social-e-mercado-sergio-barbosa-opiniao\/\"]}]},{\"@type\":\"ImageObject\",\"inLanguage\":\"pt-BR\",\"@id\":\"https:\/\/radiolifefm.com.br\/noticias\/provincia-isolamento-social-e-mercado-sergio-barbosa-opiniao\/#primaryimage\",\"url\":\"https:\/\/radiolifefm.com.br\/noticias\/wp-content\/uploads\/2020\/06\/Sebar-2-scaled.jpg\",\"contentUrl\":\"https:\/\/radiolifefm.com.br\/noticias\/wp-content\/uploads\/2020\/06\/Sebar-2-scaled.jpg\",\"width\":2560,\"height\":1920},{\"@type\":\"BreadcrumbList\",\"@id\":\"https:\/\/radiolifefm.com.br\/noticias\/provincia-isolamento-social-e-mercado-sergio-barbosa-opiniao\/#breadcrumb\",\"itemListElement\":[{\"@type\":\"ListItem\",\"position\":1,\"name\":\"In\u00edcio\",\"item\":\"https:\/\/radiolifefm.com.br\/noticias\/\"},{\"@type\":\"ListItem\",\"position\":2,\"name\":\"PROV\u00cdNCIA, ISOLAMENTO SOCIAL E MERCADO&#8230; &#8211; S\u00e9rgio Barbosa &#8211; Opini\u00e3o\"}]},{\"@type\":\"WebSite\",\"@id\":\"https:\/\/radiolifefm.com.br\/noticias\/#website\",\"url\":\"https:\/\/radiolifefm.com.br\/noticias\/\",\"name\":\"R\u00e1dio Life FM\",\"description\":\"O Portal de Not\u00edcias de Adamantina\",\"publisher\":{\"@id\":\"https:\/\/radiolifefm.com.br\/noticias\/#organization\"},\"alternateName\":\"Life FM\",\"potentialAction\":[{\"@type\":\"SearchAction\",\"target\":{\"@type\":\"EntryPoint\",\"urlTemplate\":\"https:\/\/radiolifefm.com.br\/noticias\/?s={search_term_string}\"},\"query-input\":{\"@type\":\"PropertyValueSpecification\",\"valueRequired\":true,\"valueName\":\"search_term_string\"}}],\"inLanguage\":\"pt-BR\"},{\"@type\":\"Organization\",\"@id\":\"https:\/\/radiolifefm.com.br\/noticias\/#organization\",\"name\":\"R\u00e1dio Life FM\",\"alternateName\":\"Life FM\",\"url\":\"https:\/\/radiolifefm.com.br\/noticias\/\",\"logo\":{\"@type\":\"ImageObject\",\"inLanguage\":\"pt-BR\",\"@id\":\"https:\/\/radiolifefm.com.br\/noticias\/#\/schema\/logo\/image\/\",\"url\":\"https:\/\/static.radiolifefm.com.br\/noticias\/wp-content\/uploads\/2019\/10\/logo-lifefm.png\",\"contentUrl\":\"https:\/\/static.radiolifefm.com.br\/noticias\/wp-content\/uploads\/2019\/10\/logo-lifefm.png\",\"width\":196,\"height\":47,\"caption\":\"R\u00e1dio Life FM\"},\"image\":{\"@id\":\"https:\/\/radiolifefm.com.br\/noticias\/#\/schema\/logo\/image\/\"},\"sameAs\":[\"https:\/\/www.facebook.com\/radiolifefm\/\",\"https:\/\/www.instagram.com\/life1079fm\/\"]},{\"@type\":\"Person\",\"@id\":\"https:\/\/radiolifefm.com.br\/noticias\/#\/schema\/person\/1d4e4b1301322090c6221bf1c8420490\",\"name\":\"lifefm\",\"image\":{\"@type\":\"ImageObject\",\"inLanguage\":\"pt-BR\",\"@id\":\"https:\/\/secure.gravatar.com\/avatar\/eca268467d925ec97d20641bb054fd944c0abb2f92854171620706bbe6474e7c?s=96&d=mm&r=g\",\"url\":\"https:\/\/secure.gravatar.com\/avatar\/eca268467d925ec97d20641bb054fd944c0abb2f92854171620706bbe6474e7c?s=96&d=mm&r=g\",\"contentUrl\":\"https:\/\/secure.gravatar.com\/avatar\/eca268467d925ec97d20641bb054fd944c0abb2f92854171620706bbe6474e7c?s=96&d=mm&r=g\",\"caption\":\"lifefm\"}}]}<\/script>\n<!-- \/ Yoast SEO plugin. -->","yoast_head_json":{"title":"PROV\u00cdNCIA, ISOLAMENTO SOCIAL E MERCADO... - S\u00e9rgio Barbosa - Opini\u00e3o - R\u00e1dio Life FM","robots":{"index":"index","follow":"follow","max-snippet":"max-snippet:-1","max-image-preview":"max-image-preview:large","max-video-preview":"max-video-preview:-1"},"canonical":"https:\/\/radiolifefm.com.br\/noticias\/provincia-isolamento-social-e-mercado-sergio-barbosa-opiniao\/","og_locale":"pt_BR","og_type":"article","og_title":"PROV\u00cdNCIA, ISOLAMENTO SOCIAL E MERCADO... - S\u00e9rgio Barbosa - Opini\u00e3o - R\u00e1dio Life FM","og_description":"PROV\u00cdNCIA, ISOLAMENTO SOCIAL E MERCADO&#8230; \u201cDe todas as tiranias, uma tirania sinceramente exercida, para o bem de suas v\u00edtimas, pode ser a mais opressiva.\u201d (C. S. Lewis). S\u00e9rgio Barbosa (*) Nesta segunda-feira, 1 de junho, apesar dos pesares e tudo mais em meio ao tudo de menos com a PANDEMIA, o governo estadual decidiu por [&hellip;]","og_url":"https:\/\/radiolifefm.com.br\/noticias\/provincia-isolamento-social-e-mercado-sergio-barbosa-opiniao\/","og_site_name":"R\u00e1dio Life FM","article_publisher":"https:\/\/www.facebook.com\/radiolifefm\/","article_published_time":"2020-06-01T11:10:08+00:00","article_modified_time":"2026-04-18T19:45:26+00:00","og_image":[{"width":2560,"height":1920,"url":"https:\/\/radiolifefm.com.br\/noticias\/wp-content\/uploads\/2020\/06\/Sebar-2-scaled.jpg","type":"image\/jpeg"}],"author":"lifefm","twitter_card":"summary_large_image","twitter_misc":{"Escrito por":"lifefm","Est. tempo de leitura":"3 minutos"},"schema":{"@context":"https:\/\/schema.org","@graph":[{"@type":"Article","@id":"https:\/\/radiolifefm.com.br\/noticias\/provincia-isolamento-social-e-mercado-sergio-barbosa-opiniao\/#article","isPartOf":{"@id":"https:\/\/radiolifefm.com.br\/noticias\/provincia-isolamento-social-e-mercado-sergio-barbosa-opiniao\/"},"author":{"name":"lifefm","@id":"https:\/\/radiolifefm.com.br\/noticias\/#\/schema\/person\/1d4e4b1301322090c6221bf1c8420490"},"headline":"PROV\u00cdNCIA, ISOLAMENTO SOCIAL E MERCADO&#8230; &#8211; S\u00e9rgio Barbosa &#8211; Opini\u00e3o","datePublished":"2020-06-01T11:10:08+00:00","dateModified":"2026-04-18T19:45:26+00:00","mainEntityOfPage":{"@id":"https:\/\/radiolifefm.com.br\/noticias\/provincia-isolamento-social-e-mercado-sergio-barbosa-opiniao\/"},"wordCount":516,"publisher":{"@id":"https:\/\/radiolifefm.com.br\/noticias\/#organization"},"image":{"@id":"https:\/\/radiolifefm.com.br\/noticias\/provincia-isolamento-social-e-mercado-sergio-barbosa-opiniao\/#primaryimage"},"thumbnailUrl":"https:\/\/radiolifefm.com.br\/noticias\/wp-content\/uploads\/2020\/06\/Sebar-2-scaled.jpg","articleSection":["Opini\u00e3o"],"inLanguage":"pt-BR"},{"@type":"WebPage","@id":"https:\/\/radiolifefm.com.br\/noticias\/provincia-isolamento-social-e-mercado-sergio-barbosa-opiniao\/","url":"https:\/\/radiolifefm.com.br\/noticias\/provincia-isolamento-social-e-mercado-sergio-barbosa-opiniao\/","name":"PROV\u00cdNCIA, ISOLAMENTO SOCIAL E MERCADO... - S\u00e9rgio Barbosa - Opini\u00e3o - R\u00e1dio Life FM","isPartOf":{"@id":"https:\/\/radiolifefm.com.br\/noticias\/#website"},"primaryImageOfPage":{"@id":"https:\/\/radiolifefm.com.br\/noticias\/provincia-isolamento-social-e-mercado-sergio-barbosa-opiniao\/#primaryimage"},"image":{"@id":"https:\/\/radiolifefm.com.br\/noticias\/provincia-isolamento-social-e-mercado-sergio-barbosa-opiniao\/#primaryimage"},"thumbnailUrl":"https:\/\/radiolifefm.com.br\/noticias\/wp-content\/uploads\/2020\/06\/Sebar-2-scaled.jpg","datePublished":"2020-06-01T11:10:08+00:00","dateModified":"2026-04-18T19:45:26+00:00","breadcrumb":{"@id":"https:\/\/radiolifefm.com.br\/noticias\/provincia-isolamento-social-e-mercado-sergio-barbosa-opiniao\/#breadcrumb"},"inLanguage":"pt-BR","potentialAction":[{"@type":"ReadAction","target":["https:\/\/radiolifefm.com.br\/noticias\/provincia-isolamento-social-e-mercado-sergio-barbosa-opiniao\/"]}]},{"@type":"ImageObject","inLanguage":"pt-BR","@id":"https:\/\/radiolifefm.com.br\/noticias\/provincia-isolamento-social-e-mercado-sergio-barbosa-opiniao\/#primaryimage","url":"https:\/\/radiolifefm.com.br\/noticias\/wp-content\/uploads\/2020\/06\/Sebar-2-scaled.jpg","contentUrl":"https:\/\/radiolifefm.com.br\/noticias\/wp-content\/uploads\/2020\/06\/Sebar-2-scaled.jpg","width":2560,"height":1920},{"@type":"BreadcrumbList","@id":"https:\/\/radiolifefm.com.br\/noticias\/provincia-isolamento-social-e-mercado-sergio-barbosa-opiniao\/#breadcrumb","itemListElement":[{"@type":"ListItem","position":1,"name":"In\u00edcio","item":"https:\/\/radiolifefm.com.br\/noticias\/"},{"@type":"ListItem","position":2,"name":"PROV\u00cdNCIA, ISOLAMENTO SOCIAL E MERCADO&#8230; &#8211; S\u00e9rgio Barbosa &#8211; Opini\u00e3o"}]},{"@type":"WebSite","@id":"https:\/\/radiolifefm.com.br\/noticias\/#website","url":"https:\/\/radiolifefm.com.br\/noticias\/","name":"R\u00e1dio Life FM","description":"O Portal de Not\u00edcias de Adamantina","publisher":{"@id":"https:\/\/radiolifefm.com.br\/noticias\/#organization"},"alternateName":"Life FM","potentialAction":[{"@type":"SearchAction","target":{"@type":"EntryPoint","urlTemplate":"https:\/\/radiolifefm.com.br\/noticias\/?s={search_term_string}"},"query-input":{"@type":"PropertyValueSpecification","valueRequired":true,"valueName":"search_term_string"}}],"inLanguage":"pt-BR"},{"@type":"Organization","@id":"https:\/\/radiolifefm.com.br\/noticias\/#organization","name":"R\u00e1dio Life FM","alternateName":"Life FM","url":"https:\/\/radiolifefm.com.br\/noticias\/","logo":{"@type":"ImageObject","inLanguage":"pt-BR","@id":"https:\/\/radiolifefm.com.br\/noticias\/#\/schema\/logo\/image\/","url":"https:\/\/static.radiolifefm.com.br\/noticias\/wp-content\/uploads\/2019\/10\/logo-lifefm.png","contentUrl":"https:\/\/static.radiolifefm.com.br\/noticias\/wp-content\/uploads\/2019\/10\/logo-lifefm.png","width":196,"height":47,"caption":"R\u00e1dio Life FM"},"image":{"@id":"https:\/\/radiolifefm.com.br\/noticias\/#\/schema\/logo\/image\/"},"sameAs":["https:\/\/www.facebook.com\/radiolifefm\/","https:\/\/www.instagram.com\/life1079fm\/"]},{"@type":"Person","@id":"https:\/\/radiolifefm.com.br\/noticias\/#\/schema\/person\/1d4e4b1301322090c6221bf1c8420490","name":"lifefm","image":{"@type":"ImageObject","inLanguage":"pt-BR","@id":"https:\/\/secure.gravatar.com\/avatar\/eca268467d925ec97d20641bb054fd944c0abb2f92854171620706bbe6474e7c?s=96&d=mm&r=g","url":"https:\/\/secure.gravatar.com\/avatar\/eca268467d925ec97d20641bb054fd944c0abb2f92854171620706bbe6474e7c?s=96&d=mm&r=g","contentUrl":"https:\/\/secure.gravatar.com\/avatar\/eca268467d925ec97d20641bb054fd944c0abb2f92854171620706bbe6474e7c?s=96&d=mm&r=g","caption":"lifefm"}}]}},"amp_enabled":true,"_links":{"self":[{"href":"https:\/\/radiolifefm.com.br\/noticias\/wp-json\/wp\/v2\/posts\/23673","targetHints":{"allow":["GET"]}}],"collection":[{"href":"https:\/\/radiolifefm.com.br\/noticias\/wp-json\/wp\/v2\/posts"}],"about":[{"href":"https:\/\/radiolifefm.com.br\/noticias\/wp-json\/wp\/v2\/types\/post"}],"author":[{"embeddable":true,"href":"https:\/\/radiolifefm.com.br\/noticias\/wp-json\/wp\/v2\/users\/3"}],"replies":[{"embeddable":true,"href":"https:\/\/radiolifefm.com.br\/noticias\/wp-json\/wp\/v2\/comments?post=23673"}],"version-history":[{"count":1,"href":"https:\/\/radiolifefm.com.br\/noticias\/wp-json\/wp\/v2\/posts\/23673\/revisions"}],"predecessor-version":[{"id":23677,"href":"https:\/\/radiolifefm.com.br\/noticias\/wp-json\/wp\/v2\/posts\/23673\/revisions\/23677"}],"wp:featuredmedia":[{"embeddable":true,"href":"https:\/\/radiolifefm.com.br\/noticias\/wp-json\/wp\/v2\/media\/23676"}],"wp:attachment":[{"href":"https:\/\/radiolifefm.com.br\/noticias\/wp-json\/wp\/v2\/media?parent=23673"}],"wp:term":[{"taxonomy":"category","embeddable":true,"href":"https:\/\/radiolifefm.com.br\/noticias\/wp-json\/wp\/v2\/categories?post=23673"},{"taxonomy":"post_tag","embeddable":true,"href":"https:\/\/radiolifefm.com.br\/noticias\/wp-json\/wp\/v2\/tags?post=23673"}],"curies":[{"name":"wp","href":"https:\/\/api.w.org\/{rel}","templated":true}]}}