{"id":23610,"date":"2020-05-28T08:02:29","date_gmt":"2020-05-28T11:02:29","guid":{"rendered":"https:\/\/radiolifefm.com.br\/noticias\/?p=23610"},"modified":"2026-03-25T20:06:54","modified_gmt":"2026-03-25T23:06:54","slug":"como-as-medidas-da-flexibilizacao-da-quarentena-anunciadas-pelo-governo-do-estado-afetam-a-regiao-de-presidente-prudente","status":"publish","type":"post","link":"https:\/\/radiolifefm.com.br\/noticias\/como-as-medidas-da-flexibilizacao-da-quarentena-anunciadas-pelo-governo-do-estado-afetam-a-regiao-de-presidente-prudente\/","title":{"rendered":"Como as medidas da flexibiliza\u00e7\u00e3o da quarentena anunciadas pelo governo do Estado afetam a regi\u00e3o de Presidente Prudente"},"content":{"rendered":"<div id=\"fb-root\"><\/div>\n<p><em>Plano da chamada &#8220;retomada consciente&#8221; ser\u00e1 feito por cinco etapas, divididas pelos Departamentos Regionais de Sa\u00fade (DRS)<\/em><\/p>\n<p>O governo de S\u00e3o Paulo anunciou, no in\u00edcio da tarde desta quarta-feira (27), a prorroga\u00e7\u00e3o da quarentena no estado por 15 dias, com flexibiliza\u00e7\u00f5es progressivas, que ser\u00e3o feitas levando em conta as caracter\u00edsticas de cada munic\u00edpio. O plano da chamada &#8220;retomada consciente&#8221; ser\u00e1 feito por cinco etapas, divididas pelos Departamentos Regionais de Sa\u00fade (DRS). O DRS de Presidente Prudente, composta por 44 cidades, consta em amarelo no mapa, inclu\u00edda a fase 3. J\u00e1 o DRS de Mar\u00edlia, que tem 12 munic\u00edpios dos Oeste Paulista, est\u00e1 em laranja, na fase 2.<\/p>\n<p>As regi\u00f5es ser\u00e3o classificadas em fases de acordo com os crit\u00e9rios definidos pela secretaria estadual da Sa\u00fade e pelo Comit\u00ea de Conting\u00eancia para Coronav\u00edrus. A cor de cada regi\u00e3o do mapa \u00e9 determinada por uma s\u00e9rie de crit\u00e9rios, entre eles taxa de ocupa\u00e7\u00e3o de UTIs e total de leitos a cada 100 mil habitantes.<\/p>\n<p>Esses indicadores s\u00e3o avaliados junto com dados de mortes, casos e interna\u00e7\u00f5es por Covid-19 para determinar a fase em que se encontra cada regi\u00e3o. O governo n\u00e3o revelou, no entanto, qual \u00e9 o peso dado para cada indicador na defini\u00e7\u00e3o das fases por regi\u00e3o.<\/p>\n<p>Ao DRS de Presidente Prudente pertencem as seguintes cidades:<\/p>\n<p>Alfredo Marcondes<br \/>\n\u00c1lvares machado<br \/>\nAnhumas<br \/>\nCaiabu<br \/>\nCaiu\u00e1<br \/>\nDracena<br \/>\nEmilian\u00f3polis<br \/>\nEstrela do Norte<br \/>\nEuclides da Cunha Paulista<br \/>\nFlora Rica<br \/>\nIep\u00ea<br \/>\nIndiana<br \/>\nIrapuru<br \/>\nJo\u00e3o Ramalho<br \/>\nJunqueir\u00f3polis<br \/>\nMarab\u00e1 paulista<br \/>\nMartin\u00f3polis<br \/>\nMirante do Paranapanema<br \/>\nMonte Castelo<br \/>\nNantes<br \/>\nNarandiba<br \/>\nNova Guataporanga<br \/>\nOuro verde<br \/>\nPanorama<br \/>\nPaulic\u00e9ia<br \/>\nPiquerobi<br \/>\nPirapozinho<br \/>\nPresidente Bernardes<br \/>\nPresidente Epit\u00e1cio<br \/>\nPresidente prudente<br \/>\nPresidente Venceslau<br \/>\nRancharia<br \/>\nRegente Feij\u00f3<br \/>\nRibeir\u00e3o dos \u00edndios<br \/>\nRosana<br \/>\nSandovalina<br \/>\nSanta Mercedes<br \/>\nSanto Anast\u00e1cio<br \/>\nSanto Expedito<br \/>\nS\u00e3o Jo\u00e3o do Pau D&#8217;alho<br \/>\nTaciba<br \/>\nTarabai<br \/>\nTeodoro Sampaio<br \/>\nTupi Paulista<\/p>\n<p>As cidades do Oeste Paulista que pertencem ao DRS de Mar\u00edlia, que consta na fase 2, em Laranja, s\u00e3o:<\/p>\n<p>Adamantina<br \/>\nFl\u00f3rida Paulista<br \/>\nIn\u00fabia Paulista<br \/>\nLuc\u00e9lia<br \/>\nMari\u00e1polis<br \/>\nOsvaldo Cruz<br \/>\nPacaembu<br \/>\nParapu\u00e3<br \/>\nPracinha<br \/>\nRin\u00f3polis<br \/>\nSagres<br \/>\nSalmour\u00e3o<\/p>\n<p><img loading=\"lazy\" decoding=\"async\" class=\"alignnone size-medium wp-image-23611\" src=\"https:\/\/static.radiolifefm.com.br\/wp-content\/uploads\/sites\/2\/2020\/05\/Mapa-covid-regi\u00e3o-1-300x164.jpg\" alt=\"\" width=\"300\" height=\"164\" srcset=\"https:\/\/radiolifefm.com.br\/noticias\/wp-content\/uploads\/2020\/05\/Mapa-covid-regi\u00e3o-1-300x164.jpg 300w, https:\/\/radiolifefm.com.br\/noticias\/wp-content\/uploads\/2020\/05\/Mapa-covid-regi\u00e3o-1-768x420.jpg 768w, https:\/\/radiolifefm.com.br\/noticias\/wp-content\/uploads\/2020\/05\/Mapa-covid-regi\u00e3o-1.jpg 945w\" sizes=\"auto, (max-width: 300px) 100vw, 300px\" \/><\/p>\n<p>Fase 1, vermelha: alerta m\u00e1ximo, funcionamento permitido somente aos servi\u00e7os essenciais<br \/>\nFase 2, laranja: controle, possibilidade de aberturas com restri\u00e7\u00f5es<br \/>\nFase 3, amarela: abertura de um n\u00famero maior de setores<br \/>\nFase 4, verde: abertura de um n\u00famero maior de setores em rela\u00e7\u00e3o \u00e0 fase 3<br \/>\nFase 5, azul: &#8220;Normal controlado&#8221; &#8211; todos os setores em funcionamento, mas mantendo medidas de distanciamento e higiene<\/p>\n<p>Pela classifica\u00e7\u00e3o, para os munic\u00edpios do DRS de Presidente Prudente, na fase 3 em amarelo, ficou determinado:<\/p>\n<p>Podem funcionar: atividades imobili\u00e1rias; concession\u00e1rias; escrit\u00f3rios; ind\u00fastria n\u00e3o essencial; e constru\u00e7\u00e3o civil.<\/p>\n<p>Aberto com restri\u00e7\u00f5es: bares, restaurantes e similares; com\u00e9rcio; shopping center; e sal\u00e3o de beleza. Fechados: espa\u00e7os p\u00fablico; academia; teatro e cinema; promover eventos que gerem aglomera\u00e7\u00e3o, inclusive esportivos.<\/p>\n<p>J\u00e1 para as cidades do DRS de Mar\u00edlia:<\/p>\n<p>Podem funcionar: ind\u00fastria n\u00e3o essencial; e constru\u00e7\u00e3o civil.<\/p>\n<p>Aberto com restri\u00e7\u00f5es: atividades imobili\u00e1rias; concession\u00e1rias; escrit\u00f3rios; com\u00e9rcio; e shopping center.<\/p>\n<p>Fechados: espa\u00e7os p\u00fablicos; bares, restaurantes e similares; sal\u00e3o de beleza; academia, teatro e cinemas, promover eventos que gerem aglomera\u00e7\u00e3o, inclusive esportivos.<\/p>\n<p>A retomada de aulas presenciais no setor de educa\u00e7\u00e3o e o retorno da capacidade total das frotas de transportes seguem sem previs\u00e3o.<\/p>\n<p>As regi\u00f5es ser\u00e3o avaliadas periodicamente de acordo com os indicadores de sa\u00fade, verificando se cumprem os crit\u00e9rios para avan\u00e7arem a uma fase de maior relaxamento a cada 14 dias ou voltar para uma fase mais restrita a cada 7 dias (ou imediatamente, caso haja evid\u00eancia da piora da situa\u00e7\u00e3o).<\/p>\n<p>Taxa de isolamento, n\u00famero de casos da doen\u00e7a e taxa de ocupa\u00e7\u00e3o dos leitos de UTI s\u00e3o os principais crit\u00e9rios.<\/p>\n<p>Pelo plano, s\u00f3 poder\u00e3o iniciar a retomada das atividades:<\/p>\n<p>As cidades que tiverem taxa de isolamento de pelo menos 55%;<br \/>\nAs cidades que tiverem redu\u00e7\u00e3o no n\u00famero de novos casos por 14 dias seguidos;<br \/>\nAs cidades que tiverem disponibilidade de leitos de UTI<br \/>\nCom manuten\u00e7\u00e3o do distanciamento social nos ambientes p\u00fablicos<br \/>\nUso obrigat\u00f3rio de m\u00e1scaras.<\/p>\n<p>&nbsp;<\/p>\n<p>Fonte &#8211; G1 Presidente Prudente<\/p>\n","protected":false},"excerpt":{"rendered":"<p>Plano da chamada &#8220;retomada consciente&#8221; ser\u00e1 feito por cinco etapas, divididas pelos Departamentos Regionais de Sa\u00fade (DRS) O governo de S\u00e3o Paulo anunciou, no in\u00edcio da tarde desta quarta-feira (27), a prorroga\u00e7\u00e3o da quarentena no estado por 15 dias, com flexibiliza\u00e7\u00f5es progressivas, que ser\u00e3o feitas levando em conta as caracter\u00edsticas de cada munic\u00edpio. O plano [&hellip;]<\/p>\n","protected":false},"author":3,"featured_media":23612,"comment_status":"closed","ping_status":"open","sticky":false,"template":"","format":"standard","meta":{"_acf_changed":false,"_exactmetrics_skip_tracking":false,"_exactmetrics_sitenote_active":false,"_exactmetrics_sitenote_note":"","_exactmetrics_sitenote_category":0,"footnotes":""},"categories":[24],"tags":[],"class_list":["post-23610","post","type-post","status-publish","format-standard","has-post-thumbnail","hentry","category-regiao"],"acf":[],"yoast_head":"<!-- This site is optimized with the Yoast SEO plugin v27.2 - https:\/\/yoast.com\/product\/yoast-seo-wordpress\/ -->\n<title>Como as medidas da flexibiliza\u00e7\u00e3o da quarentena anunciadas pelo governo do Estado afetam a regi\u00e3o de Presidente Prudente - R\u00e1dio Life FM<\/title>\n<meta name=\"robots\" content=\"index, follow, max-snippet:-1, max-image-preview:large, max-video-preview:-1\" \/>\n<link rel=\"canonical\" href=\"https:\/\/radiolifefm.com.br\/noticias\/como-as-medidas-da-flexibilizacao-da-quarentena-anunciadas-pelo-governo-do-estado-afetam-a-regiao-de-presidente-prudente\/\" \/>\n<meta property=\"og:locale\" content=\"pt_BR\" \/>\n<meta property=\"og:type\" content=\"article\" \/>\n<meta property=\"og:title\" content=\"Como as medidas da flexibiliza\u00e7\u00e3o da quarentena anunciadas pelo governo do Estado afetam a regi\u00e3o de Presidente Prudente - R\u00e1dio Life FM\" \/>\n<meta property=\"og:description\" content=\"Plano da chamada &#8220;retomada consciente&#8221; ser\u00e1 feito por cinco etapas, divididas pelos Departamentos Regionais de Sa\u00fade (DRS) O governo de S\u00e3o Paulo anunciou, no in\u00edcio da tarde desta quarta-feira (27), a prorroga\u00e7\u00e3o da quarentena no estado por 15 dias, com flexibiliza\u00e7\u00f5es progressivas, que ser\u00e3o feitas levando em conta as caracter\u00edsticas de cada munic\u00edpio. O plano [&hellip;]\" \/>\n<meta property=\"og:url\" content=\"https:\/\/radiolifefm.com.br\/noticias\/como-as-medidas-da-flexibilizacao-da-quarentena-anunciadas-pelo-governo-do-estado-afetam-a-regiao-de-presidente-prudente\/\" \/>\n<meta property=\"og:site_name\" content=\"R\u00e1dio Life FM\" \/>\n<meta property=\"article:publisher\" content=\"https:\/\/www.facebook.com\/radiolifefm\/\" \/>\n<meta property=\"article:published_time\" content=\"2020-05-28T11:02:29+00:00\" \/>\n<meta property=\"article:modified_time\" content=\"2026-03-25T23:06:54+00:00\" \/>\n<meta property=\"og:image\" content=\"https:\/\/radiolifefm.com.br\/noticias\/wp-content\/uploads\/2020\/05\/Mapa-covid-regi\u00e3o.jpg\" \/>\n\t<meta property=\"og:image:width\" content=\"945\" \/>\n\t<meta property=\"og:image:height\" content=\"524\" \/>\n\t<meta property=\"og:image:type\" content=\"image\/jpeg\" \/>\n<meta name=\"author\" content=\"lifefm\" \/>\n<meta name=\"twitter:card\" content=\"summary_large_image\" \/>\n<meta name=\"twitter:label1\" content=\"Escrito por\" \/>\n\t<meta name=\"twitter:data1\" content=\"lifefm\" \/>\n\t<meta name=\"twitter:label2\" content=\"Est. tempo de leitura\" \/>\n\t<meta name=\"twitter:data2\" content=\"4 minutos\" \/>\n<script type=\"application\/ld+json\" class=\"yoast-schema-graph\">{\"@context\":\"https:\/\/schema.org\",\"@graph\":[{\"@type\":\"Article\",\"@id\":\"https:\/\/radiolifefm.com.br\/noticias\/como-as-medidas-da-flexibilizacao-da-quarentena-anunciadas-pelo-governo-do-estado-afetam-a-regiao-de-presidente-prudente\/#article\",\"isPartOf\":{\"@id\":\"https:\/\/radiolifefm.com.br\/noticias\/como-as-medidas-da-flexibilizacao-da-quarentena-anunciadas-pelo-governo-do-estado-afetam-a-regiao-de-presidente-prudente\/\"},\"author\":{\"name\":\"lifefm\",\"@id\":\"https:\/\/radiolifefm.com.br\/noticias\/#\/schema\/person\/1d4e4b1301322090c6221bf1c8420490\"},\"headline\":\"Como as medidas da flexibiliza\u00e7\u00e3o da quarentena anunciadas pelo governo do Estado afetam a regi\u00e3o de Presidente Prudente\",\"datePublished\":\"2020-05-28T11:02:29+00:00\",\"dateModified\":\"2026-03-25T23:06:54+00:00\",\"mainEntityOfPage\":{\"@id\":\"https:\/\/radiolifefm.com.br\/noticias\/como-as-medidas-da-flexibilizacao-da-quarentena-anunciadas-pelo-governo-do-estado-afetam-a-regiao-de-presidente-prudente\/\"},\"wordCount\":742,\"publisher\":{\"@id\":\"https:\/\/radiolifefm.com.br\/noticias\/#organization\"},\"image\":{\"@id\":\"https:\/\/radiolifefm.com.br\/noticias\/como-as-medidas-da-flexibilizacao-da-quarentena-anunciadas-pelo-governo-do-estado-afetam-a-regiao-de-presidente-prudente\/#primaryimage\"},\"thumbnailUrl\":\"https:\/\/radiolifefm.com.br\/noticias\/wp-content\/uploads\/2020\/05\/Mapa-covid-regi\u00e3o.jpg\",\"articleSection\":[\"Regi\u00e3o\"],\"inLanguage\":\"pt-BR\"},{\"@type\":\"WebPage\",\"@id\":\"https:\/\/radiolifefm.com.br\/noticias\/como-as-medidas-da-flexibilizacao-da-quarentena-anunciadas-pelo-governo-do-estado-afetam-a-regiao-de-presidente-prudente\/\",\"url\":\"https:\/\/radiolifefm.com.br\/noticias\/como-as-medidas-da-flexibilizacao-da-quarentena-anunciadas-pelo-governo-do-estado-afetam-a-regiao-de-presidente-prudente\/\",\"name\":\"Como as medidas da flexibiliza\u00e7\u00e3o da quarentena anunciadas pelo governo do Estado afetam a regi\u00e3o de Presidente Prudente - R\u00e1dio Life FM\",\"isPartOf\":{\"@id\":\"https:\/\/radiolifefm.com.br\/noticias\/#website\"},\"primaryImageOfPage\":{\"@id\":\"https:\/\/radiolifefm.com.br\/noticias\/como-as-medidas-da-flexibilizacao-da-quarentena-anunciadas-pelo-governo-do-estado-afetam-a-regiao-de-presidente-prudente\/#primaryimage\"},\"image\":{\"@id\":\"https:\/\/radiolifefm.com.br\/noticias\/como-as-medidas-da-flexibilizacao-da-quarentena-anunciadas-pelo-governo-do-estado-afetam-a-regiao-de-presidente-prudente\/#primaryimage\"},\"thumbnailUrl\":\"https:\/\/radiolifefm.com.br\/noticias\/wp-content\/uploads\/2020\/05\/Mapa-covid-regi\u00e3o.jpg\",\"datePublished\":\"2020-05-28T11:02:29+00:00\",\"dateModified\":\"2026-03-25T23:06:54+00:00\",\"breadcrumb\":{\"@id\":\"https:\/\/radiolifefm.com.br\/noticias\/como-as-medidas-da-flexibilizacao-da-quarentena-anunciadas-pelo-governo-do-estado-afetam-a-regiao-de-presidente-prudente\/#breadcrumb\"},\"inLanguage\":\"pt-BR\",\"potentialAction\":[{\"@type\":\"ReadAction\",\"target\":[\"https:\/\/radiolifefm.com.br\/noticias\/como-as-medidas-da-flexibilizacao-da-quarentena-anunciadas-pelo-governo-do-estado-afetam-a-regiao-de-presidente-prudente\/\"]}]},{\"@type\":\"ImageObject\",\"inLanguage\":\"pt-BR\",\"@id\":\"https:\/\/radiolifefm.com.br\/noticias\/como-as-medidas-da-flexibilizacao-da-quarentena-anunciadas-pelo-governo-do-estado-afetam-a-regiao-de-presidente-prudente\/#primaryimage\",\"url\":\"https:\/\/radiolifefm.com.br\/noticias\/wp-content\/uploads\/2020\/05\/Mapa-covid-regi\u00e3o.jpg\",\"contentUrl\":\"https:\/\/radiolifefm.com.br\/noticias\/wp-content\/uploads\/2020\/05\/Mapa-covid-regi\u00e3o.jpg\",\"width\":945,\"height\":524},{\"@type\":\"BreadcrumbList\",\"@id\":\"https:\/\/radiolifefm.com.br\/noticias\/como-as-medidas-da-flexibilizacao-da-quarentena-anunciadas-pelo-governo-do-estado-afetam-a-regiao-de-presidente-prudente\/#breadcrumb\",\"itemListElement\":[{\"@type\":\"ListItem\",\"position\":1,\"name\":\"In\u00edcio\",\"item\":\"https:\/\/radiolifefm.com.br\/noticias\/\"},{\"@type\":\"ListItem\",\"position\":2,\"name\":\"Como as medidas da flexibiliza\u00e7\u00e3o da quarentena anunciadas pelo governo do Estado afetam a regi\u00e3o de Presidente Prudente\"}]},{\"@type\":\"WebSite\",\"@id\":\"https:\/\/radiolifefm.com.br\/noticias\/#website\",\"url\":\"https:\/\/radiolifefm.com.br\/noticias\/\",\"name\":\"R\u00e1dio Life FM\",\"description\":\"O Portal de Not\u00edcias de Adamantina\",\"publisher\":{\"@id\":\"https:\/\/radiolifefm.com.br\/noticias\/#organization\"},\"alternateName\":\"Life FM\",\"potentialAction\":[{\"@type\":\"SearchAction\",\"target\":{\"@type\":\"EntryPoint\",\"urlTemplate\":\"https:\/\/radiolifefm.com.br\/noticias\/?s={search_term_string}\"},\"query-input\":{\"@type\":\"PropertyValueSpecification\",\"valueRequired\":true,\"valueName\":\"search_term_string\"}}],\"inLanguage\":\"pt-BR\"},{\"@type\":\"Organization\",\"@id\":\"https:\/\/radiolifefm.com.br\/noticias\/#organization\",\"name\":\"R\u00e1dio Life FM\",\"alternateName\":\"Life FM\",\"url\":\"https:\/\/radiolifefm.com.br\/noticias\/\",\"logo\":{\"@type\":\"ImageObject\",\"inLanguage\":\"pt-BR\",\"@id\":\"https:\/\/radiolifefm.com.br\/noticias\/#\/schema\/logo\/image\/\",\"url\":\"https:\/\/static.radiolifefm.com.br\/noticias\/wp-content\/uploads\/2019\/10\/logo-lifefm.png\",\"contentUrl\":\"https:\/\/static.radiolifefm.com.br\/noticias\/wp-content\/uploads\/2019\/10\/logo-lifefm.png\",\"width\":196,\"height\":47,\"caption\":\"R\u00e1dio Life FM\"},\"image\":{\"@id\":\"https:\/\/radiolifefm.com.br\/noticias\/#\/schema\/logo\/image\/\"},\"sameAs\":[\"https:\/\/www.facebook.com\/radiolifefm\/\",\"https:\/\/www.instagram.com\/life1079fm\/\"]},{\"@type\":\"Person\",\"@id\":\"https:\/\/radiolifefm.com.br\/noticias\/#\/schema\/person\/1d4e4b1301322090c6221bf1c8420490\",\"name\":\"lifefm\",\"image\":{\"@type\":\"ImageObject\",\"inLanguage\":\"pt-BR\",\"@id\":\"https:\/\/secure.gravatar.com\/avatar\/eca268467d925ec97d20641bb054fd944c0abb2f92854171620706bbe6474e7c?s=96&d=mm&r=g\",\"url\":\"https:\/\/secure.gravatar.com\/avatar\/eca268467d925ec97d20641bb054fd944c0abb2f92854171620706bbe6474e7c?s=96&d=mm&r=g\",\"contentUrl\":\"https:\/\/secure.gravatar.com\/avatar\/eca268467d925ec97d20641bb054fd944c0abb2f92854171620706bbe6474e7c?s=96&d=mm&r=g\",\"caption\":\"lifefm\"}}]}<\/script>\n<!-- \/ Yoast SEO plugin. -->","yoast_head_json":{"title":"Como as medidas da flexibiliza\u00e7\u00e3o da quarentena anunciadas pelo governo do Estado afetam a regi\u00e3o de Presidente Prudente - R\u00e1dio Life FM","robots":{"index":"index","follow":"follow","max-snippet":"max-snippet:-1","max-image-preview":"max-image-preview:large","max-video-preview":"max-video-preview:-1"},"canonical":"https:\/\/radiolifefm.com.br\/noticias\/como-as-medidas-da-flexibilizacao-da-quarentena-anunciadas-pelo-governo-do-estado-afetam-a-regiao-de-presidente-prudente\/","og_locale":"pt_BR","og_type":"article","og_title":"Como as medidas da flexibiliza\u00e7\u00e3o da quarentena anunciadas pelo governo do Estado afetam a regi\u00e3o de Presidente Prudente - R\u00e1dio Life FM","og_description":"Plano da chamada &#8220;retomada consciente&#8221; ser\u00e1 feito por cinco etapas, divididas pelos Departamentos Regionais de Sa\u00fade (DRS) O governo de S\u00e3o Paulo anunciou, no in\u00edcio da tarde desta quarta-feira (27), a prorroga\u00e7\u00e3o da quarentena no estado por 15 dias, com flexibiliza\u00e7\u00f5es progressivas, que ser\u00e3o feitas levando em conta as caracter\u00edsticas de cada munic\u00edpio. O plano [&hellip;]","og_url":"https:\/\/radiolifefm.com.br\/noticias\/como-as-medidas-da-flexibilizacao-da-quarentena-anunciadas-pelo-governo-do-estado-afetam-a-regiao-de-presidente-prudente\/","og_site_name":"R\u00e1dio Life FM","article_publisher":"https:\/\/www.facebook.com\/radiolifefm\/","article_published_time":"2020-05-28T11:02:29+00:00","article_modified_time":"2026-03-25T23:06:54+00:00","og_image":[{"width":945,"height":524,"url":"https:\/\/radiolifefm.com.br\/noticias\/wp-content\/uploads\/2020\/05\/Mapa-covid-regi\u00e3o.jpg","type":"image\/jpeg"}],"author":"lifefm","twitter_card":"summary_large_image","twitter_misc":{"Escrito por":"lifefm","Est. tempo de leitura":"4 minutos"},"schema":{"@context":"https:\/\/schema.org","@graph":[{"@type":"Article","@id":"https:\/\/radiolifefm.com.br\/noticias\/como-as-medidas-da-flexibilizacao-da-quarentena-anunciadas-pelo-governo-do-estado-afetam-a-regiao-de-presidente-prudente\/#article","isPartOf":{"@id":"https:\/\/radiolifefm.com.br\/noticias\/como-as-medidas-da-flexibilizacao-da-quarentena-anunciadas-pelo-governo-do-estado-afetam-a-regiao-de-presidente-prudente\/"},"author":{"name":"lifefm","@id":"https:\/\/radiolifefm.com.br\/noticias\/#\/schema\/person\/1d4e4b1301322090c6221bf1c8420490"},"headline":"Como as medidas da flexibiliza\u00e7\u00e3o da quarentena anunciadas pelo governo do Estado afetam a regi\u00e3o de Presidente Prudente","datePublished":"2020-05-28T11:02:29+00:00","dateModified":"2026-03-25T23:06:54+00:00","mainEntityOfPage":{"@id":"https:\/\/radiolifefm.com.br\/noticias\/como-as-medidas-da-flexibilizacao-da-quarentena-anunciadas-pelo-governo-do-estado-afetam-a-regiao-de-presidente-prudente\/"},"wordCount":742,"publisher":{"@id":"https:\/\/radiolifefm.com.br\/noticias\/#organization"},"image":{"@id":"https:\/\/radiolifefm.com.br\/noticias\/como-as-medidas-da-flexibilizacao-da-quarentena-anunciadas-pelo-governo-do-estado-afetam-a-regiao-de-presidente-prudente\/#primaryimage"},"thumbnailUrl":"https:\/\/radiolifefm.com.br\/noticias\/wp-content\/uploads\/2020\/05\/Mapa-covid-regi\u00e3o.jpg","articleSection":["Regi\u00e3o"],"inLanguage":"pt-BR"},{"@type":"WebPage","@id":"https:\/\/radiolifefm.com.br\/noticias\/como-as-medidas-da-flexibilizacao-da-quarentena-anunciadas-pelo-governo-do-estado-afetam-a-regiao-de-presidente-prudente\/","url":"https:\/\/radiolifefm.com.br\/noticias\/como-as-medidas-da-flexibilizacao-da-quarentena-anunciadas-pelo-governo-do-estado-afetam-a-regiao-de-presidente-prudente\/","name":"Como as medidas da flexibiliza\u00e7\u00e3o da quarentena anunciadas pelo governo do Estado afetam a regi\u00e3o de Presidente Prudente - R\u00e1dio Life FM","isPartOf":{"@id":"https:\/\/radiolifefm.com.br\/noticias\/#website"},"primaryImageOfPage":{"@id":"https:\/\/radiolifefm.com.br\/noticias\/como-as-medidas-da-flexibilizacao-da-quarentena-anunciadas-pelo-governo-do-estado-afetam-a-regiao-de-presidente-prudente\/#primaryimage"},"image":{"@id":"https:\/\/radiolifefm.com.br\/noticias\/como-as-medidas-da-flexibilizacao-da-quarentena-anunciadas-pelo-governo-do-estado-afetam-a-regiao-de-presidente-prudente\/#primaryimage"},"thumbnailUrl":"https:\/\/radiolifefm.com.br\/noticias\/wp-content\/uploads\/2020\/05\/Mapa-covid-regi\u00e3o.jpg","datePublished":"2020-05-28T11:02:29+00:00","dateModified":"2026-03-25T23:06:54+00:00","breadcrumb":{"@id":"https:\/\/radiolifefm.com.br\/noticias\/como-as-medidas-da-flexibilizacao-da-quarentena-anunciadas-pelo-governo-do-estado-afetam-a-regiao-de-presidente-prudente\/#breadcrumb"},"inLanguage":"pt-BR","potentialAction":[{"@type":"ReadAction","target":["https:\/\/radiolifefm.com.br\/noticias\/como-as-medidas-da-flexibilizacao-da-quarentena-anunciadas-pelo-governo-do-estado-afetam-a-regiao-de-presidente-prudente\/"]}]},{"@type":"ImageObject","inLanguage":"pt-BR","@id":"https:\/\/radiolifefm.com.br\/noticias\/como-as-medidas-da-flexibilizacao-da-quarentena-anunciadas-pelo-governo-do-estado-afetam-a-regiao-de-presidente-prudente\/#primaryimage","url":"https:\/\/radiolifefm.com.br\/noticias\/wp-content\/uploads\/2020\/05\/Mapa-covid-regi\u00e3o.jpg","contentUrl":"https:\/\/radiolifefm.com.br\/noticias\/wp-content\/uploads\/2020\/05\/Mapa-covid-regi\u00e3o.jpg","width":945,"height":524},{"@type":"BreadcrumbList","@id":"https:\/\/radiolifefm.com.br\/noticias\/como-as-medidas-da-flexibilizacao-da-quarentena-anunciadas-pelo-governo-do-estado-afetam-a-regiao-de-presidente-prudente\/#breadcrumb","itemListElement":[{"@type":"ListItem","position":1,"name":"In\u00edcio","item":"https:\/\/radiolifefm.com.br\/noticias\/"},{"@type":"ListItem","position":2,"name":"Como as medidas da flexibiliza\u00e7\u00e3o da quarentena anunciadas pelo governo do Estado afetam a regi\u00e3o de Presidente Prudente"}]},{"@type":"WebSite","@id":"https:\/\/radiolifefm.com.br\/noticias\/#website","url":"https:\/\/radiolifefm.com.br\/noticias\/","name":"R\u00e1dio Life FM","description":"O Portal de Not\u00edcias de Adamantina","publisher":{"@id":"https:\/\/radiolifefm.com.br\/noticias\/#organization"},"alternateName":"Life FM","potentialAction":[{"@type":"SearchAction","target":{"@type":"EntryPoint","urlTemplate":"https:\/\/radiolifefm.com.br\/noticias\/?s={search_term_string}"},"query-input":{"@type":"PropertyValueSpecification","valueRequired":true,"valueName":"search_term_string"}}],"inLanguage":"pt-BR"},{"@type":"Organization","@id":"https:\/\/radiolifefm.com.br\/noticias\/#organization","name":"R\u00e1dio Life FM","alternateName":"Life FM","url":"https:\/\/radiolifefm.com.br\/noticias\/","logo":{"@type":"ImageObject","inLanguage":"pt-BR","@id":"https:\/\/radiolifefm.com.br\/noticias\/#\/schema\/logo\/image\/","url":"https:\/\/static.radiolifefm.com.br\/noticias\/wp-content\/uploads\/2019\/10\/logo-lifefm.png","contentUrl":"https:\/\/static.radiolifefm.com.br\/noticias\/wp-content\/uploads\/2019\/10\/logo-lifefm.png","width":196,"height":47,"caption":"R\u00e1dio Life FM"},"image":{"@id":"https:\/\/radiolifefm.com.br\/noticias\/#\/schema\/logo\/image\/"},"sameAs":["https:\/\/www.facebook.com\/radiolifefm\/","https:\/\/www.instagram.com\/life1079fm\/"]},{"@type":"Person","@id":"https:\/\/radiolifefm.com.br\/noticias\/#\/schema\/person\/1d4e4b1301322090c6221bf1c8420490","name":"lifefm","image":{"@type":"ImageObject","inLanguage":"pt-BR","@id":"https:\/\/secure.gravatar.com\/avatar\/eca268467d925ec97d20641bb054fd944c0abb2f92854171620706bbe6474e7c?s=96&d=mm&r=g","url":"https:\/\/secure.gravatar.com\/avatar\/eca268467d925ec97d20641bb054fd944c0abb2f92854171620706bbe6474e7c?s=96&d=mm&r=g","contentUrl":"https:\/\/secure.gravatar.com\/avatar\/eca268467d925ec97d20641bb054fd944c0abb2f92854171620706bbe6474e7c?s=96&d=mm&r=g","caption":"lifefm"}}]}},"amp_enabled":true,"_links":{"self":[{"href":"https:\/\/radiolifefm.com.br\/noticias\/wp-json\/wp\/v2\/posts\/23610","targetHints":{"allow":["GET"]}}],"collection":[{"href":"https:\/\/radiolifefm.com.br\/noticias\/wp-json\/wp\/v2\/posts"}],"about":[{"href":"https:\/\/radiolifefm.com.br\/noticias\/wp-json\/wp\/v2\/types\/post"}],"author":[{"embeddable":true,"href":"https:\/\/radiolifefm.com.br\/noticias\/wp-json\/wp\/v2\/users\/3"}],"replies":[{"embeddable":true,"href":"https:\/\/radiolifefm.com.br\/noticias\/wp-json\/wp\/v2\/comments?post=23610"}],"version-history":[{"count":2,"href":"https:\/\/radiolifefm.com.br\/noticias\/wp-json\/wp\/v2\/posts\/23610\/revisions"}],"predecessor-version":[{"id":23614,"href":"https:\/\/radiolifefm.com.br\/noticias\/wp-json\/wp\/v2\/posts\/23610\/revisions\/23614"}],"wp:featuredmedia":[{"embeddable":true,"href":"https:\/\/radiolifefm.com.br\/noticias\/wp-json\/wp\/v2\/media\/23612"}],"wp:attachment":[{"href":"https:\/\/radiolifefm.com.br\/noticias\/wp-json\/wp\/v2\/media?parent=23610"}],"wp:term":[{"taxonomy":"category","embeddable":true,"href":"https:\/\/radiolifefm.com.br\/noticias\/wp-json\/wp\/v2\/categories?post=23610"},{"taxonomy":"post_tag","embeddable":true,"href":"https:\/\/radiolifefm.com.br\/noticias\/wp-json\/wp\/v2\/tags?post=23610"}],"curies":[{"name":"wp","href":"https:\/\/api.w.org\/{rel}","templated":true}]}}