{"id":23589,"date":"2020-05-26T18:09:48","date_gmt":"2020-05-26T21:09:48","guid":{"rendered":"https:\/\/radiolifefm.com.br\/noticias\/?p=23589"},"modified":"2026-04-18T22:47:25","modified_gmt":"2026-04-19T01:47:25","slug":"detento-morre-com-suspeita-de-covid-19-em-florida-paulista","status":"publish","type":"post","link":"https:\/\/radiolifefm.com.br\/noticias\/detento-morre-com-suspeita-de-covid-19-em-florida-paulista\/","title":{"rendered":"Detento morre com suspeita de Covid-19 em Fl\u00f3rida Paulista"},"content":{"rendered":"<div id=\"fb-root\"><\/div>\n<p>&nbsp;<\/p>\n<p>Um detento de 27 anos que estava sob cust\u00f3dia do Estado na Penitenci\u00e1ria de Fl\u00f3rida Paulista, faleceu no \u00faltimo domingo (24) e uma das suspeitas \u00e9 de que ele tenha sido acometido pelo coronav\u00edrus (Covid-19). Ele estava sob cuidados m\u00e9dicos na Santa Casa de Fl\u00f3rida Paulista.<\/p>\n<p>&nbsp;<\/p>\n<p>Documentos revelam que o detento apresentava um quadro de pneumonia, com febre, tosse e falta de ar, sintomas caracter\u00edsticos do Covid-19.<\/p>\n<p>&nbsp;<\/p>\n<p>O corpo do detento foi encaminhado para o Instituto M\u00e9dico Legal de Adamantina, onde passou por exames necrosc\u00f3picos.<\/p>\n<p>&nbsp;<\/p>\n<p>No documento emitido pelo I. M. L., datado do \u00faltimo dia 24 e assinado por um m\u00e9dico legisla, n\u00e3o consta a decorr\u00eancia da morte, por\u00e9m, aponta \u201cmorte a esclarecer\u201d e \u201caguarda exames\u201d, nos campos preenchidos.<\/p>\n<p>&nbsp;<\/p>\n<p>Segundo a Secretaria Municipal de Sa\u00fade de Fl\u00f3rida Paulista, materiais sorol\u00f3gicos foram colhidos antes de seu falecimento e encaminhados para exames que v\u00e3o apontar se o homem havia ou n\u00e3o sido infectado com a doen\u00e7a.<\/p>\n<p>&nbsp;<\/p>\n<p>Ainda para a Secretaria de Sa\u00fade de Fl\u00f3rida Paulista, o \u00f3bito do detento \u00e9 tratado como suspeito de Covid-19, conforme informou o respons\u00e1vel pela Vigil\u00e2ncia Epidemiol\u00f3gica.<\/p>\n<p>&nbsp;<\/p>\n<p>&nbsp;<\/p>\n<p><span style=\"color: #808080\">Fonte: Folha Regional<\/span><\/p>\n","protected":false},"excerpt":{"rendered":"<p>&nbsp; Um detento de 27 anos que estava sob cust\u00f3dia do Estado na Penitenci\u00e1ria de Fl\u00f3rida Paulista, faleceu no \u00faltimo domingo (24) e uma das suspeitas \u00e9 de que ele tenha sido acometido pelo coronav\u00edrus (Covid-19). Ele estava sob cuidados m\u00e9dicos na Santa Casa de Fl\u00f3rida Paulista. &nbsp; Documentos revelam que o detento apresentava um [&hellip;]<\/p>\n","protected":false},"author":3,"featured_media":23595,"comment_status":"closed","ping_status":"open","sticky":false,"template":"","format":"standard","meta":{"_acf_changed":false,"_exactmetrics_skip_tracking":false,"_exactmetrics_sitenote_active":false,"_exactmetrics_sitenote_note":"","_exactmetrics_sitenote_category":0,"footnotes":""},"categories":[24],"tags":[],"class_list":["post-23589","post","type-post","status-publish","format-standard","has-post-thumbnail","hentry","category-regiao"],"acf":[],"yoast_head":"<!-- This site is optimized with the Yoast SEO plugin v27.2 - https:\/\/yoast.com\/product\/yoast-seo-wordpress\/ -->\n<title>Detento morre com suspeita de Covid-19 em Fl\u00f3rida Paulista - R\u00e1dio Life FM<\/title>\n<meta name=\"robots\" content=\"index, follow, max-snippet:-1, max-image-preview:large, max-video-preview:-1\" \/>\n<link rel=\"canonical\" href=\"https:\/\/radiolifefm.com.br\/noticias\/detento-morre-com-suspeita-de-covid-19-em-florida-paulista\/\" \/>\n<meta property=\"og:locale\" content=\"pt_BR\" \/>\n<meta property=\"og:type\" content=\"article\" \/>\n<meta property=\"og:title\" content=\"Detento morre com suspeita de Covid-19 em Fl\u00f3rida Paulista - R\u00e1dio Life FM\" \/>\n<meta property=\"og:description\" content=\"&nbsp; Um detento de 27 anos que estava sob cust\u00f3dia do Estado na Penitenci\u00e1ria de Fl\u00f3rida Paulista, faleceu no \u00faltimo domingo (24) e uma das suspeitas \u00e9 de que ele tenha sido acometido pelo coronav\u00edrus (Covid-19). Ele estava sob cuidados m\u00e9dicos na Santa Casa de Fl\u00f3rida Paulista. &nbsp; Documentos revelam que o detento apresentava um [&hellip;]\" \/>\n<meta property=\"og:url\" content=\"https:\/\/radiolifefm.com.br\/noticias\/detento-morre-com-suspeita-de-covid-19-em-florida-paulista\/\" \/>\n<meta property=\"og:site_name\" content=\"R\u00e1dio Life FM\" \/>\n<meta property=\"article:publisher\" content=\"https:\/\/www.facebook.com\/radiolifefm\/\" \/>\n<meta property=\"article:published_time\" content=\"2020-05-26T21:09:48+00:00\" \/>\n<meta property=\"article:modified_time\" content=\"2026-04-19T01:47:25+00:00\" \/>\n<meta property=\"og:image\" content=\"https:\/\/radiolifefm.com.br\/noticias\/wp-content\/uploads\/2020\/05\/COVID-Life.jpg\" \/>\n\t<meta property=\"og:image:width\" content=\"1200\" \/>\n\t<meta property=\"og:image:height\" content=\"630\" \/>\n\t<meta property=\"og:image:type\" content=\"image\/jpeg\" \/>\n<meta name=\"author\" content=\"lifefm\" \/>\n<meta name=\"twitter:card\" content=\"summary_large_image\" \/>\n<meta name=\"twitter:label1\" content=\"Escrito por\" \/>\n\t<meta name=\"twitter:data1\" content=\"lifefm\" \/>\n\t<meta name=\"twitter:label2\" content=\"Est. tempo de leitura\" \/>\n\t<meta name=\"twitter:data2\" content=\"1 minuto\" \/>\n<script type=\"application\/ld+json\" class=\"yoast-schema-graph\">{\"@context\":\"https:\/\/schema.org\",\"@graph\":[{\"@type\":\"Article\",\"@id\":\"https:\/\/radiolifefm.com.br\/noticias\/detento-morre-com-suspeita-de-covid-19-em-florida-paulista\/#article\",\"isPartOf\":{\"@id\":\"https:\/\/radiolifefm.com.br\/noticias\/detento-morre-com-suspeita-de-covid-19-em-florida-paulista\/\"},\"author\":{\"name\":\"lifefm\",\"@id\":\"https:\/\/radiolifefm.com.br\/noticias\/#\/schema\/person\/1d4e4b1301322090c6221bf1c8420490\"},\"headline\":\"Detento morre com suspeita de Covid-19 em Fl\u00f3rida Paulista\",\"datePublished\":\"2020-05-26T21:09:48+00:00\",\"dateModified\":\"2026-04-19T01:47:25+00:00\",\"mainEntityOfPage\":{\"@id\":\"https:\/\/radiolifefm.com.br\/noticias\/detento-morre-com-suspeita-de-covid-19-em-florida-paulista\/\"},\"wordCount\":221,\"publisher\":{\"@id\":\"https:\/\/radiolifefm.com.br\/noticias\/#organization\"},\"image\":{\"@id\":\"https:\/\/radiolifefm.com.br\/noticias\/detento-morre-com-suspeita-de-covid-19-em-florida-paulista\/#primaryimage\"},\"thumbnailUrl\":\"https:\/\/radiolifefm.com.br\/noticias\/wp-content\/uploads\/2020\/05\/COVID-Life.jpg\",\"articleSection\":[\"Regi\u00e3o\"],\"inLanguage\":\"pt-BR\"},{\"@type\":\"WebPage\",\"@id\":\"https:\/\/radiolifefm.com.br\/noticias\/detento-morre-com-suspeita-de-covid-19-em-florida-paulista\/\",\"url\":\"https:\/\/radiolifefm.com.br\/noticias\/detento-morre-com-suspeita-de-covid-19-em-florida-paulista\/\",\"name\":\"Detento morre com suspeita de Covid-19 em Fl\u00f3rida Paulista - R\u00e1dio Life FM\",\"isPartOf\":{\"@id\":\"https:\/\/radiolifefm.com.br\/noticias\/#website\"},\"primaryImageOfPage\":{\"@id\":\"https:\/\/radiolifefm.com.br\/noticias\/detento-morre-com-suspeita-de-covid-19-em-florida-paulista\/#primaryimage\"},\"image\":{\"@id\":\"https:\/\/radiolifefm.com.br\/noticias\/detento-morre-com-suspeita-de-covid-19-em-florida-paulista\/#primaryimage\"},\"thumbnailUrl\":\"https:\/\/radiolifefm.com.br\/noticias\/wp-content\/uploads\/2020\/05\/COVID-Life.jpg\",\"datePublished\":\"2020-05-26T21:09:48+00:00\",\"dateModified\":\"2026-04-19T01:47:25+00:00\",\"breadcrumb\":{\"@id\":\"https:\/\/radiolifefm.com.br\/noticias\/detento-morre-com-suspeita-de-covid-19-em-florida-paulista\/#breadcrumb\"},\"inLanguage\":\"pt-BR\",\"potentialAction\":[{\"@type\":\"ReadAction\",\"target\":[\"https:\/\/radiolifefm.com.br\/noticias\/detento-morre-com-suspeita-de-covid-19-em-florida-paulista\/\"]}]},{\"@type\":\"ImageObject\",\"inLanguage\":\"pt-BR\",\"@id\":\"https:\/\/radiolifefm.com.br\/noticias\/detento-morre-com-suspeita-de-covid-19-em-florida-paulista\/#primaryimage\",\"url\":\"https:\/\/radiolifefm.com.br\/noticias\/wp-content\/uploads\/2020\/05\/COVID-Life.jpg\",\"contentUrl\":\"https:\/\/radiolifefm.com.br\/noticias\/wp-content\/uploads\/2020\/05\/COVID-Life.jpg\",\"width\":1200,\"height\":630},{\"@type\":\"BreadcrumbList\",\"@id\":\"https:\/\/radiolifefm.com.br\/noticias\/detento-morre-com-suspeita-de-covid-19-em-florida-paulista\/#breadcrumb\",\"itemListElement\":[{\"@type\":\"ListItem\",\"position\":1,\"name\":\"In\u00edcio\",\"item\":\"https:\/\/radiolifefm.com.br\/noticias\/\"},{\"@type\":\"ListItem\",\"position\":2,\"name\":\"Detento morre com suspeita de Covid-19 em Fl\u00f3rida Paulista\"}]},{\"@type\":\"WebSite\",\"@id\":\"https:\/\/radiolifefm.com.br\/noticias\/#website\",\"url\":\"https:\/\/radiolifefm.com.br\/noticias\/\",\"name\":\"R\u00e1dio Life FM\",\"description\":\"O Portal de Not\u00edcias de Adamantina\",\"publisher\":{\"@id\":\"https:\/\/radiolifefm.com.br\/noticias\/#organization\"},\"alternateName\":\"Life FM\",\"potentialAction\":[{\"@type\":\"SearchAction\",\"target\":{\"@type\":\"EntryPoint\",\"urlTemplate\":\"https:\/\/radiolifefm.com.br\/noticias\/?s={search_term_string}\"},\"query-input\":{\"@type\":\"PropertyValueSpecification\",\"valueRequired\":true,\"valueName\":\"search_term_string\"}}],\"inLanguage\":\"pt-BR\"},{\"@type\":\"Organization\",\"@id\":\"https:\/\/radiolifefm.com.br\/noticias\/#organization\",\"name\":\"R\u00e1dio Life FM\",\"alternateName\":\"Life FM\",\"url\":\"https:\/\/radiolifefm.com.br\/noticias\/\",\"logo\":{\"@type\":\"ImageObject\",\"inLanguage\":\"pt-BR\",\"@id\":\"https:\/\/radiolifefm.com.br\/noticias\/#\/schema\/logo\/image\/\",\"url\":\"https:\/\/static.radiolifefm.com.br\/noticias\/wp-content\/uploads\/2019\/10\/logo-lifefm.png\",\"contentUrl\":\"https:\/\/static.radiolifefm.com.br\/noticias\/wp-content\/uploads\/2019\/10\/logo-lifefm.png\",\"width\":196,\"height\":47,\"caption\":\"R\u00e1dio Life FM\"},\"image\":{\"@id\":\"https:\/\/radiolifefm.com.br\/noticias\/#\/schema\/logo\/image\/\"},\"sameAs\":[\"https:\/\/www.facebook.com\/radiolifefm\/\",\"https:\/\/www.instagram.com\/life1079fm\/\"]},{\"@type\":\"Person\",\"@id\":\"https:\/\/radiolifefm.com.br\/noticias\/#\/schema\/person\/1d4e4b1301322090c6221bf1c8420490\",\"name\":\"lifefm\",\"image\":{\"@type\":\"ImageObject\",\"inLanguage\":\"pt-BR\",\"@id\":\"https:\/\/secure.gravatar.com\/avatar\/eca268467d925ec97d20641bb054fd944c0abb2f92854171620706bbe6474e7c?s=96&d=mm&r=g\",\"url\":\"https:\/\/secure.gravatar.com\/avatar\/eca268467d925ec97d20641bb054fd944c0abb2f92854171620706bbe6474e7c?s=96&d=mm&r=g\",\"contentUrl\":\"https:\/\/secure.gravatar.com\/avatar\/eca268467d925ec97d20641bb054fd944c0abb2f92854171620706bbe6474e7c?s=96&d=mm&r=g\",\"caption\":\"lifefm\"}}]}<\/script>\n<!-- \/ Yoast SEO plugin. -->","yoast_head_json":{"title":"Detento morre com suspeita de Covid-19 em Fl\u00f3rida Paulista - R\u00e1dio Life FM","robots":{"index":"index","follow":"follow","max-snippet":"max-snippet:-1","max-image-preview":"max-image-preview:large","max-video-preview":"max-video-preview:-1"},"canonical":"https:\/\/radiolifefm.com.br\/noticias\/detento-morre-com-suspeita-de-covid-19-em-florida-paulista\/","og_locale":"pt_BR","og_type":"article","og_title":"Detento morre com suspeita de Covid-19 em Fl\u00f3rida Paulista - R\u00e1dio Life FM","og_description":"&nbsp; Um detento de 27 anos que estava sob cust\u00f3dia do Estado na Penitenci\u00e1ria de Fl\u00f3rida Paulista, faleceu no \u00faltimo domingo (24) e uma das suspeitas \u00e9 de que ele tenha sido acometido pelo coronav\u00edrus (Covid-19). Ele estava sob cuidados m\u00e9dicos na Santa Casa de Fl\u00f3rida Paulista. &nbsp; Documentos revelam que o detento apresentava um [&hellip;]","og_url":"https:\/\/radiolifefm.com.br\/noticias\/detento-morre-com-suspeita-de-covid-19-em-florida-paulista\/","og_site_name":"R\u00e1dio Life FM","article_publisher":"https:\/\/www.facebook.com\/radiolifefm\/","article_published_time":"2020-05-26T21:09:48+00:00","article_modified_time":"2026-04-19T01:47:25+00:00","og_image":[{"width":1200,"height":630,"url":"https:\/\/radiolifefm.com.br\/noticias\/wp-content\/uploads\/2020\/05\/COVID-Life.jpg","type":"image\/jpeg"}],"author":"lifefm","twitter_card":"summary_large_image","twitter_misc":{"Escrito por":"lifefm","Est. tempo de leitura":"1 minuto"},"schema":{"@context":"https:\/\/schema.org","@graph":[{"@type":"Article","@id":"https:\/\/radiolifefm.com.br\/noticias\/detento-morre-com-suspeita-de-covid-19-em-florida-paulista\/#article","isPartOf":{"@id":"https:\/\/radiolifefm.com.br\/noticias\/detento-morre-com-suspeita-de-covid-19-em-florida-paulista\/"},"author":{"name":"lifefm","@id":"https:\/\/radiolifefm.com.br\/noticias\/#\/schema\/person\/1d4e4b1301322090c6221bf1c8420490"},"headline":"Detento morre com suspeita de Covid-19 em Fl\u00f3rida Paulista","datePublished":"2020-05-26T21:09:48+00:00","dateModified":"2026-04-19T01:47:25+00:00","mainEntityOfPage":{"@id":"https:\/\/radiolifefm.com.br\/noticias\/detento-morre-com-suspeita-de-covid-19-em-florida-paulista\/"},"wordCount":221,"publisher":{"@id":"https:\/\/radiolifefm.com.br\/noticias\/#organization"},"image":{"@id":"https:\/\/radiolifefm.com.br\/noticias\/detento-morre-com-suspeita-de-covid-19-em-florida-paulista\/#primaryimage"},"thumbnailUrl":"https:\/\/radiolifefm.com.br\/noticias\/wp-content\/uploads\/2020\/05\/COVID-Life.jpg","articleSection":["Regi\u00e3o"],"inLanguage":"pt-BR"},{"@type":"WebPage","@id":"https:\/\/radiolifefm.com.br\/noticias\/detento-morre-com-suspeita-de-covid-19-em-florida-paulista\/","url":"https:\/\/radiolifefm.com.br\/noticias\/detento-morre-com-suspeita-de-covid-19-em-florida-paulista\/","name":"Detento morre com suspeita de Covid-19 em Fl\u00f3rida Paulista - R\u00e1dio Life FM","isPartOf":{"@id":"https:\/\/radiolifefm.com.br\/noticias\/#website"},"primaryImageOfPage":{"@id":"https:\/\/radiolifefm.com.br\/noticias\/detento-morre-com-suspeita-de-covid-19-em-florida-paulista\/#primaryimage"},"image":{"@id":"https:\/\/radiolifefm.com.br\/noticias\/detento-morre-com-suspeita-de-covid-19-em-florida-paulista\/#primaryimage"},"thumbnailUrl":"https:\/\/radiolifefm.com.br\/noticias\/wp-content\/uploads\/2020\/05\/COVID-Life.jpg","datePublished":"2020-05-26T21:09:48+00:00","dateModified":"2026-04-19T01:47:25+00:00","breadcrumb":{"@id":"https:\/\/radiolifefm.com.br\/noticias\/detento-morre-com-suspeita-de-covid-19-em-florida-paulista\/#breadcrumb"},"inLanguage":"pt-BR","potentialAction":[{"@type":"ReadAction","target":["https:\/\/radiolifefm.com.br\/noticias\/detento-morre-com-suspeita-de-covid-19-em-florida-paulista\/"]}]},{"@type":"ImageObject","inLanguage":"pt-BR","@id":"https:\/\/radiolifefm.com.br\/noticias\/detento-morre-com-suspeita-de-covid-19-em-florida-paulista\/#primaryimage","url":"https:\/\/radiolifefm.com.br\/noticias\/wp-content\/uploads\/2020\/05\/COVID-Life.jpg","contentUrl":"https:\/\/radiolifefm.com.br\/noticias\/wp-content\/uploads\/2020\/05\/COVID-Life.jpg","width":1200,"height":630},{"@type":"BreadcrumbList","@id":"https:\/\/radiolifefm.com.br\/noticias\/detento-morre-com-suspeita-de-covid-19-em-florida-paulista\/#breadcrumb","itemListElement":[{"@type":"ListItem","position":1,"name":"In\u00edcio","item":"https:\/\/radiolifefm.com.br\/noticias\/"},{"@type":"ListItem","position":2,"name":"Detento morre com suspeita de Covid-19 em Fl\u00f3rida Paulista"}]},{"@type":"WebSite","@id":"https:\/\/radiolifefm.com.br\/noticias\/#website","url":"https:\/\/radiolifefm.com.br\/noticias\/","name":"R\u00e1dio Life FM","description":"O Portal de Not\u00edcias de Adamantina","publisher":{"@id":"https:\/\/radiolifefm.com.br\/noticias\/#organization"},"alternateName":"Life FM","potentialAction":[{"@type":"SearchAction","target":{"@type":"EntryPoint","urlTemplate":"https:\/\/radiolifefm.com.br\/noticias\/?s={search_term_string}"},"query-input":{"@type":"PropertyValueSpecification","valueRequired":true,"valueName":"search_term_string"}}],"inLanguage":"pt-BR"},{"@type":"Organization","@id":"https:\/\/radiolifefm.com.br\/noticias\/#organization","name":"R\u00e1dio Life FM","alternateName":"Life FM","url":"https:\/\/radiolifefm.com.br\/noticias\/","logo":{"@type":"ImageObject","inLanguage":"pt-BR","@id":"https:\/\/radiolifefm.com.br\/noticias\/#\/schema\/logo\/image\/","url":"https:\/\/static.radiolifefm.com.br\/noticias\/wp-content\/uploads\/2019\/10\/logo-lifefm.png","contentUrl":"https:\/\/static.radiolifefm.com.br\/noticias\/wp-content\/uploads\/2019\/10\/logo-lifefm.png","width":196,"height":47,"caption":"R\u00e1dio Life FM"},"image":{"@id":"https:\/\/radiolifefm.com.br\/noticias\/#\/schema\/logo\/image\/"},"sameAs":["https:\/\/www.facebook.com\/radiolifefm\/","https:\/\/www.instagram.com\/life1079fm\/"]},{"@type":"Person","@id":"https:\/\/radiolifefm.com.br\/noticias\/#\/schema\/person\/1d4e4b1301322090c6221bf1c8420490","name":"lifefm","image":{"@type":"ImageObject","inLanguage":"pt-BR","@id":"https:\/\/secure.gravatar.com\/avatar\/eca268467d925ec97d20641bb054fd944c0abb2f92854171620706bbe6474e7c?s=96&d=mm&r=g","url":"https:\/\/secure.gravatar.com\/avatar\/eca268467d925ec97d20641bb054fd944c0abb2f92854171620706bbe6474e7c?s=96&d=mm&r=g","contentUrl":"https:\/\/secure.gravatar.com\/avatar\/eca268467d925ec97d20641bb054fd944c0abb2f92854171620706bbe6474e7c?s=96&d=mm&r=g","caption":"lifefm"}}]}},"amp_enabled":true,"_links":{"self":[{"href":"https:\/\/radiolifefm.com.br\/noticias\/wp-json\/wp\/v2\/posts\/23589","targetHints":{"allow":["GET"]}}],"collection":[{"href":"https:\/\/radiolifefm.com.br\/noticias\/wp-json\/wp\/v2\/posts"}],"about":[{"href":"https:\/\/radiolifefm.com.br\/noticias\/wp-json\/wp\/v2\/types\/post"}],"author":[{"embeddable":true,"href":"https:\/\/radiolifefm.com.br\/noticias\/wp-json\/wp\/v2\/users\/3"}],"replies":[{"embeddable":true,"href":"https:\/\/radiolifefm.com.br\/noticias\/wp-json\/wp\/v2\/comments?post=23589"}],"version-history":[{"count":5,"href":"https:\/\/radiolifefm.com.br\/noticias\/wp-json\/wp\/v2\/posts\/23589\/revisions"}],"predecessor-version":[{"id":23597,"href":"https:\/\/radiolifefm.com.br\/noticias\/wp-json\/wp\/v2\/posts\/23589\/revisions\/23597"}],"wp:featuredmedia":[{"embeddable":true,"href":"https:\/\/radiolifefm.com.br\/noticias\/wp-json\/wp\/v2\/media\/23595"}],"wp:attachment":[{"href":"https:\/\/radiolifefm.com.br\/noticias\/wp-json\/wp\/v2\/media?parent=23589"}],"wp:term":[{"taxonomy":"category","embeddable":true,"href":"https:\/\/radiolifefm.com.br\/noticias\/wp-json\/wp\/v2\/categories?post=23589"},{"taxonomy":"post_tag","embeddable":true,"href":"https:\/\/radiolifefm.com.br\/noticias\/wp-json\/wp\/v2\/tags?post=23589"}],"curies":[{"name":"wp","href":"https:\/\/api.w.org\/{rel}","templated":true}]}}