{"id":23496,"date":"2020-05-25T07:51:20","date_gmt":"2020-05-25T10:51:20","guid":{"rendered":"https:\/\/radiolifefm.com.br\/noticias\/?p=23496"},"modified":"2026-04-20T17:54:55","modified_gmt":"2026-04-20T20:54:55","slug":"provincia-pandemia-coiso-e-pais-do-faz-de-conta-sergio-barbosa-opiniao","status":"publish","type":"post","link":"https:\/\/radiolifefm.com.br\/noticias\/provincia-pandemia-coiso-e-pais-do-faz-de-conta-sergio-barbosa-opiniao\/","title":{"rendered":"Prov\u00edncia, Pandemia, \u201cCoiso\u201d e Pa\u00eds do Faz de Conta&#8230; &#8211; S\u00e9rgio Barbosa &#8211; Opini\u00e3o"},"content":{"rendered":"<div id=\"fb-root\"><\/div>\n<p><em><strong>Prov\u00edncia, Pandemia, \u201cCoiso\u201d e Pa\u00eds do Faz de Conta&#8230;<\/strong><\/em><\/p>\n<p><em>\u201cUma criatividade que surge a partir de uma consci\u00eancia desperta para criar um novo paradigma: um mundo novo.\u201d (Miriam Subirana in \u201cCriatividade para Mudar sua Vida\u201d)<\/em><\/p>\n<p><em>S\u00e9rgio Barbosa (*)<\/em><\/p>\n<p>Pelo andar da PANDEMIA em n\u00edvel de PA\u00cdS DO FAZ DE CONTA, ainda, com reflexo sem mais e sem menos, alias, com muito menos em TERRAS PROVINCIANAS, pode-se esperar tudo e mais alguma coisa deste COISO&#8230;<\/p>\n<p>Al\u00e9m de menos em meio ao tudo de mais, a M\u00cdDIA na \u00e1rea GLOCAL, ou seja, do GLOBAL para o LOCAL continua patinando nas mesmices de sempre quanto aos desencontros patrocinados pelos interesses comerciais e ponto quase final&#8230;<\/p>\n<p>O cen\u00e1rio atual \u00e9 resultado dos problemas causados pela PANDEMIA est\u00e3o nos quatro cantos deste P\u00c1IS DO FAZ DE CONTA, bem como, nas \u00e1reas de produ\u00e7\u00e3o, comercio e presta\u00e7\u00e3o de servi\u00e7os na PROV\u00cdNCIA&#8230;<\/p>\n<p>Portanto, TODO CUIDADO \u00c9 POUCO neste contexto plural para a comunidade provinciana, ainda, torna-se necess\u00e1rio levar em conta que \u00e9 a PREVEN\u00c7\u00c3O, ainda, \u00c9 O MELHOR REM\u00c9DIO para ficar longe desta PANDEMIA&#8230;<\/p>\n<p>Entretanto, todos os esfor\u00e7\u00f5es das autoridades m\u00e9dicas e sanit\u00e1rias, bem como, do PODER P\u00daBLICO nas esferas ESTADUAL e MUNICIPAL est\u00e3o longe dos \u00edndices esperados, pode-se registrar que tais desencontros devem continuar no mesmo ritmo de sempre quanto \u00e0 predomin\u00e2ncia do CORONAV\u00cdRUS no cen\u00e1rio provinciano&#8230;<\/p>\n<p>Tamb\u00e9m, ainda, continuam predominando as desinforma\u00e7\u00f5es por meio dos famigerados FAKENEWS sobre os fatos relacionados com os danos causados pela prolifera\u00e7\u00e3o da PANDEMIA nos quatro cantos neste PA\u00cdS DO FAZ DE CONTA em tempo de COISO com COISAS&#8230;<\/p>\n<p>A M\u00cdDIA continua tendo um papel fundamental para a manuten\u00e7\u00e3o das desinforma\u00e7\u00f5es que circulam de um lado para o outro, tamb\u00e9m, as REDES SOCIAIS continuam mediando para o BEM e para o MAL, talvez, entre serem MAU ou BOM, milhares de desinforma\u00e7\u00f5es patrocinadas pelos interesses deste ou do outro lado&#8230;<\/p>\n<p>Por isso e mais aquilo, faz-se necess\u00e1rio estar em conex\u00e3o com a REFLEX\u00c3O CR\u00cdTICA para separar o JOIO do TRIGO nesta PANDEMIA, por\u00e9m, n\u00e3o se pode esquecer que o PODER continua manipulando a MANADA PROVINCIANA de um jeito ou de outro neste VELHO TEMPO NOVO&#8230;<\/p>\n<p>As MENTES BOVINAS est\u00e3o atuando em todas as frentes do MERCADO PROVINCIANO, portanto, cada qual deve saber como sair desta MESMICE DE SEMPRE que vem se repetindo com apoio AMPLO, GERAL e IRRESTRITO do PODER ORGANIZACIONAL&#8230;<\/p>\n<p>Tais considera\u00e7\u00f5es s\u00e3o necess\u00e1rias em tempo de PANDEMIA, pois, depois destes desencontros causados pela PANDEMIA darem uma tr\u00e9gua, considerando que o MUNDO nunca mais ser\u00e1 o mesmo depois disto ou daquilo, torna-se necess\u00e1rio repensar os PARADIGMAS existentes antes desta CRISE MUNDIAL, bem como, para uma TRANSI\u00c7\u00c3O de acordo com as novas PROPOSTAS e EXIG\u00caNCIAS deste NOVO TEMPO NOVO&#8230;<\/p>\n<p>QUEM SOBREVIVER VAI SABER&#8230;<\/p>\n<div class='flex flex-wrap items-center -mx-1'>\r\n<a class='thumbnail gallery p-1 w-1\/2 md:w-1\/4' href='https:\/\/radiolifefm.com.br\/noticias\/wp-content\/uploads\/2020\/05\/SEBAR-5-scaled.jpg'><img class='border border-white' src='https:\/\/radiolifefm.com.br\/noticias\/wp-content\/uploads\/2020\/05\/SEBAR-5-200x200.jpg' alt='SEBAR' \/><\/a><a class='thumbnail gallery p-1 w-1\/2 md:w-1\/4' href='https:\/\/radiolifefm.com.br\/noticias\/wp-content\/uploads\/2020\/05\/SEBAR-1-3-scaled.jpg'><img class='border border-white' src='https:\/\/radiolifefm.com.br\/noticias\/wp-content\/uploads\/2020\/05\/SEBAR-1-3-200x200.jpg' alt='SEBAR   1' \/><\/a><\/div>\n<p>______________________________<br \/>\n(*) jornalista diplomado e professor universit\u00e1rio.<\/p>\n","protected":false},"excerpt":{"rendered":"<p>Prov\u00edncia, Pandemia, \u201cCoiso\u201d e Pa\u00eds do Faz de Conta&#8230; \u201cUma criatividade que surge a partir de uma consci\u00eancia desperta para criar um novo paradigma: um mundo novo.\u201d (Miriam Subirana in \u201cCriatividade para Mudar sua Vida\u201d) S\u00e9rgio Barbosa (*) Pelo andar da PANDEMIA em n\u00edvel de PA\u00cdS DO FAZ DE CONTA, ainda, com reflexo sem mais [&hellip;]<\/p>\n","protected":false},"author":3,"featured_media":23499,"comment_status":"closed","ping_status":"open","sticky":false,"template":"","format":"standard","meta":{"_acf_changed":false,"_exactmetrics_skip_tracking":false,"_exactmetrics_sitenote_active":false,"_exactmetrics_sitenote_note":"","_exactmetrics_sitenote_category":0,"footnotes":""},"categories":[59],"tags":[],"class_list":["post-23496","post","type-post","status-publish","format-standard","has-post-thumbnail","hentry","category-opiniao"],"acf":[],"yoast_head":"<!-- This site is optimized with the Yoast SEO plugin v27.2 - https:\/\/yoast.com\/product\/yoast-seo-wordpress\/ -->\n<title>Prov\u00edncia, Pandemia, \u201cCoiso\u201d e Pa\u00eds do Faz de Conta... - S\u00e9rgio Barbosa - Opini\u00e3o - R\u00e1dio Life FM<\/title>\n<meta name=\"robots\" content=\"index, follow, max-snippet:-1, max-image-preview:large, max-video-preview:-1\" \/>\n<link rel=\"canonical\" href=\"https:\/\/radiolifefm.com.br\/noticias\/provincia-pandemia-coiso-e-pais-do-faz-de-conta-sergio-barbosa-opiniao\/\" \/>\n<meta property=\"og:locale\" content=\"pt_BR\" \/>\n<meta property=\"og:type\" content=\"article\" \/>\n<meta property=\"og:title\" content=\"Prov\u00edncia, Pandemia, \u201cCoiso\u201d e Pa\u00eds do Faz de Conta... - S\u00e9rgio Barbosa - Opini\u00e3o - R\u00e1dio Life FM\" \/>\n<meta property=\"og:description\" content=\"Prov\u00edncia, Pandemia, \u201cCoiso\u201d e Pa\u00eds do Faz de Conta&#8230; \u201cUma criatividade que surge a partir de uma consci\u00eancia desperta para criar um novo paradigma: um mundo novo.\u201d (Miriam Subirana in \u201cCriatividade para Mudar sua Vida\u201d) S\u00e9rgio Barbosa (*) Pelo andar da PANDEMIA em n\u00edvel de PA\u00cdS DO FAZ DE CONTA, ainda, com reflexo sem mais [&hellip;]\" \/>\n<meta property=\"og:url\" content=\"https:\/\/radiolifefm.com.br\/noticias\/provincia-pandemia-coiso-e-pais-do-faz-de-conta-sergio-barbosa-opiniao\/\" \/>\n<meta property=\"og:site_name\" content=\"R\u00e1dio Life FM\" \/>\n<meta property=\"article:publisher\" content=\"https:\/\/www.facebook.com\/radiolifefm\/\" \/>\n<meta property=\"article:published_time\" content=\"2020-05-25T10:51:20+00:00\" \/>\n<meta property=\"article:modified_time\" content=\"2026-04-20T20:54:55+00:00\" \/>\n<meta property=\"og:image\" content=\"https:\/\/radiolifefm.com.br\/noticias\/wp-content\/uploads\/2020\/05\/SEBAR-2-3-scaled.jpg\" \/>\n\t<meta property=\"og:image:width\" content=\"1920\" \/>\n\t<meta property=\"og:image:height\" content=\"2560\" \/>\n\t<meta property=\"og:image:type\" content=\"image\/jpeg\" \/>\n<meta name=\"author\" content=\"lifefm\" \/>\n<meta name=\"twitter:card\" content=\"summary_large_image\" \/>\n<meta name=\"twitter:label1\" content=\"Escrito por\" \/>\n\t<meta name=\"twitter:data1\" content=\"lifefm\" \/>\n\t<meta name=\"twitter:label2\" content=\"Est. tempo de leitura\" \/>\n\t<meta name=\"twitter:data2\" content=\"3 minutos\" \/>\n<script type=\"application\/ld+json\" class=\"yoast-schema-graph\">{\"@context\":\"https:\/\/schema.org\",\"@graph\":[{\"@type\":\"Article\",\"@id\":\"https:\/\/radiolifefm.com.br\/noticias\/provincia-pandemia-coiso-e-pais-do-faz-de-conta-sergio-barbosa-opiniao\/#article\",\"isPartOf\":{\"@id\":\"https:\/\/radiolifefm.com.br\/noticias\/provincia-pandemia-coiso-e-pais-do-faz-de-conta-sergio-barbosa-opiniao\/\"},\"author\":{\"name\":\"lifefm\",\"@id\":\"https:\/\/radiolifefm.com.br\/noticias\/#\/schema\/person\/1d4e4b1301322090c6221bf1c8420490\"},\"headline\":\"Prov\u00edncia, Pandemia, \u201cCoiso\u201d e Pa\u00eds do Faz de Conta&#8230; &#8211; S\u00e9rgio Barbosa &#8211; Opini\u00e3o\",\"datePublished\":\"2020-05-25T10:51:20+00:00\",\"dateModified\":\"2026-04-20T20:54:55+00:00\",\"mainEntityOfPage\":{\"@id\":\"https:\/\/radiolifefm.com.br\/noticias\/provincia-pandemia-coiso-e-pais-do-faz-de-conta-sergio-barbosa-opiniao\/\"},\"wordCount\":521,\"publisher\":{\"@id\":\"https:\/\/radiolifefm.com.br\/noticias\/#organization\"},\"image\":{\"@id\":\"https:\/\/radiolifefm.com.br\/noticias\/provincia-pandemia-coiso-e-pais-do-faz-de-conta-sergio-barbosa-opiniao\/#primaryimage\"},\"thumbnailUrl\":\"https:\/\/radiolifefm.com.br\/noticias\/wp-content\/uploads\/2020\/05\/SEBAR-2-3-scaled.jpg\",\"articleSection\":[\"Opini\u00e3o\"],\"inLanguage\":\"pt-BR\"},{\"@type\":\"WebPage\",\"@id\":\"https:\/\/radiolifefm.com.br\/noticias\/provincia-pandemia-coiso-e-pais-do-faz-de-conta-sergio-barbosa-opiniao\/\",\"url\":\"https:\/\/radiolifefm.com.br\/noticias\/provincia-pandemia-coiso-e-pais-do-faz-de-conta-sergio-barbosa-opiniao\/\",\"name\":\"Prov\u00edncia, Pandemia, \u201cCoiso\u201d e Pa\u00eds do Faz de Conta... - S\u00e9rgio Barbosa - Opini\u00e3o - R\u00e1dio Life FM\",\"isPartOf\":{\"@id\":\"https:\/\/radiolifefm.com.br\/noticias\/#website\"},\"primaryImageOfPage\":{\"@id\":\"https:\/\/radiolifefm.com.br\/noticias\/provincia-pandemia-coiso-e-pais-do-faz-de-conta-sergio-barbosa-opiniao\/#primaryimage\"},\"image\":{\"@id\":\"https:\/\/radiolifefm.com.br\/noticias\/provincia-pandemia-coiso-e-pais-do-faz-de-conta-sergio-barbosa-opiniao\/#primaryimage\"},\"thumbnailUrl\":\"https:\/\/radiolifefm.com.br\/noticias\/wp-content\/uploads\/2020\/05\/SEBAR-2-3-scaled.jpg\",\"datePublished\":\"2020-05-25T10:51:20+00:00\",\"dateModified\":\"2026-04-20T20:54:55+00:00\",\"breadcrumb\":{\"@id\":\"https:\/\/radiolifefm.com.br\/noticias\/provincia-pandemia-coiso-e-pais-do-faz-de-conta-sergio-barbosa-opiniao\/#breadcrumb\"},\"inLanguage\":\"pt-BR\",\"potentialAction\":[{\"@type\":\"ReadAction\",\"target\":[\"https:\/\/radiolifefm.com.br\/noticias\/provincia-pandemia-coiso-e-pais-do-faz-de-conta-sergio-barbosa-opiniao\/\"]}]},{\"@type\":\"ImageObject\",\"inLanguage\":\"pt-BR\",\"@id\":\"https:\/\/radiolifefm.com.br\/noticias\/provincia-pandemia-coiso-e-pais-do-faz-de-conta-sergio-barbosa-opiniao\/#primaryimage\",\"url\":\"https:\/\/radiolifefm.com.br\/noticias\/wp-content\/uploads\/2020\/05\/SEBAR-2-3-scaled.jpg\",\"contentUrl\":\"https:\/\/radiolifefm.com.br\/noticias\/wp-content\/uploads\/2020\/05\/SEBAR-2-3-scaled.jpg\",\"width\":1920,\"height\":2560},{\"@type\":\"BreadcrumbList\",\"@id\":\"https:\/\/radiolifefm.com.br\/noticias\/provincia-pandemia-coiso-e-pais-do-faz-de-conta-sergio-barbosa-opiniao\/#breadcrumb\",\"itemListElement\":[{\"@type\":\"ListItem\",\"position\":1,\"name\":\"In\u00edcio\",\"item\":\"https:\/\/radiolifefm.com.br\/noticias\/\"},{\"@type\":\"ListItem\",\"position\":2,\"name\":\"Prov\u00edncia, Pandemia, \u201cCoiso\u201d e Pa\u00eds do Faz de Conta&#8230; &#8211; S\u00e9rgio Barbosa &#8211; Opini\u00e3o\"}]},{\"@type\":\"WebSite\",\"@id\":\"https:\/\/radiolifefm.com.br\/noticias\/#website\",\"url\":\"https:\/\/radiolifefm.com.br\/noticias\/\",\"name\":\"R\u00e1dio Life FM\",\"description\":\"O Portal de Not\u00edcias de Adamantina\",\"publisher\":{\"@id\":\"https:\/\/radiolifefm.com.br\/noticias\/#organization\"},\"alternateName\":\"Life FM\",\"potentialAction\":[{\"@type\":\"SearchAction\",\"target\":{\"@type\":\"EntryPoint\",\"urlTemplate\":\"https:\/\/radiolifefm.com.br\/noticias\/?s={search_term_string}\"},\"query-input\":{\"@type\":\"PropertyValueSpecification\",\"valueRequired\":true,\"valueName\":\"search_term_string\"}}],\"inLanguage\":\"pt-BR\"},{\"@type\":\"Organization\",\"@id\":\"https:\/\/radiolifefm.com.br\/noticias\/#organization\",\"name\":\"R\u00e1dio Life FM\",\"alternateName\":\"Life FM\",\"url\":\"https:\/\/radiolifefm.com.br\/noticias\/\",\"logo\":{\"@type\":\"ImageObject\",\"inLanguage\":\"pt-BR\",\"@id\":\"https:\/\/radiolifefm.com.br\/noticias\/#\/schema\/logo\/image\/\",\"url\":\"https:\/\/static.radiolifefm.com.br\/noticias\/wp-content\/uploads\/2019\/10\/logo-lifefm.png\",\"contentUrl\":\"https:\/\/static.radiolifefm.com.br\/noticias\/wp-content\/uploads\/2019\/10\/logo-lifefm.png\",\"width\":196,\"height\":47,\"caption\":\"R\u00e1dio Life FM\"},\"image\":{\"@id\":\"https:\/\/radiolifefm.com.br\/noticias\/#\/schema\/logo\/image\/\"},\"sameAs\":[\"https:\/\/www.facebook.com\/radiolifefm\/\",\"https:\/\/www.instagram.com\/life1079fm\/\"]},{\"@type\":\"Person\",\"@id\":\"https:\/\/radiolifefm.com.br\/noticias\/#\/schema\/person\/1d4e4b1301322090c6221bf1c8420490\",\"name\":\"lifefm\",\"image\":{\"@type\":\"ImageObject\",\"inLanguage\":\"pt-BR\",\"@id\":\"https:\/\/secure.gravatar.com\/avatar\/eca268467d925ec97d20641bb054fd944c0abb2f92854171620706bbe6474e7c?s=96&d=mm&r=g\",\"url\":\"https:\/\/secure.gravatar.com\/avatar\/eca268467d925ec97d20641bb054fd944c0abb2f92854171620706bbe6474e7c?s=96&d=mm&r=g\",\"contentUrl\":\"https:\/\/secure.gravatar.com\/avatar\/eca268467d925ec97d20641bb054fd944c0abb2f92854171620706bbe6474e7c?s=96&d=mm&r=g\",\"caption\":\"lifefm\"}}]}<\/script>\n<!-- \/ Yoast SEO plugin. -->","yoast_head_json":{"title":"Prov\u00edncia, Pandemia, \u201cCoiso\u201d e Pa\u00eds do Faz de Conta... - S\u00e9rgio Barbosa - Opini\u00e3o - R\u00e1dio Life FM","robots":{"index":"index","follow":"follow","max-snippet":"max-snippet:-1","max-image-preview":"max-image-preview:large","max-video-preview":"max-video-preview:-1"},"canonical":"https:\/\/radiolifefm.com.br\/noticias\/provincia-pandemia-coiso-e-pais-do-faz-de-conta-sergio-barbosa-opiniao\/","og_locale":"pt_BR","og_type":"article","og_title":"Prov\u00edncia, Pandemia, \u201cCoiso\u201d e Pa\u00eds do Faz de Conta... - S\u00e9rgio Barbosa - Opini\u00e3o - R\u00e1dio Life FM","og_description":"Prov\u00edncia, Pandemia, \u201cCoiso\u201d e Pa\u00eds do Faz de Conta&#8230; \u201cUma criatividade que surge a partir de uma consci\u00eancia desperta para criar um novo paradigma: um mundo novo.\u201d (Miriam Subirana in \u201cCriatividade para Mudar sua Vida\u201d) S\u00e9rgio Barbosa (*) Pelo andar da PANDEMIA em n\u00edvel de PA\u00cdS DO FAZ DE CONTA, ainda, com reflexo sem mais [&hellip;]","og_url":"https:\/\/radiolifefm.com.br\/noticias\/provincia-pandemia-coiso-e-pais-do-faz-de-conta-sergio-barbosa-opiniao\/","og_site_name":"R\u00e1dio Life FM","article_publisher":"https:\/\/www.facebook.com\/radiolifefm\/","article_published_time":"2020-05-25T10:51:20+00:00","article_modified_time":"2026-04-20T20:54:55+00:00","og_image":[{"width":1920,"height":2560,"url":"https:\/\/radiolifefm.com.br\/noticias\/wp-content\/uploads\/2020\/05\/SEBAR-2-3-scaled.jpg","type":"image\/jpeg"}],"author":"lifefm","twitter_card":"summary_large_image","twitter_misc":{"Escrito por":"lifefm","Est. tempo de leitura":"3 minutos"},"schema":{"@context":"https:\/\/schema.org","@graph":[{"@type":"Article","@id":"https:\/\/radiolifefm.com.br\/noticias\/provincia-pandemia-coiso-e-pais-do-faz-de-conta-sergio-barbosa-opiniao\/#article","isPartOf":{"@id":"https:\/\/radiolifefm.com.br\/noticias\/provincia-pandemia-coiso-e-pais-do-faz-de-conta-sergio-barbosa-opiniao\/"},"author":{"name":"lifefm","@id":"https:\/\/radiolifefm.com.br\/noticias\/#\/schema\/person\/1d4e4b1301322090c6221bf1c8420490"},"headline":"Prov\u00edncia, Pandemia, \u201cCoiso\u201d e Pa\u00eds do Faz de Conta&#8230; &#8211; S\u00e9rgio Barbosa &#8211; Opini\u00e3o","datePublished":"2020-05-25T10:51:20+00:00","dateModified":"2026-04-20T20:54:55+00:00","mainEntityOfPage":{"@id":"https:\/\/radiolifefm.com.br\/noticias\/provincia-pandemia-coiso-e-pais-do-faz-de-conta-sergio-barbosa-opiniao\/"},"wordCount":521,"publisher":{"@id":"https:\/\/radiolifefm.com.br\/noticias\/#organization"},"image":{"@id":"https:\/\/radiolifefm.com.br\/noticias\/provincia-pandemia-coiso-e-pais-do-faz-de-conta-sergio-barbosa-opiniao\/#primaryimage"},"thumbnailUrl":"https:\/\/radiolifefm.com.br\/noticias\/wp-content\/uploads\/2020\/05\/SEBAR-2-3-scaled.jpg","articleSection":["Opini\u00e3o"],"inLanguage":"pt-BR"},{"@type":"WebPage","@id":"https:\/\/radiolifefm.com.br\/noticias\/provincia-pandemia-coiso-e-pais-do-faz-de-conta-sergio-barbosa-opiniao\/","url":"https:\/\/radiolifefm.com.br\/noticias\/provincia-pandemia-coiso-e-pais-do-faz-de-conta-sergio-barbosa-opiniao\/","name":"Prov\u00edncia, Pandemia, \u201cCoiso\u201d e Pa\u00eds do Faz de Conta... - S\u00e9rgio Barbosa - Opini\u00e3o - R\u00e1dio Life FM","isPartOf":{"@id":"https:\/\/radiolifefm.com.br\/noticias\/#website"},"primaryImageOfPage":{"@id":"https:\/\/radiolifefm.com.br\/noticias\/provincia-pandemia-coiso-e-pais-do-faz-de-conta-sergio-barbosa-opiniao\/#primaryimage"},"image":{"@id":"https:\/\/radiolifefm.com.br\/noticias\/provincia-pandemia-coiso-e-pais-do-faz-de-conta-sergio-barbosa-opiniao\/#primaryimage"},"thumbnailUrl":"https:\/\/radiolifefm.com.br\/noticias\/wp-content\/uploads\/2020\/05\/SEBAR-2-3-scaled.jpg","datePublished":"2020-05-25T10:51:20+00:00","dateModified":"2026-04-20T20:54:55+00:00","breadcrumb":{"@id":"https:\/\/radiolifefm.com.br\/noticias\/provincia-pandemia-coiso-e-pais-do-faz-de-conta-sergio-barbosa-opiniao\/#breadcrumb"},"inLanguage":"pt-BR","potentialAction":[{"@type":"ReadAction","target":["https:\/\/radiolifefm.com.br\/noticias\/provincia-pandemia-coiso-e-pais-do-faz-de-conta-sergio-barbosa-opiniao\/"]}]},{"@type":"ImageObject","inLanguage":"pt-BR","@id":"https:\/\/radiolifefm.com.br\/noticias\/provincia-pandemia-coiso-e-pais-do-faz-de-conta-sergio-barbosa-opiniao\/#primaryimage","url":"https:\/\/radiolifefm.com.br\/noticias\/wp-content\/uploads\/2020\/05\/SEBAR-2-3-scaled.jpg","contentUrl":"https:\/\/radiolifefm.com.br\/noticias\/wp-content\/uploads\/2020\/05\/SEBAR-2-3-scaled.jpg","width":1920,"height":2560},{"@type":"BreadcrumbList","@id":"https:\/\/radiolifefm.com.br\/noticias\/provincia-pandemia-coiso-e-pais-do-faz-de-conta-sergio-barbosa-opiniao\/#breadcrumb","itemListElement":[{"@type":"ListItem","position":1,"name":"In\u00edcio","item":"https:\/\/radiolifefm.com.br\/noticias\/"},{"@type":"ListItem","position":2,"name":"Prov\u00edncia, Pandemia, \u201cCoiso\u201d e Pa\u00eds do Faz de Conta&#8230; &#8211; S\u00e9rgio Barbosa &#8211; Opini\u00e3o"}]},{"@type":"WebSite","@id":"https:\/\/radiolifefm.com.br\/noticias\/#website","url":"https:\/\/radiolifefm.com.br\/noticias\/","name":"R\u00e1dio Life FM","description":"O Portal de Not\u00edcias de Adamantina","publisher":{"@id":"https:\/\/radiolifefm.com.br\/noticias\/#organization"},"alternateName":"Life FM","potentialAction":[{"@type":"SearchAction","target":{"@type":"EntryPoint","urlTemplate":"https:\/\/radiolifefm.com.br\/noticias\/?s={search_term_string}"},"query-input":{"@type":"PropertyValueSpecification","valueRequired":true,"valueName":"search_term_string"}}],"inLanguage":"pt-BR"},{"@type":"Organization","@id":"https:\/\/radiolifefm.com.br\/noticias\/#organization","name":"R\u00e1dio Life FM","alternateName":"Life FM","url":"https:\/\/radiolifefm.com.br\/noticias\/","logo":{"@type":"ImageObject","inLanguage":"pt-BR","@id":"https:\/\/radiolifefm.com.br\/noticias\/#\/schema\/logo\/image\/","url":"https:\/\/static.radiolifefm.com.br\/noticias\/wp-content\/uploads\/2019\/10\/logo-lifefm.png","contentUrl":"https:\/\/static.radiolifefm.com.br\/noticias\/wp-content\/uploads\/2019\/10\/logo-lifefm.png","width":196,"height":47,"caption":"R\u00e1dio Life FM"},"image":{"@id":"https:\/\/radiolifefm.com.br\/noticias\/#\/schema\/logo\/image\/"},"sameAs":["https:\/\/www.facebook.com\/radiolifefm\/","https:\/\/www.instagram.com\/life1079fm\/"]},{"@type":"Person","@id":"https:\/\/radiolifefm.com.br\/noticias\/#\/schema\/person\/1d4e4b1301322090c6221bf1c8420490","name":"lifefm","image":{"@type":"ImageObject","inLanguage":"pt-BR","@id":"https:\/\/secure.gravatar.com\/avatar\/eca268467d925ec97d20641bb054fd944c0abb2f92854171620706bbe6474e7c?s=96&d=mm&r=g","url":"https:\/\/secure.gravatar.com\/avatar\/eca268467d925ec97d20641bb054fd944c0abb2f92854171620706bbe6474e7c?s=96&d=mm&r=g","contentUrl":"https:\/\/secure.gravatar.com\/avatar\/eca268467d925ec97d20641bb054fd944c0abb2f92854171620706bbe6474e7c?s=96&d=mm&r=g","caption":"lifefm"}}]}},"amp_enabled":true,"_links":{"self":[{"href":"https:\/\/radiolifefm.com.br\/noticias\/wp-json\/wp\/v2\/posts\/23496","targetHints":{"allow":["GET"]}}],"collection":[{"href":"https:\/\/radiolifefm.com.br\/noticias\/wp-json\/wp\/v2\/posts"}],"about":[{"href":"https:\/\/radiolifefm.com.br\/noticias\/wp-json\/wp\/v2\/types\/post"}],"author":[{"embeddable":true,"href":"https:\/\/radiolifefm.com.br\/noticias\/wp-json\/wp\/v2\/users\/3"}],"replies":[{"embeddable":true,"href":"https:\/\/radiolifefm.com.br\/noticias\/wp-json\/wp\/v2\/comments?post=23496"}],"version-history":[{"count":1,"href":"https:\/\/radiolifefm.com.br\/noticias\/wp-json\/wp\/v2\/posts\/23496\/revisions"}],"predecessor-version":[{"id":23500,"href":"https:\/\/radiolifefm.com.br\/noticias\/wp-json\/wp\/v2\/posts\/23496\/revisions\/23500"}],"wp:featuredmedia":[{"embeddable":true,"href":"https:\/\/radiolifefm.com.br\/noticias\/wp-json\/wp\/v2\/media\/23499"}],"wp:attachment":[{"href":"https:\/\/radiolifefm.com.br\/noticias\/wp-json\/wp\/v2\/media?parent=23496"}],"wp:term":[{"taxonomy":"category","embeddable":true,"href":"https:\/\/radiolifefm.com.br\/noticias\/wp-json\/wp\/v2\/categories?post=23496"},{"taxonomy":"post_tag","embeddable":true,"href":"https:\/\/radiolifefm.com.br\/noticias\/wp-json\/wp\/v2\/tags?post=23496"}],"curies":[{"name":"wp","href":"https:\/\/api.w.org\/{rel}","templated":true}]}}