{"id":23291,"date":"2020-05-18T08:01:20","date_gmt":"2020-05-18T11:01:20","guid":{"rendered":"https:\/\/radiolifefm.com.br\/noticias\/?p=23291"},"modified":"2026-04-22T00:33:55","modified_gmt":"2026-04-22T03:33:55","slug":"e-a-manada-das-mentes-bovinas-continua-ouvindo-o-berrante-na-provincia-sergio-barbosa-opiniao","status":"publish","type":"post","link":"https:\/\/radiolifefm.com.br\/noticias\/e-a-manada-das-mentes-bovinas-continua-ouvindo-o-berrante-na-provincia-sergio-barbosa-opiniao\/","title":{"rendered":"E a Manada das Mentes Bovinas continua ouvindo o berrante na Prov\u00edncia&#8230; &#8211; S\u00e9rgio Barbosa &#8211; Opini\u00e3o"},"content":{"rendered":"<div id=\"fb-root\"><\/div>\n<p><strong>E a Manada das Mentes Bovinas continua ouvindo o berrante na Prov\u00edncia&#8230;<\/strong><\/p>\n<p><em>\u201cVoc\u00eas que fazem parte dessa massa&#8230; a margem do que possa parecer&#8230; e ver toda essa engrenagem&#8230; j\u00e1 sentem a ferrugem lhe corroer.. Eh&#8230; eeeh..Oh! vida de gado, povo marcado, povo feliz!!!\u201d (Z\u00e9 Ramalho)<\/em><\/p>\n<p><em>S\u00e9rgio Barbosa (*)<\/em><\/p>\n<p>Pelas not\u00edcias veiculadas na m\u00eddia provinciana, bem como, nas esquinas, ruas, avenidas, ladeiras e bairros provincianos, tudo indica que a VIDA CONTINUA A MESMA DE SEMPRE e vamos que vamos, ainda, em meio a PANDEMIA em n\u00edvel REGIOCAL, ou seja, do REGIONAL para o LOCAL&#8230;<\/p>\n<p>Faz-se necess\u00e1rio tentar entender todos os lados deste jogo mais do que viciado entre SOCIEDADE e MERCADO, ainda, com muitas TROCAS nada simb\u00f3licas entre todos os lados de um \u00fanico lado&#8230;<\/p>\n<p>Tamb\u00e9m, a comunidade provinciana n\u00e3o est\u00e1 colaborando com as diretrizes e recomenda\u00e7\u00f5es das autoridades sanit\u00e1rias e m\u00e9dicas, al\u00e9m das orienta\u00e7\u00f5es e recomenda\u00e7\u00f5es mediadas pelo PODER P\u00daBLICO&#8230;<\/p>\n<p>Portanto, torna-se fundamental que ocorra um entendimento entre as \u00e1reas envolvidas nesta quest\u00e3o que est\u00e1 al\u00e9m dos problemas causados pela PANDEMIA em terras provincianas&#8230;<\/p>\n<p>Neste meio de campo, ainda, existem a denominada MANADA DAS MENTES BOVINAS, tal qual uma BOIADA que segue o BERRANTE ao comando do COISO com suas COISAS&#8230;<\/p>\n<p>O interior paulista est\u00e1 em rota de colis\u00e3o com o V\u00cdRUS e a comunidade em n\u00edvel regional pode ter certeza que ser\u00e1 uma BATALHA PERDIDA, tendo em vista as condi\u00e7\u00f5es necess\u00e1rias para dar conta dos problemas decorrentes desta PANDEMIA&#8230;<\/p>\n<p>Pode-se registrar que o MERCADO procura defender suas CAUSAS de um jeito ou de outro, bem como, se colocam acima de tudo e de todos, como sempre, visando \u00e0 perpetua\u00e7\u00e3o do CAPITALISMO SELVAGEM&#8230;<\/p>\n<p>A preocupa\u00e7\u00e3o dos\/as EMPRES\u00c1RIOS\/AS em geral continua a mesma de sempre, ou seja, com os LUCROS proporcionados pela COMERCIALIZA\u00c7\u00c3O dos PRODUTOS, SERVI\u00c7OS e outras atividades&#8230;<\/p>\n<p>O\/a TRABALHADOR\/A com raras exce\u00e7\u00f5es est\u00e3o em primeiro lugar quanto \u00e0s preocupa\u00e7\u00f5es do MERCADO, pois, tudo faz parte do mesmo JOGO COMERCIAL, haja vista as MANIFESTA\u00c7\u00d5ES patrocinadas pela MANADA DAS MENTES BOVINAS nos quatro cantos deste PA\u00cdS DO FAZ DE CONTA nestas \u00faltimas semanas&#8230;<\/p>\n<p>N\u00e3o se pode esquecer que o atual DESGOVERNO FEDERAL contou com o APOIO de mais de 80% dos\/as eleitores\/as provincianos\/as, portanto, fica evidente qual BERRANTE a MANADA DAS MENTES BOVINAS vai ouvir sem discutir&#8230;<\/p>\n<p>O Cen\u00e1rio provinciano reflete os fatos que est\u00e3o ocorrendo em n\u00edvel GLOCAL, ou seja, do GLOBAL para o LOCAL em tempo de P\u00f3s-Globaliza\u00e7\u00e3o Organizacional neste contexto plural para a sociedade tupiniquim&#8230;<\/p>\n<p>QUEM FICAR VAI SABER COMO VAI FICAR&#8230;<\/p>\n<div class='flex flex-wrap items-center -mx-1'>\r\n<a class='thumbnail gallery p-1 w-1\/2 md:w-1\/4' href='https:\/\/radiolifefm.com.br\/noticias\/wp-content\/uploads\/2020\/05\/Sebar-1-2-scaled.jpg'><img class='border border-white' src='https:\/\/radiolifefm.com.br\/noticias\/wp-content\/uploads\/2020\/05\/Sebar-1-2-200x200.jpg' alt='Sebar   1' \/><\/a><a class='thumbnail gallery p-1 w-1\/2 md:w-1\/4' href='https:\/\/radiolifefm.com.br\/noticias\/wp-content\/uploads\/2020\/05\/Sebar-2-2-scaled.jpg'><img class='border border-white' src='https:\/\/radiolifefm.com.br\/noticias\/wp-content\/uploads\/2020\/05\/Sebar-2-2-200x200.jpg' alt='Sebar   2' \/><\/a><\/div>\n<p>_______________________________<br \/>\n(*) jornalista diplomado e professor universit\u00e1rio.<\/p>\n","protected":false},"excerpt":{"rendered":"<p>E a Manada das Mentes Bovinas continua ouvindo o berrante na Prov\u00edncia&#8230; \u201cVoc\u00eas que fazem parte dessa massa&#8230; a margem do que possa parecer&#8230; e ver toda essa engrenagem&#8230; j\u00e1 sentem a ferrugem lhe corroer.. Eh&#8230; eeeh..Oh! vida de gado, povo marcado, povo feliz!!!\u201d (Z\u00e9 Ramalho) S\u00e9rgio Barbosa (*) Pelas not\u00edcias veiculadas na m\u00eddia provinciana, [&hellip;]<\/p>\n","protected":false},"author":3,"featured_media":23292,"comment_status":"closed","ping_status":"open","sticky":false,"template":"","format":"standard","meta":{"_acf_changed":false,"_exactmetrics_skip_tracking":false,"_exactmetrics_sitenote_active":false,"_exactmetrics_sitenote_note":"","_exactmetrics_sitenote_category":0,"footnotes":""},"categories":[59],"tags":[],"class_list":["post-23291","post","type-post","status-publish","format-standard","has-post-thumbnail","hentry","category-opiniao"],"acf":[],"yoast_head":"<!-- This site is optimized with the Yoast SEO plugin v27.2 - https:\/\/yoast.com\/product\/yoast-seo-wordpress\/ -->\n<title>E a Manada das Mentes Bovinas continua ouvindo o berrante na Prov\u00edncia... - S\u00e9rgio Barbosa - Opini\u00e3o - R\u00e1dio Life FM<\/title>\n<meta name=\"robots\" content=\"index, follow, max-snippet:-1, max-image-preview:large, max-video-preview:-1\" \/>\n<link rel=\"canonical\" href=\"https:\/\/radiolifefm.com.br\/noticias\/e-a-manada-das-mentes-bovinas-continua-ouvindo-o-berrante-na-provincia-sergio-barbosa-opiniao\/\" \/>\n<meta property=\"og:locale\" content=\"pt_BR\" \/>\n<meta property=\"og:type\" content=\"article\" \/>\n<meta property=\"og:title\" content=\"E a Manada das Mentes Bovinas continua ouvindo o berrante na Prov\u00edncia... - S\u00e9rgio Barbosa - Opini\u00e3o - R\u00e1dio Life FM\" \/>\n<meta property=\"og:description\" content=\"E a Manada das Mentes Bovinas continua ouvindo o berrante na Prov\u00edncia&#8230; \u201cVoc\u00eas que fazem parte dessa massa&#8230; a margem do que possa parecer&#8230; e ver toda essa engrenagem&#8230; j\u00e1 sentem a ferrugem lhe corroer.. Eh&#8230; eeeh..Oh! vida de gado, povo marcado, povo feliz!!!\u201d (Z\u00e9 Ramalho) S\u00e9rgio Barbosa (*) Pelas not\u00edcias veiculadas na m\u00eddia provinciana, [&hellip;]\" \/>\n<meta property=\"og:url\" content=\"https:\/\/radiolifefm.com.br\/noticias\/e-a-manada-das-mentes-bovinas-continua-ouvindo-o-berrante-na-provincia-sergio-barbosa-opiniao\/\" \/>\n<meta property=\"og:site_name\" content=\"R\u00e1dio Life FM\" \/>\n<meta property=\"article:publisher\" content=\"https:\/\/www.facebook.com\/radiolifefm\/\" \/>\n<meta property=\"article:published_time\" content=\"2020-05-18T11:01:20+00:00\" \/>\n<meta property=\"article:modified_time\" content=\"2026-04-22T03:33:55+00:00\" \/>\n<meta property=\"og:image\" content=\"https:\/\/radiolifefm.com.br\/noticias\/wp-content\/uploads\/2020\/05\/Sebar-4-scaled.jpg\" \/>\n\t<meta property=\"og:image:width\" content=\"2560\" \/>\n\t<meta property=\"og:image:height\" content=\"1440\" \/>\n\t<meta property=\"og:image:type\" content=\"image\/jpeg\" \/>\n<meta name=\"author\" content=\"lifefm\" \/>\n<meta name=\"twitter:card\" content=\"summary_large_image\" \/>\n<meta name=\"twitter:label1\" content=\"Escrito por\" \/>\n\t<meta name=\"twitter:data1\" content=\"lifefm\" \/>\n\t<meta name=\"twitter:label2\" content=\"Est. tempo de leitura\" \/>\n\t<meta name=\"twitter:data2\" content=\"2 minutos\" \/>\n<script type=\"application\/ld+json\" class=\"yoast-schema-graph\">{\"@context\":\"https:\/\/schema.org\",\"@graph\":[{\"@type\":\"Article\",\"@id\":\"https:\/\/radiolifefm.com.br\/noticias\/e-a-manada-das-mentes-bovinas-continua-ouvindo-o-berrante-na-provincia-sergio-barbosa-opiniao\/#article\",\"isPartOf\":{\"@id\":\"https:\/\/radiolifefm.com.br\/noticias\/e-a-manada-das-mentes-bovinas-continua-ouvindo-o-berrante-na-provincia-sergio-barbosa-opiniao\/\"},\"author\":{\"name\":\"lifefm\",\"@id\":\"https:\/\/radiolifefm.com.br\/noticias\/#\/schema\/person\/1d4e4b1301322090c6221bf1c8420490\"},\"headline\":\"E a Manada das Mentes Bovinas continua ouvindo o berrante na Prov\u00edncia&#8230; &#8211; S\u00e9rgio Barbosa &#8211; Opini\u00e3o\",\"datePublished\":\"2020-05-18T11:01:20+00:00\",\"dateModified\":\"2026-04-22T03:33:55+00:00\",\"mainEntityOfPage\":{\"@id\":\"https:\/\/radiolifefm.com.br\/noticias\/e-a-manada-das-mentes-bovinas-continua-ouvindo-o-berrante-na-provincia-sergio-barbosa-opiniao\/\"},\"wordCount\":488,\"publisher\":{\"@id\":\"https:\/\/radiolifefm.com.br\/noticias\/#organization\"},\"image\":{\"@id\":\"https:\/\/radiolifefm.com.br\/noticias\/e-a-manada-das-mentes-bovinas-continua-ouvindo-o-berrante-na-provincia-sergio-barbosa-opiniao\/#primaryimage\"},\"thumbnailUrl\":\"https:\/\/radiolifefm.com.br\/noticias\/wp-content\/uploads\/2020\/05\/Sebar-4-scaled.jpg\",\"articleSection\":[\"Opini\u00e3o\"],\"inLanguage\":\"pt-BR\"},{\"@type\":\"WebPage\",\"@id\":\"https:\/\/radiolifefm.com.br\/noticias\/e-a-manada-das-mentes-bovinas-continua-ouvindo-o-berrante-na-provincia-sergio-barbosa-opiniao\/\",\"url\":\"https:\/\/radiolifefm.com.br\/noticias\/e-a-manada-das-mentes-bovinas-continua-ouvindo-o-berrante-na-provincia-sergio-barbosa-opiniao\/\",\"name\":\"E a Manada das Mentes Bovinas continua ouvindo o berrante na Prov\u00edncia... - S\u00e9rgio Barbosa - Opini\u00e3o - R\u00e1dio Life FM\",\"isPartOf\":{\"@id\":\"https:\/\/radiolifefm.com.br\/noticias\/#website\"},\"primaryImageOfPage\":{\"@id\":\"https:\/\/radiolifefm.com.br\/noticias\/e-a-manada-das-mentes-bovinas-continua-ouvindo-o-berrante-na-provincia-sergio-barbosa-opiniao\/#primaryimage\"},\"image\":{\"@id\":\"https:\/\/radiolifefm.com.br\/noticias\/e-a-manada-das-mentes-bovinas-continua-ouvindo-o-berrante-na-provincia-sergio-barbosa-opiniao\/#primaryimage\"},\"thumbnailUrl\":\"https:\/\/radiolifefm.com.br\/noticias\/wp-content\/uploads\/2020\/05\/Sebar-4-scaled.jpg\",\"datePublished\":\"2020-05-18T11:01:20+00:00\",\"dateModified\":\"2026-04-22T03:33:55+00:00\",\"breadcrumb\":{\"@id\":\"https:\/\/radiolifefm.com.br\/noticias\/e-a-manada-das-mentes-bovinas-continua-ouvindo-o-berrante-na-provincia-sergio-barbosa-opiniao\/#breadcrumb\"},\"inLanguage\":\"pt-BR\",\"potentialAction\":[{\"@type\":\"ReadAction\",\"target\":[\"https:\/\/radiolifefm.com.br\/noticias\/e-a-manada-das-mentes-bovinas-continua-ouvindo-o-berrante-na-provincia-sergio-barbosa-opiniao\/\"]}]},{\"@type\":\"ImageObject\",\"inLanguage\":\"pt-BR\",\"@id\":\"https:\/\/radiolifefm.com.br\/noticias\/e-a-manada-das-mentes-bovinas-continua-ouvindo-o-berrante-na-provincia-sergio-barbosa-opiniao\/#primaryimage\",\"url\":\"https:\/\/radiolifefm.com.br\/noticias\/wp-content\/uploads\/2020\/05\/Sebar-4-scaled.jpg\",\"contentUrl\":\"https:\/\/radiolifefm.com.br\/noticias\/wp-content\/uploads\/2020\/05\/Sebar-4-scaled.jpg\",\"width\":2560,\"height\":1440},{\"@type\":\"BreadcrumbList\",\"@id\":\"https:\/\/radiolifefm.com.br\/noticias\/e-a-manada-das-mentes-bovinas-continua-ouvindo-o-berrante-na-provincia-sergio-barbosa-opiniao\/#breadcrumb\",\"itemListElement\":[{\"@type\":\"ListItem\",\"position\":1,\"name\":\"In\u00edcio\",\"item\":\"https:\/\/radiolifefm.com.br\/noticias\/\"},{\"@type\":\"ListItem\",\"position\":2,\"name\":\"E a Manada das Mentes Bovinas continua ouvindo o berrante na Prov\u00edncia&#8230; &#8211; S\u00e9rgio Barbosa &#8211; Opini\u00e3o\"}]},{\"@type\":\"WebSite\",\"@id\":\"https:\/\/radiolifefm.com.br\/noticias\/#website\",\"url\":\"https:\/\/radiolifefm.com.br\/noticias\/\",\"name\":\"R\u00e1dio Life FM\",\"description\":\"O Portal de Not\u00edcias de Adamantina\",\"publisher\":{\"@id\":\"https:\/\/radiolifefm.com.br\/noticias\/#organization\"},\"alternateName\":\"Life FM\",\"potentialAction\":[{\"@type\":\"SearchAction\",\"target\":{\"@type\":\"EntryPoint\",\"urlTemplate\":\"https:\/\/radiolifefm.com.br\/noticias\/?s={search_term_string}\"},\"query-input\":{\"@type\":\"PropertyValueSpecification\",\"valueRequired\":true,\"valueName\":\"search_term_string\"}}],\"inLanguage\":\"pt-BR\"},{\"@type\":\"Organization\",\"@id\":\"https:\/\/radiolifefm.com.br\/noticias\/#organization\",\"name\":\"R\u00e1dio Life FM\",\"alternateName\":\"Life FM\",\"url\":\"https:\/\/radiolifefm.com.br\/noticias\/\",\"logo\":{\"@type\":\"ImageObject\",\"inLanguage\":\"pt-BR\",\"@id\":\"https:\/\/radiolifefm.com.br\/noticias\/#\/schema\/logo\/image\/\",\"url\":\"https:\/\/static.radiolifefm.com.br\/noticias\/wp-content\/uploads\/2019\/10\/logo-lifefm.png\",\"contentUrl\":\"https:\/\/static.radiolifefm.com.br\/noticias\/wp-content\/uploads\/2019\/10\/logo-lifefm.png\",\"width\":196,\"height\":47,\"caption\":\"R\u00e1dio Life FM\"},\"image\":{\"@id\":\"https:\/\/radiolifefm.com.br\/noticias\/#\/schema\/logo\/image\/\"},\"sameAs\":[\"https:\/\/www.facebook.com\/radiolifefm\/\",\"https:\/\/www.instagram.com\/life1079fm\/\"]},{\"@type\":\"Person\",\"@id\":\"https:\/\/radiolifefm.com.br\/noticias\/#\/schema\/person\/1d4e4b1301322090c6221bf1c8420490\",\"name\":\"lifefm\",\"image\":{\"@type\":\"ImageObject\",\"inLanguage\":\"pt-BR\",\"@id\":\"https:\/\/secure.gravatar.com\/avatar\/eca268467d925ec97d20641bb054fd944c0abb2f92854171620706bbe6474e7c?s=96&d=mm&r=g\",\"url\":\"https:\/\/secure.gravatar.com\/avatar\/eca268467d925ec97d20641bb054fd944c0abb2f92854171620706bbe6474e7c?s=96&d=mm&r=g\",\"contentUrl\":\"https:\/\/secure.gravatar.com\/avatar\/eca268467d925ec97d20641bb054fd944c0abb2f92854171620706bbe6474e7c?s=96&d=mm&r=g\",\"caption\":\"lifefm\"}}]}<\/script>\n<!-- \/ Yoast SEO plugin. -->","yoast_head_json":{"title":"E a Manada das Mentes Bovinas continua ouvindo o berrante na Prov\u00edncia... - S\u00e9rgio Barbosa - Opini\u00e3o - R\u00e1dio Life FM","robots":{"index":"index","follow":"follow","max-snippet":"max-snippet:-1","max-image-preview":"max-image-preview:large","max-video-preview":"max-video-preview:-1"},"canonical":"https:\/\/radiolifefm.com.br\/noticias\/e-a-manada-das-mentes-bovinas-continua-ouvindo-o-berrante-na-provincia-sergio-barbosa-opiniao\/","og_locale":"pt_BR","og_type":"article","og_title":"E a Manada das Mentes Bovinas continua ouvindo o berrante na Prov\u00edncia... - S\u00e9rgio Barbosa - Opini\u00e3o - R\u00e1dio Life FM","og_description":"E a Manada das Mentes Bovinas continua ouvindo o berrante na Prov\u00edncia&#8230; \u201cVoc\u00eas que fazem parte dessa massa&#8230; a margem do que possa parecer&#8230; e ver toda essa engrenagem&#8230; j\u00e1 sentem a ferrugem lhe corroer.. Eh&#8230; eeeh..Oh! vida de gado, povo marcado, povo feliz!!!\u201d (Z\u00e9 Ramalho) S\u00e9rgio Barbosa (*) Pelas not\u00edcias veiculadas na m\u00eddia provinciana, [&hellip;]","og_url":"https:\/\/radiolifefm.com.br\/noticias\/e-a-manada-das-mentes-bovinas-continua-ouvindo-o-berrante-na-provincia-sergio-barbosa-opiniao\/","og_site_name":"R\u00e1dio Life FM","article_publisher":"https:\/\/www.facebook.com\/radiolifefm\/","article_published_time":"2020-05-18T11:01:20+00:00","article_modified_time":"2026-04-22T03:33:55+00:00","og_image":[{"width":2560,"height":1440,"url":"https:\/\/radiolifefm.com.br\/noticias\/wp-content\/uploads\/2020\/05\/Sebar-4-scaled.jpg","type":"image\/jpeg"}],"author":"lifefm","twitter_card":"summary_large_image","twitter_misc":{"Escrito por":"lifefm","Est. tempo de leitura":"2 minutos"},"schema":{"@context":"https:\/\/schema.org","@graph":[{"@type":"Article","@id":"https:\/\/radiolifefm.com.br\/noticias\/e-a-manada-das-mentes-bovinas-continua-ouvindo-o-berrante-na-provincia-sergio-barbosa-opiniao\/#article","isPartOf":{"@id":"https:\/\/radiolifefm.com.br\/noticias\/e-a-manada-das-mentes-bovinas-continua-ouvindo-o-berrante-na-provincia-sergio-barbosa-opiniao\/"},"author":{"name":"lifefm","@id":"https:\/\/radiolifefm.com.br\/noticias\/#\/schema\/person\/1d4e4b1301322090c6221bf1c8420490"},"headline":"E a Manada das Mentes Bovinas continua ouvindo o berrante na Prov\u00edncia&#8230; &#8211; S\u00e9rgio Barbosa &#8211; Opini\u00e3o","datePublished":"2020-05-18T11:01:20+00:00","dateModified":"2026-04-22T03:33:55+00:00","mainEntityOfPage":{"@id":"https:\/\/radiolifefm.com.br\/noticias\/e-a-manada-das-mentes-bovinas-continua-ouvindo-o-berrante-na-provincia-sergio-barbosa-opiniao\/"},"wordCount":488,"publisher":{"@id":"https:\/\/radiolifefm.com.br\/noticias\/#organization"},"image":{"@id":"https:\/\/radiolifefm.com.br\/noticias\/e-a-manada-das-mentes-bovinas-continua-ouvindo-o-berrante-na-provincia-sergio-barbosa-opiniao\/#primaryimage"},"thumbnailUrl":"https:\/\/radiolifefm.com.br\/noticias\/wp-content\/uploads\/2020\/05\/Sebar-4-scaled.jpg","articleSection":["Opini\u00e3o"],"inLanguage":"pt-BR"},{"@type":"WebPage","@id":"https:\/\/radiolifefm.com.br\/noticias\/e-a-manada-das-mentes-bovinas-continua-ouvindo-o-berrante-na-provincia-sergio-barbosa-opiniao\/","url":"https:\/\/radiolifefm.com.br\/noticias\/e-a-manada-das-mentes-bovinas-continua-ouvindo-o-berrante-na-provincia-sergio-barbosa-opiniao\/","name":"E a Manada das Mentes Bovinas continua ouvindo o berrante na Prov\u00edncia... - S\u00e9rgio Barbosa - Opini\u00e3o - R\u00e1dio Life FM","isPartOf":{"@id":"https:\/\/radiolifefm.com.br\/noticias\/#website"},"primaryImageOfPage":{"@id":"https:\/\/radiolifefm.com.br\/noticias\/e-a-manada-das-mentes-bovinas-continua-ouvindo-o-berrante-na-provincia-sergio-barbosa-opiniao\/#primaryimage"},"image":{"@id":"https:\/\/radiolifefm.com.br\/noticias\/e-a-manada-das-mentes-bovinas-continua-ouvindo-o-berrante-na-provincia-sergio-barbosa-opiniao\/#primaryimage"},"thumbnailUrl":"https:\/\/radiolifefm.com.br\/noticias\/wp-content\/uploads\/2020\/05\/Sebar-4-scaled.jpg","datePublished":"2020-05-18T11:01:20+00:00","dateModified":"2026-04-22T03:33:55+00:00","breadcrumb":{"@id":"https:\/\/radiolifefm.com.br\/noticias\/e-a-manada-das-mentes-bovinas-continua-ouvindo-o-berrante-na-provincia-sergio-barbosa-opiniao\/#breadcrumb"},"inLanguage":"pt-BR","potentialAction":[{"@type":"ReadAction","target":["https:\/\/radiolifefm.com.br\/noticias\/e-a-manada-das-mentes-bovinas-continua-ouvindo-o-berrante-na-provincia-sergio-barbosa-opiniao\/"]}]},{"@type":"ImageObject","inLanguage":"pt-BR","@id":"https:\/\/radiolifefm.com.br\/noticias\/e-a-manada-das-mentes-bovinas-continua-ouvindo-o-berrante-na-provincia-sergio-barbosa-opiniao\/#primaryimage","url":"https:\/\/radiolifefm.com.br\/noticias\/wp-content\/uploads\/2020\/05\/Sebar-4-scaled.jpg","contentUrl":"https:\/\/radiolifefm.com.br\/noticias\/wp-content\/uploads\/2020\/05\/Sebar-4-scaled.jpg","width":2560,"height":1440},{"@type":"BreadcrumbList","@id":"https:\/\/radiolifefm.com.br\/noticias\/e-a-manada-das-mentes-bovinas-continua-ouvindo-o-berrante-na-provincia-sergio-barbosa-opiniao\/#breadcrumb","itemListElement":[{"@type":"ListItem","position":1,"name":"In\u00edcio","item":"https:\/\/radiolifefm.com.br\/noticias\/"},{"@type":"ListItem","position":2,"name":"E a Manada das Mentes Bovinas continua ouvindo o berrante na Prov\u00edncia&#8230; &#8211; S\u00e9rgio Barbosa &#8211; Opini\u00e3o"}]},{"@type":"WebSite","@id":"https:\/\/radiolifefm.com.br\/noticias\/#website","url":"https:\/\/radiolifefm.com.br\/noticias\/","name":"R\u00e1dio Life FM","description":"O Portal de Not\u00edcias de Adamantina","publisher":{"@id":"https:\/\/radiolifefm.com.br\/noticias\/#organization"},"alternateName":"Life FM","potentialAction":[{"@type":"SearchAction","target":{"@type":"EntryPoint","urlTemplate":"https:\/\/radiolifefm.com.br\/noticias\/?s={search_term_string}"},"query-input":{"@type":"PropertyValueSpecification","valueRequired":true,"valueName":"search_term_string"}}],"inLanguage":"pt-BR"},{"@type":"Organization","@id":"https:\/\/radiolifefm.com.br\/noticias\/#organization","name":"R\u00e1dio Life FM","alternateName":"Life FM","url":"https:\/\/radiolifefm.com.br\/noticias\/","logo":{"@type":"ImageObject","inLanguage":"pt-BR","@id":"https:\/\/radiolifefm.com.br\/noticias\/#\/schema\/logo\/image\/","url":"https:\/\/static.radiolifefm.com.br\/noticias\/wp-content\/uploads\/2019\/10\/logo-lifefm.png","contentUrl":"https:\/\/static.radiolifefm.com.br\/noticias\/wp-content\/uploads\/2019\/10\/logo-lifefm.png","width":196,"height":47,"caption":"R\u00e1dio Life FM"},"image":{"@id":"https:\/\/radiolifefm.com.br\/noticias\/#\/schema\/logo\/image\/"},"sameAs":["https:\/\/www.facebook.com\/radiolifefm\/","https:\/\/www.instagram.com\/life1079fm\/"]},{"@type":"Person","@id":"https:\/\/radiolifefm.com.br\/noticias\/#\/schema\/person\/1d4e4b1301322090c6221bf1c8420490","name":"lifefm","image":{"@type":"ImageObject","inLanguage":"pt-BR","@id":"https:\/\/secure.gravatar.com\/avatar\/eca268467d925ec97d20641bb054fd944c0abb2f92854171620706bbe6474e7c?s=96&d=mm&r=g","url":"https:\/\/secure.gravatar.com\/avatar\/eca268467d925ec97d20641bb054fd944c0abb2f92854171620706bbe6474e7c?s=96&d=mm&r=g","contentUrl":"https:\/\/secure.gravatar.com\/avatar\/eca268467d925ec97d20641bb054fd944c0abb2f92854171620706bbe6474e7c?s=96&d=mm&r=g","caption":"lifefm"}}]}},"amp_enabled":true,"_links":{"self":[{"href":"https:\/\/radiolifefm.com.br\/noticias\/wp-json\/wp\/v2\/posts\/23291","targetHints":{"allow":["GET"]}}],"collection":[{"href":"https:\/\/radiolifefm.com.br\/noticias\/wp-json\/wp\/v2\/posts"}],"about":[{"href":"https:\/\/radiolifefm.com.br\/noticias\/wp-json\/wp\/v2\/types\/post"}],"author":[{"embeddable":true,"href":"https:\/\/radiolifefm.com.br\/noticias\/wp-json\/wp\/v2\/users\/3"}],"replies":[{"embeddable":true,"href":"https:\/\/radiolifefm.com.br\/noticias\/wp-json\/wp\/v2\/comments?post=23291"}],"version-history":[{"count":1,"href":"https:\/\/radiolifefm.com.br\/noticias\/wp-json\/wp\/v2\/posts\/23291\/revisions"}],"predecessor-version":[{"id":23295,"href":"https:\/\/radiolifefm.com.br\/noticias\/wp-json\/wp\/v2\/posts\/23291\/revisions\/23295"}],"wp:featuredmedia":[{"embeddable":true,"href":"https:\/\/radiolifefm.com.br\/noticias\/wp-json\/wp\/v2\/media\/23292"}],"wp:attachment":[{"href":"https:\/\/radiolifefm.com.br\/noticias\/wp-json\/wp\/v2\/media?parent=23291"}],"wp:term":[{"taxonomy":"category","embeddable":true,"href":"https:\/\/radiolifefm.com.br\/noticias\/wp-json\/wp\/v2\/categories?post=23291"},{"taxonomy":"post_tag","embeddable":true,"href":"https:\/\/radiolifefm.com.br\/noticias\/wp-json\/wp\/v2\/tags?post=23291"}],"curies":[{"name":"wp","href":"https:\/\/api.w.org\/{rel}","templated":true}]}}