{"id":23257,"date":"2020-05-17T20:01:00","date_gmt":"2020-05-17T23:01:00","guid":{"rendered":"https:\/\/radiolifefm.com.br\/noticias\/?p=23257"},"modified":"2026-04-30T22:39:26","modified_gmt":"2026-05-01T01:39:26","slug":"instalacao-de-torres-na-regiao-causam-preocupacao-na-populacao","status":"publish","type":"post","link":"https:\/\/radiolifefm.com.br\/noticias\/instalacao-de-torres-na-regiao-causam-preocupacao-na-populacao\/","title":{"rendered":"Instala\u00e7\u00e3o de torres na regi\u00e3o causam preocupa\u00e7\u00e3o na popula\u00e7\u00e3o"},"content":{"rendered":"<div id=\"fb-root\"><\/div>\n<p>&nbsp;<\/p>\n<p><span style=\"color: #999999\">Por: Mayra Ferrari<\/span><\/p>\n<p>&nbsp;<\/p>\n<p>&nbsp;<\/p>\n<p><span style=\"color: #333333\">O governador Jo\u00e3o Doria anunciou nesta sexta-feira (15), a assinatura do contrato de concess\u00e3o para a opera\u00e7\u00e3o do Lote PiPa (Piracicaba \u2013 Panorama) entre a Artesp (Ag\u00eancia de Transporte do Estado de S\u00e3o Paulo) e a concession\u00e1ria Eixo SP. <\/span><\/p>\n<p>&nbsp;<\/p>\n<p><span style=\"color: #333333\">As rodovias SP-294 (Comandante Jo\u00e3o Ribeiro de Barros) e SP-425 (Assis Chateaubriand) fazem parte do pacote de concess\u00e3o, que prev\u00ea a instala\u00e7\u00e3o de quatro pra\u00e7as de ped\u00e1gios no trecho da Nova Alta Paulista.<\/span><\/p>\n<p>&nbsp;<\/p>\n<p><span style=\"color: #333333\">A instala\u00e7\u00e3o das tr\u00eas torres na regi\u00e3o (Adamantina, Irapuru e Martin\u00f3polis) para a comunica\u00e7\u00e3o interna das pra\u00e7as de ped\u00e1gio preocupou a popula\u00e7\u00e3o que procurou a reda\u00e7\u00e3o da R\u00e1dio Life FM para mais informa\u00e7\u00f5es.<\/span><\/p>\n<p>&nbsp;<\/p>\n<p class=\"subtitulo\"><span style=\"color: #333333\">Uma das torres foi erguida \u00e0s margens da SP-294, altura do bairro Tucuruvi, em Adamantina e o receio da popula\u00e7\u00e3o est\u00e1 relacionado ao perigo que pode trazer a instala\u00e7\u00e3o de uma torre que n\u00e3o possui o recuo necess\u00e1rio pra dentro dos terrenos que margeiam as rodovias.<\/span><\/p>\n<p>&nbsp;<\/p>\n<p><span style=\"color: #333333\"><span dir=\"ltr\"><span class=\"_3l3x _1n4g\">As tr\u00eas torres fogem dos padr\u00f5es de instala\u00e7\u00e3o e seguran\u00e7a das demais torres de celular e comunica\u00e7\u00e3o em geral e est\u00e3o muito pr\u00f3ximas ao acostamento. O que aumenta a <\/span><\/span><span dir=\"ltr\"><span class=\"_3l3x _1n4g\">probabilidade de um acidente acontecer e a gravidade tomar propor\u00e7\u00f5es gigantescas.<\/span><\/span><\/span><\/p>\n<div class=\"_6cuy\">\n<div class=\" _6qw3\" data-ft=\"{&quot;tn&quot;:&quot;K&quot;}\">\n<div><\/div>\n<div class=\"_72vr\"><span dir=\"ltr\" style=\"color: #333333\"><span class=\"_3l3x _1n4g\"><br \/>\nCaso um ve\u00edculo pesado se choque contra uma dessas torres, por mais que sua funda\u00e7\u00e3o seja forte, as hastes de a\u00e7o galvanizado n\u00e3o suportar\u00e3o tal impacto e a torre poder\u00e1 cair sobre a pista causando estragos inestim\u00e1veis e ceifando vidas.<\/span><\/span><\/div>\n<div><\/div>\n<div><\/div>\n<\/div>\n<\/div>\n<div><\/div>\n<div><\/div>\n<div>\n<p style=\"font-weight: 400\"><span style=\"color: #333333\">A concess\u00e3o seria a primeira do pa\u00eds a contar com uma metodologia que tem como objetivo vias projetadas para limitar a probabilidade de acidentes, assim como minimizar a gravidade das ocorr\u00eancias. Por\u00e9m, as pr\u00f3prias torres comprometem a seguran\u00e7a vi\u00e1ria.<\/span><\/p>\n<\/div>\n<p>&nbsp;<\/p>\n<p style=\"font-weight: 400\"><span style=\"color: #333333\">A concess\u00e3o de 30 anos prev\u00ea investimentos em infraestrutura no lote concedido que somam R$ 14 bilh\u00f5es. O Cons\u00f3rcio vai desembolsar, ainda, R$ 1,1 bilh\u00e3o pela outorga, a serem pagos ao Governo de SP.<\/span><\/p>\n<p>&nbsp;<\/p>\n<p class=\"subtitulo\"><span style=\"color: #333333\">O cons\u00f3rcio Infraestrutura Brasil assume a opera\u00e7\u00e3o de 1.273 quil\u00f4metros de estradas em junho, maior malha rodovi\u00e1ria j\u00e1 licitada no Brasil, abrangendo 12 rodovias e passando por 62 munic\u00edpios do estado.\u00a0<\/span><\/p>\n<p>&nbsp;<\/p>\n<p>&nbsp;<\/p>\n<div class='flex flex-wrap items-center -mx-1'>\r\n<a class='thumbnail gallery p-1 w-1\/2 md:w-1\/4' href='https:\/\/radiolifefm.com.br\/noticias\/wp-content\/uploads\/2020\/05\/Torres-2.jpeg'><img class='border border-white' src='https:\/\/radiolifefm.com.br\/noticias\/wp-content\/uploads\/2020\/05\/Torres-2-200x200.jpeg' alt='Torres (2)' \/><\/a><a class='thumbnail gallery p-1 w-1\/2 md:w-1\/4' href='https:\/\/radiolifefm.com.br\/noticias\/wp-content\/uploads\/2020\/05\/Torres-3.jpeg'><img class='border border-white' src='https:\/\/radiolifefm.com.br\/noticias\/wp-content\/uploads\/2020\/05\/Torres-3-200x200.jpeg' alt='Torres (3)' \/><\/a><a class='thumbnail gallery p-1 w-1\/2 md:w-1\/4' href='https:\/\/radiolifefm.com.br\/noticias\/wp-content\/uploads\/2020\/05\/Torres-4.jpeg'><img class='border border-white' src='https:\/\/radiolifefm.com.br\/noticias\/wp-content\/uploads\/2020\/05\/Torres-4-200x200.jpeg' alt='Torres (4)' \/><\/a><a class='thumbnail gallery p-1 w-1\/2 md:w-1\/4' href='https:\/\/radiolifefm.com.br\/noticias\/wp-content\/uploads\/2020\/05\/Torres-5.jpeg'><img class='border border-white' src='https:\/\/radiolifefm.com.br\/noticias\/wp-content\/uploads\/2020\/05\/Torres-5-200x200.jpeg' alt='Torres (5)' \/><\/a><\/div>\n<p>&nbsp;<\/p>\n","protected":false},"excerpt":{"rendered":"<p>&nbsp; Por: Mayra Ferrari &nbsp; &nbsp; O governador Jo\u00e3o Doria anunciou nesta sexta-feira (15), a assinatura do contrato de concess\u00e3o para a opera\u00e7\u00e3o do Lote PiPa (Piracicaba \u2013 Panorama) entre a Artesp (Ag\u00eancia de Transporte do Estado de S\u00e3o Paulo) e a concession\u00e1ria Eixo SP. &nbsp; As rodovias SP-294 (Comandante Jo\u00e3o Ribeiro de Barros) e [&hellip;]<\/p>\n","protected":false},"author":12,"featured_media":23263,"comment_status":"open","ping_status":"open","sticky":false,"template":"","format":"standard","meta":{"_acf_changed":false,"_exactmetrics_skip_tracking":false,"_exactmetrics_sitenote_active":false,"_exactmetrics_sitenote_note":"","_exactmetrics_sitenote_category":0,"footnotes":""},"categories":[24],"tags":[],"class_list":["post-23257","post","type-post","status-publish","format-standard","has-post-thumbnail","hentry","category-regiao"],"acf":[],"yoast_head":"<!-- This site is optimized with the Yoast SEO plugin v27.2 - https:\/\/yoast.com\/product\/yoast-seo-wordpress\/ -->\n<title>Instala\u00e7\u00e3o de torres na regi\u00e3o causam preocupa\u00e7\u00e3o na popula\u00e7\u00e3o - R\u00e1dio Life FM<\/title>\n<meta name=\"robots\" content=\"index, follow, max-snippet:-1, max-image-preview:large, max-video-preview:-1\" \/>\n<link rel=\"canonical\" href=\"https:\/\/radiolifefm.com.br\/noticias\/instalacao-de-torres-na-regiao-causam-preocupacao-na-populacao\/\" \/>\n<meta property=\"og:locale\" content=\"pt_BR\" \/>\n<meta property=\"og:type\" content=\"article\" \/>\n<meta property=\"og:title\" content=\"Instala\u00e7\u00e3o de torres na regi\u00e3o causam preocupa\u00e7\u00e3o na popula\u00e7\u00e3o - R\u00e1dio Life FM\" \/>\n<meta property=\"og:description\" content=\"&nbsp; Por: Mayra Ferrari &nbsp; &nbsp; O governador Jo\u00e3o Doria anunciou nesta sexta-feira (15), a assinatura do contrato de concess\u00e3o para a opera\u00e7\u00e3o do Lote PiPa (Piracicaba \u2013 Panorama) entre a Artesp (Ag\u00eancia de Transporte do Estado de S\u00e3o Paulo) e a concession\u00e1ria Eixo SP. &nbsp; As rodovias SP-294 (Comandante Jo\u00e3o Ribeiro de Barros) e [&hellip;]\" \/>\n<meta property=\"og:url\" content=\"https:\/\/radiolifefm.com.br\/noticias\/instalacao-de-torres-na-regiao-causam-preocupacao-na-populacao\/\" \/>\n<meta property=\"og:site_name\" content=\"R\u00e1dio Life FM\" \/>\n<meta property=\"article:publisher\" content=\"https:\/\/www.facebook.com\/radiolifefm\/\" \/>\n<meta property=\"article:published_time\" content=\"2020-05-17T23:01:00+00:00\" \/>\n<meta property=\"article:modified_time\" content=\"2026-05-01T01:39:26+00:00\" \/>\n<meta property=\"og:image\" content=\"https:\/\/radiolifefm.com.br\/noticias\/wp-content\/uploads\/2020\/05\/Torres-1-e1589754802119.jpeg\" \/>\n\t<meta property=\"og:image:width\" content=\"1200\" \/>\n\t<meta property=\"og:image:height\" content=\"630\" \/>\n\t<meta property=\"og:image:type\" content=\"image\/jpeg\" \/>\n<meta name=\"author\" content=\"mayraferrari\" \/>\n<meta name=\"twitter:card\" content=\"summary_large_image\" \/>\n<meta name=\"twitter:label1\" content=\"Escrito por\" \/>\n\t<meta name=\"twitter:data1\" content=\"mayraferrari\" \/>\n\t<meta name=\"twitter:label2\" content=\"Est. tempo de leitura\" \/>\n\t<meta name=\"twitter:data2\" content=\"2 minutos\" \/>\n<script type=\"application\/ld+json\" class=\"yoast-schema-graph\">{\"@context\":\"https:\/\/schema.org\",\"@graph\":[{\"@type\":\"Article\",\"@id\":\"https:\/\/radiolifefm.com.br\/noticias\/instalacao-de-torres-na-regiao-causam-preocupacao-na-populacao\/#article\",\"isPartOf\":{\"@id\":\"https:\/\/radiolifefm.com.br\/noticias\/instalacao-de-torres-na-regiao-causam-preocupacao-na-populacao\/\"},\"author\":{\"name\":\"mayraferrari\",\"@id\":\"https:\/\/radiolifefm.com.br\/noticias\/#\/schema\/person\/d37940c51f50a0c5db4e065bb527a35d\"},\"headline\":\"Instala\u00e7\u00e3o de torres na regi\u00e3o causam preocupa\u00e7\u00e3o na popula\u00e7\u00e3o\",\"datePublished\":\"2020-05-17T23:01:00+00:00\",\"dateModified\":\"2026-05-01T01:39:26+00:00\",\"mainEntityOfPage\":{\"@id\":\"https:\/\/radiolifefm.com.br\/noticias\/instalacao-de-torres-na-regiao-causam-preocupacao-na-populacao\/\"},\"wordCount\":413,\"commentCount\":0,\"publisher\":{\"@id\":\"https:\/\/radiolifefm.com.br\/noticias\/#organization\"},\"image\":{\"@id\":\"https:\/\/radiolifefm.com.br\/noticias\/instalacao-de-torres-na-regiao-causam-preocupacao-na-populacao\/#primaryimage\"},\"thumbnailUrl\":\"https:\/\/radiolifefm.com.br\/noticias\/wp-content\/uploads\/2020\/05\/Torres-1-e1589754802119.jpeg\",\"articleSection\":[\"Regi\u00e3o\"],\"inLanguage\":\"pt-BR\",\"potentialAction\":[{\"@type\":\"CommentAction\",\"name\":\"Comment\",\"target\":[\"https:\/\/radiolifefm.com.br\/noticias\/instalacao-de-torres-na-regiao-causam-preocupacao-na-populacao\/#respond\"]}]},{\"@type\":\"WebPage\",\"@id\":\"https:\/\/radiolifefm.com.br\/noticias\/instalacao-de-torres-na-regiao-causam-preocupacao-na-populacao\/\",\"url\":\"https:\/\/radiolifefm.com.br\/noticias\/instalacao-de-torres-na-regiao-causam-preocupacao-na-populacao\/\",\"name\":\"Instala\u00e7\u00e3o de torres na regi\u00e3o causam preocupa\u00e7\u00e3o na popula\u00e7\u00e3o - R\u00e1dio Life FM\",\"isPartOf\":{\"@id\":\"https:\/\/radiolifefm.com.br\/noticias\/#website\"},\"primaryImageOfPage\":{\"@id\":\"https:\/\/radiolifefm.com.br\/noticias\/instalacao-de-torres-na-regiao-causam-preocupacao-na-populacao\/#primaryimage\"},\"image\":{\"@id\":\"https:\/\/radiolifefm.com.br\/noticias\/instalacao-de-torres-na-regiao-causam-preocupacao-na-populacao\/#primaryimage\"},\"thumbnailUrl\":\"https:\/\/radiolifefm.com.br\/noticias\/wp-content\/uploads\/2020\/05\/Torres-1-e1589754802119.jpeg\",\"datePublished\":\"2020-05-17T23:01:00+00:00\",\"dateModified\":\"2026-05-01T01:39:26+00:00\",\"breadcrumb\":{\"@id\":\"https:\/\/radiolifefm.com.br\/noticias\/instalacao-de-torres-na-regiao-causam-preocupacao-na-populacao\/#breadcrumb\"},\"inLanguage\":\"pt-BR\",\"potentialAction\":[{\"@type\":\"ReadAction\",\"target\":[\"https:\/\/radiolifefm.com.br\/noticias\/instalacao-de-torres-na-regiao-causam-preocupacao-na-populacao\/\"]}]},{\"@type\":\"ImageObject\",\"inLanguage\":\"pt-BR\",\"@id\":\"https:\/\/radiolifefm.com.br\/noticias\/instalacao-de-torres-na-regiao-causam-preocupacao-na-populacao\/#primaryimage\",\"url\":\"https:\/\/radiolifefm.com.br\/noticias\/wp-content\/uploads\/2020\/05\/Torres-1-e1589754802119.jpeg\",\"contentUrl\":\"https:\/\/radiolifefm.com.br\/noticias\/wp-content\/uploads\/2020\/05\/Torres-1-e1589754802119.jpeg\",\"width\":1200,\"height\":630,\"caption\":\"Torre sendo erguida no acesso ao bairro Tucuruvi, em Adamantina. (Foto: Life FM)\"},{\"@type\":\"BreadcrumbList\",\"@id\":\"https:\/\/radiolifefm.com.br\/noticias\/instalacao-de-torres-na-regiao-causam-preocupacao-na-populacao\/#breadcrumb\",\"itemListElement\":[{\"@type\":\"ListItem\",\"position\":1,\"name\":\"In\u00edcio\",\"item\":\"https:\/\/radiolifefm.com.br\/noticias\/\"},{\"@type\":\"ListItem\",\"position\":2,\"name\":\"Instala\u00e7\u00e3o de torres na regi\u00e3o causam preocupa\u00e7\u00e3o na popula\u00e7\u00e3o\"}]},{\"@type\":\"WebSite\",\"@id\":\"https:\/\/radiolifefm.com.br\/noticias\/#website\",\"url\":\"https:\/\/radiolifefm.com.br\/noticias\/\",\"name\":\"R\u00e1dio Life FM\",\"description\":\"O Portal de Not\u00edcias de Adamantina\",\"publisher\":{\"@id\":\"https:\/\/radiolifefm.com.br\/noticias\/#organization\"},\"alternateName\":\"Life FM\",\"potentialAction\":[{\"@type\":\"SearchAction\",\"target\":{\"@type\":\"EntryPoint\",\"urlTemplate\":\"https:\/\/radiolifefm.com.br\/noticias\/?s={search_term_string}\"},\"query-input\":{\"@type\":\"PropertyValueSpecification\",\"valueRequired\":true,\"valueName\":\"search_term_string\"}}],\"inLanguage\":\"pt-BR\"},{\"@type\":\"Organization\",\"@id\":\"https:\/\/radiolifefm.com.br\/noticias\/#organization\",\"name\":\"R\u00e1dio Life FM\",\"alternateName\":\"Life FM\",\"url\":\"https:\/\/radiolifefm.com.br\/noticias\/\",\"logo\":{\"@type\":\"ImageObject\",\"inLanguage\":\"pt-BR\",\"@id\":\"https:\/\/radiolifefm.com.br\/noticias\/#\/schema\/logo\/image\/\",\"url\":\"https:\/\/static.radiolifefm.com.br\/noticias\/wp-content\/uploads\/2019\/10\/logo-lifefm.png\",\"contentUrl\":\"https:\/\/static.radiolifefm.com.br\/noticias\/wp-content\/uploads\/2019\/10\/logo-lifefm.png\",\"width\":196,\"height\":47,\"caption\":\"R\u00e1dio Life FM\"},\"image\":{\"@id\":\"https:\/\/radiolifefm.com.br\/noticias\/#\/schema\/logo\/image\/\"},\"sameAs\":[\"https:\/\/www.facebook.com\/radiolifefm\/\",\"https:\/\/www.instagram.com\/life1079fm\/\"]},{\"@type\":\"Person\",\"@id\":\"https:\/\/radiolifefm.com.br\/noticias\/#\/schema\/person\/d37940c51f50a0c5db4e065bb527a35d\",\"name\":\"mayraferrari\",\"image\":{\"@type\":\"ImageObject\",\"inLanguage\":\"pt-BR\",\"@id\":\"https:\/\/secure.gravatar.com\/avatar\/69374fafea2eae004e87f555bcb8bb6e24c5d501c2ffec6bbedf0a8f25427b93?s=96&d=mm&r=g\",\"url\":\"https:\/\/secure.gravatar.com\/avatar\/69374fafea2eae004e87f555bcb8bb6e24c5d501c2ffec6bbedf0a8f25427b93?s=96&d=mm&r=g\",\"contentUrl\":\"https:\/\/secure.gravatar.com\/avatar\/69374fafea2eae004e87f555bcb8bb6e24c5d501c2ffec6bbedf0a8f25427b93?s=96&d=mm&r=g\",\"caption\":\"mayraferrari\"}}]}<\/script>\n<!-- \/ Yoast SEO plugin. -->","yoast_head_json":{"title":"Instala\u00e7\u00e3o de torres na regi\u00e3o causam preocupa\u00e7\u00e3o na popula\u00e7\u00e3o - R\u00e1dio Life FM","robots":{"index":"index","follow":"follow","max-snippet":"max-snippet:-1","max-image-preview":"max-image-preview:large","max-video-preview":"max-video-preview:-1"},"canonical":"https:\/\/radiolifefm.com.br\/noticias\/instalacao-de-torres-na-regiao-causam-preocupacao-na-populacao\/","og_locale":"pt_BR","og_type":"article","og_title":"Instala\u00e7\u00e3o de torres na regi\u00e3o causam preocupa\u00e7\u00e3o na popula\u00e7\u00e3o - R\u00e1dio Life FM","og_description":"&nbsp; Por: Mayra Ferrari &nbsp; &nbsp; O governador Jo\u00e3o Doria anunciou nesta sexta-feira (15), a assinatura do contrato de concess\u00e3o para a opera\u00e7\u00e3o do Lote PiPa (Piracicaba \u2013 Panorama) entre a Artesp (Ag\u00eancia de Transporte do Estado de S\u00e3o Paulo) e a concession\u00e1ria Eixo SP. &nbsp; As rodovias SP-294 (Comandante Jo\u00e3o Ribeiro de Barros) e [&hellip;]","og_url":"https:\/\/radiolifefm.com.br\/noticias\/instalacao-de-torres-na-regiao-causam-preocupacao-na-populacao\/","og_site_name":"R\u00e1dio Life FM","article_publisher":"https:\/\/www.facebook.com\/radiolifefm\/","article_published_time":"2020-05-17T23:01:00+00:00","article_modified_time":"2026-05-01T01:39:26+00:00","og_image":[{"width":1200,"height":630,"url":"https:\/\/radiolifefm.com.br\/noticias\/wp-content\/uploads\/2020\/05\/Torres-1-e1589754802119.jpeg","type":"image\/jpeg"}],"author":"mayraferrari","twitter_card":"summary_large_image","twitter_misc":{"Escrito por":"mayraferrari","Est. tempo de leitura":"2 minutos"},"schema":{"@context":"https:\/\/schema.org","@graph":[{"@type":"Article","@id":"https:\/\/radiolifefm.com.br\/noticias\/instalacao-de-torres-na-regiao-causam-preocupacao-na-populacao\/#article","isPartOf":{"@id":"https:\/\/radiolifefm.com.br\/noticias\/instalacao-de-torres-na-regiao-causam-preocupacao-na-populacao\/"},"author":{"name":"mayraferrari","@id":"https:\/\/radiolifefm.com.br\/noticias\/#\/schema\/person\/d37940c51f50a0c5db4e065bb527a35d"},"headline":"Instala\u00e7\u00e3o de torres na regi\u00e3o causam preocupa\u00e7\u00e3o na popula\u00e7\u00e3o","datePublished":"2020-05-17T23:01:00+00:00","dateModified":"2026-05-01T01:39:26+00:00","mainEntityOfPage":{"@id":"https:\/\/radiolifefm.com.br\/noticias\/instalacao-de-torres-na-regiao-causam-preocupacao-na-populacao\/"},"wordCount":413,"commentCount":0,"publisher":{"@id":"https:\/\/radiolifefm.com.br\/noticias\/#organization"},"image":{"@id":"https:\/\/radiolifefm.com.br\/noticias\/instalacao-de-torres-na-regiao-causam-preocupacao-na-populacao\/#primaryimage"},"thumbnailUrl":"https:\/\/radiolifefm.com.br\/noticias\/wp-content\/uploads\/2020\/05\/Torres-1-e1589754802119.jpeg","articleSection":["Regi\u00e3o"],"inLanguage":"pt-BR","potentialAction":[{"@type":"CommentAction","name":"Comment","target":["https:\/\/radiolifefm.com.br\/noticias\/instalacao-de-torres-na-regiao-causam-preocupacao-na-populacao\/#respond"]}]},{"@type":"WebPage","@id":"https:\/\/radiolifefm.com.br\/noticias\/instalacao-de-torres-na-regiao-causam-preocupacao-na-populacao\/","url":"https:\/\/radiolifefm.com.br\/noticias\/instalacao-de-torres-na-regiao-causam-preocupacao-na-populacao\/","name":"Instala\u00e7\u00e3o de torres na regi\u00e3o causam preocupa\u00e7\u00e3o na popula\u00e7\u00e3o - R\u00e1dio Life FM","isPartOf":{"@id":"https:\/\/radiolifefm.com.br\/noticias\/#website"},"primaryImageOfPage":{"@id":"https:\/\/radiolifefm.com.br\/noticias\/instalacao-de-torres-na-regiao-causam-preocupacao-na-populacao\/#primaryimage"},"image":{"@id":"https:\/\/radiolifefm.com.br\/noticias\/instalacao-de-torres-na-regiao-causam-preocupacao-na-populacao\/#primaryimage"},"thumbnailUrl":"https:\/\/radiolifefm.com.br\/noticias\/wp-content\/uploads\/2020\/05\/Torres-1-e1589754802119.jpeg","datePublished":"2020-05-17T23:01:00+00:00","dateModified":"2026-05-01T01:39:26+00:00","breadcrumb":{"@id":"https:\/\/radiolifefm.com.br\/noticias\/instalacao-de-torres-na-regiao-causam-preocupacao-na-populacao\/#breadcrumb"},"inLanguage":"pt-BR","potentialAction":[{"@type":"ReadAction","target":["https:\/\/radiolifefm.com.br\/noticias\/instalacao-de-torres-na-regiao-causam-preocupacao-na-populacao\/"]}]},{"@type":"ImageObject","inLanguage":"pt-BR","@id":"https:\/\/radiolifefm.com.br\/noticias\/instalacao-de-torres-na-regiao-causam-preocupacao-na-populacao\/#primaryimage","url":"https:\/\/radiolifefm.com.br\/noticias\/wp-content\/uploads\/2020\/05\/Torres-1-e1589754802119.jpeg","contentUrl":"https:\/\/radiolifefm.com.br\/noticias\/wp-content\/uploads\/2020\/05\/Torres-1-e1589754802119.jpeg","width":1200,"height":630,"caption":"Torre sendo erguida no acesso ao bairro Tucuruvi, em Adamantina. (Foto: Life FM)"},{"@type":"BreadcrumbList","@id":"https:\/\/radiolifefm.com.br\/noticias\/instalacao-de-torres-na-regiao-causam-preocupacao-na-populacao\/#breadcrumb","itemListElement":[{"@type":"ListItem","position":1,"name":"In\u00edcio","item":"https:\/\/radiolifefm.com.br\/noticias\/"},{"@type":"ListItem","position":2,"name":"Instala\u00e7\u00e3o de torres na regi\u00e3o causam preocupa\u00e7\u00e3o na popula\u00e7\u00e3o"}]},{"@type":"WebSite","@id":"https:\/\/radiolifefm.com.br\/noticias\/#website","url":"https:\/\/radiolifefm.com.br\/noticias\/","name":"R\u00e1dio Life FM","description":"O Portal de Not\u00edcias de Adamantina","publisher":{"@id":"https:\/\/radiolifefm.com.br\/noticias\/#organization"},"alternateName":"Life FM","potentialAction":[{"@type":"SearchAction","target":{"@type":"EntryPoint","urlTemplate":"https:\/\/radiolifefm.com.br\/noticias\/?s={search_term_string}"},"query-input":{"@type":"PropertyValueSpecification","valueRequired":true,"valueName":"search_term_string"}}],"inLanguage":"pt-BR"},{"@type":"Organization","@id":"https:\/\/radiolifefm.com.br\/noticias\/#organization","name":"R\u00e1dio Life FM","alternateName":"Life FM","url":"https:\/\/radiolifefm.com.br\/noticias\/","logo":{"@type":"ImageObject","inLanguage":"pt-BR","@id":"https:\/\/radiolifefm.com.br\/noticias\/#\/schema\/logo\/image\/","url":"https:\/\/static.radiolifefm.com.br\/noticias\/wp-content\/uploads\/2019\/10\/logo-lifefm.png","contentUrl":"https:\/\/static.radiolifefm.com.br\/noticias\/wp-content\/uploads\/2019\/10\/logo-lifefm.png","width":196,"height":47,"caption":"R\u00e1dio Life FM"},"image":{"@id":"https:\/\/radiolifefm.com.br\/noticias\/#\/schema\/logo\/image\/"},"sameAs":["https:\/\/www.facebook.com\/radiolifefm\/","https:\/\/www.instagram.com\/life1079fm\/"]},{"@type":"Person","@id":"https:\/\/radiolifefm.com.br\/noticias\/#\/schema\/person\/d37940c51f50a0c5db4e065bb527a35d","name":"mayraferrari","image":{"@type":"ImageObject","inLanguage":"pt-BR","@id":"https:\/\/secure.gravatar.com\/avatar\/69374fafea2eae004e87f555bcb8bb6e24c5d501c2ffec6bbedf0a8f25427b93?s=96&d=mm&r=g","url":"https:\/\/secure.gravatar.com\/avatar\/69374fafea2eae004e87f555bcb8bb6e24c5d501c2ffec6bbedf0a8f25427b93?s=96&d=mm&r=g","contentUrl":"https:\/\/secure.gravatar.com\/avatar\/69374fafea2eae004e87f555bcb8bb6e24c5d501c2ffec6bbedf0a8f25427b93?s=96&d=mm&r=g","caption":"mayraferrari"}}]}},"amp_enabled":true,"_links":{"self":[{"href":"https:\/\/radiolifefm.com.br\/noticias\/wp-json\/wp\/v2\/posts\/23257","targetHints":{"allow":["GET"]}}],"collection":[{"href":"https:\/\/radiolifefm.com.br\/noticias\/wp-json\/wp\/v2\/posts"}],"about":[{"href":"https:\/\/radiolifefm.com.br\/noticias\/wp-json\/wp\/v2\/types\/post"}],"author":[{"embeddable":true,"href":"https:\/\/radiolifefm.com.br\/noticias\/wp-json\/wp\/v2\/users\/12"}],"replies":[{"embeddable":true,"href":"https:\/\/radiolifefm.com.br\/noticias\/wp-json\/wp\/v2\/comments?post=23257"}],"version-history":[{"count":10,"href":"https:\/\/radiolifefm.com.br\/noticias\/wp-json\/wp\/v2\/posts\/23257\/revisions"}],"predecessor-version":[{"id":23273,"href":"https:\/\/radiolifefm.com.br\/noticias\/wp-json\/wp\/v2\/posts\/23257\/revisions\/23273"}],"wp:featuredmedia":[{"embeddable":true,"href":"https:\/\/radiolifefm.com.br\/noticias\/wp-json\/wp\/v2\/media\/23263"}],"wp:attachment":[{"href":"https:\/\/radiolifefm.com.br\/noticias\/wp-json\/wp\/v2\/media?parent=23257"}],"wp:term":[{"taxonomy":"category","embeddable":true,"href":"https:\/\/radiolifefm.com.br\/noticias\/wp-json\/wp\/v2\/categories?post=23257"},{"taxonomy":"post_tag","embeddable":true,"href":"https:\/\/radiolifefm.com.br\/noticias\/wp-json\/wp\/v2\/tags?post=23257"}],"curies":[{"name":"wp","href":"https:\/\/api.w.org\/{rel}","templated":true}]}}