{"id":23220,"date":"2020-05-17T11:55:07","date_gmt":"2020-05-17T14:55:07","guid":{"rendered":"https:\/\/radiolifefm.com.br\/noticias\/?p=23220"},"modified":"2026-04-03T09:17:32","modified_gmt":"2026-04-03T12:17:32","slug":"corpo-de-bombeiros-realiza-parto-de-emergencia-em-residencia-de-osvaldo-cruz","status":"publish","type":"post","link":"https:\/\/radiolifefm.com.br\/noticias\/corpo-de-bombeiros-realiza-parto-de-emergencia-em-residencia-de-osvaldo-cruz\/","title":{"rendered":"Corpo de Bombeiros realiza parto de emerg\u00eancia em resid\u00eancia de Osvaldo Cruz"},"content":{"rendered":"<div id=\"fb-root\"><\/div>\n<p><em>A\u00e7\u00e3o foi realizada na madrugada deste domingo (17).<\/em><\/p>\n<p>O Corpo de Bombeiros de Osvaldo Cruz foi acionado diretamente na Esta\u00e7\u00e3o, por volta das 4h30 deste domingo (17), para atender uma ocorr\u00eancia de trabalho de parto pela Travessa Arapongas.<\/p>\n<p>No local, a guarni\u00e7\u00e3o da Unidade de Resgate do Corpo de Bombeiros, composta pelo 1\u00ba PM Sargento Cristiano, Soldado PM Lorandi, e Soldado Martinez, se depararam com Ros\u00e2ngela Fortunato dos Santos, de 24 anos, em trabalho avan\u00e7ado de parto, com parte do beb\u00ea para fora.<\/p>\n<p>Rapidamente foram realizados os procedimentos e ap\u00f3s o parto, m\u00e3e e beb\u00ea foram encaminhados para a Santa Casa local, onde receberam cuidados m\u00e9dicos, permanecendo internados.<\/p>\n<p>Para o Sargento Cristiano, a emo\u00e7\u00e3o foi ainda maior por se tratar do seu primeiro parto em 20 anos na Pol\u00edcia Militar do Estado de S\u00e3o Paulo, sendo cinco no Corpo de Bombeiros.<br \/>\nPara o restante da guarni\u00e7\u00e3o, tamb\u00e9m foi a primeira ocorr\u00eancia de parto na carreira.<\/p>\n<p>A crian\u00e7a veio ao mundo com 3,130 kg e se chama Gabriel Henrique.<\/p>\n<p>Algumas horas ap\u00f3s o parto, a m\u00e3e do menino Gabriel Henrique, agradeceu o trabalho do Corpo de Bombeiros e informou que a crian\u00e7a est\u00e1 sem enxoval. Quem puder ajudar com doa\u00e7\u00e3o de roupas e fraldas, pode entregar na Travessa Arapongas, n\u00ba 735, no Centro de Osvaldo Cruz.<\/p>\n<figure id=\"attachment_23222\" aria-describedby=\"caption-attachment-23222\" style=\"width: 169px\" class=\"wp-caption alignnone\"><img loading=\"lazy\" decoding=\"async\" class=\"wp-image-23222 size-medium\" src=\"https:\/\/static.radiolifefm.com.br\/wp-content\/uploads\/sites\/2\/2020\/05\/Bombeiros-Parto-1-169x300.jpg\" alt=\"\" width=\"169\" height=\"300\" srcset=\"https:\/\/radiolifefm.com.br\/noticias\/wp-content\/uploads\/2020\/05\/Bombeiros-Parto-1-169x300.jpg 169w, https:\/\/radiolifefm.com.br\/noticias\/wp-content\/uploads\/2020\/05\/Bombeiros-Parto-1.jpg 449w\" sizes=\"auto, (max-width: 169px) 100vw, 169px\" \/><figcaption id=\"caption-attachment-23222\" class=\"wp-caption-text\">Gabriel Henrique nasceu na madrugada deste domingo (17), em parto de emerg\u00eancia realizado pelo Corpo de Bombeiros de Osvaldo Cruz.<\/figcaption><\/figure>\n<p>Cristiano Nascimento \u2013 Portal Metr\u00f3pole<\/p>\n","protected":false},"excerpt":{"rendered":"<p>A\u00e7\u00e3o foi realizada na madrugada deste domingo (17). O Corpo de Bombeiros de Osvaldo Cruz foi acionado diretamente na Esta\u00e7\u00e3o, por volta das 4h30 deste domingo (17), para atender uma ocorr\u00eancia de trabalho de parto pela Travessa Arapongas. No local, a guarni\u00e7\u00e3o da Unidade de Resgate do Corpo de Bombeiros, composta pelo 1\u00ba PM Sargento [&hellip;]<\/p>\n","protected":false},"author":3,"featured_media":23221,"comment_status":"closed","ping_status":"open","sticky":false,"template":"","format":"standard","meta":{"_acf_changed":false,"_exactmetrics_skip_tracking":false,"_exactmetrics_sitenote_active":false,"_exactmetrics_sitenote_note":"","_exactmetrics_sitenote_category":0,"footnotes":""},"categories":[24],"tags":[],"class_list":["post-23220","post","type-post","status-publish","format-standard","has-post-thumbnail","hentry","category-regiao"],"acf":[],"yoast_head":"<!-- This site is optimized with the Yoast SEO plugin v27.2 - https:\/\/yoast.com\/product\/yoast-seo-wordpress\/ -->\n<title>Corpo de Bombeiros realiza parto de emerg\u00eancia em resid\u00eancia de Osvaldo Cruz - R\u00e1dio Life FM<\/title>\n<meta name=\"robots\" content=\"index, follow, max-snippet:-1, max-image-preview:large, max-video-preview:-1\" \/>\n<link rel=\"canonical\" href=\"https:\/\/radiolifefm.com.br\/noticias\/corpo-de-bombeiros-realiza-parto-de-emergencia-em-residencia-de-osvaldo-cruz\/\" \/>\n<meta property=\"og:locale\" content=\"pt_BR\" \/>\n<meta property=\"og:type\" content=\"article\" \/>\n<meta property=\"og:title\" content=\"Corpo de Bombeiros realiza parto de emerg\u00eancia em resid\u00eancia de Osvaldo Cruz - R\u00e1dio Life FM\" \/>\n<meta property=\"og:description\" content=\"A\u00e7\u00e3o foi realizada na madrugada deste domingo (17). O Corpo de Bombeiros de Osvaldo Cruz foi acionado diretamente na Esta\u00e7\u00e3o, por volta das 4h30 deste domingo (17), para atender uma ocorr\u00eancia de trabalho de parto pela Travessa Arapongas. No local, a guarni\u00e7\u00e3o da Unidade de Resgate do Corpo de Bombeiros, composta pelo 1\u00ba PM Sargento [&hellip;]\" \/>\n<meta property=\"og:url\" content=\"https:\/\/radiolifefm.com.br\/noticias\/corpo-de-bombeiros-realiza-parto-de-emergencia-em-residencia-de-osvaldo-cruz\/\" \/>\n<meta property=\"og:site_name\" content=\"R\u00e1dio Life FM\" \/>\n<meta property=\"article:publisher\" content=\"https:\/\/www.facebook.com\/radiolifefm\/\" \/>\n<meta property=\"article:published_time\" content=\"2020-05-17T14:55:07+00:00\" \/>\n<meta property=\"article:modified_time\" content=\"2026-04-03T12:17:32+00:00\" \/>\n<meta property=\"og:image\" content=\"https:\/\/radiolifefm.com.br\/noticias\/wp-content\/uploads\/2020\/05\/Bombeiros-Parto.jpg\" \/>\n\t<meta property=\"og:image:width\" content=\"605\" \/>\n\t<meta property=\"og:image:height\" content=\"258\" \/>\n\t<meta property=\"og:image:type\" content=\"image\/jpeg\" \/>\n<meta name=\"author\" content=\"lifefm\" \/>\n<meta name=\"twitter:card\" content=\"summary_large_image\" \/>\n<meta name=\"twitter:label1\" content=\"Escrito por\" \/>\n\t<meta name=\"twitter:data1\" content=\"lifefm\" \/>\n\t<meta name=\"twitter:label2\" content=\"Est. tempo de leitura\" \/>\n\t<meta name=\"twitter:data2\" content=\"1 minuto\" \/>\n<script type=\"application\/ld+json\" class=\"yoast-schema-graph\">{\"@context\":\"https:\/\/schema.org\",\"@graph\":[{\"@type\":\"Article\",\"@id\":\"https:\/\/radiolifefm.com.br\/noticias\/corpo-de-bombeiros-realiza-parto-de-emergencia-em-residencia-de-osvaldo-cruz\/#article\",\"isPartOf\":{\"@id\":\"https:\/\/radiolifefm.com.br\/noticias\/corpo-de-bombeiros-realiza-parto-de-emergencia-em-residencia-de-osvaldo-cruz\/\"},\"author\":{\"name\":\"lifefm\",\"@id\":\"https:\/\/radiolifefm.com.br\/noticias\/#\/schema\/person\/1d4e4b1301322090c6221bf1c8420490\"},\"headline\":\"Corpo de Bombeiros realiza parto de emerg\u00eancia em resid\u00eancia de Osvaldo Cruz\",\"datePublished\":\"2020-05-17T14:55:07+00:00\",\"dateModified\":\"2026-04-03T12:17:32+00:00\",\"mainEntityOfPage\":{\"@id\":\"https:\/\/radiolifefm.com.br\/noticias\/corpo-de-bombeiros-realiza-parto-de-emergencia-em-residencia-de-osvaldo-cruz\/\"},\"wordCount\":274,\"publisher\":{\"@id\":\"https:\/\/radiolifefm.com.br\/noticias\/#organization\"},\"image\":{\"@id\":\"https:\/\/radiolifefm.com.br\/noticias\/corpo-de-bombeiros-realiza-parto-de-emergencia-em-residencia-de-osvaldo-cruz\/#primaryimage\"},\"thumbnailUrl\":\"https:\/\/radiolifefm.com.br\/noticias\/wp-content\/uploads\/2020\/05\/Bombeiros-Parto.jpg\",\"articleSection\":[\"Regi\u00e3o\"],\"inLanguage\":\"pt-BR\"},{\"@type\":\"WebPage\",\"@id\":\"https:\/\/radiolifefm.com.br\/noticias\/corpo-de-bombeiros-realiza-parto-de-emergencia-em-residencia-de-osvaldo-cruz\/\",\"url\":\"https:\/\/radiolifefm.com.br\/noticias\/corpo-de-bombeiros-realiza-parto-de-emergencia-em-residencia-de-osvaldo-cruz\/\",\"name\":\"Corpo de Bombeiros realiza parto de emerg\u00eancia em resid\u00eancia de Osvaldo Cruz - R\u00e1dio Life FM\",\"isPartOf\":{\"@id\":\"https:\/\/radiolifefm.com.br\/noticias\/#website\"},\"primaryImageOfPage\":{\"@id\":\"https:\/\/radiolifefm.com.br\/noticias\/corpo-de-bombeiros-realiza-parto-de-emergencia-em-residencia-de-osvaldo-cruz\/#primaryimage\"},\"image\":{\"@id\":\"https:\/\/radiolifefm.com.br\/noticias\/corpo-de-bombeiros-realiza-parto-de-emergencia-em-residencia-de-osvaldo-cruz\/#primaryimage\"},\"thumbnailUrl\":\"https:\/\/radiolifefm.com.br\/noticias\/wp-content\/uploads\/2020\/05\/Bombeiros-Parto.jpg\",\"datePublished\":\"2020-05-17T14:55:07+00:00\",\"dateModified\":\"2026-04-03T12:17:32+00:00\",\"breadcrumb\":{\"@id\":\"https:\/\/radiolifefm.com.br\/noticias\/corpo-de-bombeiros-realiza-parto-de-emergencia-em-residencia-de-osvaldo-cruz\/#breadcrumb\"},\"inLanguage\":\"pt-BR\",\"potentialAction\":[{\"@type\":\"ReadAction\",\"target\":[\"https:\/\/radiolifefm.com.br\/noticias\/corpo-de-bombeiros-realiza-parto-de-emergencia-em-residencia-de-osvaldo-cruz\/\"]}]},{\"@type\":\"ImageObject\",\"inLanguage\":\"pt-BR\",\"@id\":\"https:\/\/radiolifefm.com.br\/noticias\/corpo-de-bombeiros-realiza-parto-de-emergencia-em-residencia-de-osvaldo-cruz\/#primaryimage\",\"url\":\"https:\/\/radiolifefm.com.br\/noticias\/wp-content\/uploads\/2020\/05\/Bombeiros-Parto.jpg\",\"contentUrl\":\"https:\/\/radiolifefm.com.br\/noticias\/wp-content\/uploads\/2020\/05\/Bombeiros-Parto.jpg\",\"width\":605,\"height\":258},{\"@type\":\"BreadcrumbList\",\"@id\":\"https:\/\/radiolifefm.com.br\/noticias\/corpo-de-bombeiros-realiza-parto-de-emergencia-em-residencia-de-osvaldo-cruz\/#breadcrumb\",\"itemListElement\":[{\"@type\":\"ListItem\",\"position\":1,\"name\":\"In\u00edcio\",\"item\":\"https:\/\/radiolifefm.com.br\/noticias\/\"},{\"@type\":\"ListItem\",\"position\":2,\"name\":\"Corpo de Bombeiros realiza parto de emerg\u00eancia em resid\u00eancia de Osvaldo Cruz\"}]},{\"@type\":\"WebSite\",\"@id\":\"https:\/\/radiolifefm.com.br\/noticias\/#website\",\"url\":\"https:\/\/radiolifefm.com.br\/noticias\/\",\"name\":\"R\u00e1dio Life FM\",\"description\":\"O Portal de Not\u00edcias de Adamantina\",\"publisher\":{\"@id\":\"https:\/\/radiolifefm.com.br\/noticias\/#organization\"},\"alternateName\":\"Life FM\",\"potentialAction\":[{\"@type\":\"SearchAction\",\"target\":{\"@type\":\"EntryPoint\",\"urlTemplate\":\"https:\/\/radiolifefm.com.br\/noticias\/?s={search_term_string}\"},\"query-input\":{\"@type\":\"PropertyValueSpecification\",\"valueRequired\":true,\"valueName\":\"search_term_string\"}}],\"inLanguage\":\"pt-BR\"},{\"@type\":\"Organization\",\"@id\":\"https:\/\/radiolifefm.com.br\/noticias\/#organization\",\"name\":\"R\u00e1dio Life FM\",\"alternateName\":\"Life FM\",\"url\":\"https:\/\/radiolifefm.com.br\/noticias\/\",\"logo\":{\"@type\":\"ImageObject\",\"inLanguage\":\"pt-BR\",\"@id\":\"https:\/\/radiolifefm.com.br\/noticias\/#\/schema\/logo\/image\/\",\"url\":\"https:\/\/static.radiolifefm.com.br\/noticias\/wp-content\/uploads\/2019\/10\/logo-lifefm.png\",\"contentUrl\":\"https:\/\/static.radiolifefm.com.br\/noticias\/wp-content\/uploads\/2019\/10\/logo-lifefm.png\",\"width\":196,\"height\":47,\"caption\":\"R\u00e1dio Life FM\"},\"image\":{\"@id\":\"https:\/\/radiolifefm.com.br\/noticias\/#\/schema\/logo\/image\/\"},\"sameAs\":[\"https:\/\/www.facebook.com\/radiolifefm\/\",\"https:\/\/www.instagram.com\/life1079fm\/\"]},{\"@type\":\"Person\",\"@id\":\"https:\/\/radiolifefm.com.br\/noticias\/#\/schema\/person\/1d4e4b1301322090c6221bf1c8420490\",\"name\":\"lifefm\",\"image\":{\"@type\":\"ImageObject\",\"inLanguage\":\"pt-BR\",\"@id\":\"https:\/\/secure.gravatar.com\/avatar\/eca268467d925ec97d20641bb054fd944c0abb2f92854171620706bbe6474e7c?s=96&d=mm&r=g\",\"url\":\"https:\/\/secure.gravatar.com\/avatar\/eca268467d925ec97d20641bb054fd944c0abb2f92854171620706bbe6474e7c?s=96&d=mm&r=g\",\"contentUrl\":\"https:\/\/secure.gravatar.com\/avatar\/eca268467d925ec97d20641bb054fd944c0abb2f92854171620706bbe6474e7c?s=96&d=mm&r=g\",\"caption\":\"lifefm\"}}]}<\/script>\n<!-- \/ Yoast SEO plugin. -->","yoast_head_json":{"title":"Corpo de Bombeiros realiza parto de emerg\u00eancia em resid\u00eancia de Osvaldo Cruz - R\u00e1dio Life FM","robots":{"index":"index","follow":"follow","max-snippet":"max-snippet:-1","max-image-preview":"max-image-preview:large","max-video-preview":"max-video-preview:-1"},"canonical":"https:\/\/radiolifefm.com.br\/noticias\/corpo-de-bombeiros-realiza-parto-de-emergencia-em-residencia-de-osvaldo-cruz\/","og_locale":"pt_BR","og_type":"article","og_title":"Corpo de Bombeiros realiza parto de emerg\u00eancia em resid\u00eancia de Osvaldo Cruz - R\u00e1dio Life FM","og_description":"A\u00e7\u00e3o foi realizada na madrugada deste domingo (17). O Corpo de Bombeiros de Osvaldo Cruz foi acionado diretamente na Esta\u00e7\u00e3o, por volta das 4h30 deste domingo (17), para atender uma ocorr\u00eancia de trabalho de parto pela Travessa Arapongas. No local, a guarni\u00e7\u00e3o da Unidade de Resgate do Corpo de Bombeiros, composta pelo 1\u00ba PM Sargento [&hellip;]","og_url":"https:\/\/radiolifefm.com.br\/noticias\/corpo-de-bombeiros-realiza-parto-de-emergencia-em-residencia-de-osvaldo-cruz\/","og_site_name":"R\u00e1dio Life FM","article_publisher":"https:\/\/www.facebook.com\/radiolifefm\/","article_published_time":"2020-05-17T14:55:07+00:00","article_modified_time":"2026-04-03T12:17:32+00:00","og_image":[{"width":605,"height":258,"url":"https:\/\/radiolifefm.com.br\/noticias\/wp-content\/uploads\/2020\/05\/Bombeiros-Parto.jpg","type":"image\/jpeg"}],"author":"lifefm","twitter_card":"summary_large_image","twitter_misc":{"Escrito por":"lifefm","Est. tempo de leitura":"1 minuto"},"schema":{"@context":"https:\/\/schema.org","@graph":[{"@type":"Article","@id":"https:\/\/radiolifefm.com.br\/noticias\/corpo-de-bombeiros-realiza-parto-de-emergencia-em-residencia-de-osvaldo-cruz\/#article","isPartOf":{"@id":"https:\/\/radiolifefm.com.br\/noticias\/corpo-de-bombeiros-realiza-parto-de-emergencia-em-residencia-de-osvaldo-cruz\/"},"author":{"name":"lifefm","@id":"https:\/\/radiolifefm.com.br\/noticias\/#\/schema\/person\/1d4e4b1301322090c6221bf1c8420490"},"headline":"Corpo de Bombeiros realiza parto de emerg\u00eancia em resid\u00eancia de Osvaldo Cruz","datePublished":"2020-05-17T14:55:07+00:00","dateModified":"2026-04-03T12:17:32+00:00","mainEntityOfPage":{"@id":"https:\/\/radiolifefm.com.br\/noticias\/corpo-de-bombeiros-realiza-parto-de-emergencia-em-residencia-de-osvaldo-cruz\/"},"wordCount":274,"publisher":{"@id":"https:\/\/radiolifefm.com.br\/noticias\/#organization"},"image":{"@id":"https:\/\/radiolifefm.com.br\/noticias\/corpo-de-bombeiros-realiza-parto-de-emergencia-em-residencia-de-osvaldo-cruz\/#primaryimage"},"thumbnailUrl":"https:\/\/radiolifefm.com.br\/noticias\/wp-content\/uploads\/2020\/05\/Bombeiros-Parto.jpg","articleSection":["Regi\u00e3o"],"inLanguage":"pt-BR"},{"@type":"WebPage","@id":"https:\/\/radiolifefm.com.br\/noticias\/corpo-de-bombeiros-realiza-parto-de-emergencia-em-residencia-de-osvaldo-cruz\/","url":"https:\/\/radiolifefm.com.br\/noticias\/corpo-de-bombeiros-realiza-parto-de-emergencia-em-residencia-de-osvaldo-cruz\/","name":"Corpo de Bombeiros realiza parto de emerg\u00eancia em resid\u00eancia de Osvaldo Cruz - R\u00e1dio Life FM","isPartOf":{"@id":"https:\/\/radiolifefm.com.br\/noticias\/#website"},"primaryImageOfPage":{"@id":"https:\/\/radiolifefm.com.br\/noticias\/corpo-de-bombeiros-realiza-parto-de-emergencia-em-residencia-de-osvaldo-cruz\/#primaryimage"},"image":{"@id":"https:\/\/radiolifefm.com.br\/noticias\/corpo-de-bombeiros-realiza-parto-de-emergencia-em-residencia-de-osvaldo-cruz\/#primaryimage"},"thumbnailUrl":"https:\/\/radiolifefm.com.br\/noticias\/wp-content\/uploads\/2020\/05\/Bombeiros-Parto.jpg","datePublished":"2020-05-17T14:55:07+00:00","dateModified":"2026-04-03T12:17:32+00:00","breadcrumb":{"@id":"https:\/\/radiolifefm.com.br\/noticias\/corpo-de-bombeiros-realiza-parto-de-emergencia-em-residencia-de-osvaldo-cruz\/#breadcrumb"},"inLanguage":"pt-BR","potentialAction":[{"@type":"ReadAction","target":["https:\/\/radiolifefm.com.br\/noticias\/corpo-de-bombeiros-realiza-parto-de-emergencia-em-residencia-de-osvaldo-cruz\/"]}]},{"@type":"ImageObject","inLanguage":"pt-BR","@id":"https:\/\/radiolifefm.com.br\/noticias\/corpo-de-bombeiros-realiza-parto-de-emergencia-em-residencia-de-osvaldo-cruz\/#primaryimage","url":"https:\/\/radiolifefm.com.br\/noticias\/wp-content\/uploads\/2020\/05\/Bombeiros-Parto.jpg","contentUrl":"https:\/\/radiolifefm.com.br\/noticias\/wp-content\/uploads\/2020\/05\/Bombeiros-Parto.jpg","width":605,"height":258},{"@type":"BreadcrumbList","@id":"https:\/\/radiolifefm.com.br\/noticias\/corpo-de-bombeiros-realiza-parto-de-emergencia-em-residencia-de-osvaldo-cruz\/#breadcrumb","itemListElement":[{"@type":"ListItem","position":1,"name":"In\u00edcio","item":"https:\/\/radiolifefm.com.br\/noticias\/"},{"@type":"ListItem","position":2,"name":"Corpo de Bombeiros realiza parto de emerg\u00eancia em resid\u00eancia de Osvaldo Cruz"}]},{"@type":"WebSite","@id":"https:\/\/radiolifefm.com.br\/noticias\/#website","url":"https:\/\/radiolifefm.com.br\/noticias\/","name":"R\u00e1dio Life FM","description":"O Portal de Not\u00edcias de Adamantina","publisher":{"@id":"https:\/\/radiolifefm.com.br\/noticias\/#organization"},"alternateName":"Life FM","potentialAction":[{"@type":"SearchAction","target":{"@type":"EntryPoint","urlTemplate":"https:\/\/radiolifefm.com.br\/noticias\/?s={search_term_string}"},"query-input":{"@type":"PropertyValueSpecification","valueRequired":true,"valueName":"search_term_string"}}],"inLanguage":"pt-BR"},{"@type":"Organization","@id":"https:\/\/radiolifefm.com.br\/noticias\/#organization","name":"R\u00e1dio Life FM","alternateName":"Life FM","url":"https:\/\/radiolifefm.com.br\/noticias\/","logo":{"@type":"ImageObject","inLanguage":"pt-BR","@id":"https:\/\/radiolifefm.com.br\/noticias\/#\/schema\/logo\/image\/","url":"https:\/\/static.radiolifefm.com.br\/noticias\/wp-content\/uploads\/2019\/10\/logo-lifefm.png","contentUrl":"https:\/\/static.radiolifefm.com.br\/noticias\/wp-content\/uploads\/2019\/10\/logo-lifefm.png","width":196,"height":47,"caption":"R\u00e1dio Life FM"},"image":{"@id":"https:\/\/radiolifefm.com.br\/noticias\/#\/schema\/logo\/image\/"},"sameAs":["https:\/\/www.facebook.com\/radiolifefm\/","https:\/\/www.instagram.com\/life1079fm\/"]},{"@type":"Person","@id":"https:\/\/radiolifefm.com.br\/noticias\/#\/schema\/person\/1d4e4b1301322090c6221bf1c8420490","name":"lifefm","image":{"@type":"ImageObject","inLanguage":"pt-BR","@id":"https:\/\/secure.gravatar.com\/avatar\/eca268467d925ec97d20641bb054fd944c0abb2f92854171620706bbe6474e7c?s=96&d=mm&r=g","url":"https:\/\/secure.gravatar.com\/avatar\/eca268467d925ec97d20641bb054fd944c0abb2f92854171620706bbe6474e7c?s=96&d=mm&r=g","contentUrl":"https:\/\/secure.gravatar.com\/avatar\/eca268467d925ec97d20641bb054fd944c0abb2f92854171620706bbe6474e7c?s=96&d=mm&r=g","caption":"lifefm"}}]}},"amp_enabled":true,"_links":{"self":[{"href":"https:\/\/radiolifefm.com.br\/noticias\/wp-json\/wp\/v2\/posts\/23220","targetHints":{"allow":["GET"]}}],"collection":[{"href":"https:\/\/radiolifefm.com.br\/noticias\/wp-json\/wp\/v2\/posts"}],"about":[{"href":"https:\/\/radiolifefm.com.br\/noticias\/wp-json\/wp\/v2\/types\/post"}],"author":[{"embeddable":true,"href":"https:\/\/radiolifefm.com.br\/noticias\/wp-json\/wp\/v2\/users\/3"}],"replies":[{"embeddable":true,"href":"https:\/\/radiolifefm.com.br\/noticias\/wp-json\/wp\/v2\/comments?post=23220"}],"version-history":[{"count":1,"href":"https:\/\/radiolifefm.com.br\/noticias\/wp-json\/wp\/v2\/posts\/23220\/revisions"}],"predecessor-version":[{"id":23223,"href":"https:\/\/radiolifefm.com.br\/noticias\/wp-json\/wp\/v2\/posts\/23220\/revisions\/23223"}],"wp:featuredmedia":[{"embeddable":true,"href":"https:\/\/radiolifefm.com.br\/noticias\/wp-json\/wp\/v2\/media\/23221"}],"wp:attachment":[{"href":"https:\/\/radiolifefm.com.br\/noticias\/wp-json\/wp\/v2\/media?parent=23220"}],"wp:term":[{"taxonomy":"category","embeddable":true,"href":"https:\/\/radiolifefm.com.br\/noticias\/wp-json\/wp\/v2\/categories?post=23220"},{"taxonomy":"post_tag","embeddable":true,"href":"https:\/\/radiolifefm.com.br\/noticias\/wp-json\/wp\/v2\/tags?post=23220"}],"curies":[{"name":"wp","href":"https:\/\/api.w.org\/{rel}","templated":true}]}}