{"id":23133,"date":"2020-05-14T10:05:05","date_gmt":"2020-05-14T13:05:05","guid":{"rendered":"https:\/\/radiolifefm.com.br\/noticias\/?p=23133"},"modified":"2026-04-02T03:05:46","modified_gmt":"2026-04-02T06:05:46","slug":"municipio-da-regiao-recebem-cestas-basicas-da-secretaria-de-desenvolvimento-social-do-estado-de-sao-paulo","status":"publish","type":"post","link":"https:\/\/radiolifefm.com.br\/noticias\/municipio-da-regiao-recebem-cestas-basicas-da-secretaria-de-desenvolvimento-social-do-estado-de-sao-paulo\/","title":{"rendered":"Munic\u00edpios da regi\u00e3o recebem cestas b\u00e1sicas da Secretaria de Desenvolvimento Social do Estado de S\u00e3o Paulo"},"content":{"rendered":"<div id=\"fb-root\"><\/div>\n<p><em>Cestas vieram atrav\u00e9s de a\u00e7\u00e3o solid\u00e1ria do governo do estado em parceria com a prefeitura dos munic\u00edpios<\/em><\/p>\n<p>A Secretaria de Desenvolvimento Social do Estado de S\u00e3o Paulo recebeu doa\u00e7\u00f5es da iniciativa de diversos grupos da sociedade civil, na tentativa de impedir uma crise humanit\u00e1ria em decorr\u00eancia da pandemia do COVID-19.<\/p>\n<p>O Governo do Estado reverteu as doa\u00e7\u00f5es para os munic\u00edpios, sendo que as mesmas vieram em forma de cesta de alimentos para serem distribu\u00eddas \u00e0s fam\u00edlias j\u00e1 cadastradas no sistema CAD_\u00daNICO.<\/p>\n<p>Na regi\u00e3o da DRADS de Dracena, as Cestas b\u00e1sicas foram destinadas para os munic\u00edpios de: Mari\u00e1polis, Salmour\u00e3o e Fl\u00f3rida Paulista, com base no \u00edndice IPRS 2018 e renda percapta de fam\u00edlias do Cad\u00danico, Extrema pobreza.<\/p>\n<p><img loading=\"lazy\" decoding=\"async\" class=\"alignnone size-medium wp-image-23135\" src=\"https:\/\/static.radiolifefm.com.br\/wp-content\/uploads\/sites\/2\/2020\/05\/Cestas-Salmour\u00e3o-300x225.jpg\" alt=\"\" width=\"300\" height=\"225\" srcset=\"https:\/\/radiolifefm.com.br\/noticias\/wp-content\/uploads\/2020\/05\/Cestas-Salmour\u00e3o-300x225.jpg 300w, https:\/\/radiolifefm.com.br\/noticias\/wp-content\/uploads\/2020\/05\/Cestas-Salmour\u00e3o.jpg 720w\" sizes=\"auto, (max-width: 300px) 100vw, 300px\" \/><\/p>\n<p>Assessoria de Imprensa &#8211; Governo do estado de S\u00e3o Paulo<\/p>\n","protected":false},"excerpt":{"rendered":"<p>Cestas vieram atrav\u00e9s de a\u00e7\u00e3o solid\u00e1ria do governo do estado em parceria com a prefeitura dos munic\u00edpios A Secretaria de Desenvolvimento Social do Estado de S\u00e3o Paulo recebeu doa\u00e7\u00f5es da iniciativa de diversos grupos da sociedade civil, na tentativa de impedir uma crise humanit\u00e1ria em decorr\u00eancia da pandemia do COVID-19. O Governo do Estado reverteu [&hellip;]<\/p>\n","protected":false},"author":3,"featured_media":23134,"comment_status":"open","ping_status":"open","sticky":false,"template":"","format":"standard","meta":{"_acf_changed":false,"_exactmetrics_skip_tracking":false,"_exactmetrics_sitenote_active":false,"_exactmetrics_sitenote_note":"","_exactmetrics_sitenote_category":0,"footnotes":""},"categories":[24],"tags":[],"class_list":["post-23133","post","type-post","status-publish","format-standard","has-post-thumbnail","hentry","category-regiao"],"acf":[],"yoast_head":"<!-- This site is optimized with the Yoast SEO plugin v27.2 - https:\/\/yoast.com\/product\/yoast-seo-wordpress\/ -->\n<title>Munic\u00edpios da regi\u00e3o recebem cestas b\u00e1sicas da Secretaria de Desenvolvimento Social do Estado de S\u00e3o Paulo - R\u00e1dio Life FM<\/title>\n<meta name=\"robots\" content=\"index, follow, max-snippet:-1, max-image-preview:large, max-video-preview:-1\" \/>\n<link rel=\"canonical\" href=\"https:\/\/radiolifefm.com.br\/noticias\/municipio-da-regiao-recebem-cestas-basicas-da-secretaria-de-desenvolvimento-social-do-estado-de-sao-paulo\/\" \/>\n<meta property=\"og:locale\" content=\"pt_BR\" \/>\n<meta property=\"og:type\" content=\"article\" \/>\n<meta property=\"og:title\" content=\"Munic\u00edpios da regi\u00e3o recebem cestas b\u00e1sicas da Secretaria de Desenvolvimento Social do Estado de S\u00e3o Paulo - R\u00e1dio Life FM\" \/>\n<meta property=\"og:description\" content=\"Cestas vieram atrav\u00e9s de a\u00e7\u00e3o solid\u00e1ria do governo do estado em parceria com a prefeitura dos munic\u00edpios A Secretaria de Desenvolvimento Social do Estado de S\u00e3o Paulo recebeu doa\u00e7\u00f5es da iniciativa de diversos grupos da sociedade civil, na tentativa de impedir uma crise humanit\u00e1ria em decorr\u00eancia da pandemia do COVID-19. O Governo do Estado reverteu [&hellip;]\" \/>\n<meta property=\"og:url\" content=\"https:\/\/radiolifefm.com.br\/noticias\/municipio-da-regiao-recebem-cestas-basicas-da-secretaria-de-desenvolvimento-social-do-estado-de-sao-paulo\/\" \/>\n<meta property=\"og:site_name\" content=\"R\u00e1dio Life FM\" \/>\n<meta property=\"article:publisher\" content=\"https:\/\/www.facebook.com\/radiolifefm\/\" \/>\n<meta property=\"article:published_time\" content=\"2020-05-14T13:05:05+00:00\" \/>\n<meta property=\"article:modified_time\" content=\"2026-04-02T06:05:46+00:00\" \/>\n<meta property=\"og:image\" content=\"https:\/\/radiolifefm.com.br\/noticias\/wp-content\/uploads\/2020\/05\/Cestas-Salmour\u00e3o_Cortada.jpg\" \/>\n\t<meta property=\"og:image:width\" content=\"1200\" \/>\n\t<meta property=\"og:image:height\" content=\"630\" \/>\n\t<meta property=\"og:image:type\" content=\"image\/jpeg\" \/>\n<meta name=\"author\" content=\"lifefm\" \/>\n<meta name=\"twitter:card\" content=\"summary_large_image\" \/>\n<meta name=\"twitter:label1\" content=\"Escrito por\" \/>\n\t<meta name=\"twitter:data1\" content=\"lifefm\" \/>\n\t<meta name=\"twitter:label2\" content=\"Est. tempo de leitura\" \/>\n\t<meta name=\"twitter:data2\" content=\"1 minuto\" \/>\n<script type=\"application\/ld+json\" class=\"yoast-schema-graph\">{\"@context\":\"https:\/\/schema.org\",\"@graph\":[{\"@type\":\"Article\",\"@id\":\"https:\/\/radiolifefm.com.br\/noticias\/municipio-da-regiao-recebem-cestas-basicas-da-secretaria-de-desenvolvimento-social-do-estado-de-sao-paulo\/#article\",\"isPartOf\":{\"@id\":\"https:\/\/radiolifefm.com.br\/noticias\/municipio-da-regiao-recebem-cestas-basicas-da-secretaria-de-desenvolvimento-social-do-estado-de-sao-paulo\/\"},\"author\":{\"name\":\"lifefm\",\"@id\":\"https:\/\/radiolifefm.com.br\/noticias\/#\/schema\/person\/1d4e4b1301322090c6221bf1c8420490\"},\"headline\":\"Munic\u00edpios da regi\u00e3o recebem cestas b\u00e1sicas da Secretaria de Desenvolvimento Social do Estado de S\u00e3o Paulo\",\"datePublished\":\"2020-05-14T13:05:05+00:00\",\"dateModified\":\"2026-04-02T06:05:46+00:00\",\"mainEntityOfPage\":{\"@id\":\"https:\/\/radiolifefm.com.br\/noticias\/municipio-da-regiao-recebem-cestas-basicas-da-secretaria-de-desenvolvimento-social-do-estado-de-sao-paulo\/\"},\"wordCount\":167,\"commentCount\":0,\"publisher\":{\"@id\":\"https:\/\/radiolifefm.com.br\/noticias\/#organization\"},\"image\":{\"@id\":\"https:\/\/radiolifefm.com.br\/noticias\/municipio-da-regiao-recebem-cestas-basicas-da-secretaria-de-desenvolvimento-social-do-estado-de-sao-paulo\/#primaryimage\"},\"thumbnailUrl\":\"https:\/\/radiolifefm.com.br\/noticias\/wp-content\/uploads\/2020\/05\/Cestas-Salmour\u00e3o_Cortada.jpg\",\"articleSection\":[\"Regi\u00e3o\"],\"inLanguage\":\"pt-BR\",\"potentialAction\":[{\"@type\":\"CommentAction\",\"name\":\"Comment\",\"target\":[\"https:\/\/radiolifefm.com.br\/noticias\/municipio-da-regiao-recebem-cestas-basicas-da-secretaria-de-desenvolvimento-social-do-estado-de-sao-paulo\/#respond\"]}]},{\"@type\":\"WebPage\",\"@id\":\"https:\/\/radiolifefm.com.br\/noticias\/municipio-da-regiao-recebem-cestas-basicas-da-secretaria-de-desenvolvimento-social-do-estado-de-sao-paulo\/\",\"url\":\"https:\/\/radiolifefm.com.br\/noticias\/municipio-da-regiao-recebem-cestas-basicas-da-secretaria-de-desenvolvimento-social-do-estado-de-sao-paulo\/\",\"name\":\"Munic\u00edpios da regi\u00e3o recebem cestas b\u00e1sicas da Secretaria de Desenvolvimento Social do Estado de S\u00e3o Paulo - R\u00e1dio Life FM\",\"isPartOf\":{\"@id\":\"https:\/\/radiolifefm.com.br\/noticias\/#website\"},\"primaryImageOfPage\":{\"@id\":\"https:\/\/radiolifefm.com.br\/noticias\/municipio-da-regiao-recebem-cestas-basicas-da-secretaria-de-desenvolvimento-social-do-estado-de-sao-paulo\/#primaryimage\"},\"image\":{\"@id\":\"https:\/\/radiolifefm.com.br\/noticias\/municipio-da-regiao-recebem-cestas-basicas-da-secretaria-de-desenvolvimento-social-do-estado-de-sao-paulo\/#primaryimage\"},\"thumbnailUrl\":\"https:\/\/radiolifefm.com.br\/noticias\/wp-content\/uploads\/2020\/05\/Cestas-Salmour\u00e3o_Cortada.jpg\",\"datePublished\":\"2020-05-14T13:05:05+00:00\",\"dateModified\":\"2026-04-02T06:05:46+00:00\",\"breadcrumb\":{\"@id\":\"https:\/\/radiolifefm.com.br\/noticias\/municipio-da-regiao-recebem-cestas-basicas-da-secretaria-de-desenvolvimento-social-do-estado-de-sao-paulo\/#breadcrumb\"},\"inLanguage\":\"pt-BR\",\"potentialAction\":[{\"@type\":\"ReadAction\",\"target\":[\"https:\/\/radiolifefm.com.br\/noticias\/municipio-da-regiao-recebem-cestas-basicas-da-secretaria-de-desenvolvimento-social-do-estado-de-sao-paulo\/\"]}]},{\"@type\":\"ImageObject\",\"inLanguage\":\"pt-BR\",\"@id\":\"https:\/\/radiolifefm.com.br\/noticias\/municipio-da-regiao-recebem-cestas-basicas-da-secretaria-de-desenvolvimento-social-do-estado-de-sao-paulo\/#primaryimage\",\"url\":\"https:\/\/radiolifefm.com.br\/noticias\/wp-content\/uploads\/2020\/05\/Cestas-Salmour\u00e3o_Cortada.jpg\",\"contentUrl\":\"https:\/\/radiolifefm.com.br\/noticias\/wp-content\/uploads\/2020\/05\/Cestas-Salmour\u00e3o_Cortada.jpg\",\"width\":1200,\"height\":630},{\"@type\":\"BreadcrumbList\",\"@id\":\"https:\/\/radiolifefm.com.br\/noticias\/municipio-da-regiao-recebem-cestas-basicas-da-secretaria-de-desenvolvimento-social-do-estado-de-sao-paulo\/#breadcrumb\",\"itemListElement\":[{\"@type\":\"ListItem\",\"position\":1,\"name\":\"In\u00edcio\",\"item\":\"https:\/\/radiolifefm.com.br\/noticias\/\"},{\"@type\":\"ListItem\",\"position\":2,\"name\":\"Munic\u00edpios da regi\u00e3o recebem cestas b\u00e1sicas da Secretaria de Desenvolvimento Social do Estado de S\u00e3o Paulo\"}]},{\"@type\":\"WebSite\",\"@id\":\"https:\/\/radiolifefm.com.br\/noticias\/#website\",\"url\":\"https:\/\/radiolifefm.com.br\/noticias\/\",\"name\":\"R\u00e1dio Life FM\",\"description\":\"O Portal de Not\u00edcias de Adamantina\",\"publisher\":{\"@id\":\"https:\/\/radiolifefm.com.br\/noticias\/#organization\"},\"alternateName\":\"Life FM\",\"potentialAction\":[{\"@type\":\"SearchAction\",\"target\":{\"@type\":\"EntryPoint\",\"urlTemplate\":\"https:\/\/radiolifefm.com.br\/noticias\/?s={search_term_string}\"},\"query-input\":{\"@type\":\"PropertyValueSpecification\",\"valueRequired\":true,\"valueName\":\"search_term_string\"}}],\"inLanguage\":\"pt-BR\"},{\"@type\":\"Organization\",\"@id\":\"https:\/\/radiolifefm.com.br\/noticias\/#organization\",\"name\":\"R\u00e1dio Life FM\",\"alternateName\":\"Life FM\",\"url\":\"https:\/\/radiolifefm.com.br\/noticias\/\",\"logo\":{\"@type\":\"ImageObject\",\"inLanguage\":\"pt-BR\",\"@id\":\"https:\/\/radiolifefm.com.br\/noticias\/#\/schema\/logo\/image\/\",\"url\":\"https:\/\/static.radiolifefm.com.br\/noticias\/wp-content\/uploads\/2019\/10\/logo-lifefm.png\",\"contentUrl\":\"https:\/\/static.radiolifefm.com.br\/noticias\/wp-content\/uploads\/2019\/10\/logo-lifefm.png\",\"width\":196,\"height\":47,\"caption\":\"R\u00e1dio Life FM\"},\"image\":{\"@id\":\"https:\/\/radiolifefm.com.br\/noticias\/#\/schema\/logo\/image\/\"},\"sameAs\":[\"https:\/\/www.facebook.com\/radiolifefm\/\",\"https:\/\/www.instagram.com\/life1079fm\/\"]},{\"@type\":\"Person\",\"@id\":\"https:\/\/radiolifefm.com.br\/noticias\/#\/schema\/person\/1d4e4b1301322090c6221bf1c8420490\",\"name\":\"lifefm\",\"image\":{\"@type\":\"ImageObject\",\"inLanguage\":\"pt-BR\",\"@id\":\"https:\/\/secure.gravatar.com\/avatar\/eca268467d925ec97d20641bb054fd944c0abb2f92854171620706bbe6474e7c?s=96&d=mm&r=g\",\"url\":\"https:\/\/secure.gravatar.com\/avatar\/eca268467d925ec97d20641bb054fd944c0abb2f92854171620706bbe6474e7c?s=96&d=mm&r=g\",\"contentUrl\":\"https:\/\/secure.gravatar.com\/avatar\/eca268467d925ec97d20641bb054fd944c0abb2f92854171620706bbe6474e7c?s=96&d=mm&r=g\",\"caption\":\"lifefm\"}}]}<\/script>\n<!-- \/ Yoast SEO plugin. -->","yoast_head_json":{"title":"Munic\u00edpios da regi\u00e3o recebem cestas b\u00e1sicas da Secretaria de Desenvolvimento Social do Estado de S\u00e3o Paulo - R\u00e1dio Life FM","robots":{"index":"index","follow":"follow","max-snippet":"max-snippet:-1","max-image-preview":"max-image-preview:large","max-video-preview":"max-video-preview:-1"},"canonical":"https:\/\/radiolifefm.com.br\/noticias\/municipio-da-regiao-recebem-cestas-basicas-da-secretaria-de-desenvolvimento-social-do-estado-de-sao-paulo\/","og_locale":"pt_BR","og_type":"article","og_title":"Munic\u00edpios da regi\u00e3o recebem cestas b\u00e1sicas da Secretaria de Desenvolvimento Social do Estado de S\u00e3o Paulo - R\u00e1dio Life FM","og_description":"Cestas vieram atrav\u00e9s de a\u00e7\u00e3o solid\u00e1ria do governo do estado em parceria com a prefeitura dos munic\u00edpios A Secretaria de Desenvolvimento Social do Estado de S\u00e3o Paulo recebeu doa\u00e7\u00f5es da iniciativa de diversos grupos da sociedade civil, na tentativa de impedir uma crise humanit\u00e1ria em decorr\u00eancia da pandemia do COVID-19. O Governo do Estado reverteu [&hellip;]","og_url":"https:\/\/radiolifefm.com.br\/noticias\/municipio-da-regiao-recebem-cestas-basicas-da-secretaria-de-desenvolvimento-social-do-estado-de-sao-paulo\/","og_site_name":"R\u00e1dio Life FM","article_publisher":"https:\/\/www.facebook.com\/radiolifefm\/","article_published_time":"2020-05-14T13:05:05+00:00","article_modified_time":"2026-04-02T06:05:46+00:00","og_image":[{"width":1200,"height":630,"url":"https:\/\/radiolifefm.com.br\/noticias\/wp-content\/uploads\/2020\/05\/Cestas-Salmour\u00e3o_Cortada.jpg","type":"image\/jpeg"}],"author":"lifefm","twitter_card":"summary_large_image","twitter_misc":{"Escrito por":"lifefm","Est. tempo de leitura":"1 minuto"},"schema":{"@context":"https:\/\/schema.org","@graph":[{"@type":"Article","@id":"https:\/\/radiolifefm.com.br\/noticias\/municipio-da-regiao-recebem-cestas-basicas-da-secretaria-de-desenvolvimento-social-do-estado-de-sao-paulo\/#article","isPartOf":{"@id":"https:\/\/radiolifefm.com.br\/noticias\/municipio-da-regiao-recebem-cestas-basicas-da-secretaria-de-desenvolvimento-social-do-estado-de-sao-paulo\/"},"author":{"name":"lifefm","@id":"https:\/\/radiolifefm.com.br\/noticias\/#\/schema\/person\/1d4e4b1301322090c6221bf1c8420490"},"headline":"Munic\u00edpios da regi\u00e3o recebem cestas b\u00e1sicas da Secretaria de Desenvolvimento Social do Estado de S\u00e3o Paulo","datePublished":"2020-05-14T13:05:05+00:00","dateModified":"2026-04-02T06:05:46+00:00","mainEntityOfPage":{"@id":"https:\/\/radiolifefm.com.br\/noticias\/municipio-da-regiao-recebem-cestas-basicas-da-secretaria-de-desenvolvimento-social-do-estado-de-sao-paulo\/"},"wordCount":167,"commentCount":0,"publisher":{"@id":"https:\/\/radiolifefm.com.br\/noticias\/#organization"},"image":{"@id":"https:\/\/radiolifefm.com.br\/noticias\/municipio-da-regiao-recebem-cestas-basicas-da-secretaria-de-desenvolvimento-social-do-estado-de-sao-paulo\/#primaryimage"},"thumbnailUrl":"https:\/\/radiolifefm.com.br\/noticias\/wp-content\/uploads\/2020\/05\/Cestas-Salmour\u00e3o_Cortada.jpg","articleSection":["Regi\u00e3o"],"inLanguage":"pt-BR","potentialAction":[{"@type":"CommentAction","name":"Comment","target":["https:\/\/radiolifefm.com.br\/noticias\/municipio-da-regiao-recebem-cestas-basicas-da-secretaria-de-desenvolvimento-social-do-estado-de-sao-paulo\/#respond"]}]},{"@type":"WebPage","@id":"https:\/\/radiolifefm.com.br\/noticias\/municipio-da-regiao-recebem-cestas-basicas-da-secretaria-de-desenvolvimento-social-do-estado-de-sao-paulo\/","url":"https:\/\/radiolifefm.com.br\/noticias\/municipio-da-regiao-recebem-cestas-basicas-da-secretaria-de-desenvolvimento-social-do-estado-de-sao-paulo\/","name":"Munic\u00edpios da regi\u00e3o recebem cestas b\u00e1sicas da Secretaria de Desenvolvimento Social do Estado de S\u00e3o Paulo - R\u00e1dio Life FM","isPartOf":{"@id":"https:\/\/radiolifefm.com.br\/noticias\/#website"},"primaryImageOfPage":{"@id":"https:\/\/radiolifefm.com.br\/noticias\/municipio-da-regiao-recebem-cestas-basicas-da-secretaria-de-desenvolvimento-social-do-estado-de-sao-paulo\/#primaryimage"},"image":{"@id":"https:\/\/radiolifefm.com.br\/noticias\/municipio-da-regiao-recebem-cestas-basicas-da-secretaria-de-desenvolvimento-social-do-estado-de-sao-paulo\/#primaryimage"},"thumbnailUrl":"https:\/\/radiolifefm.com.br\/noticias\/wp-content\/uploads\/2020\/05\/Cestas-Salmour\u00e3o_Cortada.jpg","datePublished":"2020-05-14T13:05:05+00:00","dateModified":"2026-04-02T06:05:46+00:00","breadcrumb":{"@id":"https:\/\/radiolifefm.com.br\/noticias\/municipio-da-regiao-recebem-cestas-basicas-da-secretaria-de-desenvolvimento-social-do-estado-de-sao-paulo\/#breadcrumb"},"inLanguage":"pt-BR","potentialAction":[{"@type":"ReadAction","target":["https:\/\/radiolifefm.com.br\/noticias\/municipio-da-regiao-recebem-cestas-basicas-da-secretaria-de-desenvolvimento-social-do-estado-de-sao-paulo\/"]}]},{"@type":"ImageObject","inLanguage":"pt-BR","@id":"https:\/\/radiolifefm.com.br\/noticias\/municipio-da-regiao-recebem-cestas-basicas-da-secretaria-de-desenvolvimento-social-do-estado-de-sao-paulo\/#primaryimage","url":"https:\/\/radiolifefm.com.br\/noticias\/wp-content\/uploads\/2020\/05\/Cestas-Salmour\u00e3o_Cortada.jpg","contentUrl":"https:\/\/radiolifefm.com.br\/noticias\/wp-content\/uploads\/2020\/05\/Cestas-Salmour\u00e3o_Cortada.jpg","width":1200,"height":630},{"@type":"BreadcrumbList","@id":"https:\/\/radiolifefm.com.br\/noticias\/municipio-da-regiao-recebem-cestas-basicas-da-secretaria-de-desenvolvimento-social-do-estado-de-sao-paulo\/#breadcrumb","itemListElement":[{"@type":"ListItem","position":1,"name":"In\u00edcio","item":"https:\/\/radiolifefm.com.br\/noticias\/"},{"@type":"ListItem","position":2,"name":"Munic\u00edpios da regi\u00e3o recebem cestas b\u00e1sicas da Secretaria de Desenvolvimento Social do Estado de S\u00e3o Paulo"}]},{"@type":"WebSite","@id":"https:\/\/radiolifefm.com.br\/noticias\/#website","url":"https:\/\/radiolifefm.com.br\/noticias\/","name":"R\u00e1dio Life FM","description":"O Portal de Not\u00edcias de Adamantina","publisher":{"@id":"https:\/\/radiolifefm.com.br\/noticias\/#organization"},"alternateName":"Life FM","potentialAction":[{"@type":"SearchAction","target":{"@type":"EntryPoint","urlTemplate":"https:\/\/radiolifefm.com.br\/noticias\/?s={search_term_string}"},"query-input":{"@type":"PropertyValueSpecification","valueRequired":true,"valueName":"search_term_string"}}],"inLanguage":"pt-BR"},{"@type":"Organization","@id":"https:\/\/radiolifefm.com.br\/noticias\/#organization","name":"R\u00e1dio Life FM","alternateName":"Life FM","url":"https:\/\/radiolifefm.com.br\/noticias\/","logo":{"@type":"ImageObject","inLanguage":"pt-BR","@id":"https:\/\/radiolifefm.com.br\/noticias\/#\/schema\/logo\/image\/","url":"https:\/\/static.radiolifefm.com.br\/noticias\/wp-content\/uploads\/2019\/10\/logo-lifefm.png","contentUrl":"https:\/\/static.radiolifefm.com.br\/noticias\/wp-content\/uploads\/2019\/10\/logo-lifefm.png","width":196,"height":47,"caption":"R\u00e1dio Life FM"},"image":{"@id":"https:\/\/radiolifefm.com.br\/noticias\/#\/schema\/logo\/image\/"},"sameAs":["https:\/\/www.facebook.com\/radiolifefm\/","https:\/\/www.instagram.com\/life1079fm\/"]},{"@type":"Person","@id":"https:\/\/radiolifefm.com.br\/noticias\/#\/schema\/person\/1d4e4b1301322090c6221bf1c8420490","name":"lifefm","image":{"@type":"ImageObject","inLanguage":"pt-BR","@id":"https:\/\/secure.gravatar.com\/avatar\/eca268467d925ec97d20641bb054fd944c0abb2f92854171620706bbe6474e7c?s=96&d=mm&r=g","url":"https:\/\/secure.gravatar.com\/avatar\/eca268467d925ec97d20641bb054fd944c0abb2f92854171620706bbe6474e7c?s=96&d=mm&r=g","contentUrl":"https:\/\/secure.gravatar.com\/avatar\/eca268467d925ec97d20641bb054fd944c0abb2f92854171620706bbe6474e7c?s=96&d=mm&r=g","caption":"lifefm"}}]}},"amp_enabled":true,"_links":{"self":[{"href":"https:\/\/radiolifefm.com.br\/noticias\/wp-json\/wp\/v2\/posts\/23133","targetHints":{"allow":["GET"]}}],"collection":[{"href":"https:\/\/radiolifefm.com.br\/noticias\/wp-json\/wp\/v2\/posts"}],"about":[{"href":"https:\/\/radiolifefm.com.br\/noticias\/wp-json\/wp\/v2\/types\/post"}],"author":[{"embeddable":true,"href":"https:\/\/radiolifefm.com.br\/noticias\/wp-json\/wp\/v2\/users\/3"}],"replies":[{"embeddable":true,"href":"https:\/\/radiolifefm.com.br\/noticias\/wp-json\/wp\/v2\/comments?post=23133"}],"version-history":[{"count":3,"href":"https:\/\/radiolifefm.com.br\/noticias\/wp-json\/wp\/v2\/posts\/23133\/revisions"}],"predecessor-version":[{"id":23138,"href":"https:\/\/radiolifefm.com.br\/noticias\/wp-json\/wp\/v2\/posts\/23133\/revisions\/23138"}],"wp:featuredmedia":[{"embeddable":true,"href":"https:\/\/radiolifefm.com.br\/noticias\/wp-json\/wp\/v2\/media\/23134"}],"wp:attachment":[{"href":"https:\/\/radiolifefm.com.br\/noticias\/wp-json\/wp\/v2\/media?parent=23133"}],"wp:term":[{"taxonomy":"category","embeddable":true,"href":"https:\/\/radiolifefm.com.br\/noticias\/wp-json\/wp\/v2\/categories?post=23133"},{"taxonomy":"post_tag","embeddable":true,"href":"https:\/\/radiolifefm.com.br\/noticias\/wp-json\/wp\/v2\/tags?post=23133"}],"curies":[{"name":"wp","href":"https:\/\/api.w.org\/{rel}","templated":true}]}}