{"id":23038,"date":"2020-05-11T19:37:08","date_gmt":"2020-05-11T22:37:08","guid":{"rendered":"https:\/\/radiolifefm.com.br\/noticias\/?p=23038"},"modified":"2026-03-22T23:30:18","modified_gmt":"2026-03-23T02:30:18","slug":"prefeito-de-ourinhos-apresenta-as-inovacoes-tecnologicas-em-webinar-do-centro-oeste-paulista","status":"publish","type":"post","link":"https:\/\/radiolifefm.com.br\/noticias\/prefeito-de-ourinhos-apresenta-as-inovacoes-tecnologicas-em-webinar-do-centro-oeste-paulista\/","title":{"rendered":"Prefeito de Ourinhos apresenta as inova\u00e7\u00f5es tecnol\u00f3gicas em Webinar do Centro-Oeste Paulista"},"content":{"rendered":"<div id=\"fb-root\"><\/div>\n<p style=\"font-weight: 400\">Ourinhos tem buscado na tecnologia alternativas para atender a popula\u00e7\u00e3o neste momento de pandemia. O prefeito Lucas Pocay participa nesta ter\u00e7a-feira (12), \u00e0s 10 horas, do Webinar das Cidades Digitais do Centro-Oeste Paulista, promovido pela Rede Cidade Digital (RCD), para falar sobre as a\u00e7\u00f5es e inova\u00e7\u00f5es do munic\u00edpio que visam minimizar os impactos negativos da covid-19. \u201cN\u00e3o \u00e9 necess\u00e1rio inventar a roda, apenas aplicar de forma correta cada tecnologia para que se tenha o efeito esperado\u201d, cita o prefeito.<\/p>\n<p style=\"font-weight: 400\">Pocay ressalta a tecnologia como importante ferramenta para auxiliar e facilitar a vida das pessoas neste momento de isolamento social. \u201cEm Ourinhos temos adotado diversas alternativas envolvendo quase todas as secretarias municipais. Temos incentivado muito o com\u00e9rcio a buscar a\u00e7\u00f5es para vendas, com vitrines virtuais onde o cliente possa ver os produtos pelo site da loja, uma p\u00e1gina no facebook ou at\u00e9 mesmo pelo whatsapp\u201d.<\/p>\n<p style=\"font-weight: 400\">E com a alta dos servi\u00e7os de entrega neste per\u00edodo de isolamento social, a Prefeitura criou um aplicativo para auxiliar o com\u00e9rcio local. \u201cA aceita\u00e7\u00e3o tem sido melhor do que esper\u00e1vamos. O aplicativo foi desenvolvido pela pr\u00f3pria equipe da nossa Secretaria de Desenvolvimento Econ\u00f4mico, Trabalho e Turismo e j\u00e1 tem garantido bons resultados em vendas para o com\u00e9rcio\u201d.\u00a0 Segundo ele, uma m\u00e9dia de 500 transa\u00e7\u00f5es comerciais por dia s\u00e3o feitas via app.<\/p>\n<p style=\"font-weight: 400\">Na educa\u00e7\u00e3o, parcerias foram firmadas para disponibilizar aulas online para os nove mil alunos da rede municipal de ensino. De acordo com o prefeito, 85% t\u00eam acesso \u00e0 internet, seja pelo computador ou celular. \u201cAos demais estamos oferecendo material impresso e acompanhamento das atividades\u201d, completa.<\/p>\n<p style=\"font-weight: 400\">O prefeito tamb\u00e9m cita a import\u00e2ncia de levar informa\u00e7\u00e3o precisa \u00e0 popula\u00e7\u00e3o. \u201cUtilizando tecnologias simples e at\u00e9 antigas, mas que s\u00e3o eficientes como, por exemplo, a implanta\u00e7\u00e3o de uma central telef\u00f4nica com atendimento feito por profissionais de sa\u00fade para que as pessoas possam tirar duvidas sobre a covid-19. A experi\u00eancia deu t\u00e3o certo que atendemos em m\u00e9dia\u00a0 350 liga\u00e7\u00f5es por dia, inclusive de pessoas de outras cidades e outros estados\u201d.<\/p>\n<p style=\"font-weight: 400\">Os detalhes dos investimentos tecnol\u00f3gicos de Ourinhos, o prefeito Lucas Pocay conta durante o Webinar das Cidades Digitais do Centro-Oeste Paulista, nesta ter\u00e7a-feira. As inscri\u00e7\u00f5es s\u00e3o gratuitas e podem ser feitas pelo\u00a0<a href=\"https:\/\/redecidadedigital.com.br\/\" data-saferedirecturl=\"https:\/\/www.google.com\/url?q=https:\/\/redecidadedigital.com.br\/&amp;source=gmail&amp;ust=1589318568450000&amp;usg=AFQjCNHe5vgwtT4dcq3TZVRjkpI4GKUKaQ\">https:\/\/redecidadedigital.com.br\/<\/a><\/p>\n","protected":false},"excerpt":{"rendered":"<p>Ourinhos tem buscado na tecnologia alternativas para atender a popula\u00e7\u00e3o neste momento de pandemia. O prefeito Lucas Pocay participa nesta ter\u00e7a-feira (12), \u00e0s 10 horas, do Webinar das Cidades Digitais do Centro-Oeste Paulista, promovido pela Rede Cidade Digital (RCD), para falar sobre as a\u00e7\u00f5es e inova\u00e7\u00f5es do munic\u00edpio que visam minimizar os impactos negativos da [&hellip;]<\/p>\n","protected":false},"author":8,"featured_media":23039,"comment_status":"closed","ping_status":"open","sticky":false,"template":"","format":"standard","meta":{"_acf_changed":false,"_exactmetrics_skip_tracking":false,"_exactmetrics_sitenote_active":false,"_exactmetrics_sitenote_note":"","_exactmetrics_sitenote_category":0,"footnotes":""},"categories":[24],"tags":[],"class_list":["post-23038","post","type-post","status-publish","format-standard","has-post-thumbnail","hentry","category-regiao"],"acf":[],"yoast_head":"<!-- This site is optimized with the Yoast SEO plugin v27.2 - https:\/\/yoast.com\/product\/yoast-seo-wordpress\/ -->\n<title>Prefeito de Ourinhos apresenta as inova\u00e7\u00f5es tecnol\u00f3gicas em Webinar do Centro-Oeste Paulista - R\u00e1dio Life FM<\/title>\n<meta name=\"robots\" content=\"index, follow, max-snippet:-1, max-image-preview:large, max-video-preview:-1\" \/>\n<link rel=\"canonical\" href=\"https:\/\/radiolifefm.com.br\/noticias\/prefeito-de-ourinhos-apresenta-as-inovacoes-tecnologicas-em-webinar-do-centro-oeste-paulista\/\" \/>\n<meta property=\"og:locale\" content=\"pt_BR\" \/>\n<meta property=\"og:type\" content=\"article\" \/>\n<meta property=\"og:title\" content=\"Prefeito de Ourinhos apresenta as inova\u00e7\u00f5es tecnol\u00f3gicas em Webinar do Centro-Oeste Paulista - R\u00e1dio Life FM\" \/>\n<meta property=\"og:description\" content=\"Ourinhos tem buscado na tecnologia alternativas para atender a popula\u00e7\u00e3o neste momento de pandemia. O prefeito Lucas Pocay participa nesta ter\u00e7a-feira (12), \u00e0s 10 horas, do Webinar das Cidades Digitais do Centro-Oeste Paulista, promovido pela Rede Cidade Digital (RCD), para falar sobre as a\u00e7\u00f5es e inova\u00e7\u00f5es do munic\u00edpio que visam minimizar os impactos negativos da [&hellip;]\" \/>\n<meta property=\"og:url\" content=\"https:\/\/radiolifefm.com.br\/noticias\/prefeito-de-ourinhos-apresenta-as-inovacoes-tecnologicas-em-webinar-do-centro-oeste-paulista\/\" \/>\n<meta property=\"og:site_name\" content=\"R\u00e1dio Life FM\" \/>\n<meta property=\"article:publisher\" content=\"https:\/\/www.facebook.com\/radiolifefm\/\" \/>\n<meta property=\"article:published_time\" content=\"2020-05-11T22:37:08+00:00\" \/>\n<meta property=\"article:modified_time\" content=\"2026-03-23T02:30:18+00:00\" \/>\n<meta property=\"og:image\" content=\"https:\/\/radiolifefm.com.br\/noticias\/wp-content\/uploads\/2020\/05\/Webnar-Cidades-Digitais-Ourinhos.jpg\" \/>\n\t<meta property=\"og:image:width\" content=\"759\" \/>\n\t<meta property=\"og:image:height\" content=\"362\" \/>\n\t<meta property=\"og:image:type\" content=\"image\/jpeg\" \/>\n<meta name=\"author\" content=\"joaograndao\" \/>\n<meta name=\"twitter:card\" content=\"summary_large_image\" \/>\n<meta name=\"twitter:label1\" content=\"Escrito por\" \/>\n\t<meta name=\"twitter:data1\" content=\"joaograndao\" \/>\n\t<meta name=\"twitter:label2\" content=\"Est. tempo de leitura\" \/>\n\t<meta name=\"twitter:data2\" content=\"2 minutos\" \/>\n<script type=\"application\/ld+json\" class=\"yoast-schema-graph\">{\"@context\":\"https:\/\/schema.org\",\"@graph\":[{\"@type\":\"Article\",\"@id\":\"https:\/\/radiolifefm.com.br\/noticias\/prefeito-de-ourinhos-apresenta-as-inovacoes-tecnologicas-em-webinar-do-centro-oeste-paulista\/#article\",\"isPartOf\":{\"@id\":\"https:\/\/radiolifefm.com.br\/noticias\/prefeito-de-ourinhos-apresenta-as-inovacoes-tecnologicas-em-webinar-do-centro-oeste-paulista\/\"},\"author\":{\"name\":\"joaograndao\",\"@id\":\"https:\/\/radiolifefm.com.br\/noticias\/#\/schema\/person\/6876e1240feffe6e1b63fd5cb85abf28\"},\"headline\":\"Prefeito de Ourinhos apresenta as inova\u00e7\u00f5es tecnol\u00f3gicas em Webinar do Centro-Oeste Paulista\",\"datePublished\":\"2020-05-11T22:37:08+00:00\",\"dateModified\":\"2026-03-23T02:30:18+00:00\",\"mainEntityOfPage\":{\"@id\":\"https:\/\/radiolifefm.com.br\/noticias\/prefeito-de-ourinhos-apresenta-as-inovacoes-tecnologicas-em-webinar-do-centro-oeste-paulista\/\"},\"wordCount\":412,\"publisher\":{\"@id\":\"https:\/\/radiolifefm.com.br\/noticias\/#organization\"},\"image\":{\"@id\":\"https:\/\/radiolifefm.com.br\/noticias\/prefeito-de-ourinhos-apresenta-as-inovacoes-tecnologicas-em-webinar-do-centro-oeste-paulista\/#primaryimage\"},\"thumbnailUrl\":\"https:\/\/radiolifefm.com.br\/noticias\/wp-content\/uploads\/2020\/05\/Webnar-Cidades-Digitais-Ourinhos.jpg\",\"articleSection\":[\"Regi\u00e3o\"],\"inLanguage\":\"pt-BR\"},{\"@type\":\"WebPage\",\"@id\":\"https:\/\/radiolifefm.com.br\/noticias\/prefeito-de-ourinhos-apresenta-as-inovacoes-tecnologicas-em-webinar-do-centro-oeste-paulista\/\",\"url\":\"https:\/\/radiolifefm.com.br\/noticias\/prefeito-de-ourinhos-apresenta-as-inovacoes-tecnologicas-em-webinar-do-centro-oeste-paulista\/\",\"name\":\"Prefeito de Ourinhos apresenta as inova\u00e7\u00f5es tecnol\u00f3gicas em Webinar do Centro-Oeste Paulista - R\u00e1dio Life FM\",\"isPartOf\":{\"@id\":\"https:\/\/radiolifefm.com.br\/noticias\/#website\"},\"primaryImageOfPage\":{\"@id\":\"https:\/\/radiolifefm.com.br\/noticias\/prefeito-de-ourinhos-apresenta-as-inovacoes-tecnologicas-em-webinar-do-centro-oeste-paulista\/#primaryimage\"},\"image\":{\"@id\":\"https:\/\/radiolifefm.com.br\/noticias\/prefeito-de-ourinhos-apresenta-as-inovacoes-tecnologicas-em-webinar-do-centro-oeste-paulista\/#primaryimage\"},\"thumbnailUrl\":\"https:\/\/radiolifefm.com.br\/noticias\/wp-content\/uploads\/2020\/05\/Webnar-Cidades-Digitais-Ourinhos.jpg\",\"datePublished\":\"2020-05-11T22:37:08+00:00\",\"dateModified\":\"2026-03-23T02:30:18+00:00\",\"breadcrumb\":{\"@id\":\"https:\/\/radiolifefm.com.br\/noticias\/prefeito-de-ourinhos-apresenta-as-inovacoes-tecnologicas-em-webinar-do-centro-oeste-paulista\/#breadcrumb\"},\"inLanguage\":\"pt-BR\",\"potentialAction\":[{\"@type\":\"ReadAction\",\"target\":[\"https:\/\/radiolifefm.com.br\/noticias\/prefeito-de-ourinhos-apresenta-as-inovacoes-tecnologicas-em-webinar-do-centro-oeste-paulista\/\"]}]},{\"@type\":\"ImageObject\",\"inLanguage\":\"pt-BR\",\"@id\":\"https:\/\/radiolifefm.com.br\/noticias\/prefeito-de-ourinhos-apresenta-as-inovacoes-tecnologicas-em-webinar-do-centro-oeste-paulista\/#primaryimage\",\"url\":\"https:\/\/radiolifefm.com.br\/noticias\/wp-content\/uploads\/2020\/05\/Webnar-Cidades-Digitais-Ourinhos.jpg\",\"contentUrl\":\"https:\/\/radiolifefm.com.br\/noticias\/wp-content\/uploads\/2020\/05\/Webnar-Cidades-Digitais-Ourinhos.jpg\",\"width\":759,\"height\":362,\"caption\":\"Painel online nesta pr\u00f3xima ter\u00e7a mostra como os munic\u00edpios utilizam a tecnologia para minimizar os impactos negativos da covid-19\"},{\"@type\":\"BreadcrumbList\",\"@id\":\"https:\/\/radiolifefm.com.br\/noticias\/prefeito-de-ourinhos-apresenta-as-inovacoes-tecnologicas-em-webinar-do-centro-oeste-paulista\/#breadcrumb\",\"itemListElement\":[{\"@type\":\"ListItem\",\"position\":1,\"name\":\"In\u00edcio\",\"item\":\"https:\/\/radiolifefm.com.br\/noticias\/\"},{\"@type\":\"ListItem\",\"position\":2,\"name\":\"Prefeito de Ourinhos apresenta as inova\u00e7\u00f5es tecnol\u00f3gicas em Webinar do Centro-Oeste Paulista\"}]},{\"@type\":\"WebSite\",\"@id\":\"https:\/\/radiolifefm.com.br\/noticias\/#website\",\"url\":\"https:\/\/radiolifefm.com.br\/noticias\/\",\"name\":\"R\u00e1dio Life FM\",\"description\":\"O Portal de Not\u00edcias de Adamantina\",\"publisher\":{\"@id\":\"https:\/\/radiolifefm.com.br\/noticias\/#organization\"},\"alternateName\":\"Life FM\",\"potentialAction\":[{\"@type\":\"SearchAction\",\"target\":{\"@type\":\"EntryPoint\",\"urlTemplate\":\"https:\/\/radiolifefm.com.br\/noticias\/?s={search_term_string}\"},\"query-input\":{\"@type\":\"PropertyValueSpecification\",\"valueRequired\":true,\"valueName\":\"search_term_string\"}}],\"inLanguage\":\"pt-BR\"},{\"@type\":\"Organization\",\"@id\":\"https:\/\/radiolifefm.com.br\/noticias\/#organization\",\"name\":\"R\u00e1dio Life FM\",\"alternateName\":\"Life FM\",\"url\":\"https:\/\/radiolifefm.com.br\/noticias\/\",\"logo\":{\"@type\":\"ImageObject\",\"inLanguage\":\"pt-BR\",\"@id\":\"https:\/\/radiolifefm.com.br\/noticias\/#\/schema\/logo\/image\/\",\"url\":\"https:\/\/static.radiolifefm.com.br\/noticias\/wp-content\/uploads\/2019\/10\/logo-lifefm.png\",\"contentUrl\":\"https:\/\/static.radiolifefm.com.br\/noticias\/wp-content\/uploads\/2019\/10\/logo-lifefm.png\",\"width\":196,\"height\":47,\"caption\":\"R\u00e1dio Life FM\"},\"image\":{\"@id\":\"https:\/\/radiolifefm.com.br\/noticias\/#\/schema\/logo\/image\/\"},\"sameAs\":[\"https:\/\/www.facebook.com\/radiolifefm\/\",\"https:\/\/www.instagram.com\/life1079fm\/\"]},{\"@type\":\"Person\",\"@id\":\"https:\/\/radiolifefm.com.br\/noticias\/#\/schema\/person\/6876e1240feffe6e1b63fd5cb85abf28\",\"name\":\"joaograndao\",\"image\":{\"@type\":\"ImageObject\",\"inLanguage\":\"pt-BR\",\"@id\":\"https:\/\/secure.gravatar.com\/avatar\/d5b1a3cf357ed9c50404e256a1294083aa8ab5d2a994001567302786016cb32c?s=96&d=mm&r=g\",\"url\":\"https:\/\/secure.gravatar.com\/avatar\/d5b1a3cf357ed9c50404e256a1294083aa8ab5d2a994001567302786016cb32c?s=96&d=mm&r=g\",\"contentUrl\":\"https:\/\/secure.gravatar.com\/avatar\/d5b1a3cf357ed9c50404e256a1294083aa8ab5d2a994001567302786016cb32c?s=96&d=mm&r=g\",\"caption\":\"joaograndao\"}}]}<\/script>\n<!-- \/ Yoast SEO plugin. -->","yoast_head_json":{"title":"Prefeito de Ourinhos apresenta as inova\u00e7\u00f5es tecnol\u00f3gicas em Webinar do Centro-Oeste Paulista - R\u00e1dio Life FM","robots":{"index":"index","follow":"follow","max-snippet":"max-snippet:-1","max-image-preview":"max-image-preview:large","max-video-preview":"max-video-preview:-1"},"canonical":"https:\/\/radiolifefm.com.br\/noticias\/prefeito-de-ourinhos-apresenta-as-inovacoes-tecnologicas-em-webinar-do-centro-oeste-paulista\/","og_locale":"pt_BR","og_type":"article","og_title":"Prefeito de Ourinhos apresenta as inova\u00e7\u00f5es tecnol\u00f3gicas em Webinar do Centro-Oeste Paulista - R\u00e1dio Life FM","og_description":"Ourinhos tem buscado na tecnologia alternativas para atender a popula\u00e7\u00e3o neste momento de pandemia. O prefeito Lucas Pocay participa nesta ter\u00e7a-feira (12), \u00e0s 10 horas, do Webinar das Cidades Digitais do Centro-Oeste Paulista, promovido pela Rede Cidade Digital (RCD), para falar sobre as a\u00e7\u00f5es e inova\u00e7\u00f5es do munic\u00edpio que visam minimizar os impactos negativos da [&hellip;]","og_url":"https:\/\/radiolifefm.com.br\/noticias\/prefeito-de-ourinhos-apresenta-as-inovacoes-tecnologicas-em-webinar-do-centro-oeste-paulista\/","og_site_name":"R\u00e1dio Life FM","article_publisher":"https:\/\/www.facebook.com\/radiolifefm\/","article_published_time":"2020-05-11T22:37:08+00:00","article_modified_time":"2026-03-23T02:30:18+00:00","og_image":[{"width":759,"height":362,"url":"https:\/\/radiolifefm.com.br\/noticias\/wp-content\/uploads\/2020\/05\/Webnar-Cidades-Digitais-Ourinhos.jpg","type":"image\/jpeg"}],"author":"joaograndao","twitter_card":"summary_large_image","twitter_misc":{"Escrito por":"joaograndao","Est. tempo de leitura":"2 minutos"},"schema":{"@context":"https:\/\/schema.org","@graph":[{"@type":"Article","@id":"https:\/\/radiolifefm.com.br\/noticias\/prefeito-de-ourinhos-apresenta-as-inovacoes-tecnologicas-em-webinar-do-centro-oeste-paulista\/#article","isPartOf":{"@id":"https:\/\/radiolifefm.com.br\/noticias\/prefeito-de-ourinhos-apresenta-as-inovacoes-tecnologicas-em-webinar-do-centro-oeste-paulista\/"},"author":{"name":"joaograndao","@id":"https:\/\/radiolifefm.com.br\/noticias\/#\/schema\/person\/6876e1240feffe6e1b63fd5cb85abf28"},"headline":"Prefeito de Ourinhos apresenta as inova\u00e7\u00f5es tecnol\u00f3gicas em Webinar do Centro-Oeste Paulista","datePublished":"2020-05-11T22:37:08+00:00","dateModified":"2026-03-23T02:30:18+00:00","mainEntityOfPage":{"@id":"https:\/\/radiolifefm.com.br\/noticias\/prefeito-de-ourinhos-apresenta-as-inovacoes-tecnologicas-em-webinar-do-centro-oeste-paulista\/"},"wordCount":412,"publisher":{"@id":"https:\/\/radiolifefm.com.br\/noticias\/#organization"},"image":{"@id":"https:\/\/radiolifefm.com.br\/noticias\/prefeito-de-ourinhos-apresenta-as-inovacoes-tecnologicas-em-webinar-do-centro-oeste-paulista\/#primaryimage"},"thumbnailUrl":"https:\/\/radiolifefm.com.br\/noticias\/wp-content\/uploads\/2020\/05\/Webnar-Cidades-Digitais-Ourinhos.jpg","articleSection":["Regi\u00e3o"],"inLanguage":"pt-BR"},{"@type":"WebPage","@id":"https:\/\/radiolifefm.com.br\/noticias\/prefeito-de-ourinhos-apresenta-as-inovacoes-tecnologicas-em-webinar-do-centro-oeste-paulista\/","url":"https:\/\/radiolifefm.com.br\/noticias\/prefeito-de-ourinhos-apresenta-as-inovacoes-tecnologicas-em-webinar-do-centro-oeste-paulista\/","name":"Prefeito de Ourinhos apresenta as inova\u00e7\u00f5es tecnol\u00f3gicas em Webinar do Centro-Oeste Paulista - R\u00e1dio Life FM","isPartOf":{"@id":"https:\/\/radiolifefm.com.br\/noticias\/#website"},"primaryImageOfPage":{"@id":"https:\/\/radiolifefm.com.br\/noticias\/prefeito-de-ourinhos-apresenta-as-inovacoes-tecnologicas-em-webinar-do-centro-oeste-paulista\/#primaryimage"},"image":{"@id":"https:\/\/radiolifefm.com.br\/noticias\/prefeito-de-ourinhos-apresenta-as-inovacoes-tecnologicas-em-webinar-do-centro-oeste-paulista\/#primaryimage"},"thumbnailUrl":"https:\/\/radiolifefm.com.br\/noticias\/wp-content\/uploads\/2020\/05\/Webnar-Cidades-Digitais-Ourinhos.jpg","datePublished":"2020-05-11T22:37:08+00:00","dateModified":"2026-03-23T02:30:18+00:00","breadcrumb":{"@id":"https:\/\/radiolifefm.com.br\/noticias\/prefeito-de-ourinhos-apresenta-as-inovacoes-tecnologicas-em-webinar-do-centro-oeste-paulista\/#breadcrumb"},"inLanguage":"pt-BR","potentialAction":[{"@type":"ReadAction","target":["https:\/\/radiolifefm.com.br\/noticias\/prefeito-de-ourinhos-apresenta-as-inovacoes-tecnologicas-em-webinar-do-centro-oeste-paulista\/"]}]},{"@type":"ImageObject","inLanguage":"pt-BR","@id":"https:\/\/radiolifefm.com.br\/noticias\/prefeito-de-ourinhos-apresenta-as-inovacoes-tecnologicas-em-webinar-do-centro-oeste-paulista\/#primaryimage","url":"https:\/\/radiolifefm.com.br\/noticias\/wp-content\/uploads\/2020\/05\/Webnar-Cidades-Digitais-Ourinhos.jpg","contentUrl":"https:\/\/radiolifefm.com.br\/noticias\/wp-content\/uploads\/2020\/05\/Webnar-Cidades-Digitais-Ourinhos.jpg","width":759,"height":362,"caption":"Painel online nesta pr\u00f3xima ter\u00e7a mostra como os munic\u00edpios utilizam a tecnologia para minimizar os impactos negativos da covid-19"},{"@type":"BreadcrumbList","@id":"https:\/\/radiolifefm.com.br\/noticias\/prefeito-de-ourinhos-apresenta-as-inovacoes-tecnologicas-em-webinar-do-centro-oeste-paulista\/#breadcrumb","itemListElement":[{"@type":"ListItem","position":1,"name":"In\u00edcio","item":"https:\/\/radiolifefm.com.br\/noticias\/"},{"@type":"ListItem","position":2,"name":"Prefeito de Ourinhos apresenta as inova\u00e7\u00f5es tecnol\u00f3gicas em Webinar do Centro-Oeste Paulista"}]},{"@type":"WebSite","@id":"https:\/\/radiolifefm.com.br\/noticias\/#website","url":"https:\/\/radiolifefm.com.br\/noticias\/","name":"R\u00e1dio Life FM","description":"O Portal de Not\u00edcias de Adamantina","publisher":{"@id":"https:\/\/radiolifefm.com.br\/noticias\/#organization"},"alternateName":"Life FM","potentialAction":[{"@type":"SearchAction","target":{"@type":"EntryPoint","urlTemplate":"https:\/\/radiolifefm.com.br\/noticias\/?s={search_term_string}"},"query-input":{"@type":"PropertyValueSpecification","valueRequired":true,"valueName":"search_term_string"}}],"inLanguage":"pt-BR"},{"@type":"Organization","@id":"https:\/\/radiolifefm.com.br\/noticias\/#organization","name":"R\u00e1dio Life FM","alternateName":"Life FM","url":"https:\/\/radiolifefm.com.br\/noticias\/","logo":{"@type":"ImageObject","inLanguage":"pt-BR","@id":"https:\/\/radiolifefm.com.br\/noticias\/#\/schema\/logo\/image\/","url":"https:\/\/static.radiolifefm.com.br\/noticias\/wp-content\/uploads\/2019\/10\/logo-lifefm.png","contentUrl":"https:\/\/static.radiolifefm.com.br\/noticias\/wp-content\/uploads\/2019\/10\/logo-lifefm.png","width":196,"height":47,"caption":"R\u00e1dio Life FM"},"image":{"@id":"https:\/\/radiolifefm.com.br\/noticias\/#\/schema\/logo\/image\/"},"sameAs":["https:\/\/www.facebook.com\/radiolifefm\/","https:\/\/www.instagram.com\/life1079fm\/"]},{"@type":"Person","@id":"https:\/\/radiolifefm.com.br\/noticias\/#\/schema\/person\/6876e1240feffe6e1b63fd5cb85abf28","name":"joaograndao","image":{"@type":"ImageObject","inLanguage":"pt-BR","@id":"https:\/\/secure.gravatar.com\/avatar\/d5b1a3cf357ed9c50404e256a1294083aa8ab5d2a994001567302786016cb32c?s=96&d=mm&r=g","url":"https:\/\/secure.gravatar.com\/avatar\/d5b1a3cf357ed9c50404e256a1294083aa8ab5d2a994001567302786016cb32c?s=96&d=mm&r=g","contentUrl":"https:\/\/secure.gravatar.com\/avatar\/d5b1a3cf357ed9c50404e256a1294083aa8ab5d2a994001567302786016cb32c?s=96&d=mm&r=g","caption":"joaograndao"}}]}},"amp_enabled":true,"_links":{"self":[{"href":"https:\/\/radiolifefm.com.br\/noticias\/wp-json\/wp\/v2\/posts\/23038","targetHints":{"allow":["GET"]}}],"collection":[{"href":"https:\/\/radiolifefm.com.br\/noticias\/wp-json\/wp\/v2\/posts"}],"about":[{"href":"https:\/\/radiolifefm.com.br\/noticias\/wp-json\/wp\/v2\/types\/post"}],"author":[{"embeddable":true,"href":"https:\/\/radiolifefm.com.br\/noticias\/wp-json\/wp\/v2\/users\/8"}],"replies":[{"embeddable":true,"href":"https:\/\/radiolifefm.com.br\/noticias\/wp-json\/wp\/v2\/comments?post=23038"}],"version-history":[{"count":5,"href":"https:\/\/radiolifefm.com.br\/noticias\/wp-json\/wp\/v2\/posts\/23038\/revisions"}],"predecessor-version":[{"id":23044,"href":"https:\/\/radiolifefm.com.br\/noticias\/wp-json\/wp\/v2\/posts\/23038\/revisions\/23044"}],"wp:featuredmedia":[{"embeddable":true,"href":"https:\/\/radiolifefm.com.br\/noticias\/wp-json\/wp\/v2\/media\/23039"}],"wp:attachment":[{"href":"https:\/\/radiolifefm.com.br\/noticias\/wp-json\/wp\/v2\/media?parent=23038"}],"wp:term":[{"taxonomy":"category","embeddable":true,"href":"https:\/\/radiolifefm.com.br\/noticias\/wp-json\/wp\/v2\/categories?post=23038"},{"taxonomy":"post_tag","embeddable":true,"href":"https:\/\/radiolifefm.com.br\/noticias\/wp-json\/wp\/v2\/tags?post=23038"}],"curies":[{"name":"wp","href":"https:\/\/api.w.org\/{rel}","templated":true}]}}