{"id":23019,"date":"2020-05-11T09:07:28","date_gmt":"2020-05-11T12:07:28","guid":{"rendered":"https:\/\/radiolifefm.com.br\/noticias\/?p=23019"},"modified":"2026-04-22T00:08:31","modified_gmt":"2026-04-22T03:08:31","slug":"entre-a-duvida-e-a-certeza-que-nada-existe-sergio-barbosa-opiniao","status":"publish","type":"post","link":"https:\/\/radiolifefm.com.br\/noticias\/entre-a-duvida-e-a-certeza-que-nada-existe-sergio-barbosa-opiniao\/","title":{"rendered":"Entre a d\u00favida e a certeza que nada existe&#8230; &#8211; S\u00e9rgio Barbosa &#8211; Opini\u00e3o"},"content":{"rendered":"<div id=\"fb-root\"><\/div>\n<p><em><strong>Entre a d\u00favida e a certeza que nada existe&#8230;<\/strong><\/em><\/p>\n<p><em>\u201cAs pessoas sabem aquilo que elas fazem; frequentemente sabem por que fazem o que fazem; mas o que ignoram \u00e9 o efeito produzido por aquilo que fazem.\u201d (Michel Foucault)<\/em><br \/>\n<em>S\u00e9rgio Barbosa (*)<\/em><\/p>\n<p>Existem muitas fontes de inspira\u00e7\u00e3o que se perderam no tempo do tempo, por\u00e9m, como sempre, muitas destas propostas permanecem at\u00e9 os dias de hoje para muitos desencontros&#8230;<\/p>\n<p>Tais indaga\u00e7\u00f5es s\u00e3o pertinentes neste cen\u00e1rio atual que o mundo est\u00e1 vivendo e sob controle de todos os lados, tal qual a proposta apresenta pelo GRANDE IRM\u00c3O no texto de GEORGE ORWELL&#8230;<\/p>\n<p>Entretanto, existe um outro autor que estava al\u00e9m do seu tempo naquele outro tempo, isso mesmo, pode-se afirmar que registrou em seus escritos filos\u00f3ficos muitas possibilidades para a sua realidade que estava al\u00e9m da exist\u00eancia silenciosa do conhecimento&#8230;<\/p>\n<p>N\u00e3o se pode esquecer neste contexto de LOUIS ALTHUSSER com o texto APARELHOS IDEOL\u00d3GICOS DO ESTADO, portanto, pode-se afirmar que em tempo de p\u00f3s-globaliza\u00e7\u00e3o midi\u00e1tica, ainda, considerando as media\u00e7\u00f5es das REDES SOCIAIS, tudo pode ser IDEOL\u00d3GICO e sempre de acordo com os interesses do PODER PELO PODER COM O PODER&#8230;<\/p>\n<p>Por\u00e9m, tais interpreta\u00e7\u00f5es dependem da forma\u00e7\u00e3o acad\u00eamica de quem est\u00e1 escrevendo o texto, tendo em vista que existem muitas perspectivas te\u00f3ricas para todos os grupos de Estudos nesta \u00e1rea do conhecimento&#8230;<\/p>\n<p>A d\u00favida pode ser o princ\u00edpio do fim de alguma coisa que n\u00e3o vai acontecer, por\u00e9m, tudo vai depender da exist\u00eancia das condi\u00e7\u00f5es que o sistema vai adotar para conseguir os seus objetivos imediatos por meio dos denominados MEIOS DE MANIPULA\u00c7\u00c3O&#8230;<\/p>\n<p>Tais considera\u00e7\u00f5es s\u00e3o necess\u00e1rias, bem como, esclarecer que n\u00e3o tem como avan\u00e7ar neste debate sem considerar outros fatores e pensadores\/as sobre esses temas e tem\u00e1ticas relacionadas com a IDEOLOGIA e MEIOS DE MANIPULA\u00c7\u00c3O&#8230;<\/p>\n<p>N\u00e3o existe CERTEZA de coisa alguma neste contexto no qual a sociedade est\u00e1 estacionada, portanto, faz-se necess\u00e1rio estar em conex\u00e3o com outras teorias sobre quest\u00f5es sociol\u00f3gicas para uma aproxima\u00e7\u00e3o com o debate filos\u00f3fico em tempo de p\u00f3s-globaliza\u00e7\u00e3o das REDES SOCIAIS&#8230;<\/p>\n<p>Tais considera\u00e7\u00f5es est\u00e3o mediadas pelas propostas existentes nas CI\u00caNCIAS HUMANAS, bem como, numa perspectiva simplista que o texto permite, pois, n\u00e3o se trata de um ARTIGO ACAD\u00caMICO&#8230;<\/p>\n<div class='flex flex-wrap items-center -mx-1'>\r\n<a class='thumbnail gallery p-1 w-1\/2 md:w-1\/4' href='https:\/\/radiolifefm.com.br\/noticias\/wp-content\/uploads\/2020\/05\/Sebar-3.jpg'><img class='border border-white' src='https:\/\/radiolifefm.com.br\/noticias\/wp-content\/uploads\/2020\/05\/Sebar-3-200x200.jpg' alt='Sebar' \/><\/a><a class='thumbnail gallery p-1 w-1\/2 md:w-1\/4' href='https:\/\/radiolifefm.com.br\/noticias\/wp-content\/uploads\/2020\/05\/Sebar-1-1.jpg'><img class='border border-white' src='https:\/\/radiolifefm.com.br\/noticias\/wp-content\/uploads\/2020\/05\/Sebar-1-1-200x200.jpg' alt='Sebar   1' \/><\/a><\/div>\n<p>QUEM PESQUISAR SOBRE OS TEMAS VAI DESCOBRIR&#8230;<br \/>\n(*) jornalista diplomado e professor universit\u00e1rio.<\/p>\n","protected":false},"excerpt":{"rendered":"<p>Entre a d\u00favida e a certeza que nada existe&#8230; \u201cAs pessoas sabem aquilo que elas fazem; frequentemente sabem por que fazem o que fazem; mas o que ignoram \u00e9 o efeito produzido por aquilo que fazem.\u201d (Michel Foucault) S\u00e9rgio Barbosa (*) Existem muitas fontes de inspira\u00e7\u00e3o que se perderam no tempo do tempo, por\u00e9m, como [&hellip;]<\/p>\n","protected":false},"author":3,"featured_media":23022,"comment_status":"closed","ping_status":"open","sticky":false,"template":"","format":"standard","meta":{"_acf_changed":false,"_exactmetrics_skip_tracking":false,"_exactmetrics_sitenote_active":false,"_exactmetrics_sitenote_note":"","_exactmetrics_sitenote_category":0,"footnotes":""},"categories":[59],"tags":[],"class_list":["post-23019","post","type-post","status-publish","format-standard","has-post-thumbnail","hentry","category-opiniao"],"acf":[],"yoast_head":"<!-- This site is optimized with the Yoast SEO plugin v27.2 - https:\/\/yoast.com\/product\/yoast-seo-wordpress\/ -->\n<title>Entre a d\u00favida e a certeza que nada existe... - S\u00e9rgio Barbosa - Opini\u00e3o - R\u00e1dio Life FM<\/title>\n<meta name=\"robots\" content=\"index, follow, max-snippet:-1, max-image-preview:large, max-video-preview:-1\" \/>\n<link rel=\"canonical\" href=\"https:\/\/radiolifefm.com.br\/noticias\/entre-a-duvida-e-a-certeza-que-nada-existe-sergio-barbosa-opiniao\/\" \/>\n<meta property=\"og:locale\" content=\"pt_BR\" \/>\n<meta property=\"og:type\" content=\"article\" \/>\n<meta property=\"og:title\" content=\"Entre a d\u00favida e a certeza que nada existe... - S\u00e9rgio Barbosa - Opini\u00e3o - R\u00e1dio Life FM\" \/>\n<meta property=\"og:description\" content=\"Entre a d\u00favida e a certeza que nada existe&#8230; \u201cAs pessoas sabem aquilo que elas fazem; frequentemente sabem por que fazem o que fazem; mas o que ignoram \u00e9 o efeito produzido por aquilo que fazem.\u201d (Michel Foucault) S\u00e9rgio Barbosa (*) Existem muitas fontes de inspira\u00e7\u00e3o que se perderam no tempo do tempo, por\u00e9m, como [&hellip;]\" \/>\n<meta property=\"og:url\" content=\"https:\/\/radiolifefm.com.br\/noticias\/entre-a-duvida-e-a-certeza-que-nada-existe-sergio-barbosa-opiniao\/\" \/>\n<meta property=\"og:site_name\" content=\"R\u00e1dio Life FM\" \/>\n<meta property=\"article:publisher\" content=\"https:\/\/www.facebook.com\/radiolifefm\/\" \/>\n<meta property=\"article:published_time\" content=\"2020-05-11T12:07:28+00:00\" \/>\n<meta property=\"article:modified_time\" content=\"2026-04-22T03:08:31+00:00\" \/>\n<meta property=\"og:image\" content=\"https:\/\/radiolifefm.com.br\/noticias\/wp-content\/uploads\/2020\/05\/Sebar-2-1.jpg\" \/>\n\t<meta property=\"og:image:width\" content=\"1280\" \/>\n\t<meta property=\"og:image:height\" content=\"960\" \/>\n\t<meta property=\"og:image:type\" content=\"image\/jpeg\" \/>\n<meta name=\"author\" content=\"lifefm\" \/>\n<meta name=\"twitter:card\" content=\"summary_large_image\" \/>\n<meta name=\"twitter:label1\" content=\"Escrito por\" \/>\n\t<meta name=\"twitter:data1\" content=\"lifefm\" \/>\n\t<meta name=\"twitter:label2\" content=\"Est. tempo de leitura\" \/>\n\t<meta name=\"twitter:data2\" content=\"2 minutos\" \/>\n<script type=\"application\/ld+json\" class=\"yoast-schema-graph\">{\"@context\":\"https:\/\/schema.org\",\"@graph\":[{\"@type\":\"Article\",\"@id\":\"https:\/\/radiolifefm.com.br\/noticias\/entre-a-duvida-e-a-certeza-que-nada-existe-sergio-barbosa-opiniao\/#article\",\"isPartOf\":{\"@id\":\"https:\/\/radiolifefm.com.br\/noticias\/entre-a-duvida-e-a-certeza-que-nada-existe-sergio-barbosa-opiniao\/\"},\"author\":{\"name\":\"lifefm\",\"@id\":\"https:\/\/radiolifefm.com.br\/noticias\/#\/schema\/person\/1d4e4b1301322090c6221bf1c8420490\"},\"headline\":\"Entre a d\u00favida e a certeza que nada existe&#8230; &#8211; S\u00e9rgio Barbosa &#8211; Opini\u00e3o\",\"datePublished\":\"2020-05-11T12:07:28+00:00\",\"dateModified\":\"2026-04-22T03:08:31+00:00\",\"mainEntityOfPage\":{\"@id\":\"https:\/\/radiolifefm.com.br\/noticias\/entre-a-duvida-e-a-certeza-que-nada-existe-sergio-barbosa-opiniao\/\"},\"wordCount\":443,\"publisher\":{\"@id\":\"https:\/\/radiolifefm.com.br\/noticias\/#organization\"},\"image\":{\"@id\":\"https:\/\/radiolifefm.com.br\/noticias\/entre-a-duvida-e-a-certeza-que-nada-existe-sergio-barbosa-opiniao\/#primaryimage\"},\"thumbnailUrl\":\"https:\/\/radiolifefm.com.br\/noticias\/wp-content\/uploads\/2020\/05\/Sebar-2-1.jpg\",\"articleSection\":[\"Opini\u00e3o\"],\"inLanguage\":\"pt-BR\"},{\"@type\":\"WebPage\",\"@id\":\"https:\/\/radiolifefm.com.br\/noticias\/entre-a-duvida-e-a-certeza-que-nada-existe-sergio-barbosa-opiniao\/\",\"url\":\"https:\/\/radiolifefm.com.br\/noticias\/entre-a-duvida-e-a-certeza-que-nada-existe-sergio-barbosa-opiniao\/\",\"name\":\"Entre a d\u00favida e a certeza que nada existe... - S\u00e9rgio Barbosa - Opini\u00e3o - R\u00e1dio Life FM\",\"isPartOf\":{\"@id\":\"https:\/\/radiolifefm.com.br\/noticias\/#website\"},\"primaryImageOfPage\":{\"@id\":\"https:\/\/radiolifefm.com.br\/noticias\/entre-a-duvida-e-a-certeza-que-nada-existe-sergio-barbosa-opiniao\/#primaryimage\"},\"image\":{\"@id\":\"https:\/\/radiolifefm.com.br\/noticias\/entre-a-duvida-e-a-certeza-que-nada-existe-sergio-barbosa-opiniao\/#primaryimage\"},\"thumbnailUrl\":\"https:\/\/radiolifefm.com.br\/noticias\/wp-content\/uploads\/2020\/05\/Sebar-2-1.jpg\",\"datePublished\":\"2020-05-11T12:07:28+00:00\",\"dateModified\":\"2026-04-22T03:08:31+00:00\",\"breadcrumb\":{\"@id\":\"https:\/\/radiolifefm.com.br\/noticias\/entre-a-duvida-e-a-certeza-que-nada-existe-sergio-barbosa-opiniao\/#breadcrumb\"},\"inLanguage\":\"pt-BR\",\"potentialAction\":[{\"@type\":\"ReadAction\",\"target\":[\"https:\/\/radiolifefm.com.br\/noticias\/entre-a-duvida-e-a-certeza-que-nada-existe-sergio-barbosa-opiniao\/\"]}]},{\"@type\":\"ImageObject\",\"inLanguage\":\"pt-BR\",\"@id\":\"https:\/\/radiolifefm.com.br\/noticias\/entre-a-duvida-e-a-certeza-que-nada-existe-sergio-barbosa-opiniao\/#primaryimage\",\"url\":\"https:\/\/radiolifefm.com.br\/noticias\/wp-content\/uploads\/2020\/05\/Sebar-2-1.jpg\",\"contentUrl\":\"https:\/\/radiolifefm.com.br\/noticias\/wp-content\/uploads\/2020\/05\/Sebar-2-1.jpg\",\"width\":1280,\"height\":960},{\"@type\":\"BreadcrumbList\",\"@id\":\"https:\/\/radiolifefm.com.br\/noticias\/entre-a-duvida-e-a-certeza-que-nada-existe-sergio-barbosa-opiniao\/#breadcrumb\",\"itemListElement\":[{\"@type\":\"ListItem\",\"position\":1,\"name\":\"In\u00edcio\",\"item\":\"https:\/\/radiolifefm.com.br\/noticias\/\"},{\"@type\":\"ListItem\",\"position\":2,\"name\":\"Entre a d\u00favida e a certeza que nada existe&#8230; &#8211; S\u00e9rgio Barbosa &#8211; Opini\u00e3o\"}]},{\"@type\":\"WebSite\",\"@id\":\"https:\/\/radiolifefm.com.br\/noticias\/#website\",\"url\":\"https:\/\/radiolifefm.com.br\/noticias\/\",\"name\":\"R\u00e1dio Life FM\",\"description\":\"O Portal de Not\u00edcias de Adamantina\",\"publisher\":{\"@id\":\"https:\/\/radiolifefm.com.br\/noticias\/#organization\"},\"alternateName\":\"Life FM\",\"potentialAction\":[{\"@type\":\"SearchAction\",\"target\":{\"@type\":\"EntryPoint\",\"urlTemplate\":\"https:\/\/radiolifefm.com.br\/noticias\/?s={search_term_string}\"},\"query-input\":{\"@type\":\"PropertyValueSpecification\",\"valueRequired\":true,\"valueName\":\"search_term_string\"}}],\"inLanguage\":\"pt-BR\"},{\"@type\":\"Organization\",\"@id\":\"https:\/\/radiolifefm.com.br\/noticias\/#organization\",\"name\":\"R\u00e1dio Life FM\",\"alternateName\":\"Life FM\",\"url\":\"https:\/\/radiolifefm.com.br\/noticias\/\",\"logo\":{\"@type\":\"ImageObject\",\"inLanguage\":\"pt-BR\",\"@id\":\"https:\/\/radiolifefm.com.br\/noticias\/#\/schema\/logo\/image\/\",\"url\":\"https:\/\/static.radiolifefm.com.br\/noticias\/wp-content\/uploads\/2019\/10\/logo-lifefm.png\",\"contentUrl\":\"https:\/\/static.radiolifefm.com.br\/noticias\/wp-content\/uploads\/2019\/10\/logo-lifefm.png\",\"width\":196,\"height\":47,\"caption\":\"R\u00e1dio Life FM\"},\"image\":{\"@id\":\"https:\/\/radiolifefm.com.br\/noticias\/#\/schema\/logo\/image\/\"},\"sameAs\":[\"https:\/\/www.facebook.com\/radiolifefm\/\",\"https:\/\/www.instagram.com\/life1079fm\/\"]},{\"@type\":\"Person\",\"@id\":\"https:\/\/radiolifefm.com.br\/noticias\/#\/schema\/person\/1d4e4b1301322090c6221bf1c8420490\",\"name\":\"lifefm\",\"image\":{\"@type\":\"ImageObject\",\"inLanguage\":\"pt-BR\",\"@id\":\"https:\/\/secure.gravatar.com\/avatar\/eca268467d925ec97d20641bb054fd944c0abb2f92854171620706bbe6474e7c?s=96&d=mm&r=g\",\"url\":\"https:\/\/secure.gravatar.com\/avatar\/eca268467d925ec97d20641bb054fd944c0abb2f92854171620706bbe6474e7c?s=96&d=mm&r=g\",\"contentUrl\":\"https:\/\/secure.gravatar.com\/avatar\/eca268467d925ec97d20641bb054fd944c0abb2f92854171620706bbe6474e7c?s=96&d=mm&r=g\",\"caption\":\"lifefm\"}}]}<\/script>\n<!-- \/ Yoast SEO plugin. -->","yoast_head_json":{"title":"Entre a d\u00favida e a certeza que nada existe... - S\u00e9rgio Barbosa - Opini\u00e3o - R\u00e1dio Life FM","robots":{"index":"index","follow":"follow","max-snippet":"max-snippet:-1","max-image-preview":"max-image-preview:large","max-video-preview":"max-video-preview:-1"},"canonical":"https:\/\/radiolifefm.com.br\/noticias\/entre-a-duvida-e-a-certeza-que-nada-existe-sergio-barbosa-opiniao\/","og_locale":"pt_BR","og_type":"article","og_title":"Entre a d\u00favida e a certeza que nada existe... - S\u00e9rgio Barbosa - Opini\u00e3o - R\u00e1dio Life FM","og_description":"Entre a d\u00favida e a certeza que nada existe&#8230; \u201cAs pessoas sabem aquilo que elas fazem; frequentemente sabem por que fazem o que fazem; mas o que ignoram \u00e9 o efeito produzido por aquilo que fazem.\u201d (Michel Foucault) S\u00e9rgio Barbosa (*) Existem muitas fontes de inspira\u00e7\u00e3o que se perderam no tempo do tempo, por\u00e9m, como [&hellip;]","og_url":"https:\/\/radiolifefm.com.br\/noticias\/entre-a-duvida-e-a-certeza-que-nada-existe-sergio-barbosa-opiniao\/","og_site_name":"R\u00e1dio Life FM","article_publisher":"https:\/\/www.facebook.com\/radiolifefm\/","article_published_time":"2020-05-11T12:07:28+00:00","article_modified_time":"2026-04-22T03:08:31+00:00","og_image":[{"width":1280,"height":960,"url":"https:\/\/radiolifefm.com.br\/noticias\/wp-content\/uploads\/2020\/05\/Sebar-2-1.jpg","type":"image\/jpeg"}],"author":"lifefm","twitter_card":"summary_large_image","twitter_misc":{"Escrito por":"lifefm","Est. tempo de leitura":"2 minutos"},"schema":{"@context":"https:\/\/schema.org","@graph":[{"@type":"Article","@id":"https:\/\/radiolifefm.com.br\/noticias\/entre-a-duvida-e-a-certeza-que-nada-existe-sergio-barbosa-opiniao\/#article","isPartOf":{"@id":"https:\/\/radiolifefm.com.br\/noticias\/entre-a-duvida-e-a-certeza-que-nada-existe-sergio-barbosa-opiniao\/"},"author":{"name":"lifefm","@id":"https:\/\/radiolifefm.com.br\/noticias\/#\/schema\/person\/1d4e4b1301322090c6221bf1c8420490"},"headline":"Entre a d\u00favida e a certeza que nada existe&#8230; &#8211; S\u00e9rgio Barbosa &#8211; Opini\u00e3o","datePublished":"2020-05-11T12:07:28+00:00","dateModified":"2026-04-22T03:08:31+00:00","mainEntityOfPage":{"@id":"https:\/\/radiolifefm.com.br\/noticias\/entre-a-duvida-e-a-certeza-que-nada-existe-sergio-barbosa-opiniao\/"},"wordCount":443,"publisher":{"@id":"https:\/\/radiolifefm.com.br\/noticias\/#organization"},"image":{"@id":"https:\/\/radiolifefm.com.br\/noticias\/entre-a-duvida-e-a-certeza-que-nada-existe-sergio-barbosa-opiniao\/#primaryimage"},"thumbnailUrl":"https:\/\/radiolifefm.com.br\/noticias\/wp-content\/uploads\/2020\/05\/Sebar-2-1.jpg","articleSection":["Opini\u00e3o"],"inLanguage":"pt-BR"},{"@type":"WebPage","@id":"https:\/\/radiolifefm.com.br\/noticias\/entre-a-duvida-e-a-certeza-que-nada-existe-sergio-barbosa-opiniao\/","url":"https:\/\/radiolifefm.com.br\/noticias\/entre-a-duvida-e-a-certeza-que-nada-existe-sergio-barbosa-opiniao\/","name":"Entre a d\u00favida e a certeza que nada existe... - S\u00e9rgio Barbosa - Opini\u00e3o - R\u00e1dio Life FM","isPartOf":{"@id":"https:\/\/radiolifefm.com.br\/noticias\/#website"},"primaryImageOfPage":{"@id":"https:\/\/radiolifefm.com.br\/noticias\/entre-a-duvida-e-a-certeza-que-nada-existe-sergio-barbosa-opiniao\/#primaryimage"},"image":{"@id":"https:\/\/radiolifefm.com.br\/noticias\/entre-a-duvida-e-a-certeza-que-nada-existe-sergio-barbosa-opiniao\/#primaryimage"},"thumbnailUrl":"https:\/\/radiolifefm.com.br\/noticias\/wp-content\/uploads\/2020\/05\/Sebar-2-1.jpg","datePublished":"2020-05-11T12:07:28+00:00","dateModified":"2026-04-22T03:08:31+00:00","breadcrumb":{"@id":"https:\/\/radiolifefm.com.br\/noticias\/entre-a-duvida-e-a-certeza-que-nada-existe-sergio-barbosa-opiniao\/#breadcrumb"},"inLanguage":"pt-BR","potentialAction":[{"@type":"ReadAction","target":["https:\/\/radiolifefm.com.br\/noticias\/entre-a-duvida-e-a-certeza-que-nada-existe-sergio-barbosa-opiniao\/"]}]},{"@type":"ImageObject","inLanguage":"pt-BR","@id":"https:\/\/radiolifefm.com.br\/noticias\/entre-a-duvida-e-a-certeza-que-nada-existe-sergio-barbosa-opiniao\/#primaryimage","url":"https:\/\/radiolifefm.com.br\/noticias\/wp-content\/uploads\/2020\/05\/Sebar-2-1.jpg","contentUrl":"https:\/\/radiolifefm.com.br\/noticias\/wp-content\/uploads\/2020\/05\/Sebar-2-1.jpg","width":1280,"height":960},{"@type":"BreadcrumbList","@id":"https:\/\/radiolifefm.com.br\/noticias\/entre-a-duvida-e-a-certeza-que-nada-existe-sergio-barbosa-opiniao\/#breadcrumb","itemListElement":[{"@type":"ListItem","position":1,"name":"In\u00edcio","item":"https:\/\/radiolifefm.com.br\/noticias\/"},{"@type":"ListItem","position":2,"name":"Entre a d\u00favida e a certeza que nada existe&#8230; &#8211; S\u00e9rgio Barbosa &#8211; Opini\u00e3o"}]},{"@type":"WebSite","@id":"https:\/\/radiolifefm.com.br\/noticias\/#website","url":"https:\/\/radiolifefm.com.br\/noticias\/","name":"R\u00e1dio Life FM","description":"O Portal de Not\u00edcias de Adamantina","publisher":{"@id":"https:\/\/radiolifefm.com.br\/noticias\/#organization"},"alternateName":"Life FM","potentialAction":[{"@type":"SearchAction","target":{"@type":"EntryPoint","urlTemplate":"https:\/\/radiolifefm.com.br\/noticias\/?s={search_term_string}"},"query-input":{"@type":"PropertyValueSpecification","valueRequired":true,"valueName":"search_term_string"}}],"inLanguage":"pt-BR"},{"@type":"Organization","@id":"https:\/\/radiolifefm.com.br\/noticias\/#organization","name":"R\u00e1dio Life FM","alternateName":"Life FM","url":"https:\/\/radiolifefm.com.br\/noticias\/","logo":{"@type":"ImageObject","inLanguage":"pt-BR","@id":"https:\/\/radiolifefm.com.br\/noticias\/#\/schema\/logo\/image\/","url":"https:\/\/static.radiolifefm.com.br\/noticias\/wp-content\/uploads\/2019\/10\/logo-lifefm.png","contentUrl":"https:\/\/static.radiolifefm.com.br\/noticias\/wp-content\/uploads\/2019\/10\/logo-lifefm.png","width":196,"height":47,"caption":"R\u00e1dio Life FM"},"image":{"@id":"https:\/\/radiolifefm.com.br\/noticias\/#\/schema\/logo\/image\/"},"sameAs":["https:\/\/www.facebook.com\/radiolifefm\/","https:\/\/www.instagram.com\/life1079fm\/"]},{"@type":"Person","@id":"https:\/\/radiolifefm.com.br\/noticias\/#\/schema\/person\/1d4e4b1301322090c6221bf1c8420490","name":"lifefm","image":{"@type":"ImageObject","inLanguage":"pt-BR","@id":"https:\/\/secure.gravatar.com\/avatar\/eca268467d925ec97d20641bb054fd944c0abb2f92854171620706bbe6474e7c?s=96&d=mm&r=g","url":"https:\/\/secure.gravatar.com\/avatar\/eca268467d925ec97d20641bb054fd944c0abb2f92854171620706bbe6474e7c?s=96&d=mm&r=g","contentUrl":"https:\/\/secure.gravatar.com\/avatar\/eca268467d925ec97d20641bb054fd944c0abb2f92854171620706bbe6474e7c?s=96&d=mm&r=g","caption":"lifefm"}}]}},"amp_enabled":true,"_links":{"self":[{"href":"https:\/\/radiolifefm.com.br\/noticias\/wp-json\/wp\/v2\/posts\/23019","targetHints":{"allow":["GET"]}}],"collection":[{"href":"https:\/\/radiolifefm.com.br\/noticias\/wp-json\/wp\/v2\/posts"}],"about":[{"href":"https:\/\/radiolifefm.com.br\/noticias\/wp-json\/wp\/v2\/types\/post"}],"author":[{"embeddable":true,"href":"https:\/\/radiolifefm.com.br\/noticias\/wp-json\/wp\/v2\/users\/3"}],"replies":[{"embeddable":true,"href":"https:\/\/radiolifefm.com.br\/noticias\/wp-json\/wp\/v2\/comments?post=23019"}],"version-history":[{"count":1,"href":"https:\/\/radiolifefm.com.br\/noticias\/wp-json\/wp\/v2\/posts\/23019\/revisions"}],"predecessor-version":[{"id":23023,"href":"https:\/\/radiolifefm.com.br\/noticias\/wp-json\/wp\/v2\/posts\/23019\/revisions\/23023"}],"wp:featuredmedia":[{"embeddable":true,"href":"https:\/\/radiolifefm.com.br\/noticias\/wp-json\/wp\/v2\/media\/23022"}],"wp:attachment":[{"href":"https:\/\/radiolifefm.com.br\/noticias\/wp-json\/wp\/v2\/media?parent=23019"}],"wp:term":[{"taxonomy":"category","embeddable":true,"href":"https:\/\/radiolifefm.com.br\/noticias\/wp-json\/wp\/v2\/categories?post=23019"},{"taxonomy":"post_tag","embeddable":true,"href":"https:\/\/radiolifefm.com.br\/noticias\/wp-json\/wp\/v2\/tags?post=23019"}],"curies":[{"name":"wp","href":"https:\/\/api.w.org\/{rel}","templated":true}]}}