{"id":22755,"date":"2020-05-05T11:01:01","date_gmt":"2020-05-05T14:01:01","guid":{"rendered":"https:\/\/radiolifefm.com.br\/noticias\/?p=22755"},"modified":"2026-02-06T16:13:39","modified_gmt":"2026-02-06T19:13:39","slug":"irapuru-tem-tres-casos-positivos-de-covid-19","status":"publish","type":"post","link":"https:\/\/radiolifefm.com.br\/noticias\/irapuru-tem-tres-casos-positivos-de-covid-19\/","title":{"rendered":"Irapuru tem tr\u00eas casos positivos de Covid-19"},"content":{"rendered":"<div id=\"fb-root\"><\/div>\n<p>&nbsp;<\/p>\n<p>A Prefeitura de Irapuru divulgou atrav\u00e9s de nota oficial, na tarde desta segunda-feira (4), a confirma\u00e7\u00e3o de tr\u00eas casos positivos de Covid-19 no munic\u00edpio.<\/p>\n<p>&nbsp;<\/p>\n<p>Segundo a nota, foi realizado o teste r\u00e1pido nos tr\u00eas pacientes, um homem de 39 anos, uma mulher de 33 anos e uma crian\u00e7a de tr\u00eas anos de idade e o resultado apontou positivo para a doen\u00e7a.<\/p>\n<p>&nbsp;<\/p>\n<p>A nota informa ainda que os tr\u00eas pacientes infectados est\u00e3o em isolamento domiciliar e em monitoramento pelas equipes da Vigil\u00e2ncia Epidemiol\u00f3gica e que o quadro de sa\u00fade de todos \u00e9 considerado bom.<\/p>\n<p>&nbsp;<\/p>\n<p>Nenhum deles possui comorbidades, ou seja, n\u00e3o t\u00eam outras doen\u00e7as al\u00e9m do Covid-19.<\/p>\n<p>&nbsp;<\/p>\n<p>A Prefeitura de Irapuru informou ainda que, com a notifica\u00e7\u00e3o destes tr\u00eas casos, a Vigil\u00e2ncia Epidemiol\u00f3gica e a Comiss\u00e3o Gestora de Emerg\u00eancia, v\u00e3o intensificar as a\u00e7\u00f5es de conten\u00e7\u00e3o do v\u00edrus, tomando medidas junto aos familiares e pessoas pr\u00f3ximas dos pacientes que j\u00e1 est\u00e3o cientes do quadro.<\/p>\n<p>&nbsp;<\/p>\n<p>Questionado se os tr\u00eas pacientes pertencem \u00e0 mesma fam\u00edlia, o secret\u00e1rio municipal de gest\u00e3o e planejamento Everton Lima informou: \u201cvamos nos limitar a esta informa\u00e7\u00e3o, por enquanto\u201d.<\/p>\n<p>&nbsp;<\/p>\n<p>Vale ressaltar a import\u00e2ncia do cumprimento das medidas determinadas pela Organiza\u00e7\u00e3o Mundial da Sa\u00fade e demais \u00f3rg\u00e3os competentes, visando evitar a dissemina\u00e7\u00e3o do coronav\u00edrus.<\/p>\n<p>&nbsp;<\/p>\n<p>&nbsp;<\/p>\n<p>Folha Regional<\/p>\n","protected":false},"excerpt":{"rendered":"<p>&nbsp; A Prefeitura de Irapuru divulgou atrav\u00e9s de nota oficial, na tarde desta segunda-feira (4), a confirma\u00e7\u00e3o de tr\u00eas casos positivos de Covid-19 no munic\u00edpio. &nbsp; Segundo a nota, foi realizado o teste r\u00e1pido nos tr\u00eas pacientes, um homem de 39 anos, uma mulher de 33 anos e uma crian\u00e7a de tr\u00eas anos de idade [&hellip;]<\/p>\n","protected":false},"author":3,"featured_media":22756,"comment_status":"open","ping_status":"open","sticky":false,"template":"","format":"standard","meta":{"_acf_changed":false,"_exactmetrics_skip_tracking":false,"_exactmetrics_sitenote_active":false,"_exactmetrics_sitenote_note":"","_exactmetrics_sitenote_category":0,"footnotes":""},"categories":[24],"tags":[],"class_list":["post-22755","post","type-post","status-publish","format-standard","has-post-thumbnail","hentry","category-regiao"],"acf":[],"yoast_head":"<!-- This site is optimized with the Yoast SEO plugin v27.2 - https:\/\/yoast.com\/product\/yoast-seo-wordpress\/ -->\n<title>Irapuru tem tr\u00eas casos positivos de Covid-19 - R\u00e1dio Life FM<\/title>\n<meta name=\"robots\" content=\"index, follow, max-snippet:-1, max-image-preview:large, max-video-preview:-1\" \/>\n<link rel=\"canonical\" href=\"https:\/\/radiolifefm.com.br\/noticias\/irapuru-tem-tres-casos-positivos-de-covid-19\/\" \/>\n<meta property=\"og:locale\" content=\"pt_BR\" \/>\n<meta property=\"og:type\" content=\"article\" \/>\n<meta property=\"og:title\" content=\"Irapuru tem tr\u00eas casos positivos de Covid-19 - R\u00e1dio Life FM\" \/>\n<meta property=\"og:description\" content=\"&nbsp; A Prefeitura de Irapuru divulgou atrav\u00e9s de nota oficial, na tarde desta segunda-feira (4), a confirma\u00e7\u00e3o de tr\u00eas casos positivos de Covid-19 no munic\u00edpio. &nbsp; Segundo a nota, foi realizado o teste r\u00e1pido nos tr\u00eas pacientes, um homem de 39 anos, uma mulher de 33 anos e uma crian\u00e7a de tr\u00eas anos de idade [&hellip;]\" \/>\n<meta property=\"og:url\" content=\"https:\/\/radiolifefm.com.br\/noticias\/irapuru-tem-tres-casos-positivos-de-covid-19\/\" \/>\n<meta property=\"og:site_name\" content=\"R\u00e1dio Life FM\" \/>\n<meta property=\"article:publisher\" content=\"https:\/\/www.facebook.com\/radiolifefm\/\" \/>\n<meta property=\"article:published_time\" content=\"2020-05-05T14:01:01+00:00\" \/>\n<meta property=\"article:modified_time\" content=\"2026-02-06T19:13:39+00:00\" \/>\n<meta property=\"og:image\" content=\"https:\/\/radiolifefm.com.br\/noticias\/wp-content\/uploads\/2020\/05\/Covid-Irapuru-Imagem-e1588700222248.jpg\" \/>\n\t<meta property=\"og:image:width\" content=\"800\" \/>\n\t<meta property=\"og:image:height\" content=\"668\" \/>\n\t<meta property=\"og:image:type\" content=\"image\/jpeg\" \/>\n<meta name=\"author\" content=\"lifefm\" \/>\n<meta name=\"twitter:card\" content=\"summary_large_image\" \/>\n<meta name=\"twitter:label1\" content=\"Escrito por\" \/>\n\t<meta name=\"twitter:data1\" content=\"lifefm\" \/>\n\t<meta name=\"twitter:label2\" content=\"Est. tempo de leitura\" \/>\n\t<meta name=\"twitter:data2\" content=\"1 minuto\" \/>\n<script type=\"application\/ld+json\" class=\"yoast-schema-graph\">{\"@context\":\"https:\/\/schema.org\",\"@graph\":[{\"@type\":\"Article\",\"@id\":\"https:\/\/radiolifefm.com.br\/noticias\/irapuru-tem-tres-casos-positivos-de-covid-19\/#article\",\"isPartOf\":{\"@id\":\"https:\/\/radiolifefm.com.br\/noticias\/irapuru-tem-tres-casos-positivos-de-covid-19\/\"},\"author\":{\"name\":\"lifefm\",\"@id\":\"https:\/\/radiolifefm.com.br\/noticias\/#\/schema\/person\/1d4e4b1301322090c6221bf1c8420490\"},\"headline\":\"Irapuru tem tr\u00eas casos positivos de Covid-19\",\"datePublished\":\"2020-05-05T14:01:01+00:00\",\"dateModified\":\"2026-02-06T19:13:39+00:00\",\"mainEntityOfPage\":{\"@id\":\"https:\/\/radiolifefm.com.br\/noticias\/irapuru-tem-tres-casos-positivos-de-covid-19\/\"},\"wordCount\":258,\"commentCount\":0,\"publisher\":{\"@id\":\"https:\/\/radiolifefm.com.br\/noticias\/#organization\"},\"image\":{\"@id\":\"https:\/\/radiolifefm.com.br\/noticias\/irapuru-tem-tres-casos-positivos-de-covid-19\/#primaryimage\"},\"thumbnailUrl\":\"https:\/\/radiolifefm.com.br\/noticias\/wp-content\/uploads\/2020\/05\/Covid-Irapuru-Imagem-e1588700222248.jpg\",\"articleSection\":[\"Regi\u00e3o\"],\"inLanguage\":\"pt-BR\",\"potentialAction\":[{\"@type\":\"CommentAction\",\"name\":\"Comment\",\"target\":[\"https:\/\/radiolifefm.com.br\/noticias\/irapuru-tem-tres-casos-positivos-de-covid-19\/#respond\"]}]},{\"@type\":\"WebPage\",\"@id\":\"https:\/\/radiolifefm.com.br\/noticias\/irapuru-tem-tres-casos-positivos-de-covid-19\/\",\"url\":\"https:\/\/radiolifefm.com.br\/noticias\/irapuru-tem-tres-casos-positivos-de-covid-19\/\",\"name\":\"Irapuru tem tr\u00eas casos positivos de Covid-19 - R\u00e1dio Life FM\",\"isPartOf\":{\"@id\":\"https:\/\/radiolifefm.com.br\/noticias\/#website\"},\"primaryImageOfPage\":{\"@id\":\"https:\/\/radiolifefm.com.br\/noticias\/irapuru-tem-tres-casos-positivos-de-covid-19\/#primaryimage\"},\"image\":{\"@id\":\"https:\/\/radiolifefm.com.br\/noticias\/irapuru-tem-tres-casos-positivos-de-covid-19\/#primaryimage\"},\"thumbnailUrl\":\"https:\/\/radiolifefm.com.br\/noticias\/wp-content\/uploads\/2020\/05\/Covid-Irapuru-Imagem-e1588700222248.jpg\",\"datePublished\":\"2020-05-05T14:01:01+00:00\",\"dateModified\":\"2026-02-06T19:13:39+00:00\",\"breadcrumb\":{\"@id\":\"https:\/\/radiolifefm.com.br\/noticias\/irapuru-tem-tres-casos-positivos-de-covid-19\/#breadcrumb\"},\"inLanguage\":\"pt-BR\",\"potentialAction\":[{\"@type\":\"ReadAction\",\"target\":[\"https:\/\/radiolifefm.com.br\/noticias\/irapuru-tem-tres-casos-positivos-de-covid-19\/\"]}]},{\"@type\":\"ImageObject\",\"inLanguage\":\"pt-BR\",\"@id\":\"https:\/\/radiolifefm.com.br\/noticias\/irapuru-tem-tres-casos-positivos-de-covid-19\/#primaryimage\",\"url\":\"https:\/\/radiolifefm.com.br\/noticias\/wp-content\/uploads\/2020\/05\/Covid-Irapuru-Imagem-e1588700222248.jpg\",\"contentUrl\":\"https:\/\/radiolifefm.com.br\/noticias\/wp-content\/uploads\/2020\/05\/Covid-Irapuru-Imagem-e1588700222248.jpg\",\"width\":800,\"height\":668},{\"@type\":\"BreadcrumbList\",\"@id\":\"https:\/\/radiolifefm.com.br\/noticias\/irapuru-tem-tres-casos-positivos-de-covid-19\/#breadcrumb\",\"itemListElement\":[{\"@type\":\"ListItem\",\"position\":1,\"name\":\"In\u00edcio\",\"item\":\"https:\/\/radiolifefm.com.br\/noticias\/\"},{\"@type\":\"ListItem\",\"position\":2,\"name\":\"Irapuru tem tr\u00eas casos positivos de Covid-19\"}]},{\"@type\":\"WebSite\",\"@id\":\"https:\/\/radiolifefm.com.br\/noticias\/#website\",\"url\":\"https:\/\/radiolifefm.com.br\/noticias\/\",\"name\":\"R\u00e1dio Life FM\",\"description\":\"O Portal de Not\u00edcias de Adamantina\",\"publisher\":{\"@id\":\"https:\/\/radiolifefm.com.br\/noticias\/#organization\"},\"alternateName\":\"Life FM\",\"potentialAction\":[{\"@type\":\"SearchAction\",\"target\":{\"@type\":\"EntryPoint\",\"urlTemplate\":\"https:\/\/radiolifefm.com.br\/noticias\/?s={search_term_string}\"},\"query-input\":{\"@type\":\"PropertyValueSpecification\",\"valueRequired\":true,\"valueName\":\"search_term_string\"}}],\"inLanguage\":\"pt-BR\"},{\"@type\":\"Organization\",\"@id\":\"https:\/\/radiolifefm.com.br\/noticias\/#organization\",\"name\":\"R\u00e1dio Life FM\",\"alternateName\":\"Life FM\",\"url\":\"https:\/\/radiolifefm.com.br\/noticias\/\",\"logo\":{\"@type\":\"ImageObject\",\"inLanguage\":\"pt-BR\",\"@id\":\"https:\/\/radiolifefm.com.br\/noticias\/#\/schema\/logo\/image\/\",\"url\":\"https:\/\/static.radiolifefm.com.br\/noticias\/wp-content\/uploads\/2019\/10\/logo-lifefm.png\",\"contentUrl\":\"https:\/\/static.radiolifefm.com.br\/noticias\/wp-content\/uploads\/2019\/10\/logo-lifefm.png\",\"width\":196,\"height\":47,\"caption\":\"R\u00e1dio Life FM\"},\"image\":{\"@id\":\"https:\/\/radiolifefm.com.br\/noticias\/#\/schema\/logo\/image\/\"},\"sameAs\":[\"https:\/\/www.facebook.com\/radiolifefm\/\",\"https:\/\/www.instagram.com\/life1079fm\/\"]},{\"@type\":\"Person\",\"@id\":\"https:\/\/radiolifefm.com.br\/noticias\/#\/schema\/person\/1d4e4b1301322090c6221bf1c8420490\",\"name\":\"lifefm\",\"image\":{\"@type\":\"ImageObject\",\"inLanguage\":\"pt-BR\",\"@id\":\"https:\/\/secure.gravatar.com\/avatar\/eca268467d925ec97d20641bb054fd944c0abb2f92854171620706bbe6474e7c?s=96&d=mm&r=g\",\"url\":\"https:\/\/secure.gravatar.com\/avatar\/eca268467d925ec97d20641bb054fd944c0abb2f92854171620706bbe6474e7c?s=96&d=mm&r=g\",\"contentUrl\":\"https:\/\/secure.gravatar.com\/avatar\/eca268467d925ec97d20641bb054fd944c0abb2f92854171620706bbe6474e7c?s=96&d=mm&r=g\",\"caption\":\"lifefm\"}}]}<\/script>\n<!-- \/ Yoast SEO plugin. -->","yoast_head_json":{"title":"Irapuru tem tr\u00eas casos positivos de Covid-19 - R\u00e1dio Life FM","robots":{"index":"index","follow":"follow","max-snippet":"max-snippet:-1","max-image-preview":"max-image-preview:large","max-video-preview":"max-video-preview:-1"},"canonical":"https:\/\/radiolifefm.com.br\/noticias\/irapuru-tem-tres-casos-positivos-de-covid-19\/","og_locale":"pt_BR","og_type":"article","og_title":"Irapuru tem tr\u00eas casos positivos de Covid-19 - R\u00e1dio Life FM","og_description":"&nbsp; A Prefeitura de Irapuru divulgou atrav\u00e9s de nota oficial, na tarde desta segunda-feira (4), a confirma\u00e7\u00e3o de tr\u00eas casos positivos de Covid-19 no munic\u00edpio. &nbsp; Segundo a nota, foi realizado o teste r\u00e1pido nos tr\u00eas pacientes, um homem de 39 anos, uma mulher de 33 anos e uma crian\u00e7a de tr\u00eas anos de idade [&hellip;]","og_url":"https:\/\/radiolifefm.com.br\/noticias\/irapuru-tem-tres-casos-positivos-de-covid-19\/","og_site_name":"R\u00e1dio Life FM","article_publisher":"https:\/\/www.facebook.com\/radiolifefm\/","article_published_time":"2020-05-05T14:01:01+00:00","article_modified_time":"2026-02-06T19:13:39+00:00","og_image":[{"width":800,"height":668,"url":"https:\/\/radiolifefm.com.br\/noticias\/wp-content\/uploads\/2020\/05\/Covid-Irapuru-Imagem-e1588700222248.jpg","type":"image\/jpeg"}],"author":"lifefm","twitter_card":"summary_large_image","twitter_misc":{"Escrito por":"lifefm","Est. tempo de leitura":"1 minuto"},"schema":{"@context":"https:\/\/schema.org","@graph":[{"@type":"Article","@id":"https:\/\/radiolifefm.com.br\/noticias\/irapuru-tem-tres-casos-positivos-de-covid-19\/#article","isPartOf":{"@id":"https:\/\/radiolifefm.com.br\/noticias\/irapuru-tem-tres-casos-positivos-de-covid-19\/"},"author":{"name":"lifefm","@id":"https:\/\/radiolifefm.com.br\/noticias\/#\/schema\/person\/1d4e4b1301322090c6221bf1c8420490"},"headline":"Irapuru tem tr\u00eas casos positivos de Covid-19","datePublished":"2020-05-05T14:01:01+00:00","dateModified":"2026-02-06T19:13:39+00:00","mainEntityOfPage":{"@id":"https:\/\/radiolifefm.com.br\/noticias\/irapuru-tem-tres-casos-positivos-de-covid-19\/"},"wordCount":258,"commentCount":0,"publisher":{"@id":"https:\/\/radiolifefm.com.br\/noticias\/#organization"},"image":{"@id":"https:\/\/radiolifefm.com.br\/noticias\/irapuru-tem-tres-casos-positivos-de-covid-19\/#primaryimage"},"thumbnailUrl":"https:\/\/radiolifefm.com.br\/noticias\/wp-content\/uploads\/2020\/05\/Covid-Irapuru-Imagem-e1588700222248.jpg","articleSection":["Regi\u00e3o"],"inLanguage":"pt-BR","potentialAction":[{"@type":"CommentAction","name":"Comment","target":["https:\/\/radiolifefm.com.br\/noticias\/irapuru-tem-tres-casos-positivos-de-covid-19\/#respond"]}]},{"@type":"WebPage","@id":"https:\/\/radiolifefm.com.br\/noticias\/irapuru-tem-tres-casos-positivos-de-covid-19\/","url":"https:\/\/radiolifefm.com.br\/noticias\/irapuru-tem-tres-casos-positivos-de-covid-19\/","name":"Irapuru tem tr\u00eas casos positivos de Covid-19 - R\u00e1dio Life FM","isPartOf":{"@id":"https:\/\/radiolifefm.com.br\/noticias\/#website"},"primaryImageOfPage":{"@id":"https:\/\/radiolifefm.com.br\/noticias\/irapuru-tem-tres-casos-positivos-de-covid-19\/#primaryimage"},"image":{"@id":"https:\/\/radiolifefm.com.br\/noticias\/irapuru-tem-tres-casos-positivos-de-covid-19\/#primaryimage"},"thumbnailUrl":"https:\/\/radiolifefm.com.br\/noticias\/wp-content\/uploads\/2020\/05\/Covid-Irapuru-Imagem-e1588700222248.jpg","datePublished":"2020-05-05T14:01:01+00:00","dateModified":"2026-02-06T19:13:39+00:00","breadcrumb":{"@id":"https:\/\/radiolifefm.com.br\/noticias\/irapuru-tem-tres-casos-positivos-de-covid-19\/#breadcrumb"},"inLanguage":"pt-BR","potentialAction":[{"@type":"ReadAction","target":["https:\/\/radiolifefm.com.br\/noticias\/irapuru-tem-tres-casos-positivos-de-covid-19\/"]}]},{"@type":"ImageObject","inLanguage":"pt-BR","@id":"https:\/\/radiolifefm.com.br\/noticias\/irapuru-tem-tres-casos-positivos-de-covid-19\/#primaryimage","url":"https:\/\/radiolifefm.com.br\/noticias\/wp-content\/uploads\/2020\/05\/Covid-Irapuru-Imagem-e1588700222248.jpg","contentUrl":"https:\/\/radiolifefm.com.br\/noticias\/wp-content\/uploads\/2020\/05\/Covid-Irapuru-Imagem-e1588700222248.jpg","width":800,"height":668},{"@type":"BreadcrumbList","@id":"https:\/\/radiolifefm.com.br\/noticias\/irapuru-tem-tres-casos-positivos-de-covid-19\/#breadcrumb","itemListElement":[{"@type":"ListItem","position":1,"name":"In\u00edcio","item":"https:\/\/radiolifefm.com.br\/noticias\/"},{"@type":"ListItem","position":2,"name":"Irapuru tem tr\u00eas casos positivos de Covid-19"}]},{"@type":"WebSite","@id":"https:\/\/radiolifefm.com.br\/noticias\/#website","url":"https:\/\/radiolifefm.com.br\/noticias\/","name":"R\u00e1dio Life FM","description":"O Portal de Not\u00edcias de Adamantina","publisher":{"@id":"https:\/\/radiolifefm.com.br\/noticias\/#organization"},"alternateName":"Life FM","potentialAction":[{"@type":"SearchAction","target":{"@type":"EntryPoint","urlTemplate":"https:\/\/radiolifefm.com.br\/noticias\/?s={search_term_string}"},"query-input":{"@type":"PropertyValueSpecification","valueRequired":true,"valueName":"search_term_string"}}],"inLanguage":"pt-BR"},{"@type":"Organization","@id":"https:\/\/radiolifefm.com.br\/noticias\/#organization","name":"R\u00e1dio Life FM","alternateName":"Life FM","url":"https:\/\/radiolifefm.com.br\/noticias\/","logo":{"@type":"ImageObject","inLanguage":"pt-BR","@id":"https:\/\/radiolifefm.com.br\/noticias\/#\/schema\/logo\/image\/","url":"https:\/\/static.radiolifefm.com.br\/noticias\/wp-content\/uploads\/2019\/10\/logo-lifefm.png","contentUrl":"https:\/\/static.radiolifefm.com.br\/noticias\/wp-content\/uploads\/2019\/10\/logo-lifefm.png","width":196,"height":47,"caption":"R\u00e1dio Life FM"},"image":{"@id":"https:\/\/radiolifefm.com.br\/noticias\/#\/schema\/logo\/image\/"},"sameAs":["https:\/\/www.facebook.com\/radiolifefm\/","https:\/\/www.instagram.com\/life1079fm\/"]},{"@type":"Person","@id":"https:\/\/radiolifefm.com.br\/noticias\/#\/schema\/person\/1d4e4b1301322090c6221bf1c8420490","name":"lifefm","image":{"@type":"ImageObject","inLanguage":"pt-BR","@id":"https:\/\/secure.gravatar.com\/avatar\/eca268467d925ec97d20641bb054fd944c0abb2f92854171620706bbe6474e7c?s=96&d=mm&r=g","url":"https:\/\/secure.gravatar.com\/avatar\/eca268467d925ec97d20641bb054fd944c0abb2f92854171620706bbe6474e7c?s=96&d=mm&r=g","contentUrl":"https:\/\/secure.gravatar.com\/avatar\/eca268467d925ec97d20641bb054fd944c0abb2f92854171620706bbe6474e7c?s=96&d=mm&r=g","caption":"lifefm"}}]}},"amp_enabled":true,"_links":{"self":[{"href":"https:\/\/radiolifefm.com.br\/noticias\/wp-json\/wp\/v2\/posts\/22755","targetHints":{"allow":["GET"]}}],"collection":[{"href":"https:\/\/radiolifefm.com.br\/noticias\/wp-json\/wp\/v2\/posts"}],"about":[{"href":"https:\/\/radiolifefm.com.br\/noticias\/wp-json\/wp\/v2\/types\/post"}],"author":[{"embeddable":true,"href":"https:\/\/radiolifefm.com.br\/noticias\/wp-json\/wp\/v2\/users\/3"}],"replies":[{"embeddable":true,"href":"https:\/\/radiolifefm.com.br\/noticias\/wp-json\/wp\/v2\/comments?post=22755"}],"version-history":[{"count":2,"href":"https:\/\/radiolifefm.com.br\/noticias\/wp-json\/wp\/v2\/posts\/22755\/revisions"}],"predecessor-version":[{"id":22770,"href":"https:\/\/radiolifefm.com.br\/noticias\/wp-json\/wp\/v2\/posts\/22755\/revisions\/22770"}],"wp:featuredmedia":[{"embeddable":true,"href":"https:\/\/radiolifefm.com.br\/noticias\/wp-json\/wp\/v2\/media\/22756"}],"wp:attachment":[{"href":"https:\/\/radiolifefm.com.br\/noticias\/wp-json\/wp\/v2\/media?parent=22755"}],"wp:term":[{"taxonomy":"category","embeddable":true,"href":"https:\/\/radiolifefm.com.br\/noticias\/wp-json\/wp\/v2\/categories?post=22755"},{"taxonomy":"post_tag","embeddable":true,"href":"https:\/\/radiolifefm.com.br\/noticias\/wp-json\/wp\/v2\/tags?post=22755"}],"curies":[{"name":"wp","href":"https:\/\/api.w.org\/{rel}","templated":true}]}}