{"id":22750,"date":"2020-05-05T10:05:49","date_gmt":"2020-05-05T13:05:49","guid":{"rendered":"https:\/\/radiolifefm.com.br\/noticias\/?p=22750"},"modified":"2026-03-30T01:32:28","modified_gmt":"2026-03-30T04:32:28","slug":"mercado-global-e-senso-comum-em-tempo-de-pandemia-sergio-barbosa-opiniao","status":"publish","type":"post","link":"https:\/\/radiolifefm.com.br\/noticias\/mercado-global-e-senso-comum-em-tempo-de-pandemia-sergio-barbosa-opiniao\/","title":{"rendered":"MERCADO GLOBAL E SENSO COMUM EM TEMPO DE PANDEMIA&#8230;  S\u00e9rgio Barbosa &#8211; Opini\u00e3o"},"content":{"rendered":"<div id=\"fb-root\"><\/div>\n<p><strong><em>MERCADO GLOBAL E SENSO COMUM EM TEMPO DE PANDEMIA&#8230;<\/em><\/strong><\/p>\n<p><em>\u201cO senso comum diz-nos que a terra \u00e9 im\u00f3vel, que o sol gira \u00e0 sua volta e que os homens que vivem nos ant\u00edpodas andam de cabe\u00e7a para baixo.\u201d (Anatole France)<\/em><br \/>\n<em>\u201cO que est\u00e1 ruim, pode ficar ainda pior.\u201d (Mercado Financeiro).<\/em><\/p>\n<p><em>\u201cTeremos de mudar a forma como vivemos neste planeta. Se n\u00e3o o fizermos, vamos pagar um pre\u00e7o muito alto.\u201d (Pandemia).<\/em><\/p>\n<p><em>S\u00e9rgio Barbosa (*)<\/em><\/p>\n<p>A maioria das pessoas em n\u00edvel mundial continua sendo mediadas pelo denominado SENSO COMUM, ainda, de acordo com PESQUISAS DE MERCADO aplicadas neste cen\u00e1rio e de acordo com os objetivos organizacionais em tempo de P\u00f3s-Globaliza\u00e7\u00e3o Midi\u00e1tica&#8230;<\/p>\n<p>Pode ser que os MECANISMOS de aplica\u00e7\u00e3o estejam direcionados ou manipulados em fun\u00e7\u00e3o dos interesses de cada ORGANIZA\u00c7\u00c3O, por\u00e9m, faz-se necess\u00e1rio estar em conex\u00e3o com os resultados para uma AVALIA\u00c7\u00c3O sobre os CEN\u00c1RIOS do MERCADO em n\u00edvel GLOCAL, ou seja,, do GLOBAL para o LOCAL&#8230;<\/p>\n<p>As PROPOSTAS MERCADOL\u00d3GICAS est\u00e3o disponibilizadas para as mais diversas PESQUISAS em todas as \u00e1reas em que as ORGANIZA\u00c7\u00d5ES atuam e desenvolvem seus PRODUTOS ou SERVI\u00c7OS&#8230;<\/p>\n<p>Desta forma, torna-se mais do que complicado aceitar as propostas patrocinadas pelo SENSO COMUM, tendo em vista as alternativas existentes para o MERCADO e o respectivo P\u00daBLICO ALVO&#8230;<\/p>\n<p>Em tempo de PANDEMIA, as ORGANIZA\u00c7\u00d5ES devem estar em conex\u00e3o com os fatos que est\u00e3o ocorrendo em n\u00edvel MUNDIAL, ainda, faz-se necess\u00e1rio estar em ESTADO DE ALERTA, ao mesmo tempo, INVESTIR em ATIVIDADES ESTRAT\u00c9GICAS por meio do MARKETING ORGAIZACIONAL em tempo de P\u00d3S-GLOBALIZA\u00c7\u00c3O MIDI\u00c1TICA&#8230;<\/p>\n<p>A REALIDADE est\u00e1 mostrando que todos os MERCADOS est\u00e3o comprometidos pelos resultados decorrentes desta PANDEMIA GLOBAL, portanto, as ORGANIZA\u00c7\u00d5ES est\u00e3o envolvidas por meio das exig\u00eancias mercadol\u00f3gicas em tempo de P\u00f3s-Globaliza\u00e7\u00e3o Midi\u00e1tica&#8230;<\/p>\n<p>De acordo com a maioria dos ANALISTAS DE MERCADO, as atividades em todas as \u00e1reas que atuam no MERCADO GLOBAL, ter\u00e3o que alterar suas ESTRAT\u00c9GIAS em busca da readapta\u00e7\u00e3o, ainda, desenvolvendo METODOLOGIAS de acordo com as NOVAS EXIG\u00caNCIAS deste MERCADO&#8230;<\/p>\n<p>Portanto, faz-se necess\u00e1rio estar em CONEX\u00c3O com os FATOS que est\u00e3o ocorrendo, bem como, levar em considera\u00e7\u00e3o o PASSADO e aprender tudo o que for poss\u00edvel com os ERROS patrocinados pelo SENSO COMUM destes \u00faltimos meses em n\u00edvel GLOCAL&#8230;<\/p>\n<p>Desta forma, as ORGANIZA\u00c7\u00d5ES est\u00e3o compartilhando todas as A\u00c7\u00d5ES e RESULTADOS dos avan\u00e7os, bem como, retrocessos do MERCADO em tempo de PANDEMIA GLOBAL&#8230;<br \/>\nQUEM SOBREVIVER VAI SABER&#8230;<\/p>\n<div class='flex flex-wrap items-center -mx-1'>\r\n<a class='thumbnail gallery p-1 w-1\/2 md:w-1\/4' href='https:\/\/radiolifefm.com.br\/noticias\/wp-content\/uploads\/2020\/05\/Sebar-scaled.jpg'><img class='border border-white' src='https:\/\/radiolifefm.com.br\/noticias\/wp-content\/uploads\/2020\/05\/Sebar-200x200.jpg' alt='Sebar' \/><\/a><a class='thumbnail gallery p-1 w-1\/2 md:w-1\/4' href='https:\/\/radiolifefm.com.br\/noticias\/wp-content\/uploads\/2020\/05\/Sebar-1-scaled.jpg'><img class='border border-white' src='https:\/\/radiolifefm.com.br\/noticias\/wp-content\/uploads\/2020\/05\/Sebar-1-200x200.jpg' alt='Sebar   1' \/><\/a><\/div>\n<p>___________________________<br \/>\n(*) jornalista diplomado, professor universit\u00e1rio e consultor na \u00e1rea da comunica\u00e7\u00e3o organizacional.<\/p>\n","protected":false},"excerpt":{"rendered":"<p>MERCADO GLOBAL E SENSO COMUM EM TEMPO DE PANDEMIA&#8230; \u201cO senso comum diz-nos que a terra \u00e9 im\u00f3vel, que o sol gira \u00e0 sua volta e que os homens que vivem nos ant\u00edpodas andam de cabe\u00e7a para baixo.\u201d (Anatole France) \u201cO que est\u00e1 ruim, pode ficar ainda pior.\u201d (Mercado Financeiro). \u201cTeremos de mudar a forma [&hellip;]<\/p>\n","protected":false},"author":3,"featured_media":22753,"comment_status":"closed","ping_status":"open","sticky":false,"template":"","format":"standard","meta":{"_acf_changed":false,"_exactmetrics_skip_tracking":false,"_exactmetrics_sitenote_active":false,"_exactmetrics_sitenote_note":"","_exactmetrics_sitenote_category":0,"footnotes":""},"categories":[59],"tags":[],"class_list":["post-22750","post","type-post","status-publish","format-standard","has-post-thumbnail","hentry","category-opiniao"],"acf":[],"yoast_head":"<!-- This site is optimized with the Yoast SEO plugin v27.2 - https:\/\/yoast.com\/product\/yoast-seo-wordpress\/ -->\n<title>MERCADO GLOBAL E SENSO COMUM EM TEMPO DE PANDEMIA... S\u00e9rgio Barbosa - Opini\u00e3o - R\u00e1dio Life FM<\/title>\n<meta name=\"robots\" content=\"index, follow, max-snippet:-1, max-image-preview:large, max-video-preview:-1\" \/>\n<link rel=\"canonical\" href=\"https:\/\/radiolifefm.com.br\/noticias\/mercado-global-e-senso-comum-em-tempo-de-pandemia-sergio-barbosa-opiniao\/\" \/>\n<meta property=\"og:locale\" content=\"pt_BR\" \/>\n<meta property=\"og:type\" content=\"article\" \/>\n<meta property=\"og:title\" content=\"MERCADO GLOBAL E SENSO COMUM EM TEMPO DE PANDEMIA... S\u00e9rgio Barbosa - Opini\u00e3o - R\u00e1dio Life FM\" \/>\n<meta property=\"og:description\" content=\"MERCADO GLOBAL E SENSO COMUM EM TEMPO DE PANDEMIA&#8230; \u201cO senso comum diz-nos que a terra \u00e9 im\u00f3vel, que o sol gira \u00e0 sua volta e que os homens que vivem nos ant\u00edpodas andam de cabe\u00e7a para baixo.\u201d (Anatole France) \u201cO que est\u00e1 ruim, pode ficar ainda pior.\u201d (Mercado Financeiro). \u201cTeremos de mudar a forma [&hellip;]\" \/>\n<meta property=\"og:url\" content=\"https:\/\/radiolifefm.com.br\/noticias\/mercado-global-e-senso-comum-em-tempo-de-pandemia-sergio-barbosa-opiniao\/\" \/>\n<meta property=\"og:site_name\" content=\"R\u00e1dio Life FM\" \/>\n<meta property=\"article:publisher\" content=\"https:\/\/www.facebook.com\/radiolifefm\/\" \/>\n<meta property=\"article:published_time\" content=\"2020-05-05T13:05:49+00:00\" \/>\n<meta property=\"article:modified_time\" content=\"2026-03-30T04:32:28+00:00\" \/>\n<meta property=\"og:image\" content=\"https:\/\/radiolifefm.com.br\/noticias\/wp-content\/uploads\/2020\/05\/Sebar-2-scaled.jpg\" \/>\n\t<meta property=\"og:image:width\" content=\"2560\" \/>\n\t<meta property=\"og:image:height\" content=\"1920\" \/>\n\t<meta property=\"og:image:type\" content=\"image\/jpeg\" \/>\n<meta name=\"author\" content=\"lifefm\" \/>\n<meta name=\"twitter:card\" content=\"summary_large_image\" \/>\n<meta name=\"twitter:label1\" content=\"Escrito por\" \/>\n\t<meta name=\"twitter:data1\" content=\"lifefm\" \/>\n\t<meta name=\"twitter:label2\" content=\"Est. tempo de leitura\" \/>\n\t<meta name=\"twitter:data2\" content=\"2 minutos\" \/>\n<script type=\"application\/ld+json\" class=\"yoast-schema-graph\">{\"@context\":\"https:\/\/schema.org\",\"@graph\":[{\"@type\":\"Article\",\"@id\":\"https:\/\/radiolifefm.com.br\/noticias\/mercado-global-e-senso-comum-em-tempo-de-pandemia-sergio-barbosa-opiniao\/#article\",\"isPartOf\":{\"@id\":\"https:\/\/radiolifefm.com.br\/noticias\/mercado-global-e-senso-comum-em-tempo-de-pandemia-sergio-barbosa-opiniao\/\"},\"author\":{\"name\":\"lifefm\",\"@id\":\"https:\/\/radiolifefm.com.br\/noticias\/#\/schema\/person\/1d4e4b1301322090c6221bf1c8420490\"},\"headline\":\"MERCADO GLOBAL E SENSO COMUM EM TEMPO DE PANDEMIA&#8230; S\u00e9rgio Barbosa &#8211; Opini\u00e3o\",\"datePublished\":\"2020-05-05T13:05:49+00:00\",\"dateModified\":\"2026-03-30T04:32:28+00:00\",\"mainEntityOfPage\":{\"@id\":\"https:\/\/radiolifefm.com.br\/noticias\/mercado-global-e-senso-comum-em-tempo-de-pandemia-sergio-barbosa-opiniao\/\"},\"wordCount\":471,\"publisher\":{\"@id\":\"https:\/\/radiolifefm.com.br\/noticias\/#organization\"},\"image\":{\"@id\":\"https:\/\/radiolifefm.com.br\/noticias\/mercado-global-e-senso-comum-em-tempo-de-pandemia-sergio-barbosa-opiniao\/#primaryimage\"},\"thumbnailUrl\":\"https:\/\/radiolifefm.com.br\/noticias\/wp-content\/uploads\/2020\/05\/Sebar-2-scaled.jpg\",\"articleSection\":[\"Opini\u00e3o\"],\"inLanguage\":\"pt-BR\"},{\"@type\":\"WebPage\",\"@id\":\"https:\/\/radiolifefm.com.br\/noticias\/mercado-global-e-senso-comum-em-tempo-de-pandemia-sergio-barbosa-opiniao\/\",\"url\":\"https:\/\/radiolifefm.com.br\/noticias\/mercado-global-e-senso-comum-em-tempo-de-pandemia-sergio-barbosa-opiniao\/\",\"name\":\"MERCADO GLOBAL E SENSO COMUM EM TEMPO DE PANDEMIA... S\u00e9rgio Barbosa - Opini\u00e3o - R\u00e1dio Life FM\",\"isPartOf\":{\"@id\":\"https:\/\/radiolifefm.com.br\/noticias\/#website\"},\"primaryImageOfPage\":{\"@id\":\"https:\/\/radiolifefm.com.br\/noticias\/mercado-global-e-senso-comum-em-tempo-de-pandemia-sergio-barbosa-opiniao\/#primaryimage\"},\"image\":{\"@id\":\"https:\/\/radiolifefm.com.br\/noticias\/mercado-global-e-senso-comum-em-tempo-de-pandemia-sergio-barbosa-opiniao\/#primaryimage\"},\"thumbnailUrl\":\"https:\/\/radiolifefm.com.br\/noticias\/wp-content\/uploads\/2020\/05\/Sebar-2-scaled.jpg\",\"datePublished\":\"2020-05-05T13:05:49+00:00\",\"dateModified\":\"2026-03-30T04:32:28+00:00\",\"breadcrumb\":{\"@id\":\"https:\/\/radiolifefm.com.br\/noticias\/mercado-global-e-senso-comum-em-tempo-de-pandemia-sergio-barbosa-opiniao\/#breadcrumb\"},\"inLanguage\":\"pt-BR\",\"potentialAction\":[{\"@type\":\"ReadAction\",\"target\":[\"https:\/\/radiolifefm.com.br\/noticias\/mercado-global-e-senso-comum-em-tempo-de-pandemia-sergio-barbosa-opiniao\/\"]}]},{\"@type\":\"ImageObject\",\"inLanguage\":\"pt-BR\",\"@id\":\"https:\/\/radiolifefm.com.br\/noticias\/mercado-global-e-senso-comum-em-tempo-de-pandemia-sergio-barbosa-opiniao\/#primaryimage\",\"url\":\"https:\/\/radiolifefm.com.br\/noticias\/wp-content\/uploads\/2020\/05\/Sebar-2-scaled.jpg\",\"contentUrl\":\"https:\/\/radiolifefm.com.br\/noticias\/wp-content\/uploads\/2020\/05\/Sebar-2-scaled.jpg\",\"width\":2560,\"height\":1920},{\"@type\":\"BreadcrumbList\",\"@id\":\"https:\/\/radiolifefm.com.br\/noticias\/mercado-global-e-senso-comum-em-tempo-de-pandemia-sergio-barbosa-opiniao\/#breadcrumb\",\"itemListElement\":[{\"@type\":\"ListItem\",\"position\":1,\"name\":\"In\u00edcio\",\"item\":\"https:\/\/radiolifefm.com.br\/noticias\/\"},{\"@type\":\"ListItem\",\"position\":2,\"name\":\"MERCADO GLOBAL E SENSO COMUM EM TEMPO DE PANDEMIA&#8230; S\u00e9rgio Barbosa &#8211; Opini\u00e3o\"}]},{\"@type\":\"WebSite\",\"@id\":\"https:\/\/radiolifefm.com.br\/noticias\/#website\",\"url\":\"https:\/\/radiolifefm.com.br\/noticias\/\",\"name\":\"R\u00e1dio Life FM\",\"description\":\"O Portal de Not\u00edcias de Adamantina\",\"publisher\":{\"@id\":\"https:\/\/radiolifefm.com.br\/noticias\/#organization\"},\"alternateName\":\"Life FM\",\"potentialAction\":[{\"@type\":\"SearchAction\",\"target\":{\"@type\":\"EntryPoint\",\"urlTemplate\":\"https:\/\/radiolifefm.com.br\/noticias\/?s={search_term_string}\"},\"query-input\":{\"@type\":\"PropertyValueSpecification\",\"valueRequired\":true,\"valueName\":\"search_term_string\"}}],\"inLanguage\":\"pt-BR\"},{\"@type\":\"Organization\",\"@id\":\"https:\/\/radiolifefm.com.br\/noticias\/#organization\",\"name\":\"R\u00e1dio Life FM\",\"alternateName\":\"Life FM\",\"url\":\"https:\/\/radiolifefm.com.br\/noticias\/\",\"logo\":{\"@type\":\"ImageObject\",\"inLanguage\":\"pt-BR\",\"@id\":\"https:\/\/radiolifefm.com.br\/noticias\/#\/schema\/logo\/image\/\",\"url\":\"https:\/\/static.radiolifefm.com.br\/noticias\/wp-content\/uploads\/2019\/10\/logo-lifefm.png\",\"contentUrl\":\"https:\/\/static.radiolifefm.com.br\/noticias\/wp-content\/uploads\/2019\/10\/logo-lifefm.png\",\"width\":196,\"height\":47,\"caption\":\"R\u00e1dio Life FM\"},\"image\":{\"@id\":\"https:\/\/radiolifefm.com.br\/noticias\/#\/schema\/logo\/image\/\"},\"sameAs\":[\"https:\/\/www.facebook.com\/radiolifefm\/\",\"https:\/\/www.instagram.com\/life1079fm\/\"]},{\"@type\":\"Person\",\"@id\":\"https:\/\/radiolifefm.com.br\/noticias\/#\/schema\/person\/1d4e4b1301322090c6221bf1c8420490\",\"name\":\"lifefm\",\"image\":{\"@type\":\"ImageObject\",\"inLanguage\":\"pt-BR\",\"@id\":\"https:\/\/secure.gravatar.com\/avatar\/eca268467d925ec97d20641bb054fd944c0abb2f92854171620706bbe6474e7c?s=96&d=mm&r=g\",\"url\":\"https:\/\/secure.gravatar.com\/avatar\/eca268467d925ec97d20641bb054fd944c0abb2f92854171620706bbe6474e7c?s=96&d=mm&r=g\",\"contentUrl\":\"https:\/\/secure.gravatar.com\/avatar\/eca268467d925ec97d20641bb054fd944c0abb2f92854171620706bbe6474e7c?s=96&d=mm&r=g\",\"caption\":\"lifefm\"}}]}<\/script>\n<!-- \/ Yoast SEO plugin. -->","yoast_head_json":{"title":"MERCADO GLOBAL E SENSO COMUM EM TEMPO DE PANDEMIA... S\u00e9rgio Barbosa - Opini\u00e3o - R\u00e1dio Life FM","robots":{"index":"index","follow":"follow","max-snippet":"max-snippet:-1","max-image-preview":"max-image-preview:large","max-video-preview":"max-video-preview:-1"},"canonical":"https:\/\/radiolifefm.com.br\/noticias\/mercado-global-e-senso-comum-em-tempo-de-pandemia-sergio-barbosa-opiniao\/","og_locale":"pt_BR","og_type":"article","og_title":"MERCADO GLOBAL E SENSO COMUM EM TEMPO DE PANDEMIA... S\u00e9rgio Barbosa - Opini\u00e3o - R\u00e1dio Life FM","og_description":"MERCADO GLOBAL E SENSO COMUM EM TEMPO DE PANDEMIA&#8230; \u201cO senso comum diz-nos que a terra \u00e9 im\u00f3vel, que o sol gira \u00e0 sua volta e que os homens que vivem nos ant\u00edpodas andam de cabe\u00e7a para baixo.\u201d (Anatole France) \u201cO que est\u00e1 ruim, pode ficar ainda pior.\u201d (Mercado Financeiro). \u201cTeremos de mudar a forma [&hellip;]","og_url":"https:\/\/radiolifefm.com.br\/noticias\/mercado-global-e-senso-comum-em-tempo-de-pandemia-sergio-barbosa-opiniao\/","og_site_name":"R\u00e1dio Life FM","article_publisher":"https:\/\/www.facebook.com\/radiolifefm\/","article_published_time":"2020-05-05T13:05:49+00:00","article_modified_time":"2026-03-30T04:32:28+00:00","og_image":[{"width":2560,"height":1920,"url":"https:\/\/radiolifefm.com.br\/noticias\/wp-content\/uploads\/2020\/05\/Sebar-2-scaled.jpg","type":"image\/jpeg"}],"author":"lifefm","twitter_card":"summary_large_image","twitter_misc":{"Escrito por":"lifefm","Est. tempo de leitura":"2 minutos"},"schema":{"@context":"https:\/\/schema.org","@graph":[{"@type":"Article","@id":"https:\/\/radiolifefm.com.br\/noticias\/mercado-global-e-senso-comum-em-tempo-de-pandemia-sergio-barbosa-opiniao\/#article","isPartOf":{"@id":"https:\/\/radiolifefm.com.br\/noticias\/mercado-global-e-senso-comum-em-tempo-de-pandemia-sergio-barbosa-opiniao\/"},"author":{"name":"lifefm","@id":"https:\/\/radiolifefm.com.br\/noticias\/#\/schema\/person\/1d4e4b1301322090c6221bf1c8420490"},"headline":"MERCADO GLOBAL E SENSO COMUM EM TEMPO DE PANDEMIA&#8230; S\u00e9rgio Barbosa &#8211; Opini\u00e3o","datePublished":"2020-05-05T13:05:49+00:00","dateModified":"2026-03-30T04:32:28+00:00","mainEntityOfPage":{"@id":"https:\/\/radiolifefm.com.br\/noticias\/mercado-global-e-senso-comum-em-tempo-de-pandemia-sergio-barbosa-opiniao\/"},"wordCount":471,"publisher":{"@id":"https:\/\/radiolifefm.com.br\/noticias\/#organization"},"image":{"@id":"https:\/\/radiolifefm.com.br\/noticias\/mercado-global-e-senso-comum-em-tempo-de-pandemia-sergio-barbosa-opiniao\/#primaryimage"},"thumbnailUrl":"https:\/\/radiolifefm.com.br\/noticias\/wp-content\/uploads\/2020\/05\/Sebar-2-scaled.jpg","articleSection":["Opini\u00e3o"],"inLanguage":"pt-BR"},{"@type":"WebPage","@id":"https:\/\/radiolifefm.com.br\/noticias\/mercado-global-e-senso-comum-em-tempo-de-pandemia-sergio-barbosa-opiniao\/","url":"https:\/\/radiolifefm.com.br\/noticias\/mercado-global-e-senso-comum-em-tempo-de-pandemia-sergio-barbosa-opiniao\/","name":"MERCADO GLOBAL E SENSO COMUM EM TEMPO DE PANDEMIA... S\u00e9rgio Barbosa - Opini\u00e3o - R\u00e1dio Life FM","isPartOf":{"@id":"https:\/\/radiolifefm.com.br\/noticias\/#website"},"primaryImageOfPage":{"@id":"https:\/\/radiolifefm.com.br\/noticias\/mercado-global-e-senso-comum-em-tempo-de-pandemia-sergio-barbosa-opiniao\/#primaryimage"},"image":{"@id":"https:\/\/radiolifefm.com.br\/noticias\/mercado-global-e-senso-comum-em-tempo-de-pandemia-sergio-barbosa-opiniao\/#primaryimage"},"thumbnailUrl":"https:\/\/radiolifefm.com.br\/noticias\/wp-content\/uploads\/2020\/05\/Sebar-2-scaled.jpg","datePublished":"2020-05-05T13:05:49+00:00","dateModified":"2026-03-30T04:32:28+00:00","breadcrumb":{"@id":"https:\/\/radiolifefm.com.br\/noticias\/mercado-global-e-senso-comum-em-tempo-de-pandemia-sergio-barbosa-opiniao\/#breadcrumb"},"inLanguage":"pt-BR","potentialAction":[{"@type":"ReadAction","target":["https:\/\/radiolifefm.com.br\/noticias\/mercado-global-e-senso-comum-em-tempo-de-pandemia-sergio-barbosa-opiniao\/"]}]},{"@type":"ImageObject","inLanguage":"pt-BR","@id":"https:\/\/radiolifefm.com.br\/noticias\/mercado-global-e-senso-comum-em-tempo-de-pandemia-sergio-barbosa-opiniao\/#primaryimage","url":"https:\/\/radiolifefm.com.br\/noticias\/wp-content\/uploads\/2020\/05\/Sebar-2-scaled.jpg","contentUrl":"https:\/\/radiolifefm.com.br\/noticias\/wp-content\/uploads\/2020\/05\/Sebar-2-scaled.jpg","width":2560,"height":1920},{"@type":"BreadcrumbList","@id":"https:\/\/radiolifefm.com.br\/noticias\/mercado-global-e-senso-comum-em-tempo-de-pandemia-sergio-barbosa-opiniao\/#breadcrumb","itemListElement":[{"@type":"ListItem","position":1,"name":"In\u00edcio","item":"https:\/\/radiolifefm.com.br\/noticias\/"},{"@type":"ListItem","position":2,"name":"MERCADO GLOBAL E SENSO COMUM EM TEMPO DE PANDEMIA&#8230; S\u00e9rgio Barbosa &#8211; Opini\u00e3o"}]},{"@type":"WebSite","@id":"https:\/\/radiolifefm.com.br\/noticias\/#website","url":"https:\/\/radiolifefm.com.br\/noticias\/","name":"R\u00e1dio Life FM","description":"O Portal de Not\u00edcias de Adamantina","publisher":{"@id":"https:\/\/radiolifefm.com.br\/noticias\/#organization"},"alternateName":"Life FM","potentialAction":[{"@type":"SearchAction","target":{"@type":"EntryPoint","urlTemplate":"https:\/\/radiolifefm.com.br\/noticias\/?s={search_term_string}"},"query-input":{"@type":"PropertyValueSpecification","valueRequired":true,"valueName":"search_term_string"}}],"inLanguage":"pt-BR"},{"@type":"Organization","@id":"https:\/\/radiolifefm.com.br\/noticias\/#organization","name":"R\u00e1dio Life FM","alternateName":"Life FM","url":"https:\/\/radiolifefm.com.br\/noticias\/","logo":{"@type":"ImageObject","inLanguage":"pt-BR","@id":"https:\/\/radiolifefm.com.br\/noticias\/#\/schema\/logo\/image\/","url":"https:\/\/static.radiolifefm.com.br\/noticias\/wp-content\/uploads\/2019\/10\/logo-lifefm.png","contentUrl":"https:\/\/static.radiolifefm.com.br\/noticias\/wp-content\/uploads\/2019\/10\/logo-lifefm.png","width":196,"height":47,"caption":"R\u00e1dio Life FM"},"image":{"@id":"https:\/\/radiolifefm.com.br\/noticias\/#\/schema\/logo\/image\/"},"sameAs":["https:\/\/www.facebook.com\/radiolifefm\/","https:\/\/www.instagram.com\/life1079fm\/"]},{"@type":"Person","@id":"https:\/\/radiolifefm.com.br\/noticias\/#\/schema\/person\/1d4e4b1301322090c6221bf1c8420490","name":"lifefm","image":{"@type":"ImageObject","inLanguage":"pt-BR","@id":"https:\/\/secure.gravatar.com\/avatar\/eca268467d925ec97d20641bb054fd944c0abb2f92854171620706bbe6474e7c?s=96&d=mm&r=g","url":"https:\/\/secure.gravatar.com\/avatar\/eca268467d925ec97d20641bb054fd944c0abb2f92854171620706bbe6474e7c?s=96&d=mm&r=g","contentUrl":"https:\/\/secure.gravatar.com\/avatar\/eca268467d925ec97d20641bb054fd944c0abb2f92854171620706bbe6474e7c?s=96&d=mm&r=g","caption":"lifefm"}}]}},"amp_enabled":true,"_links":{"self":[{"href":"https:\/\/radiolifefm.com.br\/noticias\/wp-json\/wp\/v2\/posts\/22750","targetHints":{"allow":["GET"]}}],"collection":[{"href":"https:\/\/radiolifefm.com.br\/noticias\/wp-json\/wp\/v2\/posts"}],"about":[{"href":"https:\/\/radiolifefm.com.br\/noticias\/wp-json\/wp\/v2\/types\/post"}],"author":[{"embeddable":true,"href":"https:\/\/radiolifefm.com.br\/noticias\/wp-json\/wp\/v2\/users\/3"}],"replies":[{"embeddable":true,"href":"https:\/\/radiolifefm.com.br\/noticias\/wp-json\/wp\/v2\/comments?post=22750"}],"version-history":[{"count":1,"href":"https:\/\/radiolifefm.com.br\/noticias\/wp-json\/wp\/v2\/posts\/22750\/revisions"}],"predecessor-version":[{"id":22754,"href":"https:\/\/radiolifefm.com.br\/noticias\/wp-json\/wp\/v2\/posts\/22750\/revisions\/22754"}],"wp:featuredmedia":[{"embeddable":true,"href":"https:\/\/radiolifefm.com.br\/noticias\/wp-json\/wp\/v2\/media\/22753"}],"wp:attachment":[{"href":"https:\/\/radiolifefm.com.br\/noticias\/wp-json\/wp\/v2\/media?parent=22750"}],"wp:term":[{"taxonomy":"category","embeddable":true,"href":"https:\/\/radiolifefm.com.br\/noticias\/wp-json\/wp\/v2\/categories?post=22750"},{"taxonomy":"post_tag","embeddable":true,"href":"https:\/\/radiolifefm.com.br\/noticias\/wp-json\/wp\/v2\/tags?post=22750"}],"curies":[{"name":"wp","href":"https:\/\/api.w.org\/{rel}","templated":true}]}}