{"id":22656,"date":"2020-05-01T15:39:56","date_gmt":"2020-05-01T18:39:56","guid":{"rendered":"https:\/\/radiolifefm.com.br\/noticias\/?p=22656"},"modified":"2026-04-30T21:38:39","modified_gmt":"2026-05-01T00:38:39","slug":"santa-casa-de-osvaldo-cruz-recebe-aprovacao-para-atender-pacientes-com-covid-19","status":"publish","type":"post","link":"https:\/\/radiolifefm.com.br\/noticias\/santa-casa-de-osvaldo-cruz-recebe-aprovacao-para-atender-pacientes-com-covid-19\/","title":{"rendered":"Santa Casa de Osvaldo Cruz recebe aprova\u00e7\u00e3o para atender pacientes com Covid-19"},"content":{"rendered":"<div id=\"fb-root\"><\/div>\n<p><em>\u00c1rea com leitos especiais de UTI com respiradores, j\u00e1 est\u00e3o prontos e a equipe m\u00e9dica est\u00e1 preparada para os atendimentos<\/em><\/p>\n<p>Por conta do estado de pandemia que toma conta do Brasil e do mundo, com o n\u00famero de casos de pacientes infectados pelo coronav\u00edrus crescendo e com muitos \u00f3bitos, se faz cada vez mais urgente provid\u00eancias no sentido de preparar a estrutura hospitalar para os atendimentos necess\u00e1rios.<\/p>\n<p>A estrutura da Santa Casa de Miseric\u00f3rdia de Osvaldo Cruz tamb\u00e9m foi requerida pelos \u00f3rg\u00e3os estaduais de sa\u00fade, a DRS de Mar\u00edlia, Secretaria Estadual de Sa\u00fade de S\u00e3o Paulo e Minist\u00e9rio da Sa\u00fade, para que se habilitassem leitos de UTI, com respiradores, para o atendimento desses pacientes.<\/p>\n<p>Segundo o administrador da Santa Casa de Osvaldo Cruz, Emerson Renato Bussola, tudo foi feito segundo orienta\u00e7\u00f5es da DRS de Mar\u00edlia, Secretaria Estadual de Sa\u00fade de S\u00e3o Paulo e Minist\u00e9rio da Sa\u00fade, em um entendimento tripartite, munic\u00edpio, estado e governo federal.<\/p>\n<p>Depois de preparada, a ala especial montada na Santa Casa de Osvaldo cruz, com oito (06), leitos de UTI, que podem chegar a 10 (dez), com respiradores, mais os leitos de isolamento para pacientes que n\u00e3o necessitem de UTI, apenas de oxig\u00eanio, em \u00e1rea de total prote\u00e7\u00e3o e para isso est\u00e1 sendo finalizada a obra de expans\u00e3o de tubula\u00e7\u00f5es de ar comprimido com oxig\u00eanio hospitalar para essa \u00e1rea.<\/p>\n<p>Depois de tudo pronto, uma equipe da DRS de Mar\u00edlia realizou inspe\u00e7\u00e3o na \u00e1rea de isolamento da Santa Casa, conferiu as medidas de isolamento, os equipamentos e a equipe m\u00e9dica, sendo que a aprova\u00e7\u00e3o foi emitida na manh\u00e3 desta quinta feira (30), com autoriza\u00e7\u00e3o para iniciar os atendimentos na manh\u00e3 desta sexta feira, 1\u00ba de maio.<\/p>\n<p>Ainda segundo Emerson Bussola, administrador do hospital, nesta quinta feira j\u00e1 havia sido solicitada vaga para interna\u00e7\u00e3o na Santa Casa de Osvaldo cruz, por\u00e9m, a libera\u00e7\u00e3o com a aprova\u00e7\u00e3o da Secretaria de Sa\u00fade do Estado de S\u00e3o Paulo ainda n\u00e3o havia sido emitida, o que aconteceu somente na manh\u00e3 desta sexta feira.<\/p>\n<p>At\u00e9 por volta de meio dia desta sexta feira, 1\u00ba de maio, ainda n\u00e3o havia sido transferido nenhum paciente para a ala especial de tratamento de pacientes portadores de Covid-19, por\u00e9m, isso pode acontecer a qualquer momento.<\/p>\n<p>Segundo Emerson Bussola, esse n\u00e3o \u00e9 o momento de se olhar qualquer tipo de bandeira pol\u00edtico-partid\u00e1ria e nem de pensarmos apenas em n\u00f3s, mas, sim, momento de pensar que somos seres humanos, somos todos irm\u00e3os e que estamos precisando uns dos outros.<\/p>\n<p>\u201cAt\u00e9 bem pouco tempo, os nossos pacientes eram transferidos para serem atendidos em outros lugares, agora chegou a nossa vez de recebermos nossos irm\u00e3os de fora do munic\u00edpio e prestar o melhor atendimento a todos que necessitarem\u201d, disse Emerson.<\/p>\n<p>Ainda segundo a dire\u00e7\u00e3o do hospital, todos os equipamentos de prote\u00e7\u00e3o necess\u00e1rios para o corpo cl\u00ednico que vai prestar os atendimentos foram providenciados, equipamentos de \u00faltima gera\u00e7\u00e3o, que garantem prote\u00e7\u00e3o total aos trabalhadores, desde macac\u00f5es, capotes, viseiras, \u00f3culos de prote\u00e7\u00e3o, luvas e aventais descart\u00e1veis, foram providenciados e j\u00e1 se encontram \u00e0 disposi\u00e7\u00e3o da equipe m\u00e9dica e de enfermagem da Santa Casa.<\/p>\n<p>Al\u00e9m dos EPIS, o hospital tamb\u00e9m preparou uma sala especial de desinfec\u00e7\u00e3o e antissepsia para que os profissionais em servi\u00e7o possam se paramentar e desparamentar com seguran\u00e7a total, de onde sair\u00e3o de banho tomado e de roupa limpa, enquanto os equipamentos de prote\u00e7\u00e3o tamb\u00e9m ser\u00e3o higienizados para a sequ\u00eancia do trabalho.<\/p>\n<p>Tudo foi feito de acordo com os protocolos da Organiza\u00e7\u00e3o Mundial de Sa\u00fade.<\/p>\n<p><img loading=\"lazy\" decoding=\"async\" class=\"alignnone size-medium wp-image-22657\" src=\"https:\/\/static.radiolifefm.com.br\/wp-content\/uploads\/sites\/2\/2020\/05\/Santa-Casa-OC-300x216.jpg\" alt=\"\" width=\"300\" height=\"216\" srcset=\"https:\/\/radiolifefm.com.br\/noticias\/wp-content\/uploads\/2020\/05\/Santa-Casa-OC-300x216.jpg 300w, https:\/\/radiolifefm.com.br\/noticias\/wp-content\/uploads\/2020\/05\/Santa-Casa-OC-1024x736.jpg 1024w, https:\/\/radiolifefm.com.br\/noticias\/wp-content\/uploads\/2020\/05\/Santa-Casa-OC-768x552.jpg 768w, https:\/\/radiolifefm.com.br\/noticias\/wp-content\/uploads\/2020\/05\/Santa-Casa-OC.jpg 1040w\" sizes=\"auto, (max-width: 300px) 100vw, 300px\" \/><\/p>\n<p>&nbsp;<\/p>\n<p>Da Reda\u00e7\u00e3o &#8211; Informa\u00e7\u00f5es &#8211; Santa Casa de Osvaldo Cruz<\/p>\n","protected":false},"excerpt":{"rendered":"<p>\u00c1rea com leitos especiais de UTI com respiradores, j\u00e1 est\u00e3o prontos e a equipe m\u00e9dica est\u00e1 preparada para os atendimentos Por conta do estado de pandemia que toma conta do Brasil e do mundo, com o n\u00famero de casos de pacientes infectados pelo coronav\u00edrus crescendo e com muitos \u00f3bitos, se faz cada vez mais urgente [&hellip;]<\/p>\n","protected":false},"author":3,"featured_media":22658,"comment_status":"open","ping_status":"open","sticky":false,"template":"","format":"standard","meta":{"_acf_changed":false,"_exactmetrics_skip_tracking":false,"_exactmetrics_sitenote_active":false,"_exactmetrics_sitenote_note":"","_exactmetrics_sitenote_category":0,"footnotes":""},"categories":[24],"tags":[],"class_list":["post-22656","post","type-post","status-publish","format-standard","has-post-thumbnail","hentry","category-regiao"],"acf":[],"yoast_head":"<!-- This site is optimized with the Yoast SEO plugin v27.2 - https:\/\/yoast.com\/product\/yoast-seo-wordpress\/ -->\n<title>Santa Casa de Osvaldo Cruz recebe aprova\u00e7\u00e3o para atender pacientes com Covid-19 - R\u00e1dio Life FM<\/title>\n<meta name=\"robots\" content=\"index, follow, max-snippet:-1, max-image-preview:large, max-video-preview:-1\" \/>\n<link rel=\"canonical\" href=\"https:\/\/radiolifefm.com.br\/noticias\/santa-casa-de-osvaldo-cruz-recebe-aprovacao-para-atender-pacientes-com-covid-19\/\" \/>\n<meta property=\"og:locale\" content=\"pt_BR\" \/>\n<meta property=\"og:type\" content=\"article\" \/>\n<meta property=\"og:title\" content=\"Santa Casa de Osvaldo Cruz recebe aprova\u00e7\u00e3o para atender pacientes com Covid-19 - R\u00e1dio Life FM\" \/>\n<meta property=\"og:description\" content=\"\u00c1rea com leitos especiais de UTI com respiradores, j\u00e1 est\u00e3o prontos e a equipe m\u00e9dica est\u00e1 preparada para os atendimentos Por conta do estado de pandemia que toma conta do Brasil e do mundo, com o n\u00famero de casos de pacientes infectados pelo coronav\u00edrus crescendo e com muitos \u00f3bitos, se faz cada vez mais urgente [&hellip;]\" \/>\n<meta property=\"og:url\" content=\"https:\/\/radiolifefm.com.br\/noticias\/santa-casa-de-osvaldo-cruz-recebe-aprovacao-para-atender-pacientes-com-covid-19\/\" \/>\n<meta property=\"og:site_name\" content=\"R\u00e1dio Life FM\" \/>\n<meta property=\"article:publisher\" content=\"https:\/\/www.facebook.com\/radiolifefm\/\" \/>\n<meta property=\"article:published_time\" content=\"2020-05-01T18:39:56+00:00\" \/>\n<meta property=\"article:modified_time\" content=\"2026-05-01T00:38:39+00:00\" \/>\n<meta property=\"og:image\" content=\"https:\/\/radiolifefm.com.br\/noticias\/wp-content\/uploads\/2020\/05\/Santa-Casa-OC-1.jpg\" \/>\n\t<meta property=\"og:image:width\" content=\"1040\" \/>\n\t<meta property=\"og:image:height\" content=\"742\" \/>\n\t<meta property=\"og:image:type\" content=\"image\/jpeg\" \/>\n<meta name=\"author\" content=\"lifefm\" \/>\n<meta name=\"twitter:card\" content=\"summary_large_image\" \/>\n<meta name=\"twitter:label1\" content=\"Escrito por\" \/>\n\t<meta name=\"twitter:data1\" content=\"lifefm\" \/>\n\t<meta name=\"twitter:label2\" content=\"Est. tempo de leitura\" \/>\n\t<meta name=\"twitter:data2\" content=\"3 minutos\" \/>\n<script type=\"application\/ld+json\" class=\"yoast-schema-graph\">{\"@context\":\"https:\/\/schema.org\",\"@graph\":[{\"@type\":\"Article\",\"@id\":\"https:\/\/radiolifefm.com.br\/noticias\/santa-casa-de-osvaldo-cruz-recebe-aprovacao-para-atender-pacientes-com-covid-19\/#article\",\"isPartOf\":{\"@id\":\"https:\/\/radiolifefm.com.br\/noticias\/santa-casa-de-osvaldo-cruz-recebe-aprovacao-para-atender-pacientes-com-covid-19\/\"},\"author\":{\"name\":\"lifefm\",\"@id\":\"https:\/\/radiolifefm.com.br\/noticias\/#\/schema\/person\/1d4e4b1301322090c6221bf1c8420490\"},\"headline\":\"Santa Casa de Osvaldo Cruz recebe aprova\u00e7\u00e3o para atender pacientes com Covid-19\",\"datePublished\":\"2020-05-01T18:39:56+00:00\",\"dateModified\":\"2026-05-01T00:38:39+00:00\",\"mainEntityOfPage\":{\"@id\":\"https:\/\/radiolifefm.com.br\/noticias\/santa-casa-de-osvaldo-cruz-recebe-aprovacao-para-atender-pacientes-com-covid-19\/\"},\"wordCount\":665,\"commentCount\":0,\"publisher\":{\"@id\":\"https:\/\/radiolifefm.com.br\/noticias\/#organization\"},\"image\":{\"@id\":\"https:\/\/radiolifefm.com.br\/noticias\/santa-casa-de-osvaldo-cruz-recebe-aprovacao-para-atender-pacientes-com-covid-19\/#primaryimage\"},\"thumbnailUrl\":\"https:\/\/radiolifefm.com.br\/noticias\/wp-content\/uploads\/2020\/05\/Santa-Casa-OC-1.jpg\",\"articleSection\":[\"Regi\u00e3o\"],\"inLanguage\":\"pt-BR\",\"potentialAction\":[{\"@type\":\"CommentAction\",\"name\":\"Comment\",\"target\":[\"https:\/\/radiolifefm.com.br\/noticias\/santa-casa-de-osvaldo-cruz-recebe-aprovacao-para-atender-pacientes-com-covid-19\/#respond\"]}]},{\"@type\":\"WebPage\",\"@id\":\"https:\/\/radiolifefm.com.br\/noticias\/santa-casa-de-osvaldo-cruz-recebe-aprovacao-para-atender-pacientes-com-covid-19\/\",\"url\":\"https:\/\/radiolifefm.com.br\/noticias\/santa-casa-de-osvaldo-cruz-recebe-aprovacao-para-atender-pacientes-com-covid-19\/\",\"name\":\"Santa Casa de Osvaldo Cruz recebe aprova\u00e7\u00e3o para atender pacientes com Covid-19 - R\u00e1dio Life FM\",\"isPartOf\":{\"@id\":\"https:\/\/radiolifefm.com.br\/noticias\/#website\"},\"primaryImageOfPage\":{\"@id\":\"https:\/\/radiolifefm.com.br\/noticias\/santa-casa-de-osvaldo-cruz-recebe-aprovacao-para-atender-pacientes-com-covid-19\/#primaryimage\"},\"image\":{\"@id\":\"https:\/\/radiolifefm.com.br\/noticias\/santa-casa-de-osvaldo-cruz-recebe-aprovacao-para-atender-pacientes-com-covid-19\/#primaryimage\"},\"thumbnailUrl\":\"https:\/\/radiolifefm.com.br\/noticias\/wp-content\/uploads\/2020\/05\/Santa-Casa-OC-1.jpg\",\"datePublished\":\"2020-05-01T18:39:56+00:00\",\"dateModified\":\"2026-05-01T00:38:39+00:00\",\"breadcrumb\":{\"@id\":\"https:\/\/radiolifefm.com.br\/noticias\/santa-casa-de-osvaldo-cruz-recebe-aprovacao-para-atender-pacientes-com-covid-19\/#breadcrumb\"},\"inLanguage\":\"pt-BR\",\"potentialAction\":[{\"@type\":\"ReadAction\",\"target\":[\"https:\/\/radiolifefm.com.br\/noticias\/santa-casa-de-osvaldo-cruz-recebe-aprovacao-para-atender-pacientes-com-covid-19\/\"]}]},{\"@type\":\"ImageObject\",\"inLanguage\":\"pt-BR\",\"@id\":\"https:\/\/radiolifefm.com.br\/noticias\/santa-casa-de-osvaldo-cruz-recebe-aprovacao-para-atender-pacientes-com-covid-19\/#primaryimage\",\"url\":\"https:\/\/radiolifefm.com.br\/noticias\/wp-content\/uploads\/2020\/05\/Santa-Casa-OC-1.jpg\",\"contentUrl\":\"https:\/\/radiolifefm.com.br\/noticias\/wp-content\/uploads\/2020\/05\/Santa-Casa-OC-1.jpg\",\"width\":1040,\"height\":742,\"caption\":\"Leitos de UTI preparados com respiradores para atender pacientes portadores de Covid-19, na Santa Casa de Osvaldo Cruz - Fotos - Santa Casa.\"},{\"@type\":\"BreadcrumbList\",\"@id\":\"https:\/\/radiolifefm.com.br\/noticias\/santa-casa-de-osvaldo-cruz-recebe-aprovacao-para-atender-pacientes-com-covid-19\/#breadcrumb\",\"itemListElement\":[{\"@type\":\"ListItem\",\"position\":1,\"name\":\"In\u00edcio\",\"item\":\"https:\/\/radiolifefm.com.br\/noticias\/\"},{\"@type\":\"ListItem\",\"position\":2,\"name\":\"Santa Casa de Osvaldo Cruz recebe aprova\u00e7\u00e3o para atender pacientes com Covid-19\"}]},{\"@type\":\"WebSite\",\"@id\":\"https:\/\/radiolifefm.com.br\/noticias\/#website\",\"url\":\"https:\/\/radiolifefm.com.br\/noticias\/\",\"name\":\"R\u00e1dio Life FM\",\"description\":\"O Portal de Not\u00edcias de Adamantina\",\"publisher\":{\"@id\":\"https:\/\/radiolifefm.com.br\/noticias\/#organization\"},\"alternateName\":\"Life FM\",\"potentialAction\":[{\"@type\":\"SearchAction\",\"target\":{\"@type\":\"EntryPoint\",\"urlTemplate\":\"https:\/\/radiolifefm.com.br\/noticias\/?s={search_term_string}\"},\"query-input\":{\"@type\":\"PropertyValueSpecification\",\"valueRequired\":true,\"valueName\":\"search_term_string\"}}],\"inLanguage\":\"pt-BR\"},{\"@type\":\"Organization\",\"@id\":\"https:\/\/radiolifefm.com.br\/noticias\/#organization\",\"name\":\"R\u00e1dio Life FM\",\"alternateName\":\"Life FM\",\"url\":\"https:\/\/radiolifefm.com.br\/noticias\/\",\"logo\":{\"@type\":\"ImageObject\",\"inLanguage\":\"pt-BR\",\"@id\":\"https:\/\/radiolifefm.com.br\/noticias\/#\/schema\/logo\/image\/\",\"url\":\"https:\/\/static.radiolifefm.com.br\/noticias\/wp-content\/uploads\/2019\/10\/logo-lifefm.png\",\"contentUrl\":\"https:\/\/static.radiolifefm.com.br\/noticias\/wp-content\/uploads\/2019\/10\/logo-lifefm.png\",\"width\":196,\"height\":47,\"caption\":\"R\u00e1dio Life FM\"},\"image\":{\"@id\":\"https:\/\/radiolifefm.com.br\/noticias\/#\/schema\/logo\/image\/\"},\"sameAs\":[\"https:\/\/www.facebook.com\/radiolifefm\/\",\"https:\/\/www.instagram.com\/life1079fm\/\"]},{\"@type\":\"Person\",\"@id\":\"https:\/\/radiolifefm.com.br\/noticias\/#\/schema\/person\/1d4e4b1301322090c6221bf1c8420490\",\"name\":\"lifefm\",\"image\":{\"@type\":\"ImageObject\",\"inLanguage\":\"pt-BR\",\"@id\":\"https:\/\/secure.gravatar.com\/avatar\/eca268467d925ec97d20641bb054fd944c0abb2f92854171620706bbe6474e7c?s=96&d=mm&r=g\",\"url\":\"https:\/\/secure.gravatar.com\/avatar\/eca268467d925ec97d20641bb054fd944c0abb2f92854171620706bbe6474e7c?s=96&d=mm&r=g\",\"contentUrl\":\"https:\/\/secure.gravatar.com\/avatar\/eca268467d925ec97d20641bb054fd944c0abb2f92854171620706bbe6474e7c?s=96&d=mm&r=g\",\"caption\":\"lifefm\"}}]}<\/script>\n<!-- \/ Yoast SEO plugin. -->","yoast_head_json":{"title":"Santa Casa de Osvaldo Cruz recebe aprova\u00e7\u00e3o para atender pacientes com Covid-19 - R\u00e1dio Life FM","robots":{"index":"index","follow":"follow","max-snippet":"max-snippet:-1","max-image-preview":"max-image-preview:large","max-video-preview":"max-video-preview:-1"},"canonical":"https:\/\/radiolifefm.com.br\/noticias\/santa-casa-de-osvaldo-cruz-recebe-aprovacao-para-atender-pacientes-com-covid-19\/","og_locale":"pt_BR","og_type":"article","og_title":"Santa Casa de Osvaldo Cruz recebe aprova\u00e7\u00e3o para atender pacientes com Covid-19 - R\u00e1dio Life FM","og_description":"\u00c1rea com leitos especiais de UTI com respiradores, j\u00e1 est\u00e3o prontos e a equipe m\u00e9dica est\u00e1 preparada para os atendimentos Por conta do estado de pandemia que toma conta do Brasil e do mundo, com o n\u00famero de casos de pacientes infectados pelo coronav\u00edrus crescendo e com muitos \u00f3bitos, se faz cada vez mais urgente [&hellip;]","og_url":"https:\/\/radiolifefm.com.br\/noticias\/santa-casa-de-osvaldo-cruz-recebe-aprovacao-para-atender-pacientes-com-covid-19\/","og_site_name":"R\u00e1dio Life FM","article_publisher":"https:\/\/www.facebook.com\/radiolifefm\/","article_published_time":"2020-05-01T18:39:56+00:00","article_modified_time":"2026-05-01T00:38:39+00:00","og_image":[{"width":1040,"height":742,"url":"https:\/\/radiolifefm.com.br\/noticias\/wp-content\/uploads\/2020\/05\/Santa-Casa-OC-1.jpg","type":"image\/jpeg"}],"author":"lifefm","twitter_card":"summary_large_image","twitter_misc":{"Escrito por":"lifefm","Est. tempo de leitura":"3 minutos"},"schema":{"@context":"https:\/\/schema.org","@graph":[{"@type":"Article","@id":"https:\/\/radiolifefm.com.br\/noticias\/santa-casa-de-osvaldo-cruz-recebe-aprovacao-para-atender-pacientes-com-covid-19\/#article","isPartOf":{"@id":"https:\/\/radiolifefm.com.br\/noticias\/santa-casa-de-osvaldo-cruz-recebe-aprovacao-para-atender-pacientes-com-covid-19\/"},"author":{"name":"lifefm","@id":"https:\/\/radiolifefm.com.br\/noticias\/#\/schema\/person\/1d4e4b1301322090c6221bf1c8420490"},"headline":"Santa Casa de Osvaldo Cruz recebe aprova\u00e7\u00e3o para atender pacientes com Covid-19","datePublished":"2020-05-01T18:39:56+00:00","dateModified":"2026-05-01T00:38:39+00:00","mainEntityOfPage":{"@id":"https:\/\/radiolifefm.com.br\/noticias\/santa-casa-de-osvaldo-cruz-recebe-aprovacao-para-atender-pacientes-com-covid-19\/"},"wordCount":665,"commentCount":0,"publisher":{"@id":"https:\/\/radiolifefm.com.br\/noticias\/#organization"},"image":{"@id":"https:\/\/radiolifefm.com.br\/noticias\/santa-casa-de-osvaldo-cruz-recebe-aprovacao-para-atender-pacientes-com-covid-19\/#primaryimage"},"thumbnailUrl":"https:\/\/radiolifefm.com.br\/noticias\/wp-content\/uploads\/2020\/05\/Santa-Casa-OC-1.jpg","articleSection":["Regi\u00e3o"],"inLanguage":"pt-BR","potentialAction":[{"@type":"CommentAction","name":"Comment","target":["https:\/\/radiolifefm.com.br\/noticias\/santa-casa-de-osvaldo-cruz-recebe-aprovacao-para-atender-pacientes-com-covid-19\/#respond"]}]},{"@type":"WebPage","@id":"https:\/\/radiolifefm.com.br\/noticias\/santa-casa-de-osvaldo-cruz-recebe-aprovacao-para-atender-pacientes-com-covid-19\/","url":"https:\/\/radiolifefm.com.br\/noticias\/santa-casa-de-osvaldo-cruz-recebe-aprovacao-para-atender-pacientes-com-covid-19\/","name":"Santa Casa de Osvaldo Cruz recebe aprova\u00e7\u00e3o para atender pacientes com Covid-19 - R\u00e1dio Life FM","isPartOf":{"@id":"https:\/\/radiolifefm.com.br\/noticias\/#website"},"primaryImageOfPage":{"@id":"https:\/\/radiolifefm.com.br\/noticias\/santa-casa-de-osvaldo-cruz-recebe-aprovacao-para-atender-pacientes-com-covid-19\/#primaryimage"},"image":{"@id":"https:\/\/radiolifefm.com.br\/noticias\/santa-casa-de-osvaldo-cruz-recebe-aprovacao-para-atender-pacientes-com-covid-19\/#primaryimage"},"thumbnailUrl":"https:\/\/radiolifefm.com.br\/noticias\/wp-content\/uploads\/2020\/05\/Santa-Casa-OC-1.jpg","datePublished":"2020-05-01T18:39:56+00:00","dateModified":"2026-05-01T00:38:39+00:00","breadcrumb":{"@id":"https:\/\/radiolifefm.com.br\/noticias\/santa-casa-de-osvaldo-cruz-recebe-aprovacao-para-atender-pacientes-com-covid-19\/#breadcrumb"},"inLanguage":"pt-BR","potentialAction":[{"@type":"ReadAction","target":["https:\/\/radiolifefm.com.br\/noticias\/santa-casa-de-osvaldo-cruz-recebe-aprovacao-para-atender-pacientes-com-covid-19\/"]}]},{"@type":"ImageObject","inLanguage":"pt-BR","@id":"https:\/\/radiolifefm.com.br\/noticias\/santa-casa-de-osvaldo-cruz-recebe-aprovacao-para-atender-pacientes-com-covid-19\/#primaryimage","url":"https:\/\/radiolifefm.com.br\/noticias\/wp-content\/uploads\/2020\/05\/Santa-Casa-OC-1.jpg","contentUrl":"https:\/\/radiolifefm.com.br\/noticias\/wp-content\/uploads\/2020\/05\/Santa-Casa-OC-1.jpg","width":1040,"height":742,"caption":"Leitos de UTI preparados com respiradores para atender pacientes portadores de Covid-19, na Santa Casa de Osvaldo Cruz - Fotos - Santa Casa."},{"@type":"BreadcrumbList","@id":"https:\/\/radiolifefm.com.br\/noticias\/santa-casa-de-osvaldo-cruz-recebe-aprovacao-para-atender-pacientes-com-covid-19\/#breadcrumb","itemListElement":[{"@type":"ListItem","position":1,"name":"In\u00edcio","item":"https:\/\/radiolifefm.com.br\/noticias\/"},{"@type":"ListItem","position":2,"name":"Santa Casa de Osvaldo Cruz recebe aprova\u00e7\u00e3o para atender pacientes com Covid-19"}]},{"@type":"WebSite","@id":"https:\/\/radiolifefm.com.br\/noticias\/#website","url":"https:\/\/radiolifefm.com.br\/noticias\/","name":"R\u00e1dio Life FM","description":"O Portal de Not\u00edcias de Adamantina","publisher":{"@id":"https:\/\/radiolifefm.com.br\/noticias\/#organization"},"alternateName":"Life FM","potentialAction":[{"@type":"SearchAction","target":{"@type":"EntryPoint","urlTemplate":"https:\/\/radiolifefm.com.br\/noticias\/?s={search_term_string}"},"query-input":{"@type":"PropertyValueSpecification","valueRequired":true,"valueName":"search_term_string"}}],"inLanguage":"pt-BR"},{"@type":"Organization","@id":"https:\/\/radiolifefm.com.br\/noticias\/#organization","name":"R\u00e1dio Life FM","alternateName":"Life FM","url":"https:\/\/radiolifefm.com.br\/noticias\/","logo":{"@type":"ImageObject","inLanguage":"pt-BR","@id":"https:\/\/radiolifefm.com.br\/noticias\/#\/schema\/logo\/image\/","url":"https:\/\/static.radiolifefm.com.br\/noticias\/wp-content\/uploads\/2019\/10\/logo-lifefm.png","contentUrl":"https:\/\/static.radiolifefm.com.br\/noticias\/wp-content\/uploads\/2019\/10\/logo-lifefm.png","width":196,"height":47,"caption":"R\u00e1dio Life FM"},"image":{"@id":"https:\/\/radiolifefm.com.br\/noticias\/#\/schema\/logo\/image\/"},"sameAs":["https:\/\/www.facebook.com\/radiolifefm\/","https:\/\/www.instagram.com\/life1079fm\/"]},{"@type":"Person","@id":"https:\/\/radiolifefm.com.br\/noticias\/#\/schema\/person\/1d4e4b1301322090c6221bf1c8420490","name":"lifefm","image":{"@type":"ImageObject","inLanguage":"pt-BR","@id":"https:\/\/secure.gravatar.com\/avatar\/eca268467d925ec97d20641bb054fd944c0abb2f92854171620706bbe6474e7c?s=96&d=mm&r=g","url":"https:\/\/secure.gravatar.com\/avatar\/eca268467d925ec97d20641bb054fd944c0abb2f92854171620706bbe6474e7c?s=96&d=mm&r=g","contentUrl":"https:\/\/secure.gravatar.com\/avatar\/eca268467d925ec97d20641bb054fd944c0abb2f92854171620706bbe6474e7c?s=96&d=mm&r=g","caption":"lifefm"}}]}},"amp_enabled":true,"_links":{"self":[{"href":"https:\/\/radiolifefm.com.br\/noticias\/wp-json\/wp\/v2\/posts\/22656","targetHints":{"allow":["GET"]}}],"collection":[{"href":"https:\/\/radiolifefm.com.br\/noticias\/wp-json\/wp\/v2\/posts"}],"about":[{"href":"https:\/\/radiolifefm.com.br\/noticias\/wp-json\/wp\/v2\/types\/post"}],"author":[{"embeddable":true,"href":"https:\/\/radiolifefm.com.br\/noticias\/wp-json\/wp\/v2\/users\/3"}],"replies":[{"embeddable":true,"href":"https:\/\/radiolifefm.com.br\/noticias\/wp-json\/wp\/v2\/comments?post=22656"}],"version-history":[{"count":1,"href":"https:\/\/radiolifefm.com.br\/noticias\/wp-json\/wp\/v2\/posts\/22656\/revisions"}],"predecessor-version":[{"id":22659,"href":"https:\/\/radiolifefm.com.br\/noticias\/wp-json\/wp\/v2\/posts\/22656\/revisions\/22659"}],"wp:featuredmedia":[{"embeddable":true,"href":"https:\/\/radiolifefm.com.br\/noticias\/wp-json\/wp\/v2\/media\/22658"}],"wp:attachment":[{"href":"https:\/\/radiolifefm.com.br\/noticias\/wp-json\/wp\/v2\/media?parent=22656"}],"wp:term":[{"taxonomy":"category","embeddable":true,"href":"https:\/\/radiolifefm.com.br\/noticias\/wp-json\/wp\/v2\/categories?post=22656"},{"taxonomy":"post_tag","embeddable":true,"href":"https:\/\/radiolifefm.com.br\/noticias\/wp-json\/wp\/v2\/tags?post=22656"}],"curies":[{"name":"wp","href":"https:\/\/api.w.org\/{rel}","templated":true}]}}