{"id":22645,"date":"2020-04-30T17:49:04","date_gmt":"2020-04-30T20:49:04","guid":{"rendered":"https:\/\/radiolifefm.com.br\/noticias\/?p=22645"},"modified":"2026-02-06T00:16:39","modified_gmt":"2026-02-06T03:16:39","slug":"sao-paulo-tem-65-servidores-penitenciarios-com-coronavirus-conforme-levantamento-do-sifupesp","status":"publish","type":"post","link":"https:\/\/radiolifefm.com.br\/noticias\/sao-paulo-tem-65-servidores-penitenciarios-com-coronavirus-conforme-levantamento-do-sifupesp\/","title":{"rendered":"S\u00e3o Paulo tem 65 servidores penitenci\u00e1rios com coronav\u00edrus conforme levantamento do SIFUPESP"},"content":{"rendered":"<div id=\"fb-root\"><\/div>\n<p style=\"background: white\"><span style=\"font-family: 'Helvetica',sans-serif;color: #888888\">O sistema prisional do Estado de S\u00e3o Paulo tem 65 servidores penitenci\u00e1rios com o coronav\u00edrus at\u00e9 este 30 de abril, conforme o levantamento que vem sendo feito desde a primeira quinzena de mar\u00e7o pelo SIFUSPESP. Do total h\u00e1 58 casos suspeitos e ocorreram tr\u00eas mortes at\u00e9 o momento.\u00a0<\/span><\/p>\n<p style=\"background: white;margin: 1rem 0px;text-align: start\"><span><span style=\"font-family: 'Helvetica',sans-serif;color: #888888\">A morte mais recente foi de Deisi Bertoli, de 55 anos, oficial administrativo da Penitenci\u00e1ria de Flor\u00ednea, que faleceu na \u00faltima segunda-feira (27), no Hospital Regional de Assis. Ela estava internada com dengue e tamb\u00e9m com os sintomas do coronav\u00edrus, e o resultado do\u00a0 teste feito pelo Instituto Adolfo Lutz confirmou a COVID-19 nesta quinta-feira (30).\u00a0<\/span><\/span><\/p>\n<p style=\"background: white;margin: 1rem 0px;text-align: start\"><span><span style=\"font-family: 'Helvetica',sans-serif;color: #888888\">No \u00faltimo domingo, o policial penal Mois\u00e9s Marcos Braga, do Centro de Progress\u00e3o Provis\u00f3ria (CPP) de Franco da Rocha, faleceu v\u00edtima do novo coronav\u00edrus aos 48 anos, depois de ficar internado na Unidade de Terapia Intensiva (UTI) do Hospital Estadual Dr. Carlos da Silva Lacaz, de Francisco Morato. A primeira morte foi do policial penal Aparecido Cabrioti, da Penitenci\u00e1ria de Dracena, que morreu em 4 de abril, aos 64 anos. Ele estava de f\u00e9rias, passou mal depois de retornar de viagem, foi internado em isolamento na Santa Casa da cidade, mas n\u00e3o resistiu.\u00a0<\/span><\/span><\/p>\n<p style=\"background: white;margin: 1rem 0px;text-align: start\"><span><span style=\"font-family: 'Helvetica',sans-serif;color: #888888\">Os primeiros cont\u00e1gios confirmados pelo SIFUSPESP foram nos Centro de Deten\u00e7\u00e3o Provis\u00f3ria (CDPs) da Praia Grande e Americana, e tamb\u00e9m no Centro Hospitalar do Sistema Penitenci\u00e1rio, na capital paulista, e, desde ent\u00e3o, os casos t\u00eam crescido diariamente, principalmente nas duas \u00faltimas semanas.\u00a0<\/span><\/span><\/p>\n<p style=\"background: white;margin: 1rem 0px;text-align: start\"><span><span style=\"font-family: 'Helvetica',sans-serif;color: #888888\">No levantamento anterior, divulgado pelo sindicato no \u00faltimo domingo (26), havia 35 casos confirmados e, em menos de uma semana, foram para 65 confirma\u00e7\u00f5es, um salto de quase 86%. Da mesma forma, os casos suspeitos eram 37 em 26 de abril, e nesta quinta (30) subiram para 58, um aumento de quase 57%.<\/span><\/span><\/p>\n<p style=\"background: white;margin: 1rem 0px;text-align: start\"><span style=\"font-family: 'Helvetica',sans-serif;color: #888888\">\u201cO aumento dos casos \u00e9 di\u00e1rio e isso n\u00e3o s\u00f3 mostra que n\u00e3o \u00e9 uma gripezinha, \u00e9 uma doen\u00e7a ser\u00edssima, e demonstra novamente o descaso da SAP porque h\u00e1 unidades prisionais que continuam sem equipamentos de prote\u00e7\u00e3o individual, sem insumos para assepsia, o que \u00e9 grav\u00edssimo. E onde h\u00e1 EPIs e \u00e1lcool gel, o recado \u00e9 claro \u00e0 categoria &#8211; m\u00e1ximo cuidado e prote\u00e7\u00e3o, e jamais se expor a qualquer atividade de risco\u201d, pontua o presidente o SIFUSPESP, F\u00e1bio C\u00e9sar Ferreira, o F\u00e1bio Jab\u00e1.\u00a0<\/span><\/p>\n<p style=\"background: white;margin: 1rem 0px;text-align: start\"><span><span style=\"font-family: 'Helvetica',sans-serif;color: #888888\">Entre a popula\u00e7\u00e3o carcer\u00e1ria de S\u00e3o Paulo, o\u00a0<\/span><a href=\"https:\/\/app.powerbi.com\/view?r=eyJrIjoiYThhMjk5YjgtZWQwYS00ODlkLTg4NDgtZTFhMTgzYmQ2MGVlIiwidCI6ImViMDkwNDIwLTQ0NGMtNDNmNy05MWYyLTRiOGRhNmJmZThlMSJ9\"><span style=\"color: black\">mapeamento<\/span><\/a>\u00a0do Departamento Penitenci\u00e1rio Nacional confirma 11 casos, seis \u00f3bitos e outros 56 suspeitos.\u00a0<\/span><\/p>\n<p style=\"background: white;margin: 1rem 0px;text-align: start\"><em><span style=\"font-family: 'Helvetica',sans-serif;color: #888888\">Por Flaviana Serafim<\/span><\/em><\/p>\n<p style=\"background: white\"><span style=\"font-family: 'Helvetica',sans-serif;color: #888888\">Envie mensagem para (11) 99339-4320 e (11) 99309-4589 ou pelo e-mail\u00a0<\/span><a href=\"mailto:imprensa@sifuspesp.org.br\"><span id=\"cloakae9be5c75e854ef5023594dbf2324255\"><span style=\"color: black\"><span>imprensa@sifuspesp.org.br<\/span><\/span><\/span><\/a><\/p>\n","protected":false},"excerpt":{"rendered":"<p>O sistema prisional do Estado de S\u00e3o Paulo tem 65 servidores penitenci\u00e1rios com o coronav\u00edrus at\u00e9 este 30 de abril, conforme o levantamento que vem sendo feito desde a primeira quinzena de mar\u00e7o pelo SIFUSPESP. Do total h\u00e1 58 casos suspeitos e ocorreram tr\u00eas mortes at\u00e9 o momento.\u00a0 A morte mais recente foi de Deisi [&hellip;]<\/p>\n","protected":false},"author":8,"featured_media":22648,"comment_status":"closed","ping_status":"open","sticky":false,"template":"","format":"standard","meta":{"_acf_changed":false,"_exactmetrics_skip_tracking":false,"_exactmetrics_sitenote_active":false,"_exactmetrics_sitenote_note":"","_exactmetrics_sitenote_category":0,"footnotes":""},"categories":[24],"tags":[],"class_list":["post-22645","post","type-post","status-publish","format-standard","has-post-thumbnail","hentry","category-regiao"],"acf":[],"yoast_head":"<!-- This site is optimized with the Yoast SEO plugin v27.2 - https:\/\/yoast.com\/product\/yoast-seo-wordpress\/ -->\n<title>S\u00e3o Paulo tem 65 servidores penitenci\u00e1rios com coronav\u00edrus conforme levantamento do SIFUPESP - R\u00e1dio Life FM<\/title>\n<meta name=\"robots\" content=\"index, follow, max-snippet:-1, max-image-preview:large, max-video-preview:-1\" \/>\n<link rel=\"canonical\" href=\"https:\/\/radiolifefm.com.br\/noticias\/sao-paulo-tem-65-servidores-penitenciarios-com-coronavirus-conforme-levantamento-do-sifupesp\/\" \/>\n<meta property=\"og:locale\" content=\"pt_BR\" \/>\n<meta property=\"og:type\" content=\"article\" \/>\n<meta property=\"og:title\" content=\"S\u00e3o Paulo tem 65 servidores penitenci\u00e1rios com coronav\u00edrus conforme levantamento do SIFUPESP - R\u00e1dio Life FM\" \/>\n<meta property=\"og:description\" content=\"O sistema prisional do Estado de S\u00e3o Paulo tem 65 servidores penitenci\u00e1rios com o coronav\u00edrus at\u00e9 este 30 de abril, conforme o levantamento que vem sendo feito desde a primeira quinzena de mar\u00e7o pelo SIFUSPESP. Do total h\u00e1 58 casos suspeitos e ocorreram tr\u00eas mortes at\u00e9 o momento.\u00a0 A morte mais recente foi de Deisi [&hellip;]\" \/>\n<meta property=\"og:url\" content=\"https:\/\/radiolifefm.com.br\/noticias\/sao-paulo-tem-65-servidores-penitenciarios-com-coronavirus-conforme-levantamento-do-sifupesp\/\" \/>\n<meta property=\"og:site_name\" content=\"R\u00e1dio Life FM\" \/>\n<meta property=\"article:publisher\" content=\"https:\/\/www.facebook.com\/radiolifefm\/\" \/>\n<meta property=\"article:published_time\" content=\"2020-04-30T20:49:04+00:00\" \/>\n<meta property=\"article:modified_time\" content=\"2026-02-06T03:16:39+00:00\" \/>\n<meta property=\"og:image\" content=\"https:\/\/radiolifefm.com.br\/noticias\/wp-content\/uploads\/2020\/04\/Corona-01.jpg\" \/>\n\t<meta property=\"og:image:width\" content=\"1280\" \/>\n\t<meta property=\"og:image:height\" content=\"720\" \/>\n\t<meta property=\"og:image:type\" content=\"image\/jpeg\" \/>\n<meta name=\"author\" content=\"joaograndao\" \/>\n<meta name=\"twitter:card\" content=\"summary_large_image\" \/>\n<meta name=\"twitter:label1\" content=\"Escrito por\" \/>\n\t<meta name=\"twitter:data1\" content=\"joaograndao\" \/>\n\t<meta name=\"twitter:label2\" content=\"Est. tempo de leitura\" \/>\n\t<meta name=\"twitter:data2\" content=\"2 minutos\" \/>\n<script type=\"application\/ld+json\" class=\"yoast-schema-graph\">{\"@context\":\"https:\/\/schema.org\",\"@graph\":[{\"@type\":\"Article\",\"@id\":\"https:\/\/radiolifefm.com.br\/noticias\/sao-paulo-tem-65-servidores-penitenciarios-com-coronavirus-conforme-levantamento-do-sifupesp\/#article\",\"isPartOf\":{\"@id\":\"https:\/\/radiolifefm.com.br\/noticias\/sao-paulo-tem-65-servidores-penitenciarios-com-coronavirus-conforme-levantamento-do-sifupesp\/\"},\"author\":{\"name\":\"joaograndao\",\"@id\":\"https:\/\/radiolifefm.com.br\/noticias\/#\/schema\/person\/6876e1240feffe6e1b63fd5cb85abf28\"},\"headline\":\"S\u00e3o Paulo tem 65 servidores penitenci\u00e1rios com coronav\u00edrus conforme levantamento do SIFUPESP\",\"datePublished\":\"2020-04-30T20:49:04+00:00\",\"dateModified\":\"2026-02-06T03:16:39+00:00\",\"mainEntityOfPage\":{\"@id\":\"https:\/\/radiolifefm.com.br\/noticias\/sao-paulo-tem-65-servidores-penitenciarios-com-coronavirus-conforme-levantamento-do-sifupesp\/\"},\"wordCount\":443,\"publisher\":{\"@id\":\"https:\/\/radiolifefm.com.br\/noticias\/#organization\"},\"image\":{\"@id\":\"https:\/\/radiolifefm.com.br\/noticias\/sao-paulo-tem-65-servidores-penitenciarios-com-coronavirus-conforme-levantamento-do-sifupesp\/#primaryimage\"},\"thumbnailUrl\":\"https:\/\/radiolifefm.com.br\/noticias\/wp-content\/uploads\/2020\/04\/Corona-01.jpg\",\"articleSection\":[\"Regi\u00e3o\"],\"inLanguage\":\"pt-BR\"},{\"@type\":\"WebPage\",\"@id\":\"https:\/\/radiolifefm.com.br\/noticias\/sao-paulo-tem-65-servidores-penitenciarios-com-coronavirus-conforme-levantamento-do-sifupesp\/\",\"url\":\"https:\/\/radiolifefm.com.br\/noticias\/sao-paulo-tem-65-servidores-penitenciarios-com-coronavirus-conforme-levantamento-do-sifupesp\/\",\"name\":\"S\u00e3o Paulo tem 65 servidores penitenci\u00e1rios com coronav\u00edrus conforme levantamento do SIFUPESP - R\u00e1dio Life FM\",\"isPartOf\":{\"@id\":\"https:\/\/radiolifefm.com.br\/noticias\/#website\"},\"primaryImageOfPage\":{\"@id\":\"https:\/\/radiolifefm.com.br\/noticias\/sao-paulo-tem-65-servidores-penitenciarios-com-coronavirus-conforme-levantamento-do-sifupesp\/#primaryimage\"},\"image\":{\"@id\":\"https:\/\/radiolifefm.com.br\/noticias\/sao-paulo-tem-65-servidores-penitenciarios-com-coronavirus-conforme-levantamento-do-sifupesp\/#primaryimage\"},\"thumbnailUrl\":\"https:\/\/radiolifefm.com.br\/noticias\/wp-content\/uploads\/2020\/04\/Corona-01.jpg\",\"datePublished\":\"2020-04-30T20:49:04+00:00\",\"dateModified\":\"2026-02-06T03:16:39+00:00\",\"breadcrumb\":{\"@id\":\"https:\/\/radiolifefm.com.br\/noticias\/sao-paulo-tem-65-servidores-penitenciarios-com-coronavirus-conforme-levantamento-do-sifupesp\/#breadcrumb\"},\"inLanguage\":\"pt-BR\",\"potentialAction\":[{\"@type\":\"ReadAction\",\"target\":[\"https:\/\/radiolifefm.com.br\/noticias\/sao-paulo-tem-65-servidores-penitenciarios-com-coronavirus-conforme-levantamento-do-sifupesp\/\"]}]},{\"@type\":\"ImageObject\",\"inLanguage\":\"pt-BR\",\"@id\":\"https:\/\/radiolifefm.com.br\/noticias\/sao-paulo-tem-65-servidores-penitenciarios-com-coronavirus-conforme-levantamento-do-sifupesp\/#primaryimage\",\"url\":\"https:\/\/radiolifefm.com.br\/noticias\/wp-content\/uploads\/2020\/04\/Corona-01.jpg\",\"contentUrl\":\"https:\/\/radiolifefm.com.br\/noticias\/wp-content\/uploads\/2020\/04\/Corona-01.jpg\",\"width\":1280,\"height\":720},{\"@type\":\"BreadcrumbList\",\"@id\":\"https:\/\/radiolifefm.com.br\/noticias\/sao-paulo-tem-65-servidores-penitenciarios-com-coronavirus-conforme-levantamento-do-sifupesp\/#breadcrumb\",\"itemListElement\":[{\"@type\":\"ListItem\",\"position\":1,\"name\":\"In\u00edcio\",\"item\":\"https:\/\/radiolifefm.com.br\/noticias\/\"},{\"@type\":\"ListItem\",\"position\":2,\"name\":\"S\u00e3o Paulo tem 65 servidores penitenci\u00e1rios com coronav\u00edrus conforme levantamento do SIFUPESP\"}]},{\"@type\":\"WebSite\",\"@id\":\"https:\/\/radiolifefm.com.br\/noticias\/#website\",\"url\":\"https:\/\/radiolifefm.com.br\/noticias\/\",\"name\":\"R\u00e1dio Life FM\",\"description\":\"O Portal de Not\u00edcias de Adamantina\",\"publisher\":{\"@id\":\"https:\/\/radiolifefm.com.br\/noticias\/#organization\"},\"alternateName\":\"Life FM\",\"potentialAction\":[{\"@type\":\"SearchAction\",\"target\":{\"@type\":\"EntryPoint\",\"urlTemplate\":\"https:\/\/radiolifefm.com.br\/noticias\/?s={search_term_string}\"},\"query-input\":{\"@type\":\"PropertyValueSpecification\",\"valueRequired\":true,\"valueName\":\"search_term_string\"}}],\"inLanguage\":\"pt-BR\"},{\"@type\":\"Organization\",\"@id\":\"https:\/\/radiolifefm.com.br\/noticias\/#organization\",\"name\":\"R\u00e1dio Life FM\",\"alternateName\":\"Life FM\",\"url\":\"https:\/\/radiolifefm.com.br\/noticias\/\",\"logo\":{\"@type\":\"ImageObject\",\"inLanguage\":\"pt-BR\",\"@id\":\"https:\/\/radiolifefm.com.br\/noticias\/#\/schema\/logo\/image\/\",\"url\":\"https:\/\/static.radiolifefm.com.br\/noticias\/wp-content\/uploads\/2019\/10\/logo-lifefm.png\",\"contentUrl\":\"https:\/\/static.radiolifefm.com.br\/noticias\/wp-content\/uploads\/2019\/10\/logo-lifefm.png\",\"width\":196,\"height\":47,\"caption\":\"R\u00e1dio Life FM\"},\"image\":{\"@id\":\"https:\/\/radiolifefm.com.br\/noticias\/#\/schema\/logo\/image\/\"},\"sameAs\":[\"https:\/\/www.facebook.com\/radiolifefm\/\",\"https:\/\/www.instagram.com\/life1079fm\/\"]},{\"@type\":\"Person\",\"@id\":\"https:\/\/radiolifefm.com.br\/noticias\/#\/schema\/person\/6876e1240feffe6e1b63fd5cb85abf28\",\"name\":\"joaograndao\",\"image\":{\"@type\":\"ImageObject\",\"inLanguage\":\"pt-BR\",\"@id\":\"https:\/\/secure.gravatar.com\/avatar\/d5b1a3cf357ed9c50404e256a1294083aa8ab5d2a994001567302786016cb32c?s=96&d=mm&r=g\",\"url\":\"https:\/\/secure.gravatar.com\/avatar\/d5b1a3cf357ed9c50404e256a1294083aa8ab5d2a994001567302786016cb32c?s=96&d=mm&r=g\",\"contentUrl\":\"https:\/\/secure.gravatar.com\/avatar\/d5b1a3cf357ed9c50404e256a1294083aa8ab5d2a994001567302786016cb32c?s=96&d=mm&r=g\",\"caption\":\"joaograndao\"}}]}<\/script>\n<!-- \/ Yoast SEO plugin. -->","yoast_head_json":{"title":"S\u00e3o Paulo tem 65 servidores penitenci\u00e1rios com coronav\u00edrus conforme levantamento do SIFUPESP - R\u00e1dio Life FM","robots":{"index":"index","follow":"follow","max-snippet":"max-snippet:-1","max-image-preview":"max-image-preview:large","max-video-preview":"max-video-preview:-1"},"canonical":"https:\/\/radiolifefm.com.br\/noticias\/sao-paulo-tem-65-servidores-penitenciarios-com-coronavirus-conforme-levantamento-do-sifupesp\/","og_locale":"pt_BR","og_type":"article","og_title":"S\u00e3o Paulo tem 65 servidores penitenci\u00e1rios com coronav\u00edrus conforme levantamento do SIFUPESP - R\u00e1dio Life FM","og_description":"O sistema prisional do Estado de S\u00e3o Paulo tem 65 servidores penitenci\u00e1rios com o coronav\u00edrus at\u00e9 este 30 de abril, conforme o levantamento que vem sendo feito desde a primeira quinzena de mar\u00e7o pelo SIFUSPESP. Do total h\u00e1 58 casos suspeitos e ocorreram tr\u00eas mortes at\u00e9 o momento.\u00a0 A morte mais recente foi de Deisi [&hellip;]","og_url":"https:\/\/radiolifefm.com.br\/noticias\/sao-paulo-tem-65-servidores-penitenciarios-com-coronavirus-conforme-levantamento-do-sifupesp\/","og_site_name":"R\u00e1dio Life FM","article_publisher":"https:\/\/www.facebook.com\/radiolifefm\/","article_published_time":"2020-04-30T20:49:04+00:00","article_modified_time":"2026-02-06T03:16:39+00:00","og_image":[{"width":1280,"height":720,"url":"https:\/\/radiolifefm.com.br\/noticias\/wp-content\/uploads\/2020\/04\/Corona-01.jpg","type":"image\/jpeg"}],"author":"joaograndao","twitter_card":"summary_large_image","twitter_misc":{"Escrito por":"joaograndao","Est. tempo de leitura":"2 minutos"},"schema":{"@context":"https:\/\/schema.org","@graph":[{"@type":"Article","@id":"https:\/\/radiolifefm.com.br\/noticias\/sao-paulo-tem-65-servidores-penitenciarios-com-coronavirus-conforme-levantamento-do-sifupesp\/#article","isPartOf":{"@id":"https:\/\/radiolifefm.com.br\/noticias\/sao-paulo-tem-65-servidores-penitenciarios-com-coronavirus-conforme-levantamento-do-sifupesp\/"},"author":{"name":"joaograndao","@id":"https:\/\/radiolifefm.com.br\/noticias\/#\/schema\/person\/6876e1240feffe6e1b63fd5cb85abf28"},"headline":"S\u00e3o Paulo tem 65 servidores penitenci\u00e1rios com coronav\u00edrus conforme levantamento do SIFUPESP","datePublished":"2020-04-30T20:49:04+00:00","dateModified":"2026-02-06T03:16:39+00:00","mainEntityOfPage":{"@id":"https:\/\/radiolifefm.com.br\/noticias\/sao-paulo-tem-65-servidores-penitenciarios-com-coronavirus-conforme-levantamento-do-sifupesp\/"},"wordCount":443,"publisher":{"@id":"https:\/\/radiolifefm.com.br\/noticias\/#organization"},"image":{"@id":"https:\/\/radiolifefm.com.br\/noticias\/sao-paulo-tem-65-servidores-penitenciarios-com-coronavirus-conforme-levantamento-do-sifupesp\/#primaryimage"},"thumbnailUrl":"https:\/\/radiolifefm.com.br\/noticias\/wp-content\/uploads\/2020\/04\/Corona-01.jpg","articleSection":["Regi\u00e3o"],"inLanguage":"pt-BR"},{"@type":"WebPage","@id":"https:\/\/radiolifefm.com.br\/noticias\/sao-paulo-tem-65-servidores-penitenciarios-com-coronavirus-conforme-levantamento-do-sifupesp\/","url":"https:\/\/radiolifefm.com.br\/noticias\/sao-paulo-tem-65-servidores-penitenciarios-com-coronavirus-conforme-levantamento-do-sifupesp\/","name":"S\u00e3o Paulo tem 65 servidores penitenci\u00e1rios com coronav\u00edrus conforme levantamento do SIFUPESP - R\u00e1dio Life FM","isPartOf":{"@id":"https:\/\/radiolifefm.com.br\/noticias\/#website"},"primaryImageOfPage":{"@id":"https:\/\/radiolifefm.com.br\/noticias\/sao-paulo-tem-65-servidores-penitenciarios-com-coronavirus-conforme-levantamento-do-sifupesp\/#primaryimage"},"image":{"@id":"https:\/\/radiolifefm.com.br\/noticias\/sao-paulo-tem-65-servidores-penitenciarios-com-coronavirus-conforme-levantamento-do-sifupesp\/#primaryimage"},"thumbnailUrl":"https:\/\/radiolifefm.com.br\/noticias\/wp-content\/uploads\/2020\/04\/Corona-01.jpg","datePublished":"2020-04-30T20:49:04+00:00","dateModified":"2026-02-06T03:16:39+00:00","breadcrumb":{"@id":"https:\/\/radiolifefm.com.br\/noticias\/sao-paulo-tem-65-servidores-penitenciarios-com-coronavirus-conforme-levantamento-do-sifupesp\/#breadcrumb"},"inLanguage":"pt-BR","potentialAction":[{"@type":"ReadAction","target":["https:\/\/radiolifefm.com.br\/noticias\/sao-paulo-tem-65-servidores-penitenciarios-com-coronavirus-conforme-levantamento-do-sifupesp\/"]}]},{"@type":"ImageObject","inLanguage":"pt-BR","@id":"https:\/\/radiolifefm.com.br\/noticias\/sao-paulo-tem-65-servidores-penitenciarios-com-coronavirus-conforme-levantamento-do-sifupesp\/#primaryimage","url":"https:\/\/radiolifefm.com.br\/noticias\/wp-content\/uploads\/2020\/04\/Corona-01.jpg","contentUrl":"https:\/\/radiolifefm.com.br\/noticias\/wp-content\/uploads\/2020\/04\/Corona-01.jpg","width":1280,"height":720},{"@type":"BreadcrumbList","@id":"https:\/\/radiolifefm.com.br\/noticias\/sao-paulo-tem-65-servidores-penitenciarios-com-coronavirus-conforme-levantamento-do-sifupesp\/#breadcrumb","itemListElement":[{"@type":"ListItem","position":1,"name":"In\u00edcio","item":"https:\/\/radiolifefm.com.br\/noticias\/"},{"@type":"ListItem","position":2,"name":"S\u00e3o Paulo tem 65 servidores penitenci\u00e1rios com coronav\u00edrus conforme levantamento do SIFUPESP"}]},{"@type":"WebSite","@id":"https:\/\/radiolifefm.com.br\/noticias\/#website","url":"https:\/\/radiolifefm.com.br\/noticias\/","name":"R\u00e1dio Life FM","description":"O Portal de Not\u00edcias de Adamantina","publisher":{"@id":"https:\/\/radiolifefm.com.br\/noticias\/#organization"},"alternateName":"Life FM","potentialAction":[{"@type":"SearchAction","target":{"@type":"EntryPoint","urlTemplate":"https:\/\/radiolifefm.com.br\/noticias\/?s={search_term_string}"},"query-input":{"@type":"PropertyValueSpecification","valueRequired":true,"valueName":"search_term_string"}}],"inLanguage":"pt-BR"},{"@type":"Organization","@id":"https:\/\/radiolifefm.com.br\/noticias\/#organization","name":"R\u00e1dio Life FM","alternateName":"Life FM","url":"https:\/\/radiolifefm.com.br\/noticias\/","logo":{"@type":"ImageObject","inLanguage":"pt-BR","@id":"https:\/\/radiolifefm.com.br\/noticias\/#\/schema\/logo\/image\/","url":"https:\/\/static.radiolifefm.com.br\/noticias\/wp-content\/uploads\/2019\/10\/logo-lifefm.png","contentUrl":"https:\/\/static.radiolifefm.com.br\/noticias\/wp-content\/uploads\/2019\/10\/logo-lifefm.png","width":196,"height":47,"caption":"R\u00e1dio Life FM"},"image":{"@id":"https:\/\/radiolifefm.com.br\/noticias\/#\/schema\/logo\/image\/"},"sameAs":["https:\/\/www.facebook.com\/radiolifefm\/","https:\/\/www.instagram.com\/life1079fm\/"]},{"@type":"Person","@id":"https:\/\/radiolifefm.com.br\/noticias\/#\/schema\/person\/6876e1240feffe6e1b63fd5cb85abf28","name":"joaograndao","image":{"@type":"ImageObject","inLanguage":"pt-BR","@id":"https:\/\/secure.gravatar.com\/avatar\/d5b1a3cf357ed9c50404e256a1294083aa8ab5d2a994001567302786016cb32c?s=96&d=mm&r=g","url":"https:\/\/secure.gravatar.com\/avatar\/d5b1a3cf357ed9c50404e256a1294083aa8ab5d2a994001567302786016cb32c?s=96&d=mm&r=g","contentUrl":"https:\/\/secure.gravatar.com\/avatar\/d5b1a3cf357ed9c50404e256a1294083aa8ab5d2a994001567302786016cb32c?s=96&d=mm&r=g","caption":"joaograndao"}}]}},"amp_enabled":true,"_links":{"self":[{"href":"https:\/\/radiolifefm.com.br\/noticias\/wp-json\/wp\/v2\/posts\/22645","targetHints":{"allow":["GET"]}}],"collection":[{"href":"https:\/\/radiolifefm.com.br\/noticias\/wp-json\/wp\/v2\/posts"}],"about":[{"href":"https:\/\/radiolifefm.com.br\/noticias\/wp-json\/wp\/v2\/types\/post"}],"author":[{"embeddable":true,"href":"https:\/\/radiolifefm.com.br\/noticias\/wp-json\/wp\/v2\/users\/8"}],"replies":[{"embeddable":true,"href":"https:\/\/radiolifefm.com.br\/noticias\/wp-json\/wp\/v2\/comments?post=22645"}],"version-history":[{"count":5,"href":"https:\/\/radiolifefm.com.br\/noticias\/wp-json\/wp\/v2\/posts\/22645\/revisions"}],"predecessor-version":[{"id":22652,"href":"https:\/\/radiolifefm.com.br\/noticias\/wp-json\/wp\/v2\/posts\/22645\/revisions\/22652"}],"wp:featuredmedia":[{"embeddable":true,"href":"https:\/\/radiolifefm.com.br\/noticias\/wp-json\/wp\/v2\/media\/22648"}],"wp:attachment":[{"href":"https:\/\/radiolifefm.com.br\/noticias\/wp-json\/wp\/v2\/media?parent=22645"}],"wp:term":[{"taxonomy":"category","embeddable":true,"href":"https:\/\/radiolifefm.com.br\/noticias\/wp-json\/wp\/v2\/categories?post=22645"},{"taxonomy":"post_tag","embeddable":true,"href":"https:\/\/radiolifefm.com.br\/noticias\/wp-json\/wp\/v2\/tags?post=22645"}],"curies":[{"name":"wp","href":"https:\/\/api.w.org\/{rel}","templated":true}]}}