{"id":22530,"date":"2020-04-28T09:40:34","date_gmt":"2020-04-28T12:40:34","guid":{"rendered":"https:\/\/radiolifefm.com.br\/noticias\/?p=22530"},"modified":"2026-04-26T12:31:55","modified_gmt":"2026-04-26T15:31:55","slug":"traficante-e-preso-em-irapuru-apos-tentar-fugir-da-policia-militar-montado-em-um-cavalo","status":"publish","type":"post","link":"https:\/\/radiolifefm.com.br\/noticias\/traficante-e-preso-em-irapuru-apos-tentar-fugir-da-policia-militar-montado-em-um-cavalo\/","title":{"rendered":"Traficante \u00e9 preso em Irapuru, ap\u00f3s tentar fugir da Pol\u00edcia Militar montado em um cavalo"},"content":{"rendered":"<div id=\"fb-root\"><\/div>\n<p><em>No \u00faltimo s\u00e1bado (25), uma a\u00e7\u00e3o inusitada chamou a aten\u00e7\u00e3o<\/em><\/p>\n<p>Policiais Militares de Irapuru, realizavam patrulhamento pela \u00e1rea rural, na estrada de liga\u00e7\u00e3o com Pacaembu, quando se depararam com um indiv\u00edduo montado num cavalo, que ao receber ordem de parada empreendeu fuga, onde de imediato foi irradiado pela rede de r\u00e1dio, objetivando o cerco policial.<\/p>\n<p>Durante a fuga o indiv\u00edduo retirou de suas vestes, na altura da cintura, uma sacola pl\u00e1stica de cor branca, arremessando-a do lado direito num pasto ali existente, sendo detido em seguida.<\/p>\n<p>Durante a busca pessoal, nada de il\u00edcito foi encontrado, por\u00e9m, os policiais iniciaram buscas no pasto, mas devido \u00e0 vegeta\u00e7\u00e3o estar relativamente alta, foi solicitado o apoio do Canil Setorial, onde o c\u00e3o Argus, localizou um pacote de droga, sendo uma fra\u00e7\u00e3o de um tijolo de maconha.<\/p>\n<p>Diante dos fatos, o autor recebeu voz de pris\u00e3o permanecendo \u00e0 disposi\u00e7\u00e3o da justi\u00e7a.<\/p>\n<p><img loading=\"lazy\" decoding=\"async\" class=\"alignnone size-medium wp-image-22531\" src=\"https:\/\/static.radiolifefm.com.br\/wp-content\/uploads\/sites\/2\/2020\/04\/Traficante-Irapuru-138x300.jpg\" alt=\"\" width=\"138\" height=\"300\" srcset=\"https:\/\/radiolifefm.com.br\/noticias\/wp-content\/uploads\/2020\/04\/Traficante-Irapuru-138x300.jpg 138w, https:\/\/radiolifefm.com.br\/noticias\/wp-content\/uploads\/2020\/04\/Traficante-Irapuru.jpg 443w\" sizes=\"auto, (max-width: 138px) 100vw, 138px\" \/><\/p>\n<p>Informa\u00e7\u00f5es \u2013 Pol\u00edcia Militar<\/p>\n","protected":false},"excerpt":{"rendered":"<p>No \u00faltimo s\u00e1bado (25), uma a\u00e7\u00e3o inusitada chamou a aten\u00e7\u00e3o Policiais Militares de Irapuru, realizavam patrulhamento pela \u00e1rea rural, na estrada de liga\u00e7\u00e3o com Pacaembu, quando se depararam com um indiv\u00edduo montado num cavalo, que ao receber ordem de parada empreendeu fuga, onde de imediato foi irradiado pela rede de r\u00e1dio, objetivando o cerco policial. [&hellip;]<\/p>\n","protected":false},"author":3,"featured_media":22532,"comment_status":"closed","ping_status":"open","sticky":false,"template":"","format":"standard","meta":{"_acf_changed":false,"_exactmetrics_skip_tracking":false,"_exactmetrics_sitenote_active":false,"_exactmetrics_sitenote_note":"","_exactmetrics_sitenote_category":0,"footnotes":""},"categories":[66],"tags":[],"class_list":["post-22530","post","type-post","status-publish","format-standard","has-post-thumbnail","hentry","category-policia"],"acf":[],"yoast_head":"<!-- This site is optimized with the Yoast SEO plugin v27.2 - https:\/\/yoast.com\/product\/yoast-seo-wordpress\/ -->\n<title>Traficante \u00e9 preso em Irapuru, ap\u00f3s tentar fugir da Pol\u00edcia Militar montado em um cavalo - R\u00e1dio Life FM<\/title>\n<meta name=\"robots\" content=\"index, follow, max-snippet:-1, max-image-preview:large, max-video-preview:-1\" \/>\n<link rel=\"canonical\" href=\"https:\/\/radiolifefm.com.br\/noticias\/traficante-e-preso-em-irapuru-apos-tentar-fugir-da-policia-militar-montado-em-um-cavalo\/\" \/>\n<meta property=\"og:locale\" content=\"pt_BR\" \/>\n<meta property=\"og:type\" content=\"article\" \/>\n<meta property=\"og:title\" content=\"Traficante \u00e9 preso em Irapuru, ap\u00f3s tentar fugir da Pol\u00edcia Militar montado em um cavalo - R\u00e1dio Life FM\" \/>\n<meta property=\"og:description\" content=\"No \u00faltimo s\u00e1bado (25), uma a\u00e7\u00e3o inusitada chamou a aten\u00e7\u00e3o Policiais Militares de Irapuru, realizavam patrulhamento pela \u00e1rea rural, na estrada de liga\u00e7\u00e3o com Pacaembu, quando se depararam com um indiv\u00edduo montado num cavalo, que ao receber ordem de parada empreendeu fuga, onde de imediato foi irradiado pela rede de r\u00e1dio, objetivando o cerco policial. [&hellip;]\" \/>\n<meta property=\"og:url\" content=\"https:\/\/radiolifefm.com.br\/noticias\/traficante-e-preso-em-irapuru-apos-tentar-fugir-da-policia-militar-montado-em-um-cavalo\/\" \/>\n<meta property=\"og:site_name\" content=\"R\u00e1dio Life FM\" \/>\n<meta property=\"article:publisher\" content=\"https:\/\/www.facebook.com\/radiolifefm\/\" \/>\n<meta property=\"article:published_time\" content=\"2020-04-28T12:40:34+00:00\" \/>\n<meta property=\"article:modified_time\" content=\"2026-04-26T15:31:55+00:00\" \/>\n<meta property=\"og:image\" content=\"https:\/\/radiolifefm.com.br\/noticias\/wp-content\/uploads\/2020\/04\/Traficante-Irapuru_Cortada.jpg\" \/>\n\t<meta property=\"og:image:width\" content=\"1200\" \/>\n\t<meta property=\"og:image:height\" content=\"672\" \/>\n\t<meta property=\"og:image:type\" content=\"image\/jpeg\" \/>\n<meta name=\"author\" content=\"lifefm\" \/>\n<meta name=\"twitter:card\" content=\"summary_large_image\" \/>\n<meta name=\"twitter:label1\" content=\"Escrito por\" \/>\n\t<meta name=\"twitter:data1\" content=\"lifefm\" \/>\n\t<meta name=\"twitter:label2\" content=\"Est. tempo de leitura\" \/>\n\t<meta name=\"twitter:data2\" content=\"1 minuto\" \/>\n<script type=\"application\/ld+json\" class=\"yoast-schema-graph\">{\"@context\":\"https:\/\/schema.org\",\"@graph\":[{\"@type\":\"Article\",\"@id\":\"https:\/\/radiolifefm.com.br\/noticias\/traficante-e-preso-em-irapuru-apos-tentar-fugir-da-policia-militar-montado-em-um-cavalo\/#article\",\"isPartOf\":{\"@id\":\"https:\/\/radiolifefm.com.br\/noticias\/traficante-e-preso-em-irapuru-apos-tentar-fugir-da-policia-militar-montado-em-um-cavalo\/\"},\"author\":{\"name\":\"lifefm\",\"@id\":\"https:\/\/radiolifefm.com.br\/noticias\/#\/schema\/person\/1d4e4b1301322090c6221bf1c8420490\"},\"headline\":\"Traficante \u00e9 preso em Irapuru, ap\u00f3s tentar fugir da Pol\u00edcia Militar montado em um cavalo\",\"datePublished\":\"2020-04-28T12:40:34+00:00\",\"dateModified\":\"2026-04-26T15:31:55+00:00\",\"mainEntityOfPage\":{\"@id\":\"https:\/\/radiolifefm.com.br\/noticias\/traficante-e-preso-em-irapuru-apos-tentar-fugir-da-policia-militar-montado-em-um-cavalo\/\"},\"wordCount\":181,\"publisher\":{\"@id\":\"https:\/\/radiolifefm.com.br\/noticias\/#organization\"},\"image\":{\"@id\":\"https:\/\/radiolifefm.com.br\/noticias\/traficante-e-preso-em-irapuru-apos-tentar-fugir-da-policia-militar-montado-em-um-cavalo\/#primaryimage\"},\"thumbnailUrl\":\"https:\/\/radiolifefm.com.br\/noticias\/wp-content\/uploads\/2020\/04\/Traficante-Irapuru_Cortada.jpg\",\"articleSection\":[\"Pol\u00edcia\"],\"inLanguage\":\"pt-BR\"},{\"@type\":\"WebPage\",\"@id\":\"https:\/\/radiolifefm.com.br\/noticias\/traficante-e-preso-em-irapuru-apos-tentar-fugir-da-policia-militar-montado-em-um-cavalo\/\",\"url\":\"https:\/\/radiolifefm.com.br\/noticias\/traficante-e-preso-em-irapuru-apos-tentar-fugir-da-policia-militar-montado-em-um-cavalo\/\",\"name\":\"Traficante \u00e9 preso em Irapuru, ap\u00f3s tentar fugir da Pol\u00edcia Militar montado em um cavalo - R\u00e1dio Life FM\",\"isPartOf\":{\"@id\":\"https:\/\/radiolifefm.com.br\/noticias\/#website\"},\"primaryImageOfPage\":{\"@id\":\"https:\/\/radiolifefm.com.br\/noticias\/traficante-e-preso-em-irapuru-apos-tentar-fugir-da-policia-militar-montado-em-um-cavalo\/#primaryimage\"},\"image\":{\"@id\":\"https:\/\/radiolifefm.com.br\/noticias\/traficante-e-preso-em-irapuru-apos-tentar-fugir-da-policia-militar-montado-em-um-cavalo\/#primaryimage\"},\"thumbnailUrl\":\"https:\/\/radiolifefm.com.br\/noticias\/wp-content\/uploads\/2020\/04\/Traficante-Irapuru_Cortada.jpg\",\"datePublished\":\"2020-04-28T12:40:34+00:00\",\"dateModified\":\"2026-04-26T15:31:55+00:00\",\"breadcrumb\":{\"@id\":\"https:\/\/radiolifefm.com.br\/noticias\/traficante-e-preso-em-irapuru-apos-tentar-fugir-da-policia-militar-montado-em-um-cavalo\/#breadcrumb\"},\"inLanguage\":\"pt-BR\",\"potentialAction\":[{\"@type\":\"ReadAction\",\"target\":[\"https:\/\/radiolifefm.com.br\/noticias\/traficante-e-preso-em-irapuru-apos-tentar-fugir-da-policia-militar-montado-em-um-cavalo\/\"]}]},{\"@type\":\"ImageObject\",\"inLanguage\":\"pt-BR\",\"@id\":\"https:\/\/radiolifefm.com.br\/noticias\/traficante-e-preso-em-irapuru-apos-tentar-fugir-da-policia-militar-montado-em-um-cavalo\/#primaryimage\",\"url\":\"https:\/\/radiolifefm.com.br\/noticias\/wp-content\/uploads\/2020\/04\/Traficante-Irapuru_Cortada.jpg\",\"contentUrl\":\"https:\/\/radiolifefm.com.br\/noticias\/wp-content\/uploads\/2020\/04\/Traficante-Irapuru_Cortada.jpg\",\"width\":1200,\"height\":672},{\"@type\":\"BreadcrumbList\",\"@id\":\"https:\/\/radiolifefm.com.br\/noticias\/traficante-e-preso-em-irapuru-apos-tentar-fugir-da-policia-militar-montado-em-um-cavalo\/#breadcrumb\",\"itemListElement\":[{\"@type\":\"ListItem\",\"position\":1,\"name\":\"In\u00edcio\",\"item\":\"https:\/\/radiolifefm.com.br\/noticias\/\"},{\"@type\":\"ListItem\",\"position\":2,\"name\":\"Traficante \u00e9 preso em Irapuru, ap\u00f3s tentar fugir da Pol\u00edcia Militar montado em um cavalo\"}]},{\"@type\":\"WebSite\",\"@id\":\"https:\/\/radiolifefm.com.br\/noticias\/#website\",\"url\":\"https:\/\/radiolifefm.com.br\/noticias\/\",\"name\":\"R\u00e1dio Life FM\",\"description\":\"O Portal de Not\u00edcias de Adamantina\",\"publisher\":{\"@id\":\"https:\/\/radiolifefm.com.br\/noticias\/#organization\"},\"alternateName\":\"Life FM\",\"potentialAction\":[{\"@type\":\"SearchAction\",\"target\":{\"@type\":\"EntryPoint\",\"urlTemplate\":\"https:\/\/radiolifefm.com.br\/noticias\/?s={search_term_string}\"},\"query-input\":{\"@type\":\"PropertyValueSpecification\",\"valueRequired\":true,\"valueName\":\"search_term_string\"}}],\"inLanguage\":\"pt-BR\"},{\"@type\":\"Organization\",\"@id\":\"https:\/\/radiolifefm.com.br\/noticias\/#organization\",\"name\":\"R\u00e1dio Life FM\",\"alternateName\":\"Life FM\",\"url\":\"https:\/\/radiolifefm.com.br\/noticias\/\",\"logo\":{\"@type\":\"ImageObject\",\"inLanguage\":\"pt-BR\",\"@id\":\"https:\/\/radiolifefm.com.br\/noticias\/#\/schema\/logo\/image\/\",\"url\":\"https:\/\/static.radiolifefm.com.br\/noticias\/wp-content\/uploads\/2019\/10\/logo-lifefm.png\",\"contentUrl\":\"https:\/\/static.radiolifefm.com.br\/noticias\/wp-content\/uploads\/2019\/10\/logo-lifefm.png\",\"width\":196,\"height\":47,\"caption\":\"R\u00e1dio Life FM\"},\"image\":{\"@id\":\"https:\/\/radiolifefm.com.br\/noticias\/#\/schema\/logo\/image\/\"},\"sameAs\":[\"https:\/\/www.facebook.com\/radiolifefm\/\",\"https:\/\/www.instagram.com\/life1079fm\/\"]},{\"@type\":\"Person\",\"@id\":\"https:\/\/radiolifefm.com.br\/noticias\/#\/schema\/person\/1d4e4b1301322090c6221bf1c8420490\",\"name\":\"lifefm\",\"image\":{\"@type\":\"ImageObject\",\"inLanguage\":\"pt-BR\",\"@id\":\"https:\/\/secure.gravatar.com\/avatar\/eca268467d925ec97d20641bb054fd944c0abb2f92854171620706bbe6474e7c?s=96&d=mm&r=g\",\"url\":\"https:\/\/secure.gravatar.com\/avatar\/eca268467d925ec97d20641bb054fd944c0abb2f92854171620706bbe6474e7c?s=96&d=mm&r=g\",\"contentUrl\":\"https:\/\/secure.gravatar.com\/avatar\/eca268467d925ec97d20641bb054fd944c0abb2f92854171620706bbe6474e7c?s=96&d=mm&r=g\",\"caption\":\"lifefm\"}}]}<\/script>\n<!-- \/ Yoast SEO plugin. -->","yoast_head_json":{"title":"Traficante \u00e9 preso em Irapuru, ap\u00f3s tentar fugir da Pol\u00edcia Militar montado em um cavalo - R\u00e1dio Life FM","robots":{"index":"index","follow":"follow","max-snippet":"max-snippet:-1","max-image-preview":"max-image-preview:large","max-video-preview":"max-video-preview:-1"},"canonical":"https:\/\/radiolifefm.com.br\/noticias\/traficante-e-preso-em-irapuru-apos-tentar-fugir-da-policia-militar-montado-em-um-cavalo\/","og_locale":"pt_BR","og_type":"article","og_title":"Traficante \u00e9 preso em Irapuru, ap\u00f3s tentar fugir da Pol\u00edcia Militar montado em um cavalo - R\u00e1dio Life FM","og_description":"No \u00faltimo s\u00e1bado (25), uma a\u00e7\u00e3o inusitada chamou a aten\u00e7\u00e3o Policiais Militares de Irapuru, realizavam patrulhamento pela \u00e1rea rural, na estrada de liga\u00e7\u00e3o com Pacaembu, quando se depararam com um indiv\u00edduo montado num cavalo, que ao receber ordem de parada empreendeu fuga, onde de imediato foi irradiado pela rede de r\u00e1dio, objetivando o cerco policial. [&hellip;]","og_url":"https:\/\/radiolifefm.com.br\/noticias\/traficante-e-preso-em-irapuru-apos-tentar-fugir-da-policia-militar-montado-em-um-cavalo\/","og_site_name":"R\u00e1dio Life FM","article_publisher":"https:\/\/www.facebook.com\/radiolifefm\/","article_published_time":"2020-04-28T12:40:34+00:00","article_modified_time":"2026-04-26T15:31:55+00:00","og_image":[{"width":1200,"height":672,"url":"https:\/\/radiolifefm.com.br\/noticias\/wp-content\/uploads\/2020\/04\/Traficante-Irapuru_Cortada.jpg","type":"image\/jpeg"}],"author":"lifefm","twitter_card":"summary_large_image","twitter_misc":{"Escrito por":"lifefm","Est. tempo de leitura":"1 minuto"},"schema":{"@context":"https:\/\/schema.org","@graph":[{"@type":"Article","@id":"https:\/\/radiolifefm.com.br\/noticias\/traficante-e-preso-em-irapuru-apos-tentar-fugir-da-policia-militar-montado-em-um-cavalo\/#article","isPartOf":{"@id":"https:\/\/radiolifefm.com.br\/noticias\/traficante-e-preso-em-irapuru-apos-tentar-fugir-da-policia-militar-montado-em-um-cavalo\/"},"author":{"name":"lifefm","@id":"https:\/\/radiolifefm.com.br\/noticias\/#\/schema\/person\/1d4e4b1301322090c6221bf1c8420490"},"headline":"Traficante \u00e9 preso em Irapuru, ap\u00f3s tentar fugir da Pol\u00edcia Militar montado em um cavalo","datePublished":"2020-04-28T12:40:34+00:00","dateModified":"2026-04-26T15:31:55+00:00","mainEntityOfPage":{"@id":"https:\/\/radiolifefm.com.br\/noticias\/traficante-e-preso-em-irapuru-apos-tentar-fugir-da-policia-militar-montado-em-um-cavalo\/"},"wordCount":181,"publisher":{"@id":"https:\/\/radiolifefm.com.br\/noticias\/#organization"},"image":{"@id":"https:\/\/radiolifefm.com.br\/noticias\/traficante-e-preso-em-irapuru-apos-tentar-fugir-da-policia-militar-montado-em-um-cavalo\/#primaryimage"},"thumbnailUrl":"https:\/\/radiolifefm.com.br\/noticias\/wp-content\/uploads\/2020\/04\/Traficante-Irapuru_Cortada.jpg","articleSection":["Pol\u00edcia"],"inLanguage":"pt-BR"},{"@type":"WebPage","@id":"https:\/\/radiolifefm.com.br\/noticias\/traficante-e-preso-em-irapuru-apos-tentar-fugir-da-policia-militar-montado-em-um-cavalo\/","url":"https:\/\/radiolifefm.com.br\/noticias\/traficante-e-preso-em-irapuru-apos-tentar-fugir-da-policia-militar-montado-em-um-cavalo\/","name":"Traficante \u00e9 preso em Irapuru, ap\u00f3s tentar fugir da Pol\u00edcia Militar montado em um cavalo - R\u00e1dio Life FM","isPartOf":{"@id":"https:\/\/radiolifefm.com.br\/noticias\/#website"},"primaryImageOfPage":{"@id":"https:\/\/radiolifefm.com.br\/noticias\/traficante-e-preso-em-irapuru-apos-tentar-fugir-da-policia-militar-montado-em-um-cavalo\/#primaryimage"},"image":{"@id":"https:\/\/radiolifefm.com.br\/noticias\/traficante-e-preso-em-irapuru-apos-tentar-fugir-da-policia-militar-montado-em-um-cavalo\/#primaryimage"},"thumbnailUrl":"https:\/\/radiolifefm.com.br\/noticias\/wp-content\/uploads\/2020\/04\/Traficante-Irapuru_Cortada.jpg","datePublished":"2020-04-28T12:40:34+00:00","dateModified":"2026-04-26T15:31:55+00:00","breadcrumb":{"@id":"https:\/\/radiolifefm.com.br\/noticias\/traficante-e-preso-em-irapuru-apos-tentar-fugir-da-policia-militar-montado-em-um-cavalo\/#breadcrumb"},"inLanguage":"pt-BR","potentialAction":[{"@type":"ReadAction","target":["https:\/\/radiolifefm.com.br\/noticias\/traficante-e-preso-em-irapuru-apos-tentar-fugir-da-policia-militar-montado-em-um-cavalo\/"]}]},{"@type":"ImageObject","inLanguage":"pt-BR","@id":"https:\/\/radiolifefm.com.br\/noticias\/traficante-e-preso-em-irapuru-apos-tentar-fugir-da-policia-militar-montado-em-um-cavalo\/#primaryimage","url":"https:\/\/radiolifefm.com.br\/noticias\/wp-content\/uploads\/2020\/04\/Traficante-Irapuru_Cortada.jpg","contentUrl":"https:\/\/radiolifefm.com.br\/noticias\/wp-content\/uploads\/2020\/04\/Traficante-Irapuru_Cortada.jpg","width":1200,"height":672},{"@type":"BreadcrumbList","@id":"https:\/\/radiolifefm.com.br\/noticias\/traficante-e-preso-em-irapuru-apos-tentar-fugir-da-policia-militar-montado-em-um-cavalo\/#breadcrumb","itemListElement":[{"@type":"ListItem","position":1,"name":"In\u00edcio","item":"https:\/\/radiolifefm.com.br\/noticias\/"},{"@type":"ListItem","position":2,"name":"Traficante \u00e9 preso em Irapuru, ap\u00f3s tentar fugir da Pol\u00edcia Militar montado em um cavalo"}]},{"@type":"WebSite","@id":"https:\/\/radiolifefm.com.br\/noticias\/#website","url":"https:\/\/radiolifefm.com.br\/noticias\/","name":"R\u00e1dio Life FM","description":"O Portal de Not\u00edcias de Adamantina","publisher":{"@id":"https:\/\/radiolifefm.com.br\/noticias\/#organization"},"alternateName":"Life FM","potentialAction":[{"@type":"SearchAction","target":{"@type":"EntryPoint","urlTemplate":"https:\/\/radiolifefm.com.br\/noticias\/?s={search_term_string}"},"query-input":{"@type":"PropertyValueSpecification","valueRequired":true,"valueName":"search_term_string"}}],"inLanguage":"pt-BR"},{"@type":"Organization","@id":"https:\/\/radiolifefm.com.br\/noticias\/#organization","name":"R\u00e1dio Life FM","alternateName":"Life FM","url":"https:\/\/radiolifefm.com.br\/noticias\/","logo":{"@type":"ImageObject","inLanguage":"pt-BR","@id":"https:\/\/radiolifefm.com.br\/noticias\/#\/schema\/logo\/image\/","url":"https:\/\/static.radiolifefm.com.br\/noticias\/wp-content\/uploads\/2019\/10\/logo-lifefm.png","contentUrl":"https:\/\/static.radiolifefm.com.br\/noticias\/wp-content\/uploads\/2019\/10\/logo-lifefm.png","width":196,"height":47,"caption":"R\u00e1dio Life FM"},"image":{"@id":"https:\/\/radiolifefm.com.br\/noticias\/#\/schema\/logo\/image\/"},"sameAs":["https:\/\/www.facebook.com\/radiolifefm\/","https:\/\/www.instagram.com\/life1079fm\/"]},{"@type":"Person","@id":"https:\/\/radiolifefm.com.br\/noticias\/#\/schema\/person\/1d4e4b1301322090c6221bf1c8420490","name":"lifefm","image":{"@type":"ImageObject","inLanguage":"pt-BR","@id":"https:\/\/secure.gravatar.com\/avatar\/eca268467d925ec97d20641bb054fd944c0abb2f92854171620706bbe6474e7c?s=96&d=mm&r=g","url":"https:\/\/secure.gravatar.com\/avatar\/eca268467d925ec97d20641bb054fd944c0abb2f92854171620706bbe6474e7c?s=96&d=mm&r=g","contentUrl":"https:\/\/secure.gravatar.com\/avatar\/eca268467d925ec97d20641bb054fd944c0abb2f92854171620706bbe6474e7c?s=96&d=mm&r=g","caption":"lifefm"}}]}},"amp_enabled":true,"_links":{"self":[{"href":"https:\/\/radiolifefm.com.br\/noticias\/wp-json\/wp\/v2\/posts\/22530","targetHints":{"allow":["GET"]}}],"collection":[{"href":"https:\/\/radiolifefm.com.br\/noticias\/wp-json\/wp\/v2\/posts"}],"about":[{"href":"https:\/\/radiolifefm.com.br\/noticias\/wp-json\/wp\/v2\/types\/post"}],"author":[{"embeddable":true,"href":"https:\/\/radiolifefm.com.br\/noticias\/wp-json\/wp\/v2\/users\/3"}],"replies":[{"embeddable":true,"href":"https:\/\/radiolifefm.com.br\/noticias\/wp-json\/wp\/v2\/comments?post=22530"}],"version-history":[{"count":1,"href":"https:\/\/radiolifefm.com.br\/noticias\/wp-json\/wp\/v2\/posts\/22530\/revisions"}],"predecessor-version":[{"id":22533,"href":"https:\/\/radiolifefm.com.br\/noticias\/wp-json\/wp\/v2\/posts\/22530\/revisions\/22533"}],"wp:featuredmedia":[{"embeddable":true,"href":"https:\/\/radiolifefm.com.br\/noticias\/wp-json\/wp\/v2\/media\/22532"}],"wp:attachment":[{"href":"https:\/\/radiolifefm.com.br\/noticias\/wp-json\/wp\/v2\/media?parent=22530"}],"wp:term":[{"taxonomy":"category","embeddable":true,"href":"https:\/\/radiolifefm.com.br\/noticias\/wp-json\/wp\/v2\/categories?post=22530"},{"taxonomy":"post_tag","embeddable":true,"href":"https:\/\/radiolifefm.com.br\/noticias\/wp-json\/wp\/v2\/tags?post=22530"}],"curies":[{"name":"wp","href":"https:\/\/api.w.org\/{rel}","templated":true}]}}