{"id":22370,"date":"2020-04-24T08:16:17","date_gmt":"2020-04-24T11:16:17","guid":{"rendered":"https:\/\/radiolifefm.com.br\/noticias\/?p=22370"},"modified":"2026-03-25T06:29:06","modified_gmt":"2026-03-25T09:29:06","slug":"sabesp-instala-13-lavatorios-na-regiao-para-ajudar-a-evitar-a-propagacao-do-coronavirus","status":"publish","type":"post","link":"https:\/\/radiolifefm.com.br\/noticias\/sabesp-instala-13-lavatorios-na-regiao-para-ajudar-a-evitar-a-propagacao-do-coronavirus\/","title":{"rendered":"Sabesp instala 13 lavat\u00f3rios na regi\u00e3o para ajudar a evitar a propaga\u00e7\u00e3o do coronav\u00edrus"},"content":{"rendered":"<div id=\"fb-root\"><\/div>\n<p><em>A empresa tamb\u00e9m colabora com a higieniza\u00e7\u00e3o de \u00e1reas p\u00fablicas e promove a doa\u00e7\u00e3o de alimentos e produtos de higiene aos fundos sociais de solidariedade<\/em><\/p>\n<p>A Sabesp iniciou, nesta semana, a instala\u00e7\u00e3o de lavat\u00f3rios para colaborar com a higieniza\u00e7\u00e3o das m\u00e3os das pessoas que precisam sair de casa durante a pandemia do coronav\u00edrus.<\/p>\n<p>At\u00e9 sexta-feira (24), sete dispositivos estar\u00e3o em opera\u00e7\u00e3o: quatro em Presidente Prudente \u2013 nas Unidades de Pronto Atendimento (UPAs) da Zona Leste, Jardim Santana, Cohab e Ana Jacinta \u2013, um na UPA de Assis, um na UPA de Pirapozinho e um no Posto de Sa\u00fade Central de Luc\u00e9lia. At\u00e9 o final deste m\u00eas, outros seis lavat\u00f3rios devem ser inaugurados: em Adamantina, Bastos, Osvaldo Cruz, Presidente Epit\u00e1cio e Tup\u00e3, sendo dois dispositivos nesta \u00faltima cidade.<\/p>\n<p>A a\u00e7\u00e3o \u00e9 realizada em parceria com as prefeituras, que ficam respons\u00e1veis pela reposi\u00e7\u00e3o de sab\u00e3o e pela manuten\u00e7\u00e3o dos equipamentos.<\/p>\n<p>Nesta semana, os empregados da Sabesp realizaram a entrega de alimentos e produtos de limpeza aos fundos sociais de solidariedade de 11 cidades da regi\u00e3o: Adamantina, Assis, Luc\u00e9lia, Osvaldo Cruz, Paragua\u00e7u Paulista, Pirapozinho, Presidente Epit\u00e1cio, Presidente Prudente, Regente Feij\u00f3, Santo Anast\u00e1cio e Tup\u00e3. Ao todo, foram doados 1,5 tonelada de alimentos e 300 quilos de materiais de limpeza e higiene pessoal, que ser\u00e3o repassados a fam\u00edlias em situa\u00e7\u00e3o de vulnerabilidade social atendidas pelos fundos municipais. A a\u00e7\u00e3o volunt\u00e1ria foi promovida pelos empregados.<\/p>\n<p>A empresa ainda colabora com a higieniza\u00e7\u00e3o de \u00e1reas p\u00fablicas em 37 cidades da regi\u00e3o. Por meio das parcerias, a Sabesp fornece aos munic\u00edpios \u00e1gua com uma maior concentra\u00e7\u00e3o de cloro, espec\u00edfica para limpeza. A a\u00e7\u00e3o tem como finalidade garantir mais efici\u00eancia ao processo de higieniza\u00e7\u00e3o e, assim, ajudar a evitar a propaga\u00e7\u00e3o do coronav\u00edrus.<\/p>\n<p>As \u00e1reas higienizadas incluem o entorno de hospitais e postos de sa\u00fade, al\u00e9m de terminais rodovi\u00e1rios e locais que ir\u00e3o abrigar pessoas em situa\u00e7\u00e3o de rua e hospitais de campanha. A a\u00e7\u00e3o \u00e9 realizada em Alfredo Marcondes, \u00c1lvares Machado, \u00c1lvaro de Carvalho, Arco-\u00cdris, Assis, Bastos, Caiabu, Euclides da Cunha Paulista, Fl\u00f3rida Paulista, Flor\u00ednea, Iacri, In\u00fabia Paulista, Luc\u00e9lia, Luizi\u00e2nia, Lut\u00e9cia, Maraca\u00ed, Mari\u00e1polis, Mirante do Paranapanema, Oriente, Oscar Bressane, Osvaldo Cruz, Paragua\u00e7u Paulista, Parapu\u00e3, Pedrinhas Paulista, Pirapozinho, Pracinha, Presidente Prudente, Quat\u00e1, Queiroz, Rosana, Sagres, Salmour\u00e3o, Santo Anast\u00e1cio, Taciba, Tarum\u00e3, Teodoro Sampaio e Tup\u00e3.<\/p>\n<p><strong>Outras medidas:<\/strong><\/p>\n<p>A Companhia tamb\u00e9m j\u00e1 anunciou a isen\u00e7\u00e3o do pagamento das contas de \u00e1gua e esgoto para os clientes das categorias de uso Residencial Social e Residencial Favela, como forma de auxiliar a popula\u00e7\u00e3o neste momento de dificuldade por causa da pandemia. Aproximadamente 2 milh\u00f5es de pessoas que j\u00e1 t\u00eam o benef\u00edcio no Estado ser\u00e3o atendidas pela medida, que vai valer por tr\u00eas meses (abril, maio e junho) para contas emitidas a partir de 1\/4.<\/p>\n<p>Para evitar aglomera\u00e7\u00f5es e deslocamentos, desde o dia 23\/3 as ag\u00eancias de atendimento ao p\u00fablico est\u00e3o fechadas. Por causa disso, a Sabesp ampliou os servi\u00e7os dispon\u00edveis pela central de atendimento telef\u00f4nico (0800 055 0195). O atendimento \u00e9 gratuito e funciona 24 horas. A Companhia tamb\u00e9m incentiva o uso dos canais virtuais de atendimento pela Ag\u00eancia Virtual (no site www.sabesp.com.br) ou pelo app Sabesp Mobile, dispon\u00edvel nas plataformas iOS e Android.<\/p>\n<p>As \u00e1reas operacionais continuam trabalhando para garantir o pleno funcionamento dos sistemas de \u00e1gua e esgoto para a popula\u00e7\u00e3o.<\/p>\n<p>&nbsp;<\/p>\n<p>Assessoria de Imprensa da Sabesp<br \/>\nPriscila Franco.<\/p>\n","protected":false},"excerpt":{"rendered":"<p>A empresa tamb\u00e9m colabora com a higieniza\u00e7\u00e3o de \u00e1reas p\u00fablicas e promove a doa\u00e7\u00e3o de alimentos e produtos de higiene aos fundos sociais de solidariedade A Sabesp iniciou, nesta semana, a instala\u00e7\u00e3o de lavat\u00f3rios para colaborar com a higieniza\u00e7\u00e3o das m\u00e3os das pessoas que precisam sair de casa durante a pandemia do coronav\u00edrus. At\u00e9 sexta-feira [&hellip;]<\/p>\n","protected":false},"author":3,"featured_media":22371,"comment_status":"closed","ping_status":"open","sticky":false,"template":"","format":"standard","meta":{"_acf_changed":false,"_exactmetrics_skip_tracking":false,"_exactmetrics_sitenote_active":false,"_exactmetrics_sitenote_note":"","_exactmetrics_sitenote_category":0,"footnotes":""},"categories":[24],"tags":[],"class_list":["post-22370","post","type-post","status-publish","format-standard","has-post-thumbnail","hentry","category-regiao"],"acf":[],"yoast_head":"<!-- This site is optimized with the Yoast SEO plugin v27.2 - https:\/\/yoast.com\/product\/yoast-seo-wordpress\/ -->\n<title>Sabesp instala 13 lavat\u00f3rios na regi\u00e3o para ajudar a evitar a propaga\u00e7\u00e3o do coronav\u00edrus - R\u00e1dio Life FM<\/title>\n<meta name=\"robots\" content=\"index, follow, max-snippet:-1, max-image-preview:large, max-video-preview:-1\" \/>\n<link rel=\"canonical\" href=\"https:\/\/radiolifefm.com.br\/noticias\/sabesp-instala-13-lavatorios-na-regiao-para-ajudar-a-evitar-a-propagacao-do-coronavirus\/\" \/>\n<meta property=\"og:locale\" content=\"pt_BR\" \/>\n<meta property=\"og:type\" content=\"article\" \/>\n<meta property=\"og:title\" content=\"Sabesp instala 13 lavat\u00f3rios na regi\u00e3o para ajudar a evitar a propaga\u00e7\u00e3o do coronav\u00edrus - R\u00e1dio Life FM\" \/>\n<meta property=\"og:description\" content=\"A empresa tamb\u00e9m colabora com a higieniza\u00e7\u00e3o de \u00e1reas p\u00fablicas e promove a doa\u00e7\u00e3o de alimentos e produtos de higiene aos fundos sociais de solidariedade A Sabesp iniciou, nesta semana, a instala\u00e7\u00e3o de lavat\u00f3rios para colaborar com a higieniza\u00e7\u00e3o das m\u00e3os das pessoas que precisam sair de casa durante a pandemia do coronav\u00edrus. At\u00e9 sexta-feira [&hellip;]\" \/>\n<meta property=\"og:url\" content=\"https:\/\/radiolifefm.com.br\/noticias\/sabesp-instala-13-lavatorios-na-regiao-para-ajudar-a-evitar-a-propagacao-do-coronavirus\/\" \/>\n<meta property=\"og:site_name\" content=\"R\u00e1dio Life FM\" \/>\n<meta property=\"article:publisher\" content=\"https:\/\/www.facebook.com\/radiolifefm\/\" \/>\n<meta property=\"article:published_time\" content=\"2020-04-24T11:16:17+00:00\" \/>\n<meta property=\"article:modified_time\" content=\"2026-03-25T09:29:06+00:00\" \/>\n<meta property=\"og:image\" content=\"https:\/\/radiolifefm.com.br\/noticias\/wp-content\/uploads\/2020\/04\/Sabesp-Imagem.jpg\" \/>\n\t<meta property=\"og:image:width\" content=\"277\" \/>\n\t<meta property=\"og:image:height\" content=\"182\" \/>\n\t<meta property=\"og:image:type\" content=\"image\/jpeg\" \/>\n<meta name=\"author\" content=\"lifefm\" \/>\n<meta name=\"twitter:card\" content=\"summary_large_image\" \/>\n<meta name=\"twitter:label1\" content=\"Escrito por\" \/>\n\t<meta name=\"twitter:data1\" content=\"lifefm\" \/>\n\t<meta name=\"twitter:label2\" content=\"Est. tempo de leitura\" \/>\n\t<meta name=\"twitter:data2\" content=\"3 minutos\" \/>\n<script type=\"application\/ld+json\" class=\"yoast-schema-graph\">{\"@context\":\"https:\/\/schema.org\",\"@graph\":[{\"@type\":\"Article\",\"@id\":\"https:\/\/radiolifefm.com.br\/noticias\/sabesp-instala-13-lavatorios-na-regiao-para-ajudar-a-evitar-a-propagacao-do-coronavirus\/#article\",\"isPartOf\":{\"@id\":\"https:\/\/radiolifefm.com.br\/noticias\/sabesp-instala-13-lavatorios-na-regiao-para-ajudar-a-evitar-a-propagacao-do-coronavirus\/\"},\"author\":{\"name\":\"lifefm\",\"@id\":\"https:\/\/radiolifefm.com.br\/noticias\/#\/schema\/person\/1d4e4b1301322090c6221bf1c8420490\"},\"headline\":\"Sabesp instala 13 lavat\u00f3rios na regi\u00e3o para ajudar a evitar a propaga\u00e7\u00e3o do coronav\u00edrus\",\"datePublished\":\"2020-04-24T11:16:17+00:00\",\"dateModified\":\"2026-03-25T09:29:06+00:00\",\"mainEntityOfPage\":{\"@id\":\"https:\/\/radiolifefm.com.br\/noticias\/sabesp-instala-13-lavatorios-na-regiao-para-ajudar-a-evitar-a-propagacao-do-coronavirus\/\"},\"wordCount\":630,\"publisher\":{\"@id\":\"https:\/\/radiolifefm.com.br\/noticias\/#organization\"},\"image\":{\"@id\":\"https:\/\/radiolifefm.com.br\/noticias\/sabesp-instala-13-lavatorios-na-regiao-para-ajudar-a-evitar-a-propagacao-do-coronavirus\/#primaryimage\"},\"thumbnailUrl\":\"https:\/\/radiolifefm.com.br\/noticias\/wp-content\/uploads\/2020\/04\/Sabesp-Imagem.jpg\",\"articleSection\":[\"Regi\u00e3o\"],\"inLanguage\":\"pt-BR\"},{\"@type\":\"WebPage\",\"@id\":\"https:\/\/radiolifefm.com.br\/noticias\/sabesp-instala-13-lavatorios-na-regiao-para-ajudar-a-evitar-a-propagacao-do-coronavirus\/\",\"url\":\"https:\/\/radiolifefm.com.br\/noticias\/sabesp-instala-13-lavatorios-na-regiao-para-ajudar-a-evitar-a-propagacao-do-coronavirus\/\",\"name\":\"Sabesp instala 13 lavat\u00f3rios na regi\u00e3o para ajudar a evitar a propaga\u00e7\u00e3o do coronav\u00edrus - R\u00e1dio Life FM\",\"isPartOf\":{\"@id\":\"https:\/\/radiolifefm.com.br\/noticias\/#website\"},\"primaryImageOfPage\":{\"@id\":\"https:\/\/radiolifefm.com.br\/noticias\/sabesp-instala-13-lavatorios-na-regiao-para-ajudar-a-evitar-a-propagacao-do-coronavirus\/#primaryimage\"},\"image\":{\"@id\":\"https:\/\/radiolifefm.com.br\/noticias\/sabesp-instala-13-lavatorios-na-regiao-para-ajudar-a-evitar-a-propagacao-do-coronavirus\/#primaryimage\"},\"thumbnailUrl\":\"https:\/\/radiolifefm.com.br\/noticias\/wp-content\/uploads\/2020\/04\/Sabesp-Imagem.jpg\",\"datePublished\":\"2020-04-24T11:16:17+00:00\",\"dateModified\":\"2026-03-25T09:29:06+00:00\",\"breadcrumb\":{\"@id\":\"https:\/\/radiolifefm.com.br\/noticias\/sabesp-instala-13-lavatorios-na-regiao-para-ajudar-a-evitar-a-propagacao-do-coronavirus\/#breadcrumb\"},\"inLanguage\":\"pt-BR\",\"potentialAction\":[{\"@type\":\"ReadAction\",\"target\":[\"https:\/\/radiolifefm.com.br\/noticias\/sabesp-instala-13-lavatorios-na-regiao-para-ajudar-a-evitar-a-propagacao-do-coronavirus\/\"]}]},{\"@type\":\"ImageObject\",\"inLanguage\":\"pt-BR\",\"@id\":\"https:\/\/radiolifefm.com.br\/noticias\/sabesp-instala-13-lavatorios-na-regiao-para-ajudar-a-evitar-a-propagacao-do-coronavirus\/#primaryimage\",\"url\":\"https:\/\/radiolifefm.com.br\/noticias\/wp-content\/uploads\/2020\/04\/Sabesp-Imagem.jpg\",\"contentUrl\":\"https:\/\/radiolifefm.com.br\/noticias\/wp-content\/uploads\/2020\/04\/Sabesp-Imagem.jpg\",\"width\":277,\"height\":182,\"caption\":\"At\u00e9 agora, a Companhia j\u00e1 realizou 258 mil negocia\u00e7\u00f5es, superando a meta inicial de 250 mil acordos. A Companhia concede at\u00e9 100% de desconto nos valores de juros e multas e possibilidade de parcelamentos dos d\u00e9bitos\"},{\"@type\":\"BreadcrumbList\",\"@id\":\"https:\/\/radiolifefm.com.br\/noticias\/sabesp-instala-13-lavatorios-na-regiao-para-ajudar-a-evitar-a-propagacao-do-coronavirus\/#breadcrumb\",\"itemListElement\":[{\"@type\":\"ListItem\",\"position\":1,\"name\":\"In\u00edcio\",\"item\":\"https:\/\/radiolifefm.com.br\/noticias\/\"},{\"@type\":\"ListItem\",\"position\":2,\"name\":\"Sabesp instala 13 lavat\u00f3rios na regi\u00e3o para ajudar a evitar a propaga\u00e7\u00e3o do coronav\u00edrus\"}]},{\"@type\":\"WebSite\",\"@id\":\"https:\/\/radiolifefm.com.br\/noticias\/#website\",\"url\":\"https:\/\/radiolifefm.com.br\/noticias\/\",\"name\":\"R\u00e1dio Life FM\",\"description\":\"O Portal de Not\u00edcias de Adamantina\",\"publisher\":{\"@id\":\"https:\/\/radiolifefm.com.br\/noticias\/#organization\"},\"alternateName\":\"Life FM\",\"potentialAction\":[{\"@type\":\"SearchAction\",\"target\":{\"@type\":\"EntryPoint\",\"urlTemplate\":\"https:\/\/radiolifefm.com.br\/noticias\/?s={search_term_string}\"},\"query-input\":{\"@type\":\"PropertyValueSpecification\",\"valueRequired\":true,\"valueName\":\"search_term_string\"}}],\"inLanguage\":\"pt-BR\"},{\"@type\":\"Organization\",\"@id\":\"https:\/\/radiolifefm.com.br\/noticias\/#organization\",\"name\":\"R\u00e1dio Life FM\",\"alternateName\":\"Life FM\",\"url\":\"https:\/\/radiolifefm.com.br\/noticias\/\",\"logo\":{\"@type\":\"ImageObject\",\"inLanguage\":\"pt-BR\",\"@id\":\"https:\/\/radiolifefm.com.br\/noticias\/#\/schema\/logo\/image\/\",\"url\":\"https:\/\/static.radiolifefm.com.br\/noticias\/wp-content\/uploads\/2019\/10\/logo-lifefm.png\",\"contentUrl\":\"https:\/\/static.radiolifefm.com.br\/noticias\/wp-content\/uploads\/2019\/10\/logo-lifefm.png\",\"width\":196,\"height\":47,\"caption\":\"R\u00e1dio Life FM\"},\"image\":{\"@id\":\"https:\/\/radiolifefm.com.br\/noticias\/#\/schema\/logo\/image\/\"},\"sameAs\":[\"https:\/\/www.facebook.com\/radiolifefm\/\",\"https:\/\/www.instagram.com\/life1079fm\/\"]},{\"@type\":\"Person\",\"@id\":\"https:\/\/radiolifefm.com.br\/noticias\/#\/schema\/person\/1d4e4b1301322090c6221bf1c8420490\",\"name\":\"lifefm\",\"image\":{\"@type\":\"ImageObject\",\"inLanguage\":\"pt-BR\",\"@id\":\"https:\/\/secure.gravatar.com\/avatar\/eca268467d925ec97d20641bb054fd944c0abb2f92854171620706bbe6474e7c?s=96&d=mm&r=g\",\"url\":\"https:\/\/secure.gravatar.com\/avatar\/eca268467d925ec97d20641bb054fd944c0abb2f92854171620706bbe6474e7c?s=96&d=mm&r=g\",\"contentUrl\":\"https:\/\/secure.gravatar.com\/avatar\/eca268467d925ec97d20641bb054fd944c0abb2f92854171620706bbe6474e7c?s=96&d=mm&r=g\",\"caption\":\"lifefm\"}}]}<\/script>\n<!-- \/ Yoast SEO plugin. -->","yoast_head_json":{"title":"Sabesp instala 13 lavat\u00f3rios na regi\u00e3o para ajudar a evitar a propaga\u00e7\u00e3o do coronav\u00edrus - R\u00e1dio Life FM","robots":{"index":"index","follow":"follow","max-snippet":"max-snippet:-1","max-image-preview":"max-image-preview:large","max-video-preview":"max-video-preview:-1"},"canonical":"https:\/\/radiolifefm.com.br\/noticias\/sabesp-instala-13-lavatorios-na-regiao-para-ajudar-a-evitar-a-propagacao-do-coronavirus\/","og_locale":"pt_BR","og_type":"article","og_title":"Sabesp instala 13 lavat\u00f3rios na regi\u00e3o para ajudar a evitar a propaga\u00e7\u00e3o do coronav\u00edrus - R\u00e1dio Life FM","og_description":"A empresa tamb\u00e9m colabora com a higieniza\u00e7\u00e3o de \u00e1reas p\u00fablicas e promove a doa\u00e7\u00e3o de alimentos e produtos de higiene aos fundos sociais de solidariedade A Sabesp iniciou, nesta semana, a instala\u00e7\u00e3o de lavat\u00f3rios para colaborar com a higieniza\u00e7\u00e3o das m\u00e3os das pessoas que precisam sair de casa durante a pandemia do coronav\u00edrus. At\u00e9 sexta-feira [&hellip;]","og_url":"https:\/\/radiolifefm.com.br\/noticias\/sabesp-instala-13-lavatorios-na-regiao-para-ajudar-a-evitar-a-propagacao-do-coronavirus\/","og_site_name":"R\u00e1dio Life FM","article_publisher":"https:\/\/www.facebook.com\/radiolifefm\/","article_published_time":"2020-04-24T11:16:17+00:00","article_modified_time":"2026-03-25T09:29:06+00:00","og_image":[{"width":277,"height":182,"url":"https:\/\/radiolifefm.com.br\/noticias\/wp-content\/uploads\/2020\/04\/Sabesp-Imagem.jpg","type":"image\/jpeg"}],"author":"lifefm","twitter_card":"summary_large_image","twitter_misc":{"Escrito por":"lifefm","Est. tempo de leitura":"3 minutos"},"schema":{"@context":"https:\/\/schema.org","@graph":[{"@type":"Article","@id":"https:\/\/radiolifefm.com.br\/noticias\/sabesp-instala-13-lavatorios-na-regiao-para-ajudar-a-evitar-a-propagacao-do-coronavirus\/#article","isPartOf":{"@id":"https:\/\/radiolifefm.com.br\/noticias\/sabesp-instala-13-lavatorios-na-regiao-para-ajudar-a-evitar-a-propagacao-do-coronavirus\/"},"author":{"name":"lifefm","@id":"https:\/\/radiolifefm.com.br\/noticias\/#\/schema\/person\/1d4e4b1301322090c6221bf1c8420490"},"headline":"Sabesp instala 13 lavat\u00f3rios na regi\u00e3o para ajudar a evitar a propaga\u00e7\u00e3o do coronav\u00edrus","datePublished":"2020-04-24T11:16:17+00:00","dateModified":"2026-03-25T09:29:06+00:00","mainEntityOfPage":{"@id":"https:\/\/radiolifefm.com.br\/noticias\/sabesp-instala-13-lavatorios-na-regiao-para-ajudar-a-evitar-a-propagacao-do-coronavirus\/"},"wordCount":630,"publisher":{"@id":"https:\/\/radiolifefm.com.br\/noticias\/#organization"},"image":{"@id":"https:\/\/radiolifefm.com.br\/noticias\/sabesp-instala-13-lavatorios-na-regiao-para-ajudar-a-evitar-a-propagacao-do-coronavirus\/#primaryimage"},"thumbnailUrl":"https:\/\/radiolifefm.com.br\/noticias\/wp-content\/uploads\/2020\/04\/Sabesp-Imagem.jpg","articleSection":["Regi\u00e3o"],"inLanguage":"pt-BR"},{"@type":"WebPage","@id":"https:\/\/radiolifefm.com.br\/noticias\/sabesp-instala-13-lavatorios-na-regiao-para-ajudar-a-evitar-a-propagacao-do-coronavirus\/","url":"https:\/\/radiolifefm.com.br\/noticias\/sabesp-instala-13-lavatorios-na-regiao-para-ajudar-a-evitar-a-propagacao-do-coronavirus\/","name":"Sabesp instala 13 lavat\u00f3rios na regi\u00e3o para ajudar a evitar a propaga\u00e7\u00e3o do coronav\u00edrus - R\u00e1dio Life FM","isPartOf":{"@id":"https:\/\/radiolifefm.com.br\/noticias\/#website"},"primaryImageOfPage":{"@id":"https:\/\/radiolifefm.com.br\/noticias\/sabesp-instala-13-lavatorios-na-regiao-para-ajudar-a-evitar-a-propagacao-do-coronavirus\/#primaryimage"},"image":{"@id":"https:\/\/radiolifefm.com.br\/noticias\/sabesp-instala-13-lavatorios-na-regiao-para-ajudar-a-evitar-a-propagacao-do-coronavirus\/#primaryimage"},"thumbnailUrl":"https:\/\/radiolifefm.com.br\/noticias\/wp-content\/uploads\/2020\/04\/Sabesp-Imagem.jpg","datePublished":"2020-04-24T11:16:17+00:00","dateModified":"2026-03-25T09:29:06+00:00","breadcrumb":{"@id":"https:\/\/radiolifefm.com.br\/noticias\/sabesp-instala-13-lavatorios-na-regiao-para-ajudar-a-evitar-a-propagacao-do-coronavirus\/#breadcrumb"},"inLanguage":"pt-BR","potentialAction":[{"@type":"ReadAction","target":["https:\/\/radiolifefm.com.br\/noticias\/sabesp-instala-13-lavatorios-na-regiao-para-ajudar-a-evitar-a-propagacao-do-coronavirus\/"]}]},{"@type":"ImageObject","inLanguage":"pt-BR","@id":"https:\/\/radiolifefm.com.br\/noticias\/sabesp-instala-13-lavatorios-na-regiao-para-ajudar-a-evitar-a-propagacao-do-coronavirus\/#primaryimage","url":"https:\/\/radiolifefm.com.br\/noticias\/wp-content\/uploads\/2020\/04\/Sabesp-Imagem.jpg","contentUrl":"https:\/\/radiolifefm.com.br\/noticias\/wp-content\/uploads\/2020\/04\/Sabesp-Imagem.jpg","width":277,"height":182,"caption":"At\u00e9 agora, a Companhia j\u00e1 realizou 258 mil negocia\u00e7\u00f5es, superando a meta inicial de 250 mil acordos. A Companhia concede at\u00e9 100% de desconto nos valores de juros e multas e possibilidade de parcelamentos dos d\u00e9bitos"},{"@type":"BreadcrumbList","@id":"https:\/\/radiolifefm.com.br\/noticias\/sabesp-instala-13-lavatorios-na-regiao-para-ajudar-a-evitar-a-propagacao-do-coronavirus\/#breadcrumb","itemListElement":[{"@type":"ListItem","position":1,"name":"In\u00edcio","item":"https:\/\/radiolifefm.com.br\/noticias\/"},{"@type":"ListItem","position":2,"name":"Sabesp instala 13 lavat\u00f3rios na regi\u00e3o para ajudar a evitar a propaga\u00e7\u00e3o do coronav\u00edrus"}]},{"@type":"WebSite","@id":"https:\/\/radiolifefm.com.br\/noticias\/#website","url":"https:\/\/radiolifefm.com.br\/noticias\/","name":"R\u00e1dio Life FM","description":"O Portal de Not\u00edcias de Adamantina","publisher":{"@id":"https:\/\/radiolifefm.com.br\/noticias\/#organization"},"alternateName":"Life FM","potentialAction":[{"@type":"SearchAction","target":{"@type":"EntryPoint","urlTemplate":"https:\/\/radiolifefm.com.br\/noticias\/?s={search_term_string}"},"query-input":{"@type":"PropertyValueSpecification","valueRequired":true,"valueName":"search_term_string"}}],"inLanguage":"pt-BR"},{"@type":"Organization","@id":"https:\/\/radiolifefm.com.br\/noticias\/#organization","name":"R\u00e1dio Life FM","alternateName":"Life FM","url":"https:\/\/radiolifefm.com.br\/noticias\/","logo":{"@type":"ImageObject","inLanguage":"pt-BR","@id":"https:\/\/radiolifefm.com.br\/noticias\/#\/schema\/logo\/image\/","url":"https:\/\/static.radiolifefm.com.br\/noticias\/wp-content\/uploads\/2019\/10\/logo-lifefm.png","contentUrl":"https:\/\/static.radiolifefm.com.br\/noticias\/wp-content\/uploads\/2019\/10\/logo-lifefm.png","width":196,"height":47,"caption":"R\u00e1dio Life FM"},"image":{"@id":"https:\/\/radiolifefm.com.br\/noticias\/#\/schema\/logo\/image\/"},"sameAs":["https:\/\/www.facebook.com\/radiolifefm\/","https:\/\/www.instagram.com\/life1079fm\/"]},{"@type":"Person","@id":"https:\/\/radiolifefm.com.br\/noticias\/#\/schema\/person\/1d4e4b1301322090c6221bf1c8420490","name":"lifefm","image":{"@type":"ImageObject","inLanguage":"pt-BR","@id":"https:\/\/secure.gravatar.com\/avatar\/eca268467d925ec97d20641bb054fd944c0abb2f92854171620706bbe6474e7c?s=96&d=mm&r=g","url":"https:\/\/secure.gravatar.com\/avatar\/eca268467d925ec97d20641bb054fd944c0abb2f92854171620706bbe6474e7c?s=96&d=mm&r=g","contentUrl":"https:\/\/secure.gravatar.com\/avatar\/eca268467d925ec97d20641bb054fd944c0abb2f92854171620706bbe6474e7c?s=96&d=mm&r=g","caption":"lifefm"}}]}},"amp_enabled":true,"_links":{"self":[{"href":"https:\/\/radiolifefm.com.br\/noticias\/wp-json\/wp\/v2\/posts\/22370","targetHints":{"allow":["GET"]}}],"collection":[{"href":"https:\/\/radiolifefm.com.br\/noticias\/wp-json\/wp\/v2\/posts"}],"about":[{"href":"https:\/\/radiolifefm.com.br\/noticias\/wp-json\/wp\/v2\/types\/post"}],"author":[{"embeddable":true,"href":"https:\/\/radiolifefm.com.br\/noticias\/wp-json\/wp\/v2\/users\/3"}],"replies":[{"embeddable":true,"href":"https:\/\/radiolifefm.com.br\/noticias\/wp-json\/wp\/v2\/comments?post=22370"}],"version-history":[{"count":1,"href":"https:\/\/radiolifefm.com.br\/noticias\/wp-json\/wp\/v2\/posts\/22370\/revisions"}],"predecessor-version":[{"id":22372,"href":"https:\/\/radiolifefm.com.br\/noticias\/wp-json\/wp\/v2\/posts\/22370\/revisions\/22372"}],"wp:featuredmedia":[{"embeddable":true,"href":"https:\/\/radiolifefm.com.br\/noticias\/wp-json\/wp\/v2\/media\/22371"}],"wp:attachment":[{"href":"https:\/\/radiolifefm.com.br\/noticias\/wp-json\/wp\/v2\/media?parent=22370"}],"wp:term":[{"taxonomy":"category","embeddable":true,"href":"https:\/\/radiolifefm.com.br\/noticias\/wp-json\/wp\/v2\/categories?post=22370"},{"taxonomy":"post_tag","embeddable":true,"href":"https:\/\/radiolifefm.com.br\/noticias\/wp-json\/wp\/v2\/tags?post=22370"}],"curies":[{"name":"wp","href":"https:\/\/api.w.org\/{rel}","templated":true}]}}