{"id":22021,"date":"2020-04-17T09:23:35","date_gmt":"2020-04-17T12:23:35","guid":{"rendered":"https:\/\/radiolifefm.com.br\/noticias\/?p=22021"},"modified":"2026-04-19T20:24:14","modified_gmt":"2026-04-19T23:24:14","slug":"resultado-de-exame-particular-aponta-segundo-caso-positivo-de-covid-19-em-dracena","status":"publish","type":"post","link":"https:\/\/radiolifefm.com.br\/noticias\/resultado-de-exame-particular-aponta-segundo-caso-positivo-de-covid-19-em-dracena\/","title":{"rendered":"Resultado de exame particular aponta segundo caso positivo de Covid-19 em Dracena"},"content":{"rendered":"<div id=\"fb-root\"><\/div>\n<p>V\u00edtima \u00e9 um homem de 51 anos, que est\u00e1 internado no leito de isolamento da Unidade de Terapia Intensiva (UTI) da Santa Casa do munic\u00edpio. Quadro cl\u00ednico \u00e9 considerado bom<\/p>\n<p>O segundo caso confirmado de Covid-19, em Dracena, foi divulgado no final da tarde desta quinta-feira (16). Segundo a Prefeitura e a Santa Casa do munic\u00edpio, o exame foi feito em um laborat\u00f3rio particular.<\/p>\n<p>Ainda conforme o Poder Executivo, o paciente de 51 anos mora na cidade e est\u00e1 internado no leito de isolamento da Unidade de Terapia Intensiva (UTI) da Santa Casa de Dracena.<\/p>\n<p>\u201cO quadro cl\u00ednico \u00e9 considerado bom e o paciente n\u00e3o apresenta comorbidades\u201d, informou a Prefeitura.<\/p>\n<p>Com a confirma\u00e7\u00e3o do segundo caso positivo de Covid-19, a Vigil\u00e2ncia Epidemiol\u00f3gica intensificar\u00e1 as medidas de conten\u00e7\u00e3o, inclusive tomando as medidas junto \u00e0 fam\u00edlia do paciente, que j\u00e1 est\u00e1 ciente do quadro.<\/p>\n<p>O outro caso confirmado da doen\u00e7a \u00e9 do agente penitenci\u00e1rio Aparecido Cabriot, de 64 anos, que morreu no dia 3 de abril. Inicialmente, a doen\u00e7a tamb\u00e9m foi atestada pelo mesmo laborat\u00f3rio particular e confirmada pelo Instituto Adolfo Lutz, em S\u00e3o Paulo (SP).<\/p>\n<p>Fonte &#8211; G 1 &#8211; Presidente Prudente<\/p>\n","protected":false},"excerpt":{"rendered":"<p>V\u00edtima \u00e9 um homem de 51 anos, que est\u00e1 internado no leito de isolamento da Unidade de Terapia Intensiva (UTI) da Santa Casa do munic\u00edpio. Quadro cl\u00ednico \u00e9 considerado bom O segundo caso confirmado de Covid-19, em Dracena, foi divulgado no final da tarde desta quinta-feira (16). Segundo a Prefeitura e a Santa Casa do [&hellip;]<\/p>\n","protected":false},"author":3,"featured_media":22022,"comment_status":"closed","ping_status":"open","sticky":false,"template":"","format":"standard","meta":{"_acf_changed":false,"_exactmetrics_skip_tracking":false,"_exactmetrics_sitenote_active":false,"_exactmetrics_sitenote_note":"","_exactmetrics_sitenote_category":0,"footnotes":""},"categories":[24],"tags":[],"class_list":["post-22021","post","type-post","status-publish","format-standard","has-post-thumbnail","hentry","category-regiao"],"acf":[],"yoast_head":"<!-- This site is optimized with the Yoast SEO plugin v27.2 - https:\/\/yoast.com\/product\/yoast-seo-wordpress\/ -->\n<title>Resultado de exame particular aponta segundo caso positivo de Covid-19 em Dracena - R\u00e1dio Life FM<\/title>\n<meta name=\"robots\" content=\"index, follow, max-snippet:-1, max-image-preview:large, max-video-preview:-1\" \/>\n<link rel=\"canonical\" href=\"https:\/\/radiolifefm.com.br\/noticias\/resultado-de-exame-particular-aponta-segundo-caso-positivo-de-covid-19-em-dracena\/\" \/>\n<meta property=\"og:locale\" content=\"pt_BR\" \/>\n<meta property=\"og:type\" content=\"article\" \/>\n<meta property=\"og:title\" content=\"Resultado de exame particular aponta segundo caso positivo de Covid-19 em Dracena - R\u00e1dio Life FM\" \/>\n<meta property=\"og:description\" content=\"V\u00edtima \u00e9 um homem de 51 anos, que est\u00e1 internado no leito de isolamento da Unidade de Terapia Intensiva (UTI) da Santa Casa do munic\u00edpio. Quadro cl\u00ednico \u00e9 considerado bom O segundo caso confirmado de Covid-19, em Dracena, foi divulgado no final da tarde desta quinta-feira (16). Segundo a Prefeitura e a Santa Casa do [&hellip;]\" \/>\n<meta property=\"og:url\" content=\"https:\/\/radiolifefm.com.br\/noticias\/resultado-de-exame-particular-aponta-segundo-caso-positivo-de-covid-19-em-dracena\/\" \/>\n<meta property=\"og:site_name\" content=\"R\u00e1dio Life FM\" \/>\n<meta property=\"article:publisher\" content=\"https:\/\/www.facebook.com\/radiolifefm\/\" \/>\n<meta property=\"article:published_time\" content=\"2020-04-17T12:23:35+00:00\" \/>\n<meta property=\"article:modified_time\" content=\"2026-04-19T23:24:14+00:00\" \/>\n<meta property=\"og:image\" content=\"https:\/\/radiolifefm.com.br\/noticias\/wp-content\/uploads\/2020\/04\/Santa-Casa-Dracena-1.jpg\" \/>\n\t<meta property=\"og:image:width\" content=\"610\" \/>\n\t<meta property=\"og:image:height\" content=\"369\" \/>\n\t<meta property=\"og:image:type\" content=\"image\/jpeg\" \/>\n<meta name=\"author\" content=\"lifefm\" \/>\n<meta name=\"twitter:card\" content=\"summary_large_image\" \/>\n<meta name=\"twitter:label1\" content=\"Escrito por\" \/>\n\t<meta name=\"twitter:data1\" content=\"lifefm\" \/>\n\t<meta name=\"twitter:label2\" content=\"Est. tempo de leitura\" \/>\n\t<meta name=\"twitter:data2\" content=\"1 minuto\" \/>\n<script type=\"application\/ld+json\" class=\"yoast-schema-graph\">{\"@context\":\"https:\/\/schema.org\",\"@graph\":[{\"@type\":\"Article\",\"@id\":\"https:\/\/radiolifefm.com.br\/noticias\/resultado-de-exame-particular-aponta-segundo-caso-positivo-de-covid-19-em-dracena\/#article\",\"isPartOf\":{\"@id\":\"https:\/\/radiolifefm.com.br\/noticias\/resultado-de-exame-particular-aponta-segundo-caso-positivo-de-covid-19-em-dracena\/\"},\"author\":{\"name\":\"lifefm\",\"@id\":\"https:\/\/radiolifefm.com.br\/noticias\/#\/schema\/person\/1d4e4b1301322090c6221bf1c8420490\"},\"headline\":\"Resultado de exame particular aponta segundo caso positivo de Covid-19 em Dracena\",\"datePublished\":\"2020-04-17T12:23:35+00:00\",\"dateModified\":\"2026-04-19T23:24:14+00:00\",\"mainEntityOfPage\":{\"@id\":\"https:\/\/radiolifefm.com.br\/noticias\/resultado-de-exame-particular-aponta-segundo-caso-positivo-de-covid-19-em-dracena\/\"},\"wordCount\":210,\"publisher\":{\"@id\":\"https:\/\/radiolifefm.com.br\/noticias\/#organization\"},\"image\":{\"@id\":\"https:\/\/radiolifefm.com.br\/noticias\/resultado-de-exame-particular-aponta-segundo-caso-positivo-de-covid-19-em-dracena\/#primaryimage\"},\"thumbnailUrl\":\"https:\/\/radiolifefm.com.br\/noticias\/wp-content\/uploads\/2020\/04\/Santa-Casa-Dracena-1.jpg\",\"articleSection\":[\"Regi\u00e3o\"],\"inLanguage\":\"pt-BR\"},{\"@type\":\"WebPage\",\"@id\":\"https:\/\/radiolifefm.com.br\/noticias\/resultado-de-exame-particular-aponta-segundo-caso-positivo-de-covid-19-em-dracena\/\",\"url\":\"https:\/\/radiolifefm.com.br\/noticias\/resultado-de-exame-particular-aponta-segundo-caso-positivo-de-covid-19-em-dracena\/\",\"name\":\"Resultado de exame particular aponta segundo caso positivo de Covid-19 em Dracena - R\u00e1dio Life FM\",\"isPartOf\":{\"@id\":\"https:\/\/radiolifefm.com.br\/noticias\/#website\"},\"primaryImageOfPage\":{\"@id\":\"https:\/\/radiolifefm.com.br\/noticias\/resultado-de-exame-particular-aponta-segundo-caso-positivo-de-covid-19-em-dracena\/#primaryimage\"},\"image\":{\"@id\":\"https:\/\/radiolifefm.com.br\/noticias\/resultado-de-exame-particular-aponta-segundo-caso-positivo-de-covid-19-em-dracena\/#primaryimage\"},\"thumbnailUrl\":\"https:\/\/radiolifefm.com.br\/noticias\/wp-content\/uploads\/2020\/04\/Santa-Casa-Dracena-1.jpg\",\"datePublished\":\"2020-04-17T12:23:35+00:00\",\"dateModified\":\"2026-04-19T23:24:14+00:00\",\"breadcrumb\":{\"@id\":\"https:\/\/radiolifefm.com.br\/noticias\/resultado-de-exame-particular-aponta-segundo-caso-positivo-de-covid-19-em-dracena\/#breadcrumb\"},\"inLanguage\":\"pt-BR\",\"potentialAction\":[{\"@type\":\"ReadAction\",\"target\":[\"https:\/\/radiolifefm.com.br\/noticias\/resultado-de-exame-particular-aponta-segundo-caso-positivo-de-covid-19-em-dracena\/\"]}]},{\"@type\":\"ImageObject\",\"inLanguage\":\"pt-BR\",\"@id\":\"https:\/\/radiolifefm.com.br\/noticias\/resultado-de-exame-particular-aponta-segundo-caso-positivo-de-covid-19-em-dracena\/#primaryimage\",\"url\":\"https:\/\/radiolifefm.com.br\/noticias\/wp-content\/uploads\/2020\/04\/Santa-Casa-Dracena-1.jpg\",\"contentUrl\":\"https:\/\/radiolifefm.com.br\/noticias\/wp-content\/uploads\/2020\/04\/Santa-Casa-Dracena-1.jpg\",\"width\":610,\"height\":369},{\"@type\":\"BreadcrumbList\",\"@id\":\"https:\/\/radiolifefm.com.br\/noticias\/resultado-de-exame-particular-aponta-segundo-caso-positivo-de-covid-19-em-dracena\/#breadcrumb\",\"itemListElement\":[{\"@type\":\"ListItem\",\"position\":1,\"name\":\"In\u00edcio\",\"item\":\"https:\/\/radiolifefm.com.br\/noticias\/\"},{\"@type\":\"ListItem\",\"position\":2,\"name\":\"Resultado de exame particular aponta segundo caso positivo de Covid-19 em Dracena\"}]},{\"@type\":\"WebSite\",\"@id\":\"https:\/\/radiolifefm.com.br\/noticias\/#website\",\"url\":\"https:\/\/radiolifefm.com.br\/noticias\/\",\"name\":\"R\u00e1dio Life FM\",\"description\":\"O Portal de Not\u00edcias de Adamantina\",\"publisher\":{\"@id\":\"https:\/\/radiolifefm.com.br\/noticias\/#organization\"},\"alternateName\":\"Life FM\",\"potentialAction\":[{\"@type\":\"SearchAction\",\"target\":{\"@type\":\"EntryPoint\",\"urlTemplate\":\"https:\/\/radiolifefm.com.br\/noticias\/?s={search_term_string}\"},\"query-input\":{\"@type\":\"PropertyValueSpecification\",\"valueRequired\":true,\"valueName\":\"search_term_string\"}}],\"inLanguage\":\"pt-BR\"},{\"@type\":\"Organization\",\"@id\":\"https:\/\/radiolifefm.com.br\/noticias\/#organization\",\"name\":\"R\u00e1dio Life FM\",\"alternateName\":\"Life FM\",\"url\":\"https:\/\/radiolifefm.com.br\/noticias\/\",\"logo\":{\"@type\":\"ImageObject\",\"inLanguage\":\"pt-BR\",\"@id\":\"https:\/\/radiolifefm.com.br\/noticias\/#\/schema\/logo\/image\/\",\"url\":\"https:\/\/static.radiolifefm.com.br\/noticias\/wp-content\/uploads\/2019\/10\/logo-lifefm.png\",\"contentUrl\":\"https:\/\/static.radiolifefm.com.br\/noticias\/wp-content\/uploads\/2019\/10\/logo-lifefm.png\",\"width\":196,\"height\":47,\"caption\":\"R\u00e1dio Life FM\"},\"image\":{\"@id\":\"https:\/\/radiolifefm.com.br\/noticias\/#\/schema\/logo\/image\/\"},\"sameAs\":[\"https:\/\/www.facebook.com\/radiolifefm\/\",\"https:\/\/www.instagram.com\/life1079fm\/\"]},{\"@type\":\"Person\",\"@id\":\"https:\/\/radiolifefm.com.br\/noticias\/#\/schema\/person\/1d4e4b1301322090c6221bf1c8420490\",\"name\":\"lifefm\",\"image\":{\"@type\":\"ImageObject\",\"inLanguage\":\"pt-BR\",\"@id\":\"https:\/\/secure.gravatar.com\/avatar\/eca268467d925ec97d20641bb054fd944c0abb2f92854171620706bbe6474e7c?s=96&d=mm&r=g\",\"url\":\"https:\/\/secure.gravatar.com\/avatar\/eca268467d925ec97d20641bb054fd944c0abb2f92854171620706bbe6474e7c?s=96&d=mm&r=g\",\"contentUrl\":\"https:\/\/secure.gravatar.com\/avatar\/eca268467d925ec97d20641bb054fd944c0abb2f92854171620706bbe6474e7c?s=96&d=mm&r=g\",\"caption\":\"lifefm\"}}]}<\/script>\n<!-- \/ Yoast SEO plugin. -->","yoast_head_json":{"title":"Resultado de exame particular aponta segundo caso positivo de Covid-19 em Dracena - R\u00e1dio Life FM","robots":{"index":"index","follow":"follow","max-snippet":"max-snippet:-1","max-image-preview":"max-image-preview:large","max-video-preview":"max-video-preview:-1"},"canonical":"https:\/\/radiolifefm.com.br\/noticias\/resultado-de-exame-particular-aponta-segundo-caso-positivo-de-covid-19-em-dracena\/","og_locale":"pt_BR","og_type":"article","og_title":"Resultado de exame particular aponta segundo caso positivo de Covid-19 em Dracena - R\u00e1dio Life FM","og_description":"V\u00edtima \u00e9 um homem de 51 anos, que est\u00e1 internado no leito de isolamento da Unidade de Terapia Intensiva (UTI) da Santa Casa do munic\u00edpio. Quadro cl\u00ednico \u00e9 considerado bom O segundo caso confirmado de Covid-19, em Dracena, foi divulgado no final da tarde desta quinta-feira (16). Segundo a Prefeitura e a Santa Casa do [&hellip;]","og_url":"https:\/\/radiolifefm.com.br\/noticias\/resultado-de-exame-particular-aponta-segundo-caso-positivo-de-covid-19-em-dracena\/","og_site_name":"R\u00e1dio Life FM","article_publisher":"https:\/\/www.facebook.com\/radiolifefm\/","article_published_time":"2020-04-17T12:23:35+00:00","article_modified_time":"2026-04-19T23:24:14+00:00","og_image":[{"width":610,"height":369,"url":"https:\/\/radiolifefm.com.br\/noticias\/wp-content\/uploads\/2020\/04\/Santa-Casa-Dracena-1.jpg","type":"image\/jpeg"}],"author":"lifefm","twitter_card":"summary_large_image","twitter_misc":{"Escrito por":"lifefm","Est. tempo de leitura":"1 minuto"},"schema":{"@context":"https:\/\/schema.org","@graph":[{"@type":"Article","@id":"https:\/\/radiolifefm.com.br\/noticias\/resultado-de-exame-particular-aponta-segundo-caso-positivo-de-covid-19-em-dracena\/#article","isPartOf":{"@id":"https:\/\/radiolifefm.com.br\/noticias\/resultado-de-exame-particular-aponta-segundo-caso-positivo-de-covid-19-em-dracena\/"},"author":{"name":"lifefm","@id":"https:\/\/radiolifefm.com.br\/noticias\/#\/schema\/person\/1d4e4b1301322090c6221bf1c8420490"},"headline":"Resultado de exame particular aponta segundo caso positivo de Covid-19 em Dracena","datePublished":"2020-04-17T12:23:35+00:00","dateModified":"2026-04-19T23:24:14+00:00","mainEntityOfPage":{"@id":"https:\/\/radiolifefm.com.br\/noticias\/resultado-de-exame-particular-aponta-segundo-caso-positivo-de-covid-19-em-dracena\/"},"wordCount":210,"publisher":{"@id":"https:\/\/radiolifefm.com.br\/noticias\/#organization"},"image":{"@id":"https:\/\/radiolifefm.com.br\/noticias\/resultado-de-exame-particular-aponta-segundo-caso-positivo-de-covid-19-em-dracena\/#primaryimage"},"thumbnailUrl":"https:\/\/radiolifefm.com.br\/noticias\/wp-content\/uploads\/2020\/04\/Santa-Casa-Dracena-1.jpg","articleSection":["Regi\u00e3o"],"inLanguage":"pt-BR"},{"@type":"WebPage","@id":"https:\/\/radiolifefm.com.br\/noticias\/resultado-de-exame-particular-aponta-segundo-caso-positivo-de-covid-19-em-dracena\/","url":"https:\/\/radiolifefm.com.br\/noticias\/resultado-de-exame-particular-aponta-segundo-caso-positivo-de-covid-19-em-dracena\/","name":"Resultado de exame particular aponta segundo caso positivo de Covid-19 em Dracena - R\u00e1dio Life FM","isPartOf":{"@id":"https:\/\/radiolifefm.com.br\/noticias\/#website"},"primaryImageOfPage":{"@id":"https:\/\/radiolifefm.com.br\/noticias\/resultado-de-exame-particular-aponta-segundo-caso-positivo-de-covid-19-em-dracena\/#primaryimage"},"image":{"@id":"https:\/\/radiolifefm.com.br\/noticias\/resultado-de-exame-particular-aponta-segundo-caso-positivo-de-covid-19-em-dracena\/#primaryimage"},"thumbnailUrl":"https:\/\/radiolifefm.com.br\/noticias\/wp-content\/uploads\/2020\/04\/Santa-Casa-Dracena-1.jpg","datePublished":"2020-04-17T12:23:35+00:00","dateModified":"2026-04-19T23:24:14+00:00","breadcrumb":{"@id":"https:\/\/radiolifefm.com.br\/noticias\/resultado-de-exame-particular-aponta-segundo-caso-positivo-de-covid-19-em-dracena\/#breadcrumb"},"inLanguage":"pt-BR","potentialAction":[{"@type":"ReadAction","target":["https:\/\/radiolifefm.com.br\/noticias\/resultado-de-exame-particular-aponta-segundo-caso-positivo-de-covid-19-em-dracena\/"]}]},{"@type":"ImageObject","inLanguage":"pt-BR","@id":"https:\/\/radiolifefm.com.br\/noticias\/resultado-de-exame-particular-aponta-segundo-caso-positivo-de-covid-19-em-dracena\/#primaryimage","url":"https:\/\/radiolifefm.com.br\/noticias\/wp-content\/uploads\/2020\/04\/Santa-Casa-Dracena-1.jpg","contentUrl":"https:\/\/radiolifefm.com.br\/noticias\/wp-content\/uploads\/2020\/04\/Santa-Casa-Dracena-1.jpg","width":610,"height":369},{"@type":"BreadcrumbList","@id":"https:\/\/radiolifefm.com.br\/noticias\/resultado-de-exame-particular-aponta-segundo-caso-positivo-de-covid-19-em-dracena\/#breadcrumb","itemListElement":[{"@type":"ListItem","position":1,"name":"In\u00edcio","item":"https:\/\/radiolifefm.com.br\/noticias\/"},{"@type":"ListItem","position":2,"name":"Resultado de exame particular aponta segundo caso positivo de Covid-19 em Dracena"}]},{"@type":"WebSite","@id":"https:\/\/radiolifefm.com.br\/noticias\/#website","url":"https:\/\/radiolifefm.com.br\/noticias\/","name":"R\u00e1dio Life FM","description":"O Portal de Not\u00edcias de Adamantina","publisher":{"@id":"https:\/\/radiolifefm.com.br\/noticias\/#organization"},"alternateName":"Life FM","potentialAction":[{"@type":"SearchAction","target":{"@type":"EntryPoint","urlTemplate":"https:\/\/radiolifefm.com.br\/noticias\/?s={search_term_string}"},"query-input":{"@type":"PropertyValueSpecification","valueRequired":true,"valueName":"search_term_string"}}],"inLanguage":"pt-BR"},{"@type":"Organization","@id":"https:\/\/radiolifefm.com.br\/noticias\/#organization","name":"R\u00e1dio Life FM","alternateName":"Life FM","url":"https:\/\/radiolifefm.com.br\/noticias\/","logo":{"@type":"ImageObject","inLanguage":"pt-BR","@id":"https:\/\/radiolifefm.com.br\/noticias\/#\/schema\/logo\/image\/","url":"https:\/\/static.radiolifefm.com.br\/noticias\/wp-content\/uploads\/2019\/10\/logo-lifefm.png","contentUrl":"https:\/\/static.radiolifefm.com.br\/noticias\/wp-content\/uploads\/2019\/10\/logo-lifefm.png","width":196,"height":47,"caption":"R\u00e1dio Life FM"},"image":{"@id":"https:\/\/radiolifefm.com.br\/noticias\/#\/schema\/logo\/image\/"},"sameAs":["https:\/\/www.facebook.com\/radiolifefm\/","https:\/\/www.instagram.com\/life1079fm\/"]},{"@type":"Person","@id":"https:\/\/radiolifefm.com.br\/noticias\/#\/schema\/person\/1d4e4b1301322090c6221bf1c8420490","name":"lifefm","image":{"@type":"ImageObject","inLanguage":"pt-BR","@id":"https:\/\/secure.gravatar.com\/avatar\/eca268467d925ec97d20641bb054fd944c0abb2f92854171620706bbe6474e7c?s=96&d=mm&r=g","url":"https:\/\/secure.gravatar.com\/avatar\/eca268467d925ec97d20641bb054fd944c0abb2f92854171620706bbe6474e7c?s=96&d=mm&r=g","contentUrl":"https:\/\/secure.gravatar.com\/avatar\/eca268467d925ec97d20641bb054fd944c0abb2f92854171620706bbe6474e7c?s=96&d=mm&r=g","caption":"lifefm"}}]}},"amp_enabled":true,"_links":{"self":[{"href":"https:\/\/radiolifefm.com.br\/noticias\/wp-json\/wp\/v2\/posts\/22021","targetHints":{"allow":["GET"]}}],"collection":[{"href":"https:\/\/radiolifefm.com.br\/noticias\/wp-json\/wp\/v2\/posts"}],"about":[{"href":"https:\/\/radiolifefm.com.br\/noticias\/wp-json\/wp\/v2\/types\/post"}],"author":[{"embeddable":true,"href":"https:\/\/radiolifefm.com.br\/noticias\/wp-json\/wp\/v2\/users\/3"}],"replies":[{"embeddable":true,"href":"https:\/\/radiolifefm.com.br\/noticias\/wp-json\/wp\/v2\/comments?post=22021"}],"version-history":[{"count":1,"href":"https:\/\/radiolifefm.com.br\/noticias\/wp-json\/wp\/v2\/posts\/22021\/revisions"}],"predecessor-version":[{"id":22023,"href":"https:\/\/radiolifefm.com.br\/noticias\/wp-json\/wp\/v2\/posts\/22021\/revisions\/22023"}],"wp:featuredmedia":[{"embeddable":true,"href":"https:\/\/radiolifefm.com.br\/noticias\/wp-json\/wp\/v2\/media\/22022"}],"wp:attachment":[{"href":"https:\/\/radiolifefm.com.br\/noticias\/wp-json\/wp\/v2\/media?parent=22021"}],"wp:term":[{"taxonomy":"category","embeddable":true,"href":"https:\/\/radiolifefm.com.br\/noticias\/wp-json\/wp\/v2\/categories?post=22021"},{"taxonomy":"post_tag","embeddable":true,"href":"https:\/\/radiolifefm.com.br\/noticias\/wp-json\/wp\/v2\/tags?post=22021"}],"curies":[{"name":"wp","href":"https:\/\/api.w.org\/{rel}","templated":true}]}}