{"id":21956,"date":"2020-04-14T08:24:30","date_gmt":"2020-04-14T11:24:30","guid":{"rendered":"https:\/\/radiolifefm.com.br\/noticias\/?p=21956"},"modified":"2026-04-28T11:56:15","modified_gmt":"2026-04-28T14:56:15","slug":"policia-militar-do-estado-de-sao-paulo-apresenta-balanco-da-operacao-semana-santa-2020","status":"publish","type":"post","link":"https:\/\/radiolifefm.com.br\/noticias\/policia-militar-do-estado-de-sao-paulo-apresenta-balanco-da-operacao-semana-santa-2020\/","title":{"rendered":"Pol\u00edcia Militar do Estado de S\u00e3o Paulo apresenta balan\u00e7o da Opera\u00e7\u00e3o Semana Santa &#8211; 2020"},"content":{"rendered":"<div id=\"fb-root\"><\/div>\n<p>A Segunda Companhia de Pol\u00edcia Rodovi\u00e1ria, sediada em Presidente Prudente, realizou no per\u00edodo compreendido entre as 00h01min do dia 09 de abril de 2020, at\u00e9 \u00e0s 23h59min do dia 12 de Abril de 2020, a \u201cOpera\u00e7\u00e3o Paix\u00e3o de Cristo, Semana Santa 2020\u201d, nas regi\u00f5es de Presidente Prudente, Dracena e Presidente Venceslau, em mais de 1.344,525 Km de rodovias, em um total de 56 munic\u00edpios.<\/p>\n<p><em><strong>Segue os dados comparativos da Opera\u00e7\u00e3o:<\/strong><\/em><\/p>\n<p>Opera\u00e7\u00e3o semana santa 2020<\/p>\n<p>Comparativo da opera\u00e7\u00e3o semana santa de 2020.<br \/>\n2019 -2020 % de 2020 em rela\u00e7\u00e3o a 2019:<\/p>\n<p>ACIDENTES SEM V\u00cdTIMAS 6 4 -33%<\/p>\n<p>ACIDENTES COM V\u00cdTIMAS 7 5 -29%<\/p>\n<p>V\u00cdTIMAS LEVES 5 5 0%<\/p>\n<p>V\u00cdTIMAS GRAVES 6 2 -67%<\/p>\n<p>V\u00cdTIMAS FATAIS 1 0 -100%.<\/p>\n<p>Cabe ressaltar que a maioria dos acidentes poderia ter sido evitada, pois em grande parte dos casos, a causa desses sinistros continua relacionada \u00e0 imprud\u00eancia, neglig\u00eancia ou imper\u00edcia dos condutores ou pedestres, bem como o desrespeito \u00e0s sinaliza\u00e7\u00f5es.<\/p>\n<p>Mediante o planejamento operacional realizado, visando o combate aos diversos il\u00edcitos penais, destacam-se:<\/p>\n<p>&#8211; 01 pessoa presa em flagrante por outros crimes;<\/p>\n<p>&#8211; 104,58 kg de drogas il\u00edcitas apreendidas (maconha, coca\u00edna, crack etc).<\/p>\n<p>O Policiamento Rodovi\u00e1rio continua com os apoios e a\u00e7\u00f5es humanit\u00e1rias, voltados aos usu\u00e1rios em geral (especialmente aos caminhoneiros), auxiliando, principalmente, no transporte de cargas e circula\u00e7\u00e3o de mercadorias, com isso, garantindo o abastecimento de todos os munic\u00edpios do Estado de S\u00e3o Paulo e Estados vizinhos.<\/p>\n<p>A presen\u00e7a e a visibilidade preponderam, sendo cont\u00ednuo o trabalho conjunto com as Concession\u00e1rias de Rodovias, DER, ARTESP e outros parceiros.<\/p>\n<p>Atendimento \u00e0 Imprensa:<\/p>\n<p>As solicita\u00e7\u00f5es de imprensa devem ser feitas com a maior anteced\u00eancia poss\u00edvel por meio da Sala de Imprensa da Pol\u00edcia Militar do Estado de S\u00e3o Paulo, pelo e-mail imprensapm@policiamilitar.sp.gov.br.<\/p>\n","protected":false},"excerpt":{"rendered":"<p>A Segunda Companhia de Pol\u00edcia Rodovi\u00e1ria, sediada em Presidente Prudente, realizou no per\u00edodo compreendido entre as 00h01min do dia 09 de abril de 2020, at\u00e9 \u00e0s 23h59min do dia 12 de Abril de 2020, a \u201cOpera\u00e7\u00e3o Paix\u00e3o de Cristo, Semana Santa 2020\u201d, nas regi\u00f5es de Presidente Prudente, Dracena e Presidente Venceslau, em mais de 1.344,525 [&hellip;]<\/p>\n","protected":false},"author":3,"featured_media":21957,"comment_status":"open","ping_status":"open","sticky":false,"template":"","format":"standard","meta":{"_acf_changed":false,"_exactmetrics_skip_tracking":false,"_exactmetrics_sitenote_active":false,"_exactmetrics_sitenote_note":"","_exactmetrics_sitenote_category":0,"footnotes":""},"categories":[24],"tags":[],"class_list":["post-21956","post","type-post","status-publish","format-standard","has-post-thumbnail","hentry","category-regiao"],"acf":[],"yoast_head":"<!-- This site is optimized with the Yoast SEO plugin v27.2 - https:\/\/yoast.com\/product\/yoast-seo-wordpress\/ -->\n<title>Pol\u00edcia Militar do Estado de S\u00e3o Paulo apresenta balan\u00e7o da Opera\u00e7\u00e3o Semana Santa - 2020 - R\u00e1dio Life FM<\/title>\n<meta name=\"robots\" content=\"index, follow, max-snippet:-1, max-image-preview:large, max-video-preview:-1\" \/>\n<link rel=\"canonical\" href=\"https:\/\/radiolifefm.com.br\/noticias\/policia-militar-do-estado-de-sao-paulo-apresenta-balanco-da-operacao-semana-santa-2020\/\" \/>\n<meta property=\"og:locale\" content=\"pt_BR\" \/>\n<meta property=\"og:type\" content=\"article\" \/>\n<meta property=\"og:title\" content=\"Pol\u00edcia Militar do Estado de S\u00e3o Paulo apresenta balan\u00e7o da Opera\u00e7\u00e3o Semana Santa - 2020 - R\u00e1dio Life FM\" \/>\n<meta property=\"og:description\" content=\"A Segunda Companhia de Pol\u00edcia Rodovi\u00e1ria, sediada em Presidente Prudente, realizou no per\u00edodo compreendido entre as 00h01min do dia 09 de abril de 2020, at\u00e9 \u00e0s 23h59min do dia 12 de Abril de 2020, a \u201cOpera\u00e7\u00e3o Paix\u00e3o de Cristo, Semana Santa 2020\u201d, nas regi\u00f5es de Presidente Prudente, Dracena e Presidente Venceslau, em mais de 1.344,525 [&hellip;]\" \/>\n<meta property=\"og:url\" content=\"https:\/\/radiolifefm.com.br\/noticias\/policia-militar-do-estado-de-sao-paulo-apresenta-balanco-da-operacao-semana-santa-2020\/\" \/>\n<meta property=\"og:site_name\" content=\"R\u00e1dio Life FM\" \/>\n<meta property=\"article:publisher\" content=\"https:\/\/www.facebook.com\/radiolifefm\/\" \/>\n<meta property=\"article:published_time\" content=\"2020-04-14T11:24:30+00:00\" \/>\n<meta property=\"article:modified_time\" content=\"2026-04-28T14:56:15+00:00\" \/>\n<meta property=\"og:image\" content=\"https:\/\/radiolifefm.com.br\/noticias\/wp-content\/uploads\/2020\/04\/Pol\u00edcia-Rodovi\u00e1ria-Imagem-2_M.jpg\" \/>\n\t<meta property=\"og:image:width\" content=\"1280\" \/>\n\t<meta property=\"og:image:height\" content=\"720\" \/>\n\t<meta property=\"og:image:type\" content=\"image\/jpeg\" \/>\n<meta name=\"author\" content=\"lifefm\" \/>\n<meta name=\"twitter:card\" content=\"summary_large_image\" \/>\n<meta name=\"twitter:label1\" content=\"Escrito por\" \/>\n\t<meta name=\"twitter:data1\" content=\"lifefm\" \/>\n\t<meta name=\"twitter:label2\" content=\"Est. tempo de leitura\" \/>\n\t<meta name=\"twitter:data2\" content=\"2 minutos\" \/>\n<script type=\"application\/ld+json\" class=\"yoast-schema-graph\">{\"@context\":\"https:\/\/schema.org\",\"@graph\":[{\"@type\":\"Article\",\"@id\":\"https:\/\/radiolifefm.com.br\/noticias\/policia-militar-do-estado-de-sao-paulo-apresenta-balanco-da-operacao-semana-santa-2020\/#article\",\"isPartOf\":{\"@id\":\"https:\/\/radiolifefm.com.br\/noticias\/policia-militar-do-estado-de-sao-paulo-apresenta-balanco-da-operacao-semana-santa-2020\/\"},\"author\":{\"name\":\"lifefm\",\"@id\":\"https:\/\/radiolifefm.com.br\/noticias\/#\/schema\/person\/1d4e4b1301322090c6221bf1c8420490\"},\"headline\":\"Pol\u00edcia Militar do Estado de S\u00e3o Paulo apresenta balan\u00e7o da Opera\u00e7\u00e3o Semana Santa &#8211; 2020\",\"datePublished\":\"2020-04-14T11:24:30+00:00\",\"dateModified\":\"2026-04-28T14:56:15+00:00\",\"mainEntityOfPage\":{\"@id\":\"https:\/\/radiolifefm.com.br\/noticias\/policia-militar-do-estado-de-sao-paulo-apresenta-balanco-da-operacao-semana-santa-2020\/\"},\"wordCount\":320,\"commentCount\":0,\"publisher\":{\"@id\":\"https:\/\/radiolifefm.com.br\/noticias\/#organization\"},\"image\":{\"@id\":\"https:\/\/radiolifefm.com.br\/noticias\/policia-militar-do-estado-de-sao-paulo-apresenta-balanco-da-operacao-semana-santa-2020\/#primaryimage\"},\"thumbnailUrl\":\"https:\/\/radiolifefm.com.br\/noticias\/wp-content\/uploads\/2020\/04\/Pol\u00edcia-Rodovi\u00e1ria-Imagem-2_M.jpg\",\"articleSection\":[\"Regi\u00e3o\"],\"inLanguage\":\"pt-BR\",\"potentialAction\":[{\"@type\":\"CommentAction\",\"name\":\"Comment\",\"target\":[\"https:\/\/radiolifefm.com.br\/noticias\/policia-militar-do-estado-de-sao-paulo-apresenta-balanco-da-operacao-semana-santa-2020\/#respond\"]}]},{\"@type\":\"WebPage\",\"@id\":\"https:\/\/radiolifefm.com.br\/noticias\/policia-militar-do-estado-de-sao-paulo-apresenta-balanco-da-operacao-semana-santa-2020\/\",\"url\":\"https:\/\/radiolifefm.com.br\/noticias\/policia-militar-do-estado-de-sao-paulo-apresenta-balanco-da-operacao-semana-santa-2020\/\",\"name\":\"Pol\u00edcia Militar do Estado de S\u00e3o Paulo apresenta balan\u00e7o da Opera\u00e7\u00e3o Semana Santa - 2020 - R\u00e1dio Life FM\",\"isPartOf\":{\"@id\":\"https:\/\/radiolifefm.com.br\/noticias\/#website\"},\"primaryImageOfPage\":{\"@id\":\"https:\/\/radiolifefm.com.br\/noticias\/policia-militar-do-estado-de-sao-paulo-apresenta-balanco-da-operacao-semana-santa-2020\/#primaryimage\"},\"image\":{\"@id\":\"https:\/\/radiolifefm.com.br\/noticias\/policia-militar-do-estado-de-sao-paulo-apresenta-balanco-da-operacao-semana-santa-2020\/#primaryimage\"},\"thumbnailUrl\":\"https:\/\/radiolifefm.com.br\/noticias\/wp-content\/uploads\/2020\/04\/Pol\u00edcia-Rodovi\u00e1ria-Imagem-2_M.jpg\",\"datePublished\":\"2020-04-14T11:24:30+00:00\",\"dateModified\":\"2026-04-28T14:56:15+00:00\",\"breadcrumb\":{\"@id\":\"https:\/\/radiolifefm.com.br\/noticias\/policia-militar-do-estado-de-sao-paulo-apresenta-balanco-da-operacao-semana-santa-2020\/#breadcrumb\"},\"inLanguage\":\"pt-BR\",\"potentialAction\":[{\"@type\":\"ReadAction\",\"target\":[\"https:\/\/radiolifefm.com.br\/noticias\/policia-militar-do-estado-de-sao-paulo-apresenta-balanco-da-operacao-semana-santa-2020\/\"]}]},{\"@type\":\"ImageObject\",\"inLanguage\":\"pt-BR\",\"@id\":\"https:\/\/radiolifefm.com.br\/noticias\/policia-militar-do-estado-de-sao-paulo-apresenta-balanco-da-operacao-semana-santa-2020\/#primaryimage\",\"url\":\"https:\/\/radiolifefm.com.br\/noticias\/wp-content\/uploads\/2020\/04\/Pol\u00edcia-Rodovi\u00e1ria-Imagem-2_M.jpg\",\"contentUrl\":\"https:\/\/radiolifefm.com.br\/noticias\/wp-content\/uploads\/2020\/04\/Pol\u00edcia-Rodovi\u00e1ria-Imagem-2_M.jpg\",\"width\":1280,\"height\":720},{\"@type\":\"BreadcrumbList\",\"@id\":\"https:\/\/radiolifefm.com.br\/noticias\/policia-militar-do-estado-de-sao-paulo-apresenta-balanco-da-operacao-semana-santa-2020\/#breadcrumb\",\"itemListElement\":[{\"@type\":\"ListItem\",\"position\":1,\"name\":\"In\u00edcio\",\"item\":\"https:\/\/radiolifefm.com.br\/noticias\/\"},{\"@type\":\"ListItem\",\"position\":2,\"name\":\"Pol\u00edcia Militar do Estado de S\u00e3o Paulo apresenta balan\u00e7o da Opera\u00e7\u00e3o Semana Santa &#8211; 2020\"}]},{\"@type\":\"WebSite\",\"@id\":\"https:\/\/radiolifefm.com.br\/noticias\/#website\",\"url\":\"https:\/\/radiolifefm.com.br\/noticias\/\",\"name\":\"R\u00e1dio Life FM\",\"description\":\"O Portal de Not\u00edcias de Adamantina\",\"publisher\":{\"@id\":\"https:\/\/radiolifefm.com.br\/noticias\/#organization\"},\"alternateName\":\"Life FM\",\"potentialAction\":[{\"@type\":\"SearchAction\",\"target\":{\"@type\":\"EntryPoint\",\"urlTemplate\":\"https:\/\/radiolifefm.com.br\/noticias\/?s={search_term_string}\"},\"query-input\":{\"@type\":\"PropertyValueSpecification\",\"valueRequired\":true,\"valueName\":\"search_term_string\"}}],\"inLanguage\":\"pt-BR\"},{\"@type\":\"Organization\",\"@id\":\"https:\/\/radiolifefm.com.br\/noticias\/#organization\",\"name\":\"R\u00e1dio Life FM\",\"alternateName\":\"Life FM\",\"url\":\"https:\/\/radiolifefm.com.br\/noticias\/\",\"logo\":{\"@type\":\"ImageObject\",\"inLanguage\":\"pt-BR\",\"@id\":\"https:\/\/radiolifefm.com.br\/noticias\/#\/schema\/logo\/image\/\",\"url\":\"https:\/\/static.radiolifefm.com.br\/noticias\/wp-content\/uploads\/2019\/10\/logo-lifefm.png\",\"contentUrl\":\"https:\/\/static.radiolifefm.com.br\/noticias\/wp-content\/uploads\/2019\/10\/logo-lifefm.png\",\"width\":196,\"height\":47,\"caption\":\"R\u00e1dio Life FM\"},\"image\":{\"@id\":\"https:\/\/radiolifefm.com.br\/noticias\/#\/schema\/logo\/image\/\"},\"sameAs\":[\"https:\/\/www.facebook.com\/radiolifefm\/\",\"https:\/\/www.instagram.com\/life1079fm\/\"]},{\"@type\":\"Person\",\"@id\":\"https:\/\/radiolifefm.com.br\/noticias\/#\/schema\/person\/1d4e4b1301322090c6221bf1c8420490\",\"name\":\"lifefm\",\"image\":{\"@type\":\"ImageObject\",\"inLanguage\":\"pt-BR\",\"@id\":\"https:\/\/secure.gravatar.com\/avatar\/eca268467d925ec97d20641bb054fd944c0abb2f92854171620706bbe6474e7c?s=96&d=mm&r=g\",\"url\":\"https:\/\/secure.gravatar.com\/avatar\/eca268467d925ec97d20641bb054fd944c0abb2f92854171620706bbe6474e7c?s=96&d=mm&r=g\",\"contentUrl\":\"https:\/\/secure.gravatar.com\/avatar\/eca268467d925ec97d20641bb054fd944c0abb2f92854171620706bbe6474e7c?s=96&d=mm&r=g\",\"caption\":\"lifefm\"}}]}<\/script>\n<!-- \/ Yoast SEO plugin. -->","yoast_head_json":{"title":"Pol\u00edcia Militar do Estado de S\u00e3o Paulo apresenta balan\u00e7o da Opera\u00e7\u00e3o Semana Santa - 2020 - R\u00e1dio Life FM","robots":{"index":"index","follow":"follow","max-snippet":"max-snippet:-1","max-image-preview":"max-image-preview:large","max-video-preview":"max-video-preview:-1"},"canonical":"https:\/\/radiolifefm.com.br\/noticias\/policia-militar-do-estado-de-sao-paulo-apresenta-balanco-da-operacao-semana-santa-2020\/","og_locale":"pt_BR","og_type":"article","og_title":"Pol\u00edcia Militar do Estado de S\u00e3o Paulo apresenta balan\u00e7o da Opera\u00e7\u00e3o Semana Santa - 2020 - R\u00e1dio Life FM","og_description":"A Segunda Companhia de Pol\u00edcia Rodovi\u00e1ria, sediada em Presidente Prudente, realizou no per\u00edodo compreendido entre as 00h01min do dia 09 de abril de 2020, at\u00e9 \u00e0s 23h59min do dia 12 de Abril de 2020, a \u201cOpera\u00e7\u00e3o Paix\u00e3o de Cristo, Semana Santa 2020\u201d, nas regi\u00f5es de Presidente Prudente, Dracena e Presidente Venceslau, em mais de 1.344,525 [&hellip;]","og_url":"https:\/\/radiolifefm.com.br\/noticias\/policia-militar-do-estado-de-sao-paulo-apresenta-balanco-da-operacao-semana-santa-2020\/","og_site_name":"R\u00e1dio Life FM","article_publisher":"https:\/\/www.facebook.com\/radiolifefm\/","article_published_time":"2020-04-14T11:24:30+00:00","article_modified_time":"2026-04-28T14:56:15+00:00","og_image":[{"width":1280,"height":720,"url":"https:\/\/radiolifefm.com.br\/noticias\/wp-content\/uploads\/2020\/04\/Pol\u00edcia-Rodovi\u00e1ria-Imagem-2_M.jpg","type":"image\/jpeg"}],"author":"lifefm","twitter_card":"summary_large_image","twitter_misc":{"Escrito por":"lifefm","Est. tempo de leitura":"2 minutos"},"schema":{"@context":"https:\/\/schema.org","@graph":[{"@type":"Article","@id":"https:\/\/radiolifefm.com.br\/noticias\/policia-militar-do-estado-de-sao-paulo-apresenta-balanco-da-operacao-semana-santa-2020\/#article","isPartOf":{"@id":"https:\/\/radiolifefm.com.br\/noticias\/policia-militar-do-estado-de-sao-paulo-apresenta-balanco-da-operacao-semana-santa-2020\/"},"author":{"name":"lifefm","@id":"https:\/\/radiolifefm.com.br\/noticias\/#\/schema\/person\/1d4e4b1301322090c6221bf1c8420490"},"headline":"Pol\u00edcia Militar do Estado de S\u00e3o Paulo apresenta balan\u00e7o da Opera\u00e7\u00e3o Semana Santa &#8211; 2020","datePublished":"2020-04-14T11:24:30+00:00","dateModified":"2026-04-28T14:56:15+00:00","mainEntityOfPage":{"@id":"https:\/\/radiolifefm.com.br\/noticias\/policia-militar-do-estado-de-sao-paulo-apresenta-balanco-da-operacao-semana-santa-2020\/"},"wordCount":320,"commentCount":0,"publisher":{"@id":"https:\/\/radiolifefm.com.br\/noticias\/#organization"},"image":{"@id":"https:\/\/radiolifefm.com.br\/noticias\/policia-militar-do-estado-de-sao-paulo-apresenta-balanco-da-operacao-semana-santa-2020\/#primaryimage"},"thumbnailUrl":"https:\/\/radiolifefm.com.br\/noticias\/wp-content\/uploads\/2020\/04\/Pol\u00edcia-Rodovi\u00e1ria-Imagem-2_M.jpg","articleSection":["Regi\u00e3o"],"inLanguage":"pt-BR","potentialAction":[{"@type":"CommentAction","name":"Comment","target":["https:\/\/radiolifefm.com.br\/noticias\/policia-militar-do-estado-de-sao-paulo-apresenta-balanco-da-operacao-semana-santa-2020\/#respond"]}]},{"@type":"WebPage","@id":"https:\/\/radiolifefm.com.br\/noticias\/policia-militar-do-estado-de-sao-paulo-apresenta-balanco-da-operacao-semana-santa-2020\/","url":"https:\/\/radiolifefm.com.br\/noticias\/policia-militar-do-estado-de-sao-paulo-apresenta-balanco-da-operacao-semana-santa-2020\/","name":"Pol\u00edcia Militar do Estado de S\u00e3o Paulo apresenta balan\u00e7o da Opera\u00e7\u00e3o Semana Santa - 2020 - R\u00e1dio Life FM","isPartOf":{"@id":"https:\/\/radiolifefm.com.br\/noticias\/#website"},"primaryImageOfPage":{"@id":"https:\/\/radiolifefm.com.br\/noticias\/policia-militar-do-estado-de-sao-paulo-apresenta-balanco-da-operacao-semana-santa-2020\/#primaryimage"},"image":{"@id":"https:\/\/radiolifefm.com.br\/noticias\/policia-militar-do-estado-de-sao-paulo-apresenta-balanco-da-operacao-semana-santa-2020\/#primaryimage"},"thumbnailUrl":"https:\/\/radiolifefm.com.br\/noticias\/wp-content\/uploads\/2020\/04\/Pol\u00edcia-Rodovi\u00e1ria-Imagem-2_M.jpg","datePublished":"2020-04-14T11:24:30+00:00","dateModified":"2026-04-28T14:56:15+00:00","breadcrumb":{"@id":"https:\/\/radiolifefm.com.br\/noticias\/policia-militar-do-estado-de-sao-paulo-apresenta-balanco-da-operacao-semana-santa-2020\/#breadcrumb"},"inLanguage":"pt-BR","potentialAction":[{"@type":"ReadAction","target":["https:\/\/radiolifefm.com.br\/noticias\/policia-militar-do-estado-de-sao-paulo-apresenta-balanco-da-operacao-semana-santa-2020\/"]}]},{"@type":"ImageObject","inLanguage":"pt-BR","@id":"https:\/\/radiolifefm.com.br\/noticias\/policia-militar-do-estado-de-sao-paulo-apresenta-balanco-da-operacao-semana-santa-2020\/#primaryimage","url":"https:\/\/radiolifefm.com.br\/noticias\/wp-content\/uploads\/2020\/04\/Pol\u00edcia-Rodovi\u00e1ria-Imagem-2_M.jpg","contentUrl":"https:\/\/radiolifefm.com.br\/noticias\/wp-content\/uploads\/2020\/04\/Pol\u00edcia-Rodovi\u00e1ria-Imagem-2_M.jpg","width":1280,"height":720},{"@type":"BreadcrumbList","@id":"https:\/\/radiolifefm.com.br\/noticias\/policia-militar-do-estado-de-sao-paulo-apresenta-balanco-da-operacao-semana-santa-2020\/#breadcrumb","itemListElement":[{"@type":"ListItem","position":1,"name":"In\u00edcio","item":"https:\/\/radiolifefm.com.br\/noticias\/"},{"@type":"ListItem","position":2,"name":"Pol\u00edcia Militar do Estado de S\u00e3o Paulo apresenta balan\u00e7o da Opera\u00e7\u00e3o Semana Santa &#8211; 2020"}]},{"@type":"WebSite","@id":"https:\/\/radiolifefm.com.br\/noticias\/#website","url":"https:\/\/radiolifefm.com.br\/noticias\/","name":"R\u00e1dio Life FM","description":"O Portal de Not\u00edcias de Adamantina","publisher":{"@id":"https:\/\/radiolifefm.com.br\/noticias\/#organization"},"alternateName":"Life FM","potentialAction":[{"@type":"SearchAction","target":{"@type":"EntryPoint","urlTemplate":"https:\/\/radiolifefm.com.br\/noticias\/?s={search_term_string}"},"query-input":{"@type":"PropertyValueSpecification","valueRequired":true,"valueName":"search_term_string"}}],"inLanguage":"pt-BR"},{"@type":"Organization","@id":"https:\/\/radiolifefm.com.br\/noticias\/#organization","name":"R\u00e1dio Life FM","alternateName":"Life FM","url":"https:\/\/radiolifefm.com.br\/noticias\/","logo":{"@type":"ImageObject","inLanguage":"pt-BR","@id":"https:\/\/radiolifefm.com.br\/noticias\/#\/schema\/logo\/image\/","url":"https:\/\/static.radiolifefm.com.br\/noticias\/wp-content\/uploads\/2019\/10\/logo-lifefm.png","contentUrl":"https:\/\/static.radiolifefm.com.br\/noticias\/wp-content\/uploads\/2019\/10\/logo-lifefm.png","width":196,"height":47,"caption":"R\u00e1dio Life FM"},"image":{"@id":"https:\/\/radiolifefm.com.br\/noticias\/#\/schema\/logo\/image\/"},"sameAs":["https:\/\/www.facebook.com\/radiolifefm\/","https:\/\/www.instagram.com\/life1079fm\/"]},{"@type":"Person","@id":"https:\/\/radiolifefm.com.br\/noticias\/#\/schema\/person\/1d4e4b1301322090c6221bf1c8420490","name":"lifefm","image":{"@type":"ImageObject","inLanguage":"pt-BR","@id":"https:\/\/secure.gravatar.com\/avatar\/eca268467d925ec97d20641bb054fd944c0abb2f92854171620706bbe6474e7c?s=96&d=mm&r=g","url":"https:\/\/secure.gravatar.com\/avatar\/eca268467d925ec97d20641bb054fd944c0abb2f92854171620706bbe6474e7c?s=96&d=mm&r=g","contentUrl":"https:\/\/secure.gravatar.com\/avatar\/eca268467d925ec97d20641bb054fd944c0abb2f92854171620706bbe6474e7c?s=96&d=mm&r=g","caption":"lifefm"}}]}},"amp_enabled":true,"_links":{"self":[{"href":"https:\/\/radiolifefm.com.br\/noticias\/wp-json\/wp\/v2\/posts\/21956","targetHints":{"allow":["GET"]}}],"collection":[{"href":"https:\/\/radiolifefm.com.br\/noticias\/wp-json\/wp\/v2\/posts"}],"about":[{"href":"https:\/\/radiolifefm.com.br\/noticias\/wp-json\/wp\/v2\/types\/post"}],"author":[{"embeddable":true,"href":"https:\/\/radiolifefm.com.br\/noticias\/wp-json\/wp\/v2\/users\/3"}],"replies":[{"embeddable":true,"href":"https:\/\/radiolifefm.com.br\/noticias\/wp-json\/wp\/v2\/comments?post=21956"}],"version-history":[{"count":1,"href":"https:\/\/radiolifefm.com.br\/noticias\/wp-json\/wp\/v2\/posts\/21956\/revisions"}],"predecessor-version":[{"id":21958,"href":"https:\/\/radiolifefm.com.br\/noticias\/wp-json\/wp\/v2\/posts\/21956\/revisions\/21958"}],"wp:featuredmedia":[{"embeddable":true,"href":"https:\/\/radiolifefm.com.br\/noticias\/wp-json\/wp\/v2\/media\/21957"}],"wp:attachment":[{"href":"https:\/\/radiolifefm.com.br\/noticias\/wp-json\/wp\/v2\/media?parent=21956"}],"wp:term":[{"taxonomy":"category","embeddable":true,"href":"https:\/\/radiolifefm.com.br\/noticias\/wp-json\/wp\/v2\/categories?post=21956"},{"taxonomy":"post_tag","embeddable":true,"href":"https:\/\/radiolifefm.com.br\/noticias\/wp-json\/wp\/v2\/tags?post=21956"}],"curies":[{"name":"wp","href":"https:\/\/api.w.org\/{rel}","templated":true}]}}