{"id":21789,"date":"2020-04-08T19:55:24","date_gmt":"2020-04-08T22:55:24","guid":{"rendered":"https:\/\/radiolifefm.com.br\/noticias\/?p=21789"},"modified":"2026-04-16T12:05:10","modified_gmt":"2026-04-16T15:05:10","slug":"hoje-08-04-o-programa-universal-nos-presidios-da-igreja-universal-do-reino-de-deus-realizou-a-entrega-dos-kits-de-higiene-pessoal-no-oeste-paulista","status":"publish","type":"post","link":"https:\/\/radiolifefm.com.br\/noticias\/hoje-08-04-o-programa-universal-nos-presidios-da-igreja-universal-do-reino-de-deus-realizou-a-entrega-dos-kits-de-higiene-pessoal-no-oeste-paulista\/","title":{"rendered":"Hoje (08\/04) o Programa Universal nos Pres\u00eddios da Igreja Universal do Reino de Deus realizou a entrega dos kits de higiene pessoal no Oeste Paulista"},"content":{"rendered":"<div id=\"fb-root\"><\/div>\n<p>Nesta quarta-feira (08), aconteceu mais uma mobiliza\u00e7\u00e3o da UNP (Universal nos Pres\u00eddios), um programa da Igreja Universal do Reino de Deus nos pres\u00eddios, na regi\u00e3o do Oeste Paulista com a entrega da primeira etapa da campanha dos Kits de material de higiene pessoal.<\/p>\n<p>A campanha teve in\u00edcio ainda no m\u00eas de fevereiro com os pedidos das doa\u00e7\u00f5es e foi realizada em n\u00edvel nacional, arrecadando aproximadamente 500 mil kits de material de higiene pessoal para a popula\u00e7\u00e3o carcer\u00e1ria.<\/p>\n<p>Em todo o n\u00edvel nacional a entrega da primeira etapa teve in\u00edcio no \u00faltimo dia 03 e aqui na regi\u00e3o Oeste iniciou com a entrega de 440 kits na unidade do Presidio de Mirand\u00f3polis, e hoje (08) na Penitenci\u00e1ria de Luc\u00e9lia foram entregues 600 kits de material de higiene.<\/p>\n<p>&nbsp;<\/p>\n<p>O Pastor Henrique Rodrigues coordenador do grupo da UNP na regi\u00e3o Oeste do estado de S\u00e3o Paulo agradece e parabeniza todo empenho dos pastores e volunt\u00e1rios para que mais essa a\u00e7\u00e3o pudesse ser realizada.<\/p>\n<div class='flex flex-wrap items-center -mx-1'>\r\n<a class='thumbnail gallery p-1 w-1\/2 md:w-1\/4' href='https:\/\/radiolifefm.com.br\/noticias\/wp-content\/uploads\/2020\/04\/WhatsApp-Image-2020-04-08-at-19.34.55-1.jpeg'><img class='border border-white' src='https:\/\/radiolifefm.com.br\/noticias\/wp-content\/uploads\/2020\/04\/WhatsApp-Image-2020-04-08-at-19.34.55-1-200x200.jpeg' alt='WhatsApp Image 2020 04 08 At 19.34.55 (1)' \/><\/a><a class='thumbnail gallery p-1 w-1\/2 md:w-1\/4' href='https:\/\/radiolifefm.com.br\/noticias\/wp-content\/uploads\/2020\/04\/WhatsApp-Image-2020-04-08-at-19.34.55-2.jpeg'><img class='border border-white' src='https:\/\/radiolifefm.com.br\/noticias\/wp-content\/uploads\/2020\/04\/WhatsApp-Image-2020-04-08-at-19.34.55-2-200x200.jpeg' alt='WhatsApp Image 2020 04 08 At 19.34.55 (2)' \/><\/a><a class='thumbnail gallery p-1 w-1\/2 md:w-1\/4' href='https:\/\/radiolifefm.com.br\/noticias\/wp-content\/uploads\/2020\/04\/WhatsApp-Image-2020-04-08-at-19.34.55.jpeg'><img class='border border-white' src='https:\/\/radiolifefm.com.br\/noticias\/wp-content\/uploads\/2020\/04\/WhatsApp-Image-2020-04-08-at-19.34.55-200x200.jpeg' alt='WhatsApp Image 2020 04 08 At 19.34.55' \/><\/a><a class='thumbnail gallery p-1 w-1\/2 md:w-1\/4' href='https:\/\/radiolifefm.com.br\/noticias\/wp-content\/uploads\/2020\/04\/WhatsApp-Image-2020-04-08-at-19.34.56-1.jpeg'><img class='border border-white' src='https:\/\/radiolifefm.com.br\/noticias\/wp-content\/uploads\/2020\/04\/WhatsApp-Image-2020-04-08-at-19.34.56-1-200x200.jpeg' alt='WhatsApp Image 2020 04 08 At 19.34.56 (1)' \/><\/a><a class='thumbnail gallery p-1 w-1\/2 md:w-1\/4' href='https:\/\/radiolifefm.com.br\/noticias\/wp-content\/uploads\/2020\/04\/WhatsApp-Image-2020-04-08-at-19.34.56-2.jpeg'><img class='border border-white' src='https:\/\/radiolifefm.com.br\/noticias\/wp-content\/uploads\/2020\/04\/WhatsApp-Image-2020-04-08-at-19.34.56-2-200x200.jpeg' alt='WhatsApp Image 2020 04 08 At 19.34.56 (2)' \/><\/a><a class='thumbnail gallery p-1 w-1\/2 md:w-1\/4' href='https:\/\/radiolifefm.com.br\/noticias\/wp-content\/uploads\/2020\/04\/WhatsApp-Image-2020-04-08-at-19.34.56.jpeg'><img class='border border-white' src='https:\/\/radiolifefm.com.br\/noticias\/wp-content\/uploads\/2020\/04\/WhatsApp-Image-2020-04-08-at-19.34.56-200x200.jpeg' alt='WhatsApp Image 2020 04 08 At 19.34.56' \/><\/a><a class='thumbnail gallery p-1 w-1\/2 md:w-1\/4' href='https:\/\/radiolifefm.com.br\/noticias\/wp-content\/uploads\/2020\/04\/WhatsApp-Image-2020-04-08-at-19.34.57-1.jpeg'><img class='border border-white' src='https:\/\/radiolifefm.com.br\/noticias\/wp-content\/uploads\/2020\/04\/WhatsApp-Image-2020-04-08-at-19.34.57-1-200x200.jpeg' alt='WhatsApp Image 2020 04 08 At 19.34.57 (1)' \/><\/a><a class='thumbnail gallery p-1 w-1\/2 md:w-1\/4' href='https:\/\/radiolifefm.com.br\/noticias\/wp-content\/uploads\/2020\/04\/WhatsApp-Image-2020-04-08-at-19.34.57-2.jpeg'><img class='border border-white' src='https:\/\/radiolifefm.com.br\/noticias\/wp-content\/uploads\/2020\/04\/WhatsApp-Image-2020-04-08-at-19.34.57-2-200x200.jpeg' alt='WhatsApp Image 2020 04 08 At 19.34.57 (2)' \/><\/a><a class='thumbnail gallery p-1 w-1\/2 md:w-1\/4' href='https:\/\/radiolifefm.com.br\/noticias\/wp-content\/uploads\/2020\/04\/WhatsApp-Image-2020-04-08-at-19.34.57-3.jpeg'><img class='border border-white' src='https:\/\/radiolifefm.com.br\/noticias\/wp-content\/uploads\/2020\/04\/WhatsApp-Image-2020-04-08-at-19.34.57-3-200x200.jpeg' alt='WhatsApp Image 2020 04 08 At 19.34.57 (3)' \/><\/a><a class='thumbnail gallery p-1 w-1\/2 md:w-1\/4' href='https:\/\/radiolifefm.com.br\/noticias\/wp-content\/uploads\/2020\/04\/WhatsApp-Image-2020-04-08-at-19.34.57.jpeg'><img class='border border-white' src='https:\/\/radiolifefm.com.br\/noticias\/wp-content\/uploads\/2020\/04\/WhatsApp-Image-2020-04-08-at-19.34.57-200x200.jpeg' alt='WhatsApp Image 2020 04 08 At 19.34.57' \/><\/a><\/div>\n<p>&nbsp;<\/p>\n","protected":false},"excerpt":{"rendered":"<p>Nesta quarta-feira (08), aconteceu mais uma mobiliza\u00e7\u00e3o da UNP (Universal nos Pres\u00eddios), um programa da Igreja Universal do Reino de Deus nos pres\u00eddios, na regi\u00e3o do Oeste Paulista com a entrega da primeira etapa da campanha dos Kits de material de higiene pessoal. A campanha teve in\u00edcio ainda no m\u00eas de fevereiro com os pedidos [&hellip;]<\/p>\n","protected":false},"author":8,"featured_media":21795,"comment_status":"closed","ping_status":"open","sticky":false,"template":"","format":"standard","meta":{"_acf_changed":false,"_exactmetrics_skip_tracking":false,"_exactmetrics_sitenote_active":false,"_exactmetrics_sitenote_note":"","_exactmetrics_sitenote_category":0,"footnotes":""},"categories":[24],"tags":[],"class_list":["post-21789","post","type-post","status-publish","format-standard","has-post-thumbnail","hentry","category-regiao"],"acf":[],"yoast_head":"<!-- This site is optimized with the Yoast SEO plugin v27.2 - https:\/\/yoast.com\/product\/yoast-seo-wordpress\/ -->\n<title>Hoje (08\/04) o Programa Universal nos Pres\u00eddios da Igreja Universal do Reino de Deus realizou a entrega dos kits de higiene pessoal no Oeste Paulista - R\u00e1dio Life FM<\/title>\n<meta name=\"robots\" content=\"index, follow, max-snippet:-1, max-image-preview:large, max-video-preview:-1\" \/>\n<link rel=\"canonical\" href=\"https:\/\/radiolifefm.com.br\/noticias\/hoje-08-04-o-programa-universal-nos-presidios-da-igreja-universal-do-reino-de-deus-realizou-a-entrega-dos-kits-de-higiene-pessoal-no-oeste-paulista\/\" \/>\n<meta property=\"og:locale\" content=\"pt_BR\" \/>\n<meta property=\"og:type\" content=\"article\" \/>\n<meta property=\"og:title\" content=\"Hoje (08\/04) o Programa Universal nos Pres\u00eddios da Igreja Universal do Reino de Deus realizou a entrega dos kits de higiene pessoal no Oeste Paulista - R\u00e1dio Life FM\" \/>\n<meta property=\"og:description\" content=\"Nesta quarta-feira (08), aconteceu mais uma mobiliza\u00e7\u00e3o da UNP (Universal nos Pres\u00eddios), um programa da Igreja Universal do Reino de Deus nos pres\u00eddios, na regi\u00e3o do Oeste Paulista com a entrega da primeira etapa da campanha dos Kits de material de higiene pessoal. A campanha teve in\u00edcio ainda no m\u00eas de fevereiro com os pedidos [&hellip;]\" \/>\n<meta property=\"og:url\" content=\"https:\/\/radiolifefm.com.br\/noticias\/hoje-08-04-o-programa-universal-nos-presidios-da-igreja-universal-do-reino-de-deus-realizou-a-entrega-dos-kits-de-higiene-pessoal-no-oeste-paulista\/\" \/>\n<meta property=\"og:site_name\" content=\"R\u00e1dio Life FM\" \/>\n<meta property=\"article:publisher\" content=\"https:\/\/www.facebook.com\/radiolifefm\/\" \/>\n<meta property=\"article:published_time\" content=\"2020-04-08T22:55:24+00:00\" \/>\n<meta property=\"article:modified_time\" content=\"2026-04-16T15:05:10+00:00\" \/>\n<meta property=\"og:image\" content=\"https:\/\/radiolifefm.com.br\/noticias\/wp-content\/uploads\/2020\/04\/WhatsApp-Image-2020-04-08-at-19.34.56-2.jpeg\" \/>\n\t<meta property=\"og:image:width\" content=\"1280\" \/>\n\t<meta property=\"og:image:height\" content=\"590\" \/>\n\t<meta property=\"og:image:type\" content=\"image\/jpeg\" \/>\n<meta name=\"author\" content=\"joaograndao\" \/>\n<meta name=\"twitter:card\" content=\"summary_large_image\" \/>\n<meta name=\"twitter:label1\" content=\"Escrito por\" \/>\n\t<meta name=\"twitter:data1\" content=\"joaograndao\" \/>\n\t<meta name=\"twitter:label2\" content=\"Est. tempo de leitura\" \/>\n\t<meta name=\"twitter:data2\" content=\"1 minuto\" \/>\n<script type=\"application\/ld+json\" class=\"yoast-schema-graph\">{\"@context\":\"https:\/\/schema.org\",\"@graph\":[{\"@type\":\"Article\",\"@id\":\"https:\/\/radiolifefm.com.br\/noticias\/hoje-08-04-o-programa-universal-nos-presidios-da-igreja-universal-do-reino-de-deus-realizou-a-entrega-dos-kits-de-higiene-pessoal-no-oeste-paulista\/#article\",\"isPartOf\":{\"@id\":\"https:\/\/radiolifefm.com.br\/noticias\/hoje-08-04-o-programa-universal-nos-presidios-da-igreja-universal-do-reino-de-deus-realizou-a-entrega-dos-kits-de-higiene-pessoal-no-oeste-paulista\/\"},\"author\":{\"name\":\"joaograndao\",\"@id\":\"https:\/\/radiolifefm.com.br\/noticias\/#\/schema\/person\/6876e1240feffe6e1b63fd5cb85abf28\"},\"headline\":\"Hoje (08\/04) o Programa Universal nos Pres\u00eddios da Igreja Universal do Reino de Deus realizou a entrega dos kits de higiene pessoal no Oeste Paulista\",\"datePublished\":\"2020-04-08T22:55:24+00:00\",\"dateModified\":\"2026-04-16T15:05:10+00:00\",\"mainEntityOfPage\":{\"@id\":\"https:\/\/radiolifefm.com.br\/noticias\/hoje-08-04-o-programa-universal-nos-presidios-da-igreja-universal-do-reino-de-deus-realizou-a-entrega-dos-kits-de-higiene-pessoal-no-oeste-paulista\/\"},\"wordCount\":203,\"publisher\":{\"@id\":\"https:\/\/radiolifefm.com.br\/noticias\/#organization\"},\"image\":{\"@id\":\"https:\/\/radiolifefm.com.br\/noticias\/hoje-08-04-o-programa-universal-nos-presidios-da-igreja-universal-do-reino-de-deus-realizou-a-entrega-dos-kits-de-higiene-pessoal-no-oeste-paulista\/#primaryimage\"},\"thumbnailUrl\":\"https:\/\/radiolifefm.com.br\/noticias\/wp-content\/uploads\/2020\/04\/WhatsApp-Image-2020-04-08-at-19.34.56-2.jpeg\",\"articleSection\":[\"Regi\u00e3o\"],\"inLanguage\":\"pt-BR\"},{\"@type\":\"WebPage\",\"@id\":\"https:\/\/radiolifefm.com.br\/noticias\/hoje-08-04-o-programa-universal-nos-presidios-da-igreja-universal-do-reino-de-deus-realizou-a-entrega-dos-kits-de-higiene-pessoal-no-oeste-paulista\/\",\"url\":\"https:\/\/radiolifefm.com.br\/noticias\/hoje-08-04-o-programa-universal-nos-presidios-da-igreja-universal-do-reino-de-deus-realizou-a-entrega-dos-kits-de-higiene-pessoal-no-oeste-paulista\/\",\"name\":\"Hoje (08\/04) o Programa Universal nos Pres\u00eddios da Igreja Universal do Reino de Deus realizou a entrega dos kits de higiene pessoal no Oeste Paulista - R\u00e1dio Life FM\",\"isPartOf\":{\"@id\":\"https:\/\/radiolifefm.com.br\/noticias\/#website\"},\"primaryImageOfPage\":{\"@id\":\"https:\/\/radiolifefm.com.br\/noticias\/hoje-08-04-o-programa-universal-nos-presidios-da-igreja-universal-do-reino-de-deus-realizou-a-entrega-dos-kits-de-higiene-pessoal-no-oeste-paulista\/#primaryimage\"},\"image\":{\"@id\":\"https:\/\/radiolifefm.com.br\/noticias\/hoje-08-04-o-programa-universal-nos-presidios-da-igreja-universal-do-reino-de-deus-realizou-a-entrega-dos-kits-de-higiene-pessoal-no-oeste-paulista\/#primaryimage\"},\"thumbnailUrl\":\"https:\/\/radiolifefm.com.br\/noticias\/wp-content\/uploads\/2020\/04\/WhatsApp-Image-2020-04-08-at-19.34.56-2.jpeg\",\"datePublished\":\"2020-04-08T22:55:24+00:00\",\"dateModified\":\"2026-04-16T15:05:10+00:00\",\"breadcrumb\":{\"@id\":\"https:\/\/radiolifefm.com.br\/noticias\/hoje-08-04-o-programa-universal-nos-presidios-da-igreja-universal-do-reino-de-deus-realizou-a-entrega-dos-kits-de-higiene-pessoal-no-oeste-paulista\/#breadcrumb\"},\"inLanguage\":\"pt-BR\",\"potentialAction\":[{\"@type\":\"ReadAction\",\"target\":[\"https:\/\/radiolifefm.com.br\/noticias\/hoje-08-04-o-programa-universal-nos-presidios-da-igreja-universal-do-reino-de-deus-realizou-a-entrega-dos-kits-de-higiene-pessoal-no-oeste-paulista\/\"]}]},{\"@type\":\"ImageObject\",\"inLanguage\":\"pt-BR\",\"@id\":\"https:\/\/radiolifefm.com.br\/noticias\/hoje-08-04-o-programa-universal-nos-presidios-da-igreja-universal-do-reino-de-deus-realizou-a-entrega-dos-kits-de-higiene-pessoal-no-oeste-paulista\/#primaryimage\",\"url\":\"https:\/\/radiolifefm.com.br\/noticias\/wp-content\/uploads\/2020\/04\/WhatsApp-Image-2020-04-08-at-19.34.56-2.jpeg\",\"contentUrl\":\"https:\/\/radiolifefm.com.br\/noticias\/wp-content\/uploads\/2020\/04\/WhatsApp-Image-2020-04-08-at-19.34.56-2.jpeg\",\"width\":1280,\"height\":590,\"caption\":\"Fotos UNP comunica\u00e7\u00e3o\"},{\"@type\":\"BreadcrumbList\",\"@id\":\"https:\/\/radiolifefm.com.br\/noticias\/hoje-08-04-o-programa-universal-nos-presidios-da-igreja-universal-do-reino-de-deus-realizou-a-entrega-dos-kits-de-higiene-pessoal-no-oeste-paulista\/#breadcrumb\",\"itemListElement\":[{\"@type\":\"ListItem\",\"position\":1,\"name\":\"In\u00edcio\",\"item\":\"https:\/\/radiolifefm.com.br\/noticias\/\"},{\"@type\":\"ListItem\",\"position\":2,\"name\":\"Hoje (08\/04) o Programa Universal nos Pres\u00eddios da Igreja Universal do Reino de Deus realizou a entrega dos kits de higiene pessoal no Oeste Paulista\"}]},{\"@type\":\"WebSite\",\"@id\":\"https:\/\/radiolifefm.com.br\/noticias\/#website\",\"url\":\"https:\/\/radiolifefm.com.br\/noticias\/\",\"name\":\"R\u00e1dio Life FM\",\"description\":\"O Portal de Not\u00edcias de Adamantina\",\"publisher\":{\"@id\":\"https:\/\/radiolifefm.com.br\/noticias\/#organization\"},\"alternateName\":\"Life FM\",\"potentialAction\":[{\"@type\":\"SearchAction\",\"target\":{\"@type\":\"EntryPoint\",\"urlTemplate\":\"https:\/\/radiolifefm.com.br\/noticias\/?s={search_term_string}\"},\"query-input\":{\"@type\":\"PropertyValueSpecification\",\"valueRequired\":true,\"valueName\":\"search_term_string\"}}],\"inLanguage\":\"pt-BR\"},{\"@type\":\"Organization\",\"@id\":\"https:\/\/radiolifefm.com.br\/noticias\/#organization\",\"name\":\"R\u00e1dio Life FM\",\"alternateName\":\"Life FM\",\"url\":\"https:\/\/radiolifefm.com.br\/noticias\/\",\"logo\":{\"@type\":\"ImageObject\",\"inLanguage\":\"pt-BR\",\"@id\":\"https:\/\/radiolifefm.com.br\/noticias\/#\/schema\/logo\/image\/\",\"url\":\"https:\/\/static.radiolifefm.com.br\/noticias\/wp-content\/uploads\/2019\/10\/logo-lifefm.png\",\"contentUrl\":\"https:\/\/static.radiolifefm.com.br\/noticias\/wp-content\/uploads\/2019\/10\/logo-lifefm.png\",\"width\":196,\"height\":47,\"caption\":\"R\u00e1dio Life FM\"},\"image\":{\"@id\":\"https:\/\/radiolifefm.com.br\/noticias\/#\/schema\/logo\/image\/\"},\"sameAs\":[\"https:\/\/www.facebook.com\/radiolifefm\/\",\"https:\/\/www.instagram.com\/life1079fm\/\"]},{\"@type\":\"Person\",\"@id\":\"https:\/\/radiolifefm.com.br\/noticias\/#\/schema\/person\/6876e1240feffe6e1b63fd5cb85abf28\",\"name\":\"joaograndao\",\"image\":{\"@type\":\"ImageObject\",\"inLanguage\":\"pt-BR\",\"@id\":\"https:\/\/secure.gravatar.com\/avatar\/d5b1a3cf357ed9c50404e256a1294083aa8ab5d2a994001567302786016cb32c?s=96&d=mm&r=g\",\"url\":\"https:\/\/secure.gravatar.com\/avatar\/d5b1a3cf357ed9c50404e256a1294083aa8ab5d2a994001567302786016cb32c?s=96&d=mm&r=g\",\"contentUrl\":\"https:\/\/secure.gravatar.com\/avatar\/d5b1a3cf357ed9c50404e256a1294083aa8ab5d2a994001567302786016cb32c?s=96&d=mm&r=g\",\"caption\":\"joaograndao\"}}]}<\/script>\n<!-- \/ Yoast SEO plugin. -->","yoast_head_json":{"title":"Hoje (08\/04) o Programa Universal nos Pres\u00eddios da Igreja Universal do Reino de Deus realizou a entrega dos kits de higiene pessoal no Oeste Paulista - R\u00e1dio Life FM","robots":{"index":"index","follow":"follow","max-snippet":"max-snippet:-1","max-image-preview":"max-image-preview:large","max-video-preview":"max-video-preview:-1"},"canonical":"https:\/\/radiolifefm.com.br\/noticias\/hoje-08-04-o-programa-universal-nos-presidios-da-igreja-universal-do-reino-de-deus-realizou-a-entrega-dos-kits-de-higiene-pessoal-no-oeste-paulista\/","og_locale":"pt_BR","og_type":"article","og_title":"Hoje (08\/04) o Programa Universal nos Pres\u00eddios da Igreja Universal do Reino de Deus realizou a entrega dos kits de higiene pessoal no Oeste Paulista - R\u00e1dio Life FM","og_description":"Nesta quarta-feira (08), aconteceu mais uma mobiliza\u00e7\u00e3o da UNP (Universal nos Pres\u00eddios), um programa da Igreja Universal do Reino de Deus nos pres\u00eddios, na regi\u00e3o do Oeste Paulista com a entrega da primeira etapa da campanha dos Kits de material de higiene pessoal. A campanha teve in\u00edcio ainda no m\u00eas de fevereiro com os pedidos [&hellip;]","og_url":"https:\/\/radiolifefm.com.br\/noticias\/hoje-08-04-o-programa-universal-nos-presidios-da-igreja-universal-do-reino-de-deus-realizou-a-entrega-dos-kits-de-higiene-pessoal-no-oeste-paulista\/","og_site_name":"R\u00e1dio Life FM","article_publisher":"https:\/\/www.facebook.com\/radiolifefm\/","article_published_time":"2020-04-08T22:55:24+00:00","article_modified_time":"2026-04-16T15:05:10+00:00","og_image":[{"width":1280,"height":590,"url":"https:\/\/radiolifefm.com.br\/noticias\/wp-content\/uploads\/2020\/04\/WhatsApp-Image-2020-04-08-at-19.34.56-2.jpeg","type":"image\/jpeg"}],"author":"joaograndao","twitter_card":"summary_large_image","twitter_misc":{"Escrito por":"joaograndao","Est. tempo de leitura":"1 minuto"},"schema":{"@context":"https:\/\/schema.org","@graph":[{"@type":"Article","@id":"https:\/\/radiolifefm.com.br\/noticias\/hoje-08-04-o-programa-universal-nos-presidios-da-igreja-universal-do-reino-de-deus-realizou-a-entrega-dos-kits-de-higiene-pessoal-no-oeste-paulista\/#article","isPartOf":{"@id":"https:\/\/radiolifefm.com.br\/noticias\/hoje-08-04-o-programa-universal-nos-presidios-da-igreja-universal-do-reino-de-deus-realizou-a-entrega-dos-kits-de-higiene-pessoal-no-oeste-paulista\/"},"author":{"name":"joaograndao","@id":"https:\/\/radiolifefm.com.br\/noticias\/#\/schema\/person\/6876e1240feffe6e1b63fd5cb85abf28"},"headline":"Hoje (08\/04) o Programa Universal nos Pres\u00eddios da Igreja Universal do Reino de Deus realizou a entrega dos kits de higiene pessoal no Oeste Paulista","datePublished":"2020-04-08T22:55:24+00:00","dateModified":"2026-04-16T15:05:10+00:00","mainEntityOfPage":{"@id":"https:\/\/radiolifefm.com.br\/noticias\/hoje-08-04-o-programa-universal-nos-presidios-da-igreja-universal-do-reino-de-deus-realizou-a-entrega-dos-kits-de-higiene-pessoal-no-oeste-paulista\/"},"wordCount":203,"publisher":{"@id":"https:\/\/radiolifefm.com.br\/noticias\/#organization"},"image":{"@id":"https:\/\/radiolifefm.com.br\/noticias\/hoje-08-04-o-programa-universal-nos-presidios-da-igreja-universal-do-reino-de-deus-realizou-a-entrega-dos-kits-de-higiene-pessoal-no-oeste-paulista\/#primaryimage"},"thumbnailUrl":"https:\/\/radiolifefm.com.br\/noticias\/wp-content\/uploads\/2020\/04\/WhatsApp-Image-2020-04-08-at-19.34.56-2.jpeg","articleSection":["Regi\u00e3o"],"inLanguage":"pt-BR"},{"@type":"WebPage","@id":"https:\/\/radiolifefm.com.br\/noticias\/hoje-08-04-o-programa-universal-nos-presidios-da-igreja-universal-do-reino-de-deus-realizou-a-entrega-dos-kits-de-higiene-pessoal-no-oeste-paulista\/","url":"https:\/\/radiolifefm.com.br\/noticias\/hoje-08-04-o-programa-universal-nos-presidios-da-igreja-universal-do-reino-de-deus-realizou-a-entrega-dos-kits-de-higiene-pessoal-no-oeste-paulista\/","name":"Hoje (08\/04) o Programa Universal nos Pres\u00eddios da Igreja Universal do Reino de Deus realizou a entrega dos kits de higiene pessoal no Oeste Paulista - R\u00e1dio Life FM","isPartOf":{"@id":"https:\/\/radiolifefm.com.br\/noticias\/#website"},"primaryImageOfPage":{"@id":"https:\/\/radiolifefm.com.br\/noticias\/hoje-08-04-o-programa-universal-nos-presidios-da-igreja-universal-do-reino-de-deus-realizou-a-entrega-dos-kits-de-higiene-pessoal-no-oeste-paulista\/#primaryimage"},"image":{"@id":"https:\/\/radiolifefm.com.br\/noticias\/hoje-08-04-o-programa-universal-nos-presidios-da-igreja-universal-do-reino-de-deus-realizou-a-entrega-dos-kits-de-higiene-pessoal-no-oeste-paulista\/#primaryimage"},"thumbnailUrl":"https:\/\/radiolifefm.com.br\/noticias\/wp-content\/uploads\/2020\/04\/WhatsApp-Image-2020-04-08-at-19.34.56-2.jpeg","datePublished":"2020-04-08T22:55:24+00:00","dateModified":"2026-04-16T15:05:10+00:00","breadcrumb":{"@id":"https:\/\/radiolifefm.com.br\/noticias\/hoje-08-04-o-programa-universal-nos-presidios-da-igreja-universal-do-reino-de-deus-realizou-a-entrega-dos-kits-de-higiene-pessoal-no-oeste-paulista\/#breadcrumb"},"inLanguage":"pt-BR","potentialAction":[{"@type":"ReadAction","target":["https:\/\/radiolifefm.com.br\/noticias\/hoje-08-04-o-programa-universal-nos-presidios-da-igreja-universal-do-reino-de-deus-realizou-a-entrega-dos-kits-de-higiene-pessoal-no-oeste-paulista\/"]}]},{"@type":"ImageObject","inLanguage":"pt-BR","@id":"https:\/\/radiolifefm.com.br\/noticias\/hoje-08-04-o-programa-universal-nos-presidios-da-igreja-universal-do-reino-de-deus-realizou-a-entrega-dos-kits-de-higiene-pessoal-no-oeste-paulista\/#primaryimage","url":"https:\/\/radiolifefm.com.br\/noticias\/wp-content\/uploads\/2020\/04\/WhatsApp-Image-2020-04-08-at-19.34.56-2.jpeg","contentUrl":"https:\/\/radiolifefm.com.br\/noticias\/wp-content\/uploads\/2020\/04\/WhatsApp-Image-2020-04-08-at-19.34.56-2.jpeg","width":1280,"height":590,"caption":"Fotos UNP comunica\u00e7\u00e3o"},{"@type":"BreadcrumbList","@id":"https:\/\/radiolifefm.com.br\/noticias\/hoje-08-04-o-programa-universal-nos-presidios-da-igreja-universal-do-reino-de-deus-realizou-a-entrega-dos-kits-de-higiene-pessoal-no-oeste-paulista\/#breadcrumb","itemListElement":[{"@type":"ListItem","position":1,"name":"In\u00edcio","item":"https:\/\/radiolifefm.com.br\/noticias\/"},{"@type":"ListItem","position":2,"name":"Hoje (08\/04) o Programa Universal nos Pres\u00eddios da Igreja Universal do Reino de Deus realizou a entrega dos kits de higiene pessoal no Oeste Paulista"}]},{"@type":"WebSite","@id":"https:\/\/radiolifefm.com.br\/noticias\/#website","url":"https:\/\/radiolifefm.com.br\/noticias\/","name":"R\u00e1dio Life FM","description":"O Portal de Not\u00edcias de Adamantina","publisher":{"@id":"https:\/\/radiolifefm.com.br\/noticias\/#organization"},"alternateName":"Life FM","potentialAction":[{"@type":"SearchAction","target":{"@type":"EntryPoint","urlTemplate":"https:\/\/radiolifefm.com.br\/noticias\/?s={search_term_string}"},"query-input":{"@type":"PropertyValueSpecification","valueRequired":true,"valueName":"search_term_string"}}],"inLanguage":"pt-BR"},{"@type":"Organization","@id":"https:\/\/radiolifefm.com.br\/noticias\/#organization","name":"R\u00e1dio Life FM","alternateName":"Life FM","url":"https:\/\/radiolifefm.com.br\/noticias\/","logo":{"@type":"ImageObject","inLanguage":"pt-BR","@id":"https:\/\/radiolifefm.com.br\/noticias\/#\/schema\/logo\/image\/","url":"https:\/\/static.radiolifefm.com.br\/noticias\/wp-content\/uploads\/2019\/10\/logo-lifefm.png","contentUrl":"https:\/\/static.radiolifefm.com.br\/noticias\/wp-content\/uploads\/2019\/10\/logo-lifefm.png","width":196,"height":47,"caption":"R\u00e1dio Life FM"},"image":{"@id":"https:\/\/radiolifefm.com.br\/noticias\/#\/schema\/logo\/image\/"},"sameAs":["https:\/\/www.facebook.com\/radiolifefm\/","https:\/\/www.instagram.com\/life1079fm\/"]},{"@type":"Person","@id":"https:\/\/radiolifefm.com.br\/noticias\/#\/schema\/person\/6876e1240feffe6e1b63fd5cb85abf28","name":"joaograndao","image":{"@type":"ImageObject","inLanguage":"pt-BR","@id":"https:\/\/secure.gravatar.com\/avatar\/d5b1a3cf357ed9c50404e256a1294083aa8ab5d2a994001567302786016cb32c?s=96&d=mm&r=g","url":"https:\/\/secure.gravatar.com\/avatar\/d5b1a3cf357ed9c50404e256a1294083aa8ab5d2a994001567302786016cb32c?s=96&d=mm&r=g","contentUrl":"https:\/\/secure.gravatar.com\/avatar\/d5b1a3cf357ed9c50404e256a1294083aa8ab5d2a994001567302786016cb32c?s=96&d=mm&r=g","caption":"joaograndao"}}]}},"amp_enabled":true,"_links":{"self":[{"href":"https:\/\/radiolifefm.com.br\/noticias\/wp-json\/wp\/v2\/posts\/21789","targetHints":{"allow":["GET"]}}],"collection":[{"href":"https:\/\/radiolifefm.com.br\/noticias\/wp-json\/wp\/v2\/posts"}],"about":[{"href":"https:\/\/radiolifefm.com.br\/noticias\/wp-json\/wp\/v2\/types\/post"}],"author":[{"embeddable":true,"href":"https:\/\/radiolifefm.com.br\/noticias\/wp-json\/wp\/v2\/users\/8"}],"replies":[{"embeddable":true,"href":"https:\/\/radiolifefm.com.br\/noticias\/wp-json\/wp\/v2\/comments?post=21789"}],"version-history":[{"count":4,"href":"https:\/\/radiolifefm.com.br\/noticias\/wp-json\/wp\/v2\/posts\/21789\/revisions"}],"predecessor-version":[{"id":21803,"href":"https:\/\/radiolifefm.com.br\/noticias\/wp-json\/wp\/v2\/posts\/21789\/revisions\/21803"}],"wp:featuredmedia":[{"embeddable":true,"href":"https:\/\/radiolifefm.com.br\/noticias\/wp-json\/wp\/v2\/media\/21795"}],"wp:attachment":[{"href":"https:\/\/radiolifefm.com.br\/noticias\/wp-json\/wp\/v2\/media?parent=21789"}],"wp:term":[{"taxonomy":"category","embeddable":true,"href":"https:\/\/radiolifefm.com.br\/noticias\/wp-json\/wp\/v2\/categories?post=21789"},{"taxonomy":"post_tag","embeddable":true,"href":"https:\/\/radiolifefm.com.br\/noticias\/wp-json\/wp\/v2\/tags?post=21789"}],"curies":[{"name":"wp","href":"https:\/\/api.w.org\/{rel}","templated":true}]}}