{"id":21720,"date":"2020-04-07T11:19:21","date_gmt":"2020-04-07T14:19:21","guid":{"rendered":"https:\/\/radiolifefm.com.br\/noticias\/?p=21720"},"modified":"2026-04-17T17:33:59","modified_gmt":"2026-04-17T20:33:59","slug":"ibge-inicia-a-coleta-das-pesquisas-economicas-2020","status":"publish","type":"post","link":"https:\/\/radiolifefm.com.br\/noticias\/ibge-inicia-a-coleta-das-pesquisas-economicas-2020\/","title":{"rendered":"IBGE inicia a coleta das pesquisas econ\u00f4micas 2020"},"content":{"rendered":"<div id=\"fb-root\"><\/div>\n<p>Durante o m\u00eas de abril o IBGE iniciar\u00e1 os trabalhos de coleta da Pesquisa Anual do Com\u00e9rcio, Pesquisa Anual de Servi\u00e7os, Pesquisa Industrial Anual e Pesquisa Anual da Ind\u00fastria da Constru\u00e7\u00e3o.<\/p>\n<p>Ser\u00e3o obtidas informa\u00e7\u00f5es referentes ao ano base de 2019, como dados cadastrais, receitas, despesas, sal\u00e1rios e pessoal ocupado.<\/p>\n<p>As empresas s\u00e3o pr\u00e9-selecionadas pelo IBGE, com base no faturamento de 2019, n\u00famero de pessoas ocupadas em 31.12.2019 e no caso da Pesquisa de Servi\u00e7os, algumas atividades de interesse para a pesquisa.<\/p>\n<p>Na ag\u00eancia do IBGE de Adamantina, ser\u00e3o pesquisadas 114 empresas distribu\u00eddas nos munic\u00edpios de Adamantina, Fl\u00f3rida Paulista, In\u00fabia Paulista, Irapuru, Luc\u00e9lia, Osvaldo Cruz, Pacaembu, Sagres e Salmour\u00e3o.<\/p>\n<p><strong>As op\u00e7\u00f5es para o preenchimento das pesquisas s\u00e3o atrav\u00e9s da internet.<\/strong><\/p>\n<p>No pr\u00f3prio site do IBGE poder\u00e1 ser realizado o download dos question\u00e1rios, que ap\u00f3s seus devidos preenchimentos, poder\u00e3o ser enviados via web.<\/p>\n<p>Lembramos que as informa\u00e7\u00f5es prestadas pelas empresas, com autenticidade e pontualidade, s\u00e3o indispens\u00e1veis para a an\u00e1lise e o planejamento econ\u00f4mico das empresas do setor privado e dos diferentes n\u00edveis de governo, bem como constituem valiosa fonte de pesquisa e conhecimento para a sociedade geral.<\/p>\n<p>O IBGE ressalta o compromisso de resguardar a confidencialidade das informa\u00e7\u00f5es recebidas, que ser\u00e3o usadas exclusivamente para fins estat\u00edsticos. Al\u00e9m da garantia de o sigilo ser um compromisso do IBGE, \u00e9 importante mencionar a Lei 5.534, de 14 de novembro de 1968, que impede a utiliza\u00e7\u00e3o das informa\u00e7\u00f5es fornecidas ao IBGE para efeitos fiscais ou de a\u00e7\u00e3o legal. Do mesmo modo, lembramos o car\u00e1ter obrigat\u00f3rio da presta\u00e7\u00e3o dessas informa\u00e7\u00f5es, tamb\u00e9m previsto na legisla\u00e7\u00e3o.<\/p>\n<p>Visando a preserva\u00e7\u00e3o da sa\u00fade p\u00fablica, neste momento n\u00e3o poderemos visitar presencialmente as empresas, sendo a abordagem inicialmente atrav\u00e9s de telefone e e-mail.<\/p>\n<p>&nbsp;<\/p>\n<p>Jo\u00e3o Carlos Rodrigues<br \/>\nCoordenador de \u00c1rea de Adamantina<\/p>\n","protected":false},"excerpt":{"rendered":"<p>Durante o m\u00eas de abril o IBGE iniciar\u00e1 os trabalhos de coleta da Pesquisa Anual do Com\u00e9rcio, Pesquisa Anual de Servi\u00e7os, Pesquisa Industrial Anual e Pesquisa Anual da Ind\u00fastria da Constru\u00e7\u00e3o. Ser\u00e3o obtidas informa\u00e7\u00f5es referentes ao ano base de 2019, como dados cadastrais, receitas, despesas, sal\u00e1rios e pessoal ocupado. As empresas s\u00e3o pr\u00e9-selecionadas pelo IBGE, [&hellip;]<\/p>\n","protected":false},"author":3,"featured_media":21723,"comment_status":"closed","ping_status":"open","sticky":false,"template":"","format":"standard","meta":{"_acf_changed":false,"_exactmetrics_skip_tracking":false,"_exactmetrics_sitenote_active":false,"_exactmetrics_sitenote_note":"","_exactmetrics_sitenote_category":0,"footnotes":""},"categories":[24],"tags":[],"class_list":["post-21720","post","type-post","status-publish","format-standard","has-post-thumbnail","hentry","category-regiao"],"acf":[],"yoast_head":"<!-- This site is optimized with the Yoast SEO plugin v27.2 - https:\/\/yoast.com\/product\/yoast-seo-wordpress\/ -->\n<title>IBGE inicia a coleta das pesquisas econ\u00f4micas 2020 - R\u00e1dio Life FM<\/title>\n<meta name=\"robots\" content=\"index, follow, max-snippet:-1, max-image-preview:large, max-video-preview:-1\" \/>\n<link rel=\"canonical\" href=\"https:\/\/radiolifefm.com.br\/noticias\/ibge-inicia-a-coleta-das-pesquisas-economicas-2020\/\" \/>\n<meta property=\"og:locale\" content=\"pt_BR\" \/>\n<meta property=\"og:type\" content=\"article\" \/>\n<meta property=\"og:title\" content=\"IBGE inicia a coleta das pesquisas econ\u00f4micas 2020 - R\u00e1dio Life FM\" \/>\n<meta property=\"og:description\" content=\"Durante o m\u00eas de abril o IBGE iniciar\u00e1 os trabalhos de coleta da Pesquisa Anual do Com\u00e9rcio, Pesquisa Anual de Servi\u00e7os, Pesquisa Industrial Anual e Pesquisa Anual da Ind\u00fastria da Constru\u00e7\u00e3o. Ser\u00e3o obtidas informa\u00e7\u00f5es referentes ao ano base de 2019, como dados cadastrais, receitas, despesas, sal\u00e1rios e pessoal ocupado. As empresas s\u00e3o pr\u00e9-selecionadas pelo IBGE, [&hellip;]\" \/>\n<meta property=\"og:url\" content=\"https:\/\/radiolifefm.com.br\/noticias\/ibge-inicia-a-coleta-das-pesquisas-economicas-2020\/\" \/>\n<meta property=\"og:site_name\" content=\"R\u00e1dio Life FM\" \/>\n<meta property=\"article:publisher\" content=\"https:\/\/www.facebook.com\/radiolifefm\/\" \/>\n<meta property=\"article:published_time\" content=\"2020-04-07T14:19:21+00:00\" \/>\n<meta property=\"article:modified_time\" content=\"2026-04-17T20:33:59+00:00\" \/>\n<meta property=\"og:image\" content=\"https:\/\/radiolifefm.com.br\/noticias\/wp-content\/uploads\/2020\/04\/IBGE-Senso-2020_Cortada.jpg\" \/>\n\t<meta property=\"og:image:width\" content=\"1200\" \/>\n\t<meta property=\"og:image:height\" content=\"630\" \/>\n\t<meta property=\"og:image:type\" content=\"image\/jpeg\" \/>\n<meta name=\"author\" content=\"lifefm\" \/>\n<meta name=\"twitter:card\" content=\"summary_large_image\" \/>\n<meta name=\"twitter:label1\" content=\"Escrito por\" \/>\n\t<meta name=\"twitter:data1\" content=\"lifefm\" \/>\n\t<meta name=\"twitter:label2\" content=\"Est. tempo de leitura\" \/>\n\t<meta name=\"twitter:data2\" content=\"2 minutos\" \/>\n<script type=\"application\/ld+json\" class=\"yoast-schema-graph\">{\"@context\":\"https:\/\/schema.org\",\"@graph\":[{\"@type\":\"Article\",\"@id\":\"https:\/\/radiolifefm.com.br\/noticias\/ibge-inicia-a-coleta-das-pesquisas-economicas-2020\/#article\",\"isPartOf\":{\"@id\":\"https:\/\/radiolifefm.com.br\/noticias\/ibge-inicia-a-coleta-das-pesquisas-economicas-2020\/\"},\"author\":{\"name\":\"lifefm\",\"@id\":\"https:\/\/radiolifefm.com.br\/noticias\/#\/schema\/person\/1d4e4b1301322090c6221bf1c8420490\"},\"headline\":\"IBGE inicia a coleta das pesquisas econ\u00f4micas 2020\",\"datePublished\":\"2020-04-07T14:19:21+00:00\",\"dateModified\":\"2026-04-17T20:33:59+00:00\",\"mainEntityOfPage\":{\"@id\":\"https:\/\/radiolifefm.com.br\/noticias\/ibge-inicia-a-coleta-das-pesquisas-economicas-2020\/\"},\"wordCount\":342,\"publisher\":{\"@id\":\"https:\/\/radiolifefm.com.br\/noticias\/#organization\"},\"image\":{\"@id\":\"https:\/\/radiolifefm.com.br\/noticias\/ibge-inicia-a-coleta-das-pesquisas-economicas-2020\/#primaryimage\"},\"thumbnailUrl\":\"https:\/\/radiolifefm.com.br\/noticias\/wp-content\/uploads\/2020\/04\/IBGE-Senso-2020_Cortada.jpg\",\"articleSection\":[\"Regi\u00e3o\"],\"inLanguage\":\"pt-BR\"},{\"@type\":\"WebPage\",\"@id\":\"https:\/\/radiolifefm.com.br\/noticias\/ibge-inicia-a-coleta-das-pesquisas-economicas-2020\/\",\"url\":\"https:\/\/radiolifefm.com.br\/noticias\/ibge-inicia-a-coleta-das-pesquisas-economicas-2020\/\",\"name\":\"IBGE inicia a coleta das pesquisas econ\u00f4micas 2020 - R\u00e1dio Life FM\",\"isPartOf\":{\"@id\":\"https:\/\/radiolifefm.com.br\/noticias\/#website\"},\"primaryImageOfPage\":{\"@id\":\"https:\/\/radiolifefm.com.br\/noticias\/ibge-inicia-a-coleta-das-pesquisas-economicas-2020\/#primaryimage\"},\"image\":{\"@id\":\"https:\/\/radiolifefm.com.br\/noticias\/ibge-inicia-a-coleta-das-pesquisas-economicas-2020\/#primaryimage\"},\"thumbnailUrl\":\"https:\/\/radiolifefm.com.br\/noticias\/wp-content\/uploads\/2020\/04\/IBGE-Senso-2020_Cortada.jpg\",\"datePublished\":\"2020-04-07T14:19:21+00:00\",\"dateModified\":\"2026-04-17T20:33:59+00:00\",\"breadcrumb\":{\"@id\":\"https:\/\/radiolifefm.com.br\/noticias\/ibge-inicia-a-coleta-das-pesquisas-economicas-2020\/#breadcrumb\"},\"inLanguage\":\"pt-BR\",\"potentialAction\":[{\"@type\":\"ReadAction\",\"target\":[\"https:\/\/radiolifefm.com.br\/noticias\/ibge-inicia-a-coleta-das-pesquisas-economicas-2020\/\"]}]},{\"@type\":\"ImageObject\",\"inLanguage\":\"pt-BR\",\"@id\":\"https:\/\/radiolifefm.com.br\/noticias\/ibge-inicia-a-coleta-das-pesquisas-economicas-2020\/#primaryimage\",\"url\":\"https:\/\/radiolifefm.com.br\/noticias\/wp-content\/uploads\/2020\/04\/IBGE-Senso-2020_Cortada.jpg\",\"contentUrl\":\"https:\/\/radiolifefm.com.br\/noticias\/wp-content\/uploads\/2020\/04\/IBGE-Senso-2020_Cortada.jpg\",\"width\":1200,\"height\":630},{\"@type\":\"BreadcrumbList\",\"@id\":\"https:\/\/radiolifefm.com.br\/noticias\/ibge-inicia-a-coleta-das-pesquisas-economicas-2020\/#breadcrumb\",\"itemListElement\":[{\"@type\":\"ListItem\",\"position\":1,\"name\":\"In\u00edcio\",\"item\":\"https:\/\/radiolifefm.com.br\/noticias\/\"},{\"@type\":\"ListItem\",\"position\":2,\"name\":\"IBGE inicia a coleta das pesquisas econ\u00f4micas 2020\"}]},{\"@type\":\"WebSite\",\"@id\":\"https:\/\/radiolifefm.com.br\/noticias\/#website\",\"url\":\"https:\/\/radiolifefm.com.br\/noticias\/\",\"name\":\"R\u00e1dio Life FM\",\"description\":\"O Portal de Not\u00edcias de Adamantina\",\"publisher\":{\"@id\":\"https:\/\/radiolifefm.com.br\/noticias\/#organization\"},\"alternateName\":\"Life FM\",\"potentialAction\":[{\"@type\":\"SearchAction\",\"target\":{\"@type\":\"EntryPoint\",\"urlTemplate\":\"https:\/\/radiolifefm.com.br\/noticias\/?s={search_term_string}\"},\"query-input\":{\"@type\":\"PropertyValueSpecification\",\"valueRequired\":true,\"valueName\":\"search_term_string\"}}],\"inLanguage\":\"pt-BR\"},{\"@type\":\"Organization\",\"@id\":\"https:\/\/radiolifefm.com.br\/noticias\/#organization\",\"name\":\"R\u00e1dio Life FM\",\"alternateName\":\"Life FM\",\"url\":\"https:\/\/radiolifefm.com.br\/noticias\/\",\"logo\":{\"@type\":\"ImageObject\",\"inLanguage\":\"pt-BR\",\"@id\":\"https:\/\/radiolifefm.com.br\/noticias\/#\/schema\/logo\/image\/\",\"url\":\"https:\/\/static.radiolifefm.com.br\/noticias\/wp-content\/uploads\/2019\/10\/logo-lifefm.png\",\"contentUrl\":\"https:\/\/static.radiolifefm.com.br\/noticias\/wp-content\/uploads\/2019\/10\/logo-lifefm.png\",\"width\":196,\"height\":47,\"caption\":\"R\u00e1dio Life FM\"},\"image\":{\"@id\":\"https:\/\/radiolifefm.com.br\/noticias\/#\/schema\/logo\/image\/\"},\"sameAs\":[\"https:\/\/www.facebook.com\/radiolifefm\/\",\"https:\/\/www.instagram.com\/life1079fm\/\"]},{\"@type\":\"Person\",\"@id\":\"https:\/\/radiolifefm.com.br\/noticias\/#\/schema\/person\/1d4e4b1301322090c6221bf1c8420490\",\"name\":\"lifefm\",\"image\":{\"@type\":\"ImageObject\",\"inLanguage\":\"pt-BR\",\"@id\":\"https:\/\/secure.gravatar.com\/avatar\/eca268467d925ec97d20641bb054fd944c0abb2f92854171620706bbe6474e7c?s=96&d=mm&r=g\",\"url\":\"https:\/\/secure.gravatar.com\/avatar\/eca268467d925ec97d20641bb054fd944c0abb2f92854171620706bbe6474e7c?s=96&d=mm&r=g\",\"contentUrl\":\"https:\/\/secure.gravatar.com\/avatar\/eca268467d925ec97d20641bb054fd944c0abb2f92854171620706bbe6474e7c?s=96&d=mm&r=g\",\"caption\":\"lifefm\"}}]}<\/script>\n<!-- \/ Yoast SEO plugin. -->","yoast_head_json":{"title":"IBGE inicia a coleta das pesquisas econ\u00f4micas 2020 - R\u00e1dio Life FM","robots":{"index":"index","follow":"follow","max-snippet":"max-snippet:-1","max-image-preview":"max-image-preview:large","max-video-preview":"max-video-preview:-1"},"canonical":"https:\/\/radiolifefm.com.br\/noticias\/ibge-inicia-a-coleta-das-pesquisas-economicas-2020\/","og_locale":"pt_BR","og_type":"article","og_title":"IBGE inicia a coleta das pesquisas econ\u00f4micas 2020 - R\u00e1dio Life FM","og_description":"Durante o m\u00eas de abril o IBGE iniciar\u00e1 os trabalhos de coleta da Pesquisa Anual do Com\u00e9rcio, Pesquisa Anual de Servi\u00e7os, Pesquisa Industrial Anual e Pesquisa Anual da Ind\u00fastria da Constru\u00e7\u00e3o. Ser\u00e3o obtidas informa\u00e7\u00f5es referentes ao ano base de 2019, como dados cadastrais, receitas, despesas, sal\u00e1rios e pessoal ocupado. As empresas s\u00e3o pr\u00e9-selecionadas pelo IBGE, [&hellip;]","og_url":"https:\/\/radiolifefm.com.br\/noticias\/ibge-inicia-a-coleta-das-pesquisas-economicas-2020\/","og_site_name":"R\u00e1dio Life FM","article_publisher":"https:\/\/www.facebook.com\/radiolifefm\/","article_published_time":"2020-04-07T14:19:21+00:00","article_modified_time":"2026-04-17T20:33:59+00:00","og_image":[{"width":1200,"height":630,"url":"https:\/\/radiolifefm.com.br\/noticias\/wp-content\/uploads\/2020\/04\/IBGE-Senso-2020_Cortada.jpg","type":"image\/jpeg"}],"author":"lifefm","twitter_card":"summary_large_image","twitter_misc":{"Escrito por":"lifefm","Est. tempo de leitura":"2 minutos"},"schema":{"@context":"https:\/\/schema.org","@graph":[{"@type":"Article","@id":"https:\/\/radiolifefm.com.br\/noticias\/ibge-inicia-a-coleta-das-pesquisas-economicas-2020\/#article","isPartOf":{"@id":"https:\/\/radiolifefm.com.br\/noticias\/ibge-inicia-a-coleta-das-pesquisas-economicas-2020\/"},"author":{"name":"lifefm","@id":"https:\/\/radiolifefm.com.br\/noticias\/#\/schema\/person\/1d4e4b1301322090c6221bf1c8420490"},"headline":"IBGE inicia a coleta das pesquisas econ\u00f4micas 2020","datePublished":"2020-04-07T14:19:21+00:00","dateModified":"2026-04-17T20:33:59+00:00","mainEntityOfPage":{"@id":"https:\/\/radiolifefm.com.br\/noticias\/ibge-inicia-a-coleta-das-pesquisas-economicas-2020\/"},"wordCount":342,"publisher":{"@id":"https:\/\/radiolifefm.com.br\/noticias\/#organization"},"image":{"@id":"https:\/\/radiolifefm.com.br\/noticias\/ibge-inicia-a-coleta-das-pesquisas-economicas-2020\/#primaryimage"},"thumbnailUrl":"https:\/\/radiolifefm.com.br\/noticias\/wp-content\/uploads\/2020\/04\/IBGE-Senso-2020_Cortada.jpg","articleSection":["Regi\u00e3o"],"inLanguage":"pt-BR"},{"@type":"WebPage","@id":"https:\/\/radiolifefm.com.br\/noticias\/ibge-inicia-a-coleta-das-pesquisas-economicas-2020\/","url":"https:\/\/radiolifefm.com.br\/noticias\/ibge-inicia-a-coleta-das-pesquisas-economicas-2020\/","name":"IBGE inicia a coleta das pesquisas econ\u00f4micas 2020 - R\u00e1dio Life FM","isPartOf":{"@id":"https:\/\/radiolifefm.com.br\/noticias\/#website"},"primaryImageOfPage":{"@id":"https:\/\/radiolifefm.com.br\/noticias\/ibge-inicia-a-coleta-das-pesquisas-economicas-2020\/#primaryimage"},"image":{"@id":"https:\/\/radiolifefm.com.br\/noticias\/ibge-inicia-a-coleta-das-pesquisas-economicas-2020\/#primaryimage"},"thumbnailUrl":"https:\/\/radiolifefm.com.br\/noticias\/wp-content\/uploads\/2020\/04\/IBGE-Senso-2020_Cortada.jpg","datePublished":"2020-04-07T14:19:21+00:00","dateModified":"2026-04-17T20:33:59+00:00","breadcrumb":{"@id":"https:\/\/radiolifefm.com.br\/noticias\/ibge-inicia-a-coleta-das-pesquisas-economicas-2020\/#breadcrumb"},"inLanguage":"pt-BR","potentialAction":[{"@type":"ReadAction","target":["https:\/\/radiolifefm.com.br\/noticias\/ibge-inicia-a-coleta-das-pesquisas-economicas-2020\/"]}]},{"@type":"ImageObject","inLanguage":"pt-BR","@id":"https:\/\/radiolifefm.com.br\/noticias\/ibge-inicia-a-coleta-das-pesquisas-economicas-2020\/#primaryimage","url":"https:\/\/radiolifefm.com.br\/noticias\/wp-content\/uploads\/2020\/04\/IBGE-Senso-2020_Cortada.jpg","contentUrl":"https:\/\/radiolifefm.com.br\/noticias\/wp-content\/uploads\/2020\/04\/IBGE-Senso-2020_Cortada.jpg","width":1200,"height":630},{"@type":"BreadcrumbList","@id":"https:\/\/radiolifefm.com.br\/noticias\/ibge-inicia-a-coleta-das-pesquisas-economicas-2020\/#breadcrumb","itemListElement":[{"@type":"ListItem","position":1,"name":"In\u00edcio","item":"https:\/\/radiolifefm.com.br\/noticias\/"},{"@type":"ListItem","position":2,"name":"IBGE inicia a coleta das pesquisas econ\u00f4micas 2020"}]},{"@type":"WebSite","@id":"https:\/\/radiolifefm.com.br\/noticias\/#website","url":"https:\/\/radiolifefm.com.br\/noticias\/","name":"R\u00e1dio Life FM","description":"O Portal de Not\u00edcias de Adamantina","publisher":{"@id":"https:\/\/radiolifefm.com.br\/noticias\/#organization"},"alternateName":"Life FM","potentialAction":[{"@type":"SearchAction","target":{"@type":"EntryPoint","urlTemplate":"https:\/\/radiolifefm.com.br\/noticias\/?s={search_term_string}"},"query-input":{"@type":"PropertyValueSpecification","valueRequired":true,"valueName":"search_term_string"}}],"inLanguage":"pt-BR"},{"@type":"Organization","@id":"https:\/\/radiolifefm.com.br\/noticias\/#organization","name":"R\u00e1dio Life FM","alternateName":"Life FM","url":"https:\/\/radiolifefm.com.br\/noticias\/","logo":{"@type":"ImageObject","inLanguage":"pt-BR","@id":"https:\/\/radiolifefm.com.br\/noticias\/#\/schema\/logo\/image\/","url":"https:\/\/static.radiolifefm.com.br\/noticias\/wp-content\/uploads\/2019\/10\/logo-lifefm.png","contentUrl":"https:\/\/static.radiolifefm.com.br\/noticias\/wp-content\/uploads\/2019\/10\/logo-lifefm.png","width":196,"height":47,"caption":"R\u00e1dio Life FM"},"image":{"@id":"https:\/\/radiolifefm.com.br\/noticias\/#\/schema\/logo\/image\/"},"sameAs":["https:\/\/www.facebook.com\/radiolifefm\/","https:\/\/www.instagram.com\/life1079fm\/"]},{"@type":"Person","@id":"https:\/\/radiolifefm.com.br\/noticias\/#\/schema\/person\/1d4e4b1301322090c6221bf1c8420490","name":"lifefm","image":{"@type":"ImageObject","inLanguage":"pt-BR","@id":"https:\/\/secure.gravatar.com\/avatar\/eca268467d925ec97d20641bb054fd944c0abb2f92854171620706bbe6474e7c?s=96&d=mm&r=g","url":"https:\/\/secure.gravatar.com\/avatar\/eca268467d925ec97d20641bb054fd944c0abb2f92854171620706bbe6474e7c?s=96&d=mm&r=g","contentUrl":"https:\/\/secure.gravatar.com\/avatar\/eca268467d925ec97d20641bb054fd944c0abb2f92854171620706bbe6474e7c?s=96&d=mm&r=g","caption":"lifefm"}}]}},"amp_enabled":true,"_links":{"self":[{"href":"https:\/\/radiolifefm.com.br\/noticias\/wp-json\/wp\/v2\/posts\/21720","targetHints":{"allow":["GET"]}}],"collection":[{"href":"https:\/\/radiolifefm.com.br\/noticias\/wp-json\/wp\/v2\/posts"}],"about":[{"href":"https:\/\/radiolifefm.com.br\/noticias\/wp-json\/wp\/v2\/types\/post"}],"author":[{"embeddable":true,"href":"https:\/\/radiolifefm.com.br\/noticias\/wp-json\/wp\/v2\/users\/3"}],"replies":[{"embeddable":true,"href":"https:\/\/radiolifefm.com.br\/noticias\/wp-json\/wp\/v2\/comments?post=21720"}],"version-history":[{"count":2,"href":"https:\/\/radiolifefm.com.br\/noticias\/wp-json\/wp\/v2\/posts\/21720\/revisions"}],"predecessor-version":[{"id":21724,"href":"https:\/\/radiolifefm.com.br\/noticias\/wp-json\/wp\/v2\/posts\/21720\/revisions\/21724"}],"wp:featuredmedia":[{"embeddable":true,"href":"https:\/\/radiolifefm.com.br\/noticias\/wp-json\/wp\/v2\/media\/21723"}],"wp:attachment":[{"href":"https:\/\/radiolifefm.com.br\/noticias\/wp-json\/wp\/v2\/media?parent=21720"}],"wp:term":[{"taxonomy":"category","embeddable":true,"href":"https:\/\/radiolifefm.com.br\/noticias\/wp-json\/wp\/v2\/categories?post=21720"},{"taxonomy":"post_tag","embeddable":true,"href":"https:\/\/radiolifefm.com.br\/noticias\/wp-json\/wp\/v2\/tags?post=21720"}],"curies":[{"name":"wp","href":"https:\/\/api.w.org\/{rel}","templated":true}]}}