{"id":21681,"date":"2020-04-06T08:55:02","date_gmt":"2020-04-06T11:55:02","guid":{"rendered":"https:\/\/radiolifefm.com.br\/noticias\/?p=21681"},"modified":"2026-04-10T23:09:32","modified_gmt":"2026-04-11T02:09:32","slug":"aviao-utilizado-para-pulverizacao-agricola-cai-em-canavial-em-junqueiropolis","status":"publish","type":"post","link":"https:\/\/radiolifefm.com.br\/noticias\/aviao-utilizado-para-pulverizacao-agricola-cai-em-canavial-em-junqueiropolis\/","title":{"rendered":"Avi\u00e3o utilizado para pulveriza\u00e7\u00e3o agr\u00edcola cai em canavial em Junqueir\u00f3polis"},"content":{"rendered":"<div id=\"fb-root\"><\/div>\n<p>Um avi\u00e3o Monomotor Agr\u00edcola, Embraer, modelo Ipanema, caiu e pegou fogo em um canavial pr\u00f3ximo da Usina Usalpa, no munic\u00edpio de Junqueir\u00f3polis.<\/p>\n<p>O acidente foi registrado por volta de 15:10 horas deste domingo (5).<\/p>\n<p>Segundo informa\u00e7\u00f5es obtidas, o inc\u00eandio tomou grandes propor\u00e7\u00f5es e teria destru\u00eddo totalmente a aeronave, inclusive atingindo parte do canavial.<\/p>\n<p>N\u00e3o h\u00e1 informa\u00e7\u00f5es sobre v\u00edtimas, pois o piloto n\u00e3o tinha sido localizado no local da queda.<\/p>\n<p>O Corpo de Bombeiros, Pol\u00edcia Militar e um caminh\u00e3o pipa da Usina, trabalharam no local do acidente.<\/p>\n<p>As chamas do inc\u00eandio foram controladas e as causas doa cidente est\u00e3o sendo apuradas.<\/p>\n<div class='flex flex-wrap items-center -mx-1'>\r\n<a class='thumbnail gallery p-1 w-1\/2 md:w-1\/4' href='https:\/\/radiolifefm.com.br\/noticias\/wp-content\/uploads\/2020\/04\/Avi\u00e3o-canavial.jpg'><img class='border border-white' src='https:\/\/radiolifefm.com.br\/noticias\/wp-content\/uploads\/2020\/04\/Avi\u00e3o-canavial-200x200.jpg' alt='Avi\u00e3o Canavial' \/><\/a><a class='thumbnail gallery p-1 w-1\/2 md:w-1\/4' href='https:\/\/radiolifefm.com.br\/noticias\/wp-content\/uploads\/2020\/04\/Avi\u00e3o-canavial-1.jpg'><img class='border border-white' src='https:\/\/radiolifefm.com.br\/noticias\/wp-content\/uploads\/2020\/04\/Avi\u00e3o-canavial-1-200x200.jpg' alt='Avi\u00e3o Canavial   1' \/><\/a><\/div>\n<p>&nbsp;<\/p>\n<p>Informa\u00e7\u00f5es &#8211; Site Jorge Zanoni<\/p>\n","protected":false},"excerpt":{"rendered":"<p>Um avi\u00e3o Monomotor Agr\u00edcola, Embraer, modelo Ipanema, caiu e pegou fogo em um canavial pr\u00f3ximo da Usina Usalpa, no munic\u00edpio de Junqueir\u00f3polis. O acidente foi registrado por volta de 15:10 horas deste domingo (5). Segundo informa\u00e7\u00f5es obtidas, o inc\u00eandio tomou grandes propor\u00e7\u00f5es e teria destru\u00eddo totalmente a aeronave, inclusive atingindo parte do canavial. N\u00e3o h\u00e1 [&hellip;]<\/p>\n","protected":false},"author":3,"featured_media":21684,"comment_status":"open","ping_status":"open","sticky":false,"template":"","format":"standard","meta":{"_acf_changed":false,"_exactmetrics_skip_tracking":false,"_exactmetrics_sitenote_active":false,"_exactmetrics_sitenote_note":"","_exactmetrics_sitenote_category":0,"footnotes":""},"categories":[24],"tags":[],"class_list":["post-21681","post","type-post","status-publish","format-standard","has-post-thumbnail","hentry","category-regiao"],"acf":[],"yoast_head":"<!-- This site is optimized with the Yoast SEO plugin v27.2 - https:\/\/yoast.com\/product\/yoast-seo-wordpress\/ -->\n<title>Avi\u00e3o utilizado para pulveriza\u00e7\u00e3o agr\u00edcola cai em canavial em Junqueir\u00f3polis - R\u00e1dio Life FM<\/title>\n<meta name=\"robots\" content=\"index, follow, max-snippet:-1, max-image-preview:large, max-video-preview:-1\" \/>\n<link rel=\"canonical\" href=\"https:\/\/radiolifefm.com.br\/noticias\/aviao-utilizado-para-pulverizacao-agricola-cai-em-canavial-em-junqueiropolis\/\" \/>\n<meta property=\"og:locale\" content=\"pt_BR\" \/>\n<meta property=\"og:type\" content=\"article\" \/>\n<meta property=\"og:title\" content=\"Avi\u00e3o utilizado para pulveriza\u00e7\u00e3o agr\u00edcola cai em canavial em Junqueir\u00f3polis - R\u00e1dio Life FM\" \/>\n<meta property=\"og:description\" content=\"Um avi\u00e3o Monomotor Agr\u00edcola, Embraer, modelo Ipanema, caiu e pegou fogo em um canavial pr\u00f3ximo da Usina Usalpa, no munic\u00edpio de Junqueir\u00f3polis. O acidente foi registrado por volta de 15:10 horas deste domingo (5). Segundo informa\u00e7\u00f5es obtidas, o inc\u00eandio tomou grandes propor\u00e7\u00f5es e teria destru\u00eddo totalmente a aeronave, inclusive atingindo parte do canavial. N\u00e3o h\u00e1 [&hellip;]\" \/>\n<meta property=\"og:url\" content=\"https:\/\/radiolifefm.com.br\/noticias\/aviao-utilizado-para-pulverizacao-agricola-cai-em-canavial-em-junqueiropolis\/\" \/>\n<meta property=\"og:site_name\" content=\"R\u00e1dio Life FM\" \/>\n<meta property=\"article:publisher\" content=\"https:\/\/www.facebook.com\/radiolifefm\/\" \/>\n<meta property=\"article:published_time\" content=\"2020-04-06T11:55:02+00:00\" \/>\n<meta property=\"article:modified_time\" content=\"2026-04-11T02:09:32+00:00\" \/>\n<meta property=\"og:image\" content=\"https:\/\/radiolifefm.com.br\/noticias\/wp-content\/uploads\/2020\/04\/Avi\u00e3o-canavial-2.jpg\" \/>\n\t<meta property=\"og:image:width\" content=\"1032\" \/>\n\t<meta property=\"og:image:height\" content=\"581\" \/>\n\t<meta property=\"og:image:type\" content=\"image\/jpeg\" \/>\n<meta name=\"author\" content=\"lifefm\" \/>\n<meta name=\"twitter:card\" content=\"summary_large_image\" \/>\n<meta name=\"twitter:label1\" content=\"Escrito por\" \/>\n\t<meta name=\"twitter:data1\" content=\"lifefm\" \/>\n\t<meta name=\"twitter:label2\" content=\"Est. tempo de leitura\" \/>\n\t<meta name=\"twitter:data2\" content=\"1 minuto\" \/>\n<script type=\"application\/ld+json\" class=\"yoast-schema-graph\">{\"@context\":\"https:\/\/schema.org\",\"@graph\":[{\"@type\":\"Article\",\"@id\":\"https:\/\/radiolifefm.com.br\/noticias\/aviao-utilizado-para-pulverizacao-agricola-cai-em-canavial-em-junqueiropolis\/#article\",\"isPartOf\":{\"@id\":\"https:\/\/radiolifefm.com.br\/noticias\/aviao-utilizado-para-pulverizacao-agricola-cai-em-canavial-em-junqueiropolis\/\"},\"author\":{\"name\":\"lifefm\",\"@id\":\"https:\/\/radiolifefm.com.br\/noticias\/#\/schema\/person\/1d4e4b1301322090c6221bf1c8420490\"},\"headline\":\"Avi\u00e3o utilizado para pulveriza\u00e7\u00e3o agr\u00edcola cai em canavial em Junqueir\u00f3polis\",\"datePublished\":\"2020-04-06T11:55:02+00:00\",\"dateModified\":\"2026-04-11T02:09:32+00:00\",\"mainEntityOfPage\":{\"@id\":\"https:\/\/radiolifefm.com.br\/noticias\/aviao-utilizado-para-pulverizacao-agricola-cai-em-canavial-em-junqueiropolis\/\"},\"wordCount\":138,\"commentCount\":0,\"publisher\":{\"@id\":\"https:\/\/radiolifefm.com.br\/noticias\/#organization\"},\"image\":{\"@id\":\"https:\/\/radiolifefm.com.br\/noticias\/aviao-utilizado-para-pulverizacao-agricola-cai-em-canavial-em-junqueiropolis\/#primaryimage\"},\"thumbnailUrl\":\"https:\/\/radiolifefm.com.br\/noticias\/wp-content\/uploads\/2020\/04\/Avi\u00e3o-canavial-2.jpg\",\"articleSection\":[\"Regi\u00e3o\"],\"inLanguage\":\"pt-BR\",\"potentialAction\":[{\"@type\":\"CommentAction\",\"name\":\"Comment\",\"target\":[\"https:\/\/radiolifefm.com.br\/noticias\/aviao-utilizado-para-pulverizacao-agricola-cai-em-canavial-em-junqueiropolis\/#respond\"]}]},{\"@type\":\"WebPage\",\"@id\":\"https:\/\/radiolifefm.com.br\/noticias\/aviao-utilizado-para-pulverizacao-agricola-cai-em-canavial-em-junqueiropolis\/\",\"url\":\"https:\/\/radiolifefm.com.br\/noticias\/aviao-utilizado-para-pulverizacao-agricola-cai-em-canavial-em-junqueiropolis\/\",\"name\":\"Avi\u00e3o utilizado para pulveriza\u00e7\u00e3o agr\u00edcola cai em canavial em Junqueir\u00f3polis - R\u00e1dio Life FM\",\"isPartOf\":{\"@id\":\"https:\/\/radiolifefm.com.br\/noticias\/#website\"},\"primaryImageOfPage\":{\"@id\":\"https:\/\/radiolifefm.com.br\/noticias\/aviao-utilizado-para-pulverizacao-agricola-cai-em-canavial-em-junqueiropolis\/#primaryimage\"},\"image\":{\"@id\":\"https:\/\/radiolifefm.com.br\/noticias\/aviao-utilizado-para-pulverizacao-agricola-cai-em-canavial-em-junqueiropolis\/#primaryimage\"},\"thumbnailUrl\":\"https:\/\/radiolifefm.com.br\/noticias\/wp-content\/uploads\/2020\/04\/Avi\u00e3o-canavial-2.jpg\",\"datePublished\":\"2020-04-06T11:55:02+00:00\",\"dateModified\":\"2026-04-11T02:09:32+00:00\",\"breadcrumb\":{\"@id\":\"https:\/\/radiolifefm.com.br\/noticias\/aviao-utilizado-para-pulverizacao-agricola-cai-em-canavial-em-junqueiropolis\/#breadcrumb\"},\"inLanguage\":\"pt-BR\",\"potentialAction\":[{\"@type\":\"ReadAction\",\"target\":[\"https:\/\/radiolifefm.com.br\/noticias\/aviao-utilizado-para-pulverizacao-agricola-cai-em-canavial-em-junqueiropolis\/\"]}]},{\"@type\":\"ImageObject\",\"inLanguage\":\"pt-BR\",\"@id\":\"https:\/\/radiolifefm.com.br\/noticias\/aviao-utilizado-para-pulverizacao-agricola-cai-em-canavial-em-junqueiropolis\/#primaryimage\",\"url\":\"https:\/\/radiolifefm.com.br\/noticias\/wp-content\/uploads\/2020\/04\/Avi\u00e3o-canavial-2.jpg\",\"contentUrl\":\"https:\/\/radiolifefm.com.br\/noticias\/wp-content\/uploads\/2020\/04\/Avi\u00e3o-canavial-2.jpg\",\"width\":1032,\"height\":581,\"caption\":\"Avi\u00e3o agr\u00edcola que caiu em canavial do munic\u00edpio de Junqueir\u00f3polis neste domingo (5) - Fotos - TV Oeste Di\u00e1rio.\"},{\"@type\":\"BreadcrumbList\",\"@id\":\"https:\/\/radiolifefm.com.br\/noticias\/aviao-utilizado-para-pulverizacao-agricola-cai-em-canavial-em-junqueiropolis\/#breadcrumb\",\"itemListElement\":[{\"@type\":\"ListItem\",\"position\":1,\"name\":\"In\u00edcio\",\"item\":\"https:\/\/radiolifefm.com.br\/noticias\/\"},{\"@type\":\"ListItem\",\"position\":2,\"name\":\"Avi\u00e3o utilizado para pulveriza\u00e7\u00e3o agr\u00edcola cai em canavial em Junqueir\u00f3polis\"}]},{\"@type\":\"WebSite\",\"@id\":\"https:\/\/radiolifefm.com.br\/noticias\/#website\",\"url\":\"https:\/\/radiolifefm.com.br\/noticias\/\",\"name\":\"R\u00e1dio Life FM\",\"description\":\"O Portal de Not\u00edcias de Adamantina\",\"publisher\":{\"@id\":\"https:\/\/radiolifefm.com.br\/noticias\/#organization\"},\"alternateName\":\"Life FM\",\"potentialAction\":[{\"@type\":\"SearchAction\",\"target\":{\"@type\":\"EntryPoint\",\"urlTemplate\":\"https:\/\/radiolifefm.com.br\/noticias\/?s={search_term_string}\"},\"query-input\":{\"@type\":\"PropertyValueSpecification\",\"valueRequired\":true,\"valueName\":\"search_term_string\"}}],\"inLanguage\":\"pt-BR\"},{\"@type\":\"Organization\",\"@id\":\"https:\/\/radiolifefm.com.br\/noticias\/#organization\",\"name\":\"R\u00e1dio Life FM\",\"alternateName\":\"Life FM\",\"url\":\"https:\/\/radiolifefm.com.br\/noticias\/\",\"logo\":{\"@type\":\"ImageObject\",\"inLanguage\":\"pt-BR\",\"@id\":\"https:\/\/radiolifefm.com.br\/noticias\/#\/schema\/logo\/image\/\",\"url\":\"https:\/\/static.radiolifefm.com.br\/noticias\/wp-content\/uploads\/2019\/10\/logo-lifefm.png\",\"contentUrl\":\"https:\/\/static.radiolifefm.com.br\/noticias\/wp-content\/uploads\/2019\/10\/logo-lifefm.png\",\"width\":196,\"height\":47,\"caption\":\"R\u00e1dio Life FM\"},\"image\":{\"@id\":\"https:\/\/radiolifefm.com.br\/noticias\/#\/schema\/logo\/image\/\"},\"sameAs\":[\"https:\/\/www.facebook.com\/radiolifefm\/\",\"https:\/\/www.instagram.com\/life1079fm\/\"]},{\"@type\":\"Person\",\"@id\":\"https:\/\/radiolifefm.com.br\/noticias\/#\/schema\/person\/1d4e4b1301322090c6221bf1c8420490\",\"name\":\"lifefm\",\"image\":{\"@type\":\"ImageObject\",\"inLanguage\":\"pt-BR\",\"@id\":\"https:\/\/secure.gravatar.com\/avatar\/eca268467d925ec97d20641bb054fd944c0abb2f92854171620706bbe6474e7c?s=96&d=mm&r=g\",\"url\":\"https:\/\/secure.gravatar.com\/avatar\/eca268467d925ec97d20641bb054fd944c0abb2f92854171620706bbe6474e7c?s=96&d=mm&r=g\",\"contentUrl\":\"https:\/\/secure.gravatar.com\/avatar\/eca268467d925ec97d20641bb054fd944c0abb2f92854171620706bbe6474e7c?s=96&d=mm&r=g\",\"caption\":\"lifefm\"}}]}<\/script>\n<!-- \/ Yoast SEO plugin. -->","yoast_head_json":{"title":"Avi\u00e3o utilizado para pulveriza\u00e7\u00e3o agr\u00edcola cai em canavial em Junqueir\u00f3polis - R\u00e1dio Life FM","robots":{"index":"index","follow":"follow","max-snippet":"max-snippet:-1","max-image-preview":"max-image-preview:large","max-video-preview":"max-video-preview:-1"},"canonical":"https:\/\/radiolifefm.com.br\/noticias\/aviao-utilizado-para-pulverizacao-agricola-cai-em-canavial-em-junqueiropolis\/","og_locale":"pt_BR","og_type":"article","og_title":"Avi\u00e3o utilizado para pulveriza\u00e7\u00e3o agr\u00edcola cai em canavial em Junqueir\u00f3polis - R\u00e1dio Life FM","og_description":"Um avi\u00e3o Monomotor Agr\u00edcola, Embraer, modelo Ipanema, caiu e pegou fogo em um canavial pr\u00f3ximo da Usina Usalpa, no munic\u00edpio de Junqueir\u00f3polis. O acidente foi registrado por volta de 15:10 horas deste domingo (5). Segundo informa\u00e7\u00f5es obtidas, o inc\u00eandio tomou grandes propor\u00e7\u00f5es e teria destru\u00eddo totalmente a aeronave, inclusive atingindo parte do canavial. N\u00e3o h\u00e1 [&hellip;]","og_url":"https:\/\/radiolifefm.com.br\/noticias\/aviao-utilizado-para-pulverizacao-agricola-cai-em-canavial-em-junqueiropolis\/","og_site_name":"R\u00e1dio Life FM","article_publisher":"https:\/\/www.facebook.com\/radiolifefm\/","article_published_time":"2020-04-06T11:55:02+00:00","article_modified_time":"2026-04-11T02:09:32+00:00","og_image":[{"width":1032,"height":581,"url":"https:\/\/radiolifefm.com.br\/noticias\/wp-content\/uploads\/2020\/04\/Avi\u00e3o-canavial-2.jpg","type":"image\/jpeg"}],"author":"lifefm","twitter_card":"summary_large_image","twitter_misc":{"Escrito por":"lifefm","Est. tempo de leitura":"1 minuto"},"schema":{"@context":"https:\/\/schema.org","@graph":[{"@type":"Article","@id":"https:\/\/radiolifefm.com.br\/noticias\/aviao-utilizado-para-pulverizacao-agricola-cai-em-canavial-em-junqueiropolis\/#article","isPartOf":{"@id":"https:\/\/radiolifefm.com.br\/noticias\/aviao-utilizado-para-pulverizacao-agricola-cai-em-canavial-em-junqueiropolis\/"},"author":{"name":"lifefm","@id":"https:\/\/radiolifefm.com.br\/noticias\/#\/schema\/person\/1d4e4b1301322090c6221bf1c8420490"},"headline":"Avi\u00e3o utilizado para pulveriza\u00e7\u00e3o agr\u00edcola cai em canavial em Junqueir\u00f3polis","datePublished":"2020-04-06T11:55:02+00:00","dateModified":"2026-04-11T02:09:32+00:00","mainEntityOfPage":{"@id":"https:\/\/radiolifefm.com.br\/noticias\/aviao-utilizado-para-pulverizacao-agricola-cai-em-canavial-em-junqueiropolis\/"},"wordCount":138,"commentCount":0,"publisher":{"@id":"https:\/\/radiolifefm.com.br\/noticias\/#organization"},"image":{"@id":"https:\/\/radiolifefm.com.br\/noticias\/aviao-utilizado-para-pulverizacao-agricola-cai-em-canavial-em-junqueiropolis\/#primaryimage"},"thumbnailUrl":"https:\/\/radiolifefm.com.br\/noticias\/wp-content\/uploads\/2020\/04\/Avi\u00e3o-canavial-2.jpg","articleSection":["Regi\u00e3o"],"inLanguage":"pt-BR","potentialAction":[{"@type":"CommentAction","name":"Comment","target":["https:\/\/radiolifefm.com.br\/noticias\/aviao-utilizado-para-pulverizacao-agricola-cai-em-canavial-em-junqueiropolis\/#respond"]}]},{"@type":"WebPage","@id":"https:\/\/radiolifefm.com.br\/noticias\/aviao-utilizado-para-pulverizacao-agricola-cai-em-canavial-em-junqueiropolis\/","url":"https:\/\/radiolifefm.com.br\/noticias\/aviao-utilizado-para-pulverizacao-agricola-cai-em-canavial-em-junqueiropolis\/","name":"Avi\u00e3o utilizado para pulveriza\u00e7\u00e3o agr\u00edcola cai em canavial em Junqueir\u00f3polis - R\u00e1dio Life FM","isPartOf":{"@id":"https:\/\/radiolifefm.com.br\/noticias\/#website"},"primaryImageOfPage":{"@id":"https:\/\/radiolifefm.com.br\/noticias\/aviao-utilizado-para-pulverizacao-agricola-cai-em-canavial-em-junqueiropolis\/#primaryimage"},"image":{"@id":"https:\/\/radiolifefm.com.br\/noticias\/aviao-utilizado-para-pulverizacao-agricola-cai-em-canavial-em-junqueiropolis\/#primaryimage"},"thumbnailUrl":"https:\/\/radiolifefm.com.br\/noticias\/wp-content\/uploads\/2020\/04\/Avi\u00e3o-canavial-2.jpg","datePublished":"2020-04-06T11:55:02+00:00","dateModified":"2026-04-11T02:09:32+00:00","breadcrumb":{"@id":"https:\/\/radiolifefm.com.br\/noticias\/aviao-utilizado-para-pulverizacao-agricola-cai-em-canavial-em-junqueiropolis\/#breadcrumb"},"inLanguage":"pt-BR","potentialAction":[{"@type":"ReadAction","target":["https:\/\/radiolifefm.com.br\/noticias\/aviao-utilizado-para-pulverizacao-agricola-cai-em-canavial-em-junqueiropolis\/"]}]},{"@type":"ImageObject","inLanguage":"pt-BR","@id":"https:\/\/radiolifefm.com.br\/noticias\/aviao-utilizado-para-pulverizacao-agricola-cai-em-canavial-em-junqueiropolis\/#primaryimage","url":"https:\/\/radiolifefm.com.br\/noticias\/wp-content\/uploads\/2020\/04\/Avi\u00e3o-canavial-2.jpg","contentUrl":"https:\/\/radiolifefm.com.br\/noticias\/wp-content\/uploads\/2020\/04\/Avi\u00e3o-canavial-2.jpg","width":1032,"height":581,"caption":"Avi\u00e3o agr\u00edcola que caiu em canavial do munic\u00edpio de Junqueir\u00f3polis neste domingo (5) - Fotos - TV Oeste Di\u00e1rio."},{"@type":"BreadcrumbList","@id":"https:\/\/radiolifefm.com.br\/noticias\/aviao-utilizado-para-pulverizacao-agricola-cai-em-canavial-em-junqueiropolis\/#breadcrumb","itemListElement":[{"@type":"ListItem","position":1,"name":"In\u00edcio","item":"https:\/\/radiolifefm.com.br\/noticias\/"},{"@type":"ListItem","position":2,"name":"Avi\u00e3o utilizado para pulveriza\u00e7\u00e3o agr\u00edcola cai em canavial em Junqueir\u00f3polis"}]},{"@type":"WebSite","@id":"https:\/\/radiolifefm.com.br\/noticias\/#website","url":"https:\/\/radiolifefm.com.br\/noticias\/","name":"R\u00e1dio Life FM","description":"O Portal de Not\u00edcias de Adamantina","publisher":{"@id":"https:\/\/radiolifefm.com.br\/noticias\/#organization"},"alternateName":"Life FM","potentialAction":[{"@type":"SearchAction","target":{"@type":"EntryPoint","urlTemplate":"https:\/\/radiolifefm.com.br\/noticias\/?s={search_term_string}"},"query-input":{"@type":"PropertyValueSpecification","valueRequired":true,"valueName":"search_term_string"}}],"inLanguage":"pt-BR"},{"@type":"Organization","@id":"https:\/\/radiolifefm.com.br\/noticias\/#organization","name":"R\u00e1dio Life FM","alternateName":"Life FM","url":"https:\/\/radiolifefm.com.br\/noticias\/","logo":{"@type":"ImageObject","inLanguage":"pt-BR","@id":"https:\/\/radiolifefm.com.br\/noticias\/#\/schema\/logo\/image\/","url":"https:\/\/static.radiolifefm.com.br\/noticias\/wp-content\/uploads\/2019\/10\/logo-lifefm.png","contentUrl":"https:\/\/static.radiolifefm.com.br\/noticias\/wp-content\/uploads\/2019\/10\/logo-lifefm.png","width":196,"height":47,"caption":"R\u00e1dio Life FM"},"image":{"@id":"https:\/\/radiolifefm.com.br\/noticias\/#\/schema\/logo\/image\/"},"sameAs":["https:\/\/www.facebook.com\/radiolifefm\/","https:\/\/www.instagram.com\/life1079fm\/"]},{"@type":"Person","@id":"https:\/\/radiolifefm.com.br\/noticias\/#\/schema\/person\/1d4e4b1301322090c6221bf1c8420490","name":"lifefm","image":{"@type":"ImageObject","inLanguage":"pt-BR","@id":"https:\/\/secure.gravatar.com\/avatar\/eca268467d925ec97d20641bb054fd944c0abb2f92854171620706bbe6474e7c?s=96&d=mm&r=g","url":"https:\/\/secure.gravatar.com\/avatar\/eca268467d925ec97d20641bb054fd944c0abb2f92854171620706bbe6474e7c?s=96&d=mm&r=g","contentUrl":"https:\/\/secure.gravatar.com\/avatar\/eca268467d925ec97d20641bb054fd944c0abb2f92854171620706bbe6474e7c?s=96&d=mm&r=g","caption":"lifefm"}}]}},"amp_enabled":true,"_links":{"self":[{"href":"https:\/\/radiolifefm.com.br\/noticias\/wp-json\/wp\/v2\/posts\/21681","targetHints":{"allow":["GET"]}}],"collection":[{"href":"https:\/\/radiolifefm.com.br\/noticias\/wp-json\/wp\/v2\/posts"}],"about":[{"href":"https:\/\/radiolifefm.com.br\/noticias\/wp-json\/wp\/v2\/types\/post"}],"author":[{"embeddable":true,"href":"https:\/\/radiolifefm.com.br\/noticias\/wp-json\/wp\/v2\/users\/3"}],"replies":[{"embeddable":true,"href":"https:\/\/radiolifefm.com.br\/noticias\/wp-json\/wp\/v2\/comments?post=21681"}],"version-history":[{"count":1,"href":"https:\/\/radiolifefm.com.br\/noticias\/wp-json\/wp\/v2\/posts\/21681\/revisions"}],"predecessor-version":[{"id":21685,"href":"https:\/\/radiolifefm.com.br\/noticias\/wp-json\/wp\/v2\/posts\/21681\/revisions\/21685"}],"wp:featuredmedia":[{"embeddable":true,"href":"https:\/\/radiolifefm.com.br\/noticias\/wp-json\/wp\/v2\/media\/21684"}],"wp:attachment":[{"href":"https:\/\/radiolifefm.com.br\/noticias\/wp-json\/wp\/v2\/media?parent=21681"}],"wp:term":[{"taxonomy":"category","embeddable":true,"href":"https:\/\/radiolifefm.com.br\/noticias\/wp-json\/wp\/v2\/categories?post=21681"},{"taxonomy":"post_tag","embeddable":true,"href":"https:\/\/radiolifefm.com.br\/noticias\/wp-json\/wp\/v2\/tags?post=21681"}],"curies":[{"name":"wp","href":"https:\/\/api.w.org\/{rel}","templated":true}]}}