{"id":21642,"date":"2020-04-03T09:45:36","date_gmt":"2020-04-03T12:45:36","guid":{"rendered":"https:\/\/radiolifefm.com.br\/noticias\/?p=21642"},"modified":"2026-04-22T07:26:54","modified_gmt":"2026-04-22T10:26:54","slug":"homem-e-preso-com-joias-e-pedras-preciosas-estimadas-em-meio-milhao-em-rodovia-de-jau","status":"publish","type":"post","link":"https:\/\/radiolifefm.com.br\/noticias\/homem-e-preso-com-joias-e-pedras-preciosas-estimadas-em-meio-milhao-em-rodovia-de-jau\/","title":{"rendered":"Homem \u00e9 preso com joias e pedras preciosas estimadas em meio milh\u00e3o em rodovia de Ja\u00fa"},"content":{"rendered":"<div id=\"fb-root\"><\/div>\n<p><em>Pol\u00edcia encontrou diamantes, brilhantes, esmeraldas e rubis dentro do filtro de ar do motor do carro. Joias eram produtos de um roubo em Dracena (SP)<\/em><\/p>\n<p>Um homem de 46 anos foi preso na madrugada desta sexta-feira (3), em Ja\u00fa (SP), ao transportar quase dois quilos de joias e pedras preciosas dentro de um carro.<\/p>\n<p>Segundo a Pol\u00edcia Rodovi\u00e1ria, o motorista foi parado na base de Mar\u00edlia e relatou aos policiais que trabalhava na reciclagem de ouro. Nada de il\u00edcito foi encontrado no ve\u00edculo.<\/p>\n<p>Com isso, o homem seguiu viagem, mas os policiais de Mar\u00edlia passaram a informa\u00e7\u00e3o sobre o carro para a base em Ja\u00fa e ele foi novamente abordado na Rodovia Comandante Jo\u00e3o Ribeiro de Barros (SP-294).<\/p>\n<p>Ap\u00f3s uma revista mais detalhada no carro, a pol\u00edcia encontrou diamantes, brilhantes, esmeraldas e rubis dentro do filtro de ar do motor, que totalizaram 1,805 quilo. O motorista informou que ele levaria os produtos para Juiz de Fora (MG).<\/p>\n<figure id=\"attachment_21645\" aria-describedby=\"caption-attachment-21645\" style=\"width: 225px\" class=\"wp-caption alignnone\"><img loading=\"lazy\" decoding=\"async\" class=\"size-medium wp-image-21645\" src=\"https:\/\/radiolifefm.com.br\/noticias\/wp-content\/uploads\/sites\/2\/2020\/04\/Joias-Dracena-2-225x300.jpeg\" alt=\"\" width=\"225\" height=\"300\" srcset=\"https:\/\/radiolifefm.com.br\/noticias\/wp-content\/uploads\/2020\/04\/Joias-Dracena-2-225x300.jpeg 225w, https:\/\/radiolifefm.com.br\/noticias\/wp-content\/uploads\/2020\/04\/Joias-Dracena-2-768x1024.jpeg 768w, https:\/\/radiolifefm.com.br\/noticias\/wp-content\/uploads\/2020\/04\/Joias-Dracena-2.jpeg 1000w\" sizes=\"auto, (max-width: 225px) 100vw, 225px\" \/><figcaption id=\"caption-attachment-21645\" class=\"wp-caption-text\">Pol\u00edcia encontrou as joias dentro do filtro de ar do motor do carro em Ja\u00fa \u2014 Foto: Pol\u00edcia Rodovi\u00e1ria\/Divulga\u00e7\u00e3o.<\/figcaption><\/figure>\n<p>Ainda de acordo com a pol\u00edcia, o material tinha sido roubado no dia 29 de mar\u00e7o de uma joalheria de Dracena. A v\u00edtima do roubo reconheceu as joias e disse que elas estariam avaliadas na m\u00e9dia de R$ 500 mil.<\/p>\n<p>O suspeito foi preso em flagrante e levado para a Central de Pol\u00edcia Judici\u00e1ria (CPJ) de Ja\u00fa, onde ficou \u00e0 disposi\u00e7\u00e3o da Justi\u00e7a. A pol\u00edcia tamb\u00e9m informou que o carro abordado era alugado.<\/p>\n<figure id=\"attachment_21644\" aria-describedby=\"caption-attachment-21644\" style=\"width: 300px\" class=\"wp-caption alignnone\"><img loading=\"lazy\" decoding=\"async\" class=\"size-medium wp-image-21644\" src=\"https:\/\/radiolifefm.com.br\/noticias\/wp-content\/uploads\/sites\/2\/2020\/04\/Joias-Dracena-1-300x225.jpeg\" alt=\"\" width=\"300\" height=\"225\" srcset=\"https:\/\/radiolifefm.com.br\/noticias\/wp-content\/uploads\/2020\/04\/Joias-Dracena-1-300x225.jpeg 300w, https:\/\/radiolifefm.com.br\/noticias\/wp-content\/uploads\/2020\/04\/Joias-Dracena-1-768x576.jpeg 768w, https:\/\/radiolifefm.com.br\/noticias\/wp-content\/uploads\/2020\/04\/Joias-Dracena-1.jpeg 1000w\" sizes=\"auto, (max-width: 300px) 100vw, 300px\" \/><figcaption id=\"caption-attachment-21644\" class=\"wp-caption-text\">Pol\u00edcia informou que as joias eram produtos de um roubo em Dracena (SP) \u2014 Foto: Pol\u00edcia Rodovi\u00e1ria\/Divulga\u00e7\u00e3o.<\/figcaption><\/figure>\n<p>Por G1 Bauru e Mar\u00edlia<\/p>\n","protected":false},"excerpt":{"rendered":"<p>Pol\u00edcia encontrou diamantes, brilhantes, esmeraldas e rubis dentro do filtro de ar do motor do carro. Joias eram produtos de um roubo em Dracena (SP) Um homem de 46 anos foi preso na madrugada desta sexta-feira (3), em Ja\u00fa (SP), ao transportar quase dois quilos de joias e pedras preciosas dentro de um carro. Segundo [&hellip;]<\/p>\n","protected":false},"author":3,"featured_media":21643,"comment_status":"closed","ping_status":"open","sticky":false,"template":"","format":"standard","meta":{"_acf_changed":false,"_exactmetrics_skip_tracking":false,"_exactmetrics_sitenote_active":false,"_exactmetrics_sitenote_note":"","_exactmetrics_sitenote_category":0,"footnotes":""},"categories":[24],"tags":[],"class_list":["post-21642","post","type-post","status-publish","format-standard","has-post-thumbnail","hentry","category-regiao"],"acf":[],"yoast_head":"<!-- This site is optimized with the Yoast SEO plugin v27.2 - https:\/\/yoast.com\/product\/yoast-seo-wordpress\/ -->\n<title>Homem \u00e9 preso com joias e pedras preciosas estimadas em meio milh\u00e3o em rodovia de Ja\u00fa - R\u00e1dio Life FM<\/title>\n<meta name=\"robots\" content=\"index, follow, max-snippet:-1, max-image-preview:large, max-video-preview:-1\" \/>\n<link rel=\"canonical\" href=\"https:\/\/radiolifefm.com.br\/noticias\/homem-e-preso-com-joias-e-pedras-preciosas-estimadas-em-meio-milhao-em-rodovia-de-jau\/\" \/>\n<meta property=\"og:locale\" content=\"pt_BR\" \/>\n<meta property=\"og:type\" content=\"article\" \/>\n<meta property=\"og:title\" content=\"Homem \u00e9 preso com joias e pedras preciosas estimadas em meio milh\u00e3o em rodovia de Ja\u00fa - R\u00e1dio Life FM\" \/>\n<meta property=\"og:description\" content=\"Pol\u00edcia encontrou diamantes, brilhantes, esmeraldas e rubis dentro do filtro de ar do motor do carro. Joias eram produtos de um roubo em Dracena (SP) Um homem de 46 anos foi preso na madrugada desta sexta-feira (3), em Ja\u00fa (SP), ao transportar quase dois quilos de joias e pedras preciosas dentro de um carro. Segundo [&hellip;]\" \/>\n<meta property=\"og:url\" content=\"https:\/\/radiolifefm.com.br\/noticias\/homem-e-preso-com-joias-e-pedras-preciosas-estimadas-em-meio-milhao-em-rodovia-de-jau\/\" \/>\n<meta property=\"og:site_name\" content=\"R\u00e1dio Life FM\" \/>\n<meta property=\"article:publisher\" content=\"https:\/\/www.facebook.com\/radiolifefm\/\" \/>\n<meta property=\"article:published_time\" content=\"2020-04-03T12:45:36+00:00\" \/>\n<meta property=\"article:modified_time\" content=\"2026-04-22T10:26:54+00:00\" \/>\n<meta property=\"og:image\" content=\"https:\/\/radiolifefm.com.br\/noticias\/wp-content\/uploads\/2020\/04\/Joias-Dracena.jpeg\" \/>\n\t<meta property=\"og:image:width\" content=\"1000\" \/>\n\t<meta property=\"og:image:height\" content=\"750\" \/>\n\t<meta property=\"og:image:type\" content=\"image\/jpeg\" \/>\n<meta name=\"author\" content=\"lifefm\" \/>\n<meta name=\"twitter:card\" content=\"summary_large_image\" \/>\n<meta name=\"twitter:label1\" content=\"Escrito por\" \/>\n\t<meta name=\"twitter:data1\" content=\"lifefm\" \/>\n\t<meta name=\"twitter:label2\" content=\"Est. tempo de leitura\" \/>\n\t<meta name=\"twitter:data2\" content=\"2 minutos\" \/>\n<script type=\"application\/ld+json\" class=\"yoast-schema-graph\">{\"@context\":\"https:\/\/schema.org\",\"@graph\":[{\"@type\":\"Article\",\"@id\":\"https:\/\/radiolifefm.com.br\/noticias\/homem-e-preso-com-joias-e-pedras-preciosas-estimadas-em-meio-milhao-em-rodovia-de-jau\/#article\",\"isPartOf\":{\"@id\":\"https:\/\/radiolifefm.com.br\/noticias\/homem-e-preso-com-joias-e-pedras-preciosas-estimadas-em-meio-milhao-em-rodovia-de-jau\/\"},\"author\":{\"name\":\"lifefm\",\"@id\":\"https:\/\/radiolifefm.com.br\/noticias\/#\/schema\/person\/1d4e4b1301322090c6221bf1c8420490\"},\"headline\":\"Homem \u00e9 preso com joias e pedras preciosas estimadas em meio milh\u00e3o em rodovia de Ja\u00fa\",\"datePublished\":\"2020-04-03T12:45:36+00:00\",\"dateModified\":\"2026-04-22T10:26:54+00:00\",\"mainEntityOfPage\":{\"@id\":\"https:\/\/radiolifefm.com.br\/noticias\/homem-e-preso-com-joias-e-pedras-preciosas-estimadas-em-meio-milhao-em-rodovia-de-jau\/\"},\"wordCount\":325,\"publisher\":{\"@id\":\"https:\/\/radiolifefm.com.br\/noticias\/#organization\"},\"image\":{\"@id\":\"https:\/\/radiolifefm.com.br\/noticias\/homem-e-preso-com-joias-e-pedras-preciosas-estimadas-em-meio-milhao-em-rodovia-de-jau\/#primaryimage\"},\"thumbnailUrl\":\"https:\/\/radiolifefm.com.br\/noticias\/wp-content\/uploads\/2020\/04\/Joias-Dracena.jpeg\",\"articleSection\":[\"Regi\u00e3o\"],\"inLanguage\":\"pt-BR\"},{\"@type\":\"WebPage\",\"@id\":\"https:\/\/radiolifefm.com.br\/noticias\/homem-e-preso-com-joias-e-pedras-preciosas-estimadas-em-meio-milhao-em-rodovia-de-jau\/\",\"url\":\"https:\/\/radiolifefm.com.br\/noticias\/homem-e-preso-com-joias-e-pedras-preciosas-estimadas-em-meio-milhao-em-rodovia-de-jau\/\",\"name\":\"Homem \u00e9 preso com joias e pedras preciosas estimadas em meio milh\u00e3o em rodovia de Ja\u00fa - R\u00e1dio Life FM\",\"isPartOf\":{\"@id\":\"https:\/\/radiolifefm.com.br\/noticias\/#website\"},\"primaryImageOfPage\":{\"@id\":\"https:\/\/radiolifefm.com.br\/noticias\/homem-e-preso-com-joias-e-pedras-preciosas-estimadas-em-meio-milhao-em-rodovia-de-jau\/#primaryimage\"},\"image\":{\"@id\":\"https:\/\/radiolifefm.com.br\/noticias\/homem-e-preso-com-joias-e-pedras-preciosas-estimadas-em-meio-milhao-em-rodovia-de-jau\/#primaryimage\"},\"thumbnailUrl\":\"https:\/\/radiolifefm.com.br\/noticias\/wp-content\/uploads\/2020\/04\/Joias-Dracena.jpeg\",\"datePublished\":\"2020-04-03T12:45:36+00:00\",\"dateModified\":\"2026-04-22T10:26:54+00:00\",\"breadcrumb\":{\"@id\":\"https:\/\/radiolifefm.com.br\/noticias\/homem-e-preso-com-joias-e-pedras-preciosas-estimadas-em-meio-milhao-em-rodovia-de-jau\/#breadcrumb\"},\"inLanguage\":\"pt-BR\",\"potentialAction\":[{\"@type\":\"ReadAction\",\"target\":[\"https:\/\/radiolifefm.com.br\/noticias\/homem-e-preso-com-joias-e-pedras-preciosas-estimadas-em-meio-milhao-em-rodovia-de-jau\/\"]}]},{\"@type\":\"ImageObject\",\"inLanguage\":\"pt-BR\",\"@id\":\"https:\/\/radiolifefm.com.br\/noticias\/homem-e-preso-com-joias-e-pedras-preciosas-estimadas-em-meio-milhao-em-rodovia-de-jau\/#primaryimage\",\"url\":\"https:\/\/radiolifefm.com.br\/noticias\/wp-content\/uploads\/2020\/04\/Joias-Dracena.jpeg\",\"contentUrl\":\"https:\/\/radiolifefm.com.br\/noticias\/wp-content\/uploads\/2020\/04\/Joias-Dracena.jpeg\",\"width\":1000,\"height\":750,\"caption\":\"Homem \u00e9 preso com joias e pedras preciosas estimadas em meio milh\u00e3o em rodovia de Ja\u00fa \u2014 Foto: Pol\u00edcia Rodovi\u00e1ria\/Divulga\u00e7\u00e3o.\"},{\"@type\":\"BreadcrumbList\",\"@id\":\"https:\/\/radiolifefm.com.br\/noticias\/homem-e-preso-com-joias-e-pedras-preciosas-estimadas-em-meio-milhao-em-rodovia-de-jau\/#breadcrumb\",\"itemListElement\":[{\"@type\":\"ListItem\",\"position\":1,\"name\":\"In\u00edcio\",\"item\":\"https:\/\/radiolifefm.com.br\/noticias\/\"},{\"@type\":\"ListItem\",\"position\":2,\"name\":\"Homem \u00e9 preso com joias e pedras preciosas estimadas em meio milh\u00e3o em rodovia de Ja\u00fa\"}]},{\"@type\":\"WebSite\",\"@id\":\"https:\/\/radiolifefm.com.br\/noticias\/#website\",\"url\":\"https:\/\/radiolifefm.com.br\/noticias\/\",\"name\":\"R\u00e1dio Life FM\",\"description\":\"O Portal de Not\u00edcias de Adamantina\",\"publisher\":{\"@id\":\"https:\/\/radiolifefm.com.br\/noticias\/#organization\"},\"alternateName\":\"Life FM\",\"potentialAction\":[{\"@type\":\"SearchAction\",\"target\":{\"@type\":\"EntryPoint\",\"urlTemplate\":\"https:\/\/radiolifefm.com.br\/noticias\/?s={search_term_string}\"},\"query-input\":{\"@type\":\"PropertyValueSpecification\",\"valueRequired\":true,\"valueName\":\"search_term_string\"}}],\"inLanguage\":\"pt-BR\"},{\"@type\":\"Organization\",\"@id\":\"https:\/\/radiolifefm.com.br\/noticias\/#organization\",\"name\":\"R\u00e1dio Life FM\",\"alternateName\":\"Life FM\",\"url\":\"https:\/\/radiolifefm.com.br\/noticias\/\",\"logo\":{\"@type\":\"ImageObject\",\"inLanguage\":\"pt-BR\",\"@id\":\"https:\/\/radiolifefm.com.br\/noticias\/#\/schema\/logo\/image\/\",\"url\":\"https:\/\/static.radiolifefm.com.br\/noticias\/wp-content\/uploads\/2019\/10\/logo-lifefm.png\",\"contentUrl\":\"https:\/\/static.radiolifefm.com.br\/noticias\/wp-content\/uploads\/2019\/10\/logo-lifefm.png\",\"width\":196,\"height\":47,\"caption\":\"R\u00e1dio Life FM\"},\"image\":{\"@id\":\"https:\/\/radiolifefm.com.br\/noticias\/#\/schema\/logo\/image\/\"},\"sameAs\":[\"https:\/\/www.facebook.com\/radiolifefm\/\",\"https:\/\/www.instagram.com\/life1079fm\/\"]},{\"@type\":\"Person\",\"@id\":\"https:\/\/radiolifefm.com.br\/noticias\/#\/schema\/person\/1d4e4b1301322090c6221bf1c8420490\",\"name\":\"lifefm\",\"image\":{\"@type\":\"ImageObject\",\"inLanguage\":\"pt-BR\",\"@id\":\"https:\/\/secure.gravatar.com\/avatar\/eca268467d925ec97d20641bb054fd944c0abb2f92854171620706bbe6474e7c?s=96&d=mm&r=g\",\"url\":\"https:\/\/secure.gravatar.com\/avatar\/eca268467d925ec97d20641bb054fd944c0abb2f92854171620706bbe6474e7c?s=96&d=mm&r=g\",\"contentUrl\":\"https:\/\/secure.gravatar.com\/avatar\/eca268467d925ec97d20641bb054fd944c0abb2f92854171620706bbe6474e7c?s=96&d=mm&r=g\",\"caption\":\"lifefm\"}}]}<\/script>\n<!-- \/ Yoast SEO plugin. -->","yoast_head_json":{"title":"Homem \u00e9 preso com joias e pedras preciosas estimadas em meio milh\u00e3o em rodovia de Ja\u00fa - R\u00e1dio Life FM","robots":{"index":"index","follow":"follow","max-snippet":"max-snippet:-1","max-image-preview":"max-image-preview:large","max-video-preview":"max-video-preview:-1"},"canonical":"https:\/\/radiolifefm.com.br\/noticias\/homem-e-preso-com-joias-e-pedras-preciosas-estimadas-em-meio-milhao-em-rodovia-de-jau\/","og_locale":"pt_BR","og_type":"article","og_title":"Homem \u00e9 preso com joias e pedras preciosas estimadas em meio milh\u00e3o em rodovia de Ja\u00fa - R\u00e1dio Life FM","og_description":"Pol\u00edcia encontrou diamantes, brilhantes, esmeraldas e rubis dentro do filtro de ar do motor do carro. Joias eram produtos de um roubo em Dracena (SP) Um homem de 46 anos foi preso na madrugada desta sexta-feira (3), em Ja\u00fa (SP), ao transportar quase dois quilos de joias e pedras preciosas dentro de um carro. Segundo [&hellip;]","og_url":"https:\/\/radiolifefm.com.br\/noticias\/homem-e-preso-com-joias-e-pedras-preciosas-estimadas-em-meio-milhao-em-rodovia-de-jau\/","og_site_name":"R\u00e1dio Life FM","article_publisher":"https:\/\/www.facebook.com\/radiolifefm\/","article_published_time":"2020-04-03T12:45:36+00:00","article_modified_time":"2026-04-22T10:26:54+00:00","og_image":[{"width":1000,"height":750,"url":"https:\/\/radiolifefm.com.br\/noticias\/wp-content\/uploads\/2020\/04\/Joias-Dracena.jpeg","type":"image\/jpeg"}],"author":"lifefm","twitter_card":"summary_large_image","twitter_misc":{"Escrito por":"lifefm","Est. tempo de leitura":"2 minutos"},"schema":{"@context":"https:\/\/schema.org","@graph":[{"@type":"Article","@id":"https:\/\/radiolifefm.com.br\/noticias\/homem-e-preso-com-joias-e-pedras-preciosas-estimadas-em-meio-milhao-em-rodovia-de-jau\/#article","isPartOf":{"@id":"https:\/\/radiolifefm.com.br\/noticias\/homem-e-preso-com-joias-e-pedras-preciosas-estimadas-em-meio-milhao-em-rodovia-de-jau\/"},"author":{"name":"lifefm","@id":"https:\/\/radiolifefm.com.br\/noticias\/#\/schema\/person\/1d4e4b1301322090c6221bf1c8420490"},"headline":"Homem \u00e9 preso com joias e pedras preciosas estimadas em meio milh\u00e3o em rodovia de Ja\u00fa","datePublished":"2020-04-03T12:45:36+00:00","dateModified":"2026-04-22T10:26:54+00:00","mainEntityOfPage":{"@id":"https:\/\/radiolifefm.com.br\/noticias\/homem-e-preso-com-joias-e-pedras-preciosas-estimadas-em-meio-milhao-em-rodovia-de-jau\/"},"wordCount":325,"publisher":{"@id":"https:\/\/radiolifefm.com.br\/noticias\/#organization"},"image":{"@id":"https:\/\/radiolifefm.com.br\/noticias\/homem-e-preso-com-joias-e-pedras-preciosas-estimadas-em-meio-milhao-em-rodovia-de-jau\/#primaryimage"},"thumbnailUrl":"https:\/\/radiolifefm.com.br\/noticias\/wp-content\/uploads\/2020\/04\/Joias-Dracena.jpeg","articleSection":["Regi\u00e3o"],"inLanguage":"pt-BR"},{"@type":"WebPage","@id":"https:\/\/radiolifefm.com.br\/noticias\/homem-e-preso-com-joias-e-pedras-preciosas-estimadas-em-meio-milhao-em-rodovia-de-jau\/","url":"https:\/\/radiolifefm.com.br\/noticias\/homem-e-preso-com-joias-e-pedras-preciosas-estimadas-em-meio-milhao-em-rodovia-de-jau\/","name":"Homem \u00e9 preso com joias e pedras preciosas estimadas em meio milh\u00e3o em rodovia de Ja\u00fa - R\u00e1dio Life FM","isPartOf":{"@id":"https:\/\/radiolifefm.com.br\/noticias\/#website"},"primaryImageOfPage":{"@id":"https:\/\/radiolifefm.com.br\/noticias\/homem-e-preso-com-joias-e-pedras-preciosas-estimadas-em-meio-milhao-em-rodovia-de-jau\/#primaryimage"},"image":{"@id":"https:\/\/radiolifefm.com.br\/noticias\/homem-e-preso-com-joias-e-pedras-preciosas-estimadas-em-meio-milhao-em-rodovia-de-jau\/#primaryimage"},"thumbnailUrl":"https:\/\/radiolifefm.com.br\/noticias\/wp-content\/uploads\/2020\/04\/Joias-Dracena.jpeg","datePublished":"2020-04-03T12:45:36+00:00","dateModified":"2026-04-22T10:26:54+00:00","breadcrumb":{"@id":"https:\/\/radiolifefm.com.br\/noticias\/homem-e-preso-com-joias-e-pedras-preciosas-estimadas-em-meio-milhao-em-rodovia-de-jau\/#breadcrumb"},"inLanguage":"pt-BR","potentialAction":[{"@type":"ReadAction","target":["https:\/\/radiolifefm.com.br\/noticias\/homem-e-preso-com-joias-e-pedras-preciosas-estimadas-em-meio-milhao-em-rodovia-de-jau\/"]}]},{"@type":"ImageObject","inLanguage":"pt-BR","@id":"https:\/\/radiolifefm.com.br\/noticias\/homem-e-preso-com-joias-e-pedras-preciosas-estimadas-em-meio-milhao-em-rodovia-de-jau\/#primaryimage","url":"https:\/\/radiolifefm.com.br\/noticias\/wp-content\/uploads\/2020\/04\/Joias-Dracena.jpeg","contentUrl":"https:\/\/radiolifefm.com.br\/noticias\/wp-content\/uploads\/2020\/04\/Joias-Dracena.jpeg","width":1000,"height":750,"caption":"Homem \u00e9 preso com joias e pedras preciosas estimadas em meio milh\u00e3o em rodovia de Ja\u00fa \u2014 Foto: Pol\u00edcia Rodovi\u00e1ria\/Divulga\u00e7\u00e3o."},{"@type":"BreadcrumbList","@id":"https:\/\/radiolifefm.com.br\/noticias\/homem-e-preso-com-joias-e-pedras-preciosas-estimadas-em-meio-milhao-em-rodovia-de-jau\/#breadcrumb","itemListElement":[{"@type":"ListItem","position":1,"name":"In\u00edcio","item":"https:\/\/radiolifefm.com.br\/noticias\/"},{"@type":"ListItem","position":2,"name":"Homem \u00e9 preso com joias e pedras preciosas estimadas em meio milh\u00e3o em rodovia de Ja\u00fa"}]},{"@type":"WebSite","@id":"https:\/\/radiolifefm.com.br\/noticias\/#website","url":"https:\/\/radiolifefm.com.br\/noticias\/","name":"R\u00e1dio Life FM","description":"O Portal de Not\u00edcias de Adamantina","publisher":{"@id":"https:\/\/radiolifefm.com.br\/noticias\/#organization"},"alternateName":"Life FM","potentialAction":[{"@type":"SearchAction","target":{"@type":"EntryPoint","urlTemplate":"https:\/\/radiolifefm.com.br\/noticias\/?s={search_term_string}"},"query-input":{"@type":"PropertyValueSpecification","valueRequired":true,"valueName":"search_term_string"}}],"inLanguage":"pt-BR"},{"@type":"Organization","@id":"https:\/\/radiolifefm.com.br\/noticias\/#organization","name":"R\u00e1dio Life FM","alternateName":"Life FM","url":"https:\/\/radiolifefm.com.br\/noticias\/","logo":{"@type":"ImageObject","inLanguage":"pt-BR","@id":"https:\/\/radiolifefm.com.br\/noticias\/#\/schema\/logo\/image\/","url":"https:\/\/static.radiolifefm.com.br\/noticias\/wp-content\/uploads\/2019\/10\/logo-lifefm.png","contentUrl":"https:\/\/static.radiolifefm.com.br\/noticias\/wp-content\/uploads\/2019\/10\/logo-lifefm.png","width":196,"height":47,"caption":"R\u00e1dio Life FM"},"image":{"@id":"https:\/\/radiolifefm.com.br\/noticias\/#\/schema\/logo\/image\/"},"sameAs":["https:\/\/www.facebook.com\/radiolifefm\/","https:\/\/www.instagram.com\/life1079fm\/"]},{"@type":"Person","@id":"https:\/\/radiolifefm.com.br\/noticias\/#\/schema\/person\/1d4e4b1301322090c6221bf1c8420490","name":"lifefm","image":{"@type":"ImageObject","inLanguage":"pt-BR","@id":"https:\/\/secure.gravatar.com\/avatar\/eca268467d925ec97d20641bb054fd944c0abb2f92854171620706bbe6474e7c?s=96&d=mm&r=g","url":"https:\/\/secure.gravatar.com\/avatar\/eca268467d925ec97d20641bb054fd944c0abb2f92854171620706bbe6474e7c?s=96&d=mm&r=g","contentUrl":"https:\/\/secure.gravatar.com\/avatar\/eca268467d925ec97d20641bb054fd944c0abb2f92854171620706bbe6474e7c?s=96&d=mm&r=g","caption":"lifefm"}}]}},"amp_enabled":true,"_links":{"self":[{"href":"https:\/\/radiolifefm.com.br\/noticias\/wp-json\/wp\/v2\/posts\/21642","targetHints":{"allow":["GET"]}}],"collection":[{"href":"https:\/\/radiolifefm.com.br\/noticias\/wp-json\/wp\/v2\/posts"}],"about":[{"href":"https:\/\/radiolifefm.com.br\/noticias\/wp-json\/wp\/v2\/types\/post"}],"author":[{"embeddable":true,"href":"https:\/\/radiolifefm.com.br\/noticias\/wp-json\/wp\/v2\/users\/3"}],"replies":[{"embeddable":true,"href":"https:\/\/radiolifefm.com.br\/noticias\/wp-json\/wp\/v2\/comments?post=21642"}],"version-history":[{"count":1,"href":"https:\/\/radiolifefm.com.br\/noticias\/wp-json\/wp\/v2\/posts\/21642\/revisions"}],"predecessor-version":[{"id":21646,"href":"https:\/\/radiolifefm.com.br\/noticias\/wp-json\/wp\/v2\/posts\/21642\/revisions\/21646"}],"wp:featuredmedia":[{"embeddable":true,"href":"https:\/\/radiolifefm.com.br\/noticias\/wp-json\/wp\/v2\/media\/21643"}],"wp:attachment":[{"href":"https:\/\/radiolifefm.com.br\/noticias\/wp-json\/wp\/v2\/media?parent=21642"}],"wp:term":[{"taxonomy":"category","embeddable":true,"href":"https:\/\/radiolifefm.com.br\/noticias\/wp-json\/wp\/v2\/categories?post=21642"},{"taxonomy":"post_tag","embeddable":true,"href":"https:\/\/radiolifefm.com.br\/noticias\/wp-json\/wp\/v2\/tags?post=21642"}],"curies":[{"name":"wp","href":"https:\/\/api.w.org\/{rel}","templated":true}]}}