{"id":21579,"date":"2020-03-30T11:14:29","date_gmt":"2020-03-30T14:14:29","guid":{"rendered":"https:\/\/radiolifefm.com.br\/noticias\/?p=21579"},"modified":"2026-02-05T10:26:17","modified_gmt":"2026-02-05T13:26:17","slug":"com-22-leitos-de-utis-para-400-mil-habitantes-amnap-cobra-auxilio-do-estado-para-combate-ao-coronavirus","status":"publish","type":"post","link":"https:\/\/radiolifefm.com.br\/noticias\/com-22-leitos-de-utis-para-400-mil-habitantes-amnap-cobra-auxilio-do-estado-para-combate-ao-coronavirus\/","title":{"rendered":"Com 22 leitos de UTIs para 400 mil habitantes, Amnap cobra aux\u00edlio do Estado para combate ao coronav\u00edrus"},"content":{"rendered":"<div id=\"fb-root\"><\/div>\n<p><em>Entidade que representa os munic\u00edpios pede instala\u00e7\u00e3o de hospital de campanha para atendimento as v\u00edtimas e instala\u00e7\u00e3o de 50 leitos adicionais de UTI<\/em><\/p>\n<p>Preocupada com a estrutura de sa\u00fade dispon\u00edvel na regi\u00e3o para o atendimento as v\u00edtimas infectadas com a Covid-19, o novo coronav\u00edrus, a Amnap (Associa\u00e7\u00e3o dos Munic\u00edpios da Nova Alta Paulista), reuniu 12 dos 30 prefeitos que comp\u00f5e a entidade, nesta sexta-feira (27), em Tup\u00e3, para discutir e estabelecer medidas igualit\u00e1rias em todos os munic\u00edpios no enfrentamento \u00e0 pandemia.<\/p>\n<p>Na reuni\u00e3o extraordin\u00e1ria os gestores municipais assinaram manifesto direcionado ao governador do estado de S\u00e3o Paulo, Jo\u00e3o D\u00f3ria. No documento, os Chefes do Executivo pedem a flexibiliza\u00e7\u00e3o e\/ou abertura dos estabelecimentos comerciais e declaram que os munic\u00edpios n\u00e3o est\u00e3o recebendo recursos adicionais para fazer frente ao custo com insumos necess\u00e1rios para o enfrentamento da crise com o coronav\u00edrus, solicitando envio imediato de \u00e1lcool em gel e luvas.<\/p>\n<p>No manifesto os prefeitos demonstraram ainda indigna\u00e7\u00e3o com a diferen\u00e7a de recursos oferecidos pelo Governo do Estado para a Capital Paulista em compara\u00e7\u00e3o com os disponibilizados aos munic\u00edpios do interior, questionando a raz\u00e3o da diferen\u00e7a. No interior \u00e9 concedido R$ 4, por habitante, enquanto em S\u00e3o Paulo o recurso \u00e9 de R$ 12, por pessoa.<\/p>\n<p>Os prefeitos reivindicam que sejam fornecidos no m\u00ednimo 50 respiradores para o atendimento dos munic\u00edpios da Alta Paulista, al\u00e9m da instala\u00e7\u00e3o de 50 leitos adicionais completos de UTI (Unidade de Terapia Intensiva). Levantamento aponta que existem apenas 22 leitos de UTIs e 50 respiradores dispon\u00edveis para cerca de 400 mil habitantes.<\/p>\n<p>Os gestores pedem tamb\u00e9m a prorroga\u00e7\u00e3o do pagamento de precat\u00f3rios por um ano e \u201cque se diligencie com as autoridades federais providencias para a prorroga\u00e7\u00e3o dos prazos eleitorais\u201d. Al\u00e9m disso, reivindicam a instala\u00e7\u00e3o de hospital de campanha para atendimento das v\u00edtimas do novo v\u00edrus.<\/p>\n<p>O documento menciona ainda que sejam fornecidas cestas b\u00e1sicas sociais que incluam material de higiene em n\u00famero suficiente para o atendimento das necessidades urgentes da popula\u00e7\u00e3o, ou equivalente em recurso financeiro para providenciar ajuda assistencial em situa\u00e7\u00e3o de escassez.<\/p>\n<p>O prefeito de Adamantina, Marcio Cardim, disse durante a reuni\u00e3o que todas as medidas de higiene recomendadas por autoridades de sa\u00fade foram tomadas. Segundo o prefeito, as mesas foram colocadas distantes e que, al\u00e9m dos prefeitos, o secret\u00e1rio de sa\u00fade de Tup\u00e3, o m\u00e9dico C\u00e9sar Augusto Coelho Donadell, participou do encontro.<\/p>\n<p>O documento ser\u00e1 encaminhado ao governador Jo\u00e3o D\u00f3rio e ao secret\u00e1rio de Desenvolvimento Regional do Estado de S\u00e3o Paulo, Marco Vinholi. O prefeito de Osvaldo Cruz e presidente da Amnap ser\u00e1 o encarregado de encaminhar o documento para as autoridades.<\/p>\n<p>&nbsp;<\/p>\n<p><strong>PREFEITOS QUE ASSINARAM O MANIFESTO:<\/strong><\/p>\n<p>Caio Kani Aoqui, Tup\u00e3<br \/>\nCarlos Freire, Iacri<\/p>\n<p>Jos\u00e9 Ferreira de Oliveira Neto, Rin\u00f3polis<br \/>\nGilmar Martim Martins, Parapu\u00e3<\/p>\n<p>Valdir Dantas de Figueiredo, Mari\u00e1polis<br \/>\nMarcio Cardim, Adamantina<\/p>\n<p>Manoel Ironides Rosa, Bastos<br \/>\nEdmar Carlos Mazucato, Osvaldo Cruz<\/p>\n<p>Ricardo Rived Garcia, Sagres<br \/>\nAna Zoner Leal Serafim, Arco \u00cdris<\/p>\n<p>Wilson Froio, Fl\u00f3rida Paulista<br \/>\nMaur\u00edlei da Silva, Pracinha<\/p>\n<p><img loading=\"lazy\" decoding=\"async\" class=\"alignnone size-medium wp-image-21580\" src=\"https:\/\/radiolifefm.com.br\/noticias\/wp-content\/uploads\/sites\/2\/2020\/03\/Amnap-Covid-300x146.jpg\" alt=\"\" width=\"300\" height=\"146\" srcset=\"https:\/\/radiolifefm.com.br\/noticias\/wp-content\/uploads\/2020\/03\/Amnap-Covid-300x146.jpg 300w, https:\/\/radiolifefm.com.br\/noticias\/wp-content\/uploads\/2020\/03\/Amnap-Covid.jpg 696w\" sizes=\"auto, (max-width: 300px) 100vw, 300px\" \/><\/p>\n<p>Impactonot\u00edcias<\/p>\n","protected":false},"excerpt":{"rendered":"<p>Entidade que representa os munic\u00edpios pede instala\u00e7\u00e3o de hospital de campanha para atendimento as v\u00edtimas e instala\u00e7\u00e3o de 50 leitos adicionais de UTI Preocupada com a estrutura de sa\u00fade dispon\u00edvel na regi\u00e3o para o atendimento as v\u00edtimas infectadas com a Covid-19, o novo coronav\u00edrus, a Amnap (Associa\u00e7\u00e3o dos Munic\u00edpios da Nova Alta Paulista), reuniu 12 [&hellip;]<\/p>\n","protected":false},"author":3,"featured_media":21581,"comment_status":"closed","ping_status":"open","sticky":false,"template":"","format":"standard","meta":{"_acf_changed":false,"_exactmetrics_skip_tracking":false,"_exactmetrics_sitenote_active":false,"_exactmetrics_sitenote_note":"","_exactmetrics_sitenote_category":0,"footnotes":""},"categories":[24],"tags":[],"class_list":["post-21579","post","type-post","status-publish","format-standard","has-post-thumbnail","hentry","category-regiao"],"acf":[],"yoast_head":"<!-- This site is optimized with the Yoast SEO plugin v27.2 - https:\/\/yoast.com\/product\/yoast-seo-wordpress\/ -->\n<title>Com 22 leitos de UTIs para 400 mil habitantes, Amnap cobra aux\u00edlio do Estado para combate ao coronav\u00edrus - R\u00e1dio Life FM<\/title>\n<meta name=\"robots\" content=\"index, follow, max-snippet:-1, max-image-preview:large, max-video-preview:-1\" \/>\n<link rel=\"canonical\" href=\"https:\/\/radiolifefm.com.br\/noticias\/com-22-leitos-de-utis-para-400-mil-habitantes-amnap-cobra-auxilio-do-estado-para-combate-ao-coronavirus\/\" \/>\n<meta property=\"og:locale\" content=\"pt_BR\" \/>\n<meta property=\"og:type\" content=\"article\" \/>\n<meta property=\"og:title\" content=\"Com 22 leitos de UTIs para 400 mil habitantes, Amnap cobra aux\u00edlio do Estado para combate ao coronav\u00edrus - R\u00e1dio Life FM\" \/>\n<meta property=\"og:description\" content=\"Entidade que representa os munic\u00edpios pede instala\u00e7\u00e3o de hospital de campanha para atendimento as v\u00edtimas e instala\u00e7\u00e3o de 50 leitos adicionais de UTI Preocupada com a estrutura de sa\u00fade dispon\u00edvel na regi\u00e3o para o atendimento as v\u00edtimas infectadas com a Covid-19, o novo coronav\u00edrus, a Amnap (Associa\u00e7\u00e3o dos Munic\u00edpios da Nova Alta Paulista), reuniu 12 [&hellip;]\" \/>\n<meta property=\"og:url\" content=\"https:\/\/radiolifefm.com.br\/noticias\/com-22-leitos-de-utis-para-400-mil-habitantes-amnap-cobra-auxilio-do-estado-para-combate-ao-coronavirus\/\" \/>\n<meta property=\"og:site_name\" content=\"R\u00e1dio Life FM\" \/>\n<meta property=\"article:publisher\" content=\"https:\/\/www.facebook.com\/radiolifefm\/\" \/>\n<meta property=\"article:published_time\" content=\"2020-03-30T14:14:29+00:00\" \/>\n<meta property=\"article:modified_time\" content=\"2026-02-05T13:26:17+00:00\" \/>\n<meta property=\"og:image\" content=\"https:\/\/radiolifefm.com.br\/noticias\/wp-content\/uploads\/2020\/03\/Amnap-Covid-1.jpg\" \/>\n\t<meta property=\"og:image:width\" content=\"960\" \/>\n\t<meta property=\"og:image:height\" content=\"640\" \/>\n\t<meta property=\"og:image:type\" content=\"image\/jpeg\" \/>\n<meta name=\"author\" content=\"lifefm\" \/>\n<meta name=\"twitter:card\" content=\"summary_large_image\" \/>\n<meta name=\"twitter:label1\" content=\"Escrito por\" \/>\n\t<meta name=\"twitter:data1\" content=\"lifefm\" \/>\n\t<meta name=\"twitter:label2\" content=\"Est. tempo de leitura\" \/>\n\t<meta name=\"twitter:data2\" content=\"3 minutos\" \/>\n<script type=\"application\/ld+json\" class=\"yoast-schema-graph\">{\"@context\":\"https:\/\/schema.org\",\"@graph\":[{\"@type\":\"Article\",\"@id\":\"https:\/\/radiolifefm.com.br\/noticias\/com-22-leitos-de-utis-para-400-mil-habitantes-amnap-cobra-auxilio-do-estado-para-combate-ao-coronavirus\/#article\",\"isPartOf\":{\"@id\":\"https:\/\/radiolifefm.com.br\/noticias\/com-22-leitos-de-utis-para-400-mil-habitantes-amnap-cobra-auxilio-do-estado-para-combate-ao-coronavirus\/\"},\"author\":{\"name\":\"lifefm\",\"@id\":\"https:\/\/radiolifefm.com.br\/noticias\/#\/schema\/person\/1d4e4b1301322090c6221bf1c8420490\"},\"headline\":\"Com 22 leitos de UTIs para 400 mil habitantes, Amnap cobra aux\u00edlio do Estado para combate ao coronav\u00edrus\",\"datePublished\":\"2020-03-30T14:14:29+00:00\",\"dateModified\":\"2026-02-05T13:26:17+00:00\",\"mainEntityOfPage\":{\"@id\":\"https:\/\/radiolifefm.com.br\/noticias\/com-22-leitos-de-utis-para-400-mil-habitantes-amnap-cobra-auxilio-do-estado-para-combate-ao-coronavirus\/\"},\"wordCount\":557,\"publisher\":{\"@id\":\"https:\/\/radiolifefm.com.br\/noticias\/#organization\"},\"image\":{\"@id\":\"https:\/\/radiolifefm.com.br\/noticias\/com-22-leitos-de-utis-para-400-mil-habitantes-amnap-cobra-auxilio-do-estado-para-combate-ao-coronavirus\/#primaryimage\"},\"thumbnailUrl\":\"https:\/\/radiolifefm.com.br\/noticias\/wp-content\/uploads\/2020\/03\/Amnap-Covid-1.jpg\",\"articleSection\":[\"Regi\u00e3o\"],\"inLanguage\":\"pt-BR\"},{\"@type\":\"WebPage\",\"@id\":\"https:\/\/radiolifefm.com.br\/noticias\/com-22-leitos-de-utis-para-400-mil-habitantes-amnap-cobra-auxilio-do-estado-para-combate-ao-coronavirus\/\",\"url\":\"https:\/\/radiolifefm.com.br\/noticias\/com-22-leitos-de-utis-para-400-mil-habitantes-amnap-cobra-auxilio-do-estado-para-combate-ao-coronavirus\/\",\"name\":\"Com 22 leitos de UTIs para 400 mil habitantes, Amnap cobra aux\u00edlio do Estado para combate ao coronav\u00edrus - R\u00e1dio Life FM\",\"isPartOf\":{\"@id\":\"https:\/\/radiolifefm.com.br\/noticias\/#website\"},\"primaryImageOfPage\":{\"@id\":\"https:\/\/radiolifefm.com.br\/noticias\/com-22-leitos-de-utis-para-400-mil-habitantes-amnap-cobra-auxilio-do-estado-para-combate-ao-coronavirus\/#primaryimage\"},\"image\":{\"@id\":\"https:\/\/radiolifefm.com.br\/noticias\/com-22-leitos-de-utis-para-400-mil-habitantes-amnap-cobra-auxilio-do-estado-para-combate-ao-coronavirus\/#primaryimage\"},\"thumbnailUrl\":\"https:\/\/radiolifefm.com.br\/noticias\/wp-content\/uploads\/2020\/03\/Amnap-Covid-1.jpg\",\"datePublished\":\"2020-03-30T14:14:29+00:00\",\"dateModified\":\"2026-02-05T13:26:17+00:00\",\"breadcrumb\":{\"@id\":\"https:\/\/radiolifefm.com.br\/noticias\/com-22-leitos-de-utis-para-400-mil-habitantes-amnap-cobra-auxilio-do-estado-para-combate-ao-coronavirus\/#breadcrumb\"},\"inLanguage\":\"pt-BR\",\"potentialAction\":[{\"@type\":\"ReadAction\",\"target\":[\"https:\/\/radiolifefm.com.br\/noticias\/com-22-leitos-de-utis-para-400-mil-habitantes-amnap-cobra-auxilio-do-estado-para-combate-ao-coronavirus\/\"]}]},{\"@type\":\"ImageObject\",\"inLanguage\":\"pt-BR\",\"@id\":\"https:\/\/radiolifefm.com.br\/noticias\/com-22-leitos-de-utis-para-400-mil-habitantes-amnap-cobra-auxilio-do-estado-para-combate-ao-coronavirus\/#primaryimage\",\"url\":\"https:\/\/radiolifefm.com.br\/noticias\/wp-content\/uploads\/2020\/03\/Amnap-Covid-1.jpg\",\"contentUrl\":\"https:\/\/radiolifefm.com.br\/noticias\/wp-content\/uploads\/2020\/03\/Amnap-Covid-1.jpg\",\"width\":960,\"height\":640,\"caption\":\"Prefeito de Adamantina, M\u00e1rcio Cardim, participa de reuni\u00e3o na Amnap.\"},{\"@type\":\"BreadcrumbList\",\"@id\":\"https:\/\/radiolifefm.com.br\/noticias\/com-22-leitos-de-utis-para-400-mil-habitantes-amnap-cobra-auxilio-do-estado-para-combate-ao-coronavirus\/#breadcrumb\",\"itemListElement\":[{\"@type\":\"ListItem\",\"position\":1,\"name\":\"In\u00edcio\",\"item\":\"https:\/\/radiolifefm.com.br\/noticias\/\"},{\"@type\":\"ListItem\",\"position\":2,\"name\":\"Com 22 leitos de UTIs para 400 mil habitantes, Amnap cobra aux\u00edlio do Estado para combate ao coronav\u00edrus\"}]},{\"@type\":\"WebSite\",\"@id\":\"https:\/\/radiolifefm.com.br\/noticias\/#website\",\"url\":\"https:\/\/radiolifefm.com.br\/noticias\/\",\"name\":\"R\u00e1dio Life FM\",\"description\":\"O Portal de Not\u00edcias de Adamantina\",\"publisher\":{\"@id\":\"https:\/\/radiolifefm.com.br\/noticias\/#organization\"},\"alternateName\":\"Life FM\",\"potentialAction\":[{\"@type\":\"SearchAction\",\"target\":{\"@type\":\"EntryPoint\",\"urlTemplate\":\"https:\/\/radiolifefm.com.br\/noticias\/?s={search_term_string}\"},\"query-input\":{\"@type\":\"PropertyValueSpecification\",\"valueRequired\":true,\"valueName\":\"search_term_string\"}}],\"inLanguage\":\"pt-BR\"},{\"@type\":\"Organization\",\"@id\":\"https:\/\/radiolifefm.com.br\/noticias\/#organization\",\"name\":\"R\u00e1dio Life FM\",\"alternateName\":\"Life FM\",\"url\":\"https:\/\/radiolifefm.com.br\/noticias\/\",\"logo\":{\"@type\":\"ImageObject\",\"inLanguage\":\"pt-BR\",\"@id\":\"https:\/\/radiolifefm.com.br\/noticias\/#\/schema\/logo\/image\/\",\"url\":\"https:\/\/static.radiolifefm.com.br\/noticias\/wp-content\/uploads\/2019\/10\/logo-lifefm.png\",\"contentUrl\":\"https:\/\/static.radiolifefm.com.br\/noticias\/wp-content\/uploads\/2019\/10\/logo-lifefm.png\",\"width\":196,\"height\":47,\"caption\":\"R\u00e1dio Life FM\"},\"image\":{\"@id\":\"https:\/\/radiolifefm.com.br\/noticias\/#\/schema\/logo\/image\/\"},\"sameAs\":[\"https:\/\/www.facebook.com\/radiolifefm\/\",\"https:\/\/www.instagram.com\/life1079fm\/\"]},{\"@type\":\"Person\",\"@id\":\"https:\/\/radiolifefm.com.br\/noticias\/#\/schema\/person\/1d4e4b1301322090c6221bf1c8420490\",\"name\":\"lifefm\",\"image\":{\"@type\":\"ImageObject\",\"inLanguage\":\"pt-BR\",\"@id\":\"https:\/\/secure.gravatar.com\/avatar\/eca268467d925ec97d20641bb054fd944c0abb2f92854171620706bbe6474e7c?s=96&d=mm&r=g\",\"url\":\"https:\/\/secure.gravatar.com\/avatar\/eca268467d925ec97d20641bb054fd944c0abb2f92854171620706bbe6474e7c?s=96&d=mm&r=g\",\"contentUrl\":\"https:\/\/secure.gravatar.com\/avatar\/eca268467d925ec97d20641bb054fd944c0abb2f92854171620706bbe6474e7c?s=96&d=mm&r=g\",\"caption\":\"lifefm\"}}]}<\/script>\n<!-- \/ Yoast SEO plugin. -->","yoast_head_json":{"title":"Com 22 leitos de UTIs para 400 mil habitantes, Amnap cobra aux\u00edlio do Estado para combate ao coronav\u00edrus - R\u00e1dio Life FM","robots":{"index":"index","follow":"follow","max-snippet":"max-snippet:-1","max-image-preview":"max-image-preview:large","max-video-preview":"max-video-preview:-1"},"canonical":"https:\/\/radiolifefm.com.br\/noticias\/com-22-leitos-de-utis-para-400-mil-habitantes-amnap-cobra-auxilio-do-estado-para-combate-ao-coronavirus\/","og_locale":"pt_BR","og_type":"article","og_title":"Com 22 leitos de UTIs para 400 mil habitantes, Amnap cobra aux\u00edlio do Estado para combate ao coronav\u00edrus - R\u00e1dio Life FM","og_description":"Entidade que representa os munic\u00edpios pede instala\u00e7\u00e3o de hospital de campanha para atendimento as v\u00edtimas e instala\u00e7\u00e3o de 50 leitos adicionais de UTI Preocupada com a estrutura de sa\u00fade dispon\u00edvel na regi\u00e3o para o atendimento as v\u00edtimas infectadas com a Covid-19, o novo coronav\u00edrus, a Amnap (Associa\u00e7\u00e3o dos Munic\u00edpios da Nova Alta Paulista), reuniu 12 [&hellip;]","og_url":"https:\/\/radiolifefm.com.br\/noticias\/com-22-leitos-de-utis-para-400-mil-habitantes-amnap-cobra-auxilio-do-estado-para-combate-ao-coronavirus\/","og_site_name":"R\u00e1dio Life FM","article_publisher":"https:\/\/www.facebook.com\/radiolifefm\/","article_published_time":"2020-03-30T14:14:29+00:00","article_modified_time":"2026-02-05T13:26:17+00:00","og_image":[{"width":960,"height":640,"url":"https:\/\/radiolifefm.com.br\/noticias\/wp-content\/uploads\/2020\/03\/Amnap-Covid-1.jpg","type":"image\/jpeg"}],"author":"lifefm","twitter_card":"summary_large_image","twitter_misc":{"Escrito por":"lifefm","Est. tempo de leitura":"3 minutos"},"schema":{"@context":"https:\/\/schema.org","@graph":[{"@type":"Article","@id":"https:\/\/radiolifefm.com.br\/noticias\/com-22-leitos-de-utis-para-400-mil-habitantes-amnap-cobra-auxilio-do-estado-para-combate-ao-coronavirus\/#article","isPartOf":{"@id":"https:\/\/radiolifefm.com.br\/noticias\/com-22-leitos-de-utis-para-400-mil-habitantes-amnap-cobra-auxilio-do-estado-para-combate-ao-coronavirus\/"},"author":{"name":"lifefm","@id":"https:\/\/radiolifefm.com.br\/noticias\/#\/schema\/person\/1d4e4b1301322090c6221bf1c8420490"},"headline":"Com 22 leitos de UTIs para 400 mil habitantes, Amnap cobra aux\u00edlio do Estado para combate ao coronav\u00edrus","datePublished":"2020-03-30T14:14:29+00:00","dateModified":"2026-02-05T13:26:17+00:00","mainEntityOfPage":{"@id":"https:\/\/radiolifefm.com.br\/noticias\/com-22-leitos-de-utis-para-400-mil-habitantes-amnap-cobra-auxilio-do-estado-para-combate-ao-coronavirus\/"},"wordCount":557,"publisher":{"@id":"https:\/\/radiolifefm.com.br\/noticias\/#organization"},"image":{"@id":"https:\/\/radiolifefm.com.br\/noticias\/com-22-leitos-de-utis-para-400-mil-habitantes-amnap-cobra-auxilio-do-estado-para-combate-ao-coronavirus\/#primaryimage"},"thumbnailUrl":"https:\/\/radiolifefm.com.br\/noticias\/wp-content\/uploads\/2020\/03\/Amnap-Covid-1.jpg","articleSection":["Regi\u00e3o"],"inLanguage":"pt-BR"},{"@type":"WebPage","@id":"https:\/\/radiolifefm.com.br\/noticias\/com-22-leitos-de-utis-para-400-mil-habitantes-amnap-cobra-auxilio-do-estado-para-combate-ao-coronavirus\/","url":"https:\/\/radiolifefm.com.br\/noticias\/com-22-leitos-de-utis-para-400-mil-habitantes-amnap-cobra-auxilio-do-estado-para-combate-ao-coronavirus\/","name":"Com 22 leitos de UTIs para 400 mil habitantes, Amnap cobra aux\u00edlio do Estado para combate ao coronav\u00edrus - R\u00e1dio Life FM","isPartOf":{"@id":"https:\/\/radiolifefm.com.br\/noticias\/#website"},"primaryImageOfPage":{"@id":"https:\/\/radiolifefm.com.br\/noticias\/com-22-leitos-de-utis-para-400-mil-habitantes-amnap-cobra-auxilio-do-estado-para-combate-ao-coronavirus\/#primaryimage"},"image":{"@id":"https:\/\/radiolifefm.com.br\/noticias\/com-22-leitos-de-utis-para-400-mil-habitantes-amnap-cobra-auxilio-do-estado-para-combate-ao-coronavirus\/#primaryimage"},"thumbnailUrl":"https:\/\/radiolifefm.com.br\/noticias\/wp-content\/uploads\/2020\/03\/Amnap-Covid-1.jpg","datePublished":"2020-03-30T14:14:29+00:00","dateModified":"2026-02-05T13:26:17+00:00","breadcrumb":{"@id":"https:\/\/radiolifefm.com.br\/noticias\/com-22-leitos-de-utis-para-400-mil-habitantes-amnap-cobra-auxilio-do-estado-para-combate-ao-coronavirus\/#breadcrumb"},"inLanguage":"pt-BR","potentialAction":[{"@type":"ReadAction","target":["https:\/\/radiolifefm.com.br\/noticias\/com-22-leitos-de-utis-para-400-mil-habitantes-amnap-cobra-auxilio-do-estado-para-combate-ao-coronavirus\/"]}]},{"@type":"ImageObject","inLanguage":"pt-BR","@id":"https:\/\/radiolifefm.com.br\/noticias\/com-22-leitos-de-utis-para-400-mil-habitantes-amnap-cobra-auxilio-do-estado-para-combate-ao-coronavirus\/#primaryimage","url":"https:\/\/radiolifefm.com.br\/noticias\/wp-content\/uploads\/2020\/03\/Amnap-Covid-1.jpg","contentUrl":"https:\/\/radiolifefm.com.br\/noticias\/wp-content\/uploads\/2020\/03\/Amnap-Covid-1.jpg","width":960,"height":640,"caption":"Prefeito de Adamantina, M\u00e1rcio Cardim, participa de reuni\u00e3o na Amnap."},{"@type":"BreadcrumbList","@id":"https:\/\/radiolifefm.com.br\/noticias\/com-22-leitos-de-utis-para-400-mil-habitantes-amnap-cobra-auxilio-do-estado-para-combate-ao-coronavirus\/#breadcrumb","itemListElement":[{"@type":"ListItem","position":1,"name":"In\u00edcio","item":"https:\/\/radiolifefm.com.br\/noticias\/"},{"@type":"ListItem","position":2,"name":"Com 22 leitos de UTIs para 400 mil habitantes, Amnap cobra aux\u00edlio do Estado para combate ao coronav\u00edrus"}]},{"@type":"WebSite","@id":"https:\/\/radiolifefm.com.br\/noticias\/#website","url":"https:\/\/radiolifefm.com.br\/noticias\/","name":"R\u00e1dio Life FM","description":"O Portal de Not\u00edcias de Adamantina","publisher":{"@id":"https:\/\/radiolifefm.com.br\/noticias\/#organization"},"alternateName":"Life FM","potentialAction":[{"@type":"SearchAction","target":{"@type":"EntryPoint","urlTemplate":"https:\/\/radiolifefm.com.br\/noticias\/?s={search_term_string}"},"query-input":{"@type":"PropertyValueSpecification","valueRequired":true,"valueName":"search_term_string"}}],"inLanguage":"pt-BR"},{"@type":"Organization","@id":"https:\/\/radiolifefm.com.br\/noticias\/#organization","name":"R\u00e1dio Life FM","alternateName":"Life FM","url":"https:\/\/radiolifefm.com.br\/noticias\/","logo":{"@type":"ImageObject","inLanguage":"pt-BR","@id":"https:\/\/radiolifefm.com.br\/noticias\/#\/schema\/logo\/image\/","url":"https:\/\/static.radiolifefm.com.br\/noticias\/wp-content\/uploads\/2019\/10\/logo-lifefm.png","contentUrl":"https:\/\/static.radiolifefm.com.br\/noticias\/wp-content\/uploads\/2019\/10\/logo-lifefm.png","width":196,"height":47,"caption":"R\u00e1dio Life FM"},"image":{"@id":"https:\/\/radiolifefm.com.br\/noticias\/#\/schema\/logo\/image\/"},"sameAs":["https:\/\/www.facebook.com\/radiolifefm\/","https:\/\/www.instagram.com\/life1079fm\/"]},{"@type":"Person","@id":"https:\/\/radiolifefm.com.br\/noticias\/#\/schema\/person\/1d4e4b1301322090c6221bf1c8420490","name":"lifefm","image":{"@type":"ImageObject","inLanguage":"pt-BR","@id":"https:\/\/secure.gravatar.com\/avatar\/eca268467d925ec97d20641bb054fd944c0abb2f92854171620706bbe6474e7c?s=96&d=mm&r=g","url":"https:\/\/secure.gravatar.com\/avatar\/eca268467d925ec97d20641bb054fd944c0abb2f92854171620706bbe6474e7c?s=96&d=mm&r=g","contentUrl":"https:\/\/secure.gravatar.com\/avatar\/eca268467d925ec97d20641bb054fd944c0abb2f92854171620706bbe6474e7c?s=96&d=mm&r=g","caption":"lifefm"}}]}},"amp_enabled":true,"_links":{"self":[{"href":"https:\/\/radiolifefm.com.br\/noticias\/wp-json\/wp\/v2\/posts\/21579","targetHints":{"allow":["GET"]}}],"collection":[{"href":"https:\/\/radiolifefm.com.br\/noticias\/wp-json\/wp\/v2\/posts"}],"about":[{"href":"https:\/\/radiolifefm.com.br\/noticias\/wp-json\/wp\/v2\/types\/post"}],"author":[{"embeddable":true,"href":"https:\/\/radiolifefm.com.br\/noticias\/wp-json\/wp\/v2\/users\/3"}],"replies":[{"embeddable":true,"href":"https:\/\/radiolifefm.com.br\/noticias\/wp-json\/wp\/v2\/comments?post=21579"}],"version-history":[{"count":1,"href":"https:\/\/radiolifefm.com.br\/noticias\/wp-json\/wp\/v2\/posts\/21579\/revisions"}],"predecessor-version":[{"id":21582,"href":"https:\/\/radiolifefm.com.br\/noticias\/wp-json\/wp\/v2\/posts\/21579\/revisions\/21582"}],"wp:featuredmedia":[{"embeddable":true,"href":"https:\/\/radiolifefm.com.br\/noticias\/wp-json\/wp\/v2\/media\/21581"}],"wp:attachment":[{"href":"https:\/\/radiolifefm.com.br\/noticias\/wp-json\/wp\/v2\/media?parent=21579"}],"wp:term":[{"taxonomy":"category","embeddable":true,"href":"https:\/\/radiolifefm.com.br\/noticias\/wp-json\/wp\/v2\/categories?post=21579"},{"taxonomy":"post_tag","embeddable":true,"href":"https:\/\/radiolifefm.com.br\/noticias\/wp-json\/wp\/v2\/tags?post=21579"}],"curies":[{"name":"wp","href":"https:\/\/api.w.org\/{rel}","templated":true}]}}