{"id":21462,"date":"2020-03-24T11:30:38","date_gmt":"2020-03-24T14:30:38","guid":{"rendered":"https:\/\/radiolifefm.com.br\/noticias\/?p=21462"},"modified":"2026-04-21T19:43:53","modified_gmt":"2026-04-21T22:43:53","slug":"ii-comsaude-1-999-inicio-da-parceria-entre-fai-e-catedra-unesco-metodista-sergio-barbosa-opiniao","status":"publish","type":"post","link":"https:\/\/radiolifefm.com.br\/noticias\/ii-comsaude-1-999-inicio-da-parceria-entre-fai-e-catedra-unesco-metodista-sergio-barbosa-opiniao\/","title":{"rendered":"II COMSA\u00daDE (1.999): IN\u00cdCIO DA PARCERIA ENTRE FAI E C\u00c1TEDRA UNESCO\/METODISTA&#8230;  &#8211; S\u00e9rgio Barbosa &#8211; Opini\u00e3o"},"content":{"rendered":"<div id=\"fb-root\"><\/div>\n<p><strong>II COMSA\u00daDE (1.999): IN\u00cdCIO DA PARCERIA ENTRE FAI E C\u00c1TEDRA UNESCO\/METODISTA&#8230;<\/strong><\/p>\n<p><em>Aos Professores Gilson Parisoto, Marques de Melo e Isaac Epstein (in memoriam), dedico!<\/em><\/p>\n<p><em>S\u00e9rgio Barbosa (*)<\/em><\/p>\n<p><strong>APRESENTA\u00c7\u00c3O:<\/strong><\/p>\n<p>Neste texto, faz-se necess\u00e1rio escrever sobre a proposta do Artigo em meio aos desencontros deste NOVO TEMPO NOVO, ainda, considerando a import\u00e2ncia dos fatos que ocorreram no Campus II da FAI (hoje, UNIFAI) nos dias 10, 11 e 12 de Novembro de 1.999&#8230;<\/p>\n<p>Portanto, em Outubro deste ano, comemora-se 21 anos da realiza\u00e7\u00e3o da II COMSA\u00daDE-CONFER\u00caNCIA BRASILEIRA DE COMUNICA\u00c7\u00c3O E SA\u00daDE, ainda, o in\u00edcio da Parceria Acad\u00eamica entre a FAI (Adamantina,SP) e a C\u00e1tedra UNESCO\/METODISTA de Comunica\u00e7\u00e3o para o Desenvolvimento Regional com apoio Institucional da UMESP-Universidade Metodista de S\u00e3o Paulo (Rudge Ramos, SBCampo, SP)&#8230;<\/p>\n<p>Destacando que tal parceria resultou na promo\u00e7\u00e3o e execu\u00e7\u00e3o de 6 eventos no campus da FAI\/UNIFAI entre os anos de 1.999 e 2.008, bem como, na publica\u00e7\u00e3o de 4 Livros em coedi\u00e7\u00e3o entre as institui\u00e7\u00f5es parceiras&#8230;<\/p>\n<p>Tamb\u00e9m, destaque para os professores GILSON JO\u00c3O PARISOTO, Diretor Geral da FAI neste per\u00edodo, ainda, JOS\u00c9 MARQUES DE MELO (Diretor Titular da C\u00e1tedra) e ISAAC EPSTEIN (Diretor Cient\u00edfico da C\u00e1tedra).<\/p>\n<p>Todos os eventos promovidos e executados pela FAI em parceria com a UNESCO\/METODISTA foram coordenados pelo Prof. Ms. S\u00e9rgio Barbosa&#8230;<\/p>\n<p>___________________________________<\/p>\n<p>(*) Jornalista diplomado e professor universit\u00e1rio. Desenvolve atividades Acad\u00eamicas como Pesquisador-Colaborador da C\u00e1tedra UNESCO\/METODISTA de 1.998 at\u00e9 2.018.<\/p>\n<p>&nbsp;<\/p>\n<p><strong>II Comsa\u00fade mobiliza comit\u00ea organizador com cerca de 60 pessoas<\/strong><\/p>\n<p>Equipes trabalharam intensamente nas \u00faltimas semanas que antecederam a Confer\u00eancia, visando o pleno \u00eaxito em todos os aspectos; comit\u00ea reuniu professores, alunos, funcion\u00e1rios e estagi\u00e1rios da FAI<\/p>\n<p>Sincronismo entre equipes foi fundamental para o sucesso do evento<\/p>\n<p>Da Reda\u00e7\u00e3o<\/p>\n<p>A coordena\u00e7\u00e3o executiva desta II Comsa\u00fade mobilizou quase 60 pessoas, que nos \u00faltimos dois meses trabalharam na organiza\u00e7\u00e3o da Confer\u00eancia. O contingente envolvido \u00e9 formado por professores, alunos, funcion\u00e1rios e estagi\u00e1rios da FAI \u2013 Faculdades Adamantinenses Integradas, que sedia o evento. Para o desencadeamento das atividades de uma maneira ordenada, foi montado um cronograma e nomeados os coordenadores de cada equipe.<\/p>\n<p>A equipe de inform\u00e1tica ficou respons\u00e1vel pela constru\u00e7\u00e3o e atualiza\u00e7\u00e3o da home page, al\u00e9m de garantir suporte na recep\u00e7\u00e3o atrav\u00e9s de sistema de leitor \u00f3tico de frequ\u00eancia. A equipe de inform\u00e1tica tamb\u00e9m foi respons\u00e1vel por toda a infraestrutura na sala de imprensa da II Comsa\u00fade, onde a equipe de comunica\u00e7\u00e3o desencadeou toda a cobertura e articula\u00e7\u00e3o com a m\u00eddia, envio de releases e atualiza\u00e7\u00e3o permanente do site da Confer\u00eancia, ap\u00f3s o fechamento de cada plen\u00e1ria cient\u00edfica (leia mais abaixo).<\/p>\n<p>Foi mobilizado um grande contingente na equipe de recep\u00e7\u00e3o, para acolhida dos conferencistas, locomo\u00e7\u00e3o, embarque e desembarque em aeroportos, e encaminhamento a hot\u00e9is e restaurantes. A mesma equipe tamb\u00e9m ficou respons\u00e1vel pela recep\u00e7\u00e3o dos convidados e inscritos que participaram como ouvintes da Confer\u00eancia.<\/p>\n<p>Para dar suporte geral a todas as \u00e1reas, foi formada uma equipe de apoio, atendendo as demais equipes em todas suas necessidades de infraestrutura e suporte.<br \/>\nNo comit\u00ea organizador da II Comsa\u00fade, tamb\u00e9m foi mobilizada uma equipe de funcion\u00e1rios ligados \u00e0 administra\u00e7\u00e3o da FAI e professores.<\/p>\n<p><strong>Sala de Imprensa<\/strong><br \/>\nAtrav\u00e9s de uma equipe de funcion\u00e1rios, estagi\u00e1rios do Curso de Comunica\u00e7\u00e3o Social da FAI \u2013 Faculdades Adamantinenses Integradas e R\u00e1dio Cultura FM 101,6, emissora mantida e dirigida pela FAI, foi montada uma Sala de Imprensa para a cobertura jornal\u00edstica da II COMSA\u00daDE \u2013 Confer\u00eancia Brasileira de Comunica\u00e7\u00e3o e Sa\u00fade, realizada de 10 e 12 novembro no campus II da institui\u00e7\u00e3o.<\/p>\n<p>Coordenada por Ac\u00e1cio Rocha, a Sala de Imprensa \u00e9 composta ainda pela equipe de reda\u00e7\u00e3o formada por Danielli Morini, Andr\u00e9 Tiago Sichieri e Rodrigo Daniel Sanches, todos alunos do curso de Comunica\u00e7\u00e3o Social da FAI, tendo como respons\u00e1vel o jornalista S\u00e9rgio Barbosa, chefe do Departamento de Comunica\u00e7\u00e3o Social da FAI e coordenador executivo da II COMSA\u00daDE. Foi preparado um site para os internautas acompanharem todos os detalhes do evento, promovido pela FAI e C\u00e1tedra da UNESCO de Comunica\u00e7\u00e3o e Sa\u00fade para o Desenvolvimento Regional\/Umesp \u2013 Universidade Metodista de S\u00e3o Paulo.<\/p>\n<p>No site http:\/\/www.fai.com.br\/unesco, podem ser acessadas informa\u00e7\u00f5es atualizadas sobre as plen\u00e1rias da II COMSA\u00daDE, com textos e fotos. Na elabora\u00e7\u00e3o da p\u00e1gina, foi envolvida uma equipe de alunos tamb\u00e9m da FAI, respons\u00e1vel pela sua execu\u00e7\u00e3o e permanente atualiza\u00e7\u00e3o: Eduardo Seiji Sato, Josenivaldo Benito e Guilherme Vaz Torres, do curso de Ci\u00eancias da Computa\u00e7\u00e3o, S\u00e9rgio Cadeso e Marcelo Yamaura, do curso de Comunica\u00e7\u00e3o Social.<\/p>\n<p>A Sala de Imprensa foi respons\u00e1vel pela envio de releases para os principais ve\u00edculos de comunica\u00e7\u00e3o do Pa\u00eds, como jornais Folha de S\u00e3o Paulo e Estado de S\u00e3o Paulo, al\u00e9m da imprensa regional e local. Tamb\u00e9m foi viabilizada pela equipe da assessoria de imprensa a cobertura do evento por emissoras de televis\u00e3o.<\/p>\n<p>Durante os tr\u00eas dias da COMSA\u00daDE foram distribu\u00eddos o Informe COMSA\u00daDE, com o resumo de todas as plen\u00e1rias, entrevistas, agenda, entre outras informa\u00e7\u00f5es do evento. A II COMSA\u00daDE estar\u00e1 dispon\u00edvel em v\u00eddeo, que trar\u00e1 todas as mesas de discuss\u00e3o, abertura e encerramento do evento. \u201cA disponibiliza\u00e7\u00e3o de uma sala de imprensa foi uma excelente ideia dos organizadores\u201d, afirmou o Prof. Dr. Gerson Medeiros Bertochi, m\u00e9dico da fam\u00edlia e palestrante da plen\u00e1ria \u201cMobiliza\u00e7\u00e3o Comunit\u00e1ria para a Sa\u00fade\u201d.<\/p>\n<p><strong>R\u00e1dio Cultura<\/strong><br \/>\nA abertura do evento foi transmitida ao vivo pela R\u00e1dio Cultura. Uma equipe de funcion\u00e1rios da emissora esteve trabalhando em toda COMSA\u00daDE, com flashes durante todo o evento, cobrindo todas as plen\u00e1rias, e entrevistas com palestrantes e organizadores.<\/p>\n<p><strong>Comsa\u00fade On Line<\/strong><br \/>\nAl\u00e9m das informa\u00e7\u00f5es atualizadas sobre a II Comsa\u00fade, a p\u00e1gina montada para a confer\u00eancia cont\u00e9m ainda detalhes da programa\u00e7\u00e3o do evento, informa\u00e7\u00f5es sobre hot\u00e9is e restaurantes, transporte a\u00e9reo, rodovi\u00e1rio e mapa das principais rodovias que cortam a regi\u00e3o, permitindo o acesso a Adamantina.<\/p>\n<p><strong>\u201cA QUEM HONRA, HONRA!!!\u201d<\/strong><\/p>\n<p>\u201cUma \u00e1rvore cuja copa voc\u00ea n\u00e3o pode alcan\u00e7ar cresce de uma pequena semente.<\/p>\n<p>Uma constru\u00e7\u00e3o de mais de nove andares de altura come\u00e7a com um punhado de terra.<\/p>\n<p>Uma viagem de mil milhas se inicia com um \u00fanico passo\u201d.<\/p>\n<p>(TAO 64)<\/p>\n<p>S\u00e9rgio Barbosa (*)<\/p>\n<p><img loading=\"lazy\" decoding=\"async\" class=\"alignnone size-medium wp-image-21475\" src=\"https:\/\/radiolifefm.com.br\/noticias\/wp-content\/uploads\/sites\/2\/2020\/03\/Sebar-12-300x169.jpg\" alt=\"\" width=\"300\" height=\"169\" srcset=\"https:\/\/radiolifefm.com.br\/noticias\/wp-content\/uploads\/2020\/03\/Sebar-12-300x169.jpg 300w, https:\/\/radiolifefm.com.br\/noticias\/wp-content\/uploads\/2020\/03\/Sebar-12-1024x575.jpg 1024w, https:\/\/radiolifefm.com.br\/noticias\/wp-content\/uploads\/2020\/03\/Sebar-12-768x431.jpg 768w, https:\/\/radiolifefm.com.br\/noticias\/wp-content\/uploads\/2020\/03\/Sebar-12.jpg 1280w\" sizes=\"auto, (max-width: 300px) 100vw, 300px\" \/><\/p>\n<p>Foram dias e dias de muita movimenta\u00e7\u00e3o no campus I da FAI, mais precisamente na Sala 3, ao lado da Sala dos Professores e do Departamento de Pessoal, bem pr\u00f3ximo de um aparelho de telefone para estar em conex\u00e3o com o pessoal da Unesco\/Umesp e afins&#8230;<\/p>\n<p>A correria foi grande em todos os sentidos, o nervosismo dos desencontros nas informa\u00e7\u00f5es e tudo mais, ao mesmo tempo, os resultados previstos pela equipe como um todo, superaram as expectativas e mostraram: seriedade, compet\u00eancia, compromisso e acima de tudo, vontade pessoal e coletiva para superar todos os obst\u00e1culos que apareceram durante a caminhada.<\/p>\n<p>A \u201cnossa equipe\u201d mostrou \u201ca cara\u201d, romperam as barreiras do medo frente ao diferente, demonstrando, cada qual, a sua habilidade individual quando necess\u00e1ria, al\u00e9m do esp\u00edrito de coletividade frente \u00e0s diferen\u00e7as pessoais que porventura existissem entre os membros da equipe de trabalho, \u201cum time\u201d montado para ser vencedor.<\/p>\n<p>Os agradecimentos s\u00e3o necess\u00e1rios, ainda mais, quando registramos por meio da escrita, fica mais honesto entre as partes envolvidas, pois \u201cpalavras s\u00e3o palavras, nada mais do que palavras&#8230;\u201d.<\/p>\n<p>Aos alunos e alunas, estagi\u00e1rias e estagi\u00e1rias, funcion\u00e1rios e funcion\u00e1rias, volunt\u00e1rios e volunt\u00e1rias, professores e professoras, al\u00e9m de outras pessoas que estiveram presentes de alguma forma nesta II ComSa\u00fade, os meus mais sinceros agradecimentos pela solidariedade na promo\u00e7\u00e3o, realiza\u00e7\u00e3o e execu\u00e7\u00e3o do projeto.<\/p>\n<p>\u00c9 importante ressaltar o trabalho individual e coletivo das pessoas, neste momento os nomes n\u00e3o s\u00e3o registrados neste texto, pois, cada um sabe o lugar que ocupou neste evento, al\u00e9m do mais, todos foram importantes e merece serem destacados desta forma, o individual dever ceder lugar ao coletivo.<\/p>\n<p>\u201cAve\u201d Equipes: Executiva, Recep\u00e7\u00e3o, Apoio, Comunica\u00e7\u00e3o e Inform\u00e1tica.<\/p>\n<div class='flex flex-wrap items-center -mx-1'>\r\n<a class='thumbnail gallery p-1 w-1\/2 md:w-1\/4' href='https:\/\/radiolifefm.com.br\/noticias\/wp-content\/uploads\/2020\/03\/Sebar-5.jpg'><img class='border border-white' src='https:\/\/radiolifefm.com.br\/noticias\/wp-content\/uploads\/2020\/03\/Sebar-5-200x200.jpg' alt='Sebar' \/><\/a><a class='thumbnail gallery p-1 w-1\/2 md:w-1\/4' href='https:\/\/radiolifefm.com.br\/noticias\/wp-content\/uploads\/2020\/03\/Sebar-1-3.jpg'><img class='border border-white' src='https:\/\/radiolifefm.com.br\/noticias\/wp-content\/uploads\/2020\/03\/Sebar-1-3-200x200.jpg' alt='Sebar   1' \/><\/a><a class='thumbnail gallery p-1 w-1\/2 md:w-1\/4' href='https:\/\/radiolifefm.com.br\/noticias\/wp-content\/uploads\/2020\/03\/Sebar-2-3.jpg'><img class='border border-white' src='https:\/\/radiolifefm.com.br\/noticias\/wp-content\/uploads\/2020\/03\/Sebar-2-3-200x200.jpg' alt='Sebar   2' \/><\/a><a class='thumbnail gallery p-1 w-1\/2 md:w-1\/4' href='https:\/\/radiolifefm.com.br\/noticias\/wp-content\/uploads\/2020\/03\/Sebar-3-1.jpg'><img class='border border-white' src='https:\/\/radiolifefm.com.br\/noticias\/wp-content\/uploads\/2020\/03\/Sebar-3-1-200x200.jpg' alt='Sebar   3' \/><\/a><a class='thumbnail gallery p-1 w-1\/2 md:w-1\/4' href='https:\/\/radiolifefm.com.br\/noticias\/wp-content\/uploads\/2020\/03\/Sebar-4-1.jpg'><img class='border border-white' src='https:\/\/radiolifefm.com.br\/noticias\/wp-content\/uploads\/2020\/03\/Sebar-4-1-200x200.jpg' alt='Sebar   4' \/><\/a><a class='thumbnail gallery p-1 w-1\/2 md:w-1\/4' href='https:\/\/radiolifefm.com.br\/noticias\/wp-content\/uploads\/2020\/03\/Sebar-5-1.jpg'><img class='border border-white' src='https:\/\/radiolifefm.com.br\/noticias\/wp-content\/uploads\/2020\/03\/Sebar-5-1-200x200.jpg' alt='Sebar   5' \/><\/a><a class='thumbnail gallery p-1 w-1\/2 md:w-1\/4' href='https:\/\/radiolifefm.com.br\/noticias\/wp-content\/uploads\/2020\/03\/Sebar-6.jpg'><img class='border border-white' src='https:\/\/radiolifefm.com.br\/noticias\/wp-content\/uploads\/2020\/03\/Sebar-6-200x200.jpg' alt='Sebar   6' \/><\/a><a class='thumbnail gallery p-1 w-1\/2 md:w-1\/4' href='https:\/\/radiolifefm.com.br\/noticias\/wp-content\/uploads\/2020\/03\/Sebar-7.jpg'><img class='border border-white' src='https:\/\/radiolifefm.com.br\/noticias\/wp-content\/uploads\/2020\/03\/Sebar-7-200x200.jpg' alt='Sebar   7' \/><\/a><a class='thumbnail gallery p-1 w-1\/2 md:w-1\/4' href='https:\/\/radiolifefm.com.br\/noticias\/wp-content\/uploads\/2020\/03\/Sebar-8.jpg'><img class='border border-white' src='https:\/\/radiolifefm.com.br\/noticias\/wp-content\/uploads\/2020\/03\/Sebar-8-200x200.jpg' alt='Sebar   8' \/><\/a><a class='thumbnail gallery p-1 w-1\/2 md:w-1\/4' href='https:\/\/radiolifefm.com.br\/noticias\/wp-content\/uploads\/2020\/03\/Sebar-9.jpg'><img class='border border-white' src='https:\/\/radiolifefm.com.br\/noticias\/wp-content\/uploads\/2020\/03\/Sebar-9-200x200.jpg' alt='Sebar   9' \/><\/a><a class='thumbnail gallery p-1 w-1\/2 md:w-1\/4' href='https:\/\/radiolifefm.com.br\/noticias\/wp-content\/uploads\/2020\/03\/Sebar-10.jpg'><img class='border border-white' src='https:\/\/radiolifefm.com.br\/noticias\/wp-content\/uploads\/2020\/03\/Sebar-10-200x200.jpg' alt='Sebar   10' \/><\/a><a class='thumbnail gallery p-1 w-1\/2 md:w-1\/4' href='https:\/\/radiolifefm.com.br\/noticias\/wp-content\/uploads\/2020\/03\/Sebar-11.jpg'><img class='border border-white' src='https:\/\/radiolifefm.com.br\/noticias\/wp-content\/uploads\/2020\/03\/Sebar-11-200x200.jpg' alt='Sebar   11' \/><\/a><\/div>\n<p>__________________________________<\/p>\n<p>(*) Coordenador Executivo da II Confer\u00eancia Brasileira de Comunica\u00e7\u00e3o e Sa\u00fade- ComSa\u00fade.<\/p>\n","protected":false},"excerpt":{"rendered":"<p>II COMSA\u00daDE (1.999): IN\u00cdCIO DA PARCERIA ENTRE FAI E C\u00c1TEDRA UNESCO\/METODISTA&#8230; Aos Professores Gilson Parisoto, Marques de Melo e Isaac Epstein (in memoriam), dedico! S\u00e9rgio Barbosa (*) APRESENTA\u00c7\u00c3O: Neste texto, faz-se necess\u00e1rio escrever sobre a proposta do Artigo em meio aos desencontros deste NOVO TEMPO NOVO, ainda, considerando a import\u00e2ncia dos fatos que ocorreram no [&hellip;]<\/p>\n","protected":false},"author":3,"featured_media":21464,"comment_status":"closed","ping_status":"open","sticky":false,"template":"","format":"standard","meta":{"_acf_changed":false,"_exactmetrics_skip_tracking":false,"_exactmetrics_sitenote_active":false,"_exactmetrics_sitenote_note":"","_exactmetrics_sitenote_category":0,"footnotes":""},"categories":[59],"tags":[],"class_list":["post-21462","post","type-post","status-publish","format-standard","has-post-thumbnail","hentry","category-opiniao"],"acf":[],"yoast_head":"<!-- This site is optimized with the Yoast SEO plugin v27.2 - https:\/\/yoast.com\/product\/yoast-seo-wordpress\/ -->\n<title>II COMSA\u00daDE (1.999): IN\u00cdCIO DA PARCERIA ENTRE FAI E C\u00c1TEDRA UNESCO\/METODISTA... - S\u00e9rgio Barbosa - Opini\u00e3o - R\u00e1dio Life FM<\/title>\n<meta name=\"robots\" content=\"index, follow, max-snippet:-1, max-image-preview:large, max-video-preview:-1\" \/>\n<link rel=\"canonical\" href=\"https:\/\/radiolifefm.com.br\/noticias\/ii-comsaude-1-999-inicio-da-parceria-entre-fai-e-catedra-unesco-metodista-sergio-barbosa-opiniao\/\" \/>\n<meta property=\"og:locale\" content=\"pt_BR\" \/>\n<meta property=\"og:type\" content=\"article\" \/>\n<meta property=\"og:title\" content=\"II COMSA\u00daDE (1.999): IN\u00cdCIO DA PARCERIA ENTRE FAI E C\u00c1TEDRA UNESCO\/METODISTA... - S\u00e9rgio Barbosa - Opini\u00e3o - R\u00e1dio Life FM\" \/>\n<meta property=\"og:description\" content=\"II COMSA\u00daDE (1.999): IN\u00cdCIO DA PARCERIA ENTRE FAI E C\u00c1TEDRA UNESCO\/METODISTA&#8230; Aos Professores Gilson Parisoto, Marques de Melo e Isaac Epstein (in memoriam), dedico! S\u00e9rgio Barbosa (*) APRESENTA\u00c7\u00c3O: Neste texto, faz-se necess\u00e1rio escrever sobre a proposta do Artigo em meio aos desencontros deste NOVO TEMPO NOVO, ainda, considerando a import\u00e2ncia dos fatos que ocorreram no [&hellip;]\" \/>\n<meta property=\"og:url\" content=\"https:\/\/radiolifefm.com.br\/noticias\/ii-comsaude-1-999-inicio-da-parceria-entre-fai-e-catedra-unesco-metodista-sergio-barbosa-opiniao\/\" \/>\n<meta property=\"og:site_name\" content=\"R\u00e1dio Life FM\" \/>\n<meta property=\"article:publisher\" content=\"https:\/\/www.facebook.com\/radiolifefm\/\" \/>\n<meta property=\"article:published_time\" content=\"2020-03-24T14:30:38+00:00\" \/>\n<meta property=\"article:modified_time\" content=\"2026-04-21T22:43:53+00:00\" \/>\n<meta property=\"og:image\" content=\"https:\/\/radiolifefm.com.br\/noticias\/wp-content\/uploads\/2020\/03\/Sebar-1-3.jpg\" \/>\n\t<meta property=\"og:image:width\" content=\"720\" \/>\n\t<meta property=\"og:image:height\" content=\"1280\" \/>\n\t<meta property=\"og:image:type\" content=\"image\/jpeg\" \/>\n<meta name=\"author\" content=\"lifefm\" \/>\n<meta name=\"twitter:card\" content=\"summary_large_image\" \/>\n<meta name=\"twitter:label1\" content=\"Escrito por\" \/>\n\t<meta name=\"twitter:data1\" content=\"lifefm\" \/>\n\t<meta name=\"twitter:label2\" content=\"Est. tempo de leitura\" \/>\n\t<meta name=\"twitter:data2\" content=\"7 minutos\" \/>\n<script type=\"application\/ld+json\" class=\"yoast-schema-graph\">{\"@context\":\"https:\/\/schema.org\",\"@graph\":[{\"@type\":\"Article\",\"@id\":\"https:\/\/radiolifefm.com.br\/noticias\/ii-comsaude-1-999-inicio-da-parceria-entre-fai-e-catedra-unesco-metodista-sergio-barbosa-opiniao\/#article\",\"isPartOf\":{\"@id\":\"https:\/\/radiolifefm.com.br\/noticias\/ii-comsaude-1-999-inicio-da-parceria-entre-fai-e-catedra-unesco-metodista-sergio-barbosa-opiniao\/\"},\"author\":{\"name\":\"lifefm\",\"@id\":\"https:\/\/radiolifefm.com.br\/noticias\/#\/schema\/person\/1d4e4b1301322090c6221bf1c8420490\"},\"headline\":\"II COMSA\u00daDE (1.999): IN\u00cdCIO DA PARCERIA ENTRE FAI E C\u00c1TEDRA UNESCO\/METODISTA&#8230; &#8211; S\u00e9rgio Barbosa &#8211; Opini\u00e3o\",\"datePublished\":\"2020-03-24T14:30:38+00:00\",\"dateModified\":\"2026-04-21T22:43:53+00:00\",\"mainEntityOfPage\":{\"@id\":\"https:\/\/radiolifefm.com.br\/noticias\/ii-comsaude-1-999-inicio-da-parceria-entre-fai-e-catedra-unesco-metodista-sergio-barbosa-opiniao\/\"},\"wordCount\":1467,\"publisher\":{\"@id\":\"https:\/\/radiolifefm.com.br\/noticias\/#organization\"},\"image\":{\"@id\":\"https:\/\/radiolifefm.com.br\/noticias\/ii-comsaude-1-999-inicio-da-parceria-entre-fai-e-catedra-unesco-metodista-sergio-barbosa-opiniao\/#primaryimage\"},\"thumbnailUrl\":\"https:\/\/radiolifefm.com.br\/noticias\/wp-content\/uploads\/2020\/03\/Sebar-1-3.jpg\",\"articleSection\":[\"Opini\u00e3o\"],\"inLanguage\":\"pt-BR\"},{\"@type\":\"WebPage\",\"@id\":\"https:\/\/radiolifefm.com.br\/noticias\/ii-comsaude-1-999-inicio-da-parceria-entre-fai-e-catedra-unesco-metodista-sergio-barbosa-opiniao\/\",\"url\":\"https:\/\/radiolifefm.com.br\/noticias\/ii-comsaude-1-999-inicio-da-parceria-entre-fai-e-catedra-unesco-metodista-sergio-barbosa-opiniao\/\",\"name\":\"II COMSA\u00daDE (1.999): IN\u00cdCIO DA PARCERIA ENTRE FAI E C\u00c1TEDRA UNESCO\/METODISTA... - S\u00e9rgio Barbosa - Opini\u00e3o - R\u00e1dio Life FM\",\"isPartOf\":{\"@id\":\"https:\/\/radiolifefm.com.br\/noticias\/#website\"},\"primaryImageOfPage\":{\"@id\":\"https:\/\/radiolifefm.com.br\/noticias\/ii-comsaude-1-999-inicio-da-parceria-entre-fai-e-catedra-unesco-metodista-sergio-barbosa-opiniao\/#primaryimage\"},\"image\":{\"@id\":\"https:\/\/radiolifefm.com.br\/noticias\/ii-comsaude-1-999-inicio-da-parceria-entre-fai-e-catedra-unesco-metodista-sergio-barbosa-opiniao\/#primaryimage\"},\"thumbnailUrl\":\"https:\/\/radiolifefm.com.br\/noticias\/wp-content\/uploads\/2020\/03\/Sebar-1-3.jpg\",\"datePublished\":\"2020-03-24T14:30:38+00:00\",\"dateModified\":\"2026-04-21T22:43:53+00:00\",\"breadcrumb\":{\"@id\":\"https:\/\/radiolifefm.com.br\/noticias\/ii-comsaude-1-999-inicio-da-parceria-entre-fai-e-catedra-unesco-metodista-sergio-barbosa-opiniao\/#breadcrumb\"},\"inLanguage\":\"pt-BR\",\"potentialAction\":[{\"@type\":\"ReadAction\",\"target\":[\"https:\/\/radiolifefm.com.br\/noticias\/ii-comsaude-1-999-inicio-da-parceria-entre-fai-e-catedra-unesco-metodista-sergio-barbosa-opiniao\/\"]}]},{\"@type\":\"ImageObject\",\"inLanguage\":\"pt-BR\",\"@id\":\"https:\/\/radiolifefm.com.br\/noticias\/ii-comsaude-1-999-inicio-da-parceria-entre-fai-e-catedra-unesco-metodista-sergio-barbosa-opiniao\/#primaryimage\",\"url\":\"https:\/\/radiolifefm.com.br\/noticias\/wp-content\/uploads\/2020\/03\/Sebar-1-3.jpg\",\"contentUrl\":\"https:\/\/radiolifefm.com.br\/noticias\/wp-content\/uploads\/2020\/03\/Sebar-1-3.jpg\",\"width\":720,\"height\":1280},{\"@type\":\"BreadcrumbList\",\"@id\":\"https:\/\/radiolifefm.com.br\/noticias\/ii-comsaude-1-999-inicio-da-parceria-entre-fai-e-catedra-unesco-metodista-sergio-barbosa-opiniao\/#breadcrumb\",\"itemListElement\":[{\"@type\":\"ListItem\",\"position\":1,\"name\":\"In\u00edcio\",\"item\":\"https:\/\/radiolifefm.com.br\/noticias\/\"},{\"@type\":\"ListItem\",\"position\":2,\"name\":\"II COMSA\u00daDE (1.999): IN\u00cdCIO DA PARCERIA ENTRE FAI E C\u00c1TEDRA UNESCO\/METODISTA&#8230; &#8211; S\u00e9rgio Barbosa &#8211; Opini\u00e3o\"}]},{\"@type\":\"WebSite\",\"@id\":\"https:\/\/radiolifefm.com.br\/noticias\/#website\",\"url\":\"https:\/\/radiolifefm.com.br\/noticias\/\",\"name\":\"R\u00e1dio Life FM\",\"description\":\"O Portal de Not\u00edcias de Adamantina\",\"publisher\":{\"@id\":\"https:\/\/radiolifefm.com.br\/noticias\/#organization\"},\"alternateName\":\"Life FM\",\"potentialAction\":[{\"@type\":\"SearchAction\",\"target\":{\"@type\":\"EntryPoint\",\"urlTemplate\":\"https:\/\/radiolifefm.com.br\/noticias\/?s={search_term_string}\"},\"query-input\":{\"@type\":\"PropertyValueSpecification\",\"valueRequired\":true,\"valueName\":\"search_term_string\"}}],\"inLanguage\":\"pt-BR\"},{\"@type\":\"Organization\",\"@id\":\"https:\/\/radiolifefm.com.br\/noticias\/#organization\",\"name\":\"R\u00e1dio Life FM\",\"alternateName\":\"Life FM\",\"url\":\"https:\/\/radiolifefm.com.br\/noticias\/\",\"logo\":{\"@type\":\"ImageObject\",\"inLanguage\":\"pt-BR\",\"@id\":\"https:\/\/radiolifefm.com.br\/noticias\/#\/schema\/logo\/image\/\",\"url\":\"https:\/\/static.radiolifefm.com.br\/noticias\/wp-content\/uploads\/2019\/10\/logo-lifefm.png\",\"contentUrl\":\"https:\/\/static.radiolifefm.com.br\/noticias\/wp-content\/uploads\/2019\/10\/logo-lifefm.png\",\"width\":196,\"height\":47,\"caption\":\"R\u00e1dio Life FM\"},\"image\":{\"@id\":\"https:\/\/radiolifefm.com.br\/noticias\/#\/schema\/logo\/image\/\"},\"sameAs\":[\"https:\/\/www.facebook.com\/radiolifefm\/\",\"https:\/\/www.instagram.com\/life1079fm\/\"]},{\"@type\":\"Person\",\"@id\":\"https:\/\/radiolifefm.com.br\/noticias\/#\/schema\/person\/1d4e4b1301322090c6221bf1c8420490\",\"name\":\"lifefm\",\"image\":{\"@type\":\"ImageObject\",\"inLanguage\":\"pt-BR\",\"@id\":\"https:\/\/secure.gravatar.com\/avatar\/eca268467d925ec97d20641bb054fd944c0abb2f92854171620706bbe6474e7c?s=96&d=mm&r=g\",\"url\":\"https:\/\/secure.gravatar.com\/avatar\/eca268467d925ec97d20641bb054fd944c0abb2f92854171620706bbe6474e7c?s=96&d=mm&r=g\",\"contentUrl\":\"https:\/\/secure.gravatar.com\/avatar\/eca268467d925ec97d20641bb054fd944c0abb2f92854171620706bbe6474e7c?s=96&d=mm&r=g\",\"caption\":\"lifefm\"}}]}<\/script>\n<!-- \/ Yoast SEO plugin. -->","yoast_head_json":{"title":"II COMSA\u00daDE (1.999): IN\u00cdCIO DA PARCERIA ENTRE FAI E C\u00c1TEDRA UNESCO\/METODISTA... - S\u00e9rgio Barbosa - Opini\u00e3o - R\u00e1dio Life FM","robots":{"index":"index","follow":"follow","max-snippet":"max-snippet:-1","max-image-preview":"max-image-preview:large","max-video-preview":"max-video-preview:-1"},"canonical":"https:\/\/radiolifefm.com.br\/noticias\/ii-comsaude-1-999-inicio-da-parceria-entre-fai-e-catedra-unesco-metodista-sergio-barbosa-opiniao\/","og_locale":"pt_BR","og_type":"article","og_title":"II COMSA\u00daDE (1.999): IN\u00cdCIO DA PARCERIA ENTRE FAI E C\u00c1TEDRA UNESCO\/METODISTA... - S\u00e9rgio Barbosa - Opini\u00e3o - R\u00e1dio Life FM","og_description":"II COMSA\u00daDE (1.999): IN\u00cdCIO DA PARCERIA ENTRE FAI E C\u00c1TEDRA UNESCO\/METODISTA&#8230; Aos Professores Gilson Parisoto, Marques de Melo e Isaac Epstein (in memoriam), dedico! S\u00e9rgio Barbosa (*) APRESENTA\u00c7\u00c3O: Neste texto, faz-se necess\u00e1rio escrever sobre a proposta do Artigo em meio aos desencontros deste NOVO TEMPO NOVO, ainda, considerando a import\u00e2ncia dos fatos que ocorreram no [&hellip;]","og_url":"https:\/\/radiolifefm.com.br\/noticias\/ii-comsaude-1-999-inicio-da-parceria-entre-fai-e-catedra-unesco-metodista-sergio-barbosa-opiniao\/","og_site_name":"R\u00e1dio Life FM","article_publisher":"https:\/\/www.facebook.com\/radiolifefm\/","article_published_time":"2020-03-24T14:30:38+00:00","article_modified_time":"2026-04-21T22:43:53+00:00","og_image":[{"width":720,"height":1280,"url":"https:\/\/radiolifefm.com.br\/noticias\/wp-content\/uploads\/2020\/03\/Sebar-1-3.jpg","type":"image\/jpeg"}],"author":"lifefm","twitter_card":"summary_large_image","twitter_misc":{"Escrito por":"lifefm","Est. tempo de leitura":"7 minutos"},"schema":{"@context":"https:\/\/schema.org","@graph":[{"@type":"Article","@id":"https:\/\/radiolifefm.com.br\/noticias\/ii-comsaude-1-999-inicio-da-parceria-entre-fai-e-catedra-unesco-metodista-sergio-barbosa-opiniao\/#article","isPartOf":{"@id":"https:\/\/radiolifefm.com.br\/noticias\/ii-comsaude-1-999-inicio-da-parceria-entre-fai-e-catedra-unesco-metodista-sergio-barbosa-opiniao\/"},"author":{"name":"lifefm","@id":"https:\/\/radiolifefm.com.br\/noticias\/#\/schema\/person\/1d4e4b1301322090c6221bf1c8420490"},"headline":"II COMSA\u00daDE (1.999): IN\u00cdCIO DA PARCERIA ENTRE FAI E C\u00c1TEDRA UNESCO\/METODISTA&#8230; &#8211; S\u00e9rgio Barbosa &#8211; Opini\u00e3o","datePublished":"2020-03-24T14:30:38+00:00","dateModified":"2026-04-21T22:43:53+00:00","mainEntityOfPage":{"@id":"https:\/\/radiolifefm.com.br\/noticias\/ii-comsaude-1-999-inicio-da-parceria-entre-fai-e-catedra-unesco-metodista-sergio-barbosa-opiniao\/"},"wordCount":1467,"publisher":{"@id":"https:\/\/radiolifefm.com.br\/noticias\/#organization"},"image":{"@id":"https:\/\/radiolifefm.com.br\/noticias\/ii-comsaude-1-999-inicio-da-parceria-entre-fai-e-catedra-unesco-metodista-sergio-barbosa-opiniao\/#primaryimage"},"thumbnailUrl":"https:\/\/radiolifefm.com.br\/noticias\/wp-content\/uploads\/2020\/03\/Sebar-1-3.jpg","articleSection":["Opini\u00e3o"],"inLanguage":"pt-BR"},{"@type":"WebPage","@id":"https:\/\/radiolifefm.com.br\/noticias\/ii-comsaude-1-999-inicio-da-parceria-entre-fai-e-catedra-unesco-metodista-sergio-barbosa-opiniao\/","url":"https:\/\/radiolifefm.com.br\/noticias\/ii-comsaude-1-999-inicio-da-parceria-entre-fai-e-catedra-unesco-metodista-sergio-barbosa-opiniao\/","name":"II COMSA\u00daDE (1.999): IN\u00cdCIO DA PARCERIA ENTRE FAI E C\u00c1TEDRA UNESCO\/METODISTA... - S\u00e9rgio Barbosa - Opini\u00e3o - R\u00e1dio Life FM","isPartOf":{"@id":"https:\/\/radiolifefm.com.br\/noticias\/#website"},"primaryImageOfPage":{"@id":"https:\/\/radiolifefm.com.br\/noticias\/ii-comsaude-1-999-inicio-da-parceria-entre-fai-e-catedra-unesco-metodista-sergio-barbosa-opiniao\/#primaryimage"},"image":{"@id":"https:\/\/radiolifefm.com.br\/noticias\/ii-comsaude-1-999-inicio-da-parceria-entre-fai-e-catedra-unesco-metodista-sergio-barbosa-opiniao\/#primaryimage"},"thumbnailUrl":"https:\/\/radiolifefm.com.br\/noticias\/wp-content\/uploads\/2020\/03\/Sebar-1-3.jpg","datePublished":"2020-03-24T14:30:38+00:00","dateModified":"2026-04-21T22:43:53+00:00","breadcrumb":{"@id":"https:\/\/radiolifefm.com.br\/noticias\/ii-comsaude-1-999-inicio-da-parceria-entre-fai-e-catedra-unesco-metodista-sergio-barbosa-opiniao\/#breadcrumb"},"inLanguage":"pt-BR","potentialAction":[{"@type":"ReadAction","target":["https:\/\/radiolifefm.com.br\/noticias\/ii-comsaude-1-999-inicio-da-parceria-entre-fai-e-catedra-unesco-metodista-sergio-barbosa-opiniao\/"]}]},{"@type":"ImageObject","inLanguage":"pt-BR","@id":"https:\/\/radiolifefm.com.br\/noticias\/ii-comsaude-1-999-inicio-da-parceria-entre-fai-e-catedra-unesco-metodista-sergio-barbosa-opiniao\/#primaryimage","url":"https:\/\/radiolifefm.com.br\/noticias\/wp-content\/uploads\/2020\/03\/Sebar-1-3.jpg","contentUrl":"https:\/\/radiolifefm.com.br\/noticias\/wp-content\/uploads\/2020\/03\/Sebar-1-3.jpg","width":720,"height":1280},{"@type":"BreadcrumbList","@id":"https:\/\/radiolifefm.com.br\/noticias\/ii-comsaude-1-999-inicio-da-parceria-entre-fai-e-catedra-unesco-metodista-sergio-barbosa-opiniao\/#breadcrumb","itemListElement":[{"@type":"ListItem","position":1,"name":"In\u00edcio","item":"https:\/\/radiolifefm.com.br\/noticias\/"},{"@type":"ListItem","position":2,"name":"II COMSA\u00daDE (1.999): IN\u00cdCIO DA PARCERIA ENTRE FAI E C\u00c1TEDRA UNESCO\/METODISTA&#8230; &#8211; S\u00e9rgio Barbosa &#8211; Opini\u00e3o"}]},{"@type":"WebSite","@id":"https:\/\/radiolifefm.com.br\/noticias\/#website","url":"https:\/\/radiolifefm.com.br\/noticias\/","name":"R\u00e1dio Life FM","description":"O Portal de Not\u00edcias de Adamantina","publisher":{"@id":"https:\/\/radiolifefm.com.br\/noticias\/#organization"},"alternateName":"Life FM","potentialAction":[{"@type":"SearchAction","target":{"@type":"EntryPoint","urlTemplate":"https:\/\/radiolifefm.com.br\/noticias\/?s={search_term_string}"},"query-input":{"@type":"PropertyValueSpecification","valueRequired":true,"valueName":"search_term_string"}}],"inLanguage":"pt-BR"},{"@type":"Organization","@id":"https:\/\/radiolifefm.com.br\/noticias\/#organization","name":"R\u00e1dio Life FM","alternateName":"Life FM","url":"https:\/\/radiolifefm.com.br\/noticias\/","logo":{"@type":"ImageObject","inLanguage":"pt-BR","@id":"https:\/\/radiolifefm.com.br\/noticias\/#\/schema\/logo\/image\/","url":"https:\/\/static.radiolifefm.com.br\/noticias\/wp-content\/uploads\/2019\/10\/logo-lifefm.png","contentUrl":"https:\/\/static.radiolifefm.com.br\/noticias\/wp-content\/uploads\/2019\/10\/logo-lifefm.png","width":196,"height":47,"caption":"R\u00e1dio Life FM"},"image":{"@id":"https:\/\/radiolifefm.com.br\/noticias\/#\/schema\/logo\/image\/"},"sameAs":["https:\/\/www.facebook.com\/radiolifefm\/","https:\/\/www.instagram.com\/life1079fm\/"]},{"@type":"Person","@id":"https:\/\/radiolifefm.com.br\/noticias\/#\/schema\/person\/1d4e4b1301322090c6221bf1c8420490","name":"lifefm","image":{"@type":"ImageObject","inLanguage":"pt-BR","@id":"https:\/\/secure.gravatar.com\/avatar\/eca268467d925ec97d20641bb054fd944c0abb2f92854171620706bbe6474e7c?s=96&d=mm&r=g","url":"https:\/\/secure.gravatar.com\/avatar\/eca268467d925ec97d20641bb054fd944c0abb2f92854171620706bbe6474e7c?s=96&d=mm&r=g","contentUrl":"https:\/\/secure.gravatar.com\/avatar\/eca268467d925ec97d20641bb054fd944c0abb2f92854171620706bbe6474e7c?s=96&d=mm&r=g","caption":"lifefm"}}]}},"amp_enabled":true,"_links":{"self":[{"href":"https:\/\/radiolifefm.com.br\/noticias\/wp-json\/wp\/v2\/posts\/21462","targetHints":{"allow":["GET"]}}],"collection":[{"href":"https:\/\/radiolifefm.com.br\/noticias\/wp-json\/wp\/v2\/posts"}],"about":[{"href":"https:\/\/radiolifefm.com.br\/noticias\/wp-json\/wp\/v2\/types\/post"}],"author":[{"embeddable":true,"href":"https:\/\/radiolifefm.com.br\/noticias\/wp-json\/wp\/v2\/users\/3"}],"replies":[{"embeddable":true,"href":"https:\/\/radiolifefm.com.br\/noticias\/wp-json\/wp\/v2\/comments?post=21462"}],"version-history":[{"count":2,"href":"https:\/\/radiolifefm.com.br\/noticias\/wp-json\/wp\/v2\/posts\/21462\/revisions"}],"predecessor-version":[{"id":21477,"href":"https:\/\/radiolifefm.com.br\/noticias\/wp-json\/wp\/v2\/posts\/21462\/revisions\/21477"}],"wp:featuredmedia":[{"embeddable":true,"href":"https:\/\/radiolifefm.com.br\/noticias\/wp-json\/wp\/v2\/media\/21464"}],"wp:attachment":[{"href":"https:\/\/radiolifefm.com.br\/noticias\/wp-json\/wp\/v2\/media?parent=21462"}],"wp:term":[{"taxonomy":"category","embeddable":true,"href":"https:\/\/radiolifefm.com.br\/noticias\/wp-json\/wp\/v2\/categories?post=21462"},{"taxonomy":"post_tag","embeddable":true,"href":"https:\/\/radiolifefm.com.br\/noticias\/wp-json\/wp\/v2\/tags?post=21462"}],"curies":[{"name":"wp","href":"https:\/\/api.w.org\/{rel}","templated":true}]}}