{"id":21439,"date":"2020-03-23T11:23:39","date_gmt":"2020-03-23T14:23:39","guid":{"rendered":"https:\/\/radiolifefm.com.br\/noticias\/?p=21439"},"modified":"2026-04-17T16:07:17","modified_gmt":"2026-04-17T19:07:17","slug":"detento-do-cdp-de-pacaembu-tem-suspeita-de-coronavirus-e-prefeitura-proibe-visitas","status":"publish","type":"post","link":"https:\/\/radiolifefm.com.br\/noticias\/detento-do-cdp-de-pacaembu-tem-suspeita-de-coronavirus-e-prefeitura-proibe-visitas\/","title":{"rendered":"Detento do CDP de Pacaembu tem suspeita de Coronav\u00edrus e prefeitura pro\u00edbe visitas"},"content":{"rendered":"<div id=\"fb-root\"><\/div>\n<p><em>A Prefeitura informa que j\u00e1 existe um preso de um dos Centros de Deten\u00e7\u00e3o Provis\u00f3ria (CDPs) de Pacaembu suspeito de coronav\u00edrus e que passar\u00e1 por exames<\/em><\/p>\n<p>Em decreto assinado nesta quinta-feira (19), o prefeito de Pacaembu (SP), Maciel do Carmo Colpas (PSDB), proibiu, em decorr\u00eancia da pandemia do novo coronav\u00edrus, a entrada e a perman\u00eancia em hospedagem no munic\u00edpio dos visitantes dos mais de cinco mil presos que est\u00e3o detidos em quatro unidades carcer\u00e1rias existentes na cidade.<\/p>\n<p>No decreto, a Prefeitura informa que j\u00e1 existe um preso de um dos Centros de Deten\u00e7\u00e3o Provis\u00f3ria (CDPs) de Pacaembu suspeito de portar o novo coronav\u00edrus e que passar\u00e1 por exames.<\/p>\n<p>Tamb\u00e9m fica proibida, atrav\u00e9s do mesmo decreto, a entrada dos \u00f4nibus e outros tipos de ve\u00edculos que fazem o transporte das pessoas que se dirigem \u00e0s penitenci\u00e1rias da cidade para visitar os presos.<\/p>\n<p>&#8220;A medida tem como finalidade manter afastado o risco iminente da doen\u00e7a ser importada ao Munic\u00edpio, al\u00e9m de evitar que haja uma sobrecarga incontrol\u00e1vel de atendimento no Sistema Municipal de Sa\u00fade&#8221;, justifica o decreto.<\/p>\n<p>Segundo a medida adotada pelo Poder Executivo, que levou em considera\u00e7\u00e3o a necessidade de provid\u00eancias para prevenir o cont\u00e1gio e a dissemina\u00e7\u00e3o da Covid-19 no munic\u00edpio, a proibi\u00e7\u00e3o j\u00e1 vale a partir desta quinta-feira (19).<\/p>\n<p>&#8220;O momento exige uma aten\u00e7\u00e3o ainda mais especial do Poder P\u00fablico voltada diretamente \u00e0 sa\u00fade da popula\u00e7\u00e3o Pacaembuense&#8221;, salienta.<\/p>\n<p>O pr\u00f3prio decreto anuncia que as medidas voltadas aos visitantes das unidades prisionais do munic\u00edpio com o objetivo de preven\u00e7\u00e3o do cont\u00e1gio do novo coronav\u00edrus (Covid-19) s\u00e3o emergenciais e tempor\u00e1rias.<\/p>\n<p>De acordo com um levantamento feito pelo G1 com base nos dados disponibilizados pela Secretaria da Administra\u00e7\u00e3o Penitenci\u00e1ria do Estado de S\u00e3o Paulo (SAP), as quatro unidades carcer\u00e1rias de Pacaembu possuem atualmente uma popula\u00e7\u00e3o de 5.012 presos nos regimes fechado, semiaberto e provis\u00f3rio.<\/p>\n<p>No total, a capacidade das unidades \u00e9 para 3.205 detentos, segundo a SAP.<\/p>\n<p>A unidade com o maior n\u00famero de presos \u00e9 o Centro de Progress\u00e3o Penitenci\u00e1ria (CPP), que conta com 1.912 detentos no regime semiaberto e capacidade para 686.<\/p>\n<p>Depois, aparece a Penitenci\u00e1ria &#8220;Ozias L\u00facio dos Santos&#8221;, que tem capacidade para 873 detentos e onde est\u00e3o 1.434 presos no regime fechado.<\/p>\n<p>Pacaembu tamb\u00e9m possui dois CDPs, que funcionam com presos provis\u00f3rios e no regime fechado. Cada uma destas unidades tem capacidade para 823 detentos. Conforme a SAP, o CDP 1 possui 847 presos e o CDP 2, 819.<\/p>\n<p>A popula\u00e7\u00e3o estimada pelo Instituto Brasileiro de Geografia e Estat\u00edstica (IBGE) para Pacaembu, com base em 2019, \u00e9 de 14.197 habitantes.<\/p>\n<p>&nbsp;<\/p>\n<p>Tupa City<\/p>\n","protected":false},"excerpt":{"rendered":"<p>A Prefeitura informa que j\u00e1 existe um preso de um dos Centros de Deten\u00e7\u00e3o Provis\u00f3ria (CDPs) de Pacaembu suspeito de coronav\u00edrus e que passar\u00e1 por exames Em decreto assinado nesta quinta-feira (19), o prefeito de Pacaembu (SP), Maciel do Carmo Colpas (PSDB), proibiu, em decorr\u00eancia da pandemia do novo coronav\u00edrus, a entrada e a perman\u00eancia [&hellip;]<\/p>\n","protected":false},"author":3,"featured_media":21440,"comment_status":"closed","ping_status":"open","sticky":false,"template":"","format":"standard","meta":{"_acf_changed":false,"_exactmetrics_skip_tracking":false,"_exactmetrics_sitenote_active":false,"_exactmetrics_sitenote_note":"","_exactmetrics_sitenote_category":0,"footnotes":""},"categories":[24],"tags":[],"class_list":["post-21439","post","type-post","status-publish","format-standard","has-post-thumbnail","hentry","category-regiao"],"acf":[],"yoast_head":"<!-- This site is optimized with the Yoast SEO plugin v27.2 - https:\/\/yoast.com\/product\/yoast-seo-wordpress\/ -->\n<title>Detento do CDP de Pacaembu tem suspeita de Coronav\u00edrus e prefeitura pro\u00edbe visitas - R\u00e1dio Life FM<\/title>\n<meta name=\"robots\" content=\"index, follow, max-snippet:-1, max-image-preview:large, max-video-preview:-1\" \/>\n<link rel=\"canonical\" href=\"https:\/\/radiolifefm.com.br\/noticias\/detento-do-cdp-de-pacaembu-tem-suspeita-de-coronavirus-e-prefeitura-proibe-visitas\/\" \/>\n<meta property=\"og:locale\" content=\"pt_BR\" \/>\n<meta property=\"og:type\" content=\"article\" \/>\n<meta property=\"og:title\" content=\"Detento do CDP de Pacaembu tem suspeita de Coronav\u00edrus e prefeitura pro\u00edbe visitas - R\u00e1dio Life FM\" \/>\n<meta property=\"og:description\" content=\"A Prefeitura informa que j\u00e1 existe um preso de um dos Centros de Deten\u00e7\u00e3o Provis\u00f3ria (CDPs) de Pacaembu suspeito de coronav\u00edrus e que passar\u00e1 por exames Em decreto assinado nesta quinta-feira (19), o prefeito de Pacaembu (SP), Maciel do Carmo Colpas (PSDB), proibiu, em decorr\u00eancia da pandemia do novo coronav\u00edrus, a entrada e a perman\u00eancia [&hellip;]\" \/>\n<meta property=\"og:url\" content=\"https:\/\/radiolifefm.com.br\/noticias\/detento-do-cdp-de-pacaembu-tem-suspeita-de-coronavirus-e-prefeitura-proibe-visitas\/\" \/>\n<meta property=\"og:site_name\" content=\"R\u00e1dio Life FM\" \/>\n<meta property=\"article:publisher\" content=\"https:\/\/www.facebook.com\/radiolifefm\/\" \/>\n<meta property=\"article:published_time\" content=\"2020-03-23T14:23:39+00:00\" \/>\n<meta property=\"article:modified_time\" content=\"2026-04-17T19:07:17+00:00\" \/>\n<meta property=\"og:image\" content=\"https:\/\/radiolifefm.com.br\/noticias\/wp-content\/uploads\/2020\/03\/CDP-Pacaembu.jpg\" \/>\n\t<meta property=\"og:image:width\" content=\"800\" \/>\n\t<meta property=\"og:image:height\" content=\"436\" \/>\n\t<meta property=\"og:image:type\" content=\"image\/jpeg\" \/>\n<meta name=\"author\" content=\"lifefm\" \/>\n<meta name=\"twitter:card\" content=\"summary_large_image\" \/>\n<meta name=\"twitter:label1\" content=\"Escrito por\" \/>\n\t<meta name=\"twitter:data1\" content=\"lifefm\" \/>\n\t<meta name=\"twitter:label2\" content=\"Est. tempo de leitura\" \/>\n\t<meta name=\"twitter:data2\" content=\"2 minutos\" \/>\n<script type=\"application\/ld+json\" class=\"yoast-schema-graph\">{\"@context\":\"https:\/\/schema.org\",\"@graph\":[{\"@type\":\"Article\",\"@id\":\"https:\/\/radiolifefm.com.br\/noticias\/detento-do-cdp-de-pacaembu-tem-suspeita-de-coronavirus-e-prefeitura-proibe-visitas\/#article\",\"isPartOf\":{\"@id\":\"https:\/\/radiolifefm.com.br\/noticias\/detento-do-cdp-de-pacaembu-tem-suspeita-de-coronavirus-e-prefeitura-proibe-visitas\/\"},\"author\":{\"name\":\"lifefm\",\"@id\":\"https:\/\/radiolifefm.com.br\/noticias\/#\/schema\/person\/1d4e4b1301322090c6221bf1c8420490\"},\"headline\":\"Detento do CDP de Pacaembu tem suspeita de Coronav\u00edrus e prefeitura pro\u00edbe visitas\",\"datePublished\":\"2020-03-23T14:23:39+00:00\",\"dateModified\":\"2026-04-17T19:07:17+00:00\",\"mainEntityOfPage\":{\"@id\":\"https:\/\/radiolifefm.com.br\/noticias\/detento-do-cdp-de-pacaembu-tem-suspeita-de-coronavirus-e-prefeitura-proibe-visitas\/\"},\"wordCount\":475,\"publisher\":{\"@id\":\"https:\/\/radiolifefm.com.br\/noticias\/#organization\"},\"image\":{\"@id\":\"https:\/\/radiolifefm.com.br\/noticias\/detento-do-cdp-de-pacaembu-tem-suspeita-de-coronavirus-e-prefeitura-proibe-visitas\/#primaryimage\"},\"thumbnailUrl\":\"https:\/\/radiolifefm.com.br\/noticias\/wp-content\/uploads\/2020\/03\/CDP-Pacaembu.jpg\",\"articleSection\":[\"Regi\u00e3o\"],\"inLanguage\":\"pt-BR\"},{\"@type\":\"WebPage\",\"@id\":\"https:\/\/radiolifefm.com.br\/noticias\/detento-do-cdp-de-pacaembu-tem-suspeita-de-coronavirus-e-prefeitura-proibe-visitas\/\",\"url\":\"https:\/\/radiolifefm.com.br\/noticias\/detento-do-cdp-de-pacaembu-tem-suspeita-de-coronavirus-e-prefeitura-proibe-visitas\/\",\"name\":\"Detento do CDP de Pacaembu tem suspeita de Coronav\u00edrus e prefeitura pro\u00edbe visitas - R\u00e1dio Life FM\",\"isPartOf\":{\"@id\":\"https:\/\/radiolifefm.com.br\/noticias\/#website\"},\"primaryImageOfPage\":{\"@id\":\"https:\/\/radiolifefm.com.br\/noticias\/detento-do-cdp-de-pacaembu-tem-suspeita-de-coronavirus-e-prefeitura-proibe-visitas\/#primaryimage\"},\"image\":{\"@id\":\"https:\/\/radiolifefm.com.br\/noticias\/detento-do-cdp-de-pacaembu-tem-suspeita-de-coronavirus-e-prefeitura-proibe-visitas\/#primaryimage\"},\"thumbnailUrl\":\"https:\/\/radiolifefm.com.br\/noticias\/wp-content\/uploads\/2020\/03\/CDP-Pacaembu.jpg\",\"datePublished\":\"2020-03-23T14:23:39+00:00\",\"dateModified\":\"2026-04-17T19:07:17+00:00\",\"breadcrumb\":{\"@id\":\"https:\/\/radiolifefm.com.br\/noticias\/detento-do-cdp-de-pacaembu-tem-suspeita-de-coronavirus-e-prefeitura-proibe-visitas\/#breadcrumb\"},\"inLanguage\":\"pt-BR\",\"potentialAction\":[{\"@type\":\"ReadAction\",\"target\":[\"https:\/\/radiolifefm.com.br\/noticias\/detento-do-cdp-de-pacaembu-tem-suspeita-de-coronavirus-e-prefeitura-proibe-visitas\/\"]}]},{\"@type\":\"ImageObject\",\"inLanguage\":\"pt-BR\",\"@id\":\"https:\/\/radiolifefm.com.br\/noticias\/detento-do-cdp-de-pacaembu-tem-suspeita-de-coronavirus-e-prefeitura-proibe-visitas\/#primaryimage\",\"url\":\"https:\/\/radiolifefm.com.br\/noticias\/wp-content\/uploads\/2020\/03\/CDP-Pacaembu.jpg\",\"contentUrl\":\"https:\/\/radiolifefm.com.br\/noticias\/wp-content\/uploads\/2020\/03\/CDP-Pacaembu.jpg\",\"width\":800,\"height\":436},{\"@type\":\"BreadcrumbList\",\"@id\":\"https:\/\/radiolifefm.com.br\/noticias\/detento-do-cdp-de-pacaembu-tem-suspeita-de-coronavirus-e-prefeitura-proibe-visitas\/#breadcrumb\",\"itemListElement\":[{\"@type\":\"ListItem\",\"position\":1,\"name\":\"In\u00edcio\",\"item\":\"https:\/\/radiolifefm.com.br\/noticias\/\"},{\"@type\":\"ListItem\",\"position\":2,\"name\":\"Detento do CDP de Pacaembu tem suspeita de Coronav\u00edrus e prefeitura pro\u00edbe visitas\"}]},{\"@type\":\"WebSite\",\"@id\":\"https:\/\/radiolifefm.com.br\/noticias\/#website\",\"url\":\"https:\/\/radiolifefm.com.br\/noticias\/\",\"name\":\"R\u00e1dio Life FM\",\"description\":\"O Portal de Not\u00edcias de Adamantina\",\"publisher\":{\"@id\":\"https:\/\/radiolifefm.com.br\/noticias\/#organization\"},\"alternateName\":\"Life FM\",\"potentialAction\":[{\"@type\":\"SearchAction\",\"target\":{\"@type\":\"EntryPoint\",\"urlTemplate\":\"https:\/\/radiolifefm.com.br\/noticias\/?s={search_term_string}\"},\"query-input\":{\"@type\":\"PropertyValueSpecification\",\"valueRequired\":true,\"valueName\":\"search_term_string\"}}],\"inLanguage\":\"pt-BR\"},{\"@type\":\"Organization\",\"@id\":\"https:\/\/radiolifefm.com.br\/noticias\/#organization\",\"name\":\"R\u00e1dio Life FM\",\"alternateName\":\"Life FM\",\"url\":\"https:\/\/radiolifefm.com.br\/noticias\/\",\"logo\":{\"@type\":\"ImageObject\",\"inLanguage\":\"pt-BR\",\"@id\":\"https:\/\/radiolifefm.com.br\/noticias\/#\/schema\/logo\/image\/\",\"url\":\"https:\/\/static.radiolifefm.com.br\/noticias\/wp-content\/uploads\/2019\/10\/logo-lifefm.png\",\"contentUrl\":\"https:\/\/static.radiolifefm.com.br\/noticias\/wp-content\/uploads\/2019\/10\/logo-lifefm.png\",\"width\":196,\"height\":47,\"caption\":\"R\u00e1dio Life FM\"},\"image\":{\"@id\":\"https:\/\/radiolifefm.com.br\/noticias\/#\/schema\/logo\/image\/\"},\"sameAs\":[\"https:\/\/www.facebook.com\/radiolifefm\/\",\"https:\/\/www.instagram.com\/life1079fm\/\"]},{\"@type\":\"Person\",\"@id\":\"https:\/\/radiolifefm.com.br\/noticias\/#\/schema\/person\/1d4e4b1301322090c6221bf1c8420490\",\"name\":\"lifefm\",\"image\":{\"@type\":\"ImageObject\",\"inLanguage\":\"pt-BR\",\"@id\":\"https:\/\/secure.gravatar.com\/avatar\/eca268467d925ec97d20641bb054fd944c0abb2f92854171620706bbe6474e7c?s=96&d=mm&r=g\",\"url\":\"https:\/\/secure.gravatar.com\/avatar\/eca268467d925ec97d20641bb054fd944c0abb2f92854171620706bbe6474e7c?s=96&d=mm&r=g\",\"contentUrl\":\"https:\/\/secure.gravatar.com\/avatar\/eca268467d925ec97d20641bb054fd944c0abb2f92854171620706bbe6474e7c?s=96&d=mm&r=g\",\"caption\":\"lifefm\"}}]}<\/script>\n<!-- \/ Yoast SEO plugin. -->","yoast_head_json":{"title":"Detento do CDP de Pacaembu tem suspeita de Coronav\u00edrus e prefeitura pro\u00edbe visitas - R\u00e1dio Life FM","robots":{"index":"index","follow":"follow","max-snippet":"max-snippet:-1","max-image-preview":"max-image-preview:large","max-video-preview":"max-video-preview:-1"},"canonical":"https:\/\/radiolifefm.com.br\/noticias\/detento-do-cdp-de-pacaembu-tem-suspeita-de-coronavirus-e-prefeitura-proibe-visitas\/","og_locale":"pt_BR","og_type":"article","og_title":"Detento do CDP de Pacaembu tem suspeita de Coronav\u00edrus e prefeitura pro\u00edbe visitas - R\u00e1dio Life FM","og_description":"A Prefeitura informa que j\u00e1 existe um preso de um dos Centros de Deten\u00e7\u00e3o Provis\u00f3ria (CDPs) de Pacaembu suspeito de coronav\u00edrus e que passar\u00e1 por exames Em decreto assinado nesta quinta-feira (19), o prefeito de Pacaembu (SP), Maciel do Carmo Colpas (PSDB), proibiu, em decorr\u00eancia da pandemia do novo coronav\u00edrus, a entrada e a perman\u00eancia [&hellip;]","og_url":"https:\/\/radiolifefm.com.br\/noticias\/detento-do-cdp-de-pacaembu-tem-suspeita-de-coronavirus-e-prefeitura-proibe-visitas\/","og_site_name":"R\u00e1dio Life FM","article_publisher":"https:\/\/www.facebook.com\/radiolifefm\/","article_published_time":"2020-03-23T14:23:39+00:00","article_modified_time":"2026-04-17T19:07:17+00:00","og_image":[{"width":800,"height":436,"url":"https:\/\/radiolifefm.com.br\/noticias\/wp-content\/uploads\/2020\/03\/CDP-Pacaembu.jpg","type":"image\/jpeg"}],"author":"lifefm","twitter_card":"summary_large_image","twitter_misc":{"Escrito por":"lifefm","Est. tempo de leitura":"2 minutos"},"schema":{"@context":"https:\/\/schema.org","@graph":[{"@type":"Article","@id":"https:\/\/radiolifefm.com.br\/noticias\/detento-do-cdp-de-pacaembu-tem-suspeita-de-coronavirus-e-prefeitura-proibe-visitas\/#article","isPartOf":{"@id":"https:\/\/radiolifefm.com.br\/noticias\/detento-do-cdp-de-pacaembu-tem-suspeita-de-coronavirus-e-prefeitura-proibe-visitas\/"},"author":{"name":"lifefm","@id":"https:\/\/radiolifefm.com.br\/noticias\/#\/schema\/person\/1d4e4b1301322090c6221bf1c8420490"},"headline":"Detento do CDP de Pacaembu tem suspeita de Coronav\u00edrus e prefeitura pro\u00edbe visitas","datePublished":"2020-03-23T14:23:39+00:00","dateModified":"2026-04-17T19:07:17+00:00","mainEntityOfPage":{"@id":"https:\/\/radiolifefm.com.br\/noticias\/detento-do-cdp-de-pacaembu-tem-suspeita-de-coronavirus-e-prefeitura-proibe-visitas\/"},"wordCount":475,"publisher":{"@id":"https:\/\/radiolifefm.com.br\/noticias\/#organization"},"image":{"@id":"https:\/\/radiolifefm.com.br\/noticias\/detento-do-cdp-de-pacaembu-tem-suspeita-de-coronavirus-e-prefeitura-proibe-visitas\/#primaryimage"},"thumbnailUrl":"https:\/\/radiolifefm.com.br\/noticias\/wp-content\/uploads\/2020\/03\/CDP-Pacaembu.jpg","articleSection":["Regi\u00e3o"],"inLanguage":"pt-BR"},{"@type":"WebPage","@id":"https:\/\/radiolifefm.com.br\/noticias\/detento-do-cdp-de-pacaembu-tem-suspeita-de-coronavirus-e-prefeitura-proibe-visitas\/","url":"https:\/\/radiolifefm.com.br\/noticias\/detento-do-cdp-de-pacaembu-tem-suspeita-de-coronavirus-e-prefeitura-proibe-visitas\/","name":"Detento do CDP de Pacaembu tem suspeita de Coronav\u00edrus e prefeitura pro\u00edbe visitas - R\u00e1dio Life FM","isPartOf":{"@id":"https:\/\/radiolifefm.com.br\/noticias\/#website"},"primaryImageOfPage":{"@id":"https:\/\/radiolifefm.com.br\/noticias\/detento-do-cdp-de-pacaembu-tem-suspeita-de-coronavirus-e-prefeitura-proibe-visitas\/#primaryimage"},"image":{"@id":"https:\/\/radiolifefm.com.br\/noticias\/detento-do-cdp-de-pacaembu-tem-suspeita-de-coronavirus-e-prefeitura-proibe-visitas\/#primaryimage"},"thumbnailUrl":"https:\/\/radiolifefm.com.br\/noticias\/wp-content\/uploads\/2020\/03\/CDP-Pacaembu.jpg","datePublished":"2020-03-23T14:23:39+00:00","dateModified":"2026-04-17T19:07:17+00:00","breadcrumb":{"@id":"https:\/\/radiolifefm.com.br\/noticias\/detento-do-cdp-de-pacaembu-tem-suspeita-de-coronavirus-e-prefeitura-proibe-visitas\/#breadcrumb"},"inLanguage":"pt-BR","potentialAction":[{"@type":"ReadAction","target":["https:\/\/radiolifefm.com.br\/noticias\/detento-do-cdp-de-pacaembu-tem-suspeita-de-coronavirus-e-prefeitura-proibe-visitas\/"]}]},{"@type":"ImageObject","inLanguage":"pt-BR","@id":"https:\/\/radiolifefm.com.br\/noticias\/detento-do-cdp-de-pacaembu-tem-suspeita-de-coronavirus-e-prefeitura-proibe-visitas\/#primaryimage","url":"https:\/\/radiolifefm.com.br\/noticias\/wp-content\/uploads\/2020\/03\/CDP-Pacaembu.jpg","contentUrl":"https:\/\/radiolifefm.com.br\/noticias\/wp-content\/uploads\/2020\/03\/CDP-Pacaembu.jpg","width":800,"height":436},{"@type":"BreadcrumbList","@id":"https:\/\/radiolifefm.com.br\/noticias\/detento-do-cdp-de-pacaembu-tem-suspeita-de-coronavirus-e-prefeitura-proibe-visitas\/#breadcrumb","itemListElement":[{"@type":"ListItem","position":1,"name":"In\u00edcio","item":"https:\/\/radiolifefm.com.br\/noticias\/"},{"@type":"ListItem","position":2,"name":"Detento do CDP de Pacaembu tem suspeita de Coronav\u00edrus e prefeitura pro\u00edbe visitas"}]},{"@type":"WebSite","@id":"https:\/\/radiolifefm.com.br\/noticias\/#website","url":"https:\/\/radiolifefm.com.br\/noticias\/","name":"R\u00e1dio Life FM","description":"O Portal de Not\u00edcias de Adamantina","publisher":{"@id":"https:\/\/radiolifefm.com.br\/noticias\/#organization"},"alternateName":"Life FM","potentialAction":[{"@type":"SearchAction","target":{"@type":"EntryPoint","urlTemplate":"https:\/\/radiolifefm.com.br\/noticias\/?s={search_term_string}"},"query-input":{"@type":"PropertyValueSpecification","valueRequired":true,"valueName":"search_term_string"}}],"inLanguage":"pt-BR"},{"@type":"Organization","@id":"https:\/\/radiolifefm.com.br\/noticias\/#organization","name":"R\u00e1dio Life FM","alternateName":"Life FM","url":"https:\/\/radiolifefm.com.br\/noticias\/","logo":{"@type":"ImageObject","inLanguage":"pt-BR","@id":"https:\/\/radiolifefm.com.br\/noticias\/#\/schema\/logo\/image\/","url":"https:\/\/static.radiolifefm.com.br\/noticias\/wp-content\/uploads\/2019\/10\/logo-lifefm.png","contentUrl":"https:\/\/static.radiolifefm.com.br\/noticias\/wp-content\/uploads\/2019\/10\/logo-lifefm.png","width":196,"height":47,"caption":"R\u00e1dio Life FM"},"image":{"@id":"https:\/\/radiolifefm.com.br\/noticias\/#\/schema\/logo\/image\/"},"sameAs":["https:\/\/www.facebook.com\/radiolifefm\/","https:\/\/www.instagram.com\/life1079fm\/"]},{"@type":"Person","@id":"https:\/\/radiolifefm.com.br\/noticias\/#\/schema\/person\/1d4e4b1301322090c6221bf1c8420490","name":"lifefm","image":{"@type":"ImageObject","inLanguage":"pt-BR","@id":"https:\/\/secure.gravatar.com\/avatar\/eca268467d925ec97d20641bb054fd944c0abb2f92854171620706bbe6474e7c?s=96&d=mm&r=g","url":"https:\/\/secure.gravatar.com\/avatar\/eca268467d925ec97d20641bb054fd944c0abb2f92854171620706bbe6474e7c?s=96&d=mm&r=g","contentUrl":"https:\/\/secure.gravatar.com\/avatar\/eca268467d925ec97d20641bb054fd944c0abb2f92854171620706bbe6474e7c?s=96&d=mm&r=g","caption":"lifefm"}}]}},"amp_enabled":true,"_links":{"self":[{"href":"https:\/\/radiolifefm.com.br\/noticias\/wp-json\/wp\/v2\/posts\/21439","targetHints":{"allow":["GET"]}}],"collection":[{"href":"https:\/\/radiolifefm.com.br\/noticias\/wp-json\/wp\/v2\/posts"}],"about":[{"href":"https:\/\/radiolifefm.com.br\/noticias\/wp-json\/wp\/v2\/types\/post"}],"author":[{"embeddable":true,"href":"https:\/\/radiolifefm.com.br\/noticias\/wp-json\/wp\/v2\/users\/3"}],"replies":[{"embeddable":true,"href":"https:\/\/radiolifefm.com.br\/noticias\/wp-json\/wp\/v2\/comments?post=21439"}],"version-history":[{"count":1,"href":"https:\/\/radiolifefm.com.br\/noticias\/wp-json\/wp\/v2\/posts\/21439\/revisions"}],"predecessor-version":[{"id":21441,"href":"https:\/\/radiolifefm.com.br\/noticias\/wp-json\/wp\/v2\/posts\/21439\/revisions\/21441"}],"wp:featuredmedia":[{"embeddable":true,"href":"https:\/\/radiolifefm.com.br\/noticias\/wp-json\/wp\/v2\/media\/21440"}],"wp:attachment":[{"href":"https:\/\/radiolifefm.com.br\/noticias\/wp-json\/wp\/v2\/media?parent=21439"}],"wp:term":[{"taxonomy":"category","embeddable":true,"href":"https:\/\/radiolifefm.com.br\/noticias\/wp-json\/wp\/v2\/categories?post=21439"},{"taxonomy":"post_tag","embeddable":true,"href":"https:\/\/radiolifefm.com.br\/noticias\/wp-json\/wp\/v2\/tags?post=21439"}],"curies":[{"name":"wp","href":"https:\/\/api.w.org\/{rel}","templated":true}]}}