{"id":21423,"date":"2020-03-23T10:47:22","date_gmt":"2020-03-23T13:47:22","guid":{"rendered":"https:\/\/radiolifefm.com.br\/noticias\/?p=21423"},"modified":"2025-09-09T10:52:58","modified_gmt":"2025-09-09T13:52:58","slug":"capotamento-de-veiculo-deixa-motorista-em-estado-grave-na-sp-294-em-tupi-paulista","status":"publish","type":"post","link":"https:\/\/radiolifefm.com.br\/noticias\/capotamento-de-veiculo-deixa-motorista-em-estado-grave-na-sp-294-em-tupi-paulista\/","title":{"rendered":"Capotamento de ve\u00edculo deixa motorista em estado grave na SP-294, em Tupi Paulista"},"content":{"rendered":"<div id=\"fb-root\"><\/div>\n<p><em>Condutor ficou preso \u00e0s ferragens do carro e estava inconsciente quando foi socorrido pelo Corpo de Bombeiros<\/em><\/p>\n<p>Um homem de 46 anos ficou gravemente ferido ap\u00f3s o ve\u00edculo que ele conduzia capotar na Rodovia Comandante Jo\u00e3o Ribeiro de Barros (SP-294), em Tupi Paulista (SP), na noite deste s\u00e1bado (21). A v\u00edtima ficou presa \u00e0s ferragens e foi socorrida inconsciente pelo Corpo de Bombeiros.<\/p>\n<p>De acordo com informa\u00e7\u00f5es da Pol\u00edcia Militar Rodovi\u00e1ria, no carro tamb\u00e9m estava uma mulher, que foi socorrida com ferimentos de natureza leve. Ambos s\u00e3o moradores de Santa Mercedes (SP).<br \/>\nO ve\u00edculo transitava no sentido Dracena (SP) &#8211; Santa Mercedes (SP).<\/p>\n<p>A causa do acidente n\u00e3o foi apurada pela pol\u00edcia, que tamb\u00e9m n\u00e3o realizou o teste do baf\u00f4metro no motorista, devido \u00e0 gravidade de seus ferimentos.<\/p>\n<p>As v\u00edtimas foram levadas ao Pronto-socorro de Tupi Paulista para receberem atendimento m\u00e9dico.<\/p>\n<p><img loading=\"lazy\" decoding=\"async\" class=\"alignnone size-medium wp-image-21424\" src=\"https:\/\/radiolifefm.com.br\/noticias\/wp-content\/uploads\/sites\/2\/2020\/03\/Capote-Tupi-300x180.jpeg\" alt=\"\" width=\"300\" height=\"180\" srcset=\"https:\/\/radiolifefm.com.br\/noticias\/wp-content\/uploads\/2020\/03\/Capote-Tupi-300x180.jpeg 300w, https:\/\/radiolifefm.com.br\/noticias\/wp-content\/uploads\/2020\/03\/Capote-Tupi-768x461.jpeg 768w, https:\/\/radiolifefm.com.br\/noticias\/wp-content\/uploads\/2020\/03\/Capote-Tupi.jpeg 870w\" sizes=\"auto, (max-width: 300px) 100vw, 300px\" \/><\/p>\n<p>G 1<\/p>\n","protected":false},"excerpt":{"rendered":"<p>Condutor ficou preso \u00e0s ferragens do carro e estava inconsciente quando foi socorrido pelo Corpo de Bombeiros Um homem de 46 anos ficou gravemente ferido ap\u00f3s o ve\u00edculo que ele conduzia capotar na Rodovia Comandante Jo\u00e3o Ribeiro de Barros (SP-294), em Tupi Paulista (SP), na noite deste s\u00e1bado (21). A v\u00edtima ficou presa \u00e0s ferragens [&hellip;]<\/p>\n","protected":false},"author":3,"featured_media":21425,"comment_status":"closed","ping_status":"open","sticky":false,"template":"","format":"standard","meta":{"_acf_changed":false,"_exactmetrics_skip_tracking":false,"_exactmetrics_sitenote_active":false,"_exactmetrics_sitenote_note":"","_exactmetrics_sitenote_category":0,"footnotes":""},"categories":[24],"tags":[],"class_list":["post-21423","post","type-post","status-publish","format-standard","has-post-thumbnail","hentry","category-regiao"],"acf":[],"yoast_head":"<!-- This site is optimized with the Yoast SEO plugin v27.2 - https:\/\/yoast.com\/product\/yoast-seo-wordpress\/ -->\n<title>Capotamento de ve\u00edculo deixa motorista em estado grave na SP-294, em Tupi Paulista - R\u00e1dio Life FM<\/title>\n<meta name=\"robots\" content=\"index, follow, max-snippet:-1, max-image-preview:large, max-video-preview:-1\" \/>\n<link rel=\"canonical\" href=\"https:\/\/radiolifefm.com.br\/noticias\/capotamento-de-veiculo-deixa-motorista-em-estado-grave-na-sp-294-em-tupi-paulista\/\" \/>\n<meta property=\"og:locale\" content=\"pt_BR\" \/>\n<meta property=\"og:type\" content=\"article\" \/>\n<meta property=\"og:title\" content=\"Capotamento de ve\u00edculo deixa motorista em estado grave na SP-294, em Tupi Paulista - R\u00e1dio Life FM\" \/>\n<meta property=\"og:description\" content=\"Condutor ficou preso \u00e0s ferragens do carro e estava inconsciente quando foi socorrido pelo Corpo de Bombeiros Um homem de 46 anos ficou gravemente ferido ap\u00f3s o ve\u00edculo que ele conduzia capotar na Rodovia Comandante Jo\u00e3o Ribeiro de Barros (SP-294), em Tupi Paulista (SP), na noite deste s\u00e1bado (21). A v\u00edtima ficou presa \u00e0s ferragens [&hellip;]\" \/>\n<meta property=\"og:url\" content=\"https:\/\/radiolifefm.com.br\/noticias\/capotamento-de-veiculo-deixa-motorista-em-estado-grave-na-sp-294-em-tupi-paulista\/\" \/>\n<meta property=\"og:site_name\" content=\"R\u00e1dio Life FM\" \/>\n<meta property=\"article:publisher\" content=\"https:\/\/www.facebook.com\/radiolifefm\/\" \/>\n<meta property=\"article:published_time\" content=\"2020-03-23T13:47:22+00:00\" \/>\n<meta property=\"article:modified_time\" content=\"2025-09-09T13:52:58+00:00\" \/>\n<meta property=\"og:image\" content=\"https:\/\/static.radiolifefm.com.br\/noticias\/wp-content\/uploads\/2020\/03\/Capote-Tupi-1.jpg\" \/>\n\t<meta property=\"og:image:width\" content=\"960\" \/>\n\t<meta property=\"og:image:height\" content=\"720\" \/>\n\t<meta property=\"og:image:type\" content=\"image\/jpeg\" \/>\n<meta name=\"author\" content=\"lifefm\" \/>\n<meta name=\"twitter:card\" content=\"summary_large_image\" \/>\n<meta name=\"twitter:label1\" content=\"Escrito por\" \/>\n\t<meta name=\"twitter:data1\" content=\"lifefm\" \/>\n\t<meta name=\"twitter:label2\" content=\"Est. tempo de leitura\" \/>\n\t<meta name=\"twitter:data2\" content=\"1 minuto\" \/>\n<script type=\"application\/ld+json\" class=\"yoast-schema-graph\">{\"@context\":\"https:\/\/schema.org\",\"@graph\":[{\"@type\":\"Article\",\"@id\":\"https:\/\/radiolifefm.com.br\/noticias\/capotamento-de-veiculo-deixa-motorista-em-estado-grave-na-sp-294-em-tupi-paulista\/#article\",\"isPartOf\":{\"@id\":\"https:\/\/radiolifefm.com.br\/noticias\/capotamento-de-veiculo-deixa-motorista-em-estado-grave-na-sp-294-em-tupi-paulista\/\"},\"author\":{\"name\":\"lifefm\",\"@id\":\"https:\/\/radiolifefm.com.br\/noticias\/#\/schema\/person\/1d4e4b1301322090c6221bf1c8420490\"},\"headline\":\"Capotamento de ve\u00edculo deixa motorista em estado grave na SP-294, em Tupi Paulista\",\"datePublished\":\"2020-03-23T13:47:22+00:00\",\"dateModified\":\"2025-09-09T13:52:58+00:00\",\"mainEntityOfPage\":{\"@id\":\"https:\/\/radiolifefm.com.br\/noticias\/capotamento-de-veiculo-deixa-motorista-em-estado-grave-na-sp-294-em-tupi-paulista\/\"},\"wordCount\":171,\"publisher\":{\"@id\":\"https:\/\/radiolifefm.com.br\/noticias\/#organization\"},\"image\":{\"@id\":\"https:\/\/radiolifefm.com.br\/noticias\/capotamento-de-veiculo-deixa-motorista-em-estado-grave-na-sp-294-em-tupi-paulista\/#primaryimage\"},\"thumbnailUrl\":\"https:\/\/radiolifefm.com.br\/noticias\/wp-content\/uploads\/2020\/03\/Capote-Tupi-1.jpg\",\"articleSection\":[\"Regi\u00e3o\"],\"inLanguage\":\"pt-BR\"},{\"@type\":\"WebPage\",\"@id\":\"https:\/\/radiolifefm.com.br\/noticias\/capotamento-de-veiculo-deixa-motorista-em-estado-grave-na-sp-294-em-tupi-paulista\/\",\"url\":\"https:\/\/radiolifefm.com.br\/noticias\/capotamento-de-veiculo-deixa-motorista-em-estado-grave-na-sp-294-em-tupi-paulista\/\",\"name\":\"Capotamento de ve\u00edculo deixa motorista em estado grave na SP-294, em Tupi Paulista - R\u00e1dio Life FM\",\"isPartOf\":{\"@id\":\"https:\/\/radiolifefm.com.br\/noticias\/#website\"},\"primaryImageOfPage\":{\"@id\":\"https:\/\/radiolifefm.com.br\/noticias\/capotamento-de-veiculo-deixa-motorista-em-estado-grave-na-sp-294-em-tupi-paulista\/#primaryimage\"},\"image\":{\"@id\":\"https:\/\/radiolifefm.com.br\/noticias\/capotamento-de-veiculo-deixa-motorista-em-estado-grave-na-sp-294-em-tupi-paulista\/#primaryimage\"},\"thumbnailUrl\":\"https:\/\/radiolifefm.com.br\/noticias\/wp-content\/uploads\/2020\/03\/Capote-Tupi-1.jpg\",\"datePublished\":\"2020-03-23T13:47:22+00:00\",\"dateModified\":\"2025-09-09T13:52:58+00:00\",\"breadcrumb\":{\"@id\":\"https:\/\/radiolifefm.com.br\/noticias\/capotamento-de-veiculo-deixa-motorista-em-estado-grave-na-sp-294-em-tupi-paulista\/#breadcrumb\"},\"inLanguage\":\"pt-BR\",\"potentialAction\":[{\"@type\":\"ReadAction\",\"target\":[\"https:\/\/radiolifefm.com.br\/noticias\/capotamento-de-veiculo-deixa-motorista-em-estado-grave-na-sp-294-em-tupi-paulista\/\"]}]},{\"@type\":\"ImageObject\",\"inLanguage\":\"pt-BR\",\"@id\":\"https:\/\/radiolifefm.com.br\/noticias\/capotamento-de-veiculo-deixa-motorista-em-estado-grave-na-sp-294-em-tupi-paulista\/#primaryimage\",\"url\":\"https:\/\/radiolifefm.com.br\/noticias\/wp-content\/uploads\/2020\/03\/Capote-Tupi-1.jpg\",\"contentUrl\":\"https:\/\/radiolifefm.com.br\/noticias\/wp-content\/uploads\/2020\/03\/Capote-Tupi-1.jpg\",\"width\":960,\"height\":720},{\"@type\":\"BreadcrumbList\",\"@id\":\"https:\/\/radiolifefm.com.br\/noticias\/capotamento-de-veiculo-deixa-motorista-em-estado-grave-na-sp-294-em-tupi-paulista\/#breadcrumb\",\"itemListElement\":[{\"@type\":\"ListItem\",\"position\":1,\"name\":\"In\u00edcio\",\"item\":\"https:\/\/radiolifefm.com.br\/noticias\/\"},{\"@type\":\"ListItem\",\"position\":2,\"name\":\"Capotamento de ve\u00edculo deixa motorista em estado grave na SP-294, em Tupi Paulista\"}]},{\"@type\":\"WebSite\",\"@id\":\"https:\/\/radiolifefm.com.br\/noticias\/#website\",\"url\":\"https:\/\/radiolifefm.com.br\/noticias\/\",\"name\":\"R\u00e1dio Life FM\",\"description\":\"O Portal de Not\u00edcias de Adamantina\",\"publisher\":{\"@id\":\"https:\/\/radiolifefm.com.br\/noticias\/#organization\"},\"alternateName\":\"Life FM\",\"potentialAction\":[{\"@type\":\"SearchAction\",\"target\":{\"@type\":\"EntryPoint\",\"urlTemplate\":\"https:\/\/radiolifefm.com.br\/noticias\/?s={search_term_string}\"},\"query-input\":{\"@type\":\"PropertyValueSpecification\",\"valueRequired\":true,\"valueName\":\"search_term_string\"}}],\"inLanguage\":\"pt-BR\"},{\"@type\":\"Organization\",\"@id\":\"https:\/\/radiolifefm.com.br\/noticias\/#organization\",\"name\":\"R\u00e1dio Life FM\",\"alternateName\":\"Life FM\",\"url\":\"https:\/\/radiolifefm.com.br\/noticias\/\",\"logo\":{\"@type\":\"ImageObject\",\"inLanguage\":\"pt-BR\",\"@id\":\"https:\/\/radiolifefm.com.br\/noticias\/#\/schema\/logo\/image\/\",\"url\":\"https:\/\/static.radiolifefm.com.br\/noticias\/wp-content\/uploads\/2019\/10\/logo-lifefm.png\",\"contentUrl\":\"https:\/\/static.radiolifefm.com.br\/noticias\/wp-content\/uploads\/2019\/10\/logo-lifefm.png\",\"width\":196,\"height\":47,\"caption\":\"R\u00e1dio Life FM\"},\"image\":{\"@id\":\"https:\/\/radiolifefm.com.br\/noticias\/#\/schema\/logo\/image\/\"},\"sameAs\":[\"https:\/\/www.facebook.com\/radiolifefm\/\",\"https:\/\/www.instagram.com\/life1079fm\/\"]},{\"@type\":\"Person\",\"@id\":\"https:\/\/radiolifefm.com.br\/noticias\/#\/schema\/person\/1d4e4b1301322090c6221bf1c8420490\",\"name\":\"lifefm\",\"image\":{\"@type\":\"ImageObject\",\"inLanguage\":\"pt-BR\",\"@id\":\"https:\/\/secure.gravatar.com\/avatar\/eca268467d925ec97d20641bb054fd944c0abb2f92854171620706bbe6474e7c?s=96&d=mm&r=g\",\"url\":\"https:\/\/secure.gravatar.com\/avatar\/eca268467d925ec97d20641bb054fd944c0abb2f92854171620706bbe6474e7c?s=96&d=mm&r=g\",\"contentUrl\":\"https:\/\/secure.gravatar.com\/avatar\/eca268467d925ec97d20641bb054fd944c0abb2f92854171620706bbe6474e7c?s=96&d=mm&r=g\",\"caption\":\"lifefm\"}}]}<\/script>\n<!-- \/ Yoast SEO plugin. -->","yoast_head_json":{"title":"Capotamento de ve\u00edculo deixa motorista em estado grave na SP-294, em Tupi Paulista - R\u00e1dio Life FM","robots":{"index":"index","follow":"follow","max-snippet":"max-snippet:-1","max-image-preview":"max-image-preview:large","max-video-preview":"max-video-preview:-1"},"canonical":"https:\/\/radiolifefm.com.br\/noticias\/capotamento-de-veiculo-deixa-motorista-em-estado-grave-na-sp-294-em-tupi-paulista\/","og_locale":"pt_BR","og_type":"article","og_title":"Capotamento de ve\u00edculo deixa motorista em estado grave na SP-294, em Tupi Paulista - R\u00e1dio Life FM","og_description":"Condutor ficou preso \u00e0s ferragens do carro e estava inconsciente quando foi socorrido pelo Corpo de Bombeiros Um homem de 46 anos ficou gravemente ferido ap\u00f3s o ve\u00edculo que ele conduzia capotar na Rodovia Comandante Jo\u00e3o Ribeiro de Barros (SP-294), em Tupi Paulista (SP), na noite deste s\u00e1bado (21). A v\u00edtima ficou presa \u00e0s ferragens [&hellip;]","og_url":"https:\/\/radiolifefm.com.br\/noticias\/capotamento-de-veiculo-deixa-motorista-em-estado-grave-na-sp-294-em-tupi-paulista\/","og_site_name":"R\u00e1dio Life FM","article_publisher":"https:\/\/www.facebook.com\/radiolifefm\/","article_published_time":"2020-03-23T13:47:22+00:00","article_modified_time":"2025-09-09T13:52:58+00:00","og_image":[{"width":960,"height":720,"url":"https:\/\/static.radiolifefm.com.br\/noticias\/wp-content\/uploads\/2020\/03\/Capote-Tupi-1.jpg","type":"image\/jpeg"}],"author":"lifefm","twitter_card":"summary_large_image","twitter_misc":{"Escrito por":"lifefm","Est. tempo de leitura":"1 minuto"},"schema":{"@context":"https:\/\/schema.org","@graph":[{"@type":"Article","@id":"https:\/\/radiolifefm.com.br\/noticias\/capotamento-de-veiculo-deixa-motorista-em-estado-grave-na-sp-294-em-tupi-paulista\/#article","isPartOf":{"@id":"https:\/\/radiolifefm.com.br\/noticias\/capotamento-de-veiculo-deixa-motorista-em-estado-grave-na-sp-294-em-tupi-paulista\/"},"author":{"name":"lifefm","@id":"https:\/\/radiolifefm.com.br\/noticias\/#\/schema\/person\/1d4e4b1301322090c6221bf1c8420490"},"headline":"Capotamento de ve\u00edculo deixa motorista em estado grave na SP-294, em Tupi Paulista","datePublished":"2020-03-23T13:47:22+00:00","dateModified":"2025-09-09T13:52:58+00:00","mainEntityOfPage":{"@id":"https:\/\/radiolifefm.com.br\/noticias\/capotamento-de-veiculo-deixa-motorista-em-estado-grave-na-sp-294-em-tupi-paulista\/"},"wordCount":171,"publisher":{"@id":"https:\/\/radiolifefm.com.br\/noticias\/#organization"},"image":{"@id":"https:\/\/radiolifefm.com.br\/noticias\/capotamento-de-veiculo-deixa-motorista-em-estado-grave-na-sp-294-em-tupi-paulista\/#primaryimage"},"thumbnailUrl":"https:\/\/radiolifefm.com.br\/noticias\/wp-content\/uploads\/2020\/03\/Capote-Tupi-1.jpg","articleSection":["Regi\u00e3o"],"inLanguage":"pt-BR"},{"@type":"WebPage","@id":"https:\/\/radiolifefm.com.br\/noticias\/capotamento-de-veiculo-deixa-motorista-em-estado-grave-na-sp-294-em-tupi-paulista\/","url":"https:\/\/radiolifefm.com.br\/noticias\/capotamento-de-veiculo-deixa-motorista-em-estado-grave-na-sp-294-em-tupi-paulista\/","name":"Capotamento de ve\u00edculo deixa motorista em estado grave na SP-294, em Tupi Paulista - R\u00e1dio Life FM","isPartOf":{"@id":"https:\/\/radiolifefm.com.br\/noticias\/#website"},"primaryImageOfPage":{"@id":"https:\/\/radiolifefm.com.br\/noticias\/capotamento-de-veiculo-deixa-motorista-em-estado-grave-na-sp-294-em-tupi-paulista\/#primaryimage"},"image":{"@id":"https:\/\/radiolifefm.com.br\/noticias\/capotamento-de-veiculo-deixa-motorista-em-estado-grave-na-sp-294-em-tupi-paulista\/#primaryimage"},"thumbnailUrl":"https:\/\/radiolifefm.com.br\/noticias\/wp-content\/uploads\/2020\/03\/Capote-Tupi-1.jpg","datePublished":"2020-03-23T13:47:22+00:00","dateModified":"2025-09-09T13:52:58+00:00","breadcrumb":{"@id":"https:\/\/radiolifefm.com.br\/noticias\/capotamento-de-veiculo-deixa-motorista-em-estado-grave-na-sp-294-em-tupi-paulista\/#breadcrumb"},"inLanguage":"pt-BR","potentialAction":[{"@type":"ReadAction","target":["https:\/\/radiolifefm.com.br\/noticias\/capotamento-de-veiculo-deixa-motorista-em-estado-grave-na-sp-294-em-tupi-paulista\/"]}]},{"@type":"ImageObject","inLanguage":"pt-BR","@id":"https:\/\/radiolifefm.com.br\/noticias\/capotamento-de-veiculo-deixa-motorista-em-estado-grave-na-sp-294-em-tupi-paulista\/#primaryimage","url":"https:\/\/radiolifefm.com.br\/noticias\/wp-content\/uploads\/2020\/03\/Capote-Tupi-1.jpg","contentUrl":"https:\/\/radiolifefm.com.br\/noticias\/wp-content\/uploads\/2020\/03\/Capote-Tupi-1.jpg","width":960,"height":720},{"@type":"BreadcrumbList","@id":"https:\/\/radiolifefm.com.br\/noticias\/capotamento-de-veiculo-deixa-motorista-em-estado-grave-na-sp-294-em-tupi-paulista\/#breadcrumb","itemListElement":[{"@type":"ListItem","position":1,"name":"In\u00edcio","item":"https:\/\/radiolifefm.com.br\/noticias\/"},{"@type":"ListItem","position":2,"name":"Capotamento de ve\u00edculo deixa motorista em estado grave na SP-294, em Tupi Paulista"}]},{"@type":"WebSite","@id":"https:\/\/radiolifefm.com.br\/noticias\/#website","url":"https:\/\/radiolifefm.com.br\/noticias\/","name":"R\u00e1dio Life FM","description":"O Portal de Not\u00edcias de Adamantina","publisher":{"@id":"https:\/\/radiolifefm.com.br\/noticias\/#organization"},"alternateName":"Life FM","potentialAction":[{"@type":"SearchAction","target":{"@type":"EntryPoint","urlTemplate":"https:\/\/radiolifefm.com.br\/noticias\/?s={search_term_string}"},"query-input":{"@type":"PropertyValueSpecification","valueRequired":true,"valueName":"search_term_string"}}],"inLanguage":"pt-BR"},{"@type":"Organization","@id":"https:\/\/radiolifefm.com.br\/noticias\/#organization","name":"R\u00e1dio Life FM","alternateName":"Life FM","url":"https:\/\/radiolifefm.com.br\/noticias\/","logo":{"@type":"ImageObject","inLanguage":"pt-BR","@id":"https:\/\/radiolifefm.com.br\/noticias\/#\/schema\/logo\/image\/","url":"https:\/\/static.radiolifefm.com.br\/noticias\/wp-content\/uploads\/2019\/10\/logo-lifefm.png","contentUrl":"https:\/\/static.radiolifefm.com.br\/noticias\/wp-content\/uploads\/2019\/10\/logo-lifefm.png","width":196,"height":47,"caption":"R\u00e1dio Life FM"},"image":{"@id":"https:\/\/radiolifefm.com.br\/noticias\/#\/schema\/logo\/image\/"},"sameAs":["https:\/\/www.facebook.com\/radiolifefm\/","https:\/\/www.instagram.com\/life1079fm\/"]},{"@type":"Person","@id":"https:\/\/radiolifefm.com.br\/noticias\/#\/schema\/person\/1d4e4b1301322090c6221bf1c8420490","name":"lifefm","image":{"@type":"ImageObject","inLanguage":"pt-BR","@id":"https:\/\/secure.gravatar.com\/avatar\/eca268467d925ec97d20641bb054fd944c0abb2f92854171620706bbe6474e7c?s=96&d=mm&r=g","url":"https:\/\/secure.gravatar.com\/avatar\/eca268467d925ec97d20641bb054fd944c0abb2f92854171620706bbe6474e7c?s=96&d=mm&r=g","contentUrl":"https:\/\/secure.gravatar.com\/avatar\/eca268467d925ec97d20641bb054fd944c0abb2f92854171620706bbe6474e7c?s=96&d=mm&r=g","caption":"lifefm"}}]}},"amp_enabled":true,"_links":{"self":[{"href":"https:\/\/radiolifefm.com.br\/noticias\/wp-json\/wp\/v2\/posts\/21423","targetHints":{"allow":["GET"]}}],"collection":[{"href":"https:\/\/radiolifefm.com.br\/noticias\/wp-json\/wp\/v2\/posts"}],"about":[{"href":"https:\/\/radiolifefm.com.br\/noticias\/wp-json\/wp\/v2\/types\/post"}],"author":[{"embeddable":true,"href":"https:\/\/radiolifefm.com.br\/noticias\/wp-json\/wp\/v2\/users\/3"}],"replies":[{"embeddable":true,"href":"https:\/\/radiolifefm.com.br\/noticias\/wp-json\/wp\/v2\/comments?post=21423"}],"version-history":[{"count":1,"href":"https:\/\/radiolifefm.com.br\/noticias\/wp-json\/wp\/v2\/posts\/21423\/revisions"}],"predecessor-version":[{"id":21426,"href":"https:\/\/radiolifefm.com.br\/noticias\/wp-json\/wp\/v2\/posts\/21423\/revisions\/21426"}],"wp:featuredmedia":[{"embeddable":true,"href":"https:\/\/radiolifefm.com.br\/noticias\/wp-json\/wp\/v2\/media\/21425"}],"wp:attachment":[{"href":"https:\/\/radiolifefm.com.br\/noticias\/wp-json\/wp\/v2\/media?parent=21423"}],"wp:term":[{"taxonomy":"category","embeddable":true,"href":"https:\/\/radiolifefm.com.br\/noticias\/wp-json\/wp\/v2\/categories?post=21423"},{"taxonomy":"post_tag","embeddable":true,"href":"https:\/\/radiolifefm.com.br\/noticias\/wp-json\/wp\/v2\/tags?post=21423"}],"curies":[{"name":"wp","href":"https:\/\/api.w.org\/{rel}","templated":true}]}}