{"id":21339,"date":"2020-03-18T11:42:28","date_gmt":"2020-03-18T14:42:28","guid":{"rendered":"https:\/\/radiolifefm.com.br\/noticias\/?p=21339"},"modified":"2024-08-21T06:37:06","modified_gmt":"2024-08-21T09:37:06","slug":"policiais-civis-de-presidente-prudente-prendem-em-flagrante-dupla-que-aplicava-golpes-na-regiao","status":"publish","type":"post","link":"https:\/\/radiolifefm.com.br\/noticias\/policiais-civis-de-presidente-prudente-prendem-em-flagrante-dupla-que-aplicava-golpes-na-regiao\/","title":{"rendered":"Policiais civis de Presidente Prudente, prendem em flagrante dupla que aplicava golpes na regi\u00e3o"},"content":{"rendered":"<div id=\"fb-root\"><\/div>\n<p><em>Os criminosos locavam ve\u00edculo, levavam o mesmo a outro Estado e de l\u00e1 para outro pa\u00eds e na sequencia registraram ocorr\u00eancia de roubo<\/em><\/p>\n<p>No \u00faltimo dia 12\/03 uma suposta v\u00edtima da cidade de Lut\u00e9cia-SP, locou um ve\u00edculo Fiat Toro em uma empresa no munic\u00edpio de Presidente Prudente e registrou ocorr\u00eancia relatando um crime de roubo, onde o ve\u00edculo locado teria sido levado por 2 criminosos, mediante amea\u00e7a e fazendo men\u00e7\u00e3o de estarem armados.<\/p>\n<p>Assim que foi registrada a ocorr\u00eancia, uma equipe da DIG &#8211; Presidente Prudente foi acionada e a Autoridade Policial respons\u00e1vel pelo caso, juntamente com policiais do servi\u00e7o de intelig\u00eancia iniciaram dilig\u00eancias no sentido de esclarecer o crime.<\/p>\n<p>A suposta v\u00edtima, contraditada pelas evid\u00eancias do trabalho de intelig\u00eancia policial, acabou por confessar que n\u00e3o se tratou de roubo e que foi contratada por outra pessoa para que realizasse a loca\u00e7\u00e3o do ve\u00edculo e o entregasse a ele.<\/p>\n<p>Essa segunda pessoa, identificada e localizada em Maraca\u00ed-SP, ap\u00f3s levantamentos nos contatos da suposta v\u00edtima, durante interrogat\u00f3rio, informou que o ve\u00edculo Fiat\/Toro j\u00e1 se encontra na Bol\u00edvia, vendido por R$ 20.000,00 e dividido entre eles.<\/p>\n<p>O tiroc\u00ednio dos policiais e o apoio do N\u00facleo de Intelig\u00eancia, contribuiu para a desarticula\u00e7\u00e3o de associa\u00e7\u00e3o criminosa com o envolvimento de outras pessoas, contra as quais est\u00e1 sendo representada pela decreta\u00e7\u00e3o de pris\u00e3o preventiva.<\/p>\n<p>Os dois investigados foram presos em flagrante por estelionato e associa\u00e7\u00e3o criminosa, sendo localizado e apreendido outro ve\u00edculo (Renaut\/Duster), que j\u00e1 estava locado e teria o mesmo fim do Fiat\/Toro,<\/p>\n<p>A Pol\u00edcia Civil investiga outros casos envolvendo a organiza\u00e7\u00e3o criminosa tendo como v\u00edtima locadoras e seguradoras de ve\u00edculo.<\/p>\n<p>&nbsp;<\/p>\n<p>Deinter &#8211; 8<\/p>\n","protected":false},"excerpt":{"rendered":"<p>Os criminosos locavam ve\u00edculo, levavam o mesmo a outro Estado e de l\u00e1 para outro pa\u00eds e na sequencia registraram ocorr\u00eancia de roubo No \u00faltimo dia 12\/03 uma suposta v\u00edtima da cidade de Lut\u00e9cia-SP, locou um ve\u00edculo Fiat Toro em uma empresa no munic\u00edpio de Presidente Prudente e registrou ocorr\u00eancia relatando um crime de roubo, [&hellip;]<\/p>\n","protected":false},"author":3,"featured_media":21340,"comment_status":"closed","ping_status":"open","sticky":false,"template":"","format":"standard","meta":{"_acf_changed":false,"_exactmetrics_skip_tracking":false,"_exactmetrics_sitenote_active":false,"_exactmetrics_sitenote_note":"","_exactmetrics_sitenote_category":0,"footnotes":""},"categories":[24],"tags":[],"class_list":["post-21339","post","type-post","status-publish","format-standard","has-post-thumbnail","hentry","category-regiao"],"acf":[],"yoast_head":"<!-- This site is optimized with the Yoast SEO plugin v27.2 - https:\/\/yoast.com\/product\/yoast-seo-wordpress\/ -->\n<title>Policiais civis de Presidente Prudente, prendem em flagrante dupla que aplicava golpes na regi\u00e3o - R\u00e1dio Life FM<\/title>\n<meta name=\"robots\" content=\"index, follow, max-snippet:-1, max-image-preview:large, max-video-preview:-1\" \/>\n<link rel=\"canonical\" href=\"https:\/\/radiolifefm.com.br\/noticias\/policiais-civis-de-presidente-prudente-prendem-em-flagrante-dupla-que-aplicava-golpes-na-regiao\/\" \/>\n<meta property=\"og:locale\" content=\"pt_BR\" \/>\n<meta property=\"og:type\" content=\"article\" \/>\n<meta property=\"og:title\" content=\"Policiais civis de Presidente Prudente, prendem em flagrante dupla que aplicava golpes na regi\u00e3o - R\u00e1dio Life FM\" \/>\n<meta property=\"og:description\" content=\"Os criminosos locavam ve\u00edculo, levavam o mesmo a outro Estado e de l\u00e1 para outro pa\u00eds e na sequencia registraram ocorr\u00eancia de roubo No \u00faltimo dia 12\/03 uma suposta v\u00edtima da cidade de Lut\u00e9cia-SP, locou um ve\u00edculo Fiat Toro em uma empresa no munic\u00edpio de Presidente Prudente e registrou ocorr\u00eancia relatando um crime de roubo, [&hellip;]\" \/>\n<meta property=\"og:url\" content=\"https:\/\/radiolifefm.com.br\/noticias\/policiais-civis-de-presidente-prudente-prendem-em-flagrante-dupla-que-aplicava-golpes-na-regiao\/\" \/>\n<meta property=\"og:site_name\" content=\"R\u00e1dio Life FM\" \/>\n<meta property=\"article:publisher\" content=\"https:\/\/www.facebook.com\/radiolifefm\/\" \/>\n<meta property=\"article:published_time\" content=\"2020-03-18T14:42:28+00:00\" \/>\n<meta property=\"article:modified_time\" content=\"2024-08-21T09:37:06+00:00\" \/>\n<meta property=\"og:image\" content=\"https:\/\/static.radiolifefm.com.br\/noticias\/wp-content\/uploads\/2020\/03\/Golpe-na-regi\u00e3o.jpg\" \/>\n\t<meta property=\"og:image:width\" content=\"1194\" \/>\n\t<meta property=\"og:image:height\" content=\"695\" \/>\n\t<meta property=\"og:image:type\" content=\"image\/jpeg\" \/>\n<meta name=\"author\" content=\"lifefm\" \/>\n<meta name=\"twitter:card\" content=\"summary_large_image\" \/>\n<meta name=\"twitter:label1\" content=\"Escrito por\" \/>\n\t<meta name=\"twitter:data1\" content=\"lifefm\" \/>\n\t<meta name=\"twitter:label2\" content=\"Est. tempo de leitura\" \/>\n\t<meta name=\"twitter:data2\" content=\"2 minutos\" \/>\n<script type=\"application\/ld+json\" class=\"yoast-schema-graph\">{\"@context\":\"https:\/\/schema.org\",\"@graph\":[{\"@type\":\"Article\",\"@id\":\"https:\/\/radiolifefm.com.br\/noticias\/policiais-civis-de-presidente-prudente-prendem-em-flagrante-dupla-que-aplicava-golpes-na-regiao\/#article\",\"isPartOf\":{\"@id\":\"https:\/\/radiolifefm.com.br\/noticias\/policiais-civis-de-presidente-prudente-prendem-em-flagrante-dupla-que-aplicava-golpes-na-regiao\/\"},\"author\":{\"name\":\"lifefm\",\"@id\":\"https:\/\/radiolifefm.com.br\/noticias\/#\/schema\/person\/1d4e4b1301322090c6221bf1c8420490\"},\"headline\":\"Policiais civis de Presidente Prudente, prendem em flagrante dupla que aplicava golpes na regi\u00e3o\",\"datePublished\":\"2020-03-18T14:42:28+00:00\",\"dateModified\":\"2024-08-21T09:37:06+00:00\",\"mainEntityOfPage\":{\"@id\":\"https:\/\/radiolifefm.com.br\/noticias\/policiais-civis-de-presidente-prudente-prendem-em-flagrante-dupla-que-aplicava-golpes-na-regiao\/\"},\"wordCount\":326,\"publisher\":{\"@id\":\"https:\/\/radiolifefm.com.br\/noticias\/#organization\"},\"image\":{\"@id\":\"https:\/\/radiolifefm.com.br\/noticias\/policiais-civis-de-presidente-prudente-prendem-em-flagrante-dupla-que-aplicava-golpes-na-regiao\/#primaryimage\"},\"thumbnailUrl\":\"https:\/\/radiolifefm.com.br\/noticias\/wp-content\/uploads\/2020\/03\/Golpe-na-regi\u00e3o.jpg\",\"articleSection\":[\"Regi\u00e3o\"],\"inLanguage\":\"pt-BR\"},{\"@type\":\"WebPage\",\"@id\":\"https:\/\/radiolifefm.com.br\/noticias\/policiais-civis-de-presidente-prudente-prendem-em-flagrante-dupla-que-aplicava-golpes-na-regiao\/\",\"url\":\"https:\/\/radiolifefm.com.br\/noticias\/policiais-civis-de-presidente-prudente-prendem-em-flagrante-dupla-que-aplicava-golpes-na-regiao\/\",\"name\":\"Policiais civis de Presidente Prudente, prendem em flagrante dupla que aplicava golpes na regi\u00e3o - R\u00e1dio Life FM\",\"isPartOf\":{\"@id\":\"https:\/\/radiolifefm.com.br\/noticias\/#website\"},\"primaryImageOfPage\":{\"@id\":\"https:\/\/radiolifefm.com.br\/noticias\/policiais-civis-de-presidente-prudente-prendem-em-flagrante-dupla-que-aplicava-golpes-na-regiao\/#primaryimage\"},\"image\":{\"@id\":\"https:\/\/radiolifefm.com.br\/noticias\/policiais-civis-de-presidente-prudente-prendem-em-flagrante-dupla-que-aplicava-golpes-na-regiao\/#primaryimage\"},\"thumbnailUrl\":\"https:\/\/radiolifefm.com.br\/noticias\/wp-content\/uploads\/2020\/03\/Golpe-na-regi\u00e3o.jpg\",\"datePublished\":\"2020-03-18T14:42:28+00:00\",\"dateModified\":\"2024-08-21T09:37:06+00:00\",\"breadcrumb\":{\"@id\":\"https:\/\/radiolifefm.com.br\/noticias\/policiais-civis-de-presidente-prudente-prendem-em-flagrante-dupla-que-aplicava-golpes-na-regiao\/#breadcrumb\"},\"inLanguage\":\"pt-BR\",\"potentialAction\":[{\"@type\":\"ReadAction\",\"target\":[\"https:\/\/radiolifefm.com.br\/noticias\/policiais-civis-de-presidente-prudente-prendem-em-flagrante-dupla-que-aplicava-golpes-na-regiao\/\"]}]},{\"@type\":\"ImageObject\",\"inLanguage\":\"pt-BR\",\"@id\":\"https:\/\/radiolifefm.com.br\/noticias\/policiais-civis-de-presidente-prudente-prendem-em-flagrante-dupla-que-aplicava-golpes-na-regiao\/#primaryimage\",\"url\":\"https:\/\/radiolifefm.com.br\/noticias\/wp-content\/uploads\/2020\/03\/Golpe-na-regi\u00e3o.jpg\",\"contentUrl\":\"https:\/\/radiolifefm.com.br\/noticias\/wp-content\/uploads\/2020\/03\/Golpe-na-regi\u00e3o.jpg\",\"width\":1194,\"height\":695},{\"@type\":\"BreadcrumbList\",\"@id\":\"https:\/\/radiolifefm.com.br\/noticias\/policiais-civis-de-presidente-prudente-prendem-em-flagrante-dupla-que-aplicava-golpes-na-regiao\/#breadcrumb\",\"itemListElement\":[{\"@type\":\"ListItem\",\"position\":1,\"name\":\"In\u00edcio\",\"item\":\"https:\/\/radiolifefm.com.br\/noticias\/\"},{\"@type\":\"ListItem\",\"position\":2,\"name\":\"Policiais civis de Presidente Prudente, prendem em flagrante dupla que aplicava golpes na regi\u00e3o\"}]},{\"@type\":\"WebSite\",\"@id\":\"https:\/\/radiolifefm.com.br\/noticias\/#website\",\"url\":\"https:\/\/radiolifefm.com.br\/noticias\/\",\"name\":\"R\u00e1dio Life FM\",\"description\":\"O Portal de Not\u00edcias de Adamantina\",\"publisher\":{\"@id\":\"https:\/\/radiolifefm.com.br\/noticias\/#organization\"},\"alternateName\":\"Life FM\",\"potentialAction\":[{\"@type\":\"SearchAction\",\"target\":{\"@type\":\"EntryPoint\",\"urlTemplate\":\"https:\/\/radiolifefm.com.br\/noticias\/?s={search_term_string}\"},\"query-input\":{\"@type\":\"PropertyValueSpecification\",\"valueRequired\":true,\"valueName\":\"search_term_string\"}}],\"inLanguage\":\"pt-BR\"},{\"@type\":\"Organization\",\"@id\":\"https:\/\/radiolifefm.com.br\/noticias\/#organization\",\"name\":\"R\u00e1dio Life FM\",\"alternateName\":\"Life FM\",\"url\":\"https:\/\/radiolifefm.com.br\/noticias\/\",\"logo\":{\"@type\":\"ImageObject\",\"inLanguage\":\"pt-BR\",\"@id\":\"https:\/\/radiolifefm.com.br\/noticias\/#\/schema\/logo\/image\/\",\"url\":\"https:\/\/static.radiolifefm.com.br\/noticias\/wp-content\/uploads\/2019\/10\/logo-lifefm.png\",\"contentUrl\":\"https:\/\/static.radiolifefm.com.br\/noticias\/wp-content\/uploads\/2019\/10\/logo-lifefm.png\",\"width\":196,\"height\":47,\"caption\":\"R\u00e1dio Life FM\"},\"image\":{\"@id\":\"https:\/\/radiolifefm.com.br\/noticias\/#\/schema\/logo\/image\/\"},\"sameAs\":[\"https:\/\/www.facebook.com\/radiolifefm\/\",\"https:\/\/www.instagram.com\/life1079fm\/\"]},{\"@type\":\"Person\",\"@id\":\"https:\/\/radiolifefm.com.br\/noticias\/#\/schema\/person\/1d4e4b1301322090c6221bf1c8420490\",\"name\":\"lifefm\",\"image\":{\"@type\":\"ImageObject\",\"inLanguage\":\"pt-BR\",\"@id\":\"https:\/\/secure.gravatar.com\/avatar\/eca268467d925ec97d20641bb054fd944c0abb2f92854171620706bbe6474e7c?s=96&d=mm&r=g\",\"url\":\"https:\/\/secure.gravatar.com\/avatar\/eca268467d925ec97d20641bb054fd944c0abb2f92854171620706bbe6474e7c?s=96&d=mm&r=g\",\"contentUrl\":\"https:\/\/secure.gravatar.com\/avatar\/eca268467d925ec97d20641bb054fd944c0abb2f92854171620706bbe6474e7c?s=96&d=mm&r=g\",\"caption\":\"lifefm\"}}]}<\/script>\n<!-- \/ Yoast SEO plugin. -->","yoast_head_json":{"title":"Policiais civis de Presidente Prudente, prendem em flagrante dupla que aplicava golpes na regi\u00e3o - R\u00e1dio Life FM","robots":{"index":"index","follow":"follow","max-snippet":"max-snippet:-1","max-image-preview":"max-image-preview:large","max-video-preview":"max-video-preview:-1"},"canonical":"https:\/\/radiolifefm.com.br\/noticias\/policiais-civis-de-presidente-prudente-prendem-em-flagrante-dupla-que-aplicava-golpes-na-regiao\/","og_locale":"pt_BR","og_type":"article","og_title":"Policiais civis de Presidente Prudente, prendem em flagrante dupla que aplicava golpes na regi\u00e3o - R\u00e1dio Life FM","og_description":"Os criminosos locavam ve\u00edculo, levavam o mesmo a outro Estado e de l\u00e1 para outro pa\u00eds e na sequencia registraram ocorr\u00eancia de roubo No \u00faltimo dia 12\/03 uma suposta v\u00edtima da cidade de Lut\u00e9cia-SP, locou um ve\u00edculo Fiat Toro em uma empresa no munic\u00edpio de Presidente Prudente e registrou ocorr\u00eancia relatando um crime de roubo, [&hellip;]","og_url":"https:\/\/radiolifefm.com.br\/noticias\/policiais-civis-de-presidente-prudente-prendem-em-flagrante-dupla-que-aplicava-golpes-na-regiao\/","og_site_name":"R\u00e1dio Life FM","article_publisher":"https:\/\/www.facebook.com\/radiolifefm\/","article_published_time":"2020-03-18T14:42:28+00:00","article_modified_time":"2024-08-21T09:37:06+00:00","og_image":[{"width":1194,"height":695,"url":"https:\/\/static.radiolifefm.com.br\/noticias\/wp-content\/uploads\/2020\/03\/Golpe-na-regi\u00e3o.jpg","type":"image\/jpeg"}],"author":"lifefm","twitter_card":"summary_large_image","twitter_misc":{"Escrito por":"lifefm","Est. tempo de leitura":"2 minutos"},"schema":{"@context":"https:\/\/schema.org","@graph":[{"@type":"Article","@id":"https:\/\/radiolifefm.com.br\/noticias\/policiais-civis-de-presidente-prudente-prendem-em-flagrante-dupla-que-aplicava-golpes-na-regiao\/#article","isPartOf":{"@id":"https:\/\/radiolifefm.com.br\/noticias\/policiais-civis-de-presidente-prudente-prendem-em-flagrante-dupla-que-aplicava-golpes-na-regiao\/"},"author":{"name":"lifefm","@id":"https:\/\/radiolifefm.com.br\/noticias\/#\/schema\/person\/1d4e4b1301322090c6221bf1c8420490"},"headline":"Policiais civis de Presidente Prudente, prendem em flagrante dupla que aplicava golpes na regi\u00e3o","datePublished":"2020-03-18T14:42:28+00:00","dateModified":"2024-08-21T09:37:06+00:00","mainEntityOfPage":{"@id":"https:\/\/radiolifefm.com.br\/noticias\/policiais-civis-de-presidente-prudente-prendem-em-flagrante-dupla-que-aplicava-golpes-na-regiao\/"},"wordCount":326,"publisher":{"@id":"https:\/\/radiolifefm.com.br\/noticias\/#organization"},"image":{"@id":"https:\/\/radiolifefm.com.br\/noticias\/policiais-civis-de-presidente-prudente-prendem-em-flagrante-dupla-que-aplicava-golpes-na-regiao\/#primaryimage"},"thumbnailUrl":"https:\/\/radiolifefm.com.br\/noticias\/wp-content\/uploads\/2020\/03\/Golpe-na-regi\u00e3o.jpg","articleSection":["Regi\u00e3o"],"inLanguage":"pt-BR"},{"@type":"WebPage","@id":"https:\/\/radiolifefm.com.br\/noticias\/policiais-civis-de-presidente-prudente-prendem-em-flagrante-dupla-que-aplicava-golpes-na-regiao\/","url":"https:\/\/radiolifefm.com.br\/noticias\/policiais-civis-de-presidente-prudente-prendem-em-flagrante-dupla-que-aplicava-golpes-na-regiao\/","name":"Policiais civis de Presidente Prudente, prendem em flagrante dupla que aplicava golpes na regi\u00e3o - R\u00e1dio Life FM","isPartOf":{"@id":"https:\/\/radiolifefm.com.br\/noticias\/#website"},"primaryImageOfPage":{"@id":"https:\/\/radiolifefm.com.br\/noticias\/policiais-civis-de-presidente-prudente-prendem-em-flagrante-dupla-que-aplicava-golpes-na-regiao\/#primaryimage"},"image":{"@id":"https:\/\/radiolifefm.com.br\/noticias\/policiais-civis-de-presidente-prudente-prendem-em-flagrante-dupla-que-aplicava-golpes-na-regiao\/#primaryimage"},"thumbnailUrl":"https:\/\/radiolifefm.com.br\/noticias\/wp-content\/uploads\/2020\/03\/Golpe-na-regi\u00e3o.jpg","datePublished":"2020-03-18T14:42:28+00:00","dateModified":"2024-08-21T09:37:06+00:00","breadcrumb":{"@id":"https:\/\/radiolifefm.com.br\/noticias\/policiais-civis-de-presidente-prudente-prendem-em-flagrante-dupla-que-aplicava-golpes-na-regiao\/#breadcrumb"},"inLanguage":"pt-BR","potentialAction":[{"@type":"ReadAction","target":["https:\/\/radiolifefm.com.br\/noticias\/policiais-civis-de-presidente-prudente-prendem-em-flagrante-dupla-que-aplicava-golpes-na-regiao\/"]}]},{"@type":"ImageObject","inLanguage":"pt-BR","@id":"https:\/\/radiolifefm.com.br\/noticias\/policiais-civis-de-presidente-prudente-prendem-em-flagrante-dupla-que-aplicava-golpes-na-regiao\/#primaryimage","url":"https:\/\/radiolifefm.com.br\/noticias\/wp-content\/uploads\/2020\/03\/Golpe-na-regi\u00e3o.jpg","contentUrl":"https:\/\/radiolifefm.com.br\/noticias\/wp-content\/uploads\/2020\/03\/Golpe-na-regi\u00e3o.jpg","width":1194,"height":695},{"@type":"BreadcrumbList","@id":"https:\/\/radiolifefm.com.br\/noticias\/policiais-civis-de-presidente-prudente-prendem-em-flagrante-dupla-que-aplicava-golpes-na-regiao\/#breadcrumb","itemListElement":[{"@type":"ListItem","position":1,"name":"In\u00edcio","item":"https:\/\/radiolifefm.com.br\/noticias\/"},{"@type":"ListItem","position":2,"name":"Policiais civis de Presidente Prudente, prendem em flagrante dupla que aplicava golpes na regi\u00e3o"}]},{"@type":"WebSite","@id":"https:\/\/radiolifefm.com.br\/noticias\/#website","url":"https:\/\/radiolifefm.com.br\/noticias\/","name":"R\u00e1dio Life FM","description":"O Portal de Not\u00edcias de Adamantina","publisher":{"@id":"https:\/\/radiolifefm.com.br\/noticias\/#organization"},"alternateName":"Life FM","potentialAction":[{"@type":"SearchAction","target":{"@type":"EntryPoint","urlTemplate":"https:\/\/radiolifefm.com.br\/noticias\/?s={search_term_string}"},"query-input":{"@type":"PropertyValueSpecification","valueRequired":true,"valueName":"search_term_string"}}],"inLanguage":"pt-BR"},{"@type":"Organization","@id":"https:\/\/radiolifefm.com.br\/noticias\/#organization","name":"R\u00e1dio Life FM","alternateName":"Life FM","url":"https:\/\/radiolifefm.com.br\/noticias\/","logo":{"@type":"ImageObject","inLanguage":"pt-BR","@id":"https:\/\/radiolifefm.com.br\/noticias\/#\/schema\/logo\/image\/","url":"https:\/\/static.radiolifefm.com.br\/noticias\/wp-content\/uploads\/2019\/10\/logo-lifefm.png","contentUrl":"https:\/\/static.radiolifefm.com.br\/noticias\/wp-content\/uploads\/2019\/10\/logo-lifefm.png","width":196,"height":47,"caption":"R\u00e1dio Life FM"},"image":{"@id":"https:\/\/radiolifefm.com.br\/noticias\/#\/schema\/logo\/image\/"},"sameAs":["https:\/\/www.facebook.com\/radiolifefm\/","https:\/\/www.instagram.com\/life1079fm\/"]},{"@type":"Person","@id":"https:\/\/radiolifefm.com.br\/noticias\/#\/schema\/person\/1d4e4b1301322090c6221bf1c8420490","name":"lifefm","image":{"@type":"ImageObject","inLanguage":"pt-BR","@id":"https:\/\/secure.gravatar.com\/avatar\/eca268467d925ec97d20641bb054fd944c0abb2f92854171620706bbe6474e7c?s=96&d=mm&r=g","url":"https:\/\/secure.gravatar.com\/avatar\/eca268467d925ec97d20641bb054fd944c0abb2f92854171620706bbe6474e7c?s=96&d=mm&r=g","contentUrl":"https:\/\/secure.gravatar.com\/avatar\/eca268467d925ec97d20641bb054fd944c0abb2f92854171620706bbe6474e7c?s=96&d=mm&r=g","caption":"lifefm"}}]}},"amp_enabled":true,"_links":{"self":[{"href":"https:\/\/radiolifefm.com.br\/noticias\/wp-json\/wp\/v2\/posts\/21339","targetHints":{"allow":["GET"]}}],"collection":[{"href":"https:\/\/radiolifefm.com.br\/noticias\/wp-json\/wp\/v2\/posts"}],"about":[{"href":"https:\/\/radiolifefm.com.br\/noticias\/wp-json\/wp\/v2\/types\/post"}],"author":[{"embeddable":true,"href":"https:\/\/radiolifefm.com.br\/noticias\/wp-json\/wp\/v2\/users\/3"}],"replies":[{"embeddable":true,"href":"https:\/\/radiolifefm.com.br\/noticias\/wp-json\/wp\/v2\/comments?post=21339"}],"version-history":[{"count":2,"href":"https:\/\/radiolifefm.com.br\/noticias\/wp-json\/wp\/v2\/posts\/21339\/revisions"}],"predecessor-version":[{"id":21342,"href":"https:\/\/radiolifefm.com.br\/noticias\/wp-json\/wp\/v2\/posts\/21339\/revisions\/21342"}],"wp:featuredmedia":[{"embeddable":true,"href":"https:\/\/radiolifefm.com.br\/noticias\/wp-json\/wp\/v2\/media\/21340"}],"wp:attachment":[{"href":"https:\/\/radiolifefm.com.br\/noticias\/wp-json\/wp\/v2\/media?parent=21339"}],"wp:term":[{"taxonomy":"category","embeddable":true,"href":"https:\/\/radiolifefm.com.br\/noticias\/wp-json\/wp\/v2\/categories?post=21339"},{"taxonomy":"post_tag","embeddable":true,"href":"https:\/\/radiolifefm.com.br\/noticias\/wp-json\/wp\/v2\/tags?post=21339"}],"curies":[{"name":"wp","href":"https:\/\/api.w.org\/{rel}","templated":true}]}}