{"id":21314,"date":"2020-03-18T08:44:06","date_gmt":"2020-03-18T11:44:06","guid":{"rendered":"https:\/\/radiolifefm.com.br\/noticias\/?p=21314"},"modified":"2026-03-27T11:30:44","modified_gmt":"2026-03-27T14:30:44","slug":"pedestres-x-veiculos-cidadania-e-poder-publico-sergio-barbosa-opiniao","status":"publish","type":"post","link":"https:\/\/radiolifefm.com.br\/noticias\/pedestres-x-veiculos-cidadania-e-poder-publico-sergio-barbosa-opiniao\/","title":{"rendered":"Pedestres X Ve\u00edculos: Cidadania e Poder P\u00fablico! &#8211; S\u00e9rgio Barbosa &#8211; Opini\u00e3o"},"content":{"rendered":"<div id=\"fb-root\"><\/div>\n<p><strong>Pedestres X Ve\u00edculos: Cidadania e Poder P\u00fablico!<\/strong><\/p>\n<p><em>\u201cSomos todos \u00e1gua, de diferentes rios, por isso, \u00e9 t\u00e3o f\u00e1cil se encontrar&#8230;\u201d (John Ono Lennon)<\/em><br \/>\n<em>S\u00e9rgio Barbosa (*)<\/em><\/p>\n<p>Como ocorre em todas as cidades deste Pa\u00eds na \u00e1rea urbana, quando os motoristas com seus ve\u00edculos transitam nas idas e vindas deste lugar para outro local, tamb\u00e9m, para lugar nenhum, o confronto \u00e9 sempre o mesmo, ou seja, \u201cpedestres x ve\u00edculos\u201d&#8230;<\/p>\n<p>Na regi\u00e3o central das cidades, pode-se observar e at\u00e9 participar \u201cin loco\u201d destes desencontros, quando pedestres desobedecem \u00e0 sinaliza\u00e7\u00e3o e outros sinais visando \u00e0 preven\u00e7\u00e3o de acidentes, bem como, motoristas que ficam devendo em todos os quesitos que a \u201ccarteira de habilita\u00e7\u00e3o\u201d exige ao ser aprovado nas etapas te\u00f3ricas e pr\u00e1tica para receber a \u201cautoriza\u00e7\u00e3o\u201d de condu\u00e7\u00e3o de autom\u00f3veis, caminh\u00f5es, \u00f4nibus, motos e outros&#8230;<\/p>\n<p>Tamb\u00e9m, outros fatores acabam complicando as a\u00e7\u00f5es visando o comportamento dos dois ou mais lados neste confronto nas ruas, ladeiras e avenidas provincianas, pois, \u00e9 mais do que necess\u00e1rio o compromisso com a \u201ccidadania\u201d, isso serve para todas as \u00e1reas quando envolve a sociedade nos espa\u00e7os urbano e rural&#8230;<\/p>\n<p>As estat\u00edsticas sobre acidentes com ve\u00edculos e pedestres, demonstram o quanto a preven\u00e7\u00e3o \u00e9 importante em todos os casos destes ocasos, portanto, torna-se uma quest\u00e3o priorit\u00e1ria que o poder p\u00fablico desenvolva com urg\u00eancia, pol\u00edticas para o problema em pauta&#8230;<\/p>\n<p>Uma das alternativas seriam a promo\u00e7\u00e3o e execu\u00e7\u00e3o de Campanhas, antes, por\u00e9m, a execu\u00e7\u00e3o de uma Pesquisa de Mercado poderia levantar todos os problemas envolvendo: pedestres, motoristas, zona azul e outros&#8230;<\/p>\n<p>O que n\u00e3o pode continuar \u00e9 o descaso ou \u201cfingir\u201d que est\u00e1 tudo em \u201cordem\u201d, quando na realidade \u00e9 a \u201cdesordem\u201d que impera nas ruas e avenidas da cidade, haja vista o movimento de ve\u00edculos em diversos hor\u00e1rios que circulam pela regi\u00e3o central da Prov\u00edncia&#8230;<\/p>\n<p>Como afirma a frase: \u201cmelhor prevenir do que remediar\u201d, al\u00e9m do mais ou de menos e dependendo dos fatos e interesses em jogo, todavia, a conviv\u00eancia entre pedestres, motos, bicicletas e ve\u00edculos devem ser mediadas pelo compromisso com a cidadania&#8230;<\/p>\n<div class='flex flex-wrap items-center -mx-1'>\r\n<a class='thumbnail gallery p-1 w-1\/2 md:w-1\/4' href='https:\/\/radiolifefm.com.br\/noticias\/wp-content\/uploads\/2020\/03\/SEBAR-1-2.jpg'><img class='border border-white' src='https:\/\/radiolifefm.com.br\/noticias\/wp-content\/uploads\/2020\/03\/SEBAR-1-2-200x200.jpg' alt='SEBAR   1' \/><\/a><a class='thumbnail gallery p-1 w-1\/2 md:w-1\/4' href='https:\/\/radiolifefm.com.br\/noticias\/wp-content\/uploads\/2020\/03\/SEBAR-2-2.jpg'><img class='border border-white' src='https:\/\/radiolifefm.com.br\/noticias\/wp-content\/uploads\/2020\/03\/SEBAR-2-2-200x200.jpg' alt='SEBAR   2' \/><\/a><a class='thumbnail gallery p-1 w-1\/2 md:w-1\/4' href='https:\/\/radiolifefm.com.br\/noticias\/wp-content\/uploads\/2020\/03\/sebar-4.jpg'><img class='border border-white' src='https:\/\/radiolifefm.com.br\/noticias\/wp-content\/uploads\/2020\/03\/sebar-4-200x200.jpg' alt='Sebar' \/><\/a><\/div>\n<p>________________________________<br \/>\n(*) Jornalista diplomado e professor universit\u00e1rio.<\/p>\n","protected":false},"excerpt":{"rendered":"<p>Pedestres X Ve\u00edculos: Cidadania e Poder P\u00fablico! \u201cSomos todos \u00e1gua, de diferentes rios, por isso, \u00e9 t\u00e3o f\u00e1cil se encontrar&#8230;\u201d (John Ono Lennon) S\u00e9rgio Barbosa (*) Como ocorre em todas as cidades deste Pa\u00eds na \u00e1rea urbana, quando os motoristas com seus ve\u00edculos transitam nas idas e vindas deste lugar para outro local, tamb\u00e9m, para [&hellip;]<\/p>\n","protected":false},"author":3,"featured_media":21317,"comment_status":"closed","ping_status":"open","sticky":false,"template":"","format":"standard","meta":{"_acf_changed":false,"_exactmetrics_skip_tracking":false,"_exactmetrics_sitenote_active":false,"_exactmetrics_sitenote_note":"","_exactmetrics_sitenote_category":0,"footnotes":""},"categories":[59],"tags":[],"class_list":["post-21314","post","type-post","status-publish","format-standard","has-post-thumbnail","hentry","category-opiniao"],"acf":[],"yoast_head":"<!-- This site is optimized with the Yoast SEO plugin v27.2 - https:\/\/yoast.com\/product\/yoast-seo-wordpress\/ -->\n<title>Pedestres X Ve\u00edculos: Cidadania e Poder P\u00fablico! - S\u00e9rgio Barbosa - Opini\u00e3o - R\u00e1dio Life FM<\/title>\n<meta name=\"robots\" content=\"index, follow, max-snippet:-1, max-image-preview:large, max-video-preview:-1\" \/>\n<link rel=\"canonical\" href=\"https:\/\/radiolifefm.com.br\/noticias\/pedestres-x-veiculos-cidadania-e-poder-publico-sergio-barbosa-opiniao\/\" \/>\n<meta property=\"og:locale\" content=\"pt_BR\" \/>\n<meta property=\"og:type\" content=\"article\" \/>\n<meta property=\"og:title\" content=\"Pedestres X Ve\u00edculos: Cidadania e Poder P\u00fablico! - S\u00e9rgio Barbosa - Opini\u00e3o - R\u00e1dio Life FM\" \/>\n<meta property=\"og:description\" content=\"Pedestres X Ve\u00edculos: Cidadania e Poder P\u00fablico! \u201cSomos todos \u00e1gua, de diferentes rios, por isso, \u00e9 t\u00e3o f\u00e1cil se encontrar&#8230;\u201d (John Ono Lennon) S\u00e9rgio Barbosa (*) Como ocorre em todas as cidades deste Pa\u00eds na \u00e1rea urbana, quando os motoristas com seus ve\u00edculos transitam nas idas e vindas deste lugar para outro local, tamb\u00e9m, para [&hellip;]\" \/>\n<meta property=\"og:url\" content=\"https:\/\/radiolifefm.com.br\/noticias\/pedestres-x-veiculos-cidadania-e-poder-publico-sergio-barbosa-opiniao\/\" \/>\n<meta property=\"og:site_name\" content=\"R\u00e1dio Life FM\" \/>\n<meta property=\"article:publisher\" content=\"https:\/\/www.facebook.com\/radiolifefm\/\" \/>\n<meta property=\"article:published_time\" content=\"2020-03-18T11:44:06+00:00\" \/>\n<meta property=\"article:modified_time\" content=\"2026-03-27T14:30:44+00:00\" \/>\n<meta property=\"og:image\" content=\"https:\/\/radiolifefm.com.br\/noticias\/wp-content\/uploads\/2020\/03\/sebar-4.jpg\" \/>\n\t<meta property=\"og:image:width\" content=\"1920\" \/>\n\t<meta property=\"og:image:height\" content=\"1080\" \/>\n\t<meta property=\"og:image:type\" content=\"image\/jpeg\" \/>\n<meta name=\"author\" content=\"lifefm\" \/>\n<meta name=\"twitter:card\" content=\"summary_large_image\" \/>\n<meta name=\"twitter:label1\" content=\"Escrito por\" \/>\n\t<meta name=\"twitter:data1\" content=\"lifefm\" \/>\n\t<meta name=\"twitter:label2\" content=\"Est. tempo de leitura\" \/>\n\t<meta name=\"twitter:data2\" content=\"2 minutos\" \/>\n<script type=\"application\/ld+json\" class=\"yoast-schema-graph\">{\"@context\":\"https:\/\/schema.org\",\"@graph\":[{\"@type\":\"Article\",\"@id\":\"https:\/\/radiolifefm.com.br\/noticias\/pedestres-x-veiculos-cidadania-e-poder-publico-sergio-barbosa-opiniao\/#article\",\"isPartOf\":{\"@id\":\"https:\/\/radiolifefm.com.br\/noticias\/pedestres-x-veiculos-cidadania-e-poder-publico-sergio-barbosa-opiniao\/\"},\"author\":{\"name\":\"lifefm\",\"@id\":\"https:\/\/radiolifefm.com.br\/noticias\/#\/schema\/person\/1d4e4b1301322090c6221bf1c8420490\"},\"headline\":\"Pedestres X Ve\u00edculos: Cidadania e Poder P\u00fablico! &#8211; S\u00e9rgio Barbosa &#8211; Opini\u00e3o\",\"datePublished\":\"2020-03-18T11:44:06+00:00\",\"dateModified\":\"2026-03-27T14:30:44+00:00\",\"mainEntityOfPage\":{\"@id\":\"https:\/\/radiolifefm.com.br\/noticias\/pedestres-x-veiculos-cidadania-e-poder-publico-sergio-barbosa-opiniao\/\"},\"wordCount\":394,\"publisher\":{\"@id\":\"https:\/\/radiolifefm.com.br\/noticias\/#organization\"},\"image\":{\"@id\":\"https:\/\/radiolifefm.com.br\/noticias\/pedestres-x-veiculos-cidadania-e-poder-publico-sergio-barbosa-opiniao\/#primaryimage\"},\"thumbnailUrl\":\"https:\/\/radiolifefm.com.br\/noticias\/wp-content\/uploads\/2020\/03\/sebar-4.jpg\",\"articleSection\":[\"Opini\u00e3o\"],\"inLanguage\":\"pt-BR\"},{\"@type\":\"WebPage\",\"@id\":\"https:\/\/radiolifefm.com.br\/noticias\/pedestres-x-veiculos-cidadania-e-poder-publico-sergio-barbosa-opiniao\/\",\"url\":\"https:\/\/radiolifefm.com.br\/noticias\/pedestres-x-veiculos-cidadania-e-poder-publico-sergio-barbosa-opiniao\/\",\"name\":\"Pedestres X Ve\u00edculos: Cidadania e Poder P\u00fablico! - S\u00e9rgio Barbosa - Opini\u00e3o - R\u00e1dio Life FM\",\"isPartOf\":{\"@id\":\"https:\/\/radiolifefm.com.br\/noticias\/#website\"},\"primaryImageOfPage\":{\"@id\":\"https:\/\/radiolifefm.com.br\/noticias\/pedestres-x-veiculos-cidadania-e-poder-publico-sergio-barbosa-opiniao\/#primaryimage\"},\"image\":{\"@id\":\"https:\/\/radiolifefm.com.br\/noticias\/pedestres-x-veiculos-cidadania-e-poder-publico-sergio-barbosa-opiniao\/#primaryimage\"},\"thumbnailUrl\":\"https:\/\/radiolifefm.com.br\/noticias\/wp-content\/uploads\/2020\/03\/sebar-4.jpg\",\"datePublished\":\"2020-03-18T11:44:06+00:00\",\"dateModified\":\"2026-03-27T14:30:44+00:00\",\"breadcrumb\":{\"@id\":\"https:\/\/radiolifefm.com.br\/noticias\/pedestres-x-veiculos-cidadania-e-poder-publico-sergio-barbosa-opiniao\/#breadcrumb\"},\"inLanguage\":\"pt-BR\",\"potentialAction\":[{\"@type\":\"ReadAction\",\"target\":[\"https:\/\/radiolifefm.com.br\/noticias\/pedestres-x-veiculos-cidadania-e-poder-publico-sergio-barbosa-opiniao\/\"]}]},{\"@type\":\"ImageObject\",\"inLanguage\":\"pt-BR\",\"@id\":\"https:\/\/radiolifefm.com.br\/noticias\/pedestres-x-veiculos-cidadania-e-poder-publico-sergio-barbosa-opiniao\/#primaryimage\",\"url\":\"https:\/\/radiolifefm.com.br\/noticias\/wp-content\/uploads\/2020\/03\/sebar-4.jpg\",\"contentUrl\":\"https:\/\/radiolifefm.com.br\/noticias\/wp-content\/uploads\/2020\/03\/sebar-4.jpg\",\"width\":1920,\"height\":1080},{\"@type\":\"BreadcrumbList\",\"@id\":\"https:\/\/radiolifefm.com.br\/noticias\/pedestres-x-veiculos-cidadania-e-poder-publico-sergio-barbosa-opiniao\/#breadcrumb\",\"itemListElement\":[{\"@type\":\"ListItem\",\"position\":1,\"name\":\"In\u00edcio\",\"item\":\"https:\/\/radiolifefm.com.br\/noticias\/\"},{\"@type\":\"ListItem\",\"position\":2,\"name\":\"Pedestres X Ve\u00edculos: Cidadania e Poder P\u00fablico! &#8211; S\u00e9rgio Barbosa &#8211; Opini\u00e3o\"}]},{\"@type\":\"WebSite\",\"@id\":\"https:\/\/radiolifefm.com.br\/noticias\/#website\",\"url\":\"https:\/\/radiolifefm.com.br\/noticias\/\",\"name\":\"R\u00e1dio Life FM\",\"description\":\"O Portal de Not\u00edcias de Adamantina\",\"publisher\":{\"@id\":\"https:\/\/radiolifefm.com.br\/noticias\/#organization\"},\"alternateName\":\"Life FM\",\"potentialAction\":[{\"@type\":\"SearchAction\",\"target\":{\"@type\":\"EntryPoint\",\"urlTemplate\":\"https:\/\/radiolifefm.com.br\/noticias\/?s={search_term_string}\"},\"query-input\":{\"@type\":\"PropertyValueSpecification\",\"valueRequired\":true,\"valueName\":\"search_term_string\"}}],\"inLanguage\":\"pt-BR\"},{\"@type\":\"Organization\",\"@id\":\"https:\/\/radiolifefm.com.br\/noticias\/#organization\",\"name\":\"R\u00e1dio Life FM\",\"alternateName\":\"Life FM\",\"url\":\"https:\/\/radiolifefm.com.br\/noticias\/\",\"logo\":{\"@type\":\"ImageObject\",\"inLanguage\":\"pt-BR\",\"@id\":\"https:\/\/radiolifefm.com.br\/noticias\/#\/schema\/logo\/image\/\",\"url\":\"https:\/\/static.radiolifefm.com.br\/noticias\/wp-content\/uploads\/2019\/10\/logo-lifefm.png\",\"contentUrl\":\"https:\/\/static.radiolifefm.com.br\/noticias\/wp-content\/uploads\/2019\/10\/logo-lifefm.png\",\"width\":196,\"height\":47,\"caption\":\"R\u00e1dio Life FM\"},\"image\":{\"@id\":\"https:\/\/radiolifefm.com.br\/noticias\/#\/schema\/logo\/image\/\"},\"sameAs\":[\"https:\/\/www.facebook.com\/radiolifefm\/\",\"https:\/\/www.instagram.com\/life1079fm\/\"]},{\"@type\":\"Person\",\"@id\":\"https:\/\/radiolifefm.com.br\/noticias\/#\/schema\/person\/1d4e4b1301322090c6221bf1c8420490\",\"name\":\"lifefm\",\"image\":{\"@type\":\"ImageObject\",\"inLanguage\":\"pt-BR\",\"@id\":\"https:\/\/secure.gravatar.com\/avatar\/eca268467d925ec97d20641bb054fd944c0abb2f92854171620706bbe6474e7c?s=96&d=mm&r=g\",\"url\":\"https:\/\/secure.gravatar.com\/avatar\/eca268467d925ec97d20641bb054fd944c0abb2f92854171620706bbe6474e7c?s=96&d=mm&r=g\",\"contentUrl\":\"https:\/\/secure.gravatar.com\/avatar\/eca268467d925ec97d20641bb054fd944c0abb2f92854171620706bbe6474e7c?s=96&d=mm&r=g\",\"caption\":\"lifefm\"}}]}<\/script>\n<!-- \/ Yoast SEO plugin. -->","yoast_head_json":{"title":"Pedestres X Ve\u00edculos: Cidadania e Poder P\u00fablico! - S\u00e9rgio Barbosa - Opini\u00e3o - R\u00e1dio Life FM","robots":{"index":"index","follow":"follow","max-snippet":"max-snippet:-1","max-image-preview":"max-image-preview:large","max-video-preview":"max-video-preview:-1"},"canonical":"https:\/\/radiolifefm.com.br\/noticias\/pedestres-x-veiculos-cidadania-e-poder-publico-sergio-barbosa-opiniao\/","og_locale":"pt_BR","og_type":"article","og_title":"Pedestres X Ve\u00edculos: Cidadania e Poder P\u00fablico! - S\u00e9rgio Barbosa - Opini\u00e3o - R\u00e1dio Life FM","og_description":"Pedestres X Ve\u00edculos: Cidadania e Poder P\u00fablico! \u201cSomos todos \u00e1gua, de diferentes rios, por isso, \u00e9 t\u00e3o f\u00e1cil se encontrar&#8230;\u201d (John Ono Lennon) S\u00e9rgio Barbosa (*) Como ocorre em todas as cidades deste Pa\u00eds na \u00e1rea urbana, quando os motoristas com seus ve\u00edculos transitam nas idas e vindas deste lugar para outro local, tamb\u00e9m, para [&hellip;]","og_url":"https:\/\/radiolifefm.com.br\/noticias\/pedestres-x-veiculos-cidadania-e-poder-publico-sergio-barbosa-opiniao\/","og_site_name":"R\u00e1dio Life FM","article_publisher":"https:\/\/www.facebook.com\/radiolifefm\/","article_published_time":"2020-03-18T11:44:06+00:00","article_modified_time":"2026-03-27T14:30:44+00:00","og_image":[{"width":1920,"height":1080,"url":"https:\/\/radiolifefm.com.br\/noticias\/wp-content\/uploads\/2020\/03\/sebar-4.jpg","type":"image\/jpeg"}],"author":"lifefm","twitter_card":"summary_large_image","twitter_misc":{"Escrito por":"lifefm","Est. tempo de leitura":"2 minutos"},"schema":{"@context":"https:\/\/schema.org","@graph":[{"@type":"Article","@id":"https:\/\/radiolifefm.com.br\/noticias\/pedestres-x-veiculos-cidadania-e-poder-publico-sergio-barbosa-opiniao\/#article","isPartOf":{"@id":"https:\/\/radiolifefm.com.br\/noticias\/pedestres-x-veiculos-cidadania-e-poder-publico-sergio-barbosa-opiniao\/"},"author":{"name":"lifefm","@id":"https:\/\/radiolifefm.com.br\/noticias\/#\/schema\/person\/1d4e4b1301322090c6221bf1c8420490"},"headline":"Pedestres X Ve\u00edculos: Cidadania e Poder P\u00fablico! &#8211; S\u00e9rgio Barbosa &#8211; Opini\u00e3o","datePublished":"2020-03-18T11:44:06+00:00","dateModified":"2026-03-27T14:30:44+00:00","mainEntityOfPage":{"@id":"https:\/\/radiolifefm.com.br\/noticias\/pedestres-x-veiculos-cidadania-e-poder-publico-sergio-barbosa-opiniao\/"},"wordCount":394,"publisher":{"@id":"https:\/\/radiolifefm.com.br\/noticias\/#organization"},"image":{"@id":"https:\/\/radiolifefm.com.br\/noticias\/pedestres-x-veiculos-cidadania-e-poder-publico-sergio-barbosa-opiniao\/#primaryimage"},"thumbnailUrl":"https:\/\/radiolifefm.com.br\/noticias\/wp-content\/uploads\/2020\/03\/sebar-4.jpg","articleSection":["Opini\u00e3o"],"inLanguage":"pt-BR"},{"@type":"WebPage","@id":"https:\/\/radiolifefm.com.br\/noticias\/pedestres-x-veiculos-cidadania-e-poder-publico-sergio-barbosa-opiniao\/","url":"https:\/\/radiolifefm.com.br\/noticias\/pedestres-x-veiculos-cidadania-e-poder-publico-sergio-barbosa-opiniao\/","name":"Pedestres X Ve\u00edculos: Cidadania e Poder P\u00fablico! - S\u00e9rgio Barbosa - Opini\u00e3o - R\u00e1dio Life FM","isPartOf":{"@id":"https:\/\/radiolifefm.com.br\/noticias\/#website"},"primaryImageOfPage":{"@id":"https:\/\/radiolifefm.com.br\/noticias\/pedestres-x-veiculos-cidadania-e-poder-publico-sergio-barbosa-opiniao\/#primaryimage"},"image":{"@id":"https:\/\/radiolifefm.com.br\/noticias\/pedestres-x-veiculos-cidadania-e-poder-publico-sergio-barbosa-opiniao\/#primaryimage"},"thumbnailUrl":"https:\/\/radiolifefm.com.br\/noticias\/wp-content\/uploads\/2020\/03\/sebar-4.jpg","datePublished":"2020-03-18T11:44:06+00:00","dateModified":"2026-03-27T14:30:44+00:00","breadcrumb":{"@id":"https:\/\/radiolifefm.com.br\/noticias\/pedestres-x-veiculos-cidadania-e-poder-publico-sergio-barbosa-opiniao\/#breadcrumb"},"inLanguage":"pt-BR","potentialAction":[{"@type":"ReadAction","target":["https:\/\/radiolifefm.com.br\/noticias\/pedestres-x-veiculos-cidadania-e-poder-publico-sergio-barbosa-opiniao\/"]}]},{"@type":"ImageObject","inLanguage":"pt-BR","@id":"https:\/\/radiolifefm.com.br\/noticias\/pedestres-x-veiculos-cidadania-e-poder-publico-sergio-barbosa-opiniao\/#primaryimage","url":"https:\/\/radiolifefm.com.br\/noticias\/wp-content\/uploads\/2020\/03\/sebar-4.jpg","contentUrl":"https:\/\/radiolifefm.com.br\/noticias\/wp-content\/uploads\/2020\/03\/sebar-4.jpg","width":1920,"height":1080},{"@type":"BreadcrumbList","@id":"https:\/\/radiolifefm.com.br\/noticias\/pedestres-x-veiculos-cidadania-e-poder-publico-sergio-barbosa-opiniao\/#breadcrumb","itemListElement":[{"@type":"ListItem","position":1,"name":"In\u00edcio","item":"https:\/\/radiolifefm.com.br\/noticias\/"},{"@type":"ListItem","position":2,"name":"Pedestres X Ve\u00edculos: Cidadania e Poder P\u00fablico! &#8211; S\u00e9rgio Barbosa &#8211; Opini\u00e3o"}]},{"@type":"WebSite","@id":"https:\/\/radiolifefm.com.br\/noticias\/#website","url":"https:\/\/radiolifefm.com.br\/noticias\/","name":"R\u00e1dio Life FM","description":"O Portal de Not\u00edcias de Adamantina","publisher":{"@id":"https:\/\/radiolifefm.com.br\/noticias\/#organization"},"alternateName":"Life FM","potentialAction":[{"@type":"SearchAction","target":{"@type":"EntryPoint","urlTemplate":"https:\/\/radiolifefm.com.br\/noticias\/?s={search_term_string}"},"query-input":{"@type":"PropertyValueSpecification","valueRequired":true,"valueName":"search_term_string"}}],"inLanguage":"pt-BR"},{"@type":"Organization","@id":"https:\/\/radiolifefm.com.br\/noticias\/#organization","name":"R\u00e1dio Life FM","alternateName":"Life FM","url":"https:\/\/radiolifefm.com.br\/noticias\/","logo":{"@type":"ImageObject","inLanguage":"pt-BR","@id":"https:\/\/radiolifefm.com.br\/noticias\/#\/schema\/logo\/image\/","url":"https:\/\/static.radiolifefm.com.br\/noticias\/wp-content\/uploads\/2019\/10\/logo-lifefm.png","contentUrl":"https:\/\/static.radiolifefm.com.br\/noticias\/wp-content\/uploads\/2019\/10\/logo-lifefm.png","width":196,"height":47,"caption":"R\u00e1dio Life FM"},"image":{"@id":"https:\/\/radiolifefm.com.br\/noticias\/#\/schema\/logo\/image\/"},"sameAs":["https:\/\/www.facebook.com\/radiolifefm\/","https:\/\/www.instagram.com\/life1079fm\/"]},{"@type":"Person","@id":"https:\/\/radiolifefm.com.br\/noticias\/#\/schema\/person\/1d4e4b1301322090c6221bf1c8420490","name":"lifefm","image":{"@type":"ImageObject","inLanguage":"pt-BR","@id":"https:\/\/secure.gravatar.com\/avatar\/eca268467d925ec97d20641bb054fd944c0abb2f92854171620706bbe6474e7c?s=96&d=mm&r=g","url":"https:\/\/secure.gravatar.com\/avatar\/eca268467d925ec97d20641bb054fd944c0abb2f92854171620706bbe6474e7c?s=96&d=mm&r=g","contentUrl":"https:\/\/secure.gravatar.com\/avatar\/eca268467d925ec97d20641bb054fd944c0abb2f92854171620706bbe6474e7c?s=96&d=mm&r=g","caption":"lifefm"}}]}},"amp_enabled":true,"_links":{"self":[{"href":"https:\/\/radiolifefm.com.br\/noticias\/wp-json\/wp\/v2\/posts\/21314","targetHints":{"allow":["GET"]}}],"collection":[{"href":"https:\/\/radiolifefm.com.br\/noticias\/wp-json\/wp\/v2\/posts"}],"about":[{"href":"https:\/\/radiolifefm.com.br\/noticias\/wp-json\/wp\/v2\/types\/post"}],"author":[{"embeddable":true,"href":"https:\/\/radiolifefm.com.br\/noticias\/wp-json\/wp\/v2\/users\/3"}],"replies":[{"embeddable":true,"href":"https:\/\/radiolifefm.com.br\/noticias\/wp-json\/wp\/v2\/comments?post=21314"}],"version-history":[{"count":1,"href":"https:\/\/radiolifefm.com.br\/noticias\/wp-json\/wp\/v2\/posts\/21314\/revisions"}],"predecessor-version":[{"id":21318,"href":"https:\/\/radiolifefm.com.br\/noticias\/wp-json\/wp\/v2\/posts\/21314\/revisions\/21318"}],"wp:featuredmedia":[{"embeddable":true,"href":"https:\/\/radiolifefm.com.br\/noticias\/wp-json\/wp\/v2\/media\/21317"}],"wp:attachment":[{"href":"https:\/\/radiolifefm.com.br\/noticias\/wp-json\/wp\/v2\/media?parent=21314"}],"wp:term":[{"taxonomy":"category","embeddable":true,"href":"https:\/\/radiolifefm.com.br\/noticias\/wp-json\/wp\/v2\/categories?post=21314"},{"taxonomy":"post_tag","embeddable":true,"href":"https:\/\/radiolifefm.com.br\/noticias\/wp-json\/wp\/v2\/tags?post=21314"}],"curies":[{"name":"wp","href":"https:\/\/api.w.org\/{rel}","templated":true}]}}