{"id":21007,"date":"2020-03-12T10:52:34","date_gmt":"2020-03-12T13:52:34","guid":{"rendered":"https:\/\/radiolifefm.com.br\/noticias\/?p=21007"},"modified":"2026-04-22T19:15:22","modified_gmt":"2026-04-22T22:15:22","slug":"vaquinha-virtual-para-ajudar-o-garoto-davi-atinge-meta-para-compra-de-andador-especial","status":"publish","type":"post","link":"https:\/\/radiolifefm.com.br\/noticias\/vaquinha-virtual-para-ajudar-o-garoto-davi-atinge-meta-para-compra-de-andador-especial\/","title":{"rendered":"Vaquinha virtual para ajudar o garoto Davi atinge meta para compra de andador especial"},"content":{"rendered":"<div id=\"fb-root\"><\/div>\n<p><em>Familiares confirmaram resultado na manh\u00e3 de hoje<\/em><\/p>\n<p>Familiares do pequeno Davi Bento Martins de Toledo, o beb\u00ea que precisa de um andador e que estava com uma campanha virtual (vaquinha eletr\u00f4nica) para arrecada\u00e7\u00e3o de dinheiro, informaram nesta manh\u00e3 que a a\u00e7\u00e3o atingiu a meta de R$ 15 mil para a compra de um andador especial.<\/p>\n<p>&#8220;Ap\u00f3s a divulga\u00e7\u00e3o de mat\u00e9rias pelo Portal Ocnet, R\u00e1dio Clube e Calif\u00f3rnia FM, o Portal G1 e a R\u00e1dio Life FM de Adamantina, tamb\u00e9m se dispuseram em fazer a\u00e7\u00f5es para ajudar a fam\u00edlia da crian\u00e7a.<\/p>\n<p>Est\u00e1vamos com pouco mais de R$ 4,5 mil arrecadados. Quando foi hoje o rep\u00f3rter me ligou e disse se eu havia verificado o valor da vaquinha, que havia sido atingido a meta. Ent\u00e3o quero aqui agradecer a todos que colaboraram, \u00e0 imprensa que divulgou nossa a\u00e7\u00e3o e ao G1 pela reta final da campanha&#8221;, disse T\u00e9o Toledo, pai da crian\u00e7a.<\/p>\n<p>O pr\u00f3ximo passo agora ser\u00e1 procurar a empresa especializada na confec\u00e7\u00e3o do andador especial para a tirada de medidas e in\u00edcio do processo de importa\u00e7\u00e3o do equipamento. A empresa que importa o andador \u00e9 do Rio Grande do Sul.<\/p>\n<p>A crian\u00e7a mora em In\u00fabia Paulista e nasceu quando sua m\u00e3e, Gisela, estava em seu quinto m\u00eas de gesta\u00e7\u00e3o.<\/p>\n<p>Entretanto, uma infec\u00e7\u00e3o de urina da m\u00e3e fez com que houvesse uma complica\u00e7\u00e3o na gravidez e o beb\u00ea veio prematuro com 770g de peso.<\/p>\n<p>Davi teve sequelas com paralisia cerebral que compromete o lado direito de seu corpo e faz com que o beb\u00ea n\u00e3o tenha controle sobre o tronco e a cabe\u00e7a.<\/p>\n<p>Al\u00e9m disso, devido \u00e0 bact\u00e9ria que atingiu sua m\u00e3e durante a gravidez, o beb\u00ea nasceu deficiente auditivo.<\/p>\n<p>Hoje aos tr\u00eas anos, Davi luta para poder andar, mas para isso precisa de um andador importado e que custa R$ 14 mil e \u00e9 vendido apenas por uma empresa ga\u00facha no Brasil.<\/p>\n<p>Confira o resultado da vaquinha na internet atrav\u00e9s do link http:\/\/vaka.me\/831984.<\/p>\n<p>&nbsp;<\/p>\n<p>Informa\u00e7\u00f5es de familiares &#8211; Portal Ocnet<\/p>\n","protected":false},"excerpt":{"rendered":"<p>Familiares confirmaram resultado na manh\u00e3 de hoje Familiares do pequeno Davi Bento Martins de Toledo, o beb\u00ea que precisa de um andador e que estava com uma campanha virtual (vaquinha eletr\u00f4nica) para arrecada\u00e7\u00e3o de dinheiro, informaram nesta manh\u00e3 que a a\u00e7\u00e3o atingiu a meta de R$ 15 mil para a compra de um andador especial. [&hellip;]<\/p>\n","protected":false},"author":3,"featured_media":21011,"comment_status":"closed","ping_status":"open","sticky":false,"template":"","format":"standard","meta":{"_acf_changed":false,"_exactmetrics_skip_tracking":false,"_exactmetrics_sitenote_active":false,"_exactmetrics_sitenote_note":"","_exactmetrics_sitenote_category":0,"footnotes":""},"categories":[24],"tags":[],"class_list":["post-21007","post","type-post","status-publish","format-standard","has-post-thumbnail","hentry","category-regiao"],"acf":[],"yoast_head":"<!-- This site is optimized with the Yoast SEO plugin v27.2 - https:\/\/yoast.com\/product\/yoast-seo-wordpress\/ -->\n<title>Vaquinha virtual para ajudar o garoto Davi atinge meta para compra de andador especial - R\u00e1dio Life FM<\/title>\n<meta name=\"robots\" content=\"index, follow, max-snippet:-1, max-image-preview:large, max-video-preview:-1\" \/>\n<link rel=\"canonical\" href=\"https:\/\/radiolifefm.com.br\/noticias\/vaquinha-virtual-para-ajudar-o-garoto-davi-atinge-meta-para-compra-de-andador-especial\/\" \/>\n<meta property=\"og:locale\" content=\"pt_BR\" \/>\n<meta property=\"og:type\" content=\"article\" \/>\n<meta property=\"og:title\" content=\"Vaquinha virtual para ajudar o garoto Davi atinge meta para compra de andador especial - R\u00e1dio Life FM\" \/>\n<meta property=\"og:description\" content=\"Familiares confirmaram resultado na manh\u00e3 de hoje Familiares do pequeno Davi Bento Martins de Toledo, o beb\u00ea que precisa de um andador e que estava com uma campanha virtual (vaquinha eletr\u00f4nica) para arrecada\u00e7\u00e3o de dinheiro, informaram nesta manh\u00e3 que a a\u00e7\u00e3o atingiu a meta de R$ 15 mil para a compra de um andador especial. [&hellip;]\" \/>\n<meta property=\"og:url\" content=\"https:\/\/radiolifefm.com.br\/noticias\/vaquinha-virtual-para-ajudar-o-garoto-davi-atinge-meta-para-compra-de-andador-especial\/\" \/>\n<meta property=\"og:site_name\" content=\"R\u00e1dio Life FM\" \/>\n<meta property=\"article:publisher\" content=\"https:\/\/www.facebook.com\/radiolifefm\/\" \/>\n<meta property=\"article:published_time\" content=\"2020-03-12T13:52:34+00:00\" \/>\n<meta property=\"article:modified_time\" content=\"2026-04-22T22:15:22+00:00\" \/>\n<meta property=\"og:image\" content=\"https:\/\/radiolifefm.com.br\/noticias\/wp-content\/uploads\/2020\/03\/Garoto-David-In\u00fabia_Cortada.jpeg\" \/>\n\t<meta property=\"og:image:width\" content=\"1200\" \/>\n\t<meta property=\"og:image:height\" content=\"711\" \/>\n\t<meta property=\"og:image:type\" content=\"image\/jpeg\" \/>\n<meta name=\"author\" content=\"lifefm\" \/>\n<meta name=\"twitter:card\" content=\"summary_large_image\" \/>\n<meta name=\"twitter:label1\" content=\"Escrito por\" \/>\n\t<meta name=\"twitter:data1\" content=\"lifefm\" \/>\n\t<meta name=\"twitter:label2\" content=\"Est. tempo de leitura\" \/>\n\t<meta name=\"twitter:data2\" content=\"2 minutos\" \/>\n<script type=\"application\/ld+json\" class=\"yoast-schema-graph\">{\"@context\":\"https:\/\/schema.org\",\"@graph\":[{\"@type\":\"Article\",\"@id\":\"https:\/\/radiolifefm.com.br\/noticias\/vaquinha-virtual-para-ajudar-o-garoto-davi-atinge-meta-para-compra-de-andador-especial\/#article\",\"isPartOf\":{\"@id\":\"https:\/\/radiolifefm.com.br\/noticias\/vaquinha-virtual-para-ajudar-o-garoto-davi-atinge-meta-para-compra-de-andador-especial\/\"},\"author\":{\"name\":\"lifefm\",\"@id\":\"https:\/\/radiolifefm.com.br\/noticias\/#\/schema\/person\/1d4e4b1301322090c6221bf1c8420490\"},\"headline\":\"Vaquinha virtual para ajudar o garoto Davi atinge meta para compra de andador especial\",\"datePublished\":\"2020-03-12T13:52:34+00:00\",\"dateModified\":\"2026-04-22T22:15:22+00:00\",\"mainEntityOfPage\":{\"@id\":\"https:\/\/radiolifefm.com.br\/noticias\/vaquinha-virtual-para-ajudar-o-garoto-davi-atinge-meta-para-compra-de-andador-especial\/\"},\"wordCount\":378,\"publisher\":{\"@id\":\"https:\/\/radiolifefm.com.br\/noticias\/#organization\"},\"image\":{\"@id\":\"https:\/\/radiolifefm.com.br\/noticias\/vaquinha-virtual-para-ajudar-o-garoto-davi-atinge-meta-para-compra-de-andador-especial\/#primaryimage\"},\"thumbnailUrl\":\"https:\/\/radiolifefm.com.br\/noticias\/wp-content\/uploads\/2020\/03\/Garoto-David-In\u00fabia_Cortada.jpeg\",\"articleSection\":[\"Regi\u00e3o\"],\"inLanguage\":\"pt-BR\"},{\"@type\":\"WebPage\",\"@id\":\"https:\/\/radiolifefm.com.br\/noticias\/vaquinha-virtual-para-ajudar-o-garoto-davi-atinge-meta-para-compra-de-andador-especial\/\",\"url\":\"https:\/\/radiolifefm.com.br\/noticias\/vaquinha-virtual-para-ajudar-o-garoto-davi-atinge-meta-para-compra-de-andador-especial\/\",\"name\":\"Vaquinha virtual para ajudar o garoto Davi atinge meta para compra de andador especial - R\u00e1dio Life FM\",\"isPartOf\":{\"@id\":\"https:\/\/radiolifefm.com.br\/noticias\/#website\"},\"primaryImageOfPage\":{\"@id\":\"https:\/\/radiolifefm.com.br\/noticias\/vaquinha-virtual-para-ajudar-o-garoto-davi-atinge-meta-para-compra-de-andador-especial\/#primaryimage\"},\"image\":{\"@id\":\"https:\/\/radiolifefm.com.br\/noticias\/vaquinha-virtual-para-ajudar-o-garoto-davi-atinge-meta-para-compra-de-andador-especial\/#primaryimage\"},\"thumbnailUrl\":\"https:\/\/radiolifefm.com.br\/noticias\/wp-content\/uploads\/2020\/03\/Garoto-David-In\u00fabia_Cortada.jpeg\",\"datePublished\":\"2020-03-12T13:52:34+00:00\",\"dateModified\":\"2026-04-22T22:15:22+00:00\",\"breadcrumb\":{\"@id\":\"https:\/\/radiolifefm.com.br\/noticias\/vaquinha-virtual-para-ajudar-o-garoto-davi-atinge-meta-para-compra-de-andador-especial\/#breadcrumb\"},\"inLanguage\":\"pt-BR\",\"potentialAction\":[{\"@type\":\"ReadAction\",\"target\":[\"https:\/\/radiolifefm.com.br\/noticias\/vaquinha-virtual-para-ajudar-o-garoto-davi-atinge-meta-para-compra-de-andador-especial\/\"]}]},{\"@type\":\"ImageObject\",\"inLanguage\":\"pt-BR\",\"@id\":\"https:\/\/radiolifefm.com.br\/noticias\/vaquinha-virtual-para-ajudar-o-garoto-davi-atinge-meta-para-compra-de-andador-especial\/#primaryimage\",\"url\":\"https:\/\/radiolifefm.com.br\/noticias\/wp-content\/uploads\/2020\/03\/Garoto-David-In\u00fabia_Cortada.jpeg\",\"contentUrl\":\"https:\/\/radiolifefm.com.br\/noticias\/wp-content\/uploads\/2020\/03\/Garoto-David-In\u00fabia_Cortada.jpeg\",\"width\":1200,\"height\":711},{\"@type\":\"BreadcrumbList\",\"@id\":\"https:\/\/radiolifefm.com.br\/noticias\/vaquinha-virtual-para-ajudar-o-garoto-davi-atinge-meta-para-compra-de-andador-especial\/#breadcrumb\",\"itemListElement\":[{\"@type\":\"ListItem\",\"position\":1,\"name\":\"In\u00edcio\",\"item\":\"https:\/\/radiolifefm.com.br\/noticias\/\"},{\"@type\":\"ListItem\",\"position\":2,\"name\":\"Vaquinha virtual para ajudar o garoto Davi atinge meta para compra de andador especial\"}]},{\"@type\":\"WebSite\",\"@id\":\"https:\/\/radiolifefm.com.br\/noticias\/#website\",\"url\":\"https:\/\/radiolifefm.com.br\/noticias\/\",\"name\":\"R\u00e1dio Life FM\",\"description\":\"O Portal de Not\u00edcias de Adamantina\",\"publisher\":{\"@id\":\"https:\/\/radiolifefm.com.br\/noticias\/#organization\"},\"alternateName\":\"Life FM\",\"potentialAction\":[{\"@type\":\"SearchAction\",\"target\":{\"@type\":\"EntryPoint\",\"urlTemplate\":\"https:\/\/radiolifefm.com.br\/noticias\/?s={search_term_string}\"},\"query-input\":{\"@type\":\"PropertyValueSpecification\",\"valueRequired\":true,\"valueName\":\"search_term_string\"}}],\"inLanguage\":\"pt-BR\"},{\"@type\":\"Organization\",\"@id\":\"https:\/\/radiolifefm.com.br\/noticias\/#organization\",\"name\":\"R\u00e1dio Life FM\",\"alternateName\":\"Life FM\",\"url\":\"https:\/\/radiolifefm.com.br\/noticias\/\",\"logo\":{\"@type\":\"ImageObject\",\"inLanguage\":\"pt-BR\",\"@id\":\"https:\/\/radiolifefm.com.br\/noticias\/#\/schema\/logo\/image\/\",\"url\":\"https:\/\/static.radiolifefm.com.br\/noticias\/wp-content\/uploads\/2019\/10\/logo-lifefm.png\",\"contentUrl\":\"https:\/\/static.radiolifefm.com.br\/noticias\/wp-content\/uploads\/2019\/10\/logo-lifefm.png\",\"width\":196,\"height\":47,\"caption\":\"R\u00e1dio Life FM\"},\"image\":{\"@id\":\"https:\/\/radiolifefm.com.br\/noticias\/#\/schema\/logo\/image\/\"},\"sameAs\":[\"https:\/\/www.facebook.com\/radiolifefm\/\",\"https:\/\/www.instagram.com\/life1079fm\/\"]},{\"@type\":\"Person\",\"@id\":\"https:\/\/radiolifefm.com.br\/noticias\/#\/schema\/person\/1d4e4b1301322090c6221bf1c8420490\",\"name\":\"lifefm\",\"image\":{\"@type\":\"ImageObject\",\"inLanguage\":\"pt-BR\",\"@id\":\"https:\/\/secure.gravatar.com\/avatar\/eca268467d925ec97d20641bb054fd944c0abb2f92854171620706bbe6474e7c?s=96&d=mm&r=g\",\"url\":\"https:\/\/secure.gravatar.com\/avatar\/eca268467d925ec97d20641bb054fd944c0abb2f92854171620706bbe6474e7c?s=96&d=mm&r=g\",\"contentUrl\":\"https:\/\/secure.gravatar.com\/avatar\/eca268467d925ec97d20641bb054fd944c0abb2f92854171620706bbe6474e7c?s=96&d=mm&r=g\",\"caption\":\"lifefm\"}}]}<\/script>\n<!-- \/ Yoast SEO plugin. -->","yoast_head_json":{"title":"Vaquinha virtual para ajudar o garoto Davi atinge meta para compra de andador especial - R\u00e1dio Life FM","robots":{"index":"index","follow":"follow","max-snippet":"max-snippet:-1","max-image-preview":"max-image-preview:large","max-video-preview":"max-video-preview:-1"},"canonical":"https:\/\/radiolifefm.com.br\/noticias\/vaquinha-virtual-para-ajudar-o-garoto-davi-atinge-meta-para-compra-de-andador-especial\/","og_locale":"pt_BR","og_type":"article","og_title":"Vaquinha virtual para ajudar o garoto Davi atinge meta para compra de andador especial - R\u00e1dio Life FM","og_description":"Familiares confirmaram resultado na manh\u00e3 de hoje Familiares do pequeno Davi Bento Martins de Toledo, o beb\u00ea que precisa de um andador e que estava com uma campanha virtual (vaquinha eletr\u00f4nica) para arrecada\u00e7\u00e3o de dinheiro, informaram nesta manh\u00e3 que a a\u00e7\u00e3o atingiu a meta de R$ 15 mil para a compra de um andador especial. [&hellip;]","og_url":"https:\/\/radiolifefm.com.br\/noticias\/vaquinha-virtual-para-ajudar-o-garoto-davi-atinge-meta-para-compra-de-andador-especial\/","og_site_name":"R\u00e1dio Life FM","article_publisher":"https:\/\/www.facebook.com\/radiolifefm\/","article_published_time":"2020-03-12T13:52:34+00:00","article_modified_time":"2026-04-22T22:15:22+00:00","og_image":[{"width":1200,"height":711,"url":"https:\/\/radiolifefm.com.br\/noticias\/wp-content\/uploads\/2020\/03\/Garoto-David-In\u00fabia_Cortada.jpeg","type":"image\/jpeg"}],"author":"lifefm","twitter_card":"summary_large_image","twitter_misc":{"Escrito por":"lifefm","Est. tempo de leitura":"2 minutos"},"schema":{"@context":"https:\/\/schema.org","@graph":[{"@type":"Article","@id":"https:\/\/radiolifefm.com.br\/noticias\/vaquinha-virtual-para-ajudar-o-garoto-davi-atinge-meta-para-compra-de-andador-especial\/#article","isPartOf":{"@id":"https:\/\/radiolifefm.com.br\/noticias\/vaquinha-virtual-para-ajudar-o-garoto-davi-atinge-meta-para-compra-de-andador-especial\/"},"author":{"name":"lifefm","@id":"https:\/\/radiolifefm.com.br\/noticias\/#\/schema\/person\/1d4e4b1301322090c6221bf1c8420490"},"headline":"Vaquinha virtual para ajudar o garoto Davi atinge meta para compra de andador especial","datePublished":"2020-03-12T13:52:34+00:00","dateModified":"2026-04-22T22:15:22+00:00","mainEntityOfPage":{"@id":"https:\/\/radiolifefm.com.br\/noticias\/vaquinha-virtual-para-ajudar-o-garoto-davi-atinge-meta-para-compra-de-andador-especial\/"},"wordCount":378,"publisher":{"@id":"https:\/\/radiolifefm.com.br\/noticias\/#organization"},"image":{"@id":"https:\/\/radiolifefm.com.br\/noticias\/vaquinha-virtual-para-ajudar-o-garoto-davi-atinge-meta-para-compra-de-andador-especial\/#primaryimage"},"thumbnailUrl":"https:\/\/radiolifefm.com.br\/noticias\/wp-content\/uploads\/2020\/03\/Garoto-David-In\u00fabia_Cortada.jpeg","articleSection":["Regi\u00e3o"],"inLanguage":"pt-BR"},{"@type":"WebPage","@id":"https:\/\/radiolifefm.com.br\/noticias\/vaquinha-virtual-para-ajudar-o-garoto-davi-atinge-meta-para-compra-de-andador-especial\/","url":"https:\/\/radiolifefm.com.br\/noticias\/vaquinha-virtual-para-ajudar-o-garoto-davi-atinge-meta-para-compra-de-andador-especial\/","name":"Vaquinha virtual para ajudar o garoto Davi atinge meta para compra de andador especial - R\u00e1dio Life FM","isPartOf":{"@id":"https:\/\/radiolifefm.com.br\/noticias\/#website"},"primaryImageOfPage":{"@id":"https:\/\/radiolifefm.com.br\/noticias\/vaquinha-virtual-para-ajudar-o-garoto-davi-atinge-meta-para-compra-de-andador-especial\/#primaryimage"},"image":{"@id":"https:\/\/radiolifefm.com.br\/noticias\/vaquinha-virtual-para-ajudar-o-garoto-davi-atinge-meta-para-compra-de-andador-especial\/#primaryimage"},"thumbnailUrl":"https:\/\/radiolifefm.com.br\/noticias\/wp-content\/uploads\/2020\/03\/Garoto-David-In\u00fabia_Cortada.jpeg","datePublished":"2020-03-12T13:52:34+00:00","dateModified":"2026-04-22T22:15:22+00:00","breadcrumb":{"@id":"https:\/\/radiolifefm.com.br\/noticias\/vaquinha-virtual-para-ajudar-o-garoto-davi-atinge-meta-para-compra-de-andador-especial\/#breadcrumb"},"inLanguage":"pt-BR","potentialAction":[{"@type":"ReadAction","target":["https:\/\/radiolifefm.com.br\/noticias\/vaquinha-virtual-para-ajudar-o-garoto-davi-atinge-meta-para-compra-de-andador-especial\/"]}]},{"@type":"ImageObject","inLanguage":"pt-BR","@id":"https:\/\/radiolifefm.com.br\/noticias\/vaquinha-virtual-para-ajudar-o-garoto-davi-atinge-meta-para-compra-de-andador-especial\/#primaryimage","url":"https:\/\/radiolifefm.com.br\/noticias\/wp-content\/uploads\/2020\/03\/Garoto-David-In\u00fabia_Cortada.jpeg","contentUrl":"https:\/\/radiolifefm.com.br\/noticias\/wp-content\/uploads\/2020\/03\/Garoto-David-In\u00fabia_Cortada.jpeg","width":1200,"height":711},{"@type":"BreadcrumbList","@id":"https:\/\/radiolifefm.com.br\/noticias\/vaquinha-virtual-para-ajudar-o-garoto-davi-atinge-meta-para-compra-de-andador-especial\/#breadcrumb","itemListElement":[{"@type":"ListItem","position":1,"name":"In\u00edcio","item":"https:\/\/radiolifefm.com.br\/noticias\/"},{"@type":"ListItem","position":2,"name":"Vaquinha virtual para ajudar o garoto Davi atinge meta para compra de andador especial"}]},{"@type":"WebSite","@id":"https:\/\/radiolifefm.com.br\/noticias\/#website","url":"https:\/\/radiolifefm.com.br\/noticias\/","name":"R\u00e1dio Life FM","description":"O Portal de Not\u00edcias de Adamantina","publisher":{"@id":"https:\/\/radiolifefm.com.br\/noticias\/#organization"},"alternateName":"Life FM","potentialAction":[{"@type":"SearchAction","target":{"@type":"EntryPoint","urlTemplate":"https:\/\/radiolifefm.com.br\/noticias\/?s={search_term_string}"},"query-input":{"@type":"PropertyValueSpecification","valueRequired":true,"valueName":"search_term_string"}}],"inLanguage":"pt-BR"},{"@type":"Organization","@id":"https:\/\/radiolifefm.com.br\/noticias\/#organization","name":"R\u00e1dio Life FM","alternateName":"Life FM","url":"https:\/\/radiolifefm.com.br\/noticias\/","logo":{"@type":"ImageObject","inLanguage":"pt-BR","@id":"https:\/\/radiolifefm.com.br\/noticias\/#\/schema\/logo\/image\/","url":"https:\/\/static.radiolifefm.com.br\/noticias\/wp-content\/uploads\/2019\/10\/logo-lifefm.png","contentUrl":"https:\/\/static.radiolifefm.com.br\/noticias\/wp-content\/uploads\/2019\/10\/logo-lifefm.png","width":196,"height":47,"caption":"R\u00e1dio Life FM"},"image":{"@id":"https:\/\/radiolifefm.com.br\/noticias\/#\/schema\/logo\/image\/"},"sameAs":["https:\/\/www.facebook.com\/radiolifefm\/","https:\/\/www.instagram.com\/life1079fm\/"]},{"@type":"Person","@id":"https:\/\/radiolifefm.com.br\/noticias\/#\/schema\/person\/1d4e4b1301322090c6221bf1c8420490","name":"lifefm","image":{"@type":"ImageObject","inLanguage":"pt-BR","@id":"https:\/\/secure.gravatar.com\/avatar\/eca268467d925ec97d20641bb054fd944c0abb2f92854171620706bbe6474e7c?s=96&d=mm&r=g","url":"https:\/\/secure.gravatar.com\/avatar\/eca268467d925ec97d20641bb054fd944c0abb2f92854171620706bbe6474e7c?s=96&d=mm&r=g","contentUrl":"https:\/\/secure.gravatar.com\/avatar\/eca268467d925ec97d20641bb054fd944c0abb2f92854171620706bbe6474e7c?s=96&d=mm&r=g","caption":"lifefm"}}]}},"amp_enabled":true,"_links":{"self":[{"href":"https:\/\/radiolifefm.com.br\/noticias\/wp-json\/wp\/v2\/posts\/21007","targetHints":{"allow":["GET"]}}],"collection":[{"href":"https:\/\/radiolifefm.com.br\/noticias\/wp-json\/wp\/v2\/posts"}],"about":[{"href":"https:\/\/radiolifefm.com.br\/noticias\/wp-json\/wp\/v2\/types\/post"}],"author":[{"embeddable":true,"href":"https:\/\/radiolifefm.com.br\/noticias\/wp-json\/wp\/v2\/users\/3"}],"replies":[{"embeddable":true,"href":"https:\/\/radiolifefm.com.br\/noticias\/wp-json\/wp\/v2\/comments?post=21007"}],"version-history":[{"count":3,"href":"https:\/\/radiolifefm.com.br\/noticias\/wp-json\/wp\/v2\/posts\/21007\/revisions"}],"predecessor-version":[{"id":21012,"href":"https:\/\/radiolifefm.com.br\/noticias\/wp-json\/wp\/v2\/posts\/21007\/revisions\/21012"}],"wp:featuredmedia":[{"embeddable":true,"href":"https:\/\/radiolifefm.com.br\/noticias\/wp-json\/wp\/v2\/media\/21011"}],"wp:attachment":[{"href":"https:\/\/radiolifefm.com.br\/noticias\/wp-json\/wp\/v2\/media?parent=21007"}],"wp:term":[{"taxonomy":"category","embeddable":true,"href":"https:\/\/radiolifefm.com.br\/noticias\/wp-json\/wp\/v2\/categories?post=21007"},{"taxonomy":"post_tag","embeddable":true,"href":"https:\/\/radiolifefm.com.br\/noticias\/wp-json\/wp\/v2\/tags?post=21007"}],"curies":[{"name":"wp","href":"https:\/\/api.w.org\/{rel}","templated":true}]}}