{"id":20835,"date":"2020-03-09T11:28:56","date_gmt":"2020-03-09T14:28:56","guid":{"rendered":"https:\/\/radiolifefm.com.br\/noticias\/?p=20835"},"modified":"2026-04-28T16:51:25","modified_gmt":"2026-04-28T19:51:25","slug":"presidente-prudente-chega-ao-quinto-caso-suspeito-de-coronavirus-notificado-no-intervalo-de-cinco-dias","status":"publish","type":"post","link":"https:\/\/radiolifefm.com.br\/noticias\/presidente-prudente-chega-ao-quinto-caso-suspeito-de-coronavirus-notificado-no-intervalo-de-cinco-dias\/","title":{"rendered":"Presidente Prudente chega ao quinto caso suspeito de coronav\u00edrus notificado no intervalo de cinco dias"},"content":{"rendered":"<div id=\"fb-root\"><\/div>\n<p><em>Paciente \u00e9 uma mulher, de 68 anos, que esteve em viagem recente \u00e0 Espanha. Exames foram encaminhados ao Instituto Adolfo Lutz para a confirma\u00e7\u00e3o ou o descarte do diagn\u00f3stico<\/em><\/p>\n<p>A Vigil\u00e2ncia Epidemiol\u00f3gica Municipal (VEM) notificou na noite desta sexta-feira (6) mais um caso suspeito de coronav\u00edrus em Presidente Prudente (SP).<\/p>\n<p>No intervalo de cinco dias, foi a quinta cataloga\u00e7\u00e3o na cidade \u2013 uma delas j\u00e1 foi descartada pelo resultado de exame realizado pelo Instituto Adolfo Lutz (IAL), em S\u00e3o Paulo (SP).<\/p>\n<p>Os outros quatro casos suspeitos ainda aguardam os resultados dos exames encaminhados ao IAL.<\/p>\n<p>A paciente \u00e0 qual se refere a quinta suspeita \u00e9 uma mulher, de 68 anos, que esteve em viagem a Madri, na Espanha, no dia 13 de fevereiro e retornou ao Brasil no \u00faltimo s\u00e1bado (29). Ela permaneceu em S\u00e3o Paulo at\u00e9 a \u00faltima ter\u00e7a-feira (3), quando voltou a Presidente Prudente.<\/p>\n<p>A paciente teve febre, dificuldade respirat\u00f3ria e tosse, al\u00e9m de apresentar piora cl\u00ednica com dispneia e vertigem, procurando por assist\u00eancia m\u00e9dica nesta sexta-feira (6).<\/p>\n<p>Assim como nos demais casos, foram coletadas amostras de exames da paciente e enviadas ao Instituto Adolpho Lutz para a confirma\u00e7\u00e3o ou o descarte do diagn\u00f3stico da doen\u00e7a.<\/p>\n<p>Os outros tr\u00eas casos suspeitos em aberto na cidade, ainda sem diagn\u00f3stico definido, envolvem pessoas que estiveram em viagens recentes \u00e0 It\u00e1lia e \u00e0 Holanda.<\/p>\n<p>&nbsp;<\/p>\n<p>Por G1 Presidente Prudente<\/p>\n","protected":false},"excerpt":{"rendered":"<p>Paciente \u00e9 uma mulher, de 68 anos, que esteve em viagem recente \u00e0 Espanha. Exames foram encaminhados ao Instituto Adolfo Lutz para a confirma\u00e7\u00e3o ou o descarte do diagn\u00f3stico A Vigil\u00e2ncia Epidemiol\u00f3gica Municipal (VEM) notificou na noite desta sexta-feira (6) mais um caso suspeito de coronav\u00edrus em Presidente Prudente (SP). No intervalo de cinco dias, [&hellip;]<\/p>\n","protected":false},"author":3,"featured_media":20836,"comment_status":"closed","ping_status":"open","sticky":false,"template":"","format":"standard","meta":{"_acf_changed":false,"_exactmetrics_skip_tracking":false,"_exactmetrics_sitenote_active":false,"_exactmetrics_sitenote_note":"","_exactmetrics_sitenote_category":0,"footnotes":""},"categories":[24],"tags":[],"class_list":["post-20835","post","type-post","status-publish","format-standard","has-post-thumbnail","hentry","category-regiao"],"acf":[],"yoast_head":"<!-- This site is optimized with the Yoast SEO plugin v27.2 - https:\/\/yoast.com\/product\/yoast-seo-wordpress\/ -->\n<title>Presidente Prudente chega ao quinto caso suspeito de coronav\u00edrus notificado no intervalo de cinco dias - R\u00e1dio Life FM<\/title>\n<meta name=\"robots\" content=\"index, follow, max-snippet:-1, max-image-preview:large, max-video-preview:-1\" \/>\n<link rel=\"canonical\" href=\"https:\/\/radiolifefm.com.br\/noticias\/presidente-prudente-chega-ao-quinto-caso-suspeito-de-coronavirus-notificado-no-intervalo-de-cinco-dias\/\" \/>\n<meta property=\"og:locale\" content=\"pt_BR\" \/>\n<meta property=\"og:type\" content=\"article\" \/>\n<meta property=\"og:title\" content=\"Presidente Prudente chega ao quinto caso suspeito de coronav\u00edrus notificado no intervalo de cinco dias - R\u00e1dio Life FM\" \/>\n<meta property=\"og:description\" content=\"Paciente \u00e9 uma mulher, de 68 anos, que esteve em viagem recente \u00e0 Espanha. Exames foram encaminhados ao Instituto Adolfo Lutz para a confirma\u00e7\u00e3o ou o descarte do diagn\u00f3stico A Vigil\u00e2ncia Epidemiol\u00f3gica Municipal (VEM) notificou na noite desta sexta-feira (6) mais um caso suspeito de coronav\u00edrus em Presidente Prudente (SP). No intervalo de cinco dias, [&hellip;]\" \/>\n<meta property=\"og:url\" content=\"https:\/\/radiolifefm.com.br\/noticias\/presidente-prudente-chega-ao-quinto-caso-suspeito-de-coronavirus-notificado-no-intervalo-de-cinco-dias\/\" \/>\n<meta property=\"og:site_name\" content=\"R\u00e1dio Life FM\" \/>\n<meta property=\"article:publisher\" content=\"https:\/\/www.facebook.com\/radiolifefm\/\" \/>\n<meta property=\"article:published_time\" content=\"2020-03-09T14:28:56+00:00\" \/>\n<meta property=\"article:modified_time\" content=\"2026-04-28T19:51:25+00:00\" \/>\n<meta property=\"og:image\" content=\"https:\/\/radiolifefm.com.br\/noticias\/wp-content\/uploads\/2020\/03\/Corona-v\u00edrus.jpg\" \/>\n\t<meta property=\"og:image:width\" content=\"1000\" \/>\n\t<meta property=\"og:image:height\" content=\"563\" \/>\n\t<meta property=\"og:image:type\" content=\"image\/jpeg\" \/>\n<meta name=\"author\" content=\"lifefm\" \/>\n<meta name=\"twitter:card\" content=\"summary_large_image\" \/>\n<meta name=\"twitter:label1\" content=\"Escrito por\" \/>\n\t<meta name=\"twitter:data1\" content=\"lifefm\" \/>\n\t<meta name=\"twitter:label2\" content=\"Est. tempo de leitura\" \/>\n\t<meta name=\"twitter:data2\" content=\"1 minuto\" \/>\n<script type=\"application\/ld+json\" class=\"yoast-schema-graph\">{\"@context\":\"https:\/\/schema.org\",\"@graph\":[{\"@type\":\"Article\",\"@id\":\"https:\/\/radiolifefm.com.br\/noticias\/presidente-prudente-chega-ao-quinto-caso-suspeito-de-coronavirus-notificado-no-intervalo-de-cinco-dias\/#article\",\"isPartOf\":{\"@id\":\"https:\/\/radiolifefm.com.br\/noticias\/presidente-prudente-chega-ao-quinto-caso-suspeito-de-coronavirus-notificado-no-intervalo-de-cinco-dias\/\"},\"author\":{\"name\":\"lifefm\",\"@id\":\"https:\/\/radiolifefm.com.br\/noticias\/#\/schema\/person\/1d4e4b1301322090c6221bf1c8420490\"},\"headline\":\"Presidente Prudente chega ao quinto caso suspeito de coronav\u00edrus notificado no intervalo de cinco dias\",\"datePublished\":\"2020-03-09T14:28:56+00:00\",\"dateModified\":\"2026-04-28T19:51:25+00:00\",\"mainEntityOfPage\":{\"@id\":\"https:\/\/radiolifefm.com.br\/noticias\/presidente-prudente-chega-ao-quinto-caso-suspeito-de-coronavirus-notificado-no-intervalo-de-cinco-dias\/\"},\"wordCount\":251,\"publisher\":{\"@id\":\"https:\/\/radiolifefm.com.br\/noticias\/#organization\"},\"image\":{\"@id\":\"https:\/\/radiolifefm.com.br\/noticias\/presidente-prudente-chega-ao-quinto-caso-suspeito-de-coronavirus-notificado-no-intervalo-de-cinco-dias\/#primaryimage\"},\"thumbnailUrl\":\"https:\/\/radiolifefm.com.br\/noticias\/wp-content\/uploads\/2020\/03\/Corona-v\u00edrus.jpg\",\"articleSection\":[\"Regi\u00e3o\"],\"inLanguage\":\"pt-BR\"},{\"@type\":\"WebPage\",\"@id\":\"https:\/\/radiolifefm.com.br\/noticias\/presidente-prudente-chega-ao-quinto-caso-suspeito-de-coronavirus-notificado-no-intervalo-de-cinco-dias\/\",\"url\":\"https:\/\/radiolifefm.com.br\/noticias\/presidente-prudente-chega-ao-quinto-caso-suspeito-de-coronavirus-notificado-no-intervalo-de-cinco-dias\/\",\"name\":\"Presidente Prudente chega ao quinto caso suspeito de coronav\u00edrus notificado no intervalo de cinco dias - R\u00e1dio Life FM\",\"isPartOf\":{\"@id\":\"https:\/\/radiolifefm.com.br\/noticias\/#website\"},\"primaryImageOfPage\":{\"@id\":\"https:\/\/radiolifefm.com.br\/noticias\/presidente-prudente-chega-ao-quinto-caso-suspeito-de-coronavirus-notificado-no-intervalo-de-cinco-dias\/#primaryimage\"},\"image\":{\"@id\":\"https:\/\/radiolifefm.com.br\/noticias\/presidente-prudente-chega-ao-quinto-caso-suspeito-de-coronavirus-notificado-no-intervalo-de-cinco-dias\/#primaryimage\"},\"thumbnailUrl\":\"https:\/\/radiolifefm.com.br\/noticias\/wp-content\/uploads\/2020\/03\/Corona-v\u00edrus.jpg\",\"datePublished\":\"2020-03-09T14:28:56+00:00\",\"dateModified\":\"2026-04-28T19:51:25+00:00\",\"breadcrumb\":{\"@id\":\"https:\/\/radiolifefm.com.br\/noticias\/presidente-prudente-chega-ao-quinto-caso-suspeito-de-coronavirus-notificado-no-intervalo-de-cinco-dias\/#breadcrumb\"},\"inLanguage\":\"pt-BR\",\"potentialAction\":[{\"@type\":\"ReadAction\",\"target\":[\"https:\/\/radiolifefm.com.br\/noticias\/presidente-prudente-chega-ao-quinto-caso-suspeito-de-coronavirus-notificado-no-intervalo-de-cinco-dias\/\"]}]},{\"@type\":\"ImageObject\",\"inLanguage\":\"pt-BR\",\"@id\":\"https:\/\/radiolifefm.com.br\/noticias\/presidente-prudente-chega-ao-quinto-caso-suspeito-de-coronavirus-notificado-no-intervalo-de-cinco-dias\/#primaryimage\",\"url\":\"https:\/\/radiolifefm.com.br\/noticias\/wp-content\/uploads\/2020\/03\/Corona-v\u00edrus.jpg\",\"contentUrl\":\"https:\/\/radiolifefm.com.br\/noticias\/wp-content\/uploads\/2020\/03\/Corona-v\u00edrus.jpg\",\"width\":1000,\"height\":563},{\"@type\":\"BreadcrumbList\",\"@id\":\"https:\/\/radiolifefm.com.br\/noticias\/presidente-prudente-chega-ao-quinto-caso-suspeito-de-coronavirus-notificado-no-intervalo-de-cinco-dias\/#breadcrumb\",\"itemListElement\":[{\"@type\":\"ListItem\",\"position\":1,\"name\":\"In\u00edcio\",\"item\":\"https:\/\/radiolifefm.com.br\/noticias\/\"},{\"@type\":\"ListItem\",\"position\":2,\"name\":\"Presidente Prudente chega ao quinto caso suspeito de coronav\u00edrus notificado no intervalo de cinco dias\"}]},{\"@type\":\"WebSite\",\"@id\":\"https:\/\/radiolifefm.com.br\/noticias\/#website\",\"url\":\"https:\/\/radiolifefm.com.br\/noticias\/\",\"name\":\"R\u00e1dio Life FM\",\"description\":\"O Portal de Not\u00edcias de Adamantina\",\"publisher\":{\"@id\":\"https:\/\/radiolifefm.com.br\/noticias\/#organization\"},\"alternateName\":\"Life FM\",\"potentialAction\":[{\"@type\":\"SearchAction\",\"target\":{\"@type\":\"EntryPoint\",\"urlTemplate\":\"https:\/\/radiolifefm.com.br\/noticias\/?s={search_term_string}\"},\"query-input\":{\"@type\":\"PropertyValueSpecification\",\"valueRequired\":true,\"valueName\":\"search_term_string\"}}],\"inLanguage\":\"pt-BR\"},{\"@type\":\"Organization\",\"@id\":\"https:\/\/radiolifefm.com.br\/noticias\/#organization\",\"name\":\"R\u00e1dio Life FM\",\"alternateName\":\"Life FM\",\"url\":\"https:\/\/radiolifefm.com.br\/noticias\/\",\"logo\":{\"@type\":\"ImageObject\",\"inLanguage\":\"pt-BR\",\"@id\":\"https:\/\/radiolifefm.com.br\/noticias\/#\/schema\/logo\/image\/\",\"url\":\"https:\/\/static.radiolifefm.com.br\/noticias\/wp-content\/uploads\/2019\/10\/logo-lifefm.png\",\"contentUrl\":\"https:\/\/static.radiolifefm.com.br\/noticias\/wp-content\/uploads\/2019\/10\/logo-lifefm.png\",\"width\":196,\"height\":47,\"caption\":\"R\u00e1dio Life FM\"},\"image\":{\"@id\":\"https:\/\/radiolifefm.com.br\/noticias\/#\/schema\/logo\/image\/\"},\"sameAs\":[\"https:\/\/www.facebook.com\/radiolifefm\/\",\"https:\/\/www.instagram.com\/life1079fm\/\"]},{\"@type\":\"Person\",\"@id\":\"https:\/\/radiolifefm.com.br\/noticias\/#\/schema\/person\/1d4e4b1301322090c6221bf1c8420490\",\"name\":\"lifefm\",\"image\":{\"@type\":\"ImageObject\",\"inLanguage\":\"pt-BR\",\"@id\":\"https:\/\/secure.gravatar.com\/avatar\/eca268467d925ec97d20641bb054fd944c0abb2f92854171620706bbe6474e7c?s=96&d=mm&r=g\",\"url\":\"https:\/\/secure.gravatar.com\/avatar\/eca268467d925ec97d20641bb054fd944c0abb2f92854171620706bbe6474e7c?s=96&d=mm&r=g\",\"contentUrl\":\"https:\/\/secure.gravatar.com\/avatar\/eca268467d925ec97d20641bb054fd944c0abb2f92854171620706bbe6474e7c?s=96&d=mm&r=g\",\"caption\":\"lifefm\"}}]}<\/script>\n<!-- \/ Yoast SEO plugin. -->","yoast_head_json":{"title":"Presidente Prudente chega ao quinto caso suspeito de coronav\u00edrus notificado no intervalo de cinco dias - R\u00e1dio Life FM","robots":{"index":"index","follow":"follow","max-snippet":"max-snippet:-1","max-image-preview":"max-image-preview:large","max-video-preview":"max-video-preview:-1"},"canonical":"https:\/\/radiolifefm.com.br\/noticias\/presidente-prudente-chega-ao-quinto-caso-suspeito-de-coronavirus-notificado-no-intervalo-de-cinco-dias\/","og_locale":"pt_BR","og_type":"article","og_title":"Presidente Prudente chega ao quinto caso suspeito de coronav\u00edrus notificado no intervalo de cinco dias - R\u00e1dio Life FM","og_description":"Paciente \u00e9 uma mulher, de 68 anos, que esteve em viagem recente \u00e0 Espanha. Exames foram encaminhados ao Instituto Adolfo Lutz para a confirma\u00e7\u00e3o ou o descarte do diagn\u00f3stico A Vigil\u00e2ncia Epidemiol\u00f3gica Municipal (VEM) notificou na noite desta sexta-feira (6) mais um caso suspeito de coronav\u00edrus em Presidente Prudente (SP). No intervalo de cinco dias, [&hellip;]","og_url":"https:\/\/radiolifefm.com.br\/noticias\/presidente-prudente-chega-ao-quinto-caso-suspeito-de-coronavirus-notificado-no-intervalo-de-cinco-dias\/","og_site_name":"R\u00e1dio Life FM","article_publisher":"https:\/\/www.facebook.com\/radiolifefm\/","article_published_time":"2020-03-09T14:28:56+00:00","article_modified_time":"2026-04-28T19:51:25+00:00","og_image":[{"width":1000,"height":563,"url":"https:\/\/radiolifefm.com.br\/noticias\/wp-content\/uploads\/2020\/03\/Corona-v\u00edrus.jpg","type":"image\/jpeg"}],"author":"lifefm","twitter_card":"summary_large_image","twitter_misc":{"Escrito por":"lifefm","Est. tempo de leitura":"1 minuto"},"schema":{"@context":"https:\/\/schema.org","@graph":[{"@type":"Article","@id":"https:\/\/radiolifefm.com.br\/noticias\/presidente-prudente-chega-ao-quinto-caso-suspeito-de-coronavirus-notificado-no-intervalo-de-cinco-dias\/#article","isPartOf":{"@id":"https:\/\/radiolifefm.com.br\/noticias\/presidente-prudente-chega-ao-quinto-caso-suspeito-de-coronavirus-notificado-no-intervalo-de-cinco-dias\/"},"author":{"name":"lifefm","@id":"https:\/\/radiolifefm.com.br\/noticias\/#\/schema\/person\/1d4e4b1301322090c6221bf1c8420490"},"headline":"Presidente Prudente chega ao quinto caso suspeito de coronav\u00edrus notificado no intervalo de cinco dias","datePublished":"2020-03-09T14:28:56+00:00","dateModified":"2026-04-28T19:51:25+00:00","mainEntityOfPage":{"@id":"https:\/\/radiolifefm.com.br\/noticias\/presidente-prudente-chega-ao-quinto-caso-suspeito-de-coronavirus-notificado-no-intervalo-de-cinco-dias\/"},"wordCount":251,"publisher":{"@id":"https:\/\/radiolifefm.com.br\/noticias\/#organization"},"image":{"@id":"https:\/\/radiolifefm.com.br\/noticias\/presidente-prudente-chega-ao-quinto-caso-suspeito-de-coronavirus-notificado-no-intervalo-de-cinco-dias\/#primaryimage"},"thumbnailUrl":"https:\/\/radiolifefm.com.br\/noticias\/wp-content\/uploads\/2020\/03\/Corona-v\u00edrus.jpg","articleSection":["Regi\u00e3o"],"inLanguage":"pt-BR"},{"@type":"WebPage","@id":"https:\/\/radiolifefm.com.br\/noticias\/presidente-prudente-chega-ao-quinto-caso-suspeito-de-coronavirus-notificado-no-intervalo-de-cinco-dias\/","url":"https:\/\/radiolifefm.com.br\/noticias\/presidente-prudente-chega-ao-quinto-caso-suspeito-de-coronavirus-notificado-no-intervalo-de-cinco-dias\/","name":"Presidente Prudente chega ao quinto caso suspeito de coronav\u00edrus notificado no intervalo de cinco dias - R\u00e1dio Life FM","isPartOf":{"@id":"https:\/\/radiolifefm.com.br\/noticias\/#website"},"primaryImageOfPage":{"@id":"https:\/\/radiolifefm.com.br\/noticias\/presidente-prudente-chega-ao-quinto-caso-suspeito-de-coronavirus-notificado-no-intervalo-de-cinco-dias\/#primaryimage"},"image":{"@id":"https:\/\/radiolifefm.com.br\/noticias\/presidente-prudente-chega-ao-quinto-caso-suspeito-de-coronavirus-notificado-no-intervalo-de-cinco-dias\/#primaryimage"},"thumbnailUrl":"https:\/\/radiolifefm.com.br\/noticias\/wp-content\/uploads\/2020\/03\/Corona-v\u00edrus.jpg","datePublished":"2020-03-09T14:28:56+00:00","dateModified":"2026-04-28T19:51:25+00:00","breadcrumb":{"@id":"https:\/\/radiolifefm.com.br\/noticias\/presidente-prudente-chega-ao-quinto-caso-suspeito-de-coronavirus-notificado-no-intervalo-de-cinco-dias\/#breadcrumb"},"inLanguage":"pt-BR","potentialAction":[{"@type":"ReadAction","target":["https:\/\/radiolifefm.com.br\/noticias\/presidente-prudente-chega-ao-quinto-caso-suspeito-de-coronavirus-notificado-no-intervalo-de-cinco-dias\/"]}]},{"@type":"ImageObject","inLanguage":"pt-BR","@id":"https:\/\/radiolifefm.com.br\/noticias\/presidente-prudente-chega-ao-quinto-caso-suspeito-de-coronavirus-notificado-no-intervalo-de-cinco-dias\/#primaryimage","url":"https:\/\/radiolifefm.com.br\/noticias\/wp-content\/uploads\/2020\/03\/Corona-v\u00edrus.jpg","contentUrl":"https:\/\/radiolifefm.com.br\/noticias\/wp-content\/uploads\/2020\/03\/Corona-v\u00edrus.jpg","width":1000,"height":563},{"@type":"BreadcrumbList","@id":"https:\/\/radiolifefm.com.br\/noticias\/presidente-prudente-chega-ao-quinto-caso-suspeito-de-coronavirus-notificado-no-intervalo-de-cinco-dias\/#breadcrumb","itemListElement":[{"@type":"ListItem","position":1,"name":"In\u00edcio","item":"https:\/\/radiolifefm.com.br\/noticias\/"},{"@type":"ListItem","position":2,"name":"Presidente Prudente chega ao quinto caso suspeito de coronav\u00edrus notificado no intervalo de cinco dias"}]},{"@type":"WebSite","@id":"https:\/\/radiolifefm.com.br\/noticias\/#website","url":"https:\/\/radiolifefm.com.br\/noticias\/","name":"R\u00e1dio Life FM","description":"O Portal de Not\u00edcias de Adamantina","publisher":{"@id":"https:\/\/radiolifefm.com.br\/noticias\/#organization"},"alternateName":"Life FM","potentialAction":[{"@type":"SearchAction","target":{"@type":"EntryPoint","urlTemplate":"https:\/\/radiolifefm.com.br\/noticias\/?s={search_term_string}"},"query-input":{"@type":"PropertyValueSpecification","valueRequired":true,"valueName":"search_term_string"}}],"inLanguage":"pt-BR"},{"@type":"Organization","@id":"https:\/\/radiolifefm.com.br\/noticias\/#organization","name":"R\u00e1dio Life FM","alternateName":"Life FM","url":"https:\/\/radiolifefm.com.br\/noticias\/","logo":{"@type":"ImageObject","inLanguage":"pt-BR","@id":"https:\/\/radiolifefm.com.br\/noticias\/#\/schema\/logo\/image\/","url":"https:\/\/static.radiolifefm.com.br\/noticias\/wp-content\/uploads\/2019\/10\/logo-lifefm.png","contentUrl":"https:\/\/static.radiolifefm.com.br\/noticias\/wp-content\/uploads\/2019\/10\/logo-lifefm.png","width":196,"height":47,"caption":"R\u00e1dio Life FM"},"image":{"@id":"https:\/\/radiolifefm.com.br\/noticias\/#\/schema\/logo\/image\/"},"sameAs":["https:\/\/www.facebook.com\/radiolifefm\/","https:\/\/www.instagram.com\/life1079fm\/"]},{"@type":"Person","@id":"https:\/\/radiolifefm.com.br\/noticias\/#\/schema\/person\/1d4e4b1301322090c6221bf1c8420490","name":"lifefm","image":{"@type":"ImageObject","inLanguage":"pt-BR","@id":"https:\/\/secure.gravatar.com\/avatar\/eca268467d925ec97d20641bb054fd944c0abb2f92854171620706bbe6474e7c?s=96&d=mm&r=g","url":"https:\/\/secure.gravatar.com\/avatar\/eca268467d925ec97d20641bb054fd944c0abb2f92854171620706bbe6474e7c?s=96&d=mm&r=g","contentUrl":"https:\/\/secure.gravatar.com\/avatar\/eca268467d925ec97d20641bb054fd944c0abb2f92854171620706bbe6474e7c?s=96&d=mm&r=g","caption":"lifefm"}}]}},"amp_enabled":true,"_links":{"self":[{"href":"https:\/\/radiolifefm.com.br\/noticias\/wp-json\/wp\/v2\/posts\/20835","targetHints":{"allow":["GET"]}}],"collection":[{"href":"https:\/\/radiolifefm.com.br\/noticias\/wp-json\/wp\/v2\/posts"}],"about":[{"href":"https:\/\/radiolifefm.com.br\/noticias\/wp-json\/wp\/v2\/types\/post"}],"author":[{"embeddable":true,"href":"https:\/\/radiolifefm.com.br\/noticias\/wp-json\/wp\/v2\/users\/3"}],"replies":[{"embeddable":true,"href":"https:\/\/radiolifefm.com.br\/noticias\/wp-json\/wp\/v2\/comments?post=20835"}],"version-history":[{"count":1,"href":"https:\/\/radiolifefm.com.br\/noticias\/wp-json\/wp\/v2\/posts\/20835\/revisions"}],"predecessor-version":[{"id":20837,"href":"https:\/\/radiolifefm.com.br\/noticias\/wp-json\/wp\/v2\/posts\/20835\/revisions\/20837"}],"wp:featuredmedia":[{"embeddable":true,"href":"https:\/\/radiolifefm.com.br\/noticias\/wp-json\/wp\/v2\/media\/20836"}],"wp:attachment":[{"href":"https:\/\/radiolifefm.com.br\/noticias\/wp-json\/wp\/v2\/media?parent=20835"}],"wp:term":[{"taxonomy":"category","embeddable":true,"href":"https:\/\/radiolifefm.com.br\/noticias\/wp-json\/wp\/v2\/categories?post=20835"},{"taxonomy":"post_tag","embeddable":true,"href":"https:\/\/radiolifefm.com.br\/noticias\/wp-json\/wp\/v2\/tags?post=20835"}],"curies":[{"name":"wp","href":"https:\/\/api.w.org\/{rel}","templated":true}]}}