{"id":20829,"date":"2020-03-09T11:07:56","date_gmt":"2020-03-09T14:07:56","guid":{"rendered":"https:\/\/radiolifefm.com.br\/noticias\/?p=20829"},"modified":"2025-09-12T02:19:13","modified_gmt":"2025-09-12T05:19:13","slug":"atividades-de-prevencao-de-casos-de-violencia-domestica-sao-realizadas-em-cinco-cidades-da-nova-alta-paulista","status":"publish","type":"post","link":"https:\/\/radiolifefm.com.br\/noticias\/atividades-de-prevencao-de-casos-de-violencia-domestica-sao-realizadas-em-cinco-cidades-da-nova-alta-paulista\/","title":{"rendered":"Atividades de preven\u00e7\u00e3o de casos de viol\u00eancia dom\u00e9stica s\u00e3o realizadas em cinco cidades da Nova Alta Paulista"},"content":{"rendered":"<div id=\"fb-root\"><\/div>\n<p><em>Adamantina, Fl\u00f3rida Paulista, Mari\u00e1polis, Pacaembu e Irapuru receber\u00e3o a\u00e7\u00f5es que integram a 16\u00aa Semana da Justi\u00e7a Pela Paz em Casa<\/em><\/p>\n<p>Cinco cidades da Nova Alta Paulista receber\u00e3o atividades da 16\u00aa Semana da Justi\u00e7a Pela Paz em Casa, iniciativa nacional de conscientiza\u00e7\u00e3o, preven\u00e7\u00e3o e julgamento de casos de viol\u00eancia dom\u00e9stica, que acontece entre esta segunda-feira (9) e sexta-feira (13).<\/p>\n<p>Os eventos ocorrer\u00e3o em Adamantina, Fl\u00f3rida Paulista, Mari\u00e1polis, Pacaembu e Irapuru. A programa\u00e7\u00e3o ter\u00e1 como tema norteador a sororidade.<br \/>\nSegundo a ju\u00edza diretora do F\u00f3rum de Adamantina, Ruth Duarte Menegatti, o tema da sororidade \u00e9 extremamente atual e tem sido levantado por diversos grupos que atuam no \u00e2mbito do empoderamento feminino.<\/p>\n<p>O termo significa solidariedade, empatia, apoio m\u00fatuo, amizade e uni\u00e3o entre as mulheres.<br \/>\nSegundo a magistrada, a programa\u00e7\u00e3o refor\u00e7a a import\u00e2ncia da atua\u00e7\u00e3o permanente da Justi\u00e7a em prol da igualdade entre homens e mulheres, principalmente no universo infantil.<\/p>\n<p>Os eventos acontecer\u00e3o em escolas, f\u00f3runs e em institui\u00e7\u00f5es, entre elas a Casa da M\u00e3e, que ajuda mulheres com depress\u00e3o, e o abrigo Casa do Garoto da cidade de Adamantina, contando com a participa\u00e7\u00e3o da psicoeducadora Denise Alves Freire, que montou estrat\u00e9gia de trabalho com o tema sororidade.<\/p>\n<p>Na ter\u00e7a-feira (10), o coletivo Hub Mulheres lan\u00e7a o livro \u201cCarreira Feminina \u2013 transformando desafios em realiza\u00e7\u00e3o\u201d, em que 18 autoras de diferentes idades, ra\u00e7as e profiss\u00f5es compartilham hist\u00f3rias de supera\u00e7\u00e3o de desafios que marcam a jornada profissional das mulheres. A ju\u00edza Ruth Duarte Menegatti \u00e9 autora de um dos cap\u00edtulos.<\/p>\n<p><strong>Confira abaixo as a\u00e7\u00f5es que ser\u00e3o realizadas com apoio do Poder Judici\u00e1rio, do Minist\u00e9rio P\u00fablico e dos munic\u00edpios:<\/strong><\/p>\n<p><strong>Segunda-feira (9)<\/strong><br \/>\n10h: Abertura para visita\u00e7\u00e3o da exposi\u00e7\u00e3o de desenhos da Emef Prof. Eurico Leite de Morais com o tema \u201cA fam\u00edlia mais linda do mundo\u201d<br \/>\nLocal: F\u00f3rum de Adamantina (Avenida Ademar de Barros, 133 \u2013 Centro)<br \/>\nAberto ao P\u00fablico.<\/p>\n<p>13h: Abertura para visita\u00e7\u00e3o da exposi\u00e7\u00e3o de desenhos da Rede de Ensino da cidade de Fl\u00f3rida Paulista com o tema \u201cA fam\u00edlia mais linda do mundo\u201d<br \/>\nLocal: F\u00f3rum de Fl\u00f3rida Paulista (Pra\u00e7a Gerson Veronese Ferracini, 184 \u2013 Centro).<br \/>\nAberto ao P\u00fablico.<\/p>\n<p>17h: Palestra \u2013 \u201cSororidade interna no universo escolar\u201d<br \/>\nLocal: Anfiteatro da Secretaria de Educa\u00e7\u00e3o de Fl\u00f3rida Paulista (Pra\u00e7a Gerson Veronesi Ferracini, 10)<br \/>\nP\u00fablico-alvo: Professores.<\/p>\n<p><strong>Ter\u00e7a-feira (10)<\/strong><br \/>\n13h30: Roda de Conversa: Conhecendo a sororidade interna.<br \/>\nLocal: Casa do Garoto &#8211; Institui\u00e7\u00e3o Solid\u00e1ria Carlos Pegoraro (Rua Padre Caetano M. Dolcimasculo, s\/n \u2013 Adamantina)<br \/>\nP\u00fablico-alvo: adolescentes internados no abrigo.<\/p>\n<p>15h: Palestra para mulheres atendidas pelo projeto Casa da M\u00e3e Nossa Senhora de F\u00e1tima, com o tema \u201cSororidade interna no universo da energia Feminina\u201d<br \/>\nLocal: Centro Comunit\u00e1rio do Jardim Adamantina (Rua Jo\u00e3o Perrone, s\/n\u00ba &#8211; Jardim Adamantina).<\/p>\n<p>17h30: Palestra \u201cSororidade interna no universo escolar\u201d para professores de Mari\u00e1polis<br \/>\nLocal: Emef Nelson Magnani (Av. Joaquim Pref. Costa e Silva, 710, Mari\u00e1polis).<\/p>\n<p>20h: Pr\u00e9-lan\u00e7amento do livro \u201cCarreira Feminina \u2013 transformando desafios em realiza\u00e7\u00e3o\u201d<br \/>\nLocal: Audit\u00f3rio da Unifai de Adamantina (Av. Francisco Bellusci, 1000 &#8211; Distrito Industrial Otavio Gazazzi)<br \/>\nAberto ao p\u00fablico.<\/p>\n<p><strong>Quarta-feira (11)<\/strong><br \/>\n9h: Abertura do projeto Paz na Escola em Pacaembu.<br \/>\nLocal: E.E. Joel Aguiar (Av. Corifeu de Azevedo Marques, 1154, Vila Peres \u2013 Pacaembu).<br \/>\nP\u00fablico-alvo: Professores.<\/p>\n<p>13h: Abertura do projeto Paz na Escola em Irapuru.<br \/>\nLocal: Escola Estadual Prof. Edson Moyses (Rua Alberto Galeti, 29, Centro \u2013 Irapuru)<br \/>\nP\u00fablico-alvo: Professores.<\/p>\n<p>17h30: Palestra \u201cSororidade interna no universo escolar\u201d.<br \/>\nLocal: Emef Prof. Eurico Leite de Morais (Rua Dante Mantovani, 166-222 \u2013 Jardim Adamantina)<br \/>\nP\u00fablico-alvo: Professores.<\/p>\n<p>&nbsp;<\/p>\n<p>Por G1 &#8211; Presidente Prudente<\/p>\n","protected":false},"excerpt":{"rendered":"<p>Adamantina, Fl\u00f3rida Paulista, Mari\u00e1polis, Pacaembu e Irapuru receber\u00e3o a\u00e7\u00f5es que integram a 16\u00aa Semana da Justi\u00e7a Pela Paz em Casa Cinco cidades da Nova Alta Paulista receber\u00e3o atividades da 16\u00aa Semana da Justi\u00e7a Pela Paz em Casa, iniciativa nacional de conscientiza\u00e7\u00e3o, preven\u00e7\u00e3o e julgamento de casos de viol\u00eancia dom\u00e9stica, que acontece entre esta segunda-feira (9) [&hellip;]<\/p>\n","protected":false},"author":3,"featured_media":20830,"comment_status":"closed","ping_status":"open","sticky":false,"template":"","format":"standard","meta":{"_acf_changed":false,"_exactmetrics_skip_tracking":false,"_exactmetrics_sitenote_active":false,"_exactmetrics_sitenote_note":"","_exactmetrics_sitenote_category":0,"footnotes":""},"categories":[24],"tags":[],"class_list":["post-20829","post","type-post","status-publish","format-standard","has-post-thumbnail","hentry","category-regiao"],"acf":[],"yoast_head":"<!-- This site is optimized with the Yoast SEO plugin v27.2 - https:\/\/yoast.com\/product\/yoast-seo-wordpress\/ -->\n<title>Atividades de preven\u00e7\u00e3o de casos de viol\u00eancia dom\u00e9stica s\u00e3o realizadas em cinco cidades da Nova Alta Paulista - R\u00e1dio Life FM<\/title>\n<meta name=\"robots\" content=\"index, follow, max-snippet:-1, max-image-preview:large, max-video-preview:-1\" \/>\n<link rel=\"canonical\" href=\"https:\/\/radiolifefm.com.br\/noticias\/atividades-de-prevencao-de-casos-de-violencia-domestica-sao-realizadas-em-cinco-cidades-da-nova-alta-paulista\/\" \/>\n<meta property=\"og:locale\" content=\"pt_BR\" \/>\n<meta property=\"og:type\" content=\"article\" \/>\n<meta property=\"og:title\" content=\"Atividades de preven\u00e7\u00e3o de casos de viol\u00eancia dom\u00e9stica s\u00e3o realizadas em cinco cidades da Nova Alta Paulista - R\u00e1dio Life FM\" \/>\n<meta property=\"og:description\" content=\"Adamantina, Fl\u00f3rida Paulista, Mari\u00e1polis, Pacaembu e Irapuru receber\u00e3o a\u00e7\u00f5es que integram a 16\u00aa Semana da Justi\u00e7a Pela Paz em Casa Cinco cidades da Nova Alta Paulista receber\u00e3o atividades da 16\u00aa Semana da Justi\u00e7a Pela Paz em Casa, iniciativa nacional de conscientiza\u00e7\u00e3o, preven\u00e7\u00e3o e julgamento de casos de viol\u00eancia dom\u00e9stica, que acontece entre esta segunda-feira (9) [&hellip;]\" \/>\n<meta property=\"og:url\" content=\"https:\/\/radiolifefm.com.br\/noticias\/atividades-de-prevencao-de-casos-de-violencia-domestica-sao-realizadas-em-cinco-cidades-da-nova-alta-paulista\/\" \/>\n<meta property=\"og:site_name\" content=\"R\u00e1dio Life FM\" \/>\n<meta property=\"article:publisher\" content=\"https:\/\/www.facebook.com\/radiolifefm\/\" \/>\n<meta property=\"article:published_time\" content=\"2020-03-09T14:07:56+00:00\" \/>\n<meta property=\"article:modified_time\" content=\"2025-09-12T05:19:13+00:00\" \/>\n<meta property=\"og:image\" content=\"https:\/\/static.radiolifefm.com.br\/noticias\/wp-content\/uploads\/2020\/03\/viol\u00eancia-na-regi\u00e3o.jpg\" \/>\n\t<meta property=\"og:image:width\" content=\"1000\" \/>\n\t<meta property=\"og:image:height\" content=\"667\" \/>\n\t<meta property=\"og:image:type\" content=\"image\/jpeg\" \/>\n<meta name=\"author\" content=\"lifefm\" \/>\n<meta name=\"twitter:card\" content=\"summary_large_image\" \/>\n<meta name=\"twitter:label1\" content=\"Escrito por\" \/>\n\t<meta name=\"twitter:data1\" content=\"lifefm\" \/>\n\t<meta name=\"twitter:label2\" content=\"Est. tempo de leitura\" \/>\n\t<meta name=\"twitter:data2\" content=\"3 minutos\" \/>\n<script type=\"application\/ld+json\" class=\"yoast-schema-graph\">{\"@context\":\"https:\/\/schema.org\",\"@graph\":[{\"@type\":\"Article\",\"@id\":\"https:\/\/radiolifefm.com.br\/noticias\/atividades-de-prevencao-de-casos-de-violencia-domestica-sao-realizadas-em-cinco-cidades-da-nova-alta-paulista\/#article\",\"isPartOf\":{\"@id\":\"https:\/\/radiolifefm.com.br\/noticias\/atividades-de-prevencao-de-casos-de-violencia-domestica-sao-realizadas-em-cinco-cidades-da-nova-alta-paulista\/\"},\"author\":{\"name\":\"lifefm\",\"@id\":\"https:\/\/radiolifefm.com.br\/noticias\/#\/schema\/person\/1d4e4b1301322090c6221bf1c8420490\"},\"headline\":\"Atividades de preven\u00e7\u00e3o de casos de viol\u00eancia dom\u00e9stica s\u00e3o realizadas em cinco cidades da Nova Alta Paulista\",\"datePublished\":\"2020-03-09T14:07:56+00:00\",\"dateModified\":\"2025-09-12T05:19:13+00:00\",\"mainEntityOfPage\":{\"@id\":\"https:\/\/radiolifefm.com.br\/noticias\/atividades-de-prevencao-de-casos-de-violencia-domestica-sao-realizadas-em-cinco-cidades-da-nova-alta-paulista\/\"},\"wordCount\":648,\"publisher\":{\"@id\":\"https:\/\/radiolifefm.com.br\/noticias\/#organization\"},\"image\":{\"@id\":\"https:\/\/radiolifefm.com.br\/noticias\/atividades-de-prevencao-de-casos-de-violencia-domestica-sao-realizadas-em-cinco-cidades-da-nova-alta-paulista\/#primaryimage\"},\"thumbnailUrl\":\"https:\/\/radiolifefm.com.br\/noticias\/wp-content\/uploads\/2020\/03\/viol\u00eancia-na-regi\u00e3o.jpg\",\"articleSection\":[\"Regi\u00e3o\"],\"inLanguage\":\"pt-BR\"},{\"@type\":\"WebPage\",\"@id\":\"https:\/\/radiolifefm.com.br\/noticias\/atividades-de-prevencao-de-casos-de-violencia-domestica-sao-realizadas-em-cinco-cidades-da-nova-alta-paulista\/\",\"url\":\"https:\/\/radiolifefm.com.br\/noticias\/atividades-de-prevencao-de-casos-de-violencia-domestica-sao-realizadas-em-cinco-cidades-da-nova-alta-paulista\/\",\"name\":\"Atividades de preven\u00e7\u00e3o de casos de viol\u00eancia dom\u00e9stica s\u00e3o realizadas em cinco cidades da Nova Alta Paulista - R\u00e1dio Life FM\",\"isPartOf\":{\"@id\":\"https:\/\/radiolifefm.com.br\/noticias\/#website\"},\"primaryImageOfPage\":{\"@id\":\"https:\/\/radiolifefm.com.br\/noticias\/atividades-de-prevencao-de-casos-de-violencia-domestica-sao-realizadas-em-cinco-cidades-da-nova-alta-paulista\/#primaryimage\"},\"image\":{\"@id\":\"https:\/\/radiolifefm.com.br\/noticias\/atividades-de-prevencao-de-casos-de-violencia-domestica-sao-realizadas-em-cinco-cidades-da-nova-alta-paulista\/#primaryimage\"},\"thumbnailUrl\":\"https:\/\/radiolifefm.com.br\/noticias\/wp-content\/uploads\/2020\/03\/viol\u00eancia-na-regi\u00e3o.jpg\",\"datePublished\":\"2020-03-09T14:07:56+00:00\",\"dateModified\":\"2025-09-12T05:19:13+00:00\",\"breadcrumb\":{\"@id\":\"https:\/\/radiolifefm.com.br\/noticias\/atividades-de-prevencao-de-casos-de-violencia-domestica-sao-realizadas-em-cinco-cidades-da-nova-alta-paulista\/#breadcrumb\"},\"inLanguage\":\"pt-BR\",\"potentialAction\":[{\"@type\":\"ReadAction\",\"target\":[\"https:\/\/radiolifefm.com.br\/noticias\/atividades-de-prevencao-de-casos-de-violencia-domestica-sao-realizadas-em-cinco-cidades-da-nova-alta-paulista\/\"]}]},{\"@type\":\"ImageObject\",\"inLanguage\":\"pt-BR\",\"@id\":\"https:\/\/radiolifefm.com.br\/noticias\/atividades-de-prevencao-de-casos-de-violencia-domestica-sao-realizadas-em-cinco-cidades-da-nova-alta-paulista\/#primaryimage\",\"url\":\"https:\/\/radiolifefm.com.br\/noticias\/wp-content\/uploads\/2020\/03\/viol\u00eancia-na-regi\u00e3o.jpg\",\"contentUrl\":\"https:\/\/radiolifefm.com.br\/noticias\/wp-content\/uploads\/2020\/03\/viol\u00eancia-na-regi\u00e3o.jpg\",\"width\":1000,\"height\":667,\"caption\":\"Foto - Evento visa a conscientiza\u00e7\u00e3o, preven\u00e7\u00e3o e julgamento de casos de viol\u00eancia dom\u00e9stica \u2014 Foto - Doidam10\/Freepik.\"},{\"@type\":\"BreadcrumbList\",\"@id\":\"https:\/\/radiolifefm.com.br\/noticias\/atividades-de-prevencao-de-casos-de-violencia-domestica-sao-realizadas-em-cinco-cidades-da-nova-alta-paulista\/#breadcrumb\",\"itemListElement\":[{\"@type\":\"ListItem\",\"position\":1,\"name\":\"In\u00edcio\",\"item\":\"https:\/\/radiolifefm.com.br\/noticias\/\"},{\"@type\":\"ListItem\",\"position\":2,\"name\":\"Atividades de preven\u00e7\u00e3o de casos de viol\u00eancia dom\u00e9stica s\u00e3o realizadas em cinco cidades da Nova Alta Paulista\"}]},{\"@type\":\"WebSite\",\"@id\":\"https:\/\/radiolifefm.com.br\/noticias\/#website\",\"url\":\"https:\/\/radiolifefm.com.br\/noticias\/\",\"name\":\"R\u00e1dio Life FM\",\"description\":\"O Portal de Not\u00edcias de Adamantina\",\"publisher\":{\"@id\":\"https:\/\/radiolifefm.com.br\/noticias\/#organization\"},\"alternateName\":\"Life FM\",\"potentialAction\":[{\"@type\":\"SearchAction\",\"target\":{\"@type\":\"EntryPoint\",\"urlTemplate\":\"https:\/\/radiolifefm.com.br\/noticias\/?s={search_term_string}\"},\"query-input\":{\"@type\":\"PropertyValueSpecification\",\"valueRequired\":true,\"valueName\":\"search_term_string\"}}],\"inLanguage\":\"pt-BR\"},{\"@type\":\"Organization\",\"@id\":\"https:\/\/radiolifefm.com.br\/noticias\/#organization\",\"name\":\"R\u00e1dio Life FM\",\"alternateName\":\"Life FM\",\"url\":\"https:\/\/radiolifefm.com.br\/noticias\/\",\"logo\":{\"@type\":\"ImageObject\",\"inLanguage\":\"pt-BR\",\"@id\":\"https:\/\/radiolifefm.com.br\/noticias\/#\/schema\/logo\/image\/\",\"url\":\"https:\/\/static.radiolifefm.com.br\/noticias\/wp-content\/uploads\/2019\/10\/logo-lifefm.png\",\"contentUrl\":\"https:\/\/static.radiolifefm.com.br\/noticias\/wp-content\/uploads\/2019\/10\/logo-lifefm.png\",\"width\":196,\"height\":47,\"caption\":\"R\u00e1dio Life FM\"},\"image\":{\"@id\":\"https:\/\/radiolifefm.com.br\/noticias\/#\/schema\/logo\/image\/\"},\"sameAs\":[\"https:\/\/www.facebook.com\/radiolifefm\/\",\"https:\/\/www.instagram.com\/life1079fm\/\"]},{\"@type\":\"Person\",\"@id\":\"https:\/\/radiolifefm.com.br\/noticias\/#\/schema\/person\/1d4e4b1301322090c6221bf1c8420490\",\"name\":\"lifefm\",\"image\":{\"@type\":\"ImageObject\",\"inLanguage\":\"pt-BR\",\"@id\":\"https:\/\/secure.gravatar.com\/avatar\/eca268467d925ec97d20641bb054fd944c0abb2f92854171620706bbe6474e7c?s=96&d=mm&r=g\",\"url\":\"https:\/\/secure.gravatar.com\/avatar\/eca268467d925ec97d20641bb054fd944c0abb2f92854171620706bbe6474e7c?s=96&d=mm&r=g\",\"contentUrl\":\"https:\/\/secure.gravatar.com\/avatar\/eca268467d925ec97d20641bb054fd944c0abb2f92854171620706bbe6474e7c?s=96&d=mm&r=g\",\"caption\":\"lifefm\"}}]}<\/script>\n<!-- \/ Yoast SEO plugin. -->","yoast_head_json":{"title":"Atividades de preven\u00e7\u00e3o de casos de viol\u00eancia dom\u00e9stica s\u00e3o realizadas em cinco cidades da Nova Alta Paulista - R\u00e1dio Life FM","robots":{"index":"index","follow":"follow","max-snippet":"max-snippet:-1","max-image-preview":"max-image-preview:large","max-video-preview":"max-video-preview:-1"},"canonical":"https:\/\/radiolifefm.com.br\/noticias\/atividades-de-prevencao-de-casos-de-violencia-domestica-sao-realizadas-em-cinco-cidades-da-nova-alta-paulista\/","og_locale":"pt_BR","og_type":"article","og_title":"Atividades de preven\u00e7\u00e3o de casos de viol\u00eancia dom\u00e9stica s\u00e3o realizadas em cinco cidades da Nova Alta Paulista - R\u00e1dio Life FM","og_description":"Adamantina, Fl\u00f3rida Paulista, Mari\u00e1polis, Pacaembu e Irapuru receber\u00e3o a\u00e7\u00f5es que integram a 16\u00aa Semana da Justi\u00e7a Pela Paz em Casa Cinco cidades da Nova Alta Paulista receber\u00e3o atividades da 16\u00aa Semana da Justi\u00e7a Pela Paz em Casa, iniciativa nacional de conscientiza\u00e7\u00e3o, preven\u00e7\u00e3o e julgamento de casos de viol\u00eancia dom\u00e9stica, que acontece entre esta segunda-feira (9) [&hellip;]","og_url":"https:\/\/radiolifefm.com.br\/noticias\/atividades-de-prevencao-de-casos-de-violencia-domestica-sao-realizadas-em-cinco-cidades-da-nova-alta-paulista\/","og_site_name":"R\u00e1dio Life FM","article_publisher":"https:\/\/www.facebook.com\/radiolifefm\/","article_published_time":"2020-03-09T14:07:56+00:00","article_modified_time":"2025-09-12T05:19:13+00:00","og_image":[{"width":1000,"height":667,"url":"https:\/\/static.radiolifefm.com.br\/noticias\/wp-content\/uploads\/2020\/03\/viol\u00eancia-na-regi\u00e3o.jpg","type":"image\/jpeg"}],"author":"lifefm","twitter_card":"summary_large_image","twitter_misc":{"Escrito por":"lifefm","Est. tempo de leitura":"3 minutos"},"schema":{"@context":"https:\/\/schema.org","@graph":[{"@type":"Article","@id":"https:\/\/radiolifefm.com.br\/noticias\/atividades-de-prevencao-de-casos-de-violencia-domestica-sao-realizadas-em-cinco-cidades-da-nova-alta-paulista\/#article","isPartOf":{"@id":"https:\/\/radiolifefm.com.br\/noticias\/atividades-de-prevencao-de-casos-de-violencia-domestica-sao-realizadas-em-cinco-cidades-da-nova-alta-paulista\/"},"author":{"name":"lifefm","@id":"https:\/\/radiolifefm.com.br\/noticias\/#\/schema\/person\/1d4e4b1301322090c6221bf1c8420490"},"headline":"Atividades de preven\u00e7\u00e3o de casos de viol\u00eancia dom\u00e9stica s\u00e3o realizadas em cinco cidades da Nova Alta Paulista","datePublished":"2020-03-09T14:07:56+00:00","dateModified":"2025-09-12T05:19:13+00:00","mainEntityOfPage":{"@id":"https:\/\/radiolifefm.com.br\/noticias\/atividades-de-prevencao-de-casos-de-violencia-domestica-sao-realizadas-em-cinco-cidades-da-nova-alta-paulista\/"},"wordCount":648,"publisher":{"@id":"https:\/\/radiolifefm.com.br\/noticias\/#organization"},"image":{"@id":"https:\/\/radiolifefm.com.br\/noticias\/atividades-de-prevencao-de-casos-de-violencia-domestica-sao-realizadas-em-cinco-cidades-da-nova-alta-paulista\/#primaryimage"},"thumbnailUrl":"https:\/\/radiolifefm.com.br\/noticias\/wp-content\/uploads\/2020\/03\/viol\u00eancia-na-regi\u00e3o.jpg","articleSection":["Regi\u00e3o"],"inLanguage":"pt-BR"},{"@type":"WebPage","@id":"https:\/\/radiolifefm.com.br\/noticias\/atividades-de-prevencao-de-casos-de-violencia-domestica-sao-realizadas-em-cinco-cidades-da-nova-alta-paulista\/","url":"https:\/\/radiolifefm.com.br\/noticias\/atividades-de-prevencao-de-casos-de-violencia-domestica-sao-realizadas-em-cinco-cidades-da-nova-alta-paulista\/","name":"Atividades de preven\u00e7\u00e3o de casos de viol\u00eancia dom\u00e9stica s\u00e3o realizadas em cinco cidades da Nova Alta Paulista - R\u00e1dio Life FM","isPartOf":{"@id":"https:\/\/radiolifefm.com.br\/noticias\/#website"},"primaryImageOfPage":{"@id":"https:\/\/radiolifefm.com.br\/noticias\/atividades-de-prevencao-de-casos-de-violencia-domestica-sao-realizadas-em-cinco-cidades-da-nova-alta-paulista\/#primaryimage"},"image":{"@id":"https:\/\/radiolifefm.com.br\/noticias\/atividades-de-prevencao-de-casos-de-violencia-domestica-sao-realizadas-em-cinco-cidades-da-nova-alta-paulista\/#primaryimage"},"thumbnailUrl":"https:\/\/radiolifefm.com.br\/noticias\/wp-content\/uploads\/2020\/03\/viol\u00eancia-na-regi\u00e3o.jpg","datePublished":"2020-03-09T14:07:56+00:00","dateModified":"2025-09-12T05:19:13+00:00","breadcrumb":{"@id":"https:\/\/radiolifefm.com.br\/noticias\/atividades-de-prevencao-de-casos-de-violencia-domestica-sao-realizadas-em-cinco-cidades-da-nova-alta-paulista\/#breadcrumb"},"inLanguage":"pt-BR","potentialAction":[{"@type":"ReadAction","target":["https:\/\/radiolifefm.com.br\/noticias\/atividades-de-prevencao-de-casos-de-violencia-domestica-sao-realizadas-em-cinco-cidades-da-nova-alta-paulista\/"]}]},{"@type":"ImageObject","inLanguage":"pt-BR","@id":"https:\/\/radiolifefm.com.br\/noticias\/atividades-de-prevencao-de-casos-de-violencia-domestica-sao-realizadas-em-cinco-cidades-da-nova-alta-paulista\/#primaryimage","url":"https:\/\/radiolifefm.com.br\/noticias\/wp-content\/uploads\/2020\/03\/viol\u00eancia-na-regi\u00e3o.jpg","contentUrl":"https:\/\/radiolifefm.com.br\/noticias\/wp-content\/uploads\/2020\/03\/viol\u00eancia-na-regi\u00e3o.jpg","width":1000,"height":667,"caption":"Foto - Evento visa a conscientiza\u00e7\u00e3o, preven\u00e7\u00e3o e julgamento de casos de viol\u00eancia dom\u00e9stica \u2014 Foto - Doidam10\/Freepik."},{"@type":"BreadcrumbList","@id":"https:\/\/radiolifefm.com.br\/noticias\/atividades-de-prevencao-de-casos-de-violencia-domestica-sao-realizadas-em-cinco-cidades-da-nova-alta-paulista\/#breadcrumb","itemListElement":[{"@type":"ListItem","position":1,"name":"In\u00edcio","item":"https:\/\/radiolifefm.com.br\/noticias\/"},{"@type":"ListItem","position":2,"name":"Atividades de preven\u00e7\u00e3o de casos de viol\u00eancia dom\u00e9stica s\u00e3o realizadas em cinco cidades da Nova Alta Paulista"}]},{"@type":"WebSite","@id":"https:\/\/radiolifefm.com.br\/noticias\/#website","url":"https:\/\/radiolifefm.com.br\/noticias\/","name":"R\u00e1dio Life FM","description":"O Portal de Not\u00edcias de Adamantina","publisher":{"@id":"https:\/\/radiolifefm.com.br\/noticias\/#organization"},"alternateName":"Life FM","potentialAction":[{"@type":"SearchAction","target":{"@type":"EntryPoint","urlTemplate":"https:\/\/radiolifefm.com.br\/noticias\/?s={search_term_string}"},"query-input":{"@type":"PropertyValueSpecification","valueRequired":true,"valueName":"search_term_string"}}],"inLanguage":"pt-BR"},{"@type":"Organization","@id":"https:\/\/radiolifefm.com.br\/noticias\/#organization","name":"R\u00e1dio Life FM","alternateName":"Life FM","url":"https:\/\/radiolifefm.com.br\/noticias\/","logo":{"@type":"ImageObject","inLanguage":"pt-BR","@id":"https:\/\/radiolifefm.com.br\/noticias\/#\/schema\/logo\/image\/","url":"https:\/\/static.radiolifefm.com.br\/noticias\/wp-content\/uploads\/2019\/10\/logo-lifefm.png","contentUrl":"https:\/\/static.radiolifefm.com.br\/noticias\/wp-content\/uploads\/2019\/10\/logo-lifefm.png","width":196,"height":47,"caption":"R\u00e1dio Life FM"},"image":{"@id":"https:\/\/radiolifefm.com.br\/noticias\/#\/schema\/logo\/image\/"},"sameAs":["https:\/\/www.facebook.com\/radiolifefm\/","https:\/\/www.instagram.com\/life1079fm\/"]},{"@type":"Person","@id":"https:\/\/radiolifefm.com.br\/noticias\/#\/schema\/person\/1d4e4b1301322090c6221bf1c8420490","name":"lifefm","image":{"@type":"ImageObject","inLanguage":"pt-BR","@id":"https:\/\/secure.gravatar.com\/avatar\/eca268467d925ec97d20641bb054fd944c0abb2f92854171620706bbe6474e7c?s=96&d=mm&r=g","url":"https:\/\/secure.gravatar.com\/avatar\/eca268467d925ec97d20641bb054fd944c0abb2f92854171620706bbe6474e7c?s=96&d=mm&r=g","contentUrl":"https:\/\/secure.gravatar.com\/avatar\/eca268467d925ec97d20641bb054fd944c0abb2f92854171620706bbe6474e7c?s=96&d=mm&r=g","caption":"lifefm"}}]}},"amp_enabled":true,"_links":{"self":[{"href":"https:\/\/radiolifefm.com.br\/noticias\/wp-json\/wp\/v2\/posts\/20829","targetHints":{"allow":["GET"]}}],"collection":[{"href":"https:\/\/radiolifefm.com.br\/noticias\/wp-json\/wp\/v2\/posts"}],"about":[{"href":"https:\/\/radiolifefm.com.br\/noticias\/wp-json\/wp\/v2\/types\/post"}],"author":[{"embeddable":true,"href":"https:\/\/radiolifefm.com.br\/noticias\/wp-json\/wp\/v2\/users\/3"}],"replies":[{"embeddable":true,"href":"https:\/\/radiolifefm.com.br\/noticias\/wp-json\/wp\/v2\/comments?post=20829"}],"version-history":[{"count":1,"href":"https:\/\/radiolifefm.com.br\/noticias\/wp-json\/wp\/v2\/posts\/20829\/revisions"}],"predecessor-version":[{"id":20831,"href":"https:\/\/radiolifefm.com.br\/noticias\/wp-json\/wp\/v2\/posts\/20829\/revisions\/20831"}],"wp:featuredmedia":[{"embeddable":true,"href":"https:\/\/radiolifefm.com.br\/noticias\/wp-json\/wp\/v2\/media\/20830"}],"wp:attachment":[{"href":"https:\/\/radiolifefm.com.br\/noticias\/wp-json\/wp\/v2\/media?parent=20829"}],"wp:term":[{"taxonomy":"category","embeddable":true,"href":"https:\/\/radiolifefm.com.br\/noticias\/wp-json\/wp\/v2\/categories?post=20829"},{"taxonomy":"post_tag","embeddable":true,"href":"https:\/\/radiolifefm.com.br\/noticias\/wp-json\/wp\/v2\/tags?post=20829"}],"curies":[{"name":"wp","href":"https:\/\/api.w.org\/{rel}","templated":true}]}}