{"id":20805,"date":"2020-03-09T09:28:06","date_gmt":"2020-03-09T12:28:06","guid":{"rendered":"https:\/\/radiolifefm.com.br\/noticias\/?p=20805"},"modified":"2026-04-17T12:56:31","modified_gmt":"2026-04-17T15:56:31","slug":"cocipa-realiza-workshop-sobre-mesa-posta-e-saladas-neste-sabado","status":"publish","type":"post","link":"https:\/\/radiolifefm.com.br\/noticias\/cocipa-realiza-workshop-sobre-mesa-posta-e-saladas-neste-sabado\/","title":{"rendered":"Cocipa realiza workshop sobre mesa posta e saladas neste s\u00e1bado"},"content":{"rendered":"<div id=\"fb-root\"><\/div>\n<p><em>O evento foi realizado no Espa\u00e7o Home Decor e os convidados foram Paulo Perissoto e Simone Pessa<\/em><\/p>\n<p>A Cocipa, sempre atenta a todas as novidades e tend\u00eancias da fam\u00edlia, busca oferecer oportunidades de novas experi\u00eancias com os melhores profissionais do mercado com a realiza\u00e7\u00e3o de eventos diversos e palestras sobre temas relacionados ao seu cotidiano.<\/p>\n<p>No \u00faltimo s\u00e1bado (07), foi realizado mais um grande evento em seu Espa\u00e7o Home Decor, desta vez sobre a mesa posta e as pe\u00e7as mais modernas que podem ser utilizadas, al\u00e9m de v\u00e1rios tipos de decora\u00e7\u00e3o para momentos diversos das fam\u00edlias e festas em geral.<\/p>\n<p>O primeiro Workshop foi ministrado pelo florista e decorador de interiores, o experiente Paulo Perissoto, que veio atrav\u00e9s da empresa Porto Brasil Cer\u00e2micas, de Porto Ferreira, que trouxe os \u00faltimos lan\u00e7amentos em porcelanas, baixelas e outras pe\u00e7as que comp\u00f5em a mesa com simplicidade, luxo e beleza, de acordo com cada momento, onde o importante \u00e9 receber bem os convidados e familiares.<\/p>\n<p>Na sequ\u00eancia, a Chefe de Cozinha, Simone Pessa, especialista em gastronomia, ministrou Workshop sobre saladas, apresentando novas formas de preparo, decora\u00e7\u00e3o, receitas utilizando vegetais e gr\u00e3os, folhas diversas, no preparo de saladas que tornam a alimenta\u00e7\u00e3o mais leve e saud\u00e1vel.<\/p>\n<p>O evento come\u00e7ou com um Coffe Breack, recebendo muitas pessoas de toda a regi\u00e3o que foram prestigiar o evento e conhecer as novidades apresentadas.<\/p>\n<p>Cocipa em mais um evento de sucesso.<\/p>\n<div class='flex flex-wrap items-center -mx-1'>\r\n<a class='thumbnail gallery p-1 w-1\/2 md:w-1\/4' href='https:\/\/radiolifefm.com.br\/noticias\/wp-content\/uploads\/2020\/03\/Cocipa-home.jpg'><img class='border border-white' src='https:\/\/radiolifefm.com.br\/noticias\/wp-content\/uploads\/2020\/03\/Cocipa-home-200x200.jpg' alt='Cocipa Home' \/><\/a><a class='thumbnail gallery p-1 w-1\/2 md:w-1\/4' href='https:\/\/radiolifefm.com.br\/noticias\/wp-content\/uploads\/2020\/03\/Cocipa-home-1.jpg'><img class='border border-white' src='https:\/\/radiolifefm.com.br\/noticias\/wp-content\/uploads\/2020\/03\/Cocipa-home-1-200x200.jpg' alt='Cocipa Home   1' \/><\/a><a class='thumbnail gallery p-1 w-1\/2 md:w-1\/4' href='https:\/\/radiolifefm.com.br\/noticias\/wp-content\/uploads\/2020\/03\/Cocipa-home-2.jpg'><img class='border border-white' src='https:\/\/radiolifefm.com.br\/noticias\/wp-content\/uploads\/2020\/03\/Cocipa-home-2-200x200.jpg' alt='Cocipa Home   2' \/><\/a><a class='thumbnail gallery p-1 w-1\/2 md:w-1\/4' href='https:\/\/radiolifefm.com.br\/noticias\/wp-content\/uploads\/2020\/03\/Cocipa-home-4.jpg'><img class='border border-white' src='https:\/\/radiolifefm.com.br\/noticias\/wp-content\/uploads\/2020\/03\/Cocipa-home-4-200x200.jpg' alt='Cocipa Home   4' \/><\/a><a class='thumbnail gallery p-1 w-1\/2 md:w-1\/4' href='https:\/\/radiolifefm.com.br\/noticias\/wp-content\/uploads\/2020\/03\/Cocipa-home-5.jpg'><img class='border border-white' src='https:\/\/radiolifefm.com.br\/noticias\/wp-content\/uploads\/2020\/03\/Cocipa-home-5-200x200.jpg' alt='Cocipa Home   5' \/><\/a><\/div>\n<p>Reda\u00e7\u00e3o &#8211; Kako de Oliveira<\/p>\n","protected":false},"excerpt":{"rendered":"<p>O evento foi realizado no Espa\u00e7o Home Decor e os convidados foram Paulo Perissoto e Simone Pessa A Cocipa, sempre atenta a todas as novidades e tend\u00eancias da fam\u00edlia, busca oferecer oportunidades de novas experi\u00eancias com os melhores profissionais do mercado com a realiza\u00e7\u00e3o de eventos diversos e palestras sobre temas relacionados ao seu cotidiano. [&hellip;]<\/p>\n","protected":false},"author":3,"featured_media":20809,"comment_status":"closed","ping_status":"open","sticky":false,"template":"","format":"standard","meta":{"_acf_changed":false,"_exactmetrics_skip_tracking":false,"_exactmetrics_sitenote_active":false,"_exactmetrics_sitenote_note":"","_exactmetrics_sitenote_category":0,"footnotes":""},"categories":[24],"tags":[],"class_list":["post-20805","post","type-post","status-publish","format-standard","has-post-thumbnail","hentry","category-regiao"],"acf":[],"yoast_head":"<!-- This site is optimized with the Yoast SEO plugin v27.2 - https:\/\/yoast.com\/product\/yoast-seo-wordpress\/ -->\n<title>Cocipa realiza workshop sobre mesa posta e saladas neste s\u00e1bado - R\u00e1dio Life FM<\/title>\n<meta name=\"robots\" content=\"index, follow, max-snippet:-1, max-image-preview:large, max-video-preview:-1\" \/>\n<link rel=\"canonical\" href=\"https:\/\/radiolifefm.com.br\/noticias\/cocipa-realiza-workshop-sobre-mesa-posta-e-saladas-neste-sabado\/\" \/>\n<meta property=\"og:locale\" content=\"pt_BR\" \/>\n<meta property=\"og:type\" content=\"article\" \/>\n<meta property=\"og:title\" content=\"Cocipa realiza workshop sobre mesa posta e saladas neste s\u00e1bado - R\u00e1dio Life FM\" \/>\n<meta property=\"og:description\" content=\"O evento foi realizado no Espa\u00e7o Home Decor e os convidados foram Paulo Perissoto e Simone Pessa A Cocipa, sempre atenta a todas as novidades e tend\u00eancias da fam\u00edlia, busca oferecer oportunidades de novas experi\u00eancias com os melhores profissionais do mercado com a realiza\u00e7\u00e3o de eventos diversos e palestras sobre temas relacionados ao seu cotidiano. [&hellip;]\" \/>\n<meta property=\"og:url\" content=\"https:\/\/radiolifefm.com.br\/noticias\/cocipa-realiza-workshop-sobre-mesa-posta-e-saladas-neste-sabado\/\" \/>\n<meta property=\"og:site_name\" content=\"R\u00e1dio Life FM\" \/>\n<meta property=\"article:publisher\" content=\"https:\/\/www.facebook.com\/radiolifefm\/\" \/>\n<meta property=\"article:published_time\" content=\"2020-03-09T12:28:06+00:00\" \/>\n<meta property=\"article:modified_time\" content=\"2026-04-17T15:56:31+00:00\" \/>\n<meta property=\"og:image\" content=\"https:\/\/radiolifefm.com.br\/noticias\/wp-content\/uploads\/2020\/03\/Cocipa-home-3.jpg\" \/>\n\t<meta property=\"og:image:width\" content=\"1280\" \/>\n\t<meta property=\"og:image:height\" content=\"1280\" \/>\n\t<meta property=\"og:image:type\" content=\"image\/jpeg\" \/>\n<meta name=\"author\" content=\"lifefm\" \/>\n<meta name=\"twitter:card\" content=\"summary_large_image\" \/>\n<meta name=\"twitter:label1\" content=\"Escrito por\" \/>\n\t<meta name=\"twitter:data1\" content=\"lifefm\" \/>\n\t<meta name=\"twitter:label2\" content=\"Est. tempo de leitura\" \/>\n\t<meta name=\"twitter:data2\" content=\"1 minuto\" \/>\n<script type=\"application\/ld+json\" class=\"yoast-schema-graph\">{\"@context\":\"https:\/\/schema.org\",\"@graph\":[{\"@type\":\"Article\",\"@id\":\"https:\/\/radiolifefm.com.br\/noticias\/cocipa-realiza-workshop-sobre-mesa-posta-e-saladas-neste-sabado\/#article\",\"isPartOf\":{\"@id\":\"https:\/\/radiolifefm.com.br\/noticias\/cocipa-realiza-workshop-sobre-mesa-posta-e-saladas-neste-sabado\/\"},\"author\":{\"name\":\"lifefm\",\"@id\":\"https:\/\/radiolifefm.com.br\/noticias\/#\/schema\/person\/1d4e4b1301322090c6221bf1c8420490\"},\"headline\":\"Cocipa realiza workshop sobre mesa posta e saladas neste s\u00e1bado\",\"datePublished\":\"2020-03-09T12:28:06+00:00\",\"dateModified\":\"2026-04-17T15:56:31+00:00\",\"mainEntityOfPage\":{\"@id\":\"https:\/\/radiolifefm.com.br\/noticias\/cocipa-realiza-workshop-sobre-mesa-posta-e-saladas-neste-sabado\/\"},\"wordCount\":273,\"publisher\":{\"@id\":\"https:\/\/radiolifefm.com.br\/noticias\/#organization\"},\"image\":{\"@id\":\"https:\/\/radiolifefm.com.br\/noticias\/cocipa-realiza-workshop-sobre-mesa-posta-e-saladas-neste-sabado\/#primaryimage\"},\"thumbnailUrl\":\"https:\/\/radiolifefm.com.br\/noticias\/wp-content\/uploads\/2020\/03\/Cocipa-home-3.jpg\",\"articleSection\":[\"Regi\u00e3o\"],\"inLanguage\":\"pt-BR\"},{\"@type\":\"WebPage\",\"@id\":\"https:\/\/radiolifefm.com.br\/noticias\/cocipa-realiza-workshop-sobre-mesa-posta-e-saladas-neste-sabado\/\",\"url\":\"https:\/\/radiolifefm.com.br\/noticias\/cocipa-realiza-workshop-sobre-mesa-posta-e-saladas-neste-sabado\/\",\"name\":\"Cocipa realiza workshop sobre mesa posta e saladas neste s\u00e1bado - R\u00e1dio Life FM\",\"isPartOf\":{\"@id\":\"https:\/\/radiolifefm.com.br\/noticias\/#website\"},\"primaryImageOfPage\":{\"@id\":\"https:\/\/radiolifefm.com.br\/noticias\/cocipa-realiza-workshop-sobre-mesa-posta-e-saladas-neste-sabado\/#primaryimage\"},\"image\":{\"@id\":\"https:\/\/radiolifefm.com.br\/noticias\/cocipa-realiza-workshop-sobre-mesa-posta-e-saladas-neste-sabado\/#primaryimage\"},\"thumbnailUrl\":\"https:\/\/radiolifefm.com.br\/noticias\/wp-content\/uploads\/2020\/03\/Cocipa-home-3.jpg\",\"datePublished\":\"2020-03-09T12:28:06+00:00\",\"dateModified\":\"2026-04-17T15:56:31+00:00\",\"breadcrumb\":{\"@id\":\"https:\/\/radiolifefm.com.br\/noticias\/cocipa-realiza-workshop-sobre-mesa-posta-e-saladas-neste-sabado\/#breadcrumb\"},\"inLanguage\":\"pt-BR\",\"potentialAction\":[{\"@type\":\"ReadAction\",\"target\":[\"https:\/\/radiolifefm.com.br\/noticias\/cocipa-realiza-workshop-sobre-mesa-posta-e-saladas-neste-sabado\/\"]}]},{\"@type\":\"ImageObject\",\"inLanguage\":\"pt-BR\",\"@id\":\"https:\/\/radiolifefm.com.br\/noticias\/cocipa-realiza-workshop-sobre-mesa-posta-e-saladas-neste-sabado\/#primaryimage\",\"url\":\"https:\/\/radiolifefm.com.br\/noticias\/wp-content\/uploads\/2020\/03\/Cocipa-home-3.jpg\",\"contentUrl\":\"https:\/\/radiolifefm.com.br\/noticias\/wp-content\/uploads\/2020\/03\/Cocipa-home-3.jpg\",\"width\":1280,\"height\":1280,\"caption\":\"Espa\u00e7o Home Decor da Cocipa recebeu os convidados para mais esse evento importante - Fotos - Kako de Oliveira.\"},{\"@type\":\"BreadcrumbList\",\"@id\":\"https:\/\/radiolifefm.com.br\/noticias\/cocipa-realiza-workshop-sobre-mesa-posta-e-saladas-neste-sabado\/#breadcrumb\",\"itemListElement\":[{\"@type\":\"ListItem\",\"position\":1,\"name\":\"In\u00edcio\",\"item\":\"https:\/\/radiolifefm.com.br\/noticias\/\"},{\"@type\":\"ListItem\",\"position\":2,\"name\":\"Cocipa realiza workshop sobre mesa posta e saladas neste s\u00e1bado\"}]},{\"@type\":\"WebSite\",\"@id\":\"https:\/\/radiolifefm.com.br\/noticias\/#website\",\"url\":\"https:\/\/radiolifefm.com.br\/noticias\/\",\"name\":\"R\u00e1dio Life FM\",\"description\":\"O Portal de Not\u00edcias de Adamantina\",\"publisher\":{\"@id\":\"https:\/\/radiolifefm.com.br\/noticias\/#organization\"},\"alternateName\":\"Life FM\",\"potentialAction\":[{\"@type\":\"SearchAction\",\"target\":{\"@type\":\"EntryPoint\",\"urlTemplate\":\"https:\/\/radiolifefm.com.br\/noticias\/?s={search_term_string}\"},\"query-input\":{\"@type\":\"PropertyValueSpecification\",\"valueRequired\":true,\"valueName\":\"search_term_string\"}}],\"inLanguage\":\"pt-BR\"},{\"@type\":\"Organization\",\"@id\":\"https:\/\/radiolifefm.com.br\/noticias\/#organization\",\"name\":\"R\u00e1dio Life FM\",\"alternateName\":\"Life FM\",\"url\":\"https:\/\/radiolifefm.com.br\/noticias\/\",\"logo\":{\"@type\":\"ImageObject\",\"inLanguage\":\"pt-BR\",\"@id\":\"https:\/\/radiolifefm.com.br\/noticias\/#\/schema\/logo\/image\/\",\"url\":\"https:\/\/static.radiolifefm.com.br\/noticias\/wp-content\/uploads\/2019\/10\/logo-lifefm.png\",\"contentUrl\":\"https:\/\/static.radiolifefm.com.br\/noticias\/wp-content\/uploads\/2019\/10\/logo-lifefm.png\",\"width\":196,\"height\":47,\"caption\":\"R\u00e1dio Life FM\"},\"image\":{\"@id\":\"https:\/\/radiolifefm.com.br\/noticias\/#\/schema\/logo\/image\/\"},\"sameAs\":[\"https:\/\/www.facebook.com\/radiolifefm\/\",\"https:\/\/www.instagram.com\/life1079fm\/\"]},{\"@type\":\"Person\",\"@id\":\"https:\/\/radiolifefm.com.br\/noticias\/#\/schema\/person\/1d4e4b1301322090c6221bf1c8420490\",\"name\":\"lifefm\",\"image\":{\"@type\":\"ImageObject\",\"inLanguage\":\"pt-BR\",\"@id\":\"https:\/\/secure.gravatar.com\/avatar\/eca268467d925ec97d20641bb054fd944c0abb2f92854171620706bbe6474e7c?s=96&d=mm&r=g\",\"url\":\"https:\/\/secure.gravatar.com\/avatar\/eca268467d925ec97d20641bb054fd944c0abb2f92854171620706bbe6474e7c?s=96&d=mm&r=g\",\"contentUrl\":\"https:\/\/secure.gravatar.com\/avatar\/eca268467d925ec97d20641bb054fd944c0abb2f92854171620706bbe6474e7c?s=96&d=mm&r=g\",\"caption\":\"lifefm\"}}]}<\/script>\n<!-- \/ Yoast SEO plugin. -->","yoast_head_json":{"title":"Cocipa realiza workshop sobre mesa posta e saladas neste s\u00e1bado - R\u00e1dio Life FM","robots":{"index":"index","follow":"follow","max-snippet":"max-snippet:-1","max-image-preview":"max-image-preview:large","max-video-preview":"max-video-preview:-1"},"canonical":"https:\/\/radiolifefm.com.br\/noticias\/cocipa-realiza-workshop-sobre-mesa-posta-e-saladas-neste-sabado\/","og_locale":"pt_BR","og_type":"article","og_title":"Cocipa realiza workshop sobre mesa posta e saladas neste s\u00e1bado - R\u00e1dio Life FM","og_description":"O evento foi realizado no Espa\u00e7o Home Decor e os convidados foram Paulo Perissoto e Simone Pessa A Cocipa, sempre atenta a todas as novidades e tend\u00eancias da fam\u00edlia, busca oferecer oportunidades de novas experi\u00eancias com os melhores profissionais do mercado com a realiza\u00e7\u00e3o de eventos diversos e palestras sobre temas relacionados ao seu cotidiano. [&hellip;]","og_url":"https:\/\/radiolifefm.com.br\/noticias\/cocipa-realiza-workshop-sobre-mesa-posta-e-saladas-neste-sabado\/","og_site_name":"R\u00e1dio Life FM","article_publisher":"https:\/\/www.facebook.com\/radiolifefm\/","article_published_time":"2020-03-09T12:28:06+00:00","article_modified_time":"2026-04-17T15:56:31+00:00","og_image":[{"width":1280,"height":1280,"url":"https:\/\/radiolifefm.com.br\/noticias\/wp-content\/uploads\/2020\/03\/Cocipa-home-3.jpg","type":"image\/jpeg"}],"author":"lifefm","twitter_card":"summary_large_image","twitter_misc":{"Escrito por":"lifefm","Est. tempo de leitura":"1 minuto"},"schema":{"@context":"https:\/\/schema.org","@graph":[{"@type":"Article","@id":"https:\/\/radiolifefm.com.br\/noticias\/cocipa-realiza-workshop-sobre-mesa-posta-e-saladas-neste-sabado\/#article","isPartOf":{"@id":"https:\/\/radiolifefm.com.br\/noticias\/cocipa-realiza-workshop-sobre-mesa-posta-e-saladas-neste-sabado\/"},"author":{"name":"lifefm","@id":"https:\/\/radiolifefm.com.br\/noticias\/#\/schema\/person\/1d4e4b1301322090c6221bf1c8420490"},"headline":"Cocipa realiza workshop sobre mesa posta e saladas neste s\u00e1bado","datePublished":"2020-03-09T12:28:06+00:00","dateModified":"2026-04-17T15:56:31+00:00","mainEntityOfPage":{"@id":"https:\/\/radiolifefm.com.br\/noticias\/cocipa-realiza-workshop-sobre-mesa-posta-e-saladas-neste-sabado\/"},"wordCount":273,"publisher":{"@id":"https:\/\/radiolifefm.com.br\/noticias\/#organization"},"image":{"@id":"https:\/\/radiolifefm.com.br\/noticias\/cocipa-realiza-workshop-sobre-mesa-posta-e-saladas-neste-sabado\/#primaryimage"},"thumbnailUrl":"https:\/\/radiolifefm.com.br\/noticias\/wp-content\/uploads\/2020\/03\/Cocipa-home-3.jpg","articleSection":["Regi\u00e3o"],"inLanguage":"pt-BR"},{"@type":"WebPage","@id":"https:\/\/radiolifefm.com.br\/noticias\/cocipa-realiza-workshop-sobre-mesa-posta-e-saladas-neste-sabado\/","url":"https:\/\/radiolifefm.com.br\/noticias\/cocipa-realiza-workshop-sobre-mesa-posta-e-saladas-neste-sabado\/","name":"Cocipa realiza workshop sobre mesa posta e saladas neste s\u00e1bado - R\u00e1dio Life FM","isPartOf":{"@id":"https:\/\/radiolifefm.com.br\/noticias\/#website"},"primaryImageOfPage":{"@id":"https:\/\/radiolifefm.com.br\/noticias\/cocipa-realiza-workshop-sobre-mesa-posta-e-saladas-neste-sabado\/#primaryimage"},"image":{"@id":"https:\/\/radiolifefm.com.br\/noticias\/cocipa-realiza-workshop-sobre-mesa-posta-e-saladas-neste-sabado\/#primaryimage"},"thumbnailUrl":"https:\/\/radiolifefm.com.br\/noticias\/wp-content\/uploads\/2020\/03\/Cocipa-home-3.jpg","datePublished":"2020-03-09T12:28:06+00:00","dateModified":"2026-04-17T15:56:31+00:00","breadcrumb":{"@id":"https:\/\/radiolifefm.com.br\/noticias\/cocipa-realiza-workshop-sobre-mesa-posta-e-saladas-neste-sabado\/#breadcrumb"},"inLanguage":"pt-BR","potentialAction":[{"@type":"ReadAction","target":["https:\/\/radiolifefm.com.br\/noticias\/cocipa-realiza-workshop-sobre-mesa-posta-e-saladas-neste-sabado\/"]}]},{"@type":"ImageObject","inLanguage":"pt-BR","@id":"https:\/\/radiolifefm.com.br\/noticias\/cocipa-realiza-workshop-sobre-mesa-posta-e-saladas-neste-sabado\/#primaryimage","url":"https:\/\/radiolifefm.com.br\/noticias\/wp-content\/uploads\/2020\/03\/Cocipa-home-3.jpg","contentUrl":"https:\/\/radiolifefm.com.br\/noticias\/wp-content\/uploads\/2020\/03\/Cocipa-home-3.jpg","width":1280,"height":1280,"caption":"Espa\u00e7o Home Decor da Cocipa recebeu os convidados para mais esse evento importante - Fotos - Kako de Oliveira."},{"@type":"BreadcrumbList","@id":"https:\/\/radiolifefm.com.br\/noticias\/cocipa-realiza-workshop-sobre-mesa-posta-e-saladas-neste-sabado\/#breadcrumb","itemListElement":[{"@type":"ListItem","position":1,"name":"In\u00edcio","item":"https:\/\/radiolifefm.com.br\/noticias\/"},{"@type":"ListItem","position":2,"name":"Cocipa realiza workshop sobre mesa posta e saladas neste s\u00e1bado"}]},{"@type":"WebSite","@id":"https:\/\/radiolifefm.com.br\/noticias\/#website","url":"https:\/\/radiolifefm.com.br\/noticias\/","name":"R\u00e1dio Life FM","description":"O Portal de Not\u00edcias de Adamantina","publisher":{"@id":"https:\/\/radiolifefm.com.br\/noticias\/#organization"},"alternateName":"Life FM","potentialAction":[{"@type":"SearchAction","target":{"@type":"EntryPoint","urlTemplate":"https:\/\/radiolifefm.com.br\/noticias\/?s={search_term_string}"},"query-input":{"@type":"PropertyValueSpecification","valueRequired":true,"valueName":"search_term_string"}}],"inLanguage":"pt-BR"},{"@type":"Organization","@id":"https:\/\/radiolifefm.com.br\/noticias\/#organization","name":"R\u00e1dio Life FM","alternateName":"Life FM","url":"https:\/\/radiolifefm.com.br\/noticias\/","logo":{"@type":"ImageObject","inLanguage":"pt-BR","@id":"https:\/\/radiolifefm.com.br\/noticias\/#\/schema\/logo\/image\/","url":"https:\/\/static.radiolifefm.com.br\/noticias\/wp-content\/uploads\/2019\/10\/logo-lifefm.png","contentUrl":"https:\/\/static.radiolifefm.com.br\/noticias\/wp-content\/uploads\/2019\/10\/logo-lifefm.png","width":196,"height":47,"caption":"R\u00e1dio Life FM"},"image":{"@id":"https:\/\/radiolifefm.com.br\/noticias\/#\/schema\/logo\/image\/"},"sameAs":["https:\/\/www.facebook.com\/radiolifefm\/","https:\/\/www.instagram.com\/life1079fm\/"]},{"@type":"Person","@id":"https:\/\/radiolifefm.com.br\/noticias\/#\/schema\/person\/1d4e4b1301322090c6221bf1c8420490","name":"lifefm","image":{"@type":"ImageObject","inLanguage":"pt-BR","@id":"https:\/\/secure.gravatar.com\/avatar\/eca268467d925ec97d20641bb054fd944c0abb2f92854171620706bbe6474e7c?s=96&d=mm&r=g","url":"https:\/\/secure.gravatar.com\/avatar\/eca268467d925ec97d20641bb054fd944c0abb2f92854171620706bbe6474e7c?s=96&d=mm&r=g","contentUrl":"https:\/\/secure.gravatar.com\/avatar\/eca268467d925ec97d20641bb054fd944c0abb2f92854171620706bbe6474e7c?s=96&d=mm&r=g","caption":"lifefm"}}]}},"amp_enabled":true,"_links":{"self":[{"href":"https:\/\/radiolifefm.com.br\/noticias\/wp-json\/wp\/v2\/posts\/20805","targetHints":{"allow":["GET"]}}],"collection":[{"href":"https:\/\/radiolifefm.com.br\/noticias\/wp-json\/wp\/v2\/posts"}],"about":[{"href":"https:\/\/radiolifefm.com.br\/noticias\/wp-json\/wp\/v2\/types\/post"}],"author":[{"embeddable":true,"href":"https:\/\/radiolifefm.com.br\/noticias\/wp-json\/wp\/v2\/users\/3"}],"replies":[{"embeddable":true,"href":"https:\/\/radiolifefm.com.br\/noticias\/wp-json\/wp\/v2\/comments?post=20805"}],"version-history":[{"count":1,"href":"https:\/\/radiolifefm.com.br\/noticias\/wp-json\/wp\/v2\/posts\/20805\/revisions"}],"predecessor-version":[{"id":20812,"href":"https:\/\/radiolifefm.com.br\/noticias\/wp-json\/wp\/v2\/posts\/20805\/revisions\/20812"}],"wp:featuredmedia":[{"embeddable":true,"href":"https:\/\/radiolifefm.com.br\/noticias\/wp-json\/wp\/v2\/media\/20809"}],"wp:attachment":[{"href":"https:\/\/radiolifefm.com.br\/noticias\/wp-json\/wp\/v2\/media?parent=20805"}],"wp:term":[{"taxonomy":"category","embeddable":true,"href":"https:\/\/radiolifefm.com.br\/noticias\/wp-json\/wp\/v2\/categories?post=20805"},{"taxonomy":"post_tag","embeddable":true,"href":"https:\/\/radiolifefm.com.br\/noticias\/wp-json\/wp\/v2\/tags?post=20805"}],"curies":[{"name":"wp","href":"https:\/\/api.w.org\/{rel}","templated":true}]}}