{"id":20763,"date":"2020-03-05T10:30:45","date_gmt":"2020-03-05T13:30:45","guid":{"rendered":"https:\/\/radiolifefm.com.br\/noticias\/?p=20763"},"modified":"2026-04-24T11:10:29","modified_gmt":"2026-04-24T14:10:29","slug":"idosa-morre-durante-tratamento-de-extracao-de-dentes-em-clinica-odontologica-em-presidente-prudente","status":"publish","type":"post","link":"https:\/\/radiolifefm.com.br\/noticias\/idosa-morre-durante-tratamento-de-extracao-de-dentes-em-clinica-odontologica-em-presidente-prudente\/","title":{"rendered":"Idosa morre durante tratamento de extra\u00e7\u00e3o de dentes em cl\u00ednica odontol\u00f3gica em Presidente Prudente"},"content":{"rendered":"<div id=\"fb-root\"><\/div>\n<p><em>Filha da v\u00edtima informou no Boletim de Ocorr\u00eancia que sua m\u00e3e fazia uso de medicamento para enfermidade do cora\u00e7\u00e3o. Caso foi registrado na Pol\u00edcia Civil como morte suspeita<\/em><\/p>\n<p>Uma mulher de 74 anos morreu enquanto realizava um tratamento de extra\u00e7\u00e3o de dentes em uma cl\u00ednica odontol\u00f3gica, em Presidente Prudente, nesta quarta-feira (4).<\/p>\n<p>O caso foi registrado como morte suspeita na Delegacia Participativa da Pol\u00edcia Civil.<\/p>\n<p>A filha da v\u00edtima declarou no Boletim de Ocorr\u00eancia que sua m\u00e3e passava por um tratamento dent\u00e1rio de extra\u00e7\u00e3o de dentes, quando na tarde desta quarta-feira, ao arrancar mais dois dentes, passou mal enquanto era atendida na cadeira.<\/p>\n<p>O atendimento foi interrompido pela dentista que fazia o procedimento, a qual foi relacionada como testemunha na ocorr\u00eancia.<\/p>\n<p>A v\u00edtima se levantou, foi auxiliada por funcion\u00e1rios que a levaram para beber \u00e1gua na recep\u00e7\u00e3o e, nesse momento, caiu da cadeira em que estava, conforme o documento policial.<\/p>\n<p>Imediatamente, ainda com vida e respirando, a idosa foi levada para se deitar em uma maca e ser atendida por um m\u00e9dico da mesma cl\u00ednica, mas morreu nesse momento, \u00e0s 15h29, segundo o boletim.<\/p>\n<p>Ainda de acordo com a ocorr\u00eancia, a filha da v\u00edtima informou que sua m\u00e3e fazia uso de medicamento para enfermidade do cora\u00e7\u00e3o.<\/p>\n<p>A per\u00edcia compareceu ao local.<\/p>\n<p>A Pol\u00edcia Civil investiga o caso.<\/p>\n<p>&nbsp;<\/p>\n<p>Por G1 Presidente Prudente<\/p>\n","protected":false},"excerpt":{"rendered":"<p>Filha da v\u00edtima informou no Boletim de Ocorr\u00eancia que sua m\u00e3e fazia uso de medicamento para enfermidade do cora\u00e7\u00e3o. Caso foi registrado na Pol\u00edcia Civil como morte suspeita Uma mulher de 74 anos morreu enquanto realizava um tratamento de extra\u00e7\u00e3o de dentes em uma cl\u00ednica odontol\u00f3gica, em Presidente Prudente, nesta quarta-feira (4). O caso foi [&hellip;]<\/p>\n","protected":false},"author":3,"featured_media":20767,"comment_status":"closed","ping_status":"open","sticky":false,"template":"","format":"standard","meta":{"_acf_changed":false,"_exactmetrics_skip_tracking":false,"_exactmetrics_sitenote_active":false,"_exactmetrics_sitenote_note":"","_exactmetrics_sitenote_category":0,"footnotes":""},"categories":[24],"tags":[],"class_list":["post-20763","post","type-post","status-publish","format-standard","has-post-thumbnail","hentry","category-regiao"],"acf":[],"yoast_head":"<!-- This site is optimized with the Yoast SEO plugin v27.2 - https:\/\/yoast.com\/product\/yoast-seo-wordpress\/ -->\n<title>Idosa morre durante tratamento de extra\u00e7\u00e3o de dentes em cl\u00ednica odontol\u00f3gica em Presidente Prudente - R\u00e1dio Life FM<\/title>\n<meta name=\"robots\" content=\"index, follow, max-snippet:-1, max-image-preview:large, max-video-preview:-1\" \/>\n<link rel=\"canonical\" href=\"https:\/\/radiolifefm.com.br\/noticias\/idosa-morre-durante-tratamento-de-extracao-de-dentes-em-clinica-odontologica-em-presidente-prudente\/\" \/>\n<meta property=\"og:locale\" content=\"pt_BR\" \/>\n<meta property=\"og:type\" content=\"article\" \/>\n<meta property=\"og:title\" content=\"Idosa morre durante tratamento de extra\u00e7\u00e3o de dentes em cl\u00ednica odontol\u00f3gica em Presidente Prudente - R\u00e1dio Life FM\" \/>\n<meta property=\"og:description\" content=\"Filha da v\u00edtima informou no Boletim de Ocorr\u00eancia que sua m\u00e3e fazia uso de medicamento para enfermidade do cora\u00e7\u00e3o. Caso foi registrado na Pol\u00edcia Civil como morte suspeita Uma mulher de 74 anos morreu enquanto realizava um tratamento de extra\u00e7\u00e3o de dentes em uma cl\u00ednica odontol\u00f3gica, em Presidente Prudente, nesta quarta-feira (4). O caso foi [&hellip;]\" \/>\n<meta property=\"og:url\" content=\"https:\/\/radiolifefm.com.br\/noticias\/idosa-morre-durante-tratamento-de-extracao-de-dentes-em-clinica-odontologica-em-presidente-prudente\/\" \/>\n<meta property=\"og:site_name\" content=\"R\u00e1dio Life FM\" \/>\n<meta property=\"article:publisher\" content=\"https:\/\/www.facebook.com\/radiolifefm\/\" \/>\n<meta property=\"article:published_time\" content=\"2020-03-05T13:30:45+00:00\" \/>\n<meta property=\"article:modified_time\" content=\"2026-04-24T14:10:29+00:00\" \/>\n<meta property=\"og:image\" content=\"https:\/\/radiolifefm.com.br\/noticias\/wp-content\/uploads\/2020\/03\/Tratamento-dent\u00e1rio-Imagem_Cortada.jpg\" \/>\n\t<meta property=\"og:image:width\" content=\"1200\" \/>\n\t<meta property=\"og:image:height\" content=\"630\" \/>\n\t<meta property=\"og:image:type\" content=\"image\/jpeg\" \/>\n<meta name=\"author\" content=\"lifefm\" \/>\n<meta name=\"twitter:card\" content=\"summary_large_image\" \/>\n<meta name=\"twitter:label1\" content=\"Escrito por\" \/>\n\t<meta name=\"twitter:data1\" content=\"lifefm\" \/>\n\t<meta name=\"twitter:label2\" content=\"Est. tempo de leitura\" \/>\n\t<meta name=\"twitter:data2\" content=\"1 minuto\" \/>\n<script type=\"application\/ld+json\" class=\"yoast-schema-graph\">{\"@context\":\"https:\/\/schema.org\",\"@graph\":[{\"@type\":\"Article\",\"@id\":\"https:\/\/radiolifefm.com.br\/noticias\/idosa-morre-durante-tratamento-de-extracao-de-dentes-em-clinica-odontologica-em-presidente-prudente\/#article\",\"isPartOf\":{\"@id\":\"https:\/\/radiolifefm.com.br\/noticias\/idosa-morre-durante-tratamento-de-extracao-de-dentes-em-clinica-odontologica-em-presidente-prudente\/\"},\"author\":{\"name\":\"lifefm\",\"@id\":\"https:\/\/radiolifefm.com.br\/noticias\/#\/schema\/person\/1d4e4b1301322090c6221bf1c8420490\"},\"headline\":\"Idosa morre durante tratamento de extra\u00e7\u00e3o de dentes em cl\u00ednica odontol\u00f3gica em Presidente Prudente\",\"datePublished\":\"2020-03-05T13:30:45+00:00\",\"dateModified\":\"2026-04-24T14:10:29+00:00\",\"mainEntityOfPage\":{\"@id\":\"https:\/\/radiolifefm.com.br\/noticias\/idosa-morre-durante-tratamento-de-extracao-de-dentes-em-clinica-odontologica-em-presidente-prudente\/\"},\"wordCount\":263,\"publisher\":{\"@id\":\"https:\/\/radiolifefm.com.br\/noticias\/#organization\"},\"image\":{\"@id\":\"https:\/\/radiolifefm.com.br\/noticias\/idosa-morre-durante-tratamento-de-extracao-de-dentes-em-clinica-odontologica-em-presidente-prudente\/#primaryimage\"},\"thumbnailUrl\":\"https:\/\/radiolifefm.com.br\/noticias\/wp-content\/uploads\/2020\/03\/Tratamento-dent\u00e1rio-Imagem_Cortada.jpg\",\"articleSection\":[\"Regi\u00e3o\"],\"inLanguage\":\"pt-BR\"},{\"@type\":\"WebPage\",\"@id\":\"https:\/\/radiolifefm.com.br\/noticias\/idosa-morre-durante-tratamento-de-extracao-de-dentes-em-clinica-odontologica-em-presidente-prudente\/\",\"url\":\"https:\/\/radiolifefm.com.br\/noticias\/idosa-morre-durante-tratamento-de-extracao-de-dentes-em-clinica-odontologica-em-presidente-prudente\/\",\"name\":\"Idosa morre durante tratamento de extra\u00e7\u00e3o de dentes em cl\u00ednica odontol\u00f3gica em Presidente Prudente - R\u00e1dio Life FM\",\"isPartOf\":{\"@id\":\"https:\/\/radiolifefm.com.br\/noticias\/#website\"},\"primaryImageOfPage\":{\"@id\":\"https:\/\/radiolifefm.com.br\/noticias\/idosa-morre-durante-tratamento-de-extracao-de-dentes-em-clinica-odontologica-em-presidente-prudente\/#primaryimage\"},\"image\":{\"@id\":\"https:\/\/radiolifefm.com.br\/noticias\/idosa-morre-durante-tratamento-de-extracao-de-dentes-em-clinica-odontologica-em-presidente-prudente\/#primaryimage\"},\"thumbnailUrl\":\"https:\/\/radiolifefm.com.br\/noticias\/wp-content\/uploads\/2020\/03\/Tratamento-dent\u00e1rio-Imagem_Cortada.jpg\",\"datePublished\":\"2020-03-05T13:30:45+00:00\",\"dateModified\":\"2026-04-24T14:10:29+00:00\",\"breadcrumb\":{\"@id\":\"https:\/\/radiolifefm.com.br\/noticias\/idosa-morre-durante-tratamento-de-extracao-de-dentes-em-clinica-odontologica-em-presidente-prudente\/#breadcrumb\"},\"inLanguage\":\"pt-BR\",\"potentialAction\":[{\"@type\":\"ReadAction\",\"target\":[\"https:\/\/radiolifefm.com.br\/noticias\/idosa-morre-durante-tratamento-de-extracao-de-dentes-em-clinica-odontologica-em-presidente-prudente\/\"]}]},{\"@type\":\"ImageObject\",\"inLanguage\":\"pt-BR\",\"@id\":\"https:\/\/radiolifefm.com.br\/noticias\/idosa-morre-durante-tratamento-de-extracao-de-dentes-em-clinica-odontologica-em-presidente-prudente\/#primaryimage\",\"url\":\"https:\/\/radiolifefm.com.br\/noticias\/wp-content\/uploads\/2020\/03\/Tratamento-dent\u00e1rio-Imagem_Cortada.jpg\",\"contentUrl\":\"https:\/\/radiolifefm.com.br\/noticias\/wp-content\/uploads\/2020\/03\/Tratamento-dent\u00e1rio-Imagem_Cortada.jpg\",\"width\":1200,\"height\":630},{\"@type\":\"BreadcrumbList\",\"@id\":\"https:\/\/radiolifefm.com.br\/noticias\/idosa-morre-durante-tratamento-de-extracao-de-dentes-em-clinica-odontologica-em-presidente-prudente\/#breadcrumb\",\"itemListElement\":[{\"@type\":\"ListItem\",\"position\":1,\"name\":\"In\u00edcio\",\"item\":\"https:\/\/radiolifefm.com.br\/noticias\/\"},{\"@type\":\"ListItem\",\"position\":2,\"name\":\"Idosa morre durante tratamento de extra\u00e7\u00e3o de dentes em cl\u00ednica odontol\u00f3gica em Presidente Prudente\"}]},{\"@type\":\"WebSite\",\"@id\":\"https:\/\/radiolifefm.com.br\/noticias\/#website\",\"url\":\"https:\/\/radiolifefm.com.br\/noticias\/\",\"name\":\"R\u00e1dio Life FM\",\"description\":\"O Portal de Not\u00edcias de Adamantina\",\"publisher\":{\"@id\":\"https:\/\/radiolifefm.com.br\/noticias\/#organization\"},\"alternateName\":\"Life FM\",\"potentialAction\":[{\"@type\":\"SearchAction\",\"target\":{\"@type\":\"EntryPoint\",\"urlTemplate\":\"https:\/\/radiolifefm.com.br\/noticias\/?s={search_term_string}\"},\"query-input\":{\"@type\":\"PropertyValueSpecification\",\"valueRequired\":true,\"valueName\":\"search_term_string\"}}],\"inLanguage\":\"pt-BR\"},{\"@type\":\"Organization\",\"@id\":\"https:\/\/radiolifefm.com.br\/noticias\/#organization\",\"name\":\"R\u00e1dio Life FM\",\"alternateName\":\"Life FM\",\"url\":\"https:\/\/radiolifefm.com.br\/noticias\/\",\"logo\":{\"@type\":\"ImageObject\",\"inLanguage\":\"pt-BR\",\"@id\":\"https:\/\/radiolifefm.com.br\/noticias\/#\/schema\/logo\/image\/\",\"url\":\"https:\/\/static.radiolifefm.com.br\/noticias\/wp-content\/uploads\/2019\/10\/logo-lifefm.png\",\"contentUrl\":\"https:\/\/static.radiolifefm.com.br\/noticias\/wp-content\/uploads\/2019\/10\/logo-lifefm.png\",\"width\":196,\"height\":47,\"caption\":\"R\u00e1dio Life FM\"},\"image\":{\"@id\":\"https:\/\/radiolifefm.com.br\/noticias\/#\/schema\/logo\/image\/\"},\"sameAs\":[\"https:\/\/www.facebook.com\/radiolifefm\/\",\"https:\/\/www.instagram.com\/life1079fm\/\"]},{\"@type\":\"Person\",\"@id\":\"https:\/\/radiolifefm.com.br\/noticias\/#\/schema\/person\/1d4e4b1301322090c6221bf1c8420490\",\"name\":\"lifefm\",\"image\":{\"@type\":\"ImageObject\",\"inLanguage\":\"pt-BR\",\"@id\":\"https:\/\/secure.gravatar.com\/avatar\/eca268467d925ec97d20641bb054fd944c0abb2f92854171620706bbe6474e7c?s=96&d=mm&r=g\",\"url\":\"https:\/\/secure.gravatar.com\/avatar\/eca268467d925ec97d20641bb054fd944c0abb2f92854171620706bbe6474e7c?s=96&d=mm&r=g\",\"contentUrl\":\"https:\/\/secure.gravatar.com\/avatar\/eca268467d925ec97d20641bb054fd944c0abb2f92854171620706bbe6474e7c?s=96&d=mm&r=g\",\"caption\":\"lifefm\"}}]}<\/script>\n<!-- \/ Yoast SEO plugin. -->","yoast_head_json":{"title":"Idosa morre durante tratamento de extra\u00e7\u00e3o de dentes em cl\u00ednica odontol\u00f3gica em Presidente Prudente - R\u00e1dio Life FM","robots":{"index":"index","follow":"follow","max-snippet":"max-snippet:-1","max-image-preview":"max-image-preview:large","max-video-preview":"max-video-preview:-1"},"canonical":"https:\/\/radiolifefm.com.br\/noticias\/idosa-morre-durante-tratamento-de-extracao-de-dentes-em-clinica-odontologica-em-presidente-prudente\/","og_locale":"pt_BR","og_type":"article","og_title":"Idosa morre durante tratamento de extra\u00e7\u00e3o de dentes em cl\u00ednica odontol\u00f3gica em Presidente Prudente - R\u00e1dio Life FM","og_description":"Filha da v\u00edtima informou no Boletim de Ocorr\u00eancia que sua m\u00e3e fazia uso de medicamento para enfermidade do cora\u00e7\u00e3o. Caso foi registrado na Pol\u00edcia Civil como morte suspeita Uma mulher de 74 anos morreu enquanto realizava um tratamento de extra\u00e7\u00e3o de dentes em uma cl\u00ednica odontol\u00f3gica, em Presidente Prudente, nesta quarta-feira (4). O caso foi [&hellip;]","og_url":"https:\/\/radiolifefm.com.br\/noticias\/idosa-morre-durante-tratamento-de-extracao-de-dentes-em-clinica-odontologica-em-presidente-prudente\/","og_site_name":"R\u00e1dio Life FM","article_publisher":"https:\/\/www.facebook.com\/radiolifefm\/","article_published_time":"2020-03-05T13:30:45+00:00","article_modified_time":"2026-04-24T14:10:29+00:00","og_image":[{"width":1200,"height":630,"url":"https:\/\/radiolifefm.com.br\/noticias\/wp-content\/uploads\/2020\/03\/Tratamento-dent\u00e1rio-Imagem_Cortada.jpg","type":"image\/jpeg"}],"author":"lifefm","twitter_card":"summary_large_image","twitter_misc":{"Escrito por":"lifefm","Est. tempo de leitura":"1 minuto"},"schema":{"@context":"https:\/\/schema.org","@graph":[{"@type":"Article","@id":"https:\/\/radiolifefm.com.br\/noticias\/idosa-morre-durante-tratamento-de-extracao-de-dentes-em-clinica-odontologica-em-presidente-prudente\/#article","isPartOf":{"@id":"https:\/\/radiolifefm.com.br\/noticias\/idosa-morre-durante-tratamento-de-extracao-de-dentes-em-clinica-odontologica-em-presidente-prudente\/"},"author":{"name":"lifefm","@id":"https:\/\/radiolifefm.com.br\/noticias\/#\/schema\/person\/1d4e4b1301322090c6221bf1c8420490"},"headline":"Idosa morre durante tratamento de extra\u00e7\u00e3o de dentes em cl\u00ednica odontol\u00f3gica em Presidente Prudente","datePublished":"2020-03-05T13:30:45+00:00","dateModified":"2026-04-24T14:10:29+00:00","mainEntityOfPage":{"@id":"https:\/\/radiolifefm.com.br\/noticias\/idosa-morre-durante-tratamento-de-extracao-de-dentes-em-clinica-odontologica-em-presidente-prudente\/"},"wordCount":263,"publisher":{"@id":"https:\/\/radiolifefm.com.br\/noticias\/#organization"},"image":{"@id":"https:\/\/radiolifefm.com.br\/noticias\/idosa-morre-durante-tratamento-de-extracao-de-dentes-em-clinica-odontologica-em-presidente-prudente\/#primaryimage"},"thumbnailUrl":"https:\/\/radiolifefm.com.br\/noticias\/wp-content\/uploads\/2020\/03\/Tratamento-dent\u00e1rio-Imagem_Cortada.jpg","articleSection":["Regi\u00e3o"],"inLanguage":"pt-BR"},{"@type":"WebPage","@id":"https:\/\/radiolifefm.com.br\/noticias\/idosa-morre-durante-tratamento-de-extracao-de-dentes-em-clinica-odontologica-em-presidente-prudente\/","url":"https:\/\/radiolifefm.com.br\/noticias\/idosa-morre-durante-tratamento-de-extracao-de-dentes-em-clinica-odontologica-em-presidente-prudente\/","name":"Idosa morre durante tratamento de extra\u00e7\u00e3o de dentes em cl\u00ednica odontol\u00f3gica em Presidente Prudente - R\u00e1dio Life FM","isPartOf":{"@id":"https:\/\/radiolifefm.com.br\/noticias\/#website"},"primaryImageOfPage":{"@id":"https:\/\/radiolifefm.com.br\/noticias\/idosa-morre-durante-tratamento-de-extracao-de-dentes-em-clinica-odontologica-em-presidente-prudente\/#primaryimage"},"image":{"@id":"https:\/\/radiolifefm.com.br\/noticias\/idosa-morre-durante-tratamento-de-extracao-de-dentes-em-clinica-odontologica-em-presidente-prudente\/#primaryimage"},"thumbnailUrl":"https:\/\/radiolifefm.com.br\/noticias\/wp-content\/uploads\/2020\/03\/Tratamento-dent\u00e1rio-Imagem_Cortada.jpg","datePublished":"2020-03-05T13:30:45+00:00","dateModified":"2026-04-24T14:10:29+00:00","breadcrumb":{"@id":"https:\/\/radiolifefm.com.br\/noticias\/idosa-morre-durante-tratamento-de-extracao-de-dentes-em-clinica-odontologica-em-presidente-prudente\/#breadcrumb"},"inLanguage":"pt-BR","potentialAction":[{"@type":"ReadAction","target":["https:\/\/radiolifefm.com.br\/noticias\/idosa-morre-durante-tratamento-de-extracao-de-dentes-em-clinica-odontologica-em-presidente-prudente\/"]}]},{"@type":"ImageObject","inLanguage":"pt-BR","@id":"https:\/\/radiolifefm.com.br\/noticias\/idosa-morre-durante-tratamento-de-extracao-de-dentes-em-clinica-odontologica-em-presidente-prudente\/#primaryimage","url":"https:\/\/radiolifefm.com.br\/noticias\/wp-content\/uploads\/2020\/03\/Tratamento-dent\u00e1rio-Imagem_Cortada.jpg","contentUrl":"https:\/\/radiolifefm.com.br\/noticias\/wp-content\/uploads\/2020\/03\/Tratamento-dent\u00e1rio-Imagem_Cortada.jpg","width":1200,"height":630},{"@type":"BreadcrumbList","@id":"https:\/\/radiolifefm.com.br\/noticias\/idosa-morre-durante-tratamento-de-extracao-de-dentes-em-clinica-odontologica-em-presidente-prudente\/#breadcrumb","itemListElement":[{"@type":"ListItem","position":1,"name":"In\u00edcio","item":"https:\/\/radiolifefm.com.br\/noticias\/"},{"@type":"ListItem","position":2,"name":"Idosa morre durante tratamento de extra\u00e7\u00e3o de dentes em cl\u00ednica odontol\u00f3gica em Presidente Prudente"}]},{"@type":"WebSite","@id":"https:\/\/radiolifefm.com.br\/noticias\/#website","url":"https:\/\/radiolifefm.com.br\/noticias\/","name":"R\u00e1dio Life FM","description":"O Portal de Not\u00edcias de Adamantina","publisher":{"@id":"https:\/\/radiolifefm.com.br\/noticias\/#organization"},"alternateName":"Life FM","potentialAction":[{"@type":"SearchAction","target":{"@type":"EntryPoint","urlTemplate":"https:\/\/radiolifefm.com.br\/noticias\/?s={search_term_string}"},"query-input":{"@type":"PropertyValueSpecification","valueRequired":true,"valueName":"search_term_string"}}],"inLanguage":"pt-BR"},{"@type":"Organization","@id":"https:\/\/radiolifefm.com.br\/noticias\/#organization","name":"R\u00e1dio Life FM","alternateName":"Life FM","url":"https:\/\/radiolifefm.com.br\/noticias\/","logo":{"@type":"ImageObject","inLanguage":"pt-BR","@id":"https:\/\/radiolifefm.com.br\/noticias\/#\/schema\/logo\/image\/","url":"https:\/\/static.radiolifefm.com.br\/noticias\/wp-content\/uploads\/2019\/10\/logo-lifefm.png","contentUrl":"https:\/\/static.radiolifefm.com.br\/noticias\/wp-content\/uploads\/2019\/10\/logo-lifefm.png","width":196,"height":47,"caption":"R\u00e1dio Life FM"},"image":{"@id":"https:\/\/radiolifefm.com.br\/noticias\/#\/schema\/logo\/image\/"},"sameAs":["https:\/\/www.facebook.com\/radiolifefm\/","https:\/\/www.instagram.com\/life1079fm\/"]},{"@type":"Person","@id":"https:\/\/radiolifefm.com.br\/noticias\/#\/schema\/person\/1d4e4b1301322090c6221bf1c8420490","name":"lifefm","image":{"@type":"ImageObject","inLanguage":"pt-BR","@id":"https:\/\/secure.gravatar.com\/avatar\/eca268467d925ec97d20641bb054fd944c0abb2f92854171620706bbe6474e7c?s=96&d=mm&r=g","url":"https:\/\/secure.gravatar.com\/avatar\/eca268467d925ec97d20641bb054fd944c0abb2f92854171620706bbe6474e7c?s=96&d=mm&r=g","contentUrl":"https:\/\/secure.gravatar.com\/avatar\/eca268467d925ec97d20641bb054fd944c0abb2f92854171620706bbe6474e7c?s=96&d=mm&r=g","caption":"lifefm"}}]}},"amp_enabled":true,"_links":{"self":[{"href":"https:\/\/radiolifefm.com.br\/noticias\/wp-json\/wp\/v2\/posts\/20763","targetHints":{"allow":["GET"]}}],"collection":[{"href":"https:\/\/radiolifefm.com.br\/noticias\/wp-json\/wp\/v2\/posts"}],"about":[{"href":"https:\/\/radiolifefm.com.br\/noticias\/wp-json\/wp\/v2\/types\/post"}],"author":[{"embeddable":true,"href":"https:\/\/radiolifefm.com.br\/noticias\/wp-json\/wp\/v2\/users\/3"}],"replies":[{"embeddable":true,"href":"https:\/\/radiolifefm.com.br\/noticias\/wp-json\/wp\/v2\/comments?post=20763"}],"version-history":[{"count":1,"href":"https:\/\/radiolifefm.com.br\/noticias\/wp-json\/wp\/v2\/posts\/20763\/revisions"}],"predecessor-version":[{"id":20768,"href":"https:\/\/radiolifefm.com.br\/noticias\/wp-json\/wp\/v2\/posts\/20763\/revisions\/20768"}],"wp:featuredmedia":[{"embeddable":true,"href":"https:\/\/radiolifefm.com.br\/noticias\/wp-json\/wp\/v2\/media\/20767"}],"wp:attachment":[{"href":"https:\/\/radiolifefm.com.br\/noticias\/wp-json\/wp\/v2\/media?parent=20763"}],"wp:term":[{"taxonomy":"category","embeddable":true,"href":"https:\/\/radiolifefm.com.br\/noticias\/wp-json\/wp\/v2\/categories?post=20763"},{"taxonomy":"post_tag","embeddable":true,"href":"https:\/\/radiolifefm.com.br\/noticias\/wp-json\/wp\/v2\/tags?post=20763"}],"curies":[{"name":"wp","href":"https:\/\/api.w.org\/{rel}","templated":true}]}}