{"id":20760,"date":"2020-03-05T10:05:47","date_gmt":"2020-03-05T13:05:47","guid":{"rendered":"https:\/\/radiolifefm.com.br\/noticias\/?p=20760"},"modified":"2026-04-19T21:17:20","modified_gmt":"2026-04-20T00:17:20","slug":"secretaria-municipal-de-saude-de-dracena-confirma-caso-de-meningite-viral-em-bebe-de-um-ano","status":"publish","type":"post","link":"https:\/\/radiolifefm.com.br\/noticias\/secretaria-municipal-de-saude-de-dracena-confirma-caso-de-meningite-viral-em-bebe-de-um-ano\/","title":{"rendered":"Secretaria Municipal de Sa\u00fade de Dracena confirma caso de meningite viral em beb\u00ea de um ano"},"content":{"rendered":"<div id=\"fb-root\"><\/div>\n<p>A Secretaria Municipal de Sa\u00fade e Higiene P\u00fablica de Dracena, informou na tarde desta quarta-feira (4), que um menino de um ano de idade, aluno da Emei Pintando o Sete, no Jardim Alvorada, est\u00e1 internado na Santa Casa de Miseric\u00f3rdia da cidade, diagnosticado com meningite viral (forma mais comum e menos perigosa da meningite).<\/p>\n<p>De acordo com a Santa Casa, a crian\u00e7a passa bem.<\/p>\n<p>\u00c9 o primeiro caso de meningite viral notificado no munic\u00edpio em 2020, segundo a Prefeitura.<\/p>\n<p>O Poder Executivo ressalta que a higieniza\u00e7\u00e3o nas escolas, incluindo a institui\u00e7\u00e3o em que a crian\u00e7a estuda, \u00e9 uma medida regular, adotada em todas as unidades de ensino municipal de Dracena.<\/p>\n<p>A Vigil\u00e2ncia Epidemiol\u00f3gica ressalta que nesta \u00e9poca do ano, onde h\u00e1 baixos \u00edndices de umidade do ar, \u00e9 comum o aumento da incid\u00eancia de doen\u00e7as virais.<\/p>\n<p>\u201cA Secretaria Municipal de Educa\u00e7\u00e3o j\u00e1 foi comunicada sobre o caso e, como citado, realiza as medidas de higieniza\u00e7\u00e3o orientadas pela Vigil\u00e2ncia Epidemiol\u00f3gica regularmente\u201d, informou a Prefeitura.<\/p>\n<p>Conforme recomenda\u00e7\u00e3o do Minist\u00e9rio da Sa\u00fade, n\u00e3o se deve fechar escolas ou creches quando ocorrer um caso de meningite entre os alunos. \u00c9 importante manter os ambientes ventilados.<\/p>\n<p>Portanto, haver\u00e1 aula normal na Emei Pintando o Sete, segundo o Poder Executivo.<\/p>\n<p>&nbsp;<\/p>\n<p>REPORTAGEM E FOTO &#8211; G1 Presidente Prudente<\/p>\n","protected":false},"excerpt":{"rendered":"<p>A Secretaria Municipal de Sa\u00fade e Higiene P\u00fablica de Dracena, informou na tarde desta quarta-feira (4), que um menino de um ano de idade, aluno da Emei Pintando o Sete, no Jardim Alvorada, est\u00e1 internado na Santa Casa de Miseric\u00f3rdia da cidade, diagnosticado com meningite viral (forma mais comum e menos perigosa da meningite). De [&hellip;]<\/p>\n","protected":false},"author":3,"featured_media":20761,"comment_status":"closed","ping_status":"open","sticky":false,"template":"","format":"standard","meta":{"_acf_changed":false,"_exactmetrics_skip_tracking":false,"_exactmetrics_sitenote_active":false,"_exactmetrics_sitenote_note":"","_exactmetrics_sitenote_category":0,"footnotes":""},"categories":[24],"tags":[],"class_list":["post-20760","post","type-post","status-publish","format-standard","has-post-thumbnail","hentry","category-regiao"],"acf":[],"yoast_head":"<!-- This site is optimized with the Yoast SEO plugin v27.2 - https:\/\/yoast.com\/product\/yoast-seo-wordpress\/ -->\n<title>Secretaria Municipal de Sa\u00fade de Dracena confirma caso de meningite viral em beb\u00ea de um ano - R\u00e1dio Life FM<\/title>\n<meta name=\"robots\" content=\"index, follow, max-snippet:-1, max-image-preview:large, max-video-preview:-1\" \/>\n<link rel=\"canonical\" href=\"https:\/\/radiolifefm.com.br\/noticias\/secretaria-municipal-de-saude-de-dracena-confirma-caso-de-meningite-viral-em-bebe-de-um-ano\/\" \/>\n<meta property=\"og:locale\" content=\"pt_BR\" \/>\n<meta property=\"og:type\" content=\"article\" \/>\n<meta property=\"og:title\" content=\"Secretaria Municipal de Sa\u00fade de Dracena confirma caso de meningite viral em beb\u00ea de um ano - R\u00e1dio Life FM\" \/>\n<meta property=\"og:description\" content=\"A Secretaria Municipal de Sa\u00fade e Higiene P\u00fablica de Dracena, informou na tarde desta quarta-feira (4), que um menino de um ano de idade, aluno da Emei Pintando o Sete, no Jardim Alvorada, est\u00e1 internado na Santa Casa de Miseric\u00f3rdia da cidade, diagnosticado com meningite viral (forma mais comum e menos perigosa da meningite). De [&hellip;]\" \/>\n<meta property=\"og:url\" content=\"https:\/\/radiolifefm.com.br\/noticias\/secretaria-municipal-de-saude-de-dracena-confirma-caso-de-meningite-viral-em-bebe-de-um-ano\/\" \/>\n<meta property=\"og:site_name\" content=\"R\u00e1dio Life FM\" \/>\n<meta property=\"article:publisher\" content=\"https:\/\/www.facebook.com\/radiolifefm\/\" \/>\n<meta property=\"article:published_time\" content=\"2020-03-05T13:05:47+00:00\" \/>\n<meta property=\"article:modified_time\" content=\"2026-04-20T00:17:20+00:00\" \/>\n<meta property=\"og:image\" content=\"https:\/\/radiolifefm.com.br\/noticias\/wp-content\/uploads\/2020\/03\/Santa-Casa-Dracena.jpg\" \/>\n\t<meta property=\"og:image:width\" content=\"870\" \/>\n\t<meta property=\"og:image:height\" content=\"522\" \/>\n\t<meta property=\"og:image:type\" content=\"image\/jpeg\" \/>\n<meta name=\"author\" content=\"lifefm\" \/>\n<meta name=\"twitter:card\" content=\"summary_large_image\" \/>\n<meta name=\"twitter:label1\" content=\"Escrito por\" \/>\n\t<meta name=\"twitter:data1\" content=\"lifefm\" \/>\n\t<meta name=\"twitter:label2\" content=\"Est. tempo de leitura\" \/>\n\t<meta name=\"twitter:data2\" content=\"1 minuto\" \/>\n<script type=\"application\/ld+json\" class=\"yoast-schema-graph\">{\"@context\":\"https:\/\/schema.org\",\"@graph\":[{\"@type\":\"Article\",\"@id\":\"https:\/\/radiolifefm.com.br\/noticias\/secretaria-municipal-de-saude-de-dracena-confirma-caso-de-meningite-viral-em-bebe-de-um-ano\/#article\",\"isPartOf\":{\"@id\":\"https:\/\/radiolifefm.com.br\/noticias\/secretaria-municipal-de-saude-de-dracena-confirma-caso-de-meningite-viral-em-bebe-de-um-ano\/\"},\"author\":{\"name\":\"lifefm\",\"@id\":\"https:\/\/radiolifefm.com.br\/noticias\/#\/schema\/person\/1d4e4b1301322090c6221bf1c8420490\"},\"headline\":\"Secretaria Municipal de Sa\u00fade de Dracena confirma caso de meningite viral em beb\u00ea de um ano\",\"datePublished\":\"2020-03-05T13:05:47+00:00\",\"dateModified\":\"2026-04-20T00:17:20+00:00\",\"mainEntityOfPage\":{\"@id\":\"https:\/\/radiolifefm.com.br\/noticias\/secretaria-municipal-de-saude-de-dracena-confirma-caso-de-meningite-viral-em-bebe-de-um-ano\/\"},\"wordCount\":243,\"publisher\":{\"@id\":\"https:\/\/radiolifefm.com.br\/noticias\/#organization\"},\"image\":{\"@id\":\"https:\/\/radiolifefm.com.br\/noticias\/secretaria-municipal-de-saude-de-dracena-confirma-caso-de-meningite-viral-em-bebe-de-um-ano\/#primaryimage\"},\"thumbnailUrl\":\"https:\/\/radiolifefm.com.br\/noticias\/wp-content\/uploads\/2020\/03\/Santa-Casa-Dracena.jpg\",\"articleSection\":[\"Regi\u00e3o\"],\"inLanguage\":\"pt-BR\"},{\"@type\":\"WebPage\",\"@id\":\"https:\/\/radiolifefm.com.br\/noticias\/secretaria-municipal-de-saude-de-dracena-confirma-caso-de-meningite-viral-em-bebe-de-um-ano\/\",\"url\":\"https:\/\/radiolifefm.com.br\/noticias\/secretaria-municipal-de-saude-de-dracena-confirma-caso-de-meningite-viral-em-bebe-de-um-ano\/\",\"name\":\"Secretaria Municipal de Sa\u00fade de Dracena confirma caso de meningite viral em beb\u00ea de um ano - R\u00e1dio Life FM\",\"isPartOf\":{\"@id\":\"https:\/\/radiolifefm.com.br\/noticias\/#website\"},\"primaryImageOfPage\":{\"@id\":\"https:\/\/radiolifefm.com.br\/noticias\/secretaria-municipal-de-saude-de-dracena-confirma-caso-de-meningite-viral-em-bebe-de-um-ano\/#primaryimage\"},\"image\":{\"@id\":\"https:\/\/radiolifefm.com.br\/noticias\/secretaria-municipal-de-saude-de-dracena-confirma-caso-de-meningite-viral-em-bebe-de-um-ano\/#primaryimage\"},\"thumbnailUrl\":\"https:\/\/radiolifefm.com.br\/noticias\/wp-content\/uploads\/2020\/03\/Santa-Casa-Dracena.jpg\",\"datePublished\":\"2020-03-05T13:05:47+00:00\",\"dateModified\":\"2026-04-20T00:17:20+00:00\",\"breadcrumb\":{\"@id\":\"https:\/\/radiolifefm.com.br\/noticias\/secretaria-municipal-de-saude-de-dracena-confirma-caso-de-meningite-viral-em-bebe-de-um-ano\/#breadcrumb\"},\"inLanguage\":\"pt-BR\",\"potentialAction\":[{\"@type\":\"ReadAction\",\"target\":[\"https:\/\/radiolifefm.com.br\/noticias\/secretaria-municipal-de-saude-de-dracena-confirma-caso-de-meningite-viral-em-bebe-de-um-ano\/\"]}]},{\"@type\":\"ImageObject\",\"inLanguage\":\"pt-BR\",\"@id\":\"https:\/\/radiolifefm.com.br\/noticias\/secretaria-municipal-de-saude-de-dracena-confirma-caso-de-meningite-viral-em-bebe-de-um-ano\/#primaryimage\",\"url\":\"https:\/\/radiolifefm.com.br\/noticias\/wp-content\/uploads\/2020\/03\/Santa-Casa-Dracena.jpg\",\"contentUrl\":\"https:\/\/radiolifefm.com.br\/noticias\/wp-content\/uploads\/2020\/03\/Santa-Casa-Dracena.jpg\",\"width\":870,\"height\":522,\"caption\":\"Santa Casa de Dracena - Foto - G 1 .\"},{\"@type\":\"BreadcrumbList\",\"@id\":\"https:\/\/radiolifefm.com.br\/noticias\/secretaria-municipal-de-saude-de-dracena-confirma-caso-de-meningite-viral-em-bebe-de-um-ano\/#breadcrumb\",\"itemListElement\":[{\"@type\":\"ListItem\",\"position\":1,\"name\":\"In\u00edcio\",\"item\":\"https:\/\/radiolifefm.com.br\/noticias\/\"},{\"@type\":\"ListItem\",\"position\":2,\"name\":\"Secretaria Municipal de Sa\u00fade de Dracena confirma caso de meningite viral em beb\u00ea de um ano\"}]},{\"@type\":\"WebSite\",\"@id\":\"https:\/\/radiolifefm.com.br\/noticias\/#website\",\"url\":\"https:\/\/radiolifefm.com.br\/noticias\/\",\"name\":\"R\u00e1dio Life FM\",\"description\":\"O Portal de Not\u00edcias de Adamantina\",\"publisher\":{\"@id\":\"https:\/\/radiolifefm.com.br\/noticias\/#organization\"},\"alternateName\":\"Life FM\",\"potentialAction\":[{\"@type\":\"SearchAction\",\"target\":{\"@type\":\"EntryPoint\",\"urlTemplate\":\"https:\/\/radiolifefm.com.br\/noticias\/?s={search_term_string}\"},\"query-input\":{\"@type\":\"PropertyValueSpecification\",\"valueRequired\":true,\"valueName\":\"search_term_string\"}}],\"inLanguage\":\"pt-BR\"},{\"@type\":\"Organization\",\"@id\":\"https:\/\/radiolifefm.com.br\/noticias\/#organization\",\"name\":\"R\u00e1dio Life FM\",\"alternateName\":\"Life FM\",\"url\":\"https:\/\/radiolifefm.com.br\/noticias\/\",\"logo\":{\"@type\":\"ImageObject\",\"inLanguage\":\"pt-BR\",\"@id\":\"https:\/\/radiolifefm.com.br\/noticias\/#\/schema\/logo\/image\/\",\"url\":\"https:\/\/static.radiolifefm.com.br\/noticias\/wp-content\/uploads\/2019\/10\/logo-lifefm.png\",\"contentUrl\":\"https:\/\/static.radiolifefm.com.br\/noticias\/wp-content\/uploads\/2019\/10\/logo-lifefm.png\",\"width\":196,\"height\":47,\"caption\":\"R\u00e1dio Life FM\"},\"image\":{\"@id\":\"https:\/\/radiolifefm.com.br\/noticias\/#\/schema\/logo\/image\/\"},\"sameAs\":[\"https:\/\/www.facebook.com\/radiolifefm\/\",\"https:\/\/www.instagram.com\/life1079fm\/\"]},{\"@type\":\"Person\",\"@id\":\"https:\/\/radiolifefm.com.br\/noticias\/#\/schema\/person\/1d4e4b1301322090c6221bf1c8420490\",\"name\":\"lifefm\",\"image\":{\"@type\":\"ImageObject\",\"inLanguage\":\"pt-BR\",\"@id\":\"https:\/\/secure.gravatar.com\/avatar\/eca268467d925ec97d20641bb054fd944c0abb2f92854171620706bbe6474e7c?s=96&d=mm&r=g\",\"url\":\"https:\/\/secure.gravatar.com\/avatar\/eca268467d925ec97d20641bb054fd944c0abb2f92854171620706bbe6474e7c?s=96&d=mm&r=g\",\"contentUrl\":\"https:\/\/secure.gravatar.com\/avatar\/eca268467d925ec97d20641bb054fd944c0abb2f92854171620706bbe6474e7c?s=96&d=mm&r=g\",\"caption\":\"lifefm\"}}]}<\/script>\n<!-- \/ Yoast SEO plugin. -->","yoast_head_json":{"title":"Secretaria Municipal de Sa\u00fade de Dracena confirma caso de meningite viral em beb\u00ea de um ano - R\u00e1dio Life FM","robots":{"index":"index","follow":"follow","max-snippet":"max-snippet:-1","max-image-preview":"max-image-preview:large","max-video-preview":"max-video-preview:-1"},"canonical":"https:\/\/radiolifefm.com.br\/noticias\/secretaria-municipal-de-saude-de-dracena-confirma-caso-de-meningite-viral-em-bebe-de-um-ano\/","og_locale":"pt_BR","og_type":"article","og_title":"Secretaria Municipal de Sa\u00fade de Dracena confirma caso de meningite viral em beb\u00ea de um ano - R\u00e1dio Life FM","og_description":"A Secretaria Municipal de Sa\u00fade e Higiene P\u00fablica de Dracena, informou na tarde desta quarta-feira (4), que um menino de um ano de idade, aluno da Emei Pintando o Sete, no Jardim Alvorada, est\u00e1 internado na Santa Casa de Miseric\u00f3rdia da cidade, diagnosticado com meningite viral (forma mais comum e menos perigosa da meningite). De [&hellip;]","og_url":"https:\/\/radiolifefm.com.br\/noticias\/secretaria-municipal-de-saude-de-dracena-confirma-caso-de-meningite-viral-em-bebe-de-um-ano\/","og_site_name":"R\u00e1dio Life FM","article_publisher":"https:\/\/www.facebook.com\/radiolifefm\/","article_published_time":"2020-03-05T13:05:47+00:00","article_modified_time":"2026-04-20T00:17:20+00:00","og_image":[{"width":870,"height":522,"url":"https:\/\/radiolifefm.com.br\/noticias\/wp-content\/uploads\/2020\/03\/Santa-Casa-Dracena.jpg","type":"image\/jpeg"}],"author":"lifefm","twitter_card":"summary_large_image","twitter_misc":{"Escrito por":"lifefm","Est. tempo de leitura":"1 minuto"},"schema":{"@context":"https:\/\/schema.org","@graph":[{"@type":"Article","@id":"https:\/\/radiolifefm.com.br\/noticias\/secretaria-municipal-de-saude-de-dracena-confirma-caso-de-meningite-viral-em-bebe-de-um-ano\/#article","isPartOf":{"@id":"https:\/\/radiolifefm.com.br\/noticias\/secretaria-municipal-de-saude-de-dracena-confirma-caso-de-meningite-viral-em-bebe-de-um-ano\/"},"author":{"name":"lifefm","@id":"https:\/\/radiolifefm.com.br\/noticias\/#\/schema\/person\/1d4e4b1301322090c6221bf1c8420490"},"headline":"Secretaria Municipal de Sa\u00fade de Dracena confirma caso de meningite viral em beb\u00ea de um ano","datePublished":"2020-03-05T13:05:47+00:00","dateModified":"2026-04-20T00:17:20+00:00","mainEntityOfPage":{"@id":"https:\/\/radiolifefm.com.br\/noticias\/secretaria-municipal-de-saude-de-dracena-confirma-caso-de-meningite-viral-em-bebe-de-um-ano\/"},"wordCount":243,"publisher":{"@id":"https:\/\/radiolifefm.com.br\/noticias\/#organization"},"image":{"@id":"https:\/\/radiolifefm.com.br\/noticias\/secretaria-municipal-de-saude-de-dracena-confirma-caso-de-meningite-viral-em-bebe-de-um-ano\/#primaryimage"},"thumbnailUrl":"https:\/\/radiolifefm.com.br\/noticias\/wp-content\/uploads\/2020\/03\/Santa-Casa-Dracena.jpg","articleSection":["Regi\u00e3o"],"inLanguage":"pt-BR"},{"@type":"WebPage","@id":"https:\/\/radiolifefm.com.br\/noticias\/secretaria-municipal-de-saude-de-dracena-confirma-caso-de-meningite-viral-em-bebe-de-um-ano\/","url":"https:\/\/radiolifefm.com.br\/noticias\/secretaria-municipal-de-saude-de-dracena-confirma-caso-de-meningite-viral-em-bebe-de-um-ano\/","name":"Secretaria Municipal de Sa\u00fade de Dracena confirma caso de meningite viral em beb\u00ea de um ano - R\u00e1dio Life FM","isPartOf":{"@id":"https:\/\/radiolifefm.com.br\/noticias\/#website"},"primaryImageOfPage":{"@id":"https:\/\/radiolifefm.com.br\/noticias\/secretaria-municipal-de-saude-de-dracena-confirma-caso-de-meningite-viral-em-bebe-de-um-ano\/#primaryimage"},"image":{"@id":"https:\/\/radiolifefm.com.br\/noticias\/secretaria-municipal-de-saude-de-dracena-confirma-caso-de-meningite-viral-em-bebe-de-um-ano\/#primaryimage"},"thumbnailUrl":"https:\/\/radiolifefm.com.br\/noticias\/wp-content\/uploads\/2020\/03\/Santa-Casa-Dracena.jpg","datePublished":"2020-03-05T13:05:47+00:00","dateModified":"2026-04-20T00:17:20+00:00","breadcrumb":{"@id":"https:\/\/radiolifefm.com.br\/noticias\/secretaria-municipal-de-saude-de-dracena-confirma-caso-de-meningite-viral-em-bebe-de-um-ano\/#breadcrumb"},"inLanguage":"pt-BR","potentialAction":[{"@type":"ReadAction","target":["https:\/\/radiolifefm.com.br\/noticias\/secretaria-municipal-de-saude-de-dracena-confirma-caso-de-meningite-viral-em-bebe-de-um-ano\/"]}]},{"@type":"ImageObject","inLanguage":"pt-BR","@id":"https:\/\/radiolifefm.com.br\/noticias\/secretaria-municipal-de-saude-de-dracena-confirma-caso-de-meningite-viral-em-bebe-de-um-ano\/#primaryimage","url":"https:\/\/radiolifefm.com.br\/noticias\/wp-content\/uploads\/2020\/03\/Santa-Casa-Dracena.jpg","contentUrl":"https:\/\/radiolifefm.com.br\/noticias\/wp-content\/uploads\/2020\/03\/Santa-Casa-Dracena.jpg","width":870,"height":522,"caption":"Santa Casa de Dracena - Foto - G 1 ."},{"@type":"BreadcrumbList","@id":"https:\/\/radiolifefm.com.br\/noticias\/secretaria-municipal-de-saude-de-dracena-confirma-caso-de-meningite-viral-em-bebe-de-um-ano\/#breadcrumb","itemListElement":[{"@type":"ListItem","position":1,"name":"In\u00edcio","item":"https:\/\/radiolifefm.com.br\/noticias\/"},{"@type":"ListItem","position":2,"name":"Secretaria Municipal de Sa\u00fade de Dracena confirma caso de meningite viral em beb\u00ea de um ano"}]},{"@type":"WebSite","@id":"https:\/\/radiolifefm.com.br\/noticias\/#website","url":"https:\/\/radiolifefm.com.br\/noticias\/","name":"R\u00e1dio Life FM","description":"O Portal de Not\u00edcias de Adamantina","publisher":{"@id":"https:\/\/radiolifefm.com.br\/noticias\/#organization"},"alternateName":"Life FM","potentialAction":[{"@type":"SearchAction","target":{"@type":"EntryPoint","urlTemplate":"https:\/\/radiolifefm.com.br\/noticias\/?s={search_term_string}"},"query-input":{"@type":"PropertyValueSpecification","valueRequired":true,"valueName":"search_term_string"}}],"inLanguage":"pt-BR"},{"@type":"Organization","@id":"https:\/\/radiolifefm.com.br\/noticias\/#organization","name":"R\u00e1dio Life FM","alternateName":"Life FM","url":"https:\/\/radiolifefm.com.br\/noticias\/","logo":{"@type":"ImageObject","inLanguage":"pt-BR","@id":"https:\/\/radiolifefm.com.br\/noticias\/#\/schema\/logo\/image\/","url":"https:\/\/static.radiolifefm.com.br\/noticias\/wp-content\/uploads\/2019\/10\/logo-lifefm.png","contentUrl":"https:\/\/static.radiolifefm.com.br\/noticias\/wp-content\/uploads\/2019\/10\/logo-lifefm.png","width":196,"height":47,"caption":"R\u00e1dio Life FM"},"image":{"@id":"https:\/\/radiolifefm.com.br\/noticias\/#\/schema\/logo\/image\/"},"sameAs":["https:\/\/www.facebook.com\/radiolifefm\/","https:\/\/www.instagram.com\/life1079fm\/"]},{"@type":"Person","@id":"https:\/\/radiolifefm.com.br\/noticias\/#\/schema\/person\/1d4e4b1301322090c6221bf1c8420490","name":"lifefm","image":{"@type":"ImageObject","inLanguage":"pt-BR","@id":"https:\/\/secure.gravatar.com\/avatar\/eca268467d925ec97d20641bb054fd944c0abb2f92854171620706bbe6474e7c?s=96&d=mm&r=g","url":"https:\/\/secure.gravatar.com\/avatar\/eca268467d925ec97d20641bb054fd944c0abb2f92854171620706bbe6474e7c?s=96&d=mm&r=g","contentUrl":"https:\/\/secure.gravatar.com\/avatar\/eca268467d925ec97d20641bb054fd944c0abb2f92854171620706bbe6474e7c?s=96&d=mm&r=g","caption":"lifefm"}}]}},"amp_enabled":true,"_links":{"self":[{"href":"https:\/\/radiolifefm.com.br\/noticias\/wp-json\/wp\/v2\/posts\/20760","targetHints":{"allow":["GET"]}}],"collection":[{"href":"https:\/\/radiolifefm.com.br\/noticias\/wp-json\/wp\/v2\/posts"}],"about":[{"href":"https:\/\/radiolifefm.com.br\/noticias\/wp-json\/wp\/v2\/types\/post"}],"author":[{"embeddable":true,"href":"https:\/\/radiolifefm.com.br\/noticias\/wp-json\/wp\/v2\/users\/3"}],"replies":[{"embeddable":true,"href":"https:\/\/radiolifefm.com.br\/noticias\/wp-json\/wp\/v2\/comments?post=20760"}],"version-history":[{"count":1,"href":"https:\/\/radiolifefm.com.br\/noticias\/wp-json\/wp\/v2\/posts\/20760\/revisions"}],"predecessor-version":[{"id":20762,"href":"https:\/\/radiolifefm.com.br\/noticias\/wp-json\/wp\/v2\/posts\/20760\/revisions\/20762"}],"wp:featuredmedia":[{"embeddable":true,"href":"https:\/\/radiolifefm.com.br\/noticias\/wp-json\/wp\/v2\/media\/20761"}],"wp:attachment":[{"href":"https:\/\/radiolifefm.com.br\/noticias\/wp-json\/wp\/v2\/media?parent=20760"}],"wp:term":[{"taxonomy":"category","embeddable":true,"href":"https:\/\/radiolifefm.com.br\/noticias\/wp-json\/wp\/v2\/categories?post=20760"},{"taxonomy":"post_tag","embeddable":true,"href":"https:\/\/radiolifefm.com.br\/noticias\/wp-json\/wp\/v2\/tags?post=20760"}],"curies":[{"name":"wp","href":"https:\/\/api.w.org\/{rel}","templated":true}]}}