{"id":20560,"date":"2020-02-25T11:23:03","date_gmt":"2020-02-25T14:23:03","guid":{"rendered":"https:\/\/radiolifefm.com.br\/noticias\/?p=20560"},"modified":"2026-01-22T05:12:56","modified_gmt":"2026-01-22T08:12:56","slug":"homem-e-preso-em-flagrante-pela-policia-militar-pelo-crime-de-violencia-domestica-em-osvaldo-cruz","status":"publish","type":"post","link":"https:\/\/radiolifefm.com.br\/noticias\/homem-e-preso-em-flagrante-pela-policia-militar-pelo-crime-de-violencia-domestica-em-osvaldo-cruz\/","title":{"rendered":"Homem \u00e9 preso em flagrante pela Pol\u00edcia Militar pelo crime de viol\u00eancia dom\u00e9stica, em Osvaldo Cruz"},"content":{"rendered":"<div id=\"fb-root\"><\/div>\n<p><em>Ocorr\u00eancia foi registrada nesta quinta-feira (20)<\/em><\/p>\n<p>Uma equipe da Pol\u00edcia Militar de Osvaldo Cruz foi acionada na tarde desta quinta-feira (20), por volta das 17h, para atendimento de ocorr\u00eancia de desintelig\u00eancia entre casal na Rua Felicidade, Vila Esperan\u00e7a.<\/p>\n<p>Os policias fizeram contato com a v\u00edtima, uma mulher de 30 anos, que apresentando um arranhado no pesco\u00e7o, relatou ter sofrido agress\u00f5es por parte de seu amasio, de 38 anos, que mesmo diante dos militares, continuou a proferir palavras de amea\u00e7as, inclusive de morte contra a v\u00edtima.<\/p>\n<p>Diante dos fatos, ele recebeu voz de pris\u00e3o em flagrante delito e durante a pris\u00e3o, o autor da agress\u00e3o continuava a reafirmar que se fosse elaborado boletim de ocorr\u00eancia, que retornaria para matar a mulher.<\/p>\n<p>O autor foi preso em flagrante, sendo transferido para uma Cadeia P\u00fablica da regi\u00e3o, permanecendo a disposi\u00e7\u00e3o da Justi\u00e7a pelo cometimento de crime de viol\u00eancia dom\u00e9stica, amea\u00e7a e les\u00e3o corporal.<\/p>\n<p>&nbsp;<\/p>\n<p>Pol\u00edcia Militar \u2013 Portal Metr\u00f3pole<\/p>\n","protected":false},"excerpt":{"rendered":"<p>Ocorr\u00eancia foi registrada nesta quinta-feira (20) Uma equipe da Pol\u00edcia Militar de Osvaldo Cruz foi acionada na tarde desta quinta-feira (20), por volta das 17h, para atendimento de ocorr\u00eancia de desintelig\u00eancia entre casal na Rua Felicidade, Vila Esperan\u00e7a. Os policias fizeram contato com a v\u00edtima, uma mulher de 30 anos, que apresentando um arranhado no [&hellip;]<\/p>\n","protected":false},"author":3,"featured_media":20561,"comment_status":"closed","ping_status":"open","sticky":false,"template":"","format":"standard","meta":{"_acf_changed":false,"_exactmetrics_skip_tracking":false,"_exactmetrics_sitenote_active":false,"_exactmetrics_sitenote_note":"","_exactmetrics_sitenote_category":0,"footnotes":""},"categories":[24],"tags":[],"class_list":["post-20560","post","type-post","status-publish","format-standard","has-post-thumbnail","hentry","category-regiao"],"acf":[],"yoast_head":"<!-- This site is optimized with the Yoast SEO plugin v27.2 - https:\/\/yoast.com\/product\/yoast-seo-wordpress\/ -->\n<title>Homem \u00e9 preso em flagrante pela Pol\u00edcia Militar pelo crime de viol\u00eancia dom\u00e9stica, em Osvaldo Cruz - R\u00e1dio Life FM<\/title>\n<meta name=\"robots\" content=\"index, follow, max-snippet:-1, max-image-preview:large, max-video-preview:-1\" \/>\n<link rel=\"canonical\" href=\"https:\/\/radiolifefm.com.br\/noticias\/homem-e-preso-em-flagrante-pela-policia-militar-pelo-crime-de-violencia-domestica-em-osvaldo-cruz\/\" \/>\n<meta property=\"og:locale\" content=\"pt_BR\" \/>\n<meta property=\"og:type\" content=\"article\" \/>\n<meta property=\"og:title\" content=\"Homem \u00e9 preso em flagrante pela Pol\u00edcia Militar pelo crime de viol\u00eancia dom\u00e9stica, em Osvaldo Cruz - R\u00e1dio Life FM\" \/>\n<meta property=\"og:description\" content=\"Ocorr\u00eancia foi registrada nesta quinta-feira (20) Uma equipe da Pol\u00edcia Militar de Osvaldo Cruz foi acionada na tarde desta quinta-feira (20), por volta das 17h, para atendimento de ocorr\u00eancia de desintelig\u00eancia entre casal na Rua Felicidade, Vila Esperan\u00e7a. Os policias fizeram contato com a v\u00edtima, uma mulher de 30 anos, que apresentando um arranhado no [&hellip;]\" \/>\n<meta property=\"og:url\" content=\"https:\/\/radiolifefm.com.br\/noticias\/homem-e-preso-em-flagrante-pela-policia-militar-pelo-crime-de-violencia-domestica-em-osvaldo-cruz\/\" \/>\n<meta property=\"og:site_name\" content=\"R\u00e1dio Life FM\" \/>\n<meta property=\"article:publisher\" content=\"https:\/\/www.facebook.com\/radiolifefm\/\" \/>\n<meta property=\"article:published_time\" content=\"2020-02-25T14:23:03+00:00\" \/>\n<meta property=\"article:modified_time\" content=\"2026-01-22T08:12:56+00:00\" \/>\n<meta property=\"og:image\" content=\"https:\/\/radiolifefm.com.br\/noticias\/wp-content\/uploads\/2020\/02\/Pol\u00edcia-Militar-Imagem-4.jpg\" \/>\n\t<meta property=\"og:image:width\" content=\"1080\" \/>\n\t<meta property=\"og:image:height\" content=\"802\" \/>\n\t<meta property=\"og:image:type\" content=\"image\/jpeg\" \/>\n<meta name=\"author\" content=\"lifefm\" \/>\n<meta name=\"twitter:card\" content=\"summary_large_image\" \/>\n<meta name=\"twitter:label1\" content=\"Escrito por\" \/>\n\t<meta name=\"twitter:data1\" content=\"lifefm\" \/>\n\t<meta name=\"twitter:label2\" content=\"Est. tempo de leitura\" \/>\n\t<meta name=\"twitter:data2\" content=\"1 minuto\" \/>\n<script type=\"application\/ld+json\" class=\"yoast-schema-graph\">{\"@context\":\"https:\/\/schema.org\",\"@graph\":[{\"@type\":\"Article\",\"@id\":\"https:\/\/radiolifefm.com.br\/noticias\/homem-e-preso-em-flagrante-pela-policia-militar-pelo-crime-de-violencia-domestica-em-osvaldo-cruz\/#article\",\"isPartOf\":{\"@id\":\"https:\/\/radiolifefm.com.br\/noticias\/homem-e-preso-em-flagrante-pela-policia-militar-pelo-crime-de-violencia-domestica-em-osvaldo-cruz\/\"},\"author\":{\"name\":\"lifefm\",\"@id\":\"https:\/\/radiolifefm.com.br\/noticias\/#\/schema\/person\/1d4e4b1301322090c6221bf1c8420490\"},\"headline\":\"Homem \u00e9 preso em flagrante pela Pol\u00edcia Militar pelo crime de viol\u00eancia dom\u00e9stica, em Osvaldo Cruz\",\"datePublished\":\"2020-02-25T14:23:03+00:00\",\"dateModified\":\"2026-01-22T08:12:56+00:00\",\"mainEntityOfPage\":{\"@id\":\"https:\/\/radiolifefm.com.br\/noticias\/homem-e-preso-em-flagrante-pela-policia-militar-pelo-crime-de-violencia-domestica-em-osvaldo-cruz\/\"},\"wordCount\":193,\"publisher\":{\"@id\":\"https:\/\/radiolifefm.com.br\/noticias\/#organization\"},\"image\":{\"@id\":\"https:\/\/radiolifefm.com.br\/noticias\/homem-e-preso-em-flagrante-pela-policia-militar-pelo-crime-de-violencia-domestica-em-osvaldo-cruz\/#primaryimage\"},\"thumbnailUrl\":\"https:\/\/radiolifefm.com.br\/noticias\/wp-content\/uploads\/2020\/02\/Pol\u00edcia-Militar-Imagem-4.jpg\",\"articleSection\":[\"Regi\u00e3o\"],\"inLanguage\":\"pt-BR\"},{\"@type\":\"WebPage\",\"@id\":\"https:\/\/radiolifefm.com.br\/noticias\/homem-e-preso-em-flagrante-pela-policia-militar-pelo-crime-de-violencia-domestica-em-osvaldo-cruz\/\",\"url\":\"https:\/\/radiolifefm.com.br\/noticias\/homem-e-preso-em-flagrante-pela-policia-militar-pelo-crime-de-violencia-domestica-em-osvaldo-cruz\/\",\"name\":\"Homem \u00e9 preso em flagrante pela Pol\u00edcia Militar pelo crime de viol\u00eancia dom\u00e9stica, em Osvaldo Cruz - R\u00e1dio Life FM\",\"isPartOf\":{\"@id\":\"https:\/\/radiolifefm.com.br\/noticias\/#website\"},\"primaryImageOfPage\":{\"@id\":\"https:\/\/radiolifefm.com.br\/noticias\/homem-e-preso-em-flagrante-pela-policia-militar-pelo-crime-de-violencia-domestica-em-osvaldo-cruz\/#primaryimage\"},\"image\":{\"@id\":\"https:\/\/radiolifefm.com.br\/noticias\/homem-e-preso-em-flagrante-pela-policia-militar-pelo-crime-de-violencia-domestica-em-osvaldo-cruz\/#primaryimage\"},\"thumbnailUrl\":\"https:\/\/radiolifefm.com.br\/noticias\/wp-content\/uploads\/2020\/02\/Pol\u00edcia-Militar-Imagem-4.jpg\",\"datePublished\":\"2020-02-25T14:23:03+00:00\",\"dateModified\":\"2026-01-22T08:12:56+00:00\",\"breadcrumb\":{\"@id\":\"https:\/\/radiolifefm.com.br\/noticias\/homem-e-preso-em-flagrante-pela-policia-militar-pelo-crime-de-violencia-domestica-em-osvaldo-cruz\/#breadcrumb\"},\"inLanguage\":\"pt-BR\",\"potentialAction\":[{\"@type\":\"ReadAction\",\"target\":[\"https:\/\/radiolifefm.com.br\/noticias\/homem-e-preso-em-flagrante-pela-policia-militar-pelo-crime-de-violencia-domestica-em-osvaldo-cruz\/\"]}]},{\"@type\":\"ImageObject\",\"inLanguage\":\"pt-BR\",\"@id\":\"https:\/\/radiolifefm.com.br\/noticias\/homem-e-preso-em-flagrante-pela-policia-militar-pelo-crime-de-violencia-domestica-em-osvaldo-cruz\/#primaryimage\",\"url\":\"https:\/\/radiolifefm.com.br\/noticias\/wp-content\/uploads\/2020\/02\/Pol\u00edcia-Militar-Imagem-4.jpg\",\"contentUrl\":\"https:\/\/radiolifefm.com.br\/noticias\/wp-content\/uploads\/2020\/02\/Pol\u00edcia-Militar-Imagem-4.jpg\",\"width\":1080,\"height\":802},{\"@type\":\"BreadcrumbList\",\"@id\":\"https:\/\/radiolifefm.com.br\/noticias\/homem-e-preso-em-flagrante-pela-policia-militar-pelo-crime-de-violencia-domestica-em-osvaldo-cruz\/#breadcrumb\",\"itemListElement\":[{\"@type\":\"ListItem\",\"position\":1,\"name\":\"In\u00edcio\",\"item\":\"https:\/\/radiolifefm.com.br\/noticias\/\"},{\"@type\":\"ListItem\",\"position\":2,\"name\":\"Homem \u00e9 preso em flagrante pela Pol\u00edcia Militar pelo crime de viol\u00eancia dom\u00e9stica, em Osvaldo Cruz\"}]},{\"@type\":\"WebSite\",\"@id\":\"https:\/\/radiolifefm.com.br\/noticias\/#website\",\"url\":\"https:\/\/radiolifefm.com.br\/noticias\/\",\"name\":\"R\u00e1dio Life FM\",\"description\":\"O Portal de Not\u00edcias de Adamantina\",\"publisher\":{\"@id\":\"https:\/\/radiolifefm.com.br\/noticias\/#organization\"},\"alternateName\":\"Life FM\",\"potentialAction\":[{\"@type\":\"SearchAction\",\"target\":{\"@type\":\"EntryPoint\",\"urlTemplate\":\"https:\/\/radiolifefm.com.br\/noticias\/?s={search_term_string}\"},\"query-input\":{\"@type\":\"PropertyValueSpecification\",\"valueRequired\":true,\"valueName\":\"search_term_string\"}}],\"inLanguage\":\"pt-BR\"},{\"@type\":\"Organization\",\"@id\":\"https:\/\/radiolifefm.com.br\/noticias\/#organization\",\"name\":\"R\u00e1dio Life FM\",\"alternateName\":\"Life FM\",\"url\":\"https:\/\/radiolifefm.com.br\/noticias\/\",\"logo\":{\"@type\":\"ImageObject\",\"inLanguage\":\"pt-BR\",\"@id\":\"https:\/\/radiolifefm.com.br\/noticias\/#\/schema\/logo\/image\/\",\"url\":\"https:\/\/static.radiolifefm.com.br\/noticias\/wp-content\/uploads\/2019\/10\/logo-lifefm.png\",\"contentUrl\":\"https:\/\/static.radiolifefm.com.br\/noticias\/wp-content\/uploads\/2019\/10\/logo-lifefm.png\",\"width\":196,\"height\":47,\"caption\":\"R\u00e1dio Life FM\"},\"image\":{\"@id\":\"https:\/\/radiolifefm.com.br\/noticias\/#\/schema\/logo\/image\/\"},\"sameAs\":[\"https:\/\/www.facebook.com\/radiolifefm\/\",\"https:\/\/www.instagram.com\/life1079fm\/\"]},{\"@type\":\"Person\",\"@id\":\"https:\/\/radiolifefm.com.br\/noticias\/#\/schema\/person\/1d4e4b1301322090c6221bf1c8420490\",\"name\":\"lifefm\",\"image\":{\"@type\":\"ImageObject\",\"inLanguage\":\"pt-BR\",\"@id\":\"https:\/\/secure.gravatar.com\/avatar\/eca268467d925ec97d20641bb054fd944c0abb2f92854171620706bbe6474e7c?s=96&d=mm&r=g\",\"url\":\"https:\/\/secure.gravatar.com\/avatar\/eca268467d925ec97d20641bb054fd944c0abb2f92854171620706bbe6474e7c?s=96&d=mm&r=g\",\"contentUrl\":\"https:\/\/secure.gravatar.com\/avatar\/eca268467d925ec97d20641bb054fd944c0abb2f92854171620706bbe6474e7c?s=96&d=mm&r=g\",\"caption\":\"lifefm\"}}]}<\/script>\n<!-- \/ Yoast SEO plugin. -->","yoast_head_json":{"title":"Homem \u00e9 preso em flagrante pela Pol\u00edcia Militar pelo crime de viol\u00eancia dom\u00e9stica, em Osvaldo Cruz - R\u00e1dio Life FM","robots":{"index":"index","follow":"follow","max-snippet":"max-snippet:-1","max-image-preview":"max-image-preview:large","max-video-preview":"max-video-preview:-1"},"canonical":"https:\/\/radiolifefm.com.br\/noticias\/homem-e-preso-em-flagrante-pela-policia-militar-pelo-crime-de-violencia-domestica-em-osvaldo-cruz\/","og_locale":"pt_BR","og_type":"article","og_title":"Homem \u00e9 preso em flagrante pela Pol\u00edcia Militar pelo crime de viol\u00eancia dom\u00e9stica, em Osvaldo Cruz - R\u00e1dio Life FM","og_description":"Ocorr\u00eancia foi registrada nesta quinta-feira (20) Uma equipe da Pol\u00edcia Militar de Osvaldo Cruz foi acionada na tarde desta quinta-feira (20), por volta das 17h, para atendimento de ocorr\u00eancia de desintelig\u00eancia entre casal na Rua Felicidade, Vila Esperan\u00e7a. Os policias fizeram contato com a v\u00edtima, uma mulher de 30 anos, que apresentando um arranhado no [&hellip;]","og_url":"https:\/\/radiolifefm.com.br\/noticias\/homem-e-preso-em-flagrante-pela-policia-militar-pelo-crime-de-violencia-domestica-em-osvaldo-cruz\/","og_site_name":"R\u00e1dio Life FM","article_publisher":"https:\/\/www.facebook.com\/radiolifefm\/","article_published_time":"2020-02-25T14:23:03+00:00","article_modified_time":"2026-01-22T08:12:56+00:00","og_image":[{"width":1080,"height":802,"url":"https:\/\/radiolifefm.com.br\/noticias\/wp-content\/uploads\/2020\/02\/Pol\u00edcia-Militar-Imagem-4.jpg","type":"image\/jpeg"}],"author":"lifefm","twitter_card":"summary_large_image","twitter_misc":{"Escrito por":"lifefm","Est. tempo de leitura":"1 minuto"},"schema":{"@context":"https:\/\/schema.org","@graph":[{"@type":"Article","@id":"https:\/\/radiolifefm.com.br\/noticias\/homem-e-preso-em-flagrante-pela-policia-militar-pelo-crime-de-violencia-domestica-em-osvaldo-cruz\/#article","isPartOf":{"@id":"https:\/\/radiolifefm.com.br\/noticias\/homem-e-preso-em-flagrante-pela-policia-militar-pelo-crime-de-violencia-domestica-em-osvaldo-cruz\/"},"author":{"name":"lifefm","@id":"https:\/\/radiolifefm.com.br\/noticias\/#\/schema\/person\/1d4e4b1301322090c6221bf1c8420490"},"headline":"Homem \u00e9 preso em flagrante pela Pol\u00edcia Militar pelo crime de viol\u00eancia dom\u00e9stica, em Osvaldo Cruz","datePublished":"2020-02-25T14:23:03+00:00","dateModified":"2026-01-22T08:12:56+00:00","mainEntityOfPage":{"@id":"https:\/\/radiolifefm.com.br\/noticias\/homem-e-preso-em-flagrante-pela-policia-militar-pelo-crime-de-violencia-domestica-em-osvaldo-cruz\/"},"wordCount":193,"publisher":{"@id":"https:\/\/radiolifefm.com.br\/noticias\/#organization"},"image":{"@id":"https:\/\/radiolifefm.com.br\/noticias\/homem-e-preso-em-flagrante-pela-policia-militar-pelo-crime-de-violencia-domestica-em-osvaldo-cruz\/#primaryimage"},"thumbnailUrl":"https:\/\/radiolifefm.com.br\/noticias\/wp-content\/uploads\/2020\/02\/Pol\u00edcia-Militar-Imagem-4.jpg","articleSection":["Regi\u00e3o"],"inLanguage":"pt-BR"},{"@type":"WebPage","@id":"https:\/\/radiolifefm.com.br\/noticias\/homem-e-preso-em-flagrante-pela-policia-militar-pelo-crime-de-violencia-domestica-em-osvaldo-cruz\/","url":"https:\/\/radiolifefm.com.br\/noticias\/homem-e-preso-em-flagrante-pela-policia-militar-pelo-crime-de-violencia-domestica-em-osvaldo-cruz\/","name":"Homem \u00e9 preso em flagrante pela Pol\u00edcia Militar pelo crime de viol\u00eancia dom\u00e9stica, em Osvaldo Cruz - R\u00e1dio Life FM","isPartOf":{"@id":"https:\/\/radiolifefm.com.br\/noticias\/#website"},"primaryImageOfPage":{"@id":"https:\/\/radiolifefm.com.br\/noticias\/homem-e-preso-em-flagrante-pela-policia-militar-pelo-crime-de-violencia-domestica-em-osvaldo-cruz\/#primaryimage"},"image":{"@id":"https:\/\/radiolifefm.com.br\/noticias\/homem-e-preso-em-flagrante-pela-policia-militar-pelo-crime-de-violencia-domestica-em-osvaldo-cruz\/#primaryimage"},"thumbnailUrl":"https:\/\/radiolifefm.com.br\/noticias\/wp-content\/uploads\/2020\/02\/Pol\u00edcia-Militar-Imagem-4.jpg","datePublished":"2020-02-25T14:23:03+00:00","dateModified":"2026-01-22T08:12:56+00:00","breadcrumb":{"@id":"https:\/\/radiolifefm.com.br\/noticias\/homem-e-preso-em-flagrante-pela-policia-militar-pelo-crime-de-violencia-domestica-em-osvaldo-cruz\/#breadcrumb"},"inLanguage":"pt-BR","potentialAction":[{"@type":"ReadAction","target":["https:\/\/radiolifefm.com.br\/noticias\/homem-e-preso-em-flagrante-pela-policia-militar-pelo-crime-de-violencia-domestica-em-osvaldo-cruz\/"]}]},{"@type":"ImageObject","inLanguage":"pt-BR","@id":"https:\/\/radiolifefm.com.br\/noticias\/homem-e-preso-em-flagrante-pela-policia-militar-pelo-crime-de-violencia-domestica-em-osvaldo-cruz\/#primaryimage","url":"https:\/\/radiolifefm.com.br\/noticias\/wp-content\/uploads\/2020\/02\/Pol\u00edcia-Militar-Imagem-4.jpg","contentUrl":"https:\/\/radiolifefm.com.br\/noticias\/wp-content\/uploads\/2020\/02\/Pol\u00edcia-Militar-Imagem-4.jpg","width":1080,"height":802},{"@type":"BreadcrumbList","@id":"https:\/\/radiolifefm.com.br\/noticias\/homem-e-preso-em-flagrante-pela-policia-militar-pelo-crime-de-violencia-domestica-em-osvaldo-cruz\/#breadcrumb","itemListElement":[{"@type":"ListItem","position":1,"name":"In\u00edcio","item":"https:\/\/radiolifefm.com.br\/noticias\/"},{"@type":"ListItem","position":2,"name":"Homem \u00e9 preso em flagrante pela Pol\u00edcia Militar pelo crime de viol\u00eancia dom\u00e9stica, em Osvaldo Cruz"}]},{"@type":"WebSite","@id":"https:\/\/radiolifefm.com.br\/noticias\/#website","url":"https:\/\/radiolifefm.com.br\/noticias\/","name":"R\u00e1dio Life FM","description":"O Portal de Not\u00edcias de Adamantina","publisher":{"@id":"https:\/\/radiolifefm.com.br\/noticias\/#organization"},"alternateName":"Life FM","potentialAction":[{"@type":"SearchAction","target":{"@type":"EntryPoint","urlTemplate":"https:\/\/radiolifefm.com.br\/noticias\/?s={search_term_string}"},"query-input":{"@type":"PropertyValueSpecification","valueRequired":true,"valueName":"search_term_string"}}],"inLanguage":"pt-BR"},{"@type":"Organization","@id":"https:\/\/radiolifefm.com.br\/noticias\/#organization","name":"R\u00e1dio Life FM","alternateName":"Life FM","url":"https:\/\/radiolifefm.com.br\/noticias\/","logo":{"@type":"ImageObject","inLanguage":"pt-BR","@id":"https:\/\/radiolifefm.com.br\/noticias\/#\/schema\/logo\/image\/","url":"https:\/\/static.radiolifefm.com.br\/noticias\/wp-content\/uploads\/2019\/10\/logo-lifefm.png","contentUrl":"https:\/\/static.radiolifefm.com.br\/noticias\/wp-content\/uploads\/2019\/10\/logo-lifefm.png","width":196,"height":47,"caption":"R\u00e1dio Life FM"},"image":{"@id":"https:\/\/radiolifefm.com.br\/noticias\/#\/schema\/logo\/image\/"},"sameAs":["https:\/\/www.facebook.com\/radiolifefm\/","https:\/\/www.instagram.com\/life1079fm\/"]},{"@type":"Person","@id":"https:\/\/radiolifefm.com.br\/noticias\/#\/schema\/person\/1d4e4b1301322090c6221bf1c8420490","name":"lifefm","image":{"@type":"ImageObject","inLanguage":"pt-BR","@id":"https:\/\/secure.gravatar.com\/avatar\/eca268467d925ec97d20641bb054fd944c0abb2f92854171620706bbe6474e7c?s=96&d=mm&r=g","url":"https:\/\/secure.gravatar.com\/avatar\/eca268467d925ec97d20641bb054fd944c0abb2f92854171620706bbe6474e7c?s=96&d=mm&r=g","contentUrl":"https:\/\/secure.gravatar.com\/avatar\/eca268467d925ec97d20641bb054fd944c0abb2f92854171620706bbe6474e7c?s=96&d=mm&r=g","caption":"lifefm"}}]}},"amp_enabled":true,"_links":{"self":[{"href":"https:\/\/radiolifefm.com.br\/noticias\/wp-json\/wp\/v2\/posts\/20560","targetHints":{"allow":["GET"]}}],"collection":[{"href":"https:\/\/radiolifefm.com.br\/noticias\/wp-json\/wp\/v2\/posts"}],"about":[{"href":"https:\/\/radiolifefm.com.br\/noticias\/wp-json\/wp\/v2\/types\/post"}],"author":[{"embeddable":true,"href":"https:\/\/radiolifefm.com.br\/noticias\/wp-json\/wp\/v2\/users\/3"}],"replies":[{"embeddable":true,"href":"https:\/\/radiolifefm.com.br\/noticias\/wp-json\/wp\/v2\/comments?post=20560"}],"version-history":[{"count":1,"href":"https:\/\/radiolifefm.com.br\/noticias\/wp-json\/wp\/v2\/posts\/20560\/revisions"}],"predecessor-version":[{"id":20562,"href":"https:\/\/radiolifefm.com.br\/noticias\/wp-json\/wp\/v2\/posts\/20560\/revisions\/20562"}],"wp:featuredmedia":[{"embeddable":true,"href":"https:\/\/radiolifefm.com.br\/noticias\/wp-json\/wp\/v2\/media\/20561"}],"wp:attachment":[{"href":"https:\/\/radiolifefm.com.br\/noticias\/wp-json\/wp\/v2\/media?parent=20560"}],"wp:term":[{"taxonomy":"category","embeddable":true,"href":"https:\/\/radiolifefm.com.br\/noticias\/wp-json\/wp\/v2\/categories?post=20560"},{"taxonomy":"post_tag","embeddable":true,"href":"https:\/\/radiolifefm.com.br\/noticias\/wp-json\/wp\/v2\/tags?post=20560"}],"curies":[{"name":"wp","href":"https:\/\/api.w.org\/{rel}","templated":true}]}}