{"id":20460,"date":"2020-02-19T10:41:48","date_gmt":"2020-02-19T13:41:48","guid":{"rendered":"https:\/\/radiolifefm.com.br\/noticias\/?p=20460"},"modified":"2026-04-25T20:20:55","modified_gmt":"2026-04-25T23:20:55","slug":"morre-a-jovem-que-teve-quase-60-do-corpo-queimado-ao-tentar-acender-fogao-improvisado-em-pauliceia","status":"publish","type":"post","link":"https:\/\/radiolifefm.com.br\/noticias\/morre-a-jovem-que-teve-quase-60-do-corpo-queimado-ao-tentar-acender-fogao-improvisado-em-pauliceia\/","title":{"rendered":"Morre a jovem que teve quase 60% do corpo queimado ao tentar acender fog\u00e3o improvisado em Pauliceia"},"content":{"rendered":"<div id=\"fb-root\"><\/div>\n<p>Faleceu na madrugada desta quarta-feira (19), Camila Aparecida Merigio, de 24 anos, que no \u00faltimo dia 9 deste m\u00eas, teve cerca de 60% do corpo queimado em acidente dom\u00e9stico em Pauliceia.<\/p>\n<p>Na \u00e9poca, apurou-se que a v\u00edtima preparava o jantar num fog\u00e3o improvisado formado por dois tijolos que se encontravam em cima da pia da cozinha. No momento que tentava acender o fogo com \u00e1lcool, o recipiente explodiu.<\/p>\n<p>Camila foi levada para o Pronto Atendimento de Panorama com queimaduras de 3\u00b0 grau.<\/p>\n<p>Na \u00e9poca, se apurou que as chamas atingiram a cabe\u00e7a, a face, o pesco\u00e7o, bra\u00e7os, t\u00f3rax, abd\u00f4men e regi\u00f5es abaixo da cintura. Os atendimentos iniciais foram realizados pelos Pronto Atendimentos de Pauliceia e Panorama.<\/p>\n<p>Camila foi transferida para o HR de Presidente Prudente, de onde foi transferida com ambul\u00e2ncia UTI para Catanduva S.P., pelo que foi informado por familiares, a paciente sofria de bronquite e asma.<\/p>\n<p>No momento do acidente Camila teria inalado muita fuma\u00e7a. Ajuntando seu hist\u00f3rico de vulnerabilidade causado pela bronquite, asma e a intensa inala\u00e7\u00e3o de poluentes, isso a deixou mais suscet\u00edvel a infec\u00e7\u00f5es e problemas com o funcionamento dos pulm\u00f5es.<\/p>\n<p>Nas \u00faltimas horas entubada chegou a ter febre de 42 graus. O \u00f3bito foi confirmado na madrugada desta quarta feira, por Adriano, esposo de Camila.<\/p>\n<p>Ap\u00f3s o tr\u00e1gico epis\u00f3dio, muitas pessoas sensibilizadas pelo ocorrido e pela situa\u00e7\u00e3o de necessidade da fam\u00edlia, realizaram campanhas onde foram arrecadados diversos donativos como cestas b\u00e1sicas, fraldas, roupas, objetos para a cozinha e outros.<\/p>\n<p>Camila deixa o esposo Adriano, os filhos, os pequenos, Breno (6 anos) e Enzo (de 6 meses).<\/p>\n<p>&nbsp;<\/p>\n<p>Fonte &#8211; Panorama Not\u00edcias.<\/p>\n","protected":false},"excerpt":{"rendered":"<p>Faleceu na madrugada desta quarta-feira (19), Camila Aparecida Merigio, de 24 anos, que no \u00faltimo dia 9 deste m\u00eas, teve cerca de 60% do corpo queimado em acidente dom\u00e9stico em Pauliceia. Na \u00e9poca, apurou-se que a v\u00edtima preparava o jantar num fog\u00e3o improvisado formado por dois tijolos que se encontravam em cima da pia da [&hellip;]<\/p>\n","protected":false},"author":3,"featured_media":20461,"comment_status":"closed","ping_status":"open","sticky":false,"template":"","format":"standard","meta":{"_acf_changed":false,"_exactmetrics_skip_tracking":false,"_exactmetrics_sitenote_active":false,"_exactmetrics_sitenote_note":"","_exactmetrics_sitenote_category":0,"footnotes":""},"categories":[24],"tags":[],"class_list":["post-20460","post","type-post","status-publish","format-standard","has-post-thumbnail","hentry","category-regiao"],"acf":[],"yoast_head":"<!-- This site is optimized with the Yoast SEO plugin v27.2 - https:\/\/yoast.com\/product\/yoast-seo-wordpress\/ -->\n<title>Morre a jovem que teve quase 60% do corpo queimado ao tentar acender fog\u00e3o improvisado em Pauliceia - R\u00e1dio Life FM<\/title>\n<meta name=\"robots\" content=\"index, follow, max-snippet:-1, max-image-preview:large, max-video-preview:-1\" \/>\n<link rel=\"canonical\" href=\"https:\/\/radiolifefm.com.br\/noticias\/morre-a-jovem-que-teve-quase-60-do-corpo-queimado-ao-tentar-acender-fogao-improvisado-em-pauliceia\/\" \/>\n<meta property=\"og:locale\" content=\"pt_BR\" \/>\n<meta property=\"og:type\" content=\"article\" \/>\n<meta property=\"og:title\" content=\"Morre a jovem que teve quase 60% do corpo queimado ao tentar acender fog\u00e3o improvisado em Pauliceia - R\u00e1dio Life FM\" \/>\n<meta property=\"og:description\" content=\"Faleceu na madrugada desta quarta-feira (19), Camila Aparecida Merigio, de 24 anos, que no \u00faltimo dia 9 deste m\u00eas, teve cerca de 60% do corpo queimado em acidente dom\u00e9stico em Pauliceia. Na \u00e9poca, apurou-se que a v\u00edtima preparava o jantar num fog\u00e3o improvisado formado por dois tijolos que se encontravam em cima da pia da [&hellip;]\" \/>\n<meta property=\"og:url\" content=\"https:\/\/radiolifefm.com.br\/noticias\/morre-a-jovem-que-teve-quase-60-do-corpo-queimado-ao-tentar-acender-fogao-improvisado-em-pauliceia\/\" \/>\n<meta property=\"og:site_name\" content=\"R\u00e1dio Life FM\" \/>\n<meta property=\"article:publisher\" content=\"https:\/\/www.facebook.com\/radiolifefm\/\" \/>\n<meta property=\"article:published_time\" content=\"2020-02-19T13:41:48+00:00\" \/>\n<meta property=\"article:modified_time\" content=\"2026-04-25T23:20:55+00:00\" \/>\n<meta property=\"og:image\" content=\"https:\/\/radiolifefm.com.br\/noticias\/wp-content\/uploads\/2020\/02\/Jovem-queimada-Fl\u00f3rida.jpg\" \/>\n\t<meta property=\"og:image:width\" content=\"800\" \/>\n\t<meta property=\"og:image:height\" content=\"515\" \/>\n\t<meta property=\"og:image:type\" content=\"image\/jpeg\" \/>\n<meta name=\"author\" content=\"lifefm\" \/>\n<meta name=\"twitter:card\" content=\"summary_large_image\" \/>\n<meta name=\"twitter:label1\" content=\"Escrito por\" \/>\n\t<meta name=\"twitter:data1\" content=\"lifefm\" \/>\n\t<meta name=\"twitter:label2\" content=\"Est. tempo de leitura\" \/>\n\t<meta name=\"twitter:data2\" content=\"1 minuto\" \/>\n<script type=\"application\/ld+json\" class=\"yoast-schema-graph\">{\"@context\":\"https:\/\/schema.org\",\"@graph\":[{\"@type\":\"Article\",\"@id\":\"https:\/\/radiolifefm.com.br\/noticias\/morre-a-jovem-que-teve-quase-60-do-corpo-queimado-ao-tentar-acender-fogao-improvisado-em-pauliceia\/#article\",\"isPartOf\":{\"@id\":\"https:\/\/radiolifefm.com.br\/noticias\/morre-a-jovem-que-teve-quase-60-do-corpo-queimado-ao-tentar-acender-fogao-improvisado-em-pauliceia\/\"},\"author\":{\"name\":\"lifefm\",\"@id\":\"https:\/\/radiolifefm.com.br\/noticias\/#\/schema\/person\/1d4e4b1301322090c6221bf1c8420490\"},\"headline\":\"Morre a jovem que teve quase 60% do corpo queimado ao tentar acender fog\u00e3o improvisado em Pauliceia\",\"datePublished\":\"2020-02-19T13:41:48+00:00\",\"dateModified\":\"2026-04-25T23:20:55+00:00\",\"mainEntityOfPage\":{\"@id\":\"https:\/\/radiolifefm.com.br\/noticias\/morre-a-jovem-que-teve-quase-60-do-corpo-queimado-ao-tentar-acender-fogao-improvisado-em-pauliceia\/\"},\"wordCount\":301,\"publisher\":{\"@id\":\"https:\/\/radiolifefm.com.br\/noticias\/#organization\"},\"image\":{\"@id\":\"https:\/\/radiolifefm.com.br\/noticias\/morre-a-jovem-que-teve-quase-60-do-corpo-queimado-ao-tentar-acender-fogao-improvisado-em-pauliceia\/#primaryimage\"},\"thumbnailUrl\":\"https:\/\/radiolifefm.com.br\/noticias\/wp-content\/uploads\/2020\/02\/Jovem-queimada-Fl\u00f3rida.jpg\",\"articleSection\":[\"Regi\u00e3o\"],\"inLanguage\":\"pt-BR\"},{\"@type\":\"WebPage\",\"@id\":\"https:\/\/radiolifefm.com.br\/noticias\/morre-a-jovem-que-teve-quase-60-do-corpo-queimado-ao-tentar-acender-fogao-improvisado-em-pauliceia\/\",\"url\":\"https:\/\/radiolifefm.com.br\/noticias\/morre-a-jovem-que-teve-quase-60-do-corpo-queimado-ao-tentar-acender-fogao-improvisado-em-pauliceia\/\",\"name\":\"Morre a jovem que teve quase 60% do corpo queimado ao tentar acender fog\u00e3o improvisado em Pauliceia - R\u00e1dio Life FM\",\"isPartOf\":{\"@id\":\"https:\/\/radiolifefm.com.br\/noticias\/#website\"},\"primaryImageOfPage\":{\"@id\":\"https:\/\/radiolifefm.com.br\/noticias\/morre-a-jovem-que-teve-quase-60-do-corpo-queimado-ao-tentar-acender-fogao-improvisado-em-pauliceia\/#primaryimage\"},\"image\":{\"@id\":\"https:\/\/radiolifefm.com.br\/noticias\/morre-a-jovem-que-teve-quase-60-do-corpo-queimado-ao-tentar-acender-fogao-improvisado-em-pauliceia\/#primaryimage\"},\"thumbnailUrl\":\"https:\/\/radiolifefm.com.br\/noticias\/wp-content\/uploads\/2020\/02\/Jovem-queimada-Fl\u00f3rida.jpg\",\"datePublished\":\"2020-02-19T13:41:48+00:00\",\"dateModified\":\"2026-04-25T23:20:55+00:00\",\"breadcrumb\":{\"@id\":\"https:\/\/radiolifefm.com.br\/noticias\/morre-a-jovem-que-teve-quase-60-do-corpo-queimado-ao-tentar-acender-fogao-improvisado-em-pauliceia\/#breadcrumb\"},\"inLanguage\":\"pt-BR\",\"potentialAction\":[{\"@type\":\"ReadAction\",\"target\":[\"https:\/\/radiolifefm.com.br\/noticias\/morre-a-jovem-que-teve-quase-60-do-corpo-queimado-ao-tentar-acender-fogao-improvisado-em-pauliceia\/\"]}]},{\"@type\":\"ImageObject\",\"inLanguage\":\"pt-BR\",\"@id\":\"https:\/\/radiolifefm.com.br\/noticias\/morre-a-jovem-que-teve-quase-60-do-corpo-queimado-ao-tentar-acender-fogao-improvisado-em-pauliceia\/#primaryimage\",\"url\":\"https:\/\/radiolifefm.com.br\/noticias\/wp-content\/uploads\/2020\/02\/Jovem-queimada-Fl\u00f3rida.jpg\",\"contentUrl\":\"https:\/\/radiolifefm.com.br\/noticias\/wp-content\/uploads\/2020\/02\/Jovem-queimada-Fl\u00f3rida.jpg\",\"width\":800,\"height\":515,\"caption\":\"Camila Aparecida Merigio, de 24 anos, que faleceu ap\u00f3s permanecer internada depois de sofrer queimaduras em fog\u00e3o improvisado. Foto - Panorama Not\u00edcias. Reprodu\u00e7\u00e3o.\"},{\"@type\":\"BreadcrumbList\",\"@id\":\"https:\/\/radiolifefm.com.br\/noticias\/morre-a-jovem-que-teve-quase-60-do-corpo-queimado-ao-tentar-acender-fogao-improvisado-em-pauliceia\/#breadcrumb\",\"itemListElement\":[{\"@type\":\"ListItem\",\"position\":1,\"name\":\"In\u00edcio\",\"item\":\"https:\/\/radiolifefm.com.br\/noticias\/\"},{\"@type\":\"ListItem\",\"position\":2,\"name\":\"Morre a jovem que teve quase 60% do corpo queimado ao tentar acender fog\u00e3o improvisado em Pauliceia\"}]},{\"@type\":\"WebSite\",\"@id\":\"https:\/\/radiolifefm.com.br\/noticias\/#website\",\"url\":\"https:\/\/radiolifefm.com.br\/noticias\/\",\"name\":\"R\u00e1dio Life FM\",\"description\":\"O Portal de Not\u00edcias de Adamantina\",\"publisher\":{\"@id\":\"https:\/\/radiolifefm.com.br\/noticias\/#organization\"},\"alternateName\":\"Life FM\",\"potentialAction\":[{\"@type\":\"SearchAction\",\"target\":{\"@type\":\"EntryPoint\",\"urlTemplate\":\"https:\/\/radiolifefm.com.br\/noticias\/?s={search_term_string}\"},\"query-input\":{\"@type\":\"PropertyValueSpecification\",\"valueRequired\":true,\"valueName\":\"search_term_string\"}}],\"inLanguage\":\"pt-BR\"},{\"@type\":\"Organization\",\"@id\":\"https:\/\/radiolifefm.com.br\/noticias\/#organization\",\"name\":\"R\u00e1dio Life FM\",\"alternateName\":\"Life FM\",\"url\":\"https:\/\/radiolifefm.com.br\/noticias\/\",\"logo\":{\"@type\":\"ImageObject\",\"inLanguage\":\"pt-BR\",\"@id\":\"https:\/\/radiolifefm.com.br\/noticias\/#\/schema\/logo\/image\/\",\"url\":\"https:\/\/static.radiolifefm.com.br\/noticias\/wp-content\/uploads\/2019\/10\/logo-lifefm.png\",\"contentUrl\":\"https:\/\/static.radiolifefm.com.br\/noticias\/wp-content\/uploads\/2019\/10\/logo-lifefm.png\",\"width\":196,\"height\":47,\"caption\":\"R\u00e1dio Life FM\"},\"image\":{\"@id\":\"https:\/\/radiolifefm.com.br\/noticias\/#\/schema\/logo\/image\/\"},\"sameAs\":[\"https:\/\/www.facebook.com\/radiolifefm\/\",\"https:\/\/www.instagram.com\/life1079fm\/\"]},{\"@type\":\"Person\",\"@id\":\"https:\/\/radiolifefm.com.br\/noticias\/#\/schema\/person\/1d4e4b1301322090c6221bf1c8420490\",\"name\":\"lifefm\",\"image\":{\"@type\":\"ImageObject\",\"inLanguage\":\"pt-BR\",\"@id\":\"https:\/\/secure.gravatar.com\/avatar\/eca268467d925ec97d20641bb054fd944c0abb2f92854171620706bbe6474e7c?s=96&d=mm&r=g\",\"url\":\"https:\/\/secure.gravatar.com\/avatar\/eca268467d925ec97d20641bb054fd944c0abb2f92854171620706bbe6474e7c?s=96&d=mm&r=g\",\"contentUrl\":\"https:\/\/secure.gravatar.com\/avatar\/eca268467d925ec97d20641bb054fd944c0abb2f92854171620706bbe6474e7c?s=96&d=mm&r=g\",\"caption\":\"lifefm\"}}]}<\/script>\n<!-- \/ Yoast SEO plugin. -->","yoast_head_json":{"title":"Morre a jovem que teve quase 60% do corpo queimado ao tentar acender fog\u00e3o improvisado em Pauliceia - R\u00e1dio Life FM","robots":{"index":"index","follow":"follow","max-snippet":"max-snippet:-1","max-image-preview":"max-image-preview:large","max-video-preview":"max-video-preview:-1"},"canonical":"https:\/\/radiolifefm.com.br\/noticias\/morre-a-jovem-que-teve-quase-60-do-corpo-queimado-ao-tentar-acender-fogao-improvisado-em-pauliceia\/","og_locale":"pt_BR","og_type":"article","og_title":"Morre a jovem que teve quase 60% do corpo queimado ao tentar acender fog\u00e3o improvisado em Pauliceia - R\u00e1dio Life FM","og_description":"Faleceu na madrugada desta quarta-feira (19), Camila Aparecida Merigio, de 24 anos, que no \u00faltimo dia 9 deste m\u00eas, teve cerca de 60% do corpo queimado em acidente dom\u00e9stico em Pauliceia. Na \u00e9poca, apurou-se que a v\u00edtima preparava o jantar num fog\u00e3o improvisado formado por dois tijolos que se encontravam em cima da pia da [&hellip;]","og_url":"https:\/\/radiolifefm.com.br\/noticias\/morre-a-jovem-que-teve-quase-60-do-corpo-queimado-ao-tentar-acender-fogao-improvisado-em-pauliceia\/","og_site_name":"R\u00e1dio Life FM","article_publisher":"https:\/\/www.facebook.com\/radiolifefm\/","article_published_time":"2020-02-19T13:41:48+00:00","article_modified_time":"2026-04-25T23:20:55+00:00","og_image":[{"width":800,"height":515,"url":"https:\/\/radiolifefm.com.br\/noticias\/wp-content\/uploads\/2020\/02\/Jovem-queimada-Fl\u00f3rida.jpg","type":"image\/jpeg"}],"author":"lifefm","twitter_card":"summary_large_image","twitter_misc":{"Escrito por":"lifefm","Est. tempo de leitura":"1 minuto"},"schema":{"@context":"https:\/\/schema.org","@graph":[{"@type":"Article","@id":"https:\/\/radiolifefm.com.br\/noticias\/morre-a-jovem-que-teve-quase-60-do-corpo-queimado-ao-tentar-acender-fogao-improvisado-em-pauliceia\/#article","isPartOf":{"@id":"https:\/\/radiolifefm.com.br\/noticias\/morre-a-jovem-que-teve-quase-60-do-corpo-queimado-ao-tentar-acender-fogao-improvisado-em-pauliceia\/"},"author":{"name":"lifefm","@id":"https:\/\/radiolifefm.com.br\/noticias\/#\/schema\/person\/1d4e4b1301322090c6221bf1c8420490"},"headline":"Morre a jovem que teve quase 60% do corpo queimado ao tentar acender fog\u00e3o improvisado em Pauliceia","datePublished":"2020-02-19T13:41:48+00:00","dateModified":"2026-04-25T23:20:55+00:00","mainEntityOfPage":{"@id":"https:\/\/radiolifefm.com.br\/noticias\/morre-a-jovem-que-teve-quase-60-do-corpo-queimado-ao-tentar-acender-fogao-improvisado-em-pauliceia\/"},"wordCount":301,"publisher":{"@id":"https:\/\/radiolifefm.com.br\/noticias\/#organization"},"image":{"@id":"https:\/\/radiolifefm.com.br\/noticias\/morre-a-jovem-que-teve-quase-60-do-corpo-queimado-ao-tentar-acender-fogao-improvisado-em-pauliceia\/#primaryimage"},"thumbnailUrl":"https:\/\/radiolifefm.com.br\/noticias\/wp-content\/uploads\/2020\/02\/Jovem-queimada-Fl\u00f3rida.jpg","articleSection":["Regi\u00e3o"],"inLanguage":"pt-BR"},{"@type":"WebPage","@id":"https:\/\/radiolifefm.com.br\/noticias\/morre-a-jovem-que-teve-quase-60-do-corpo-queimado-ao-tentar-acender-fogao-improvisado-em-pauliceia\/","url":"https:\/\/radiolifefm.com.br\/noticias\/morre-a-jovem-que-teve-quase-60-do-corpo-queimado-ao-tentar-acender-fogao-improvisado-em-pauliceia\/","name":"Morre a jovem que teve quase 60% do corpo queimado ao tentar acender fog\u00e3o improvisado em Pauliceia - R\u00e1dio Life FM","isPartOf":{"@id":"https:\/\/radiolifefm.com.br\/noticias\/#website"},"primaryImageOfPage":{"@id":"https:\/\/radiolifefm.com.br\/noticias\/morre-a-jovem-que-teve-quase-60-do-corpo-queimado-ao-tentar-acender-fogao-improvisado-em-pauliceia\/#primaryimage"},"image":{"@id":"https:\/\/radiolifefm.com.br\/noticias\/morre-a-jovem-que-teve-quase-60-do-corpo-queimado-ao-tentar-acender-fogao-improvisado-em-pauliceia\/#primaryimage"},"thumbnailUrl":"https:\/\/radiolifefm.com.br\/noticias\/wp-content\/uploads\/2020\/02\/Jovem-queimada-Fl\u00f3rida.jpg","datePublished":"2020-02-19T13:41:48+00:00","dateModified":"2026-04-25T23:20:55+00:00","breadcrumb":{"@id":"https:\/\/radiolifefm.com.br\/noticias\/morre-a-jovem-que-teve-quase-60-do-corpo-queimado-ao-tentar-acender-fogao-improvisado-em-pauliceia\/#breadcrumb"},"inLanguage":"pt-BR","potentialAction":[{"@type":"ReadAction","target":["https:\/\/radiolifefm.com.br\/noticias\/morre-a-jovem-que-teve-quase-60-do-corpo-queimado-ao-tentar-acender-fogao-improvisado-em-pauliceia\/"]}]},{"@type":"ImageObject","inLanguage":"pt-BR","@id":"https:\/\/radiolifefm.com.br\/noticias\/morre-a-jovem-que-teve-quase-60-do-corpo-queimado-ao-tentar-acender-fogao-improvisado-em-pauliceia\/#primaryimage","url":"https:\/\/radiolifefm.com.br\/noticias\/wp-content\/uploads\/2020\/02\/Jovem-queimada-Fl\u00f3rida.jpg","contentUrl":"https:\/\/radiolifefm.com.br\/noticias\/wp-content\/uploads\/2020\/02\/Jovem-queimada-Fl\u00f3rida.jpg","width":800,"height":515,"caption":"Camila Aparecida Merigio, de 24 anos, que faleceu ap\u00f3s permanecer internada depois de sofrer queimaduras em fog\u00e3o improvisado. Foto - Panorama Not\u00edcias. Reprodu\u00e7\u00e3o."},{"@type":"BreadcrumbList","@id":"https:\/\/radiolifefm.com.br\/noticias\/morre-a-jovem-que-teve-quase-60-do-corpo-queimado-ao-tentar-acender-fogao-improvisado-em-pauliceia\/#breadcrumb","itemListElement":[{"@type":"ListItem","position":1,"name":"In\u00edcio","item":"https:\/\/radiolifefm.com.br\/noticias\/"},{"@type":"ListItem","position":2,"name":"Morre a jovem que teve quase 60% do corpo queimado ao tentar acender fog\u00e3o improvisado em Pauliceia"}]},{"@type":"WebSite","@id":"https:\/\/radiolifefm.com.br\/noticias\/#website","url":"https:\/\/radiolifefm.com.br\/noticias\/","name":"R\u00e1dio Life FM","description":"O Portal de Not\u00edcias de Adamantina","publisher":{"@id":"https:\/\/radiolifefm.com.br\/noticias\/#organization"},"alternateName":"Life FM","potentialAction":[{"@type":"SearchAction","target":{"@type":"EntryPoint","urlTemplate":"https:\/\/radiolifefm.com.br\/noticias\/?s={search_term_string}"},"query-input":{"@type":"PropertyValueSpecification","valueRequired":true,"valueName":"search_term_string"}}],"inLanguage":"pt-BR"},{"@type":"Organization","@id":"https:\/\/radiolifefm.com.br\/noticias\/#organization","name":"R\u00e1dio Life FM","alternateName":"Life FM","url":"https:\/\/radiolifefm.com.br\/noticias\/","logo":{"@type":"ImageObject","inLanguage":"pt-BR","@id":"https:\/\/radiolifefm.com.br\/noticias\/#\/schema\/logo\/image\/","url":"https:\/\/static.radiolifefm.com.br\/noticias\/wp-content\/uploads\/2019\/10\/logo-lifefm.png","contentUrl":"https:\/\/static.radiolifefm.com.br\/noticias\/wp-content\/uploads\/2019\/10\/logo-lifefm.png","width":196,"height":47,"caption":"R\u00e1dio Life FM"},"image":{"@id":"https:\/\/radiolifefm.com.br\/noticias\/#\/schema\/logo\/image\/"},"sameAs":["https:\/\/www.facebook.com\/radiolifefm\/","https:\/\/www.instagram.com\/life1079fm\/"]},{"@type":"Person","@id":"https:\/\/radiolifefm.com.br\/noticias\/#\/schema\/person\/1d4e4b1301322090c6221bf1c8420490","name":"lifefm","image":{"@type":"ImageObject","inLanguage":"pt-BR","@id":"https:\/\/secure.gravatar.com\/avatar\/eca268467d925ec97d20641bb054fd944c0abb2f92854171620706bbe6474e7c?s=96&d=mm&r=g","url":"https:\/\/secure.gravatar.com\/avatar\/eca268467d925ec97d20641bb054fd944c0abb2f92854171620706bbe6474e7c?s=96&d=mm&r=g","contentUrl":"https:\/\/secure.gravatar.com\/avatar\/eca268467d925ec97d20641bb054fd944c0abb2f92854171620706bbe6474e7c?s=96&d=mm&r=g","caption":"lifefm"}}]}},"amp_enabled":true,"_links":{"self":[{"href":"https:\/\/radiolifefm.com.br\/noticias\/wp-json\/wp\/v2\/posts\/20460","targetHints":{"allow":["GET"]}}],"collection":[{"href":"https:\/\/radiolifefm.com.br\/noticias\/wp-json\/wp\/v2\/posts"}],"about":[{"href":"https:\/\/radiolifefm.com.br\/noticias\/wp-json\/wp\/v2\/types\/post"}],"author":[{"embeddable":true,"href":"https:\/\/radiolifefm.com.br\/noticias\/wp-json\/wp\/v2\/users\/3"}],"replies":[{"embeddable":true,"href":"https:\/\/radiolifefm.com.br\/noticias\/wp-json\/wp\/v2\/comments?post=20460"}],"version-history":[{"count":1,"href":"https:\/\/radiolifefm.com.br\/noticias\/wp-json\/wp\/v2\/posts\/20460\/revisions"}],"predecessor-version":[{"id":20462,"href":"https:\/\/radiolifefm.com.br\/noticias\/wp-json\/wp\/v2\/posts\/20460\/revisions\/20462"}],"wp:featuredmedia":[{"embeddable":true,"href":"https:\/\/radiolifefm.com.br\/noticias\/wp-json\/wp\/v2\/media\/20461"}],"wp:attachment":[{"href":"https:\/\/radiolifefm.com.br\/noticias\/wp-json\/wp\/v2\/media?parent=20460"}],"wp:term":[{"taxonomy":"category","embeddable":true,"href":"https:\/\/radiolifefm.com.br\/noticias\/wp-json\/wp\/v2\/categories?post=20460"},{"taxonomy":"post_tag","embeddable":true,"href":"https:\/\/radiolifefm.com.br\/noticias\/wp-json\/wp\/v2\/tags?post=20460"}],"curies":[{"name":"wp","href":"https:\/\/api.w.org\/{rel}","templated":true}]}}