{"id":20431,"date":"2020-02-18T09:25:43","date_gmt":"2020-02-18T12:25:43","guid":{"rendered":"https:\/\/radiolifefm.com.br\/noticias\/?p=20431"},"modified":"2026-04-25T07:33:14","modified_gmt":"2026-04-25T10:33:14","slug":"no-deserto-uma-paisagem-de-dor-e-distancia-sergio-barbosa-opiniao","status":"publish","type":"post","link":"https:\/\/radiolifefm.com.br\/noticias\/no-deserto-uma-paisagem-de-dor-e-distancia-sergio-barbosa-opiniao\/","title":{"rendered":"NO DESERTO, UMA PAISAGEM DE DOR E DIST\u00c2NCIA&#8230; S\u00e9rgio Barbosa &#8211; Opini\u00e3o"},"content":{"rendered":"<div id=\"fb-root\"><\/div>\n<p><strong>NO DESERTO, UMA PAISAGEM DE DOR E DIST\u00c2NCIA&#8230;<\/strong><\/p>\n<p><strong>\u201cAS PORTAS EST\u00c3O ABERTAS&#8230;\u201d (The Doors)<\/strong><\/p>\n<p><em>\u201cSe exponha aos seus medos mais profundos, depois disso o medo n\u00e3o tem poder, ele encolhe e desaparece. Voc\u00ea \u00e9 livre.\u201d (Jim Morrison)<\/em><\/p>\n<p><em>\u201cTudo o que \u00e9 desordem, revolta e caos me interessa; e particularmente as atividades que parecem n\u00e3o ter nenhum sentido. Talvez seja o caminho para a liberdade. A rebeli\u00e3o externa \u00e9 o \u00fanico modo de realizar a liberta\u00e7\u00e3o interior.\u201d (Jim Morrison)<\/em><\/p>\n<p><em>\u201cO futuro \u00e9 incerto e o fim est\u00e1 sempre perto!\u201d (Jim Morrison)<\/em><\/p>\n<p><strong>S\u00e9rgio Barbosa (*)<\/strong><\/p>\n<p>S\u00f3 sei de uma coisa, o cara se mandou em 1971 em meio \u00e0s loucuras de um tempo sem o tempo, assim mesmo, dizem os arautos desta \u00e9poca que a sua despedida foi em grande estilo para os amantes do seu estilo musical&#8230;<\/p>\n<p>Entre o ano do seu nascimento (1943) e o da sua morte, in\u00edcio dos anos 70, numa seq\u00fc\u00eancia de partidas para o outro lado do planeta, quando se foram JIMMY HENDRIX e JANIS JOPLIN, o mundo terreno nunca mais foi o mesmo, afinal de contas, dizem os poetas deste tempo, \u201cos bons morrem cedo\u201d ou ent\u00e3o, \u201cum rei sempre acaba sendo morto pelos seus cortes\u00f5es\u201d&#8230;<\/p>\n<p>Tamb\u00e9m, viveu do seu jeito, sonhou da sua maneira e se transformou no \u201cRei Lagarto\u201d para comer tudo e todos ao mesmo tempo numa indigest\u00e3o ind\u00edgena como um sonho distante, naquele deserto sem fim&#8230;<\/p>\n<p>Uma dose em cima das outras doses de uma ou mais bebidas, tamb\u00e9m, com sabor de peyote para dar um caldo a mais na dosagem de uma busca sem fim pelo universo desencantado dos bons e velhos tempos, os anos 60 e sua rebeldia com causa em n\u00edvel mundial&#8230;<\/p>\n<p>N\u00e3o se pode ficar sentado esperando a morte chegar neste contexto l\u00fadico para os poetas sem sonhos, quem sabe, numa estrada perdida nas montanhas de um pa\u00eds distante para um homem sem mem\u00f3ria&#8230;<\/p>\n<p>O \u201cRei Lagarto\u201d pensa em partir para o outro mundo num desafio pelo lugar na arena dos sonhos alados, quando as imagens ditam as mensagens de uma luz infinita nas areias do pensamento libert\u00e1rio do animal&#8230;<\/p>\n<p>A repress\u00e3o dita \u00e0s regras de uma liberdade calada pelas m\u00e3os do opressor de sempre, assim, caminha o homem pelas paisagens escuras de uma tela colorida pelo artista sem vontade de lutar pelas amarras do seu interior&#8230;<\/p>\n<p>As lutas fazem parte da sua vida humana, entretanto, o cen\u00e1rio continua o mesmo de ontem, quando tudo era um detalhe para o jovem sem a juventude, neste caso, a idade se perdeu naquela imagem do deserto&#8230;<\/p>\n<p>Um \u201cxam\u00e3\u201d determina qual o caminho a seguir pelas entranhas de uma selva sem \u00e1rvores, deixando marcas de um andarilho pelas portas da eternidade da sabedoria sem verdade para o sonhador alado&#8230;<\/p>\n<p>Como saber sem procurar pelas mentiras de uma \u00fanica verdade, assim mesmo, o lagarto segue o seu caminho sem volta, afinal de contas, \u00e9 um acerto de contas com a morte da vida animal, tamb\u00e9m, uma troca entre o racional frente ao emocional cultivado pelas vaidades de um olhar distante&#8230;<\/p>\n<p>AVE JIM MORRISON!<\/p>\n<div class='flex flex-wrap items-center -mx-1'>\r\n<a class='thumbnail gallery p-1 w-1\/2 md:w-1\/4' href='https:\/\/radiolifefm.com.br\/noticias\/wp-content\/uploads\/2020\/02\/Sebar-8.jpg'><img class='border border-white' src='https:\/\/radiolifefm.com.br\/noticias\/wp-content\/uploads\/2020\/02\/Sebar-8-200x200.jpg' alt='Sebar' \/><\/a><a class='thumbnail gallery p-1 w-1\/2 md:w-1\/4' href='https:\/\/radiolifefm.com.br\/noticias\/wp-content\/uploads\/2020\/02\/Sebar-1-2.jpg'><img class='border border-white' src='https:\/\/radiolifefm.com.br\/noticias\/wp-content\/uploads\/2020\/02\/Sebar-1-2-200x200.jpg' alt='Sebar   1' \/><\/a><\/div>\n<p>_____________________________________<\/p>\n<p>(*) Jornalista diplomado e professor universit\u00e1rio.<\/p>\n","protected":false},"excerpt":{"rendered":"<p>NO DESERTO, UMA PAISAGEM DE DOR E DIST\u00c2NCIA&#8230; \u201cAS PORTAS EST\u00c3O ABERTAS&#8230;\u201d (The Doors) \u201cSe exponha aos seus medos mais profundos, depois disso o medo n\u00e3o tem poder, ele encolhe e desaparece. Voc\u00ea \u00e9 livre.\u201d (Jim Morrison) \u201cTudo o que \u00e9 desordem, revolta e caos me interessa; e particularmente as atividades que parecem n\u00e3o ter [&hellip;]<\/p>\n","protected":false},"author":3,"featured_media":20434,"comment_status":"closed","ping_status":"open","sticky":false,"template":"","format":"standard","meta":{"_acf_changed":false,"_exactmetrics_skip_tracking":false,"_exactmetrics_sitenote_active":false,"_exactmetrics_sitenote_note":"","_exactmetrics_sitenote_category":0,"footnotes":""},"categories":[59],"tags":[],"class_list":["post-20431","post","type-post","status-publish","format-standard","has-post-thumbnail","hentry","category-opiniao"],"acf":[],"yoast_head":"<!-- This site is optimized with the Yoast SEO plugin v27.2 - https:\/\/yoast.com\/product\/yoast-seo-wordpress\/ -->\n<title>NO DESERTO, UMA PAISAGEM DE DOR E DIST\u00c2NCIA... S\u00e9rgio Barbosa - Opini\u00e3o - R\u00e1dio Life FM<\/title>\n<meta name=\"robots\" content=\"index, follow, max-snippet:-1, max-image-preview:large, max-video-preview:-1\" \/>\n<link rel=\"canonical\" href=\"https:\/\/radiolifefm.com.br\/noticias\/no-deserto-uma-paisagem-de-dor-e-distancia-sergio-barbosa-opiniao\/\" \/>\n<meta property=\"og:locale\" content=\"pt_BR\" \/>\n<meta property=\"og:type\" content=\"article\" \/>\n<meta property=\"og:title\" content=\"NO DESERTO, UMA PAISAGEM DE DOR E DIST\u00c2NCIA... S\u00e9rgio Barbosa - Opini\u00e3o - R\u00e1dio Life FM\" \/>\n<meta property=\"og:description\" content=\"NO DESERTO, UMA PAISAGEM DE DOR E DIST\u00c2NCIA&#8230; \u201cAS PORTAS EST\u00c3O ABERTAS&#8230;\u201d (The Doors) \u201cSe exponha aos seus medos mais profundos, depois disso o medo n\u00e3o tem poder, ele encolhe e desaparece. Voc\u00ea \u00e9 livre.\u201d (Jim Morrison) \u201cTudo o que \u00e9 desordem, revolta e caos me interessa; e particularmente as atividades que parecem n\u00e3o ter [&hellip;]\" \/>\n<meta property=\"og:url\" content=\"https:\/\/radiolifefm.com.br\/noticias\/no-deserto-uma-paisagem-de-dor-e-distancia-sergio-barbosa-opiniao\/\" \/>\n<meta property=\"og:site_name\" content=\"R\u00e1dio Life FM\" \/>\n<meta property=\"article:publisher\" content=\"https:\/\/www.facebook.com\/radiolifefm\/\" \/>\n<meta property=\"article:published_time\" content=\"2020-02-18T12:25:43+00:00\" \/>\n<meta property=\"article:modified_time\" content=\"2026-04-25T10:33:14+00:00\" \/>\n<meta property=\"og:image\" content=\"https:\/\/radiolifefm.com.br\/noticias\/wp-content\/uploads\/2020\/02\/Sebar-2-2.jpg\" \/>\n\t<meta property=\"og:image:width\" content=\"1024\" \/>\n\t<meta property=\"og:image:height\" content=\"768\" \/>\n\t<meta property=\"og:image:type\" content=\"image\/jpeg\" \/>\n<meta name=\"author\" content=\"lifefm\" \/>\n<meta name=\"twitter:card\" content=\"summary_large_image\" \/>\n<meta name=\"twitter:label1\" content=\"Escrito por\" \/>\n\t<meta name=\"twitter:data1\" content=\"lifefm\" \/>\n\t<meta name=\"twitter:label2\" content=\"Est. tempo de leitura\" \/>\n\t<meta name=\"twitter:data2\" content=\"3 minutos\" \/>\n<script type=\"application\/ld+json\" class=\"yoast-schema-graph\">{\"@context\":\"https:\/\/schema.org\",\"@graph\":[{\"@type\":\"Article\",\"@id\":\"https:\/\/radiolifefm.com.br\/noticias\/no-deserto-uma-paisagem-de-dor-e-distancia-sergio-barbosa-opiniao\/#article\",\"isPartOf\":{\"@id\":\"https:\/\/radiolifefm.com.br\/noticias\/no-deserto-uma-paisagem-de-dor-e-distancia-sergio-barbosa-opiniao\/\"},\"author\":{\"name\":\"lifefm\",\"@id\":\"https:\/\/radiolifefm.com.br\/noticias\/#\/schema\/person\/1d4e4b1301322090c6221bf1c8420490\"},\"headline\":\"NO DESERTO, UMA PAISAGEM DE DOR E DIST\u00c2NCIA&#8230; S\u00e9rgio Barbosa &#8211; Opini\u00e3o\",\"datePublished\":\"2020-02-18T12:25:43+00:00\",\"dateModified\":\"2026-04-25T10:33:14+00:00\",\"mainEntityOfPage\":{\"@id\":\"https:\/\/radiolifefm.com.br\/noticias\/no-deserto-uma-paisagem-de-dor-e-distancia-sergio-barbosa-opiniao\/\"},\"wordCount\":550,\"publisher\":{\"@id\":\"https:\/\/radiolifefm.com.br\/noticias\/#organization\"},\"image\":{\"@id\":\"https:\/\/radiolifefm.com.br\/noticias\/no-deserto-uma-paisagem-de-dor-e-distancia-sergio-barbosa-opiniao\/#primaryimage\"},\"thumbnailUrl\":\"https:\/\/radiolifefm.com.br\/noticias\/wp-content\/uploads\/2020\/02\/Sebar-2-2.jpg\",\"articleSection\":[\"Opini\u00e3o\"],\"inLanguage\":\"pt-BR\"},{\"@type\":\"WebPage\",\"@id\":\"https:\/\/radiolifefm.com.br\/noticias\/no-deserto-uma-paisagem-de-dor-e-distancia-sergio-barbosa-opiniao\/\",\"url\":\"https:\/\/radiolifefm.com.br\/noticias\/no-deserto-uma-paisagem-de-dor-e-distancia-sergio-barbosa-opiniao\/\",\"name\":\"NO DESERTO, UMA PAISAGEM DE DOR E DIST\u00c2NCIA... S\u00e9rgio Barbosa - Opini\u00e3o - R\u00e1dio Life FM\",\"isPartOf\":{\"@id\":\"https:\/\/radiolifefm.com.br\/noticias\/#website\"},\"primaryImageOfPage\":{\"@id\":\"https:\/\/radiolifefm.com.br\/noticias\/no-deserto-uma-paisagem-de-dor-e-distancia-sergio-barbosa-opiniao\/#primaryimage\"},\"image\":{\"@id\":\"https:\/\/radiolifefm.com.br\/noticias\/no-deserto-uma-paisagem-de-dor-e-distancia-sergio-barbosa-opiniao\/#primaryimage\"},\"thumbnailUrl\":\"https:\/\/radiolifefm.com.br\/noticias\/wp-content\/uploads\/2020\/02\/Sebar-2-2.jpg\",\"datePublished\":\"2020-02-18T12:25:43+00:00\",\"dateModified\":\"2026-04-25T10:33:14+00:00\",\"breadcrumb\":{\"@id\":\"https:\/\/radiolifefm.com.br\/noticias\/no-deserto-uma-paisagem-de-dor-e-distancia-sergio-barbosa-opiniao\/#breadcrumb\"},\"inLanguage\":\"pt-BR\",\"potentialAction\":[{\"@type\":\"ReadAction\",\"target\":[\"https:\/\/radiolifefm.com.br\/noticias\/no-deserto-uma-paisagem-de-dor-e-distancia-sergio-barbosa-opiniao\/\"]}]},{\"@type\":\"ImageObject\",\"inLanguage\":\"pt-BR\",\"@id\":\"https:\/\/radiolifefm.com.br\/noticias\/no-deserto-uma-paisagem-de-dor-e-distancia-sergio-barbosa-opiniao\/#primaryimage\",\"url\":\"https:\/\/radiolifefm.com.br\/noticias\/wp-content\/uploads\/2020\/02\/Sebar-2-2.jpg\",\"contentUrl\":\"https:\/\/radiolifefm.com.br\/noticias\/wp-content\/uploads\/2020\/02\/Sebar-2-2.jpg\",\"width\":1024,\"height\":768},{\"@type\":\"BreadcrumbList\",\"@id\":\"https:\/\/radiolifefm.com.br\/noticias\/no-deserto-uma-paisagem-de-dor-e-distancia-sergio-barbosa-opiniao\/#breadcrumb\",\"itemListElement\":[{\"@type\":\"ListItem\",\"position\":1,\"name\":\"In\u00edcio\",\"item\":\"https:\/\/radiolifefm.com.br\/noticias\/\"},{\"@type\":\"ListItem\",\"position\":2,\"name\":\"NO DESERTO, UMA PAISAGEM DE DOR E DIST\u00c2NCIA&#8230; S\u00e9rgio Barbosa &#8211; Opini\u00e3o\"}]},{\"@type\":\"WebSite\",\"@id\":\"https:\/\/radiolifefm.com.br\/noticias\/#website\",\"url\":\"https:\/\/radiolifefm.com.br\/noticias\/\",\"name\":\"R\u00e1dio Life FM\",\"description\":\"O Portal de Not\u00edcias de Adamantina\",\"publisher\":{\"@id\":\"https:\/\/radiolifefm.com.br\/noticias\/#organization\"},\"alternateName\":\"Life FM\",\"potentialAction\":[{\"@type\":\"SearchAction\",\"target\":{\"@type\":\"EntryPoint\",\"urlTemplate\":\"https:\/\/radiolifefm.com.br\/noticias\/?s={search_term_string}\"},\"query-input\":{\"@type\":\"PropertyValueSpecification\",\"valueRequired\":true,\"valueName\":\"search_term_string\"}}],\"inLanguage\":\"pt-BR\"},{\"@type\":\"Organization\",\"@id\":\"https:\/\/radiolifefm.com.br\/noticias\/#organization\",\"name\":\"R\u00e1dio Life FM\",\"alternateName\":\"Life FM\",\"url\":\"https:\/\/radiolifefm.com.br\/noticias\/\",\"logo\":{\"@type\":\"ImageObject\",\"inLanguage\":\"pt-BR\",\"@id\":\"https:\/\/radiolifefm.com.br\/noticias\/#\/schema\/logo\/image\/\",\"url\":\"https:\/\/static.radiolifefm.com.br\/noticias\/wp-content\/uploads\/2019\/10\/logo-lifefm.png\",\"contentUrl\":\"https:\/\/static.radiolifefm.com.br\/noticias\/wp-content\/uploads\/2019\/10\/logo-lifefm.png\",\"width\":196,\"height\":47,\"caption\":\"R\u00e1dio Life FM\"},\"image\":{\"@id\":\"https:\/\/radiolifefm.com.br\/noticias\/#\/schema\/logo\/image\/\"},\"sameAs\":[\"https:\/\/www.facebook.com\/radiolifefm\/\",\"https:\/\/www.instagram.com\/life1079fm\/\"]},{\"@type\":\"Person\",\"@id\":\"https:\/\/radiolifefm.com.br\/noticias\/#\/schema\/person\/1d4e4b1301322090c6221bf1c8420490\",\"name\":\"lifefm\",\"image\":{\"@type\":\"ImageObject\",\"inLanguage\":\"pt-BR\",\"@id\":\"https:\/\/secure.gravatar.com\/avatar\/eca268467d925ec97d20641bb054fd944c0abb2f92854171620706bbe6474e7c?s=96&d=mm&r=g\",\"url\":\"https:\/\/secure.gravatar.com\/avatar\/eca268467d925ec97d20641bb054fd944c0abb2f92854171620706bbe6474e7c?s=96&d=mm&r=g\",\"contentUrl\":\"https:\/\/secure.gravatar.com\/avatar\/eca268467d925ec97d20641bb054fd944c0abb2f92854171620706bbe6474e7c?s=96&d=mm&r=g\",\"caption\":\"lifefm\"}}]}<\/script>\n<!-- \/ Yoast SEO plugin. -->","yoast_head_json":{"title":"NO DESERTO, UMA PAISAGEM DE DOR E DIST\u00c2NCIA... S\u00e9rgio Barbosa - Opini\u00e3o - R\u00e1dio Life FM","robots":{"index":"index","follow":"follow","max-snippet":"max-snippet:-1","max-image-preview":"max-image-preview:large","max-video-preview":"max-video-preview:-1"},"canonical":"https:\/\/radiolifefm.com.br\/noticias\/no-deserto-uma-paisagem-de-dor-e-distancia-sergio-barbosa-opiniao\/","og_locale":"pt_BR","og_type":"article","og_title":"NO DESERTO, UMA PAISAGEM DE DOR E DIST\u00c2NCIA... S\u00e9rgio Barbosa - Opini\u00e3o - R\u00e1dio Life FM","og_description":"NO DESERTO, UMA PAISAGEM DE DOR E DIST\u00c2NCIA&#8230; \u201cAS PORTAS EST\u00c3O ABERTAS&#8230;\u201d (The Doors) \u201cSe exponha aos seus medos mais profundos, depois disso o medo n\u00e3o tem poder, ele encolhe e desaparece. Voc\u00ea \u00e9 livre.\u201d (Jim Morrison) \u201cTudo o que \u00e9 desordem, revolta e caos me interessa; e particularmente as atividades que parecem n\u00e3o ter [&hellip;]","og_url":"https:\/\/radiolifefm.com.br\/noticias\/no-deserto-uma-paisagem-de-dor-e-distancia-sergio-barbosa-opiniao\/","og_site_name":"R\u00e1dio Life FM","article_publisher":"https:\/\/www.facebook.com\/radiolifefm\/","article_published_time":"2020-02-18T12:25:43+00:00","article_modified_time":"2026-04-25T10:33:14+00:00","og_image":[{"width":1024,"height":768,"url":"https:\/\/radiolifefm.com.br\/noticias\/wp-content\/uploads\/2020\/02\/Sebar-2-2.jpg","type":"image\/jpeg"}],"author":"lifefm","twitter_card":"summary_large_image","twitter_misc":{"Escrito por":"lifefm","Est. tempo de leitura":"3 minutos"},"schema":{"@context":"https:\/\/schema.org","@graph":[{"@type":"Article","@id":"https:\/\/radiolifefm.com.br\/noticias\/no-deserto-uma-paisagem-de-dor-e-distancia-sergio-barbosa-opiniao\/#article","isPartOf":{"@id":"https:\/\/radiolifefm.com.br\/noticias\/no-deserto-uma-paisagem-de-dor-e-distancia-sergio-barbosa-opiniao\/"},"author":{"name":"lifefm","@id":"https:\/\/radiolifefm.com.br\/noticias\/#\/schema\/person\/1d4e4b1301322090c6221bf1c8420490"},"headline":"NO DESERTO, UMA PAISAGEM DE DOR E DIST\u00c2NCIA&#8230; S\u00e9rgio Barbosa &#8211; Opini\u00e3o","datePublished":"2020-02-18T12:25:43+00:00","dateModified":"2026-04-25T10:33:14+00:00","mainEntityOfPage":{"@id":"https:\/\/radiolifefm.com.br\/noticias\/no-deserto-uma-paisagem-de-dor-e-distancia-sergio-barbosa-opiniao\/"},"wordCount":550,"publisher":{"@id":"https:\/\/radiolifefm.com.br\/noticias\/#organization"},"image":{"@id":"https:\/\/radiolifefm.com.br\/noticias\/no-deserto-uma-paisagem-de-dor-e-distancia-sergio-barbosa-opiniao\/#primaryimage"},"thumbnailUrl":"https:\/\/radiolifefm.com.br\/noticias\/wp-content\/uploads\/2020\/02\/Sebar-2-2.jpg","articleSection":["Opini\u00e3o"],"inLanguage":"pt-BR"},{"@type":"WebPage","@id":"https:\/\/radiolifefm.com.br\/noticias\/no-deserto-uma-paisagem-de-dor-e-distancia-sergio-barbosa-opiniao\/","url":"https:\/\/radiolifefm.com.br\/noticias\/no-deserto-uma-paisagem-de-dor-e-distancia-sergio-barbosa-opiniao\/","name":"NO DESERTO, UMA PAISAGEM DE DOR E DIST\u00c2NCIA... S\u00e9rgio Barbosa - Opini\u00e3o - R\u00e1dio Life FM","isPartOf":{"@id":"https:\/\/radiolifefm.com.br\/noticias\/#website"},"primaryImageOfPage":{"@id":"https:\/\/radiolifefm.com.br\/noticias\/no-deserto-uma-paisagem-de-dor-e-distancia-sergio-barbosa-opiniao\/#primaryimage"},"image":{"@id":"https:\/\/radiolifefm.com.br\/noticias\/no-deserto-uma-paisagem-de-dor-e-distancia-sergio-barbosa-opiniao\/#primaryimage"},"thumbnailUrl":"https:\/\/radiolifefm.com.br\/noticias\/wp-content\/uploads\/2020\/02\/Sebar-2-2.jpg","datePublished":"2020-02-18T12:25:43+00:00","dateModified":"2026-04-25T10:33:14+00:00","breadcrumb":{"@id":"https:\/\/radiolifefm.com.br\/noticias\/no-deserto-uma-paisagem-de-dor-e-distancia-sergio-barbosa-opiniao\/#breadcrumb"},"inLanguage":"pt-BR","potentialAction":[{"@type":"ReadAction","target":["https:\/\/radiolifefm.com.br\/noticias\/no-deserto-uma-paisagem-de-dor-e-distancia-sergio-barbosa-opiniao\/"]}]},{"@type":"ImageObject","inLanguage":"pt-BR","@id":"https:\/\/radiolifefm.com.br\/noticias\/no-deserto-uma-paisagem-de-dor-e-distancia-sergio-barbosa-opiniao\/#primaryimage","url":"https:\/\/radiolifefm.com.br\/noticias\/wp-content\/uploads\/2020\/02\/Sebar-2-2.jpg","contentUrl":"https:\/\/radiolifefm.com.br\/noticias\/wp-content\/uploads\/2020\/02\/Sebar-2-2.jpg","width":1024,"height":768},{"@type":"BreadcrumbList","@id":"https:\/\/radiolifefm.com.br\/noticias\/no-deserto-uma-paisagem-de-dor-e-distancia-sergio-barbosa-opiniao\/#breadcrumb","itemListElement":[{"@type":"ListItem","position":1,"name":"In\u00edcio","item":"https:\/\/radiolifefm.com.br\/noticias\/"},{"@type":"ListItem","position":2,"name":"NO DESERTO, UMA PAISAGEM DE DOR E DIST\u00c2NCIA&#8230; S\u00e9rgio Barbosa &#8211; Opini\u00e3o"}]},{"@type":"WebSite","@id":"https:\/\/radiolifefm.com.br\/noticias\/#website","url":"https:\/\/radiolifefm.com.br\/noticias\/","name":"R\u00e1dio Life FM","description":"O Portal de Not\u00edcias de Adamantina","publisher":{"@id":"https:\/\/radiolifefm.com.br\/noticias\/#organization"},"alternateName":"Life FM","potentialAction":[{"@type":"SearchAction","target":{"@type":"EntryPoint","urlTemplate":"https:\/\/radiolifefm.com.br\/noticias\/?s={search_term_string}"},"query-input":{"@type":"PropertyValueSpecification","valueRequired":true,"valueName":"search_term_string"}}],"inLanguage":"pt-BR"},{"@type":"Organization","@id":"https:\/\/radiolifefm.com.br\/noticias\/#organization","name":"R\u00e1dio Life FM","alternateName":"Life FM","url":"https:\/\/radiolifefm.com.br\/noticias\/","logo":{"@type":"ImageObject","inLanguage":"pt-BR","@id":"https:\/\/radiolifefm.com.br\/noticias\/#\/schema\/logo\/image\/","url":"https:\/\/static.radiolifefm.com.br\/noticias\/wp-content\/uploads\/2019\/10\/logo-lifefm.png","contentUrl":"https:\/\/static.radiolifefm.com.br\/noticias\/wp-content\/uploads\/2019\/10\/logo-lifefm.png","width":196,"height":47,"caption":"R\u00e1dio Life FM"},"image":{"@id":"https:\/\/radiolifefm.com.br\/noticias\/#\/schema\/logo\/image\/"},"sameAs":["https:\/\/www.facebook.com\/radiolifefm\/","https:\/\/www.instagram.com\/life1079fm\/"]},{"@type":"Person","@id":"https:\/\/radiolifefm.com.br\/noticias\/#\/schema\/person\/1d4e4b1301322090c6221bf1c8420490","name":"lifefm","image":{"@type":"ImageObject","inLanguage":"pt-BR","@id":"https:\/\/secure.gravatar.com\/avatar\/eca268467d925ec97d20641bb054fd944c0abb2f92854171620706bbe6474e7c?s=96&d=mm&r=g","url":"https:\/\/secure.gravatar.com\/avatar\/eca268467d925ec97d20641bb054fd944c0abb2f92854171620706bbe6474e7c?s=96&d=mm&r=g","contentUrl":"https:\/\/secure.gravatar.com\/avatar\/eca268467d925ec97d20641bb054fd944c0abb2f92854171620706bbe6474e7c?s=96&d=mm&r=g","caption":"lifefm"}}]}},"amp_enabled":true,"_links":{"self":[{"href":"https:\/\/radiolifefm.com.br\/noticias\/wp-json\/wp\/v2\/posts\/20431","targetHints":{"allow":["GET"]}}],"collection":[{"href":"https:\/\/radiolifefm.com.br\/noticias\/wp-json\/wp\/v2\/posts"}],"about":[{"href":"https:\/\/radiolifefm.com.br\/noticias\/wp-json\/wp\/v2\/types\/post"}],"author":[{"embeddable":true,"href":"https:\/\/radiolifefm.com.br\/noticias\/wp-json\/wp\/v2\/users\/3"}],"replies":[{"embeddable":true,"href":"https:\/\/radiolifefm.com.br\/noticias\/wp-json\/wp\/v2\/comments?post=20431"}],"version-history":[{"count":1,"href":"https:\/\/radiolifefm.com.br\/noticias\/wp-json\/wp\/v2\/posts\/20431\/revisions"}],"predecessor-version":[{"id":20435,"href":"https:\/\/radiolifefm.com.br\/noticias\/wp-json\/wp\/v2\/posts\/20431\/revisions\/20435"}],"wp:featuredmedia":[{"embeddable":true,"href":"https:\/\/radiolifefm.com.br\/noticias\/wp-json\/wp\/v2\/media\/20434"}],"wp:attachment":[{"href":"https:\/\/radiolifefm.com.br\/noticias\/wp-json\/wp\/v2\/media?parent=20431"}],"wp:term":[{"taxonomy":"category","embeddable":true,"href":"https:\/\/radiolifefm.com.br\/noticias\/wp-json\/wp\/v2\/categories?post=20431"},{"taxonomy":"post_tag","embeddable":true,"href":"https:\/\/radiolifefm.com.br\/noticias\/wp-json\/wp\/v2\/tags?post=20431"}],"curies":[{"name":"wp","href":"https:\/\/api.w.org\/{rel}","templated":true}]}}