{"id":20275,"date":"2020-02-11T09:24:40","date_gmt":"2020-02-11T12:24:40","guid":{"rendered":"https:\/\/radiolifefm.com.br\/noticias\/?p=20275"},"modified":"2026-04-09T21:01:21","modified_gmt":"2026-04-10T00:01:21","slug":"mulher-tem-60-do-corpo-queimado-apos-tentar-acender-fogao-a-lenha","status":"publish","type":"post","link":"https:\/\/radiolifefm.com.br\/noticias\/mulher-tem-60-do-corpo-queimado-apos-tentar-acender-fogao-a-lenha\/","title":{"rendered":"Mulher tem 60% do corpo queimado ap\u00f3s tentar acender fog\u00e3o a lenha"},"content":{"rendered":"<div id=\"fb-root\"><\/div>\n<p>Uma mulher de 24 anos teve cerca de 60% do corpo queimado, ap\u00f3s um acidente com o fog\u00e3o de lenha que tem em sua casa, em Paulic\u00e9ia.<\/p>\n<p>O caso foi neste domingo (9), conforme informou uma unidade de sa\u00fade.<\/p>\n<p>De acordo com o que foi dito aos m\u00e9dicos, a jovem n\u00e3o tinha fog\u00e3o a g\u00e1s em casa e sempre cozinhava no fog\u00e3o a lenha.<\/p>\n<p>Na ocasi\u00e3o, quando jogou o \u00e1lcool para acender o fogo, houve a explos\u00e3o.<\/p>\n<p>Ela sofreu queimaduras de 2\u00ba e 3\u00ba graus.<\/p>\n<p>O primeiro socorro foi realizado na cidade e posteriormente a v\u00edtima foi levada ao Pronto Atendimento de Panorama, onde aguardava transfer\u00eancia.<\/p>\n<p>&nbsp;<\/p>\n<p>G1 Presidente Prudente \u2013 FOTO: Divulga\u00e7\u00e3o.<\/p>\n","protected":false},"excerpt":{"rendered":"<p>Uma mulher de 24 anos teve cerca de 60% do corpo queimado, ap\u00f3s um acidente com o fog\u00e3o de lenha que tem em sua casa, em Paulic\u00e9ia. O caso foi neste domingo (9), conforme informou uma unidade de sa\u00fade. De acordo com o que foi dito aos m\u00e9dicos, a jovem n\u00e3o tinha fog\u00e3o a g\u00e1s [&hellip;]<\/p>\n","protected":false},"author":3,"featured_media":20276,"comment_status":"closed","ping_status":"open","sticky":false,"template":"","format":"standard","meta":{"_acf_changed":false,"_exactmetrics_skip_tracking":false,"_exactmetrics_sitenote_active":false,"_exactmetrics_sitenote_note":"","_exactmetrics_sitenote_category":0,"footnotes":""},"categories":[24],"tags":[],"class_list":["post-20275","post","type-post","status-publish","format-standard","has-post-thumbnail","hentry","category-regiao"],"acf":[],"yoast_head":"<!-- This site is optimized with the Yoast SEO plugin v27.2 - https:\/\/yoast.com\/product\/yoast-seo-wordpress\/ -->\n<title>Mulher tem 60% do corpo queimado ap\u00f3s tentar acender fog\u00e3o a lenha - R\u00e1dio Life FM<\/title>\n<meta name=\"robots\" content=\"index, follow, max-snippet:-1, max-image-preview:large, max-video-preview:-1\" \/>\n<link rel=\"canonical\" href=\"https:\/\/radiolifefm.com.br\/noticias\/mulher-tem-60-do-corpo-queimado-apos-tentar-acender-fogao-a-lenha\/\" \/>\n<meta property=\"og:locale\" content=\"pt_BR\" \/>\n<meta property=\"og:type\" content=\"article\" \/>\n<meta property=\"og:title\" content=\"Mulher tem 60% do corpo queimado ap\u00f3s tentar acender fog\u00e3o a lenha - R\u00e1dio Life FM\" \/>\n<meta property=\"og:description\" content=\"Uma mulher de 24 anos teve cerca de 60% do corpo queimado, ap\u00f3s um acidente com o fog\u00e3o de lenha que tem em sua casa, em Paulic\u00e9ia. O caso foi neste domingo (9), conforme informou uma unidade de sa\u00fade. De acordo com o que foi dito aos m\u00e9dicos, a jovem n\u00e3o tinha fog\u00e3o a g\u00e1s [&hellip;]\" \/>\n<meta property=\"og:url\" content=\"https:\/\/radiolifefm.com.br\/noticias\/mulher-tem-60-do-corpo-queimado-apos-tentar-acender-fogao-a-lenha\/\" \/>\n<meta property=\"og:site_name\" content=\"R\u00e1dio Life FM\" \/>\n<meta property=\"article:publisher\" content=\"https:\/\/www.facebook.com\/radiolifefm\/\" \/>\n<meta property=\"article:published_time\" content=\"2020-02-11T12:24:40+00:00\" \/>\n<meta property=\"article:modified_time\" content=\"2026-04-10T00:01:21+00:00\" \/>\n<meta property=\"og:image\" content=\"https:\/\/radiolifefm.com.br\/noticias\/wp-content\/uploads\/2020\/02\/Queimadura-no-fog\u00e3o.jpg\" \/>\n\t<meta property=\"og:image:width\" content=\"475\" \/>\n\t<meta property=\"og:image:height\" content=\"319\" \/>\n\t<meta property=\"og:image:type\" content=\"image\/jpeg\" \/>\n<meta name=\"author\" content=\"lifefm\" \/>\n<meta name=\"twitter:card\" content=\"summary_large_image\" \/>\n<meta name=\"twitter:label1\" content=\"Escrito por\" \/>\n\t<meta name=\"twitter:data1\" content=\"lifefm\" \/>\n\t<meta name=\"twitter:label2\" content=\"Est. tempo de leitura\" \/>\n\t<meta name=\"twitter:data2\" content=\"1 minuto\" \/>\n<script type=\"application\/ld+json\" class=\"yoast-schema-graph\">{\"@context\":\"https:\/\/schema.org\",\"@graph\":[{\"@type\":\"Article\",\"@id\":\"https:\/\/radiolifefm.com.br\/noticias\/mulher-tem-60-do-corpo-queimado-apos-tentar-acender-fogao-a-lenha\/#article\",\"isPartOf\":{\"@id\":\"https:\/\/radiolifefm.com.br\/noticias\/mulher-tem-60-do-corpo-queimado-apos-tentar-acender-fogao-a-lenha\/\"},\"author\":{\"name\":\"lifefm\",\"@id\":\"https:\/\/radiolifefm.com.br\/noticias\/#\/schema\/person\/1d4e4b1301322090c6221bf1c8420490\"},\"headline\":\"Mulher tem 60% do corpo queimado ap\u00f3s tentar acender fog\u00e3o a lenha\",\"datePublished\":\"2020-02-11T12:24:40+00:00\",\"dateModified\":\"2026-04-10T00:01:21+00:00\",\"mainEntityOfPage\":{\"@id\":\"https:\/\/radiolifefm.com.br\/noticias\/mulher-tem-60-do-corpo-queimado-apos-tentar-acender-fogao-a-lenha\/\"},\"wordCount\":134,\"publisher\":{\"@id\":\"https:\/\/radiolifefm.com.br\/noticias\/#organization\"},\"image\":{\"@id\":\"https:\/\/radiolifefm.com.br\/noticias\/mulher-tem-60-do-corpo-queimado-apos-tentar-acender-fogao-a-lenha\/#primaryimage\"},\"thumbnailUrl\":\"https:\/\/radiolifefm.com.br\/noticias\/wp-content\/uploads\/2020\/02\/Queimadura-no-fog\u00e3o.jpg\",\"articleSection\":[\"Regi\u00e3o\"],\"inLanguage\":\"pt-BR\"},{\"@type\":\"WebPage\",\"@id\":\"https:\/\/radiolifefm.com.br\/noticias\/mulher-tem-60-do-corpo-queimado-apos-tentar-acender-fogao-a-lenha\/\",\"url\":\"https:\/\/radiolifefm.com.br\/noticias\/mulher-tem-60-do-corpo-queimado-apos-tentar-acender-fogao-a-lenha\/\",\"name\":\"Mulher tem 60% do corpo queimado ap\u00f3s tentar acender fog\u00e3o a lenha - R\u00e1dio Life FM\",\"isPartOf\":{\"@id\":\"https:\/\/radiolifefm.com.br\/noticias\/#website\"},\"primaryImageOfPage\":{\"@id\":\"https:\/\/radiolifefm.com.br\/noticias\/mulher-tem-60-do-corpo-queimado-apos-tentar-acender-fogao-a-lenha\/#primaryimage\"},\"image\":{\"@id\":\"https:\/\/radiolifefm.com.br\/noticias\/mulher-tem-60-do-corpo-queimado-apos-tentar-acender-fogao-a-lenha\/#primaryimage\"},\"thumbnailUrl\":\"https:\/\/radiolifefm.com.br\/noticias\/wp-content\/uploads\/2020\/02\/Queimadura-no-fog\u00e3o.jpg\",\"datePublished\":\"2020-02-11T12:24:40+00:00\",\"dateModified\":\"2026-04-10T00:01:21+00:00\",\"breadcrumb\":{\"@id\":\"https:\/\/radiolifefm.com.br\/noticias\/mulher-tem-60-do-corpo-queimado-apos-tentar-acender-fogao-a-lenha\/#breadcrumb\"},\"inLanguage\":\"pt-BR\",\"potentialAction\":[{\"@type\":\"ReadAction\",\"target\":[\"https:\/\/radiolifefm.com.br\/noticias\/mulher-tem-60-do-corpo-queimado-apos-tentar-acender-fogao-a-lenha\/\"]}]},{\"@type\":\"ImageObject\",\"inLanguage\":\"pt-BR\",\"@id\":\"https:\/\/radiolifefm.com.br\/noticias\/mulher-tem-60-do-corpo-queimado-apos-tentar-acender-fogao-a-lenha\/#primaryimage\",\"url\":\"https:\/\/radiolifefm.com.br\/noticias\/wp-content\/uploads\/2020\/02\/Queimadura-no-fog\u00e3o.jpg\",\"contentUrl\":\"https:\/\/radiolifefm.com.br\/noticias\/wp-content\/uploads\/2020\/02\/Queimadura-no-fog\u00e3o.jpg\",\"width\":475,\"height\":319,\"caption\":\"Mulher sofreu queimaduras ao tentar acender o fog\u00e3o a lenha usando \u00e1lcool - Foto - Divulga\u00e7\u00e3o.\"},{\"@type\":\"BreadcrumbList\",\"@id\":\"https:\/\/radiolifefm.com.br\/noticias\/mulher-tem-60-do-corpo-queimado-apos-tentar-acender-fogao-a-lenha\/#breadcrumb\",\"itemListElement\":[{\"@type\":\"ListItem\",\"position\":1,\"name\":\"In\u00edcio\",\"item\":\"https:\/\/radiolifefm.com.br\/noticias\/\"},{\"@type\":\"ListItem\",\"position\":2,\"name\":\"Mulher tem 60% do corpo queimado ap\u00f3s tentar acender fog\u00e3o a lenha\"}]},{\"@type\":\"WebSite\",\"@id\":\"https:\/\/radiolifefm.com.br\/noticias\/#website\",\"url\":\"https:\/\/radiolifefm.com.br\/noticias\/\",\"name\":\"R\u00e1dio Life FM\",\"description\":\"O Portal de Not\u00edcias de Adamantina\",\"publisher\":{\"@id\":\"https:\/\/radiolifefm.com.br\/noticias\/#organization\"},\"alternateName\":\"Life FM\",\"potentialAction\":[{\"@type\":\"SearchAction\",\"target\":{\"@type\":\"EntryPoint\",\"urlTemplate\":\"https:\/\/radiolifefm.com.br\/noticias\/?s={search_term_string}\"},\"query-input\":{\"@type\":\"PropertyValueSpecification\",\"valueRequired\":true,\"valueName\":\"search_term_string\"}}],\"inLanguage\":\"pt-BR\"},{\"@type\":\"Organization\",\"@id\":\"https:\/\/radiolifefm.com.br\/noticias\/#organization\",\"name\":\"R\u00e1dio Life FM\",\"alternateName\":\"Life FM\",\"url\":\"https:\/\/radiolifefm.com.br\/noticias\/\",\"logo\":{\"@type\":\"ImageObject\",\"inLanguage\":\"pt-BR\",\"@id\":\"https:\/\/radiolifefm.com.br\/noticias\/#\/schema\/logo\/image\/\",\"url\":\"https:\/\/static.radiolifefm.com.br\/noticias\/wp-content\/uploads\/2019\/10\/logo-lifefm.png\",\"contentUrl\":\"https:\/\/static.radiolifefm.com.br\/noticias\/wp-content\/uploads\/2019\/10\/logo-lifefm.png\",\"width\":196,\"height\":47,\"caption\":\"R\u00e1dio Life FM\"},\"image\":{\"@id\":\"https:\/\/radiolifefm.com.br\/noticias\/#\/schema\/logo\/image\/\"},\"sameAs\":[\"https:\/\/www.facebook.com\/radiolifefm\/\",\"https:\/\/www.instagram.com\/life1079fm\/\"]},{\"@type\":\"Person\",\"@id\":\"https:\/\/radiolifefm.com.br\/noticias\/#\/schema\/person\/1d4e4b1301322090c6221bf1c8420490\",\"name\":\"lifefm\",\"image\":{\"@type\":\"ImageObject\",\"inLanguage\":\"pt-BR\",\"@id\":\"https:\/\/secure.gravatar.com\/avatar\/eca268467d925ec97d20641bb054fd944c0abb2f92854171620706bbe6474e7c?s=96&d=mm&r=g\",\"url\":\"https:\/\/secure.gravatar.com\/avatar\/eca268467d925ec97d20641bb054fd944c0abb2f92854171620706bbe6474e7c?s=96&d=mm&r=g\",\"contentUrl\":\"https:\/\/secure.gravatar.com\/avatar\/eca268467d925ec97d20641bb054fd944c0abb2f92854171620706bbe6474e7c?s=96&d=mm&r=g\",\"caption\":\"lifefm\"}}]}<\/script>\n<!-- \/ Yoast SEO plugin. -->","yoast_head_json":{"title":"Mulher tem 60% do corpo queimado ap\u00f3s tentar acender fog\u00e3o a lenha - R\u00e1dio Life FM","robots":{"index":"index","follow":"follow","max-snippet":"max-snippet:-1","max-image-preview":"max-image-preview:large","max-video-preview":"max-video-preview:-1"},"canonical":"https:\/\/radiolifefm.com.br\/noticias\/mulher-tem-60-do-corpo-queimado-apos-tentar-acender-fogao-a-lenha\/","og_locale":"pt_BR","og_type":"article","og_title":"Mulher tem 60% do corpo queimado ap\u00f3s tentar acender fog\u00e3o a lenha - R\u00e1dio Life FM","og_description":"Uma mulher de 24 anos teve cerca de 60% do corpo queimado, ap\u00f3s um acidente com o fog\u00e3o de lenha que tem em sua casa, em Paulic\u00e9ia. O caso foi neste domingo (9), conforme informou uma unidade de sa\u00fade. De acordo com o que foi dito aos m\u00e9dicos, a jovem n\u00e3o tinha fog\u00e3o a g\u00e1s [&hellip;]","og_url":"https:\/\/radiolifefm.com.br\/noticias\/mulher-tem-60-do-corpo-queimado-apos-tentar-acender-fogao-a-lenha\/","og_site_name":"R\u00e1dio Life FM","article_publisher":"https:\/\/www.facebook.com\/radiolifefm\/","article_published_time":"2020-02-11T12:24:40+00:00","article_modified_time":"2026-04-10T00:01:21+00:00","og_image":[{"width":475,"height":319,"url":"https:\/\/radiolifefm.com.br\/noticias\/wp-content\/uploads\/2020\/02\/Queimadura-no-fog\u00e3o.jpg","type":"image\/jpeg"}],"author":"lifefm","twitter_card":"summary_large_image","twitter_misc":{"Escrito por":"lifefm","Est. tempo de leitura":"1 minuto"},"schema":{"@context":"https:\/\/schema.org","@graph":[{"@type":"Article","@id":"https:\/\/radiolifefm.com.br\/noticias\/mulher-tem-60-do-corpo-queimado-apos-tentar-acender-fogao-a-lenha\/#article","isPartOf":{"@id":"https:\/\/radiolifefm.com.br\/noticias\/mulher-tem-60-do-corpo-queimado-apos-tentar-acender-fogao-a-lenha\/"},"author":{"name":"lifefm","@id":"https:\/\/radiolifefm.com.br\/noticias\/#\/schema\/person\/1d4e4b1301322090c6221bf1c8420490"},"headline":"Mulher tem 60% do corpo queimado ap\u00f3s tentar acender fog\u00e3o a lenha","datePublished":"2020-02-11T12:24:40+00:00","dateModified":"2026-04-10T00:01:21+00:00","mainEntityOfPage":{"@id":"https:\/\/radiolifefm.com.br\/noticias\/mulher-tem-60-do-corpo-queimado-apos-tentar-acender-fogao-a-lenha\/"},"wordCount":134,"publisher":{"@id":"https:\/\/radiolifefm.com.br\/noticias\/#organization"},"image":{"@id":"https:\/\/radiolifefm.com.br\/noticias\/mulher-tem-60-do-corpo-queimado-apos-tentar-acender-fogao-a-lenha\/#primaryimage"},"thumbnailUrl":"https:\/\/radiolifefm.com.br\/noticias\/wp-content\/uploads\/2020\/02\/Queimadura-no-fog\u00e3o.jpg","articleSection":["Regi\u00e3o"],"inLanguage":"pt-BR"},{"@type":"WebPage","@id":"https:\/\/radiolifefm.com.br\/noticias\/mulher-tem-60-do-corpo-queimado-apos-tentar-acender-fogao-a-lenha\/","url":"https:\/\/radiolifefm.com.br\/noticias\/mulher-tem-60-do-corpo-queimado-apos-tentar-acender-fogao-a-lenha\/","name":"Mulher tem 60% do corpo queimado ap\u00f3s tentar acender fog\u00e3o a lenha - R\u00e1dio Life FM","isPartOf":{"@id":"https:\/\/radiolifefm.com.br\/noticias\/#website"},"primaryImageOfPage":{"@id":"https:\/\/radiolifefm.com.br\/noticias\/mulher-tem-60-do-corpo-queimado-apos-tentar-acender-fogao-a-lenha\/#primaryimage"},"image":{"@id":"https:\/\/radiolifefm.com.br\/noticias\/mulher-tem-60-do-corpo-queimado-apos-tentar-acender-fogao-a-lenha\/#primaryimage"},"thumbnailUrl":"https:\/\/radiolifefm.com.br\/noticias\/wp-content\/uploads\/2020\/02\/Queimadura-no-fog\u00e3o.jpg","datePublished":"2020-02-11T12:24:40+00:00","dateModified":"2026-04-10T00:01:21+00:00","breadcrumb":{"@id":"https:\/\/radiolifefm.com.br\/noticias\/mulher-tem-60-do-corpo-queimado-apos-tentar-acender-fogao-a-lenha\/#breadcrumb"},"inLanguage":"pt-BR","potentialAction":[{"@type":"ReadAction","target":["https:\/\/radiolifefm.com.br\/noticias\/mulher-tem-60-do-corpo-queimado-apos-tentar-acender-fogao-a-lenha\/"]}]},{"@type":"ImageObject","inLanguage":"pt-BR","@id":"https:\/\/radiolifefm.com.br\/noticias\/mulher-tem-60-do-corpo-queimado-apos-tentar-acender-fogao-a-lenha\/#primaryimage","url":"https:\/\/radiolifefm.com.br\/noticias\/wp-content\/uploads\/2020\/02\/Queimadura-no-fog\u00e3o.jpg","contentUrl":"https:\/\/radiolifefm.com.br\/noticias\/wp-content\/uploads\/2020\/02\/Queimadura-no-fog\u00e3o.jpg","width":475,"height":319,"caption":"Mulher sofreu queimaduras ao tentar acender o fog\u00e3o a lenha usando \u00e1lcool - Foto - Divulga\u00e7\u00e3o."},{"@type":"BreadcrumbList","@id":"https:\/\/radiolifefm.com.br\/noticias\/mulher-tem-60-do-corpo-queimado-apos-tentar-acender-fogao-a-lenha\/#breadcrumb","itemListElement":[{"@type":"ListItem","position":1,"name":"In\u00edcio","item":"https:\/\/radiolifefm.com.br\/noticias\/"},{"@type":"ListItem","position":2,"name":"Mulher tem 60% do corpo queimado ap\u00f3s tentar acender fog\u00e3o a lenha"}]},{"@type":"WebSite","@id":"https:\/\/radiolifefm.com.br\/noticias\/#website","url":"https:\/\/radiolifefm.com.br\/noticias\/","name":"R\u00e1dio Life FM","description":"O Portal de Not\u00edcias de Adamantina","publisher":{"@id":"https:\/\/radiolifefm.com.br\/noticias\/#organization"},"alternateName":"Life FM","potentialAction":[{"@type":"SearchAction","target":{"@type":"EntryPoint","urlTemplate":"https:\/\/radiolifefm.com.br\/noticias\/?s={search_term_string}"},"query-input":{"@type":"PropertyValueSpecification","valueRequired":true,"valueName":"search_term_string"}}],"inLanguage":"pt-BR"},{"@type":"Organization","@id":"https:\/\/radiolifefm.com.br\/noticias\/#organization","name":"R\u00e1dio Life FM","alternateName":"Life FM","url":"https:\/\/radiolifefm.com.br\/noticias\/","logo":{"@type":"ImageObject","inLanguage":"pt-BR","@id":"https:\/\/radiolifefm.com.br\/noticias\/#\/schema\/logo\/image\/","url":"https:\/\/static.radiolifefm.com.br\/noticias\/wp-content\/uploads\/2019\/10\/logo-lifefm.png","contentUrl":"https:\/\/static.radiolifefm.com.br\/noticias\/wp-content\/uploads\/2019\/10\/logo-lifefm.png","width":196,"height":47,"caption":"R\u00e1dio Life FM"},"image":{"@id":"https:\/\/radiolifefm.com.br\/noticias\/#\/schema\/logo\/image\/"},"sameAs":["https:\/\/www.facebook.com\/radiolifefm\/","https:\/\/www.instagram.com\/life1079fm\/"]},{"@type":"Person","@id":"https:\/\/radiolifefm.com.br\/noticias\/#\/schema\/person\/1d4e4b1301322090c6221bf1c8420490","name":"lifefm","image":{"@type":"ImageObject","inLanguage":"pt-BR","@id":"https:\/\/secure.gravatar.com\/avatar\/eca268467d925ec97d20641bb054fd944c0abb2f92854171620706bbe6474e7c?s=96&d=mm&r=g","url":"https:\/\/secure.gravatar.com\/avatar\/eca268467d925ec97d20641bb054fd944c0abb2f92854171620706bbe6474e7c?s=96&d=mm&r=g","contentUrl":"https:\/\/secure.gravatar.com\/avatar\/eca268467d925ec97d20641bb054fd944c0abb2f92854171620706bbe6474e7c?s=96&d=mm&r=g","caption":"lifefm"}}]}},"amp_enabled":true,"_links":{"self":[{"href":"https:\/\/radiolifefm.com.br\/noticias\/wp-json\/wp\/v2\/posts\/20275","targetHints":{"allow":["GET"]}}],"collection":[{"href":"https:\/\/radiolifefm.com.br\/noticias\/wp-json\/wp\/v2\/posts"}],"about":[{"href":"https:\/\/radiolifefm.com.br\/noticias\/wp-json\/wp\/v2\/types\/post"}],"author":[{"embeddable":true,"href":"https:\/\/radiolifefm.com.br\/noticias\/wp-json\/wp\/v2\/users\/3"}],"replies":[{"embeddable":true,"href":"https:\/\/radiolifefm.com.br\/noticias\/wp-json\/wp\/v2\/comments?post=20275"}],"version-history":[{"count":1,"href":"https:\/\/radiolifefm.com.br\/noticias\/wp-json\/wp\/v2\/posts\/20275\/revisions"}],"predecessor-version":[{"id":20277,"href":"https:\/\/radiolifefm.com.br\/noticias\/wp-json\/wp\/v2\/posts\/20275\/revisions\/20277"}],"wp:featuredmedia":[{"embeddable":true,"href":"https:\/\/radiolifefm.com.br\/noticias\/wp-json\/wp\/v2\/media\/20276"}],"wp:attachment":[{"href":"https:\/\/radiolifefm.com.br\/noticias\/wp-json\/wp\/v2\/media?parent=20275"}],"wp:term":[{"taxonomy":"category","embeddable":true,"href":"https:\/\/radiolifefm.com.br\/noticias\/wp-json\/wp\/v2\/categories?post=20275"},{"taxonomy":"post_tag","embeddable":true,"href":"https:\/\/radiolifefm.com.br\/noticias\/wp-json\/wp\/v2\/tags?post=20275"}],"curies":[{"name":"wp","href":"https:\/\/api.w.org\/{rel}","templated":true}]}}