{"id":20260,"date":"2020-02-10T10:57:01","date_gmt":"2020-02-10T13:57:01","guid":{"rendered":"https:\/\/radiolifefm.com.br\/noticias\/?p=20260"},"modified":"2026-05-01T06:22:08","modified_gmt":"2026-05-01T09:22:08","slug":"adolescente-sofre-tentativa-de-estupro-em-sagres","status":"publish","type":"post","link":"https:\/\/radiolifefm.com.br\/noticias\/adolescente-sofre-tentativa-de-estupro-em-sagres\/","title":{"rendered":"Adolescente sofre tentativa de estupro em Sagres"},"content":{"rendered":"<div id=\"fb-root\"><\/div>\n<p><em>Ocorr\u00eancia foi registrada neste domingo (09)<\/em><\/p>\n<p>Uma adolescente de 15 anos foi v\u00edtima de tentativa de estupro na tarde deste domingo (09), em uma ch\u00e1cara na cidade de Sagres.<\/p>\n<p>Segundo uma testemunha, tia da v\u00edtima, na ch\u00e1cara acontecia uma festa de anivers\u00e1rio e durante a festa ela teria se dirigido at\u00e9 o carro para levar o filho, quando reparou que no carro onde sua sobrinha estava descansando, havia uma movimenta\u00e7\u00e3o estranha.<\/p>\n<p>Ao se aproximar, a mulher visualizou um indiv\u00edduo sem roupa, que ao perceber a presen\u00e7a da testemunha, come\u00e7ou a colocar a roupa, momento em que ela saiu para pedir ajuda.<\/p>\n<p>Quando a testemunha voltou ao carro s\u00f3 encontrou a adolescente chorando, em estado de choque, que informou que o autor teria for\u00e7ado o ato.<\/p>\n<p>O autor se evadiu do local e o caso ser\u00e1 investigado pela Pol\u00edcia Civil do munic\u00edpio de Sagres.<\/p>\n<p>&nbsp;<\/p>\n<p>Portal Metr\u00f3pole<\/p>\n","protected":false},"excerpt":{"rendered":"<p>Ocorr\u00eancia foi registrada neste domingo (09) Uma adolescente de 15 anos foi v\u00edtima de tentativa de estupro na tarde deste domingo (09), em uma ch\u00e1cara na cidade de Sagres. Segundo uma testemunha, tia da v\u00edtima, na ch\u00e1cara acontecia uma festa de anivers\u00e1rio e durante a festa ela teria se dirigido at\u00e9 o carro para levar [&hellip;]<\/p>\n","protected":false},"author":3,"featured_media":20261,"comment_status":"closed","ping_status":"open","sticky":false,"template":"","format":"standard","meta":{"_acf_changed":false,"_exactmetrics_skip_tracking":false,"_exactmetrics_sitenote_active":false,"_exactmetrics_sitenote_note":"","_exactmetrics_sitenote_category":0,"footnotes":""},"categories":[24],"tags":[],"class_list":["post-20260","post","type-post","status-publish","format-standard","has-post-thumbnail","hentry","category-regiao"],"acf":[],"yoast_head":"<!-- This site is optimized with the Yoast SEO plugin v27.2 - https:\/\/yoast.com\/product\/yoast-seo-wordpress\/ -->\n<title>Adolescente sofre tentativa de estupro em Sagres - R\u00e1dio Life FM<\/title>\n<meta name=\"robots\" content=\"index, follow, max-snippet:-1, max-image-preview:large, max-video-preview:-1\" \/>\n<link rel=\"canonical\" href=\"https:\/\/radiolifefm.com.br\/noticias\/adolescente-sofre-tentativa-de-estupro-em-sagres\/\" \/>\n<meta property=\"og:locale\" content=\"pt_BR\" \/>\n<meta property=\"og:type\" content=\"article\" \/>\n<meta property=\"og:title\" content=\"Adolescente sofre tentativa de estupro em Sagres - R\u00e1dio Life FM\" \/>\n<meta property=\"og:description\" content=\"Ocorr\u00eancia foi registrada neste domingo (09) Uma adolescente de 15 anos foi v\u00edtima de tentativa de estupro na tarde deste domingo (09), em uma ch\u00e1cara na cidade de Sagres. Segundo uma testemunha, tia da v\u00edtima, na ch\u00e1cara acontecia uma festa de anivers\u00e1rio e durante a festa ela teria se dirigido at\u00e9 o carro para levar [&hellip;]\" \/>\n<meta property=\"og:url\" content=\"https:\/\/radiolifefm.com.br\/noticias\/adolescente-sofre-tentativa-de-estupro-em-sagres\/\" \/>\n<meta property=\"og:site_name\" content=\"R\u00e1dio Life FM\" \/>\n<meta property=\"article:publisher\" content=\"https:\/\/www.facebook.com\/radiolifefm\/\" \/>\n<meta property=\"article:published_time\" content=\"2020-02-10T13:57:01+00:00\" \/>\n<meta property=\"article:modified_time\" content=\"2026-05-01T09:22:08+00:00\" \/>\n<meta property=\"og:image\" content=\"https:\/\/radiolifefm.com.br\/noticias\/wp-content\/uploads\/2020\/02\/Estupro-Imagem.jpg\" \/>\n\t<meta property=\"og:image:width\" content=\"950\" \/>\n\t<meta property=\"og:image:height\" content=\"630\" \/>\n\t<meta property=\"og:image:type\" content=\"image\/jpeg\" \/>\n<meta name=\"author\" content=\"lifefm\" \/>\n<meta name=\"twitter:card\" content=\"summary_large_image\" \/>\n<meta name=\"twitter:label1\" content=\"Escrito por\" \/>\n\t<meta name=\"twitter:data1\" content=\"lifefm\" \/>\n\t<meta name=\"twitter:label2\" content=\"Est. tempo de leitura\" \/>\n\t<meta name=\"twitter:data2\" content=\"1 minuto\" \/>\n<script type=\"application\/ld+json\" class=\"yoast-schema-graph\">{\"@context\":\"https:\/\/schema.org\",\"@graph\":[{\"@type\":\"Article\",\"@id\":\"https:\/\/radiolifefm.com.br\/noticias\/adolescente-sofre-tentativa-de-estupro-em-sagres\/#article\",\"isPartOf\":{\"@id\":\"https:\/\/radiolifefm.com.br\/noticias\/adolescente-sofre-tentativa-de-estupro-em-sagres\/\"},\"author\":{\"name\":\"lifefm\",\"@id\":\"https:\/\/radiolifefm.com.br\/noticias\/#\/schema\/person\/1d4e4b1301322090c6221bf1c8420490\"},\"headline\":\"Adolescente sofre tentativa de estupro em Sagres\",\"datePublished\":\"2020-02-10T13:57:01+00:00\",\"dateModified\":\"2026-05-01T09:22:08+00:00\",\"mainEntityOfPage\":{\"@id\":\"https:\/\/radiolifefm.com.br\/noticias\/adolescente-sofre-tentativa-de-estupro-em-sagres\/\"},\"wordCount\":164,\"publisher\":{\"@id\":\"https:\/\/radiolifefm.com.br\/noticias\/#organization\"},\"image\":{\"@id\":\"https:\/\/radiolifefm.com.br\/noticias\/adolescente-sofre-tentativa-de-estupro-em-sagres\/#primaryimage\"},\"thumbnailUrl\":\"https:\/\/radiolifefm.com.br\/noticias\/wp-content\/uploads\/2020\/02\/Estupro-Imagem.jpg\",\"articleSection\":[\"Regi\u00e3o\"],\"inLanguage\":\"pt-BR\"},{\"@type\":\"WebPage\",\"@id\":\"https:\/\/radiolifefm.com.br\/noticias\/adolescente-sofre-tentativa-de-estupro-em-sagres\/\",\"url\":\"https:\/\/radiolifefm.com.br\/noticias\/adolescente-sofre-tentativa-de-estupro-em-sagres\/\",\"name\":\"Adolescente sofre tentativa de estupro em Sagres - R\u00e1dio Life FM\",\"isPartOf\":{\"@id\":\"https:\/\/radiolifefm.com.br\/noticias\/#website\"},\"primaryImageOfPage\":{\"@id\":\"https:\/\/radiolifefm.com.br\/noticias\/adolescente-sofre-tentativa-de-estupro-em-sagres\/#primaryimage\"},\"image\":{\"@id\":\"https:\/\/radiolifefm.com.br\/noticias\/adolescente-sofre-tentativa-de-estupro-em-sagres\/#primaryimage\"},\"thumbnailUrl\":\"https:\/\/radiolifefm.com.br\/noticias\/wp-content\/uploads\/2020\/02\/Estupro-Imagem.jpg\",\"datePublished\":\"2020-02-10T13:57:01+00:00\",\"dateModified\":\"2026-05-01T09:22:08+00:00\",\"breadcrumb\":{\"@id\":\"https:\/\/radiolifefm.com.br\/noticias\/adolescente-sofre-tentativa-de-estupro-em-sagres\/#breadcrumb\"},\"inLanguage\":\"pt-BR\",\"potentialAction\":[{\"@type\":\"ReadAction\",\"target\":[\"https:\/\/radiolifefm.com.br\/noticias\/adolescente-sofre-tentativa-de-estupro-em-sagres\/\"]}]},{\"@type\":\"ImageObject\",\"inLanguage\":\"pt-BR\",\"@id\":\"https:\/\/radiolifefm.com.br\/noticias\/adolescente-sofre-tentativa-de-estupro-em-sagres\/#primaryimage\",\"url\":\"https:\/\/radiolifefm.com.br\/noticias\/wp-content\/uploads\/2020\/02\/Estupro-Imagem.jpg\",\"contentUrl\":\"https:\/\/radiolifefm.com.br\/noticias\/wp-content\/uploads\/2020\/02\/Estupro-Imagem.jpg\",\"width\":950,\"height\":630},{\"@type\":\"BreadcrumbList\",\"@id\":\"https:\/\/radiolifefm.com.br\/noticias\/adolescente-sofre-tentativa-de-estupro-em-sagres\/#breadcrumb\",\"itemListElement\":[{\"@type\":\"ListItem\",\"position\":1,\"name\":\"In\u00edcio\",\"item\":\"https:\/\/radiolifefm.com.br\/noticias\/\"},{\"@type\":\"ListItem\",\"position\":2,\"name\":\"Adolescente sofre tentativa de estupro em Sagres\"}]},{\"@type\":\"WebSite\",\"@id\":\"https:\/\/radiolifefm.com.br\/noticias\/#website\",\"url\":\"https:\/\/radiolifefm.com.br\/noticias\/\",\"name\":\"R\u00e1dio Life FM\",\"description\":\"O Portal de Not\u00edcias de Adamantina\",\"publisher\":{\"@id\":\"https:\/\/radiolifefm.com.br\/noticias\/#organization\"},\"alternateName\":\"Life FM\",\"potentialAction\":[{\"@type\":\"SearchAction\",\"target\":{\"@type\":\"EntryPoint\",\"urlTemplate\":\"https:\/\/radiolifefm.com.br\/noticias\/?s={search_term_string}\"},\"query-input\":{\"@type\":\"PropertyValueSpecification\",\"valueRequired\":true,\"valueName\":\"search_term_string\"}}],\"inLanguage\":\"pt-BR\"},{\"@type\":\"Organization\",\"@id\":\"https:\/\/radiolifefm.com.br\/noticias\/#organization\",\"name\":\"R\u00e1dio Life FM\",\"alternateName\":\"Life FM\",\"url\":\"https:\/\/radiolifefm.com.br\/noticias\/\",\"logo\":{\"@type\":\"ImageObject\",\"inLanguage\":\"pt-BR\",\"@id\":\"https:\/\/radiolifefm.com.br\/noticias\/#\/schema\/logo\/image\/\",\"url\":\"https:\/\/static.radiolifefm.com.br\/noticias\/wp-content\/uploads\/2019\/10\/logo-lifefm.png\",\"contentUrl\":\"https:\/\/static.radiolifefm.com.br\/noticias\/wp-content\/uploads\/2019\/10\/logo-lifefm.png\",\"width\":196,\"height\":47,\"caption\":\"R\u00e1dio Life FM\"},\"image\":{\"@id\":\"https:\/\/radiolifefm.com.br\/noticias\/#\/schema\/logo\/image\/\"},\"sameAs\":[\"https:\/\/www.facebook.com\/radiolifefm\/\",\"https:\/\/www.instagram.com\/life1079fm\/\"]},{\"@type\":\"Person\",\"@id\":\"https:\/\/radiolifefm.com.br\/noticias\/#\/schema\/person\/1d4e4b1301322090c6221bf1c8420490\",\"name\":\"lifefm\",\"image\":{\"@type\":\"ImageObject\",\"inLanguage\":\"pt-BR\",\"@id\":\"https:\/\/secure.gravatar.com\/avatar\/eca268467d925ec97d20641bb054fd944c0abb2f92854171620706bbe6474e7c?s=96&d=mm&r=g\",\"url\":\"https:\/\/secure.gravatar.com\/avatar\/eca268467d925ec97d20641bb054fd944c0abb2f92854171620706bbe6474e7c?s=96&d=mm&r=g\",\"contentUrl\":\"https:\/\/secure.gravatar.com\/avatar\/eca268467d925ec97d20641bb054fd944c0abb2f92854171620706bbe6474e7c?s=96&d=mm&r=g\",\"caption\":\"lifefm\"}}]}<\/script>\n<!-- \/ Yoast SEO plugin. -->","yoast_head_json":{"title":"Adolescente sofre tentativa de estupro em Sagres - R\u00e1dio Life FM","robots":{"index":"index","follow":"follow","max-snippet":"max-snippet:-1","max-image-preview":"max-image-preview:large","max-video-preview":"max-video-preview:-1"},"canonical":"https:\/\/radiolifefm.com.br\/noticias\/adolescente-sofre-tentativa-de-estupro-em-sagres\/","og_locale":"pt_BR","og_type":"article","og_title":"Adolescente sofre tentativa de estupro em Sagres - R\u00e1dio Life FM","og_description":"Ocorr\u00eancia foi registrada neste domingo (09) Uma adolescente de 15 anos foi v\u00edtima de tentativa de estupro na tarde deste domingo (09), em uma ch\u00e1cara na cidade de Sagres. Segundo uma testemunha, tia da v\u00edtima, na ch\u00e1cara acontecia uma festa de anivers\u00e1rio e durante a festa ela teria se dirigido at\u00e9 o carro para levar [&hellip;]","og_url":"https:\/\/radiolifefm.com.br\/noticias\/adolescente-sofre-tentativa-de-estupro-em-sagres\/","og_site_name":"R\u00e1dio Life FM","article_publisher":"https:\/\/www.facebook.com\/radiolifefm\/","article_published_time":"2020-02-10T13:57:01+00:00","article_modified_time":"2026-05-01T09:22:08+00:00","og_image":[{"width":950,"height":630,"url":"https:\/\/radiolifefm.com.br\/noticias\/wp-content\/uploads\/2020\/02\/Estupro-Imagem.jpg","type":"image\/jpeg"}],"author":"lifefm","twitter_card":"summary_large_image","twitter_misc":{"Escrito por":"lifefm","Est. tempo de leitura":"1 minuto"},"schema":{"@context":"https:\/\/schema.org","@graph":[{"@type":"Article","@id":"https:\/\/radiolifefm.com.br\/noticias\/adolescente-sofre-tentativa-de-estupro-em-sagres\/#article","isPartOf":{"@id":"https:\/\/radiolifefm.com.br\/noticias\/adolescente-sofre-tentativa-de-estupro-em-sagres\/"},"author":{"name":"lifefm","@id":"https:\/\/radiolifefm.com.br\/noticias\/#\/schema\/person\/1d4e4b1301322090c6221bf1c8420490"},"headline":"Adolescente sofre tentativa de estupro em Sagres","datePublished":"2020-02-10T13:57:01+00:00","dateModified":"2026-05-01T09:22:08+00:00","mainEntityOfPage":{"@id":"https:\/\/radiolifefm.com.br\/noticias\/adolescente-sofre-tentativa-de-estupro-em-sagres\/"},"wordCount":164,"publisher":{"@id":"https:\/\/radiolifefm.com.br\/noticias\/#organization"},"image":{"@id":"https:\/\/radiolifefm.com.br\/noticias\/adolescente-sofre-tentativa-de-estupro-em-sagres\/#primaryimage"},"thumbnailUrl":"https:\/\/radiolifefm.com.br\/noticias\/wp-content\/uploads\/2020\/02\/Estupro-Imagem.jpg","articleSection":["Regi\u00e3o"],"inLanguage":"pt-BR"},{"@type":"WebPage","@id":"https:\/\/radiolifefm.com.br\/noticias\/adolescente-sofre-tentativa-de-estupro-em-sagres\/","url":"https:\/\/radiolifefm.com.br\/noticias\/adolescente-sofre-tentativa-de-estupro-em-sagres\/","name":"Adolescente sofre tentativa de estupro em Sagres - R\u00e1dio Life FM","isPartOf":{"@id":"https:\/\/radiolifefm.com.br\/noticias\/#website"},"primaryImageOfPage":{"@id":"https:\/\/radiolifefm.com.br\/noticias\/adolescente-sofre-tentativa-de-estupro-em-sagres\/#primaryimage"},"image":{"@id":"https:\/\/radiolifefm.com.br\/noticias\/adolescente-sofre-tentativa-de-estupro-em-sagres\/#primaryimage"},"thumbnailUrl":"https:\/\/radiolifefm.com.br\/noticias\/wp-content\/uploads\/2020\/02\/Estupro-Imagem.jpg","datePublished":"2020-02-10T13:57:01+00:00","dateModified":"2026-05-01T09:22:08+00:00","breadcrumb":{"@id":"https:\/\/radiolifefm.com.br\/noticias\/adolescente-sofre-tentativa-de-estupro-em-sagres\/#breadcrumb"},"inLanguage":"pt-BR","potentialAction":[{"@type":"ReadAction","target":["https:\/\/radiolifefm.com.br\/noticias\/adolescente-sofre-tentativa-de-estupro-em-sagres\/"]}]},{"@type":"ImageObject","inLanguage":"pt-BR","@id":"https:\/\/radiolifefm.com.br\/noticias\/adolescente-sofre-tentativa-de-estupro-em-sagres\/#primaryimage","url":"https:\/\/radiolifefm.com.br\/noticias\/wp-content\/uploads\/2020\/02\/Estupro-Imagem.jpg","contentUrl":"https:\/\/radiolifefm.com.br\/noticias\/wp-content\/uploads\/2020\/02\/Estupro-Imagem.jpg","width":950,"height":630},{"@type":"BreadcrumbList","@id":"https:\/\/radiolifefm.com.br\/noticias\/adolescente-sofre-tentativa-de-estupro-em-sagres\/#breadcrumb","itemListElement":[{"@type":"ListItem","position":1,"name":"In\u00edcio","item":"https:\/\/radiolifefm.com.br\/noticias\/"},{"@type":"ListItem","position":2,"name":"Adolescente sofre tentativa de estupro em Sagres"}]},{"@type":"WebSite","@id":"https:\/\/radiolifefm.com.br\/noticias\/#website","url":"https:\/\/radiolifefm.com.br\/noticias\/","name":"R\u00e1dio Life FM","description":"O Portal de Not\u00edcias de Adamantina","publisher":{"@id":"https:\/\/radiolifefm.com.br\/noticias\/#organization"},"alternateName":"Life FM","potentialAction":[{"@type":"SearchAction","target":{"@type":"EntryPoint","urlTemplate":"https:\/\/radiolifefm.com.br\/noticias\/?s={search_term_string}"},"query-input":{"@type":"PropertyValueSpecification","valueRequired":true,"valueName":"search_term_string"}}],"inLanguage":"pt-BR"},{"@type":"Organization","@id":"https:\/\/radiolifefm.com.br\/noticias\/#organization","name":"R\u00e1dio Life FM","alternateName":"Life FM","url":"https:\/\/radiolifefm.com.br\/noticias\/","logo":{"@type":"ImageObject","inLanguage":"pt-BR","@id":"https:\/\/radiolifefm.com.br\/noticias\/#\/schema\/logo\/image\/","url":"https:\/\/static.radiolifefm.com.br\/noticias\/wp-content\/uploads\/2019\/10\/logo-lifefm.png","contentUrl":"https:\/\/static.radiolifefm.com.br\/noticias\/wp-content\/uploads\/2019\/10\/logo-lifefm.png","width":196,"height":47,"caption":"R\u00e1dio Life FM"},"image":{"@id":"https:\/\/radiolifefm.com.br\/noticias\/#\/schema\/logo\/image\/"},"sameAs":["https:\/\/www.facebook.com\/radiolifefm\/","https:\/\/www.instagram.com\/life1079fm\/"]},{"@type":"Person","@id":"https:\/\/radiolifefm.com.br\/noticias\/#\/schema\/person\/1d4e4b1301322090c6221bf1c8420490","name":"lifefm","image":{"@type":"ImageObject","inLanguage":"pt-BR","@id":"https:\/\/secure.gravatar.com\/avatar\/eca268467d925ec97d20641bb054fd944c0abb2f92854171620706bbe6474e7c?s=96&d=mm&r=g","url":"https:\/\/secure.gravatar.com\/avatar\/eca268467d925ec97d20641bb054fd944c0abb2f92854171620706bbe6474e7c?s=96&d=mm&r=g","contentUrl":"https:\/\/secure.gravatar.com\/avatar\/eca268467d925ec97d20641bb054fd944c0abb2f92854171620706bbe6474e7c?s=96&d=mm&r=g","caption":"lifefm"}}]}},"amp_enabled":true,"_links":{"self":[{"href":"https:\/\/radiolifefm.com.br\/noticias\/wp-json\/wp\/v2\/posts\/20260","targetHints":{"allow":["GET"]}}],"collection":[{"href":"https:\/\/radiolifefm.com.br\/noticias\/wp-json\/wp\/v2\/posts"}],"about":[{"href":"https:\/\/radiolifefm.com.br\/noticias\/wp-json\/wp\/v2\/types\/post"}],"author":[{"embeddable":true,"href":"https:\/\/radiolifefm.com.br\/noticias\/wp-json\/wp\/v2\/users\/3"}],"replies":[{"embeddable":true,"href":"https:\/\/radiolifefm.com.br\/noticias\/wp-json\/wp\/v2\/comments?post=20260"}],"version-history":[{"count":1,"href":"https:\/\/radiolifefm.com.br\/noticias\/wp-json\/wp\/v2\/posts\/20260\/revisions"}],"predecessor-version":[{"id":20262,"href":"https:\/\/radiolifefm.com.br\/noticias\/wp-json\/wp\/v2\/posts\/20260\/revisions\/20262"}],"wp:featuredmedia":[{"embeddable":true,"href":"https:\/\/radiolifefm.com.br\/noticias\/wp-json\/wp\/v2\/media\/20261"}],"wp:attachment":[{"href":"https:\/\/radiolifefm.com.br\/noticias\/wp-json\/wp\/v2\/media?parent=20260"}],"wp:term":[{"taxonomy":"category","embeddable":true,"href":"https:\/\/radiolifefm.com.br\/noticias\/wp-json\/wp\/v2\/categories?post=20260"},{"taxonomy":"post_tag","embeddable":true,"href":"https:\/\/radiolifefm.com.br\/noticias\/wp-json\/wp\/v2\/tags?post=20260"}],"curies":[{"name":"wp","href":"https:\/\/api.w.org\/{rel}","templated":true}]}}