{"id":20075,"date":"2020-02-05T09:05:49","date_gmt":"2020-02-05T12:05:49","guid":{"rendered":"https:\/\/radiolifefm.com.br\/noticias\/?p=20075"},"modified":"2026-04-24T23:52:38","modified_gmt":"2026-04-25T02:52:38","slug":"gestao-em-comunicacao-organizacional-parte-2-sergio-barbosa-opiniao","status":"publish","type":"post","link":"https:\/\/radiolifefm.com.br\/noticias\/gestao-em-comunicacao-organizacional-parte-2-sergio-barbosa-opiniao\/","title":{"rendered":"GEST\u00c3O EM COMUNICA\u00c7\u00c3O ORGANIZACIONAL \u2013 Parte 2 &#8211; S\u00e9rgio Barbosa &#8211; Opini\u00e3o"},"content":{"rendered":"<div id=\"fb-root\"><\/div>\n<p><strong>GEST\u00c3O EM COMUNICA\u00c7\u00c3O ORGANIZACIONAL \u2013 Parte 2<\/strong><\/p>\n<p><em>\u201cSomos c\u00e9us atravessados por nuvens de energias vindas da profundidade dos tempos. Quanto mais acreditamos que somos algu\u00e9m, mais somos ningu\u00e9m. Quanto mais sabemos que n\u00e3o somos ningu\u00e9m, mais nos tornamos algu\u00e9m.\u201d (Pierre L\u00e9vy)<\/em><\/p>\n<p><em>S\u00e9rgio Barbosa (*)<\/em><\/p>\n<p>Em sua obra \u201cCibercultura\u201d , Pierre L\u00e9vy busca descrever esse novo cen\u00e1rio a partir do conceito de cibercultura, subentendido como tecnocultura ou codifica\u00e7\u00e3o virtual da escrita, da cultura, atrav\u00e9s das novas tecnologias.<\/p>\n<p>De acordo com o autor, a cibercultura cont\u00e9m tr\u00eas elementos: a) a interconex\u00e3o, qualquer objeto teria seu endere\u00e7o na internet de modo que \u201ctudo\u201d pode se comunicar com \u201ctudo\u201d; b) as comunidades virtuais ou pessoas, grupos e institui\u00e7\u00f5es com interesses m\u00fatuos se organizam em coletivos, independentemente da sua loca\u00e7\u00e3o geogr\u00e1fica; c) intelig\u00eancia coletiva, na qual grupos, comunidades podem dispor em comum do seu saber, permitindo o aproveitamento do conhecimento que estava disperso (BOING,1994 p.180 ).<\/p>\n<p>L\u00e9vy (1999) compara o mundo da Internet \u00e9 um \u201cdil\u00favio\u201d de informa\u00e7\u00f5es em que v\u00e1rias arcas levam consigo aquilo que acha mais importante, sem a preocupa\u00e7\u00e3o com o todo. Apesar disso, os conte\u00fados dessas arcas estariam todas interconectadas no ciberespa\u00e7o.<\/p>\n<p>O computador modifica a produ\u00e7\u00e3o art\u00edstica, as formas culturais nascem do computador.<\/p>\n<p>\u00c9 o exemplo da m\u00fasica tecno da arte digitalizada e outras artes que assumem formas de realidade virtual em tempo de comunica\u00e7\u00e3o organizacional mediada, tamb\u00e9m, pela p\u00f3s-globaliza\u00e7\u00e3o midi\u00e1tica.<\/p>\n<p>Para o autor, o ciberespa\u00e7o descortina enormes possibilidades de melhoria do sistema educacional, contribuindo para aumentar o acesso das pessoas ao saber. Umas das propostas seria a cria\u00e7\u00e3o de uma rede de ensino \u00e0 dist\u00e2ncia.<\/p>\n<p>Nesse ambiente cibern\u00e9tico e organizacional, o papel do professor deveria ser repensado, ou seja, deixaria de ser um agente de informa\u00e7\u00e3o para desempenhar uma nova fun\u00e7\u00e3o, a de estimular o conhecimento do aluno ao inv\u00e9s de apenas transmiti-lo.<\/p>\n<p><strong>Processo de Ambiente e Redes Sociais<\/strong><br \/>\nEm seu novo papel, o professor n\u00e3o seria mais \u201cdono\u201d do conhecimento, ele se tornaria um mediador, capaz de fazer associa\u00e7\u00e3o e ligar conte\u00fados de informa\u00e7\u00e3o organizacional.<\/p>\n<p>De modo contr\u00e1rio, L\u00e9vy discorda da vis\u00e3o de que a substitui\u00e7\u00e3o do real pelo virtual possa trazer a domina\u00e7\u00e3o de uma \u201cclasse virtual\u201d, porque acredita que qualquer pessoa com o m\u00ednimo de conhecimento t\u00e9cnico pode investir no ciberespa\u00e7o.<\/p>\n<p>Embora o autor levante algumas interroga\u00e7\u00f5es, como, por exemplo, se a cibercultura traria ou n\u00e3o exclus\u00e3o, se as diversidades das l\u00ednguas e das culturas n\u00e3o se encontram amea\u00e7adas pela cibercultura e se esta n\u00e3o estaria ela rompendo com os valores da modernidade europeia.<\/p>\n<p>Diante desse processo de ambiente de redes sociais mediadas pela internet, novos horizontes se abrem no campo da comunica\u00e7\u00e3o organizacional.<\/p>\n<p>Novos desafios que busquem dar conta da compreens\u00e3o te\u00f3rica e pr\u00e1tica desta realidade tornam-se urgentes a serem desbravados.<\/p>\n<p>A partir desta preocupa\u00e7\u00e3o, faz-se necess\u00e1rio estar em conex\u00e3o com as propostas mediadas pela \u201cComunica\u00e7\u00e3o Organizacional&#8221;, ainda, tendo como escopo a an\u00e1lise do contexto midi\u00e1tico atual.<br \/>\nNeste cen\u00e1rio podem-se compreender as especificidades comunicacionais por meio do sistema organizacional, ainda, a cultura tecnol\u00f3gica e midi\u00e1tica e a inter-rela\u00e7\u00e3o com a educa\u00e7\u00e3o, na elabora\u00e7\u00e3o de projetos visando \u00e0 produ\u00e7\u00e3o de &#8220;artigos acad\u00eamico-cient\u00edficos&#8221;.<\/p>\n<p>Tamb\u00e9m, para identificar objetos e problemas do entendimento de novos c\u00f3digos visuais, sonoros e verbais do campo da &#8220;comunica\u00e7\u00e3o organizacional&#8221; e o mapeamento de como as organiza\u00e7\u00f5es e\/ou corpora\u00e7\u00f5es est\u00e3o desenvolvendo suas atividades na \u00e1rea midi\u00e1tica.<\/p>\n<p>Neste cen\u00e1rio em tempo de p\u00f3s-globaliza\u00e7\u00e3o na \u00e1rea da Gest\u00e3o das Organiza\u00e7\u00f5es, ainda, focadas na perspectiva comunicacional, faz-senecess\u00e1rio estar em conex\u00e3o com as transforma\u00e7\u00f5es envolvendo o mercado.<\/p>\n<p>Portanto, n\u00e3o tem como as \u00e1reas da Gest\u00e3o, bem como, da Comunica\u00e7\u00e3o Organizacional ficarem alheias aos acontecimentos que est\u00e3o ocorrendo em n\u00edvel mundial, ainda, com reflexos nos quatro cantos do planeta.<\/p>\n<p>Nas denominadas organiza\u00e7\u00f5es, quando ocorrem problemas relacionados e direcionados pela sistem\u00e1tica patrocinada pelos sistemas de comunica\u00e7\u00e3o, torna-se necess\u00e1rio envolver a \u00e1rea da Gest\u00e3o como mediadora para a resolu\u00e7\u00e3o dos problemas.<\/p>\n<p>Desta forma, pode-se afirmar que neste contexto plural para as respectivas \u00e1reas, bem como, considerando as propostas nos n\u00edveis &#8220;regiocal&#8221;, ou seja, do regional para o local, ainda, &#8220;glocal&#8221;, a saber: do global par ao local, fica evidente relacionar e direcionar as propostas destacadas neste trabalho para o desenvolvimento de pol\u00edticas direcionadas na \u00e1rea da Gest\u00e3o em Comunica\u00e7\u00e3o Organizacional.<\/p>\n<p>Existem, ainda, muitas alternativas decorrentes do avan\u00e7o na \u00e1rea tecnol\u00f3gica envolvendo os denominados sistemas de informa\u00e7\u00e3o, entretanto, a proposta mediada pela Comunica\u00e7\u00e3o Organizacional e tendo como base o pragmatismo da Gest\u00e3o, pode proporcionar novas diretrizes para as organiza\u00e7\u00f5es em geral.<\/p>\n<div class='flex flex-wrap items-center -mx-1'>\r\n<a class='thumbnail gallery p-1 w-1\/2 md:w-1\/4' href='https:\/\/radiolifefm.com.br\/noticias\/wp-content\/uploads\/2020\/02\/Sebar-1-scaled.jpg'><img class='border border-white' src='https:\/\/radiolifefm.com.br\/noticias\/wp-content\/uploads\/2020\/02\/Sebar-1-200x200.jpg' alt='Sebar   1' \/><\/a><a class='thumbnail gallery p-1 w-1\/2 md:w-1\/4' href='https:\/\/radiolifefm.com.br\/noticias\/wp-content\/uploads\/2020\/02\/Sebar-2-scaled.jpg'><img class='border border-white' src='https:\/\/radiolifefm.com.br\/noticias\/wp-content\/uploads\/2020\/02\/Sebar-2-200x200.jpg' alt='Sebar   2' \/><\/a><a class='thumbnail gallery p-1 w-1\/2 md:w-1\/4' href='https:\/\/radiolifefm.com.br\/noticias\/wp-content\/uploads\/2020\/02\/Sebar-3.jpg'><img class='border border-white' src='https:\/\/radiolifefm.com.br\/noticias\/wp-content\/uploads\/2020\/02\/Sebar-3-200x200.jpg' alt='Sebar   3' \/><\/a><a class='thumbnail gallery p-1 w-1\/2 md:w-1\/4' href='https:\/\/radiolifefm.com.br\/noticias\/wp-content\/uploads\/2020\/02\/Sebar-4.jpg'><img class='border border-white' src='https:\/\/radiolifefm.com.br\/noticias\/wp-content\/uploads\/2020\/02\/Sebar-4-200x200.jpg' alt='Sebar   4' \/><\/a><\/div>\n<p>_________________________<br \/>\n1. L\u00c9VY, Pierre. Cibercultura. S\u00e3o Paulo: Editora 34, 1999.<br \/>\n2. BOING, Raquel. Resenha Cibercultura. In Comunica\u00e7\u00e3o &amp; Pol\u00edtica, v.VI, n.2 e 3, p. 180-182.<\/p>\n<p>______________________________<\/p>\n<p>(*) Jornalista diplomado, professor universit\u00e1rio e Consultor na \u00c1rea da Comunica\u00e7\u00e3o Organizacional. Desenvolveu atividades acad\u00eamicas como Pesquisador-Colaborador da C\u00e1tedra UNESCO\/METODISTA de Comunica\u00e7\u00e3o para o Desenvolvimento Regional no anos 1998-2018.<\/p>\n","protected":false},"excerpt":{"rendered":"<p>GEST\u00c3O EM COMUNICA\u00c7\u00c3O ORGANIZACIONAL \u2013 Parte 2 \u201cSomos c\u00e9us atravessados por nuvens de energias vindas da profundidade dos tempos. Quanto mais acreditamos que somos algu\u00e9m, mais somos ningu\u00e9m. Quanto mais sabemos que n\u00e3o somos ningu\u00e9m, mais nos tornamos algu\u00e9m.\u201d (Pierre L\u00e9vy) S\u00e9rgio Barbosa (*) Em sua obra \u201cCibercultura\u201d , Pierre L\u00e9vy busca descrever esse novo [&hellip;]<\/p>\n","protected":false},"author":3,"featured_media":20076,"comment_status":"closed","ping_status":"open","sticky":false,"template":"","format":"standard","meta":{"_acf_changed":false,"_exactmetrics_skip_tracking":false,"_exactmetrics_sitenote_active":false,"_exactmetrics_sitenote_note":"","_exactmetrics_sitenote_category":0,"footnotes":""},"categories":[59],"tags":[],"class_list":["post-20075","post","type-post","status-publish","format-standard","has-post-thumbnail","hentry","category-opiniao"],"acf":[],"yoast_head":"<!-- This site is optimized with the Yoast SEO plugin v27.2 - https:\/\/yoast.com\/product\/yoast-seo-wordpress\/ -->\n<title>GEST\u00c3O EM COMUNICA\u00c7\u00c3O ORGANIZACIONAL \u2013 Parte 2 - S\u00e9rgio Barbosa - Opini\u00e3o - R\u00e1dio Life FM<\/title>\n<meta name=\"robots\" content=\"index, follow, max-snippet:-1, max-image-preview:large, max-video-preview:-1\" \/>\n<link rel=\"canonical\" href=\"https:\/\/radiolifefm.com.br\/noticias\/gestao-em-comunicacao-organizacional-parte-2-sergio-barbosa-opiniao\/\" \/>\n<meta property=\"og:locale\" content=\"pt_BR\" \/>\n<meta property=\"og:type\" content=\"article\" \/>\n<meta property=\"og:title\" content=\"GEST\u00c3O EM COMUNICA\u00c7\u00c3O ORGANIZACIONAL \u2013 Parte 2 - S\u00e9rgio Barbosa - Opini\u00e3o - R\u00e1dio Life FM\" \/>\n<meta property=\"og:description\" content=\"GEST\u00c3O EM COMUNICA\u00c7\u00c3O ORGANIZACIONAL \u2013 Parte 2 \u201cSomos c\u00e9us atravessados por nuvens de energias vindas da profundidade dos tempos. Quanto mais acreditamos que somos algu\u00e9m, mais somos ningu\u00e9m. Quanto mais sabemos que n\u00e3o somos ningu\u00e9m, mais nos tornamos algu\u00e9m.\u201d (Pierre L\u00e9vy) S\u00e9rgio Barbosa (*) Em sua obra \u201cCibercultura\u201d , Pierre L\u00e9vy busca descrever esse novo [&hellip;]\" \/>\n<meta property=\"og:url\" content=\"https:\/\/radiolifefm.com.br\/noticias\/gestao-em-comunicacao-organizacional-parte-2-sergio-barbosa-opiniao\/\" \/>\n<meta property=\"og:site_name\" content=\"R\u00e1dio Life FM\" \/>\n<meta property=\"article:publisher\" content=\"https:\/\/www.facebook.com\/radiolifefm\/\" \/>\n<meta property=\"article:published_time\" content=\"2020-02-05T12:05:49+00:00\" \/>\n<meta property=\"article:modified_time\" content=\"2026-04-25T02:52:38+00:00\" \/>\n<meta property=\"og:image\" content=\"https:\/\/radiolifefm.com.br\/noticias\/wp-content\/uploads\/2020\/02\/Sebar-scaled.jpg\" \/>\n\t<meta property=\"og:image:width\" content=\"1920\" \/>\n\t<meta property=\"og:image:height\" content=\"2560\" \/>\n\t<meta property=\"og:image:type\" content=\"image\/jpeg\" \/>\n<meta name=\"author\" content=\"lifefm\" \/>\n<meta name=\"twitter:card\" content=\"summary_large_image\" \/>\n<meta name=\"twitter:label1\" content=\"Escrito por\" \/>\n\t<meta name=\"twitter:data1\" content=\"lifefm\" \/>\n\t<meta name=\"twitter:label2\" content=\"Est. tempo de leitura\" \/>\n\t<meta name=\"twitter:data2\" content=\"5 minutos\" \/>\n<script type=\"application\/ld+json\" class=\"yoast-schema-graph\">{\"@context\":\"https:\/\/schema.org\",\"@graph\":[{\"@type\":\"Article\",\"@id\":\"https:\/\/radiolifefm.com.br\/noticias\/gestao-em-comunicacao-organizacional-parte-2-sergio-barbosa-opiniao\/#article\",\"isPartOf\":{\"@id\":\"https:\/\/radiolifefm.com.br\/noticias\/gestao-em-comunicacao-organizacional-parte-2-sergio-barbosa-opiniao\/\"},\"author\":{\"name\":\"lifefm\",\"@id\":\"https:\/\/radiolifefm.com.br\/noticias\/#\/schema\/person\/1d4e4b1301322090c6221bf1c8420490\"},\"headline\":\"GEST\u00c3O EM COMUNICA\u00c7\u00c3O ORGANIZACIONAL \u2013 Parte 2 &#8211; S\u00e9rgio Barbosa &#8211; Opini\u00e3o\",\"datePublished\":\"2020-02-05T12:05:49+00:00\",\"dateModified\":\"2026-04-25T02:52:38+00:00\",\"mainEntityOfPage\":{\"@id\":\"https:\/\/radiolifefm.com.br\/noticias\/gestao-em-comunicacao-organizacional-parte-2-sergio-barbosa-opiniao\/\"},\"wordCount\":923,\"publisher\":{\"@id\":\"https:\/\/radiolifefm.com.br\/noticias\/#organization\"},\"image\":{\"@id\":\"https:\/\/radiolifefm.com.br\/noticias\/gestao-em-comunicacao-organizacional-parte-2-sergio-barbosa-opiniao\/#primaryimage\"},\"thumbnailUrl\":\"https:\/\/radiolifefm.com.br\/noticias\/wp-content\/uploads\/2020\/02\/Sebar-scaled.jpg\",\"articleSection\":[\"Opini\u00e3o\"],\"inLanguage\":\"pt-BR\"},{\"@type\":\"WebPage\",\"@id\":\"https:\/\/radiolifefm.com.br\/noticias\/gestao-em-comunicacao-organizacional-parte-2-sergio-barbosa-opiniao\/\",\"url\":\"https:\/\/radiolifefm.com.br\/noticias\/gestao-em-comunicacao-organizacional-parte-2-sergio-barbosa-opiniao\/\",\"name\":\"GEST\u00c3O EM COMUNICA\u00c7\u00c3O ORGANIZACIONAL \u2013 Parte 2 - S\u00e9rgio Barbosa - Opini\u00e3o - R\u00e1dio Life FM\",\"isPartOf\":{\"@id\":\"https:\/\/radiolifefm.com.br\/noticias\/#website\"},\"primaryImageOfPage\":{\"@id\":\"https:\/\/radiolifefm.com.br\/noticias\/gestao-em-comunicacao-organizacional-parte-2-sergio-barbosa-opiniao\/#primaryimage\"},\"image\":{\"@id\":\"https:\/\/radiolifefm.com.br\/noticias\/gestao-em-comunicacao-organizacional-parte-2-sergio-barbosa-opiniao\/#primaryimage\"},\"thumbnailUrl\":\"https:\/\/radiolifefm.com.br\/noticias\/wp-content\/uploads\/2020\/02\/Sebar-scaled.jpg\",\"datePublished\":\"2020-02-05T12:05:49+00:00\",\"dateModified\":\"2026-04-25T02:52:38+00:00\",\"breadcrumb\":{\"@id\":\"https:\/\/radiolifefm.com.br\/noticias\/gestao-em-comunicacao-organizacional-parte-2-sergio-barbosa-opiniao\/#breadcrumb\"},\"inLanguage\":\"pt-BR\",\"potentialAction\":[{\"@type\":\"ReadAction\",\"target\":[\"https:\/\/radiolifefm.com.br\/noticias\/gestao-em-comunicacao-organizacional-parte-2-sergio-barbosa-opiniao\/\"]}]},{\"@type\":\"ImageObject\",\"inLanguage\":\"pt-BR\",\"@id\":\"https:\/\/radiolifefm.com.br\/noticias\/gestao-em-comunicacao-organizacional-parte-2-sergio-barbosa-opiniao\/#primaryimage\",\"url\":\"https:\/\/radiolifefm.com.br\/noticias\/wp-content\/uploads\/2020\/02\/Sebar-scaled.jpg\",\"contentUrl\":\"https:\/\/radiolifefm.com.br\/noticias\/wp-content\/uploads\/2020\/02\/Sebar-scaled.jpg\",\"width\":1920,\"height\":2560},{\"@type\":\"BreadcrumbList\",\"@id\":\"https:\/\/radiolifefm.com.br\/noticias\/gestao-em-comunicacao-organizacional-parte-2-sergio-barbosa-opiniao\/#breadcrumb\",\"itemListElement\":[{\"@type\":\"ListItem\",\"position\":1,\"name\":\"In\u00edcio\",\"item\":\"https:\/\/radiolifefm.com.br\/noticias\/\"},{\"@type\":\"ListItem\",\"position\":2,\"name\":\"GEST\u00c3O EM COMUNICA\u00c7\u00c3O ORGANIZACIONAL \u2013 Parte 2 &#8211; S\u00e9rgio Barbosa &#8211; Opini\u00e3o\"}]},{\"@type\":\"WebSite\",\"@id\":\"https:\/\/radiolifefm.com.br\/noticias\/#website\",\"url\":\"https:\/\/radiolifefm.com.br\/noticias\/\",\"name\":\"R\u00e1dio Life FM\",\"description\":\"O Portal de Not\u00edcias de Adamantina\",\"publisher\":{\"@id\":\"https:\/\/radiolifefm.com.br\/noticias\/#organization\"},\"alternateName\":\"Life FM\",\"potentialAction\":[{\"@type\":\"SearchAction\",\"target\":{\"@type\":\"EntryPoint\",\"urlTemplate\":\"https:\/\/radiolifefm.com.br\/noticias\/?s={search_term_string}\"},\"query-input\":{\"@type\":\"PropertyValueSpecification\",\"valueRequired\":true,\"valueName\":\"search_term_string\"}}],\"inLanguage\":\"pt-BR\"},{\"@type\":\"Organization\",\"@id\":\"https:\/\/radiolifefm.com.br\/noticias\/#organization\",\"name\":\"R\u00e1dio Life FM\",\"alternateName\":\"Life FM\",\"url\":\"https:\/\/radiolifefm.com.br\/noticias\/\",\"logo\":{\"@type\":\"ImageObject\",\"inLanguage\":\"pt-BR\",\"@id\":\"https:\/\/radiolifefm.com.br\/noticias\/#\/schema\/logo\/image\/\",\"url\":\"https:\/\/static.radiolifefm.com.br\/noticias\/wp-content\/uploads\/2019\/10\/logo-lifefm.png\",\"contentUrl\":\"https:\/\/static.radiolifefm.com.br\/noticias\/wp-content\/uploads\/2019\/10\/logo-lifefm.png\",\"width\":196,\"height\":47,\"caption\":\"R\u00e1dio Life FM\"},\"image\":{\"@id\":\"https:\/\/radiolifefm.com.br\/noticias\/#\/schema\/logo\/image\/\"},\"sameAs\":[\"https:\/\/www.facebook.com\/radiolifefm\/\",\"https:\/\/www.instagram.com\/life1079fm\/\"]},{\"@type\":\"Person\",\"@id\":\"https:\/\/radiolifefm.com.br\/noticias\/#\/schema\/person\/1d4e4b1301322090c6221bf1c8420490\",\"name\":\"lifefm\",\"image\":{\"@type\":\"ImageObject\",\"inLanguage\":\"pt-BR\",\"@id\":\"https:\/\/secure.gravatar.com\/avatar\/eca268467d925ec97d20641bb054fd944c0abb2f92854171620706bbe6474e7c?s=96&d=mm&r=g\",\"url\":\"https:\/\/secure.gravatar.com\/avatar\/eca268467d925ec97d20641bb054fd944c0abb2f92854171620706bbe6474e7c?s=96&d=mm&r=g\",\"contentUrl\":\"https:\/\/secure.gravatar.com\/avatar\/eca268467d925ec97d20641bb054fd944c0abb2f92854171620706bbe6474e7c?s=96&d=mm&r=g\",\"caption\":\"lifefm\"}}]}<\/script>\n<!-- \/ Yoast SEO plugin. -->","yoast_head_json":{"title":"GEST\u00c3O EM COMUNICA\u00c7\u00c3O ORGANIZACIONAL \u2013 Parte 2 - S\u00e9rgio Barbosa - Opini\u00e3o - R\u00e1dio Life FM","robots":{"index":"index","follow":"follow","max-snippet":"max-snippet:-1","max-image-preview":"max-image-preview:large","max-video-preview":"max-video-preview:-1"},"canonical":"https:\/\/radiolifefm.com.br\/noticias\/gestao-em-comunicacao-organizacional-parte-2-sergio-barbosa-opiniao\/","og_locale":"pt_BR","og_type":"article","og_title":"GEST\u00c3O EM COMUNICA\u00c7\u00c3O ORGANIZACIONAL \u2013 Parte 2 - S\u00e9rgio Barbosa - Opini\u00e3o - R\u00e1dio Life FM","og_description":"GEST\u00c3O EM COMUNICA\u00c7\u00c3O ORGANIZACIONAL \u2013 Parte 2 \u201cSomos c\u00e9us atravessados por nuvens de energias vindas da profundidade dos tempos. Quanto mais acreditamos que somos algu\u00e9m, mais somos ningu\u00e9m. Quanto mais sabemos que n\u00e3o somos ningu\u00e9m, mais nos tornamos algu\u00e9m.\u201d (Pierre L\u00e9vy) S\u00e9rgio Barbosa (*) Em sua obra \u201cCibercultura\u201d , Pierre L\u00e9vy busca descrever esse novo [&hellip;]","og_url":"https:\/\/radiolifefm.com.br\/noticias\/gestao-em-comunicacao-organizacional-parte-2-sergio-barbosa-opiniao\/","og_site_name":"R\u00e1dio Life FM","article_publisher":"https:\/\/www.facebook.com\/radiolifefm\/","article_published_time":"2020-02-05T12:05:49+00:00","article_modified_time":"2026-04-25T02:52:38+00:00","og_image":[{"width":1920,"height":2560,"url":"https:\/\/radiolifefm.com.br\/noticias\/wp-content\/uploads\/2020\/02\/Sebar-scaled.jpg","type":"image\/jpeg"}],"author":"lifefm","twitter_card":"summary_large_image","twitter_misc":{"Escrito por":"lifefm","Est. tempo de leitura":"5 minutos"},"schema":{"@context":"https:\/\/schema.org","@graph":[{"@type":"Article","@id":"https:\/\/radiolifefm.com.br\/noticias\/gestao-em-comunicacao-organizacional-parte-2-sergio-barbosa-opiniao\/#article","isPartOf":{"@id":"https:\/\/radiolifefm.com.br\/noticias\/gestao-em-comunicacao-organizacional-parte-2-sergio-barbosa-opiniao\/"},"author":{"name":"lifefm","@id":"https:\/\/radiolifefm.com.br\/noticias\/#\/schema\/person\/1d4e4b1301322090c6221bf1c8420490"},"headline":"GEST\u00c3O EM COMUNICA\u00c7\u00c3O ORGANIZACIONAL \u2013 Parte 2 &#8211; S\u00e9rgio Barbosa &#8211; Opini\u00e3o","datePublished":"2020-02-05T12:05:49+00:00","dateModified":"2026-04-25T02:52:38+00:00","mainEntityOfPage":{"@id":"https:\/\/radiolifefm.com.br\/noticias\/gestao-em-comunicacao-organizacional-parte-2-sergio-barbosa-opiniao\/"},"wordCount":923,"publisher":{"@id":"https:\/\/radiolifefm.com.br\/noticias\/#organization"},"image":{"@id":"https:\/\/radiolifefm.com.br\/noticias\/gestao-em-comunicacao-organizacional-parte-2-sergio-barbosa-opiniao\/#primaryimage"},"thumbnailUrl":"https:\/\/radiolifefm.com.br\/noticias\/wp-content\/uploads\/2020\/02\/Sebar-scaled.jpg","articleSection":["Opini\u00e3o"],"inLanguage":"pt-BR"},{"@type":"WebPage","@id":"https:\/\/radiolifefm.com.br\/noticias\/gestao-em-comunicacao-organizacional-parte-2-sergio-barbosa-opiniao\/","url":"https:\/\/radiolifefm.com.br\/noticias\/gestao-em-comunicacao-organizacional-parte-2-sergio-barbosa-opiniao\/","name":"GEST\u00c3O EM COMUNICA\u00c7\u00c3O ORGANIZACIONAL \u2013 Parte 2 - S\u00e9rgio Barbosa - Opini\u00e3o - R\u00e1dio Life FM","isPartOf":{"@id":"https:\/\/radiolifefm.com.br\/noticias\/#website"},"primaryImageOfPage":{"@id":"https:\/\/radiolifefm.com.br\/noticias\/gestao-em-comunicacao-organizacional-parte-2-sergio-barbosa-opiniao\/#primaryimage"},"image":{"@id":"https:\/\/radiolifefm.com.br\/noticias\/gestao-em-comunicacao-organizacional-parte-2-sergio-barbosa-opiniao\/#primaryimage"},"thumbnailUrl":"https:\/\/radiolifefm.com.br\/noticias\/wp-content\/uploads\/2020\/02\/Sebar-scaled.jpg","datePublished":"2020-02-05T12:05:49+00:00","dateModified":"2026-04-25T02:52:38+00:00","breadcrumb":{"@id":"https:\/\/radiolifefm.com.br\/noticias\/gestao-em-comunicacao-organizacional-parte-2-sergio-barbosa-opiniao\/#breadcrumb"},"inLanguage":"pt-BR","potentialAction":[{"@type":"ReadAction","target":["https:\/\/radiolifefm.com.br\/noticias\/gestao-em-comunicacao-organizacional-parte-2-sergio-barbosa-opiniao\/"]}]},{"@type":"ImageObject","inLanguage":"pt-BR","@id":"https:\/\/radiolifefm.com.br\/noticias\/gestao-em-comunicacao-organizacional-parte-2-sergio-barbosa-opiniao\/#primaryimage","url":"https:\/\/radiolifefm.com.br\/noticias\/wp-content\/uploads\/2020\/02\/Sebar-scaled.jpg","contentUrl":"https:\/\/radiolifefm.com.br\/noticias\/wp-content\/uploads\/2020\/02\/Sebar-scaled.jpg","width":1920,"height":2560},{"@type":"BreadcrumbList","@id":"https:\/\/radiolifefm.com.br\/noticias\/gestao-em-comunicacao-organizacional-parte-2-sergio-barbosa-opiniao\/#breadcrumb","itemListElement":[{"@type":"ListItem","position":1,"name":"In\u00edcio","item":"https:\/\/radiolifefm.com.br\/noticias\/"},{"@type":"ListItem","position":2,"name":"GEST\u00c3O EM COMUNICA\u00c7\u00c3O ORGANIZACIONAL \u2013 Parte 2 &#8211; S\u00e9rgio Barbosa &#8211; Opini\u00e3o"}]},{"@type":"WebSite","@id":"https:\/\/radiolifefm.com.br\/noticias\/#website","url":"https:\/\/radiolifefm.com.br\/noticias\/","name":"R\u00e1dio Life FM","description":"O Portal de Not\u00edcias de Adamantina","publisher":{"@id":"https:\/\/radiolifefm.com.br\/noticias\/#organization"},"alternateName":"Life FM","potentialAction":[{"@type":"SearchAction","target":{"@type":"EntryPoint","urlTemplate":"https:\/\/radiolifefm.com.br\/noticias\/?s={search_term_string}"},"query-input":{"@type":"PropertyValueSpecification","valueRequired":true,"valueName":"search_term_string"}}],"inLanguage":"pt-BR"},{"@type":"Organization","@id":"https:\/\/radiolifefm.com.br\/noticias\/#organization","name":"R\u00e1dio Life FM","alternateName":"Life FM","url":"https:\/\/radiolifefm.com.br\/noticias\/","logo":{"@type":"ImageObject","inLanguage":"pt-BR","@id":"https:\/\/radiolifefm.com.br\/noticias\/#\/schema\/logo\/image\/","url":"https:\/\/static.radiolifefm.com.br\/noticias\/wp-content\/uploads\/2019\/10\/logo-lifefm.png","contentUrl":"https:\/\/static.radiolifefm.com.br\/noticias\/wp-content\/uploads\/2019\/10\/logo-lifefm.png","width":196,"height":47,"caption":"R\u00e1dio Life FM"},"image":{"@id":"https:\/\/radiolifefm.com.br\/noticias\/#\/schema\/logo\/image\/"},"sameAs":["https:\/\/www.facebook.com\/radiolifefm\/","https:\/\/www.instagram.com\/life1079fm\/"]},{"@type":"Person","@id":"https:\/\/radiolifefm.com.br\/noticias\/#\/schema\/person\/1d4e4b1301322090c6221bf1c8420490","name":"lifefm","image":{"@type":"ImageObject","inLanguage":"pt-BR","@id":"https:\/\/secure.gravatar.com\/avatar\/eca268467d925ec97d20641bb054fd944c0abb2f92854171620706bbe6474e7c?s=96&d=mm&r=g","url":"https:\/\/secure.gravatar.com\/avatar\/eca268467d925ec97d20641bb054fd944c0abb2f92854171620706bbe6474e7c?s=96&d=mm&r=g","contentUrl":"https:\/\/secure.gravatar.com\/avatar\/eca268467d925ec97d20641bb054fd944c0abb2f92854171620706bbe6474e7c?s=96&d=mm&r=g","caption":"lifefm"}}]}},"amp_enabled":true,"_links":{"self":[{"href":"https:\/\/radiolifefm.com.br\/noticias\/wp-json\/wp\/v2\/posts\/20075","targetHints":{"allow":["GET"]}}],"collection":[{"href":"https:\/\/radiolifefm.com.br\/noticias\/wp-json\/wp\/v2\/posts"}],"about":[{"href":"https:\/\/radiolifefm.com.br\/noticias\/wp-json\/wp\/v2\/types\/post"}],"author":[{"embeddable":true,"href":"https:\/\/radiolifefm.com.br\/noticias\/wp-json\/wp\/v2\/users\/3"}],"replies":[{"embeddable":true,"href":"https:\/\/radiolifefm.com.br\/noticias\/wp-json\/wp\/v2\/comments?post=20075"}],"version-history":[{"count":2,"href":"https:\/\/radiolifefm.com.br\/noticias\/wp-json\/wp\/v2\/posts\/20075\/revisions"}],"predecessor-version":[{"id":20082,"href":"https:\/\/radiolifefm.com.br\/noticias\/wp-json\/wp\/v2\/posts\/20075\/revisions\/20082"}],"wp:featuredmedia":[{"embeddable":true,"href":"https:\/\/radiolifefm.com.br\/noticias\/wp-json\/wp\/v2\/media\/20076"}],"wp:attachment":[{"href":"https:\/\/radiolifefm.com.br\/noticias\/wp-json\/wp\/v2\/media?parent=20075"}],"wp:term":[{"taxonomy":"category","embeddable":true,"href":"https:\/\/radiolifefm.com.br\/noticias\/wp-json\/wp\/v2\/categories?post=20075"},{"taxonomy":"post_tag","embeddable":true,"href":"https:\/\/radiolifefm.com.br\/noticias\/wp-json\/wp\/v2\/tags?post=20075"}],"curies":[{"name":"wp","href":"https:\/\/api.w.org\/{rel}","templated":true}]}}