{"id":19908,"date":"2020-01-29T09:07:11","date_gmt":"2020-01-29T12:07:11","guid":{"rendered":"https:\/\/radiolifefm.com.br\/noticias\/?p=19908"},"modified":"2026-04-24T00:24:34","modified_gmt":"2026-04-24T03:24:34","slug":"gestao-em-comunicacao-organizacional-parte-1-sergio-barbosa-opiniao","status":"publish","type":"post","link":"https:\/\/radiolifefm.com.br\/noticias\/gestao-em-comunicacao-organizacional-parte-1-sergio-barbosa-opiniao\/","title":{"rendered":"GEST\u00c3O EM COMUNICA\u00c7\u00c3O ORGANIZACIONAL \u2013 Parte 1. &#8211; S\u00e9rgio Barbosa &#8211; Opini\u00e3o"},"content":{"rendered":"<div id=\"fb-root\"><\/div>\n<p><strong>GEST\u00c3O EM COMUNICA\u00c7\u00c3O ORGANIZACIONAL \u2013 Parte 1.<\/strong><\/p>\n<p><em>\u201cPara que todos os colaboradores estejam cientes das diretrizes da empresa, falando a mesma linguagem, com foco na comunica\u00e7\u00e3o do que a empresa faz, dos diferenciais dos produtos\/servi\u00e7os perante o mercado, planejaremos a comunica\u00e7\u00e3o interna e treinamentos correspondentes.\u201d (Zuleica Klauck)<\/em><\/p>\n<p><em>S\u00e9rgio Barbosa (*)<\/em><\/p>\n<p>Ap\u00f3s a d\u00e9cada de setenta do s\u00e9culo XX iniciou-se um processo sem precedentes de difus\u00e3o da comunica\u00e7\u00e3o em escala global. Novas maneiras de pensar e conv\u00edvio despontam no mundo das telecomunica\u00e7\u00f5es e inform\u00e1tica, a Internet torna-se, parafraseando Castells (2005), o tecido de nossas vidas.<\/p>\n<p>Briggs &amp; Burke (2002) em sua obra \u201cUma Hist\u00f3ria Social da M\u00eddia \u2013 De Gutemberg a Internet \u201d dimensiona os impactos que os computadores tiveram na vida das pessoas a partir dos anos setenta, quando deixaram de serem simples m\u00e1quinas de calcular, para fazer todos os tipos de servi\u00e7os.<\/p>\n<p>Vivemos na era da converg\u00eancia da comunica\u00e7\u00e3o por meio das Organiza\u00e7\u00f5es, conceito que para Dizard Jr. (2000) \u00e9 a condi\u00e7\u00e3o de um estado unido de m\u00eddia no qual todas as formas e instrumentos dos meios de comunica\u00e7\u00e3o se re\u00fanem por efeitos dos computadores e da digitaliza\u00e7\u00e3o, \u201co elemento comum \u00e9 a computadoriza\u00e7\u00e3o, uma tecnologia que vem apagando todas as antigas diferen\u00e7as que separam os servi\u00e7os da m\u00eddia do passado\u201d .<\/p>\n<p>Os impactos e consequ\u00eancias provocados pela converg\u00eancia da m\u00eddia revolucionaram as dimens\u00f5es da vida social contempor\u00e2nea, o mercado, a educa\u00e7\u00e3o, as rela\u00e7\u00f5es sociais, o jornalismo, a publicidade, as esferas institucionais e a cultura de um modo geral.<\/p>\n<p>Ali\u00e1s, como o processo de converg\u00eancia continua acontecendo, n\u00e3o sabemos avaliar ao certo seus impactos presentes e futuros, o que gera uma incerteza quanto a proje\u00e7\u00f5es da caracteriza\u00e7\u00e3o da m\u00eddia ainda para este mil\u00eanio.<\/p>\n<p>A converg\u00eancia inaugurou rela\u00e7\u00f5es espec\u00edficas das novas m\u00eddias, distanciando bastante dos meios de comunica\u00e7\u00e3o tradicionais.<br \/>\nAcerca desta quest\u00e3o, Pinho (2003 e 2004 ) aponta as principais transforma\u00e7\u00f5es ocorridas nos jornais e na comunica\u00e7\u00e3o mercadol\u00f3gica.<\/p>\n<p>As vantagens da Internet em rela\u00e7\u00e3o \u00e0s velhas m\u00eddias s\u00e3o diversas, menor custo de produ\u00e7\u00e3o e veicula\u00e7\u00e3o, pessoalidade e interatividade com o consumidor no caso da publicidade \u2013 e do leitor, do jornalismo \u2013 acessibilidade, flexibilidade e dirigibilidade s\u00e3o algumas vantagens que podem ser citadas como produto da converg\u00eancia da m\u00eddia.<\/p>\n<p>As mudan\u00e7as dos padr\u00f5es da m\u00eddia como resultado da converg\u00eancia de for\u00e7as tecnol\u00f3gicas operaram a modifica\u00e7\u00e3o da informa\u00e7\u00e3o num cen\u00e1rio p\u00f3s-industrial.<\/p>\n<p>Os impactos dessa transforma\u00e7\u00e3o da comunica\u00e7\u00e3o organizacional dissiparam-se em uma multiplicidade de campos, a saber: pol\u00edtica, economia, sociedade, educa\u00e7\u00e3o, sa\u00fade e outras.<\/p>\n<p>No sentido mais geral, pode-se afirmar que a \u00e9poca atual encontra-se comandada pela tecnologia organizacional\/corporativa por meio do sistema computacional que atua como um agente codificador da comunica\u00e7\u00e3o organizacional.<\/p>\n<div class='flex flex-wrap items-center -mx-1'>\r\n<a class='thumbnail gallery p-1 w-1\/2 md:w-1\/4' href='https:\/\/radiolifefm.com.br\/noticias\/wp-content\/uploads\/2020\/01\/Sebar-1-3-scaled.jpg'><img class='border border-white' src='https:\/\/radiolifefm.com.br\/noticias\/wp-content\/uploads\/2020\/01\/Sebar-1-3-200x200.jpg' alt='Sebar   1' \/><\/a><a class='thumbnail gallery p-1 w-1\/2 md:w-1\/4' href='https:\/\/radiolifefm.com.br\/noticias\/wp-content\/uploads\/2020\/01\/Sebar-2-3.jpg'><img class='border border-white' src='https:\/\/radiolifefm.com.br\/noticias\/wp-content\/uploads\/2020\/01\/Sebar-2-3-200x200.jpg' alt='Sebar   2' \/><\/a><a class='thumbnail gallery p-1 w-1\/2 md:w-1\/4' href='https:\/\/radiolifefm.com.br\/noticias\/wp-content\/uploads\/2020\/01\/Sebar-3-3-scaled.jpg'><img class='border border-white' src='https:\/\/radiolifefm.com.br\/noticias\/wp-content\/uploads\/2020\/01\/Sebar-3-3-200x200.jpg' alt='Sebar   3' \/><\/a><a class='thumbnail gallery p-1 w-1\/2 md:w-1\/4' href='https:\/\/radiolifefm.com.br\/noticias\/wp-content\/uploads\/2020\/01\/Sebar-4-2-scaled.jpg'><img class='border border-white' src='https:\/\/radiolifefm.com.br\/noticias\/wp-content\/uploads\/2020\/01\/Sebar-4-2-200x200.jpg' alt='Sebar   4' \/><\/a><\/div>\n<p>____________________________<br \/>\n(*) Jornalista Diplomado, professor universit\u00e1rio e Consultor na \u00c1rea da Comunica\u00e7\u00e3o Organizacional. Desenvolveu atividades acad\u00eamicas como Pesquisador-colaborador da C\u00e1tedra UNESCO\/METODISTA de Comunica\u00e7\u00e3o para o Desenvolvimento Regional (1998-2018).<\/p>\n","protected":false},"excerpt":{"rendered":"<p>GEST\u00c3O EM COMUNICA\u00c7\u00c3O ORGANIZACIONAL \u2013 Parte 1. \u201cPara que todos os colaboradores estejam cientes das diretrizes da empresa, falando a mesma linguagem, com foco na comunica\u00e7\u00e3o do que a empresa faz, dos diferenciais dos produtos\/servi\u00e7os perante o mercado, planejaremos a comunica\u00e7\u00e3o interna e treinamentos correspondentes.\u201d (Zuleica Klauck) S\u00e9rgio Barbosa (*) Ap\u00f3s a d\u00e9cada de setenta [&hellip;]<\/p>\n","protected":false},"author":3,"featured_media":19909,"comment_status":"closed","ping_status":"open","sticky":false,"template":"","format":"standard","meta":{"_acf_changed":false,"_exactmetrics_skip_tracking":false,"_exactmetrics_sitenote_active":false,"_exactmetrics_sitenote_note":"","_exactmetrics_sitenote_category":0,"footnotes":""},"categories":[59],"tags":[],"class_list":["post-19908","post","type-post","status-publish","format-standard","has-post-thumbnail","hentry","category-opiniao"],"acf":[],"yoast_head":"<!-- This site is optimized with the Yoast SEO plugin v27.2 - https:\/\/yoast.com\/product\/yoast-seo-wordpress\/ -->\n<title>GEST\u00c3O EM COMUNICA\u00c7\u00c3O ORGANIZACIONAL \u2013 Parte 1. - S\u00e9rgio Barbosa - Opini\u00e3o - R\u00e1dio Life FM<\/title>\n<meta name=\"robots\" content=\"index, follow, max-snippet:-1, max-image-preview:large, max-video-preview:-1\" \/>\n<link rel=\"canonical\" href=\"https:\/\/radiolifefm.com.br\/noticias\/gestao-em-comunicacao-organizacional-parte-1-sergio-barbosa-opiniao\/\" \/>\n<meta property=\"og:locale\" content=\"pt_BR\" \/>\n<meta property=\"og:type\" content=\"article\" \/>\n<meta property=\"og:title\" content=\"GEST\u00c3O EM COMUNICA\u00c7\u00c3O ORGANIZACIONAL \u2013 Parte 1. - S\u00e9rgio Barbosa - Opini\u00e3o - R\u00e1dio Life FM\" \/>\n<meta property=\"og:description\" content=\"GEST\u00c3O EM COMUNICA\u00c7\u00c3O ORGANIZACIONAL \u2013 Parte 1. \u201cPara que todos os colaboradores estejam cientes das diretrizes da empresa, falando a mesma linguagem, com foco na comunica\u00e7\u00e3o do que a empresa faz, dos diferenciais dos produtos\/servi\u00e7os perante o mercado, planejaremos a comunica\u00e7\u00e3o interna e treinamentos correspondentes.\u201d (Zuleica Klauck) S\u00e9rgio Barbosa (*) Ap\u00f3s a d\u00e9cada de setenta [&hellip;]\" \/>\n<meta property=\"og:url\" content=\"https:\/\/radiolifefm.com.br\/noticias\/gestao-em-comunicacao-organizacional-parte-1-sergio-barbosa-opiniao\/\" \/>\n<meta property=\"og:site_name\" content=\"R\u00e1dio Life FM\" \/>\n<meta property=\"article:publisher\" content=\"https:\/\/www.facebook.com\/radiolifefm\/\" \/>\n<meta property=\"article:published_time\" content=\"2020-01-29T12:07:11+00:00\" \/>\n<meta property=\"article:modified_time\" content=\"2026-04-24T03:24:34+00:00\" \/>\n<meta property=\"og:image\" content=\"https:\/\/radiolifefm.com.br\/noticias\/wp-content\/uploads\/2020\/01\/Sebar-6-scaled.jpg\" \/>\n\t<meta property=\"og:image:width\" content=\"2560\" \/>\n\t<meta property=\"og:image:height\" content=\"1920\" \/>\n\t<meta property=\"og:image:type\" content=\"image\/jpeg\" \/>\n<meta name=\"author\" content=\"lifefm\" \/>\n<meta name=\"twitter:card\" content=\"summary_large_image\" \/>\n<meta name=\"twitter:label1\" content=\"Escrito por\" \/>\n\t<meta name=\"twitter:data1\" content=\"lifefm\" \/>\n\t<meta name=\"twitter:label2\" content=\"Est. tempo de leitura\" \/>\n\t<meta name=\"twitter:data2\" content=\"3 minutos\" \/>\n<script type=\"application\/ld+json\" class=\"yoast-schema-graph\">{\"@context\":\"https:\/\/schema.org\",\"@graph\":[{\"@type\":\"Article\",\"@id\":\"https:\/\/radiolifefm.com.br\/noticias\/gestao-em-comunicacao-organizacional-parte-1-sergio-barbosa-opiniao\/#article\",\"isPartOf\":{\"@id\":\"https:\/\/radiolifefm.com.br\/noticias\/gestao-em-comunicacao-organizacional-parte-1-sergio-barbosa-opiniao\/\"},\"author\":{\"name\":\"lifefm\",\"@id\":\"https:\/\/radiolifefm.com.br\/noticias\/#\/schema\/person\/1d4e4b1301322090c6221bf1c8420490\"},\"headline\":\"GEST\u00c3O EM COMUNICA\u00c7\u00c3O ORGANIZACIONAL \u2013 Parte 1. &#8211; S\u00e9rgio Barbosa &#8211; Opini\u00e3o\",\"datePublished\":\"2020-01-29T12:07:11+00:00\",\"dateModified\":\"2026-04-24T03:24:34+00:00\",\"mainEntityOfPage\":{\"@id\":\"https:\/\/radiolifefm.com.br\/noticias\/gestao-em-comunicacao-organizacional-parte-1-sergio-barbosa-opiniao\/\"},\"wordCount\":552,\"publisher\":{\"@id\":\"https:\/\/radiolifefm.com.br\/noticias\/#organization\"},\"image\":{\"@id\":\"https:\/\/radiolifefm.com.br\/noticias\/gestao-em-comunicacao-organizacional-parte-1-sergio-barbosa-opiniao\/#primaryimage\"},\"thumbnailUrl\":\"https:\/\/radiolifefm.com.br\/noticias\/wp-content\/uploads\/2020\/01\/Sebar-6-scaled.jpg\",\"articleSection\":[\"Opini\u00e3o\"],\"inLanguage\":\"pt-BR\"},{\"@type\":\"WebPage\",\"@id\":\"https:\/\/radiolifefm.com.br\/noticias\/gestao-em-comunicacao-organizacional-parte-1-sergio-barbosa-opiniao\/\",\"url\":\"https:\/\/radiolifefm.com.br\/noticias\/gestao-em-comunicacao-organizacional-parte-1-sergio-barbosa-opiniao\/\",\"name\":\"GEST\u00c3O EM COMUNICA\u00c7\u00c3O ORGANIZACIONAL \u2013 Parte 1. - S\u00e9rgio Barbosa - Opini\u00e3o - R\u00e1dio Life FM\",\"isPartOf\":{\"@id\":\"https:\/\/radiolifefm.com.br\/noticias\/#website\"},\"primaryImageOfPage\":{\"@id\":\"https:\/\/radiolifefm.com.br\/noticias\/gestao-em-comunicacao-organizacional-parte-1-sergio-barbosa-opiniao\/#primaryimage\"},\"image\":{\"@id\":\"https:\/\/radiolifefm.com.br\/noticias\/gestao-em-comunicacao-organizacional-parte-1-sergio-barbosa-opiniao\/#primaryimage\"},\"thumbnailUrl\":\"https:\/\/radiolifefm.com.br\/noticias\/wp-content\/uploads\/2020\/01\/Sebar-6-scaled.jpg\",\"datePublished\":\"2020-01-29T12:07:11+00:00\",\"dateModified\":\"2026-04-24T03:24:34+00:00\",\"breadcrumb\":{\"@id\":\"https:\/\/radiolifefm.com.br\/noticias\/gestao-em-comunicacao-organizacional-parte-1-sergio-barbosa-opiniao\/#breadcrumb\"},\"inLanguage\":\"pt-BR\",\"potentialAction\":[{\"@type\":\"ReadAction\",\"target\":[\"https:\/\/radiolifefm.com.br\/noticias\/gestao-em-comunicacao-organizacional-parte-1-sergio-barbosa-opiniao\/\"]}]},{\"@type\":\"ImageObject\",\"inLanguage\":\"pt-BR\",\"@id\":\"https:\/\/radiolifefm.com.br\/noticias\/gestao-em-comunicacao-organizacional-parte-1-sergio-barbosa-opiniao\/#primaryimage\",\"url\":\"https:\/\/radiolifefm.com.br\/noticias\/wp-content\/uploads\/2020\/01\/Sebar-6-scaled.jpg\",\"contentUrl\":\"https:\/\/radiolifefm.com.br\/noticias\/wp-content\/uploads\/2020\/01\/Sebar-6-scaled.jpg\",\"width\":2560,\"height\":1920},{\"@type\":\"BreadcrumbList\",\"@id\":\"https:\/\/radiolifefm.com.br\/noticias\/gestao-em-comunicacao-organizacional-parte-1-sergio-barbosa-opiniao\/#breadcrumb\",\"itemListElement\":[{\"@type\":\"ListItem\",\"position\":1,\"name\":\"In\u00edcio\",\"item\":\"https:\/\/radiolifefm.com.br\/noticias\/\"},{\"@type\":\"ListItem\",\"position\":2,\"name\":\"GEST\u00c3O EM COMUNICA\u00c7\u00c3O ORGANIZACIONAL \u2013 Parte 1. &#8211; S\u00e9rgio Barbosa &#8211; Opini\u00e3o\"}]},{\"@type\":\"WebSite\",\"@id\":\"https:\/\/radiolifefm.com.br\/noticias\/#website\",\"url\":\"https:\/\/radiolifefm.com.br\/noticias\/\",\"name\":\"R\u00e1dio Life FM\",\"description\":\"O Portal de Not\u00edcias de Adamantina\",\"publisher\":{\"@id\":\"https:\/\/radiolifefm.com.br\/noticias\/#organization\"},\"alternateName\":\"Life FM\",\"potentialAction\":[{\"@type\":\"SearchAction\",\"target\":{\"@type\":\"EntryPoint\",\"urlTemplate\":\"https:\/\/radiolifefm.com.br\/noticias\/?s={search_term_string}\"},\"query-input\":{\"@type\":\"PropertyValueSpecification\",\"valueRequired\":true,\"valueName\":\"search_term_string\"}}],\"inLanguage\":\"pt-BR\"},{\"@type\":\"Organization\",\"@id\":\"https:\/\/radiolifefm.com.br\/noticias\/#organization\",\"name\":\"R\u00e1dio Life FM\",\"alternateName\":\"Life FM\",\"url\":\"https:\/\/radiolifefm.com.br\/noticias\/\",\"logo\":{\"@type\":\"ImageObject\",\"inLanguage\":\"pt-BR\",\"@id\":\"https:\/\/radiolifefm.com.br\/noticias\/#\/schema\/logo\/image\/\",\"url\":\"https:\/\/static.radiolifefm.com.br\/noticias\/wp-content\/uploads\/2019\/10\/logo-lifefm.png\",\"contentUrl\":\"https:\/\/static.radiolifefm.com.br\/noticias\/wp-content\/uploads\/2019\/10\/logo-lifefm.png\",\"width\":196,\"height\":47,\"caption\":\"R\u00e1dio Life FM\"},\"image\":{\"@id\":\"https:\/\/radiolifefm.com.br\/noticias\/#\/schema\/logo\/image\/\"},\"sameAs\":[\"https:\/\/www.facebook.com\/radiolifefm\/\",\"https:\/\/www.instagram.com\/life1079fm\/\"]},{\"@type\":\"Person\",\"@id\":\"https:\/\/radiolifefm.com.br\/noticias\/#\/schema\/person\/1d4e4b1301322090c6221bf1c8420490\",\"name\":\"lifefm\",\"image\":{\"@type\":\"ImageObject\",\"inLanguage\":\"pt-BR\",\"@id\":\"https:\/\/secure.gravatar.com\/avatar\/eca268467d925ec97d20641bb054fd944c0abb2f92854171620706bbe6474e7c?s=96&d=mm&r=g\",\"url\":\"https:\/\/secure.gravatar.com\/avatar\/eca268467d925ec97d20641bb054fd944c0abb2f92854171620706bbe6474e7c?s=96&d=mm&r=g\",\"contentUrl\":\"https:\/\/secure.gravatar.com\/avatar\/eca268467d925ec97d20641bb054fd944c0abb2f92854171620706bbe6474e7c?s=96&d=mm&r=g\",\"caption\":\"lifefm\"}}]}<\/script>\n<!-- \/ Yoast SEO plugin. -->","yoast_head_json":{"title":"GEST\u00c3O EM COMUNICA\u00c7\u00c3O ORGANIZACIONAL \u2013 Parte 1. - S\u00e9rgio Barbosa - Opini\u00e3o - R\u00e1dio Life FM","robots":{"index":"index","follow":"follow","max-snippet":"max-snippet:-1","max-image-preview":"max-image-preview:large","max-video-preview":"max-video-preview:-1"},"canonical":"https:\/\/radiolifefm.com.br\/noticias\/gestao-em-comunicacao-organizacional-parte-1-sergio-barbosa-opiniao\/","og_locale":"pt_BR","og_type":"article","og_title":"GEST\u00c3O EM COMUNICA\u00c7\u00c3O ORGANIZACIONAL \u2013 Parte 1. - S\u00e9rgio Barbosa - Opini\u00e3o - R\u00e1dio Life FM","og_description":"GEST\u00c3O EM COMUNICA\u00c7\u00c3O ORGANIZACIONAL \u2013 Parte 1. \u201cPara que todos os colaboradores estejam cientes das diretrizes da empresa, falando a mesma linguagem, com foco na comunica\u00e7\u00e3o do que a empresa faz, dos diferenciais dos produtos\/servi\u00e7os perante o mercado, planejaremos a comunica\u00e7\u00e3o interna e treinamentos correspondentes.\u201d (Zuleica Klauck) S\u00e9rgio Barbosa (*) Ap\u00f3s a d\u00e9cada de setenta [&hellip;]","og_url":"https:\/\/radiolifefm.com.br\/noticias\/gestao-em-comunicacao-organizacional-parte-1-sergio-barbosa-opiniao\/","og_site_name":"R\u00e1dio Life FM","article_publisher":"https:\/\/www.facebook.com\/radiolifefm\/","article_published_time":"2020-01-29T12:07:11+00:00","article_modified_time":"2026-04-24T03:24:34+00:00","og_image":[{"width":2560,"height":1920,"url":"https:\/\/radiolifefm.com.br\/noticias\/wp-content\/uploads\/2020\/01\/Sebar-6-scaled.jpg","type":"image\/jpeg"}],"author":"lifefm","twitter_card":"summary_large_image","twitter_misc":{"Escrito por":"lifefm","Est. tempo de leitura":"3 minutos"},"schema":{"@context":"https:\/\/schema.org","@graph":[{"@type":"Article","@id":"https:\/\/radiolifefm.com.br\/noticias\/gestao-em-comunicacao-organizacional-parte-1-sergio-barbosa-opiniao\/#article","isPartOf":{"@id":"https:\/\/radiolifefm.com.br\/noticias\/gestao-em-comunicacao-organizacional-parte-1-sergio-barbosa-opiniao\/"},"author":{"name":"lifefm","@id":"https:\/\/radiolifefm.com.br\/noticias\/#\/schema\/person\/1d4e4b1301322090c6221bf1c8420490"},"headline":"GEST\u00c3O EM COMUNICA\u00c7\u00c3O ORGANIZACIONAL \u2013 Parte 1. &#8211; S\u00e9rgio Barbosa &#8211; Opini\u00e3o","datePublished":"2020-01-29T12:07:11+00:00","dateModified":"2026-04-24T03:24:34+00:00","mainEntityOfPage":{"@id":"https:\/\/radiolifefm.com.br\/noticias\/gestao-em-comunicacao-organizacional-parte-1-sergio-barbosa-opiniao\/"},"wordCount":552,"publisher":{"@id":"https:\/\/radiolifefm.com.br\/noticias\/#organization"},"image":{"@id":"https:\/\/radiolifefm.com.br\/noticias\/gestao-em-comunicacao-organizacional-parte-1-sergio-barbosa-opiniao\/#primaryimage"},"thumbnailUrl":"https:\/\/radiolifefm.com.br\/noticias\/wp-content\/uploads\/2020\/01\/Sebar-6-scaled.jpg","articleSection":["Opini\u00e3o"],"inLanguage":"pt-BR"},{"@type":"WebPage","@id":"https:\/\/radiolifefm.com.br\/noticias\/gestao-em-comunicacao-organizacional-parte-1-sergio-barbosa-opiniao\/","url":"https:\/\/radiolifefm.com.br\/noticias\/gestao-em-comunicacao-organizacional-parte-1-sergio-barbosa-opiniao\/","name":"GEST\u00c3O EM COMUNICA\u00c7\u00c3O ORGANIZACIONAL \u2013 Parte 1. - S\u00e9rgio Barbosa - Opini\u00e3o - R\u00e1dio Life FM","isPartOf":{"@id":"https:\/\/radiolifefm.com.br\/noticias\/#website"},"primaryImageOfPage":{"@id":"https:\/\/radiolifefm.com.br\/noticias\/gestao-em-comunicacao-organizacional-parte-1-sergio-barbosa-opiniao\/#primaryimage"},"image":{"@id":"https:\/\/radiolifefm.com.br\/noticias\/gestao-em-comunicacao-organizacional-parte-1-sergio-barbosa-opiniao\/#primaryimage"},"thumbnailUrl":"https:\/\/radiolifefm.com.br\/noticias\/wp-content\/uploads\/2020\/01\/Sebar-6-scaled.jpg","datePublished":"2020-01-29T12:07:11+00:00","dateModified":"2026-04-24T03:24:34+00:00","breadcrumb":{"@id":"https:\/\/radiolifefm.com.br\/noticias\/gestao-em-comunicacao-organizacional-parte-1-sergio-barbosa-opiniao\/#breadcrumb"},"inLanguage":"pt-BR","potentialAction":[{"@type":"ReadAction","target":["https:\/\/radiolifefm.com.br\/noticias\/gestao-em-comunicacao-organizacional-parte-1-sergio-barbosa-opiniao\/"]}]},{"@type":"ImageObject","inLanguage":"pt-BR","@id":"https:\/\/radiolifefm.com.br\/noticias\/gestao-em-comunicacao-organizacional-parte-1-sergio-barbosa-opiniao\/#primaryimage","url":"https:\/\/radiolifefm.com.br\/noticias\/wp-content\/uploads\/2020\/01\/Sebar-6-scaled.jpg","contentUrl":"https:\/\/radiolifefm.com.br\/noticias\/wp-content\/uploads\/2020\/01\/Sebar-6-scaled.jpg","width":2560,"height":1920},{"@type":"BreadcrumbList","@id":"https:\/\/radiolifefm.com.br\/noticias\/gestao-em-comunicacao-organizacional-parte-1-sergio-barbosa-opiniao\/#breadcrumb","itemListElement":[{"@type":"ListItem","position":1,"name":"In\u00edcio","item":"https:\/\/radiolifefm.com.br\/noticias\/"},{"@type":"ListItem","position":2,"name":"GEST\u00c3O EM COMUNICA\u00c7\u00c3O ORGANIZACIONAL \u2013 Parte 1. &#8211; S\u00e9rgio Barbosa &#8211; Opini\u00e3o"}]},{"@type":"WebSite","@id":"https:\/\/radiolifefm.com.br\/noticias\/#website","url":"https:\/\/radiolifefm.com.br\/noticias\/","name":"R\u00e1dio Life FM","description":"O Portal de Not\u00edcias de Adamantina","publisher":{"@id":"https:\/\/radiolifefm.com.br\/noticias\/#organization"},"alternateName":"Life FM","potentialAction":[{"@type":"SearchAction","target":{"@type":"EntryPoint","urlTemplate":"https:\/\/radiolifefm.com.br\/noticias\/?s={search_term_string}"},"query-input":{"@type":"PropertyValueSpecification","valueRequired":true,"valueName":"search_term_string"}}],"inLanguage":"pt-BR"},{"@type":"Organization","@id":"https:\/\/radiolifefm.com.br\/noticias\/#organization","name":"R\u00e1dio Life FM","alternateName":"Life FM","url":"https:\/\/radiolifefm.com.br\/noticias\/","logo":{"@type":"ImageObject","inLanguage":"pt-BR","@id":"https:\/\/radiolifefm.com.br\/noticias\/#\/schema\/logo\/image\/","url":"https:\/\/static.radiolifefm.com.br\/noticias\/wp-content\/uploads\/2019\/10\/logo-lifefm.png","contentUrl":"https:\/\/static.radiolifefm.com.br\/noticias\/wp-content\/uploads\/2019\/10\/logo-lifefm.png","width":196,"height":47,"caption":"R\u00e1dio Life FM"},"image":{"@id":"https:\/\/radiolifefm.com.br\/noticias\/#\/schema\/logo\/image\/"},"sameAs":["https:\/\/www.facebook.com\/radiolifefm\/","https:\/\/www.instagram.com\/life1079fm\/"]},{"@type":"Person","@id":"https:\/\/radiolifefm.com.br\/noticias\/#\/schema\/person\/1d4e4b1301322090c6221bf1c8420490","name":"lifefm","image":{"@type":"ImageObject","inLanguage":"pt-BR","@id":"https:\/\/secure.gravatar.com\/avatar\/eca268467d925ec97d20641bb054fd944c0abb2f92854171620706bbe6474e7c?s=96&d=mm&r=g","url":"https:\/\/secure.gravatar.com\/avatar\/eca268467d925ec97d20641bb054fd944c0abb2f92854171620706bbe6474e7c?s=96&d=mm&r=g","contentUrl":"https:\/\/secure.gravatar.com\/avatar\/eca268467d925ec97d20641bb054fd944c0abb2f92854171620706bbe6474e7c?s=96&d=mm&r=g","caption":"lifefm"}}]}},"amp_enabled":true,"_links":{"self":[{"href":"https:\/\/radiolifefm.com.br\/noticias\/wp-json\/wp\/v2\/posts\/19908","targetHints":{"allow":["GET"]}}],"collection":[{"href":"https:\/\/radiolifefm.com.br\/noticias\/wp-json\/wp\/v2\/posts"}],"about":[{"href":"https:\/\/radiolifefm.com.br\/noticias\/wp-json\/wp\/v2\/types\/post"}],"author":[{"embeddable":true,"href":"https:\/\/radiolifefm.com.br\/noticias\/wp-json\/wp\/v2\/users\/3"}],"replies":[{"embeddable":true,"href":"https:\/\/radiolifefm.com.br\/noticias\/wp-json\/wp\/v2\/comments?post=19908"}],"version-history":[{"count":1,"href":"https:\/\/radiolifefm.com.br\/noticias\/wp-json\/wp\/v2\/posts\/19908\/revisions"}],"predecessor-version":[{"id":19914,"href":"https:\/\/radiolifefm.com.br\/noticias\/wp-json\/wp\/v2\/posts\/19908\/revisions\/19914"}],"wp:featuredmedia":[{"embeddable":true,"href":"https:\/\/radiolifefm.com.br\/noticias\/wp-json\/wp\/v2\/media\/19909"}],"wp:attachment":[{"href":"https:\/\/radiolifefm.com.br\/noticias\/wp-json\/wp\/v2\/media?parent=19908"}],"wp:term":[{"taxonomy":"category","embeddable":true,"href":"https:\/\/radiolifefm.com.br\/noticias\/wp-json\/wp\/v2\/categories?post=19908"},{"taxonomy":"post_tag","embeddable":true,"href":"https:\/\/radiolifefm.com.br\/noticias\/wp-json\/wp\/v2\/tags?post=19908"}],"curies":[{"name":"wp","href":"https:\/\/api.w.org\/{rel}","templated":true}]}}