{"id":19880,"date":"2020-01-28T08:07:21","date_gmt":"2020-01-28T11:07:21","guid":{"rendered":"https:\/\/radiolifefm.com.br\/noticias\/?p=19880"},"modified":"2026-04-22T17:38:30","modified_gmt":"2026-04-22T20:38:30","slug":"acidente-de-transito-deixa-uma-pessoa-morta-e-tres-feridas-em-alvares-machado","status":"publish","type":"post","link":"https:\/\/radiolifefm.com.br\/noticias\/acidente-de-transito-deixa-uma-pessoa-morta-e-tres-feridas-em-alvares-machado\/","title":{"rendered":"Acidente de Tr\u00e2nsito deixa uma pessoa morta e tr\u00eas feridas em \u00c1lvares Machado"},"content":{"rendered":"<div id=\"fb-root\"><\/div>\n<p><em>Ocorr\u00eancia registrada pela SP 501 \u2013 Rodovia Julio Budiski, em Alvares Machado\/SP.<\/em><\/p>\n<p>O Policiamento Rodovi\u00e1rio atendeu no final da tarde desta segunda-feira (27), uma ocorr\u00eancia de acidente de tr\u00e2nsito, uma colis\u00e3o frontal, que infelizmente resultou em uma v\u00edtima fatal.<\/p>\n<p>Os ve\u00edculos envolvidos, um VW\/Saveiro de Jaci\/SP e uma Caminhonete, GM\/S10 de Panorama\/SP.<\/p>\n<p>As v\u00edtimas, o condutor da Saveiro, J.L.I.B., um homem de 33 anos, foi a v\u00edtima fatal e outras 03 (tr\u00eas) em estado grave, sendo uma passageira da Saveiro e os demais, o condutor de 38 anos e uma passageira da S10.<\/p>\n<p>O local sofreu moment\u00e2nea interdi\u00e7\u00e3o, para fins de socorro e aguardo da equipe de Pol\u00edcia T\u00e9cnico-Cient\u00edfica.<\/p>\n<p>As v\u00edtimas foram socorridas pelo Corpo de Bombeiros ao Hospital Regional de Presidente Prudente\/SP.<\/p>\n<p>Atenderam a ocorr\u00eancia no local, a Pol\u00edcia Rodovi\u00e1ria, o Corpo de Bombeiros e equipes do DER.<\/p>\n<p><img loading=\"lazy\" decoding=\"async\" class=\"alignnone size-medium wp-image-19881\" src=\"https:\/\/radiolifefm.com.br\/noticias\/wp-content\/uploads\/sites\/2\/2020\/01\/Saveiro-300x225.jpg\" alt=\"\" width=\"300\" height=\"225\" srcset=\"https:\/\/radiolifefm.com.br\/noticias\/wp-content\/uploads\/2020\/01\/Saveiro-300x225.jpg 300w, https:\/\/radiolifefm.com.br\/noticias\/wp-content\/uploads\/2020\/01\/Saveiro-1024x768.jpg 1024w, https:\/\/radiolifefm.com.br\/noticias\/wp-content\/uploads\/2020\/01\/Saveiro-768x576.jpg 768w, https:\/\/radiolifefm.com.br\/noticias\/wp-content\/uploads\/2020\/01\/Saveiro.jpg 1280w\" sizes=\"auto, (max-width: 300px) 100vw, 300px\" \/><\/p>\n<p>Informa\u00e7\u00f5es &#8211; Pol\u00edcia Rodovi\u00e1ria<\/p>\n","protected":false},"excerpt":{"rendered":"<p>Ocorr\u00eancia registrada pela SP 501 \u2013 Rodovia Julio Budiski, em Alvares Machado\/SP. O Policiamento Rodovi\u00e1rio atendeu no final da tarde desta segunda-feira (27), uma ocorr\u00eancia de acidente de tr\u00e2nsito, uma colis\u00e3o frontal, que infelizmente resultou em uma v\u00edtima fatal. Os ve\u00edculos envolvidos, um VW\/Saveiro de Jaci\/SP e uma Caminhonete, GM\/S10 de Panorama\/SP. As v\u00edtimas, o [&hellip;]<\/p>\n","protected":false},"author":3,"featured_media":19882,"comment_status":"closed","ping_status":"open","sticky":false,"template":"","format":"standard","meta":{"_acf_changed":false,"_exactmetrics_skip_tracking":false,"_exactmetrics_sitenote_active":false,"_exactmetrics_sitenote_note":"","_exactmetrics_sitenote_category":0,"footnotes":""},"categories":[24],"tags":[],"class_list":["post-19880","post","type-post","status-publish","format-standard","has-post-thumbnail","hentry","category-regiao"],"acf":[],"yoast_head":"<!-- This site is optimized with the Yoast SEO plugin v27.2 - https:\/\/yoast.com\/product\/yoast-seo-wordpress\/ -->\n<title>Acidente de Tr\u00e2nsito deixa uma pessoa morta e tr\u00eas feridas em \u00c1lvares Machado - R\u00e1dio Life FM<\/title>\n<meta name=\"robots\" content=\"index, follow, max-snippet:-1, max-image-preview:large, max-video-preview:-1\" \/>\n<link rel=\"canonical\" href=\"https:\/\/radiolifefm.com.br\/noticias\/acidente-de-transito-deixa-uma-pessoa-morta-e-tres-feridas-em-alvares-machado\/\" \/>\n<meta property=\"og:locale\" content=\"pt_BR\" \/>\n<meta property=\"og:type\" content=\"article\" \/>\n<meta property=\"og:title\" content=\"Acidente de Tr\u00e2nsito deixa uma pessoa morta e tr\u00eas feridas em \u00c1lvares Machado - R\u00e1dio Life FM\" \/>\n<meta property=\"og:description\" content=\"Ocorr\u00eancia registrada pela SP 501 \u2013 Rodovia Julio Budiski, em Alvares Machado\/SP. O Policiamento Rodovi\u00e1rio atendeu no final da tarde desta segunda-feira (27), uma ocorr\u00eancia de acidente de tr\u00e2nsito, uma colis\u00e3o frontal, que infelizmente resultou em uma v\u00edtima fatal. Os ve\u00edculos envolvidos, um VW\/Saveiro de Jaci\/SP e uma Caminhonete, GM\/S10 de Panorama\/SP. As v\u00edtimas, o [&hellip;]\" \/>\n<meta property=\"og:url\" content=\"https:\/\/radiolifefm.com.br\/noticias\/acidente-de-transito-deixa-uma-pessoa-morta-e-tres-feridas-em-alvares-machado\/\" \/>\n<meta property=\"og:site_name\" content=\"R\u00e1dio Life FM\" \/>\n<meta property=\"article:publisher\" content=\"https:\/\/www.facebook.com\/radiolifefm\/\" \/>\n<meta property=\"article:published_time\" content=\"2020-01-28T11:07:21+00:00\" \/>\n<meta property=\"article:modified_time\" content=\"2026-04-22T20:38:30+00:00\" \/>\n<meta property=\"og:image\" content=\"https:\/\/radiolifefm.com.br\/noticias\/wp-content\/uploads\/2020\/01\/Saveiro-1.jpg\" \/>\n\t<meta property=\"og:image:width\" content=\"1280\" \/>\n\t<meta property=\"og:image:height\" content=\"629\" \/>\n\t<meta property=\"og:image:type\" content=\"image\/jpeg\" \/>\n<meta name=\"author\" content=\"lifefm\" \/>\n<meta name=\"twitter:card\" content=\"summary_large_image\" \/>\n<meta name=\"twitter:label1\" content=\"Escrito por\" \/>\n\t<meta name=\"twitter:data1\" content=\"lifefm\" \/>\n\t<meta name=\"twitter:label2\" content=\"Est. tempo de leitura\" \/>\n\t<meta name=\"twitter:data2\" content=\"1 minuto\" \/>\n<script type=\"application\/ld+json\" class=\"yoast-schema-graph\">{\"@context\":\"https:\/\/schema.org\",\"@graph\":[{\"@type\":\"Article\",\"@id\":\"https:\/\/radiolifefm.com.br\/noticias\/acidente-de-transito-deixa-uma-pessoa-morta-e-tres-feridas-em-alvares-machado\/#article\",\"isPartOf\":{\"@id\":\"https:\/\/radiolifefm.com.br\/noticias\/acidente-de-transito-deixa-uma-pessoa-morta-e-tres-feridas-em-alvares-machado\/\"},\"author\":{\"name\":\"lifefm\",\"@id\":\"https:\/\/radiolifefm.com.br\/noticias\/#\/schema\/person\/1d4e4b1301322090c6221bf1c8420490\"},\"headline\":\"Acidente de Tr\u00e2nsito deixa uma pessoa morta e tr\u00eas feridas em \u00c1lvares Machado\",\"datePublished\":\"2020-01-28T11:07:21+00:00\",\"dateModified\":\"2026-04-22T20:38:30+00:00\",\"mainEntityOfPage\":{\"@id\":\"https:\/\/radiolifefm.com.br\/noticias\/acidente-de-transito-deixa-uma-pessoa-morta-e-tres-feridas-em-alvares-machado\/\"},\"wordCount\":183,\"publisher\":{\"@id\":\"https:\/\/radiolifefm.com.br\/noticias\/#organization\"},\"image\":{\"@id\":\"https:\/\/radiolifefm.com.br\/noticias\/acidente-de-transito-deixa-uma-pessoa-morta-e-tres-feridas-em-alvares-machado\/#primaryimage\"},\"thumbnailUrl\":\"https:\/\/radiolifefm.com.br\/noticias\/wp-content\/uploads\/2020\/01\/Saveiro-1.jpg\",\"articleSection\":[\"Regi\u00e3o\"],\"inLanguage\":\"pt-BR\"},{\"@type\":\"WebPage\",\"@id\":\"https:\/\/radiolifefm.com.br\/noticias\/acidente-de-transito-deixa-uma-pessoa-morta-e-tres-feridas-em-alvares-machado\/\",\"url\":\"https:\/\/radiolifefm.com.br\/noticias\/acidente-de-transito-deixa-uma-pessoa-morta-e-tres-feridas-em-alvares-machado\/\",\"name\":\"Acidente de Tr\u00e2nsito deixa uma pessoa morta e tr\u00eas feridas em \u00c1lvares Machado - R\u00e1dio Life FM\",\"isPartOf\":{\"@id\":\"https:\/\/radiolifefm.com.br\/noticias\/#website\"},\"primaryImageOfPage\":{\"@id\":\"https:\/\/radiolifefm.com.br\/noticias\/acidente-de-transito-deixa-uma-pessoa-morta-e-tres-feridas-em-alvares-machado\/#primaryimage\"},\"image\":{\"@id\":\"https:\/\/radiolifefm.com.br\/noticias\/acidente-de-transito-deixa-uma-pessoa-morta-e-tres-feridas-em-alvares-machado\/#primaryimage\"},\"thumbnailUrl\":\"https:\/\/radiolifefm.com.br\/noticias\/wp-content\/uploads\/2020\/01\/Saveiro-1.jpg\",\"datePublished\":\"2020-01-28T11:07:21+00:00\",\"dateModified\":\"2026-04-22T20:38:30+00:00\",\"breadcrumb\":{\"@id\":\"https:\/\/radiolifefm.com.br\/noticias\/acidente-de-transito-deixa-uma-pessoa-morta-e-tres-feridas-em-alvares-machado\/#breadcrumb\"},\"inLanguage\":\"pt-BR\",\"potentialAction\":[{\"@type\":\"ReadAction\",\"target\":[\"https:\/\/radiolifefm.com.br\/noticias\/acidente-de-transito-deixa-uma-pessoa-morta-e-tres-feridas-em-alvares-machado\/\"]}]},{\"@type\":\"ImageObject\",\"inLanguage\":\"pt-BR\",\"@id\":\"https:\/\/radiolifefm.com.br\/noticias\/acidente-de-transito-deixa-uma-pessoa-morta-e-tres-feridas-em-alvares-machado\/#primaryimage\",\"url\":\"https:\/\/radiolifefm.com.br\/noticias\/wp-content\/uploads\/2020\/01\/Saveiro-1.jpg\",\"contentUrl\":\"https:\/\/radiolifefm.com.br\/noticias\/wp-content\/uploads\/2020\/01\/Saveiro-1.jpg\",\"width\":1280,\"height\":629,\"caption\":\"Saveiro envolvido em acidente com v\u00edtima fatal em \u00c1lvares Machado - Fotos - Pol\u00edcia\/Cedida.\"},{\"@type\":\"BreadcrumbList\",\"@id\":\"https:\/\/radiolifefm.com.br\/noticias\/acidente-de-transito-deixa-uma-pessoa-morta-e-tres-feridas-em-alvares-machado\/#breadcrumb\",\"itemListElement\":[{\"@type\":\"ListItem\",\"position\":1,\"name\":\"In\u00edcio\",\"item\":\"https:\/\/radiolifefm.com.br\/noticias\/\"},{\"@type\":\"ListItem\",\"position\":2,\"name\":\"Acidente de Tr\u00e2nsito deixa uma pessoa morta e tr\u00eas feridas em \u00c1lvares Machado\"}]},{\"@type\":\"WebSite\",\"@id\":\"https:\/\/radiolifefm.com.br\/noticias\/#website\",\"url\":\"https:\/\/radiolifefm.com.br\/noticias\/\",\"name\":\"R\u00e1dio Life FM\",\"description\":\"O Portal de Not\u00edcias de Adamantina\",\"publisher\":{\"@id\":\"https:\/\/radiolifefm.com.br\/noticias\/#organization\"},\"alternateName\":\"Life FM\",\"potentialAction\":[{\"@type\":\"SearchAction\",\"target\":{\"@type\":\"EntryPoint\",\"urlTemplate\":\"https:\/\/radiolifefm.com.br\/noticias\/?s={search_term_string}\"},\"query-input\":{\"@type\":\"PropertyValueSpecification\",\"valueRequired\":true,\"valueName\":\"search_term_string\"}}],\"inLanguage\":\"pt-BR\"},{\"@type\":\"Organization\",\"@id\":\"https:\/\/radiolifefm.com.br\/noticias\/#organization\",\"name\":\"R\u00e1dio Life FM\",\"alternateName\":\"Life FM\",\"url\":\"https:\/\/radiolifefm.com.br\/noticias\/\",\"logo\":{\"@type\":\"ImageObject\",\"inLanguage\":\"pt-BR\",\"@id\":\"https:\/\/radiolifefm.com.br\/noticias\/#\/schema\/logo\/image\/\",\"url\":\"https:\/\/static.radiolifefm.com.br\/noticias\/wp-content\/uploads\/2019\/10\/logo-lifefm.png\",\"contentUrl\":\"https:\/\/static.radiolifefm.com.br\/noticias\/wp-content\/uploads\/2019\/10\/logo-lifefm.png\",\"width\":196,\"height\":47,\"caption\":\"R\u00e1dio Life FM\"},\"image\":{\"@id\":\"https:\/\/radiolifefm.com.br\/noticias\/#\/schema\/logo\/image\/\"},\"sameAs\":[\"https:\/\/www.facebook.com\/radiolifefm\/\",\"https:\/\/www.instagram.com\/life1079fm\/\"]},{\"@type\":\"Person\",\"@id\":\"https:\/\/radiolifefm.com.br\/noticias\/#\/schema\/person\/1d4e4b1301322090c6221bf1c8420490\",\"name\":\"lifefm\",\"image\":{\"@type\":\"ImageObject\",\"inLanguage\":\"pt-BR\",\"@id\":\"https:\/\/secure.gravatar.com\/avatar\/eca268467d925ec97d20641bb054fd944c0abb2f92854171620706bbe6474e7c?s=96&d=mm&r=g\",\"url\":\"https:\/\/secure.gravatar.com\/avatar\/eca268467d925ec97d20641bb054fd944c0abb2f92854171620706bbe6474e7c?s=96&d=mm&r=g\",\"contentUrl\":\"https:\/\/secure.gravatar.com\/avatar\/eca268467d925ec97d20641bb054fd944c0abb2f92854171620706bbe6474e7c?s=96&d=mm&r=g\",\"caption\":\"lifefm\"}}]}<\/script>\n<!-- \/ Yoast SEO plugin. -->","yoast_head_json":{"title":"Acidente de Tr\u00e2nsito deixa uma pessoa morta e tr\u00eas feridas em \u00c1lvares Machado - R\u00e1dio Life FM","robots":{"index":"index","follow":"follow","max-snippet":"max-snippet:-1","max-image-preview":"max-image-preview:large","max-video-preview":"max-video-preview:-1"},"canonical":"https:\/\/radiolifefm.com.br\/noticias\/acidente-de-transito-deixa-uma-pessoa-morta-e-tres-feridas-em-alvares-machado\/","og_locale":"pt_BR","og_type":"article","og_title":"Acidente de Tr\u00e2nsito deixa uma pessoa morta e tr\u00eas feridas em \u00c1lvares Machado - R\u00e1dio Life FM","og_description":"Ocorr\u00eancia registrada pela SP 501 \u2013 Rodovia Julio Budiski, em Alvares Machado\/SP. O Policiamento Rodovi\u00e1rio atendeu no final da tarde desta segunda-feira (27), uma ocorr\u00eancia de acidente de tr\u00e2nsito, uma colis\u00e3o frontal, que infelizmente resultou em uma v\u00edtima fatal. Os ve\u00edculos envolvidos, um VW\/Saveiro de Jaci\/SP e uma Caminhonete, GM\/S10 de Panorama\/SP. As v\u00edtimas, o [&hellip;]","og_url":"https:\/\/radiolifefm.com.br\/noticias\/acidente-de-transito-deixa-uma-pessoa-morta-e-tres-feridas-em-alvares-machado\/","og_site_name":"R\u00e1dio Life FM","article_publisher":"https:\/\/www.facebook.com\/radiolifefm\/","article_published_time":"2020-01-28T11:07:21+00:00","article_modified_time":"2026-04-22T20:38:30+00:00","og_image":[{"width":1280,"height":629,"url":"https:\/\/radiolifefm.com.br\/noticias\/wp-content\/uploads\/2020\/01\/Saveiro-1.jpg","type":"image\/jpeg"}],"author":"lifefm","twitter_card":"summary_large_image","twitter_misc":{"Escrito por":"lifefm","Est. tempo de leitura":"1 minuto"},"schema":{"@context":"https:\/\/schema.org","@graph":[{"@type":"Article","@id":"https:\/\/radiolifefm.com.br\/noticias\/acidente-de-transito-deixa-uma-pessoa-morta-e-tres-feridas-em-alvares-machado\/#article","isPartOf":{"@id":"https:\/\/radiolifefm.com.br\/noticias\/acidente-de-transito-deixa-uma-pessoa-morta-e-tres-feridas-em-alvares-machado\/"},"author":{"name":"lifefm","@id":"https:\/\/radiolifefm.com.br\/noticias\/#\/schema\/person\/1d4e4b1301322090c6221bf1c8420490"},"headline":"Acidente de Tr\u00e2nsito deixa uma pessoa morta e tr\u00eas feridas em \u00c1lvares Machado","datePublished":"2020-01-28T11:07:21+00:00","dateModified":"2026-04-22T20:38:30+00:00","mainEntityOfPage":{"@id":"https:\/\/radiolifefm.com.br\/noticias\/acidente-de-transito-deixa-uma-pessoa-morta-e-tres-feridas-em-alvares-machado\/"},"wordCount":183,"publisher":{"@id":"https:\/\/radiolifefm.com.br\/noticias\/#organization"},"image":{"@id":"https:\/\/radiolifefm.com.br\/noticias\/acidente-de-transito-deixa-uma-pessoa-morta-e-tres-feridas-em-alvares-machado\/#primaryimage"},"thumbnailUrl":"https:\/\/radiolifefm.com.br\/noticias\/wp-content\/uploads\/2020\/01\/Saveiro-1.jpg","articleSection":["Regi\u00e3o"],"inLanguage":"pt-BR"},{"@type":"WebPage","@id":"https:\/\/radiolifefm.com.br\/noticias\/acidente-de-transito-deixa-uma-pessoa-morta-e-tres-feridas-em-alvares-machado\/","url":"https:\/\/radiolifefm.com.br\/noticias\/acidente-de-transito-deixa-uma-pessoa-morta-e-tres-feridas-em-alvares-machado\/","name":"Acidente de Tr\u00e2nsito deixa uma pessoa morta e tr\u00eas feridas em \u00c1lvares Machado - R\u00e1dio Life FM","isPartOf":{"@id":"https:\/\/radiolifefm.com.br\/noticias\/#website"},"primaryImageOfPage":{"@id":"https:\/\/radiolifefm.com.br\/noticias\/acidente-de-transito-deixa-uma-pessoa-morta-e-tres-feridas-em-alvares-machado\/#primaryimage"},"image":{"@id":"https:\/\/radiolifefm.com.br\/noticias\/acidente-de-transito-deixa-uma-pessoa-morta-e-tres-feridas-em-alvares-machado\/#primaryimage"},"thumbnailUrl":"https:\/\/radiolifefm.com.br\/noticias\/wp-content\/uploads\/2020\/01\/Saveiro-1.jpg","datePublished":"2020-01-28T11:07:21+00:00","dateModified":"2026-04-22T20:38:30+00:00","breadcrumb":{"@id":"https:\/\/radiolifefm.com.br\/noticias\/acidente-de-transito-deixa-uma-pessoa-morta-e-tres-feridas-em-alvares-machado\/#breadcrumb"},"inLanguage":"pt-BR","potentialAction":[{"@type":"ReadAction","target":["https:\/\/radiolifefm.com.br\/noticias\/acidente-de-transito-deixa-uma-pessoa-morta-e-tres-feridas-em-alvares-machado\/"]}]},{"@type":"ImageObject","inLanguage":"pt-BR","@id":"https:\/\/radiolifefm.com.br\/noticias\/acidente-de-transito-deixa-uma-pessoa-morta-e-tres-feridas-em-alvares-machado\/#primaryimage","url":"https:\/\/radiolifefm.com.br\/noticias\/wp-content\/uploads\/2020\/01\/Saveiro-1.jpg","contentUrl":"https:\/\/radiolifefm.com.br\/noticias\/wp-content\/uploads\/2020\/01\/Saveiro-1.jpg","width":1280,"height":629,"caption":"Saveiro envolvido em acidente com v\u00edtima fatal em \u00c1lvares Machado - Fotos - Pol\u00edcia\/Cedida."},{"@type":"BreadcrumbList","@id":"https:\/\/radiolifefm.com.br\/noticias\/acidente-de-transito-deixa-uma-pessoa-morta-e-tres-feridas-em-alvares-machado\/#breadcrumb","itemListElement":[{"@type":"ListItem","position":1,"name":"In\u00edcio","item":"https:\/\/radiolifefm.com.br\/noticias\/"},{"@type":"ListItem","position":2,"name":"Acidente de Tr\u00e2nsito deixa uma pessoa morta e tr\u00eas feridas em \u00c1lvares Machado"}]},{"@type":"WebSite","@id":"https:\/\/radiolifefm.com.br\/noticias\/#website","url":"https:\/\/radiolifefm.com.br\/noticias\/","name":"R\u00e1dio Life FM","description":"O Portal de Not\u00edcias de Adamantina","publisher":{"@id":"https:\/\/radiolifefm.com.br\/noticias\/#organization"},"alternateName":"Life FM","potentialAction":[{"@type":"SearchAction","target":{"@type":"EntryPoint","urlTemplate":"https:\/\/radiolifefm.com.br\/noticias\/?s={search_term_string}"},"query-input":{"@type":"PropertyValueSpecification","valueRequired":true,"valueName":"search_term_string"}}],"inLanguage":"pt-BR"},{"@type":"Organization","@id":"https:\/\/radiolifefm.com.br\/noticias\/#organization","name":"R\u00e1dio Life FM","alternateName":"Life FM","url":"https:\/\/radiolifefm.com.br\/noticias\/","logo":{"@type":"ImageObject","inLanguage":"pt-BR","@id":"https:\/\/radiolifefm.com.br\/noticias\/#\/schema\/logo\/image\/","url":"https:\/\/static.radiolifefm.com.br\/noticias\/wp-content\/uploads\/2019\/10\/logo-lifefm.png","contentUrl":"https:\/\/static.radiolifefm.com.br\/noticias\/wp-content\/uploads\/2019\/10\/logo-lifefm.png","width":196,"height":47,"caption":"R\u00e1dio Life FM"},"image":{"@id":"https:\/\/radiolifefm.com.br\/noticias\/#\/schema\/logo\/image\/"},"sameAs":["https:\/\/www.facebook.com\/radiolifefm\/","https:\/\/www.instagram.com\/life1079fm\/"]},{"@type":"Person","@id":"https:\/\/radiolifefm.com.br\/noticias\/#\/schema\/person\/1d4e4b1301322090c6221bf1c8420490","name":"lifefm","image":{"@type":"ImageObject","inLanguage":"pt-BR","@id":"https:\/\/secure.gravatar.com\/avatar\/eca268467d925ec97d20641bb054fd944c0abb2f92854171620706bbe6474e7c?s=96&d=mm&r=g","url":"https:\/\/secure.gravatar.com\/avatar\/eca268467d925ec97d20641bb054fd944c0abb2f92854171620706bbe6474e7c?s=96&d=mm&r=g","contentUrl":"https:\/\/secure.gravatar.com\/avatar\/eca268467d925ec97d20641bb054fd944c0abb2f92854171620706bbe6474e7c?s=96&d=mm&r=g","caption":"lifefm"}}]}},"amp_enabled":true,"_links":{"self":[{"href":"https:\/\/radiolifefm.com.br\/noticias\/wp-json\/wp\/v2\/posts\/19880","targetHints":{"allow":["GET"]}}],"collection":[{"href":"https:\/\/radiolifefm.com.br\/noticias\/wp-json\/wp\/v2\/posts"}],"about":[{"href":"https:\/\/radiolifefm.com.br\/noticias\/wp-json\/wp\/v2\/types\/post"}],"author":[{"embeddable":true,"href":"https:\/\/radiolifefm.com.br\/noticias\/wp-json\/wp\/v2\/users\/3"}],"replies":[{"embeddable":true,"href":"https:\/\/radiolifefm.com.br\/noticias\/wp-json\/wp\/v2\/comments?post=19880"}],"version-history":[{"count":1,"href":"https:\/\/radiolifefm.com.br\/noticias\/wp-json\/wp\/v2\/posts\/19880\/revisions"}],"predecessor-version":[{"id":19883,"href":"https:\/\/radiolifefm.com.br\/noticias\/wp-json\/wp\/v2\/posts\/19880\/revisions\/19883"}],"wp:featuredmedia":[{"embeddable":true,"href":"https:\/\/radiolifefm.com.br\/noticias\/wp-json\/wp\/v2\/media\/19882"}],"wp:attachment":[{"href":"https:\/\/radiolifefm.com.br\/noticias\/wp-json\/wp\/v2\/media?parent=19880"}],"wp:term":[{"taxonomy":"category","embeddable":true,"href":"https:\/\/radiolifefm.com.br\/noticias\/wp-json\/wp\/v2\/categories?post=19880"},{"taxonomy":"post_tag","embeddable":true,"href":"https:\/\/radiolifefm.com.br\/noticias\/wp-json\/wp\/v2\/tags?post=19880"}],"curies":[{"name":"wp","href":"https:\/\/api.w.org\/{rel}","templated":true}]}}