{"id":19855,"date":"2020-01-27T09:29:07","date_gmt":"2020-01-27T12:29:07","guid":{"rendered":"https:\/\/radiolifefm.com.br\/noticias\/?p=19855"},"modified":"2026-03-23T02:54:48","modified_gmt":"2026-03-23T05:54:48","slug":"homem-ameaca-a-ex-mulher-e-amiga-de-morte-e-e-preso-com-faca-pela-policia-militar","status":"publish","type":"post","link":"https:\/\/radiolifefm.com.br\/noticias\/homem-ameaca-a-ex-mulher-e-amiga-de-morte-e-e-preso-com-faca-pela-policia-militar\/","title":{"rendered":"Homem amea\u00e7a a ex-mulher e amiga de morte e \u00e9 preso com faca pela Pol\u00edcia Militar"},"content":{"rendered":"<div id=\"fb-root\"><\/div>\n<p><em>\u201cVou beber seu sangue assim que sair da cadeia\u201d, gritava o autor<\/em><\/p>\n<p>Um homem foi preso pela Pol\u00edcia Militar na madrugada deste domingo (26), em Fl\u00f3rida Paulista, ap\u00f3s amea\u00e7ar a ex-esposa que possu\u00eda uma medida protetiva em seu favor e uma amiga.<\/p>\n<p>Segundo informa\u00e7\u00f5es dos policiais que atuaram na ocorr\u00eancia, a guarni\u00e7\u00e3o foi acionada, abordou e localizou com o autor uma faca.<\/p>\n<p>Ele recebeu voz de pris\u00e3o e foi levado para a Delegacia de Pol\u00edcia onde ap\u00f3s os trabalhos da Pol\u00edcia Civil, permaneceu detido \u00e0 disposi\u00e7\u00e3o da Justi\u00e7a.<\/p>\n<p>Durante a apresenta\u00e7\u00e3o da ocorr\u00eancia, segundo informou a PM, o homem gritava que iria matar a mulher e beber o sangue da v\u00edtima assim que sa\u00edsse da cadeia.<\/p>\n<p>Segundo a Pol\u00edcia Militar, o homem possui v\u00e1rias passagens policiais, entre elas de tr\u00e1fico de entorpecentes.<\/p>\n<p>&nbsp;<\/p>\n<p>Folha Regional<\/p>\n","protected":false},"excerpt":{"rendered":"<p>\u201cVou beber seu sangue assim que sair da cadeia\u201d, gritava o autor Um homem foi preso pela Pol\u00edcia Militar na madrugada deste domingo (26), em Fl\u00f3rida Paulista, ap\u00f3s amea\u00e7ar a ex-esposa que possu\u00eda uma medida protetiva em seu favor e uma amiga. Segundo informa\u00e7\u00f5es dos policiais que atuaram na ocorr\u00eancia, a guarni\u00e7\u00e3o foi acionada, abordou [&hellip;]<\/p>\n","protected":false},"author":3,"featured_media":19856,"comment_status":"closed","ping_status":"open","sticky":false,"template":"","format":"standard","meta":{"_acf_changed":false,"_exactmetrics_skip_tracking":false,"_exactmetrics_sitenote_active":false,"_exactmetrics_sitenote_note":"","_exactmetrics_sitenote_category":0,"footnotes":""},"categories":[24],"tags":[],"class_list":["post-19855","post","type-post","status-publish","format-standard","has-post-thumbnail","hentry","category-regiao"],"acf":[],"yoast_head":"<!-- This site is optimized with the Yoast SEO plugin v27.2 - https:\/\/yoast.com\/product\/yoast-seo-wordpress\/ -->\n<title>Homem amea\u00e7a a ex-mulher e amiga de morte e \u00e9 preso com faca pela Pol\u00edcia Militar - R\u00e1dio Life FM<\/title>\n<meta name=\"robots\" content=\"index, follow, max-snippet:-1, max-image-preview:large, max-video-preview:-1\" \/>\n<link rel=\"canonical\" href=\"https:\/\/radiolifefm.com.br\/noticias\/homem-ameaca-a-ex-mulher-e-amiga-de-morte-e-e-preso-com-faca-pela-policia-militar\/\" \/>\n<meta property=\"og:locale\" content=\"pt_BR\" \/>\n<meta property=\"og:type\" content=\"article\" \/>\n<meta property=\"og:title\" content=\"Homem amea\u00e7a a ex-mulher e amiga de morte e \u00e9 preso com faca pela Pol\u00edcia Militar - R\u00e1dio Life FM\" \/>\n<meta property=\"og:description\" content=\"\u201cVou beber seu sangue assim que sair da cadeia\u201d, gritava o autor Um homem foi preso pela Pol\u00edcia Militar na madrugada deste domingo (26), em Fl\u00f3rida Paulista, ap\u00f3s amea\u00e7ar a ex-esposa que possu\u00eda uma medida protetiva em seu favor e uma amiga. Segundo informa\u00e7\u00f5es dos policiais que atuaram na ocorr\u00eancia, a guarni\u00e7\u00e3o foi acionada, abordou [&hellip;]\" \/>\n<meta property=\"og:url\" content=\"https:\/\/radiolifefm.com.br\/noticias\/homem-ameaca-a-ex-mulher-e-amiga-de-morte-e-e-preso-com-faca-pela-policia-militar\/\" \/>\n<meta property=\"og:site_name\" content=\"R\u00e1dio Life FM\" \/>\n<meta property=\"article:publisher\" content=\"https:\/\/www.facebook.com\/radiolifefm\/\" \/>\n<meta property=\"article:published_time\" content=\"2020-01-27T12:29:07+00:00\" \/>\n<meta property=\"article:modified_time\" content=\"2026-03-23T05:54:48+00:00\" \/>\n<meta property=\"og:image\" content=\"https:\/\/radiolifefm.com.br\/noticias\/wp-content\/uploads\/2020\/01\/Faca-Fl\u00f3rida-Pauista.jpg\" \/>\n\t<meta property=\"og:image:width\" content=\"1087\" \/>\n\t<meta property=\"og:image:height\" content=\"652\" \/>\n\t<meta property=\"og:image:type\" content=\"image\/jpeg\" \/>\n<meta name=\"author\" content=\"lifefm\" \/>\n<meta name=\"twitter:card\" content=\"summary_large_image\" \/>\n<meta name=\"twitter:label1\" content=\"Escrito por\" \/>\n\t<meta name=\"twitter:data1\" content=\"lifefm\" \/>\n\t<meta name=\"twitter:label2\" content=\"Est. tempo de leitura\" \/>\n\t<meta name=\"twitter:data2\" content=\"1 minuto\" \/>\n<script type=\"application\/ld+json\" class=\"yoast-schema-graph\">{\"@context\":\"https:\/\/schema.org\",\"@graph\":[{\"@type\":\"Article\",\"@id\":\"https:\/\/radiolifefm.com.br\/noticias\/homem-ameaca-a-ex-mulher-e-amiga-de-morte-e-e-preso-com-faca-pela-policia-militar\/#article\",\"isPartOf\":{\"@id\":\"https:\/\/radiolifefm.com.br\/noticias\/homem-ameaca-a-ex-mulher-e-amiga-de-morte-e-e-preso-com-faca-pela-policia-militar\/\"},\"author\":{\"name\":\"lifefm\",\"@id\":\"https:\/\/radiolifefm.com.br\/noticias\/#\/schema\/person\/1d4e4b1301322090c6221bf1c8420490\"},\"headline\":\"Homem amea\u00e7a a ex-mulher e amiga de morte e \u00e9 preso com faca pela Pol\u00edcia Militar\",\"datePublished\":\"2020-01-27T12:29:07+00:00\",\"dateModified\":\"2026-03-23T05:54:48+00:00\",\"mainEntityOfPage\":{\"@id\":\"https:\/\/radiolifefm.com.br\/noticias\/homem-ameaca-a-ex-mulher-e-amiga-de-morte-e-e-preso-com-faca-pela-policia-militar\/\"},\"wordCount\":171,\"publisher\":{\"@id\":\"https:\/\/radiolifefm.com.br\/noticias\/#organization\"},\"image\":{\"@id\":\"https:\/\/radiolifefm.com.br\/noticias\/homem-ameaca-a-ex-mulher-e-amiga-de-morte-e-e-preso-com-faca-pela-policia-militar\/#primaryimage\"},\"thumbnailUrl\":\"https:\/\/radiolifefm.com.br\/noticias\/wp-content\/uploads\/2020\/01\/Faca-Fl\u00f3rida-Pauista.jpg\",\"articleSection\":[\"Regi\u00e3o\"],\"inLanguage\":\"pt-BR\"},{\"@type\":\"WebPage\",\"@id\":\"https:\/\/radiolifefm.com.br\/noticias\/homem-ameaca-a-ex-mulher-e-amiga-de-morte-e-e-preso-com-faca-pela-policia-militar\/\",\"url\":\"https:\/\/radiolifefm.com.br\/noticias\/homem-ameaca-a-ex-mulher-e-amiga-de-morte-e-e-preso-com-faca-pela-policia-militar\/\",\"name\":\"Homem amea\u00e7a a ex-mulher e amiga de morte e \u00e9 preso com faca pela Pol\u00edcia Militar - R\u00e1dio Life FM\",\"isPartOf\":{\"@id\":\"https:\/\/radiolifefm.com.br\/noticias\/#website\"},\"primaryImageOfPage\":{\"@id\":\"https:\/\/radiolifefm.com.br\/noticias\/homem-ameaca-a-ex-mulher-e-amiga-de-morte-e-e-preso-com-faca-pela-policia-militar\/#primaryimage\"},\"image\":{\"@id\":\"https:\/\/radiolifefm.com.br\/noticias\/homem-ameaca-a-ex-mulher-e-amiga-de-morte-e-e-preso-com-faca-pela-policia-militar\/#primaryimage\"},\"thumbnailUrl\":\"https:\/\/radiolifefm.com.br\/noticias\/wp-content\/uploads\/2020\/01\/Faca-Fl\u00f3rida-Pauista.jpg\",\"datePublished\":\"2020-01-27T12:29:07+00:00\",\"dateModified\":\"2026-03-23T05:54:48+00:00\",\"breadcrumb\":{\"@id\":\"https:\/\/radiolifefm.com.br\/noticias\/homem-ameaca-a-ex-mulher-e-amiga-de-morte-e-e-preso-com-faca-pela-policia-militar\/#breadcrumb\"},\"inLanguage\":\"pt-BR\",\"potentialAction\":[{\"@type\":\"ReadAction\",\"target\":[\"https:\/\/radiolifefm.com.br\/noticias\/homem-ameaca-a-ex-mulher-e-amiga-de-morte-e-e-preso-com-faca-pela-policia-militar\/\"]}]},{\"@type\":\"ImageObject\",\"inLanguage\":\"pt-BR\",\"@id\":\"https:\/\/radiolifefm.com.br\/noticias\/homem-ameaca-a-ex-mulher-e-amiga-de-morte-e-e-preso-com-faca-pela-policia-militar\/#primaryimage\",\"url\":\"https:\/\/radiolifefm.com.br\/noticias\/wp-content\/uploads\/2020\/01\/Faca-Fl\u00f3rida-Pauista.jpg\",\"contentUrl\":\"https:\/\/radiolifefm.com.br\/noticias\/wp-content\/uploads\/2020\/01\/Faca-Fl\u00f3rida-Pauista.jpg\",\"width\":1087,\"height\":652,\"caption\":\"Faca apreendida pela Pol\u00edcia Militar em ocorr\u00eancia de amea\u00e7a em Fl\u00f3rida Paulista - Foto - Pol\u00edcia\/Cedida.\"},{\"@type\":\"BreadcrumbList\",\"@id\":\"https:\/\/radiolifefm.com.br\/noticias\/homem-ameaca-a-ex-mulher-e-amiga-de-morte-e-e-preso-com-faca-pela-policia-militar\/#breadcrumb\",\"itemListElement\":[{\"@type\":\"ListItem\",\"position\":1,\"name\":\"In\u00edcio\",\"item\":\"https:\/\/radiolifefm.com.br\/noticias\/\"},{\"@type\":\"ListItem\",\"position\":2,\"name\":\"Homem amea\u00e7a a ex-mulher e amiga de morte e \u00e9 preso com faca pela Pol\u00edcia Militar\"}]},{\"@type\":\"WebSite\",\"@id\":\"https:\/\/radiolifefm.com.br\/noticias\/#website\",\"url\":\"https:\/\/radiolifefm.com.br\/noticias\/\",\"name\":\"R\u00e1dio Life FM\",\"description\":\"O Portal de Not\u00edcias de Adamantina\",\"publisher\":{\"@id\":\"https:\/\/radiolifefm.com.br\/noticias\/#organization\"},\"alternateName\":\"Life FM\",\"potentialAction\":[{\"@type\":\"SearchAction\",\"target\":{\"@type\":\"EntryPoint\",\"urlTemplate\":\"https:\/\/radiolifefm.com.br\/noticias\/?s={search_term_string}\"},\"query-input\":{\"@type\":\"PropertyValueSpecification\",\"valueRequired\":true,\"valueName\":\"search_term_string\"}}],\"inLanguage\":\"pt-BR\"},{\"@type\":\"Organization\",\"@id\":\"https:\/\/radiolifefm.com.br\/noticias\/#organization\",\"name\":\"R\u00e1dio Life FM\",\"alternateName\":\"Life FM\",\"url\":\"https:\/\/radiolifefm.com.br\/noticias\/\",\"logo\":{\"@type\":\"ImageObject\",\"inLanguage\":\"pt-BR\",\"@id\":\"https:\/\/radiolifefm.com.br\/noticias\/#\/schema\/logo\/image\/\",\"url\":\"https:\/\/static.radiolifefm.com.br\/noticias\/wp-content\/uploads\/2019\/10\/logo-lifefm.png\",\"contentUrl\":\"https:\/\/static.radiolifefm.com.br\/noticias\/wp-content\/uploads\/2019\/10\/logo-lifefm.png\",\"width\":196,\"height\":47,\"caption\":\"R\u00e1dio Life FM\"},\"image\":{\"@id\":\"https:\/\/radiolifefm.com.br\/noticias\/#\/schema\/logo\/image\/\"},\"sameAs\":[\"https:\/\/www.facebook.com\/radiolifefm\/\",\"https:\/\/www.instagram.com\/life1079fm\/\"]},{\"@type\":\"Person\",\"@id\":\"https:\/\/radiolifefm.com.br\/noticias\/#\/schema\/person\/1d4e4b1301322090c6221bf1c8420490\",\"name\":\"lifefm\",\"image\":{\"@type\":\"ImageObject\",\"inLanguage\":\"pt-BR\",\"@id\":\"https:\/\/secure.gravatar.com\/avatar\/eca268467d925ec97d20641bb054fd944c0abb2f92854171620706bbe6474e7c?s=96&d=mm&r=g\",\"url\":\"https:\/\/secure.gravatar.com\/avatar\/eca268467d925ec97d20641bb054fd944c0abb2f92854171620706bbe6474e7c?s=96&d=mm&r=g\",\"contentUrl\":\"https:\/\/secure.gravatar.com\/avatar\/eca268467d925ec97d20641bb054fd944c0abb2f92854171620706bbe6474e7c?s=96&d=mm&r=g\",\"caption\":\"lifefm\"}}]}<\/script>\n<!-- \/ Yoast SEO plugin. -->","yoast_head_json":{"title":"Homem amea\u00e7a a ex-mulher e amiga de morte e \u00e9 preso com faca pela Pol\u00edcia Militar - R\u00e1dio Life FM","robots":{"index":"index","follow":"follow","max-snippet":"max-snippet:-1","max-image-preview":"max-image-preview:large","max-video-preview":"max-video-preview:-1"},"canonical":"https:\/\/radiolifefm.com.br\/noticias\/homem-ameaca-a-ex-mulher-e-amiga-de-morte-e-e-preso-com-faca-pela-policia-militar\/","og_locale":"pt_BR","og_type":"article","og_title":"Homem amea\u00e7a a ex-mulher e amiga de morte e \u00e9 preso com faca pela Pol\u00edcia Militar - R\u00e1dio Life FM","og_description":"\u201cVou beber seu sangue assim que sair da cadeia\u201d, gritava o autor Um homem foi preso pela Pol\u00edcia Militar na madrugada deste domingo (26), em Fl\u00f3rida Paulista, ap\u00f3s amea\u00e7ar a ex-esposa que possu\u00eda uma medida protetiva em seu favor e uma amiga. Segundo informa\u00e7\u00f5es dos policiais que atuaram na ocorr\u00eancia, a guarni\u00e7\u00e3o foi acionada, abordou [&hellip;]","og_url":"https:\/\/radiolifefm.com.br\/noticias\/homem-ameaca-a-ex-mulher-e-amiga-de-morte-e-e-preso-com-faca-pela-policia-militar\/","og_site_name":"R\u00e1dio Life FM","article_publisher":"https:\/\/www.facebook.com\/radiolifefm\/","article_published_time":"2020-01-27T12:29:07+00:00","article_modified_time":"2026-03-23T05:54:48+00:00","og_image":[{"width":1087,"height":652,"url":"https:\/\/radiolifefm.com.br\/noticias\/wp-content\/uploads\/2020\/01\/Faca-Fl\u00f3rida-Pauista.jpg","type":"image\/jpeg"}],"author":"lifefm","twitter_card":"summary_large_image","twitter_misc":{"Escrito por":"lifefm","Est. tempo de leitura":"1 minuto"},"schema":{"@context":"https:\/\/schema.org","@graph":[{"@type":"Article","@id":"https:\/\/radiolifefm.com.br\/noticias\/homem-ameaca-a-ex-mulher-e-amiga-de-morte-e-e-preso-com-faca-pela-policia-militar\/#article","isPartOf":{"@id":"https:\/\/radiolifefm.com.br\/noticias\/homem-ameaca-a-ex-mulher-e-amiga-de-morte-e-e-preso-com-faca-pela-policia-militar\/"},"author":{"name":"lifefm","@id":"https:\/\/radiolifefm.com.br\/noticias\/#\/schema\/person\/1d4e4b1301322090c6221bf1c8420490"},"headline":"Homem amea\u00e7a a ex-mulher e amiga de morte e \u00e9 preso com faca pela Pol\u00edcia Militar","datePublished":"2020-01-27T12:29:07+00:00","dateModified":"2026-03-23T05:54:48+00:00","mainEntityOfPage":{"@id":"https:\/\/radiolifefm.com.br\/noticias\/homem-ameaca-a-ex-mulher-e-amiga-de-morte-e-e-preso-com-faca-pela-policia-militar\/"},"wordCount":171,"publisher":{"@id":"https:\/\/radiolifefm.com.br\/noticias\/#organization"},"image":{"@id":"https:\/\/radiolifefm.com.br\/noticias\/homem-ameaca-a-ex-mulher-e-amiga-de-morte-e-e-preso-com-faca-pela-policia-militar\/#primaryimage"},"thumbnailUrl":"https:\/\/radiolifefm.com.br\/noticias\/wp-content\/uploads\/2020\/01\/Faca-Fl\u00f3rida-Pauista.jpg","articleSection":["Regi\u00e3o"],"inLanguage":"pt-BR"},{"@type":"WebPage","@id":"https:\/\/radiolifefm.com.br\/noticias\/homem-ameaca-a-ex-mulher-e-amiga-de-morte-e-e-preso-com-faca-pela-policia-militar\/","url":"https:\/\/radiolifefm.com.br\/noticias\/homem-ameaca-a-ex-mulher-e-amiga-de-morte-e-e-preso-com-faca-pela-policia-militar\/","name":"Homem amea\u00e7a a ex-mulher e amiga de morte e \u00e9 preso com faca pela Pol\u00edcia Militar - R\u00e1dio Life FM","isPartOf":{"@id":"https:\/\/radiolifefm.com.br\/noticias\/#website"},"primaryImageOfPage":{"@id":"https:\/\/radiolifefm.com.br\/noticias\/homem-ameaca-a-ex-mulher-e-amiga-de-morte-e-e-preso-com-faca-pela-policia-militar\/#primaryimage"},"image":{"@id":"https:\/\/radiolifefm.com.br\/noticias\/homem-ameaca-a-ex-mulher-e-amiga-de-morte-e-e-preso-com-faca-pela-policia-militar\/#primaryimage"},"thumbnailUrl":"https:\/\/radiolifefm.com.br\/noticias\/wp-content\/uploads\/2020\/01\/Faca-Fl\u00f3rida-Pauista.jpg","datePublished":"2020-01-27T12:29:07+00:00","dateModified":"2026-03-23T05:54:48+00:00","breadcrumb":{"@id":"https:\/\/radiolifefm.com.br\/noticias\/homem-ameaca-a-ex-mulher-e-amiga-de-morte-e-e-preso-com-faca-pela-policia-militar\/#breadcrumb"},"inLanguage":"pt-BR","potentialAction":[{"@type":"ReadAction","target":["https:\/\/radiolifefm.com.br\/noticias\/homem-ameaca-a-ex-mulher-e-amiga-de-morte-e-e-preso-com-faca-pela-policia-militar\/"]}]},{"@type":"ImageObject","inLanguage":"pt-BR","@id":"https:\/\/radiolifefm.com.br\/noticias\/homem-ameaca-a-ex-mulher-e-amiga-de-morte-e-e-preso-com-faca-pela-policia-militar\/#primaryimage","url":"https:\/\/radiolifefm.com.br\/noticias\/wp-content\/uploads\/2020\/01\/Faca-Fl\u00f3rida-Pauista.jpg","contentUrl":"https:\/\/radiolifefm.com.br\/noticias\/wp-content\/uploads\/2020\/01\/Faca-Fl\u00f3rida-Pauista.jpg","width":1087,"height":652,"caption":"Faca apreendida pela Pol\u00edcia Militar em ocorr\u00eancia de amea\u00e7a em Fl\u00f3rida Paulista - Foto - Pol\u00edcia\/Cedida."},{"@type":"BreadcrumbList","@id":"https:\/\/radiolifefm.com.br\/noticias\/homem-ameaca-a-ex-mulher-e-amiga-de-morte-e-e-preso-com-faca-pela-policia-militar\/#breadcrumb","itemListElement":[{"@type":"ListItem","position":1,"name":"In\u00edcio","item":"https:\/\/radiolifefm.com.br\/noticias\/"},{"@type":"ListItem","position":2,"name":"Homem amea\u00e7a a ex-mulher e amiga de morte e \u00e9 preso com faca pela Pol\u00edcia Militar"}]},{"@type":"WebSite","@id":"https:\/\/radiolifefm.com.br\/noticias\/#website","url":"https:\/\/radiolifefm.com.br\/noticias\/","name":"R\u00e1dio Life FM","description":"O Portal de Not\u00edcias de Adamantina","publisher":{"@id":"https:\/\/radiolifefm.com.br\/noticias\/#organization"},"alternateName":"Life FM","potentialAction":[{"@type":"SearchAction","target":{"@type":"EntryPoint","urlTemplate":"https:\/\/radiolifefm.com.br\/noticias\/?s={search_term_string}"},"query-input":{"@type":"PropertyValueSpecification","valueRequired":true,"valueName":"search_term_string"}}],"inLanguage":"pt-BR"},{"@type":"Organization","@id":"https:\/\/radiolifefm.com.br\/noticias\/#organization","name":"R\u00e1dio Life FM","alternateName":"Life FM","url":"https:\/\/radiolifefm.com.br\/noticias\/","logo":{"@type":"ImageObject","inLanguage":"pt-BR","@id":"https:\/\/radiolifefm.com.br\/noticias\/#\/schema\/logo\/image\/","url":"https:\/\/static.radiolifefm.com.br\/noticias\/wp-content\/uploads\/2019\/10\/logo-lifefm.png","contentUrl":"https:\/\/static.radiolifefm.com.br\/noticias\/wp-content\/uploads\/2019\/10\/logo-lifefm.png","width":196,"height":47,"caption":"R\u00e1dio Life FM"},"image":{"@id":"https:\/\/radiolifefm.com.br\/noticias\/#\/schema\/logo\/image\/"},"sameAs":["https:\/\/www.facebook.com\/radiolifefm\/","https:\/\/www.instagram.com\/life1079fm\/"]},{"@type":"Person","@id":"https:\/\/radiolifefm.com.br\/noticias\/#\/schema\/person\/1d4e4b1301322090c6221bf1c8420490","name":"lifefm","image":{"@type":"ImageObject","inLanguage":"pt-BR","@id":"https:\/\/secure.gravatar.com\/avatar\/eca268467d925ec97d20641bb054fd944c0abb2f92854171620706bbe6474e7c?s=96&d=mm&r=g","url":"https:\/\/secure.gravatar.com\/avatar\/eca268467d925ec97d20641bb054fd944c0abb2f92854171620706bbe6474e7c?s=96&d=mm&r=g","contentUrl":"https:\/\/secure.gravatar.com\/avatar\/eca268467d925ec97d20641bb054fd944c0abb2f92854171620706bbe6474e7c?s=96&d=mm&r=g","caption":"lifefm"}}]}},"amp_enabled":true,"_links":{"self":[{"href":"https:\/\/radiolifefm.com.br\/noticias\/wp-json\/wp\/v2\/posts\/19855","targetHints":{"allow":["GET"]}}],"collection":[{"href":"https:\/\/radiolifefm.com.br\/noticias\/wp-json\/wp\/v2\/posts"}],"about":[{"href":"https:\/\/radiolifefm.com.br\/noticias\/wp-json\/wp\/v2\/types\/post"}],"author":[{"embeddable":true,"href":"https:\/\/radiolifefm.com.br\/noticias\/wp-json\/wp\/v2\/users\/3"}],"replies":[{"embeddable":true,"href":"https:\/\/radiolifefm.com.br\/noticias\/wp-json\/wp\/v2\/comments?post=19855"}],"version-history":[{"count":1,"href":"https:\/\/radiolifefm.com.br\/noticias\/wp-json\/wp\/v2\/posts\/19855\/revisions"}],"predecessor-version":[{"id":19857,"href":"https:\/\/radiolifefm.com.br\/noticias\/wp-json\/wp\/v2\/posts\/19855\/revisions\/19857"}],"wp:featuredmedia":[{"embeddable":true,"href":"https:\/\/radiolifefm.com.br\/noticias\/wp-json\/wp\/v2\/media\/19856"}],"wp:attachment":[{"href":"https:\/\/radiolifefm.com.br\/noticias\/wp-json\/wp\/v2\/media?parent=19855"}],"wp:term":[{"taxonomy":"category","embeddable":true,"href":"https:\/\/radiolifefm.com.br\/noticias\/wp-json\/wp\/v2\/categories?post=19855"},{"taxonomy":"post_tag","embeddable":true,"href":"https:\/\/radiolifefm.com.br\/noticias\/wp-json\/wp\/v2\/tags?post=19855"}],"curies":[{"name":"wp","href":"https:\/\/api.w.org\/{rel}","templated":true}]}}