{"id":19851,"date":"2020-01-27T09:19:15","date_gmt":"2020-01-27T12:19:15","guid":{"rendered":"https:\/\/radiolifefm.com.br\/noticias\/?p=19851"},"modified":"2026-04-24T07:31:31","modified_gmt":"2026-04-24T10:31:31","slug":"homem-conduzindo-uma-caminhonete-atropela-varias-pessoas-em-festa-em-nova-independencia-dois-morreram","status":"publish","type":"post","link":"https:\/\/radiolifefm.com.br\/noticias\/homem-conduzindo-uma-caminhonete-atropela-varias-pessoas-em-festa-em-nova-independencia-dois-morreram\/","title":{"rendered":"Homem conduzindo uma caminhonete atropela v\u00e1rias pessoas em festa em Nova Independ\u00eancia, dois morreram"},"content":{"rendered":"<div id=\"fb-root\"><\/div>\n<p>Um acidente com cenas tr\u00e1gicas foi registrado na noite deste domingo em Nova Independ\u00eancia, na regi\u00e3o de Dracena.<\/p>\n<p>Segundo informa\u00e7\u00f5es, o homem participava de uma festa em um estabelecimento comercial da cidade e por motivos a serem esclarecidos, iniciou uma briga com a companheira.<\/p>\n<p>Ele foi contido por participantes do evento que se revoltaram com a situa\u00e7\u00e3o, momento em que entrou em sua caminhonete e em alta velocidade, atropelou v\u00e1rias pessoas em meio \u00e0 via.<\/p>\n<p>Cerca de 50 pessoas estavam no local. As v\u00edtimas foram levadas para a Unidade de Pronto Atendimento e Santa Casa de Andradina.<\/p>\n<p>O homem teria sido linchado no local do acidente, mas resistiu e foi socorrido em estado grave.<\/p>\n<p>A Prefeitura de Nova Independ\u00eancia decretou luto oficial pela morte de duas pessoas. Outras 15 ficaram feridas.<\/p>\n<p>As v\u00edtimas fatais s\u00e3o, o sitiante Jo\u00e3o Bringel, o Z\u00e9 Botinha, que teria sido arrastado pela caminhonete e o jovem Jhonatan, apelidado de \u201cJh\u00f4 Jh\u00f4\u201d, funcion\u00e1rio de um supermercado, que tamb\u00e9m n\u00e3o resistiu e acabou falecendo.<\/p>\n<p>Atenderam a ocorr\u00eancia, as ambul\u00e2ncias de Nova Independ\u00eancia e regi\u00e3o e a Defesa Civil.<\/p>\n<p>&nbsp;<\/p>\n<p>Folha Regional \u2013 Informa\u00e7\u00f5es &#8211; Site Paparazzi News \/ Roni Paparazzi.<\/p>\n","protected":false},"excerpt":{"rendered":"<p>Um acidente com cenas tr\u00e1gicas foi registrado na noite deste domingo em Nova Independ\u00eancia, na regi\u00e3o de Dracena. Segundo informa\u00e7\u00f5es, o homem participava de uma festa em um estabelecimento comercial da cidade e por motivos a serem esclarecidos, iniciou uma briga com a companheira. Ele foi contido por participantes do evento que se revoltaram com [&hellip;]<\/p>\n","protected":false},"author":3,"featured_media":19852,"comment_status":"closed","ping_status":"open","sticky":false,"template":"","format":"standard","meta":{"_acf_changed":false,"_exactmetrics_skip_tracking":false,"_exactmetrics_sitenote_active":false,"_exactmetrics_sitenote_note":"","_exactmetrics_sitenote_category":0,"footnotes":""},"categories":[24],"tags":[],"class_list":["post-19851","post","type-post","status-publish","format-standard","has-post-thumbnail","hentry","category-regiao"],"acf":[],"yoast_head":"<!-- This site is optimized with the Yoast SEO plugin v27.2 - https:\/\/yoast.com\/product\/yoast-seo-wordpress\/ -->\n<title>Homem conduzindo uma caminhonete atropela v\u00e1rias pessoas em festa em Nova Independ\u00eancia, dois morreram - R\u00e1dio Life FM<\/title>\n<meta name=\"robots\" content=\"index, follow, max-snippet:-1, max-image-preview:large, max-video-preview:-1\" \/>\n<link rel=\"canonical\" href=\"https:\/\/radiolifefm.com.br\/noticias\/homem-conduzindo-uma-caminhonete-atropela-varias-pessoas-em-festa-em-nova-independencia-dois-morreram\/\" \/>\n<meta property=\"og:locale\" content=\"pt_BR\" \/>\n<meta property=\"og:type\" content=\"article\" \/>\n<meta property=\"og:title\" content=\"Homem conduzindo uma caminhonete atropela v\u00e1rias pessoas em festa em Nova Independ\u00eancia, dois morreram - R\u00e1dio Life FM\" \/>\n<meta property=\"og:description\" content=\"Um acidente com cenas tr\u00e1gicas foi registrado na noite deste domingo em Nova Independ\u00eancia, na regi\u00e3o de Dracena. Segundo informa\u00e7\u00f5es, o homem participava de uma festa em um estabelecimento comercial da cidade e por motivos a serem esclarecidos, iniciou uma briga com a companheira. Ele foi contido por participantes do evento que se revoltaram com [&hellip;]\" \/>\n<meta property=\"og:url\" content=\"https:\/\/radiolifefm.com.br\/noticias\/homem-conduzindo-uma-caminhonete-atropela-varias-pessoas-em-festa-em-nova-independencia-dois-morreram\/\" \/>\n<meta property=\"og:site_name\" content=\"R\u00e1dio Life FM\" \/>\n<meta property=\"article:publisher\" content=\"https:\/\/www.facebook.com\/radiolifefm\/\" \/>\n<meta property=\"article:published_time\" content=\"2020-01-27T12:19:15+00:00\" \/>\n<meta property=\"article:modified_time\" content=\"2026-04-24T10:31:31+00:00\" \/>\n<meta property=\"og:image\" content=\"https:\/\/radiolifefm.com.br\/noticias\/wp-content\/uploads\/2020\/01\/N-Independ\u00eancia.jpg\" \/>\n\t<meta property=\"og:image:width\" content=\"729\" \/>\n\t<meta property=\"og:image:height\" content=\"495\" \/>\n\t<meta property=\"og:image:type\" content=\"image\/jpeg\" \/>\n<meta name=\"author\" content=\"lifefm\" \/>\n<meta name=\"twitter:card\" content=\"summary_large_image\" \/>\n<meta name=\"twitter:label1\" content=\"Escrito por\" \/>\n\t<meta name=\"twitter:data1\" content=\"lifefm\" \/>\n\t<meta name=\"twitter:label2\" content=\"Est. tempo de leitura\" \/>\n\t<meta name=\"twitter:data2\" content=\"1 minuto\" \/>\n<script type=\"application\/ld+json\" class=\"yoast-schema-graph\">{\"@context\":\"https:\/\/schema.org\",\"@graph\":[{\"@type\":\"Article\",\"@id\":\"https:\/\/radiolifefm.com.br\/noticias\/homem-conduzindo-uma-caminhonete-atropela-varias-pessoas-em-festa-em-nova-independencia-dois-morreram\/#article\",\"isPartOf\":{\"@id\":\"https:\/\/radiolifefm.com.br\/noticias\/homem-conduzindo-uma-caminhonete-atropela-varias-pessoas-em-festa-em-nova-independencia-dois-morreram\/\"},\"author\":{\"name\":\"lifefm\",\"@id\":\"https:\/\/radiolifefm.com.br\/noticias\/#\/schema\/person\/1d4e4b1301322090c6221bf1c8420490\"},\"headline\":\"Homem conduzindo uma caminhonete atropela v\u00e1rias pessoas em festa em Nova Independ\u00eancia, dois morreram\",\"datePublished\":\"2020-01-27T12:19:15+00:00\",\"dateModified\":\"2026-04-24T10:31:31+00:00\",\"mainEntityOfPage\":{\"@id\":\"https:\/\/radiolifefm.com.br\/noticias\/homem-conduzindo-uma-caminhonete-atropela-varias-pessoas-em-festa-em-nova-independencia-dois-morreram\/\"},\"wordCount\":223,\"publisher\":{\"@id\":\"https:\/\/radiolifefm.com.br\/noticias\/#organization\"},\"image\":{\"@id\":\"https:\/\/radiolifefm.com.br\/noticias\/homem-conduzindo-uma-caminhonete-atropela-varias-pessoas-em-festa-em-nova-independencia-dois-morreram\/#primaryimage\"},\"thumbnailUrl\":\"https:\/\/radiolifefm.com.br\/noticias\/wp-content\/uploads\/2020\/01\/N-Independ\u00eancia.jpg\",\"articleSection\":[\"Regi\u00e3o\"],\"inLanguage\":\"pt-BR\"},{\"@type\":\"WebPage\",\"@id\":\"https:\/\/radiolifefm.com.br\/noticias\/homem-conduzindo-uma-caminhonete-atropela-varias-pessoas-em-festa-em-nova-independencia-dois-morreram\/\",\"url\":\"https:\/\/radiolifefm.com.br\/noticias\/homem-conduzindo-uma-caminhonete-atropela-varias-pessoas-em-festa-em-nova-independencia-dois-morreram\/\",\"name\":\"Homem conduzindo uma caminhonete atropela v\u00e1rias pessoas em festa em Nova Independ\u00eancia, dois morreram - R\u00e1dio Life FM\",\"isPartOf\":{\"@id\":\"https:\/\/radiolifefm.com.br\/noticias\/#website\"},\"primaryImageOfPage\":{\"@id\":\"https:\/\/radiolifefm.com.br\/noticias\/homem-conduzindo-uma-caminhonete-atropela-varias-pessoas-em-festa-em-nova-independencia-dois-morreram\/#primaryimage\"},\"image\":{\"@id\":\"https:\/\/radiolifefm.com.br\/noticias\/homem-conduzindo-uma-caminhonete-atropela-varias-pessoas-em-festa-em-nova-independencia-dois-morreram\/#primaryimage\"},\"thumbnailUrl\":\"https:\/\/radiolifefm.com.br\/noticias\/wp-content\/uploads\/2020\/01\/N-Independ\u00eancia.jpg\",\"datePublished\":\"2020-01-27T12:19:15+00:00\",\"dateModified\":\"2026-04-24T10:31:31+00:00\",\"breadcrumb\":{\"@id\":\"https:\/\/radiolifefm.com.br\/noticias\/homem-conduzindo-uma-caminhonete-atropela-varias-pessoas-em-festa-em-nova-independencia-dois-morreram\/#breadcrumb\"},\"inLanguage\":\"pt-BR\",\"potentialAction\":[{\"@type\":\"ReadAction\",\"target\":[\"https:\/\/radiolifefm.com.br\/noticias\/homem-conduzindo-uma-caminhonete-atropela-varias-pessoas-em-festa-em-nova-independencia-dois-morreram\/\"]}]},{\"@type\":\"ImageObject\",\"inLanguage\":\"pt-BR\",\"@id\":\"https:\/\/radiolifefm.com.br\/noticias\/homem-conduzindo-uma-caminhonete-atropela-varias-pessoas-em-festa-em-nova-independencia-dois-morreram\/#primaryimage\",\"url\":\"https:\/\/radiolifefm.com.br\/noticias\/wp-content\/uploads\/2020\/01\/N-Independ\u00eancia.jpg\",\"contentUrl\":\"https:\/\/radiolifefm.com.br\/noticias\/wp-content\/uploads\/2020\/01\/N-Independ\u00eancia.jpg\",\"width\":729,\"height\":495,\"caption\":\"Duas pessoas morreram e outras 15 ficaram feridas em Nova Independ\u00eancia.\"},{\"@type\":\"BreadcrumbList\",\"@id\":\"https:\/\/radiolifefm.com.br\/noticias\/homem-conduzindo-uma-caminhonete-atropela-varias-pessoas-em-festa-em-nova-independencia-dois-morreram\/#breadcrumb\",\"itemListElement\":[{\"@type\":\"ListItem\",\"position\":1,\"name\":\"In\u00edcio\",\"item\":\"https:\/\/radiolifefm.com.br\/noticias\/\"},{\"@type\":\"ListItem\",\"position\":2,\"name\":\"Homem conduzindo uma caminhonete atropela v\u00e1rias pessoas em festa em Nova Independ\u00eancia, dois morreram\"}]},{\"@type\":\"WebSite\",\"@id\":\"https:\/\/radiolifefm.com.br\/noticias\/#website\",\"url\":\"https:\/\/radiolifefm.com.br\/noticias\/\",\"name\":\"R\u00e1dio Life FM\",\"description\":\"O Portal de Not\u00edcias de Adamantina\",\"publisher\":{\"@id\":\"https:\/\/radiolifefm.com.br\/noticias\/#organization\"},\"alternateName\":\"Life FM\",\"potentialAction\":[{\"@type\":\"SearchAction\",\"target\":{\"@type\":\"EntryPoint\",\"urlTemplate\":\"https:\/\/radiolifefm.com.br\/noticias\/?s={search_term_string}\"},\"query-input\":{\"@type\":\"PropertyValueSpecification\",\"valueRequired\":true,\"valueName\":\"search_term_string\"}}],\"inLanguage\":\"pt-BR\"},{\"@type\":\"Organization\",\"@id\":\"https:\/\/radiolifefm.com.br\/noticias\/#organization\",\"name\":\"R\u00e1dio Life FM\",\"alternateName\":\"Life FM\",\"url\":\"https:\/\/radiolifefm.com.br\/noticias\/\",\"logo\":{\"@type\":\"ImageObject\",\"inLanguage\":\"pt-BR\",\"@id\":\"https:\/\/radiolifefm.com.br\/noticias\/#\/schema\/logo\/image\/\",\"url\":\"https:\/\/static.radiolifefm.com.br\/noticias\/wp-content\/uploads\/2019\/10\/logo-lifefm.png\",\"contentUrl\":\"https:\/\/static.radiolifefm.com.br\/noticias\/wp-content\/uploads\/2019\/10\/logo-lifefm.png\",\"width\":196,\"height\":47,\"caption\":\"R\u00e1dio Life FM\"},\"image\":{\"@id\":\"https:\/\/radiolifefm.com.br\/noticias\/#\/schema\/logo\/image\/\"},\"sameAs\":[\"https:\/\/www.facebook.com\/radiolifefm\/\",\"https:\/\/www.instagram.com\/life1079fm\/\"]},{\"@type\":\"Person\",\"@id\":\"https:\/\/radiolifefm.com.br\/noticias\/#\/schema\/person\/1d4e4b1301322090c6221bf1c8420490\",\"name\":\"lifefm\",\"image\":{\"@type\":\"ImageObject\",\"inLanguage\":\"pt-BR\",\"@id\":\"https:\/\/secure.gravatar.com\/avatar\/eca268467d925ec97d20641bb054fd944c0abb2f92854171620706bbe6474e7c?s=96&d=mm&r=g\",\"url\":\"https:\/\/secure.gravatar.com\/avatar\/eca268467d925ec97d20641bb054fd944c0abb2f92854171620706bbe6474e7c?s=96&d=mm&r=g\",\"contentUrl\":\"https:\/\/secure.gravatar.com\/avatar\/eca268467d925ec97d20641bb054fd944c0abb2f92854171620706bbe6474e7c?s=96&d=mm&r=g\",\"caption\":\"lifefm\"}}]}<\/script>\n<!-- \/ Yoast SEO plugin. -->","yoast_head_json":{"title":"Homem conduzindo uma caminhonete atropela v\u00e1rias pessoas em festa em Nova Independ\u00eancia, dois morreram - R\u00e1dio Life FM","robots":{"index":"index","follow":"follow","max-snippet":"max-snippet:-1","max-image-preview":"max-image-preview:large","max-video-preview":"max-video-preview:-1"},"canonical":"https:\/\/radiolifefm.com.br\/noticias\/homem-conduzindo-uma-caminhonete-atropela-varias-pessoas-em-festa-em-nova-independencia-dois-morreram\/","og_locale":"pt_BR","og_type":"article","og_title":"Homem conduzindo uma caminhonete atropela v\u00e1rias pessoas em festa em Nova Independ\u00eancia, dois morreram - R\u00e1dio Life FM","og_description":"Um acidente com cenas tr\u00e1gicas foi registrado na noite deste domingo em Nova Independ\u00eancia, na regi\u00e3o de Dracena. Segundo informa\u00e7\u00f5es, o homem participava de uma festa em um estabelecimento comercial da cidade e por motivos a serem esclarecidos, iniciou uma briga com a companheira. Ele foi contido por participantes do evento que se revoltaram com [&hellip;]","og_url":"https:\/\/radiolifefm.com.br\/noticias\/homem-conduzindo-uma-caminhonete-atropela-varias-pessoas-em-festa-em-nova-independencia-dois-morreram\/","og_site_name":"R\u00e1dio Life FM","article_publisher":"https:\/\/www.facebook.com\/radiolifefm\/","article_published_time":"2020-01-27T12:19:15+00:00","article_modified_time":"2026-04-24T10:31:31+00:00","og_image":[{"width":729,"height":495,"url":"https:\/\/radiolifefm.com.br\/noticias\/wp-content\/uploads\/2020\/01\/N-Independ\u00eancia.jpg","type":"image\/jpeg"}],"author":"lifefm","twitter_card":"summary_large_image","twitter_misc":{"Escrito por":"lifefm","Est. tempo de leitura":"1 minuto"},"schema":{"@context":"https:\/\/schema.org","@graph":[{"@type":"Article","@id":"https:\/\/radiolifefm.com.br\/noticias\/homem-conduzindo-uma-caminhonete-atropela-varias-pessoas-em-festa-em-nova-independencia-dois-morreram\/#article","isPartOf":{"@id":"https:\/\/radiolifefm.com.br\/noticias\/homem-conduzindo-uma-caminhonete-atropela-varias-pessoas-em-festa-em-nova-independencia-dois-morreram\/"},"author":{"name":"lifefm","@id":"https:\/\/radiolifefm.com.br\/noticias\/#\/schema\/person\/1d4e4b1301322090c6221bf1c8420490"},"headline":"Homem conduzindo uma caminhonete atropela v\u00e1rias pessoas em festa em Nova Independ\u00eancia, dois morreram","datePublished":"2020-01-27T12:19:15+00:00","dateModified":"2026-04-24T10:31:31+00:00","mainEntityOfPage":{"@id":"https:\/\/radiolifefm.com.br\/noticias\/homem-conduzindo-uma-caminhonete-atropela-varias-pessoas-em-festa-em-nova-independencia-dois-morreram\/"},"wordCount":223,"publisher":{"@id":"https:\/\/radiolifefm.com.br\/noticias\/#organization"},"image":{"@id":"https:\/\/radiolifefm.com.br\/noticias\/homem-conduzindo-uma-caminhonete-atropela-varias-pessoas-em-festa-em-nova-independencia-dois-morreram\/#primaryimage"},"thumbnailUrl":"https:\/\/radiolifefm.com.br\/noticias\/wp-content\/uploads\/2020\/01\/N-Independ\u00eancia.jpg","articleSection":["Regi\u00e3o"],"inLanguage":"pt-BR"},{"@type":"WebPage","@id":"https:\/\/radiolifefm.com.br\/noticias\/homem-conduzindo-uma-caminhonete-atropela-varias-pessoas-em-festa-em-nova-independencia-dois-morreram\/","url":"https:\/\/radiolifefm.com.br\/noticias\/homem-conduzindo-uma-caminhonete-atropela-varias-pessoas-em-festa-em-nova-independencia-dois-morreram\/","name":"Homem conduzindo uma caminhonete atropela v\u00e1rias pessoas em festa em Nova Independ\u00eancia, dois morreram - R\u00e1dio Life FM","isPartOf":{"@id":"https:\/\/radiolifefm.com.br\/noticias\/#website"},"primaryImageOfPage":{"@id":"https:\/\/radiolifefm.com.br\/noticias\/homem-conduzindo-uma-caminhonete-atropela-varias-pessoas-em-festa-em-nova-independencia-dois-morreram\/#primaryimage"},"image":{"@id":"https:\/\/radiolifefm.com.br\/noticias\/homem-conduzindo-uma-caminhonete-atropela-varias-pessoas-em-festa-em-nova-independencia-dois-morreram\/#primaryimage"},"thumbnailUrl":"https:\/\/radiolifefm.com.br\/noticias\/wp-content\/uploads\/2020\/01\/N-Independ\u00eancia.jpg","datePublished":"2020-01-27T12:19:15+00:00","dateModified":"2026-04-24T10:31:31+00:00","breadcrumb":{"@id":"https:\/\/radiolifefm.com.br\/noticias\/homem-conduzindo-uma-caminhonete-atropela-varias-pessoas-em-festa-em-nova-independencia-dois-morreram\/#breadcrumb"},"inLanguage":"pt-BR","potentialAction":[{"@type":"ReadAction","target":["https:\/\/radiolifefm.com.br\/noticias\/homem-conduzindo-uma-caminhonete-atropela-varias-pessoas-em-festa-em-nova-independencia-dois-morreram\/"]}]},{"@type":"ImageObject","inLanguage":"pt-BR","@id":"https:\/\/radiolifefm.com.br\/noticias\/homem-conduzindo-uma-caminhonete-atropela-varias-pessoas-em-festa-em-nova-independencia-dois-morreram\/#primaryimage","url":"https:\/\/radiolifefm.com.br\/noticias\/wp-content\/uploads\/2020\/01\/N-Independ\u00eancia.jpg","contentUrl":"https:\/\/radiolifefm.com.br\/noticias\/wp-content\/uploads\/2020\/01\/N-Independ\u00eancia.jpg","width":729,"height":495,"caption":"Duas pessoas morreram e outras 15 ficaram feridas em Nova Independ\u00eancia."},{"@type":"BreadcrumbList","@id":"https:\/\/radiolifefm.com.br\/noticias\/homem-conduzindo-uma-caminhonete-atropela-varias-pessoas-em-festa-em-nova-independencia-dois-morreram\/#breadcrumb","itemListElement":[{"@type":"ListItem","position":1,"name":"In\u00edcio","item":"https:\/\/radiolifefm.com.br\/noticias\/"},{"@type":"ListItem","position":2,"name":"Homem conduzindo uma caminhonete atropela v\u00e1rias pessoas em festa em Nova Independ\u00eancia, dois morreram"}]},{"@type":"WebSite","@id":"https:\/\/radiolifefm.com.br\/noticias\/#website","url":"https:\/\/radiolifefm.com.br\/noticias\/","name":"R\u00e1dio Life FM","description":"O Portal de Not\u00edcias de Adamantina","publisher":{"@id":"https:\/\/radiolifefm.com.br\/noticias\/#organization"},"alternateName":"Life FM","potentialAction":[{"@type":"SearchAction","target":{"@type":"EntryPoint","urlTemplate":"https:\/\/radiolifefm.com.br\/noticias\/?s={search_term_string}"},"query-input":{"@type":"PropertyValueSpecification","valueRequired":true,"valueName":"search_term_string"}}],"inLanguage":"pt-BR"},{"@type":"Organization","@id":"https:\/\/radiolifefm.com.br\/noticias\/#organization","name":"R\u00e1dio Life FM","alternateName":"Life FM","url":"https:\/\/radiolifefm.com.br\/noticias\/","logo":{"@type":"ImageObject","inLanguage":"pt-BR","@id":"https:\/\/radiolifefm.com.br\/noticias\/#\/schema\/logo\/image\/","url":"https:\/\/static.radiolifefm.com.br\/noticias\/wp-content\/uploads\/2019\/10\/logo-lifefm.png","contentUrl":"https:\/\/static.radiolifefm.com.br\/noticias\/wp-content\/uploads\/2019\/10\/logo-lifefm.png","width":196,"height":47,"caption":"R\u00e1dio Life FM"},"image":{"@id":"https:\/\/radiolifefm.com.br\/noticias\/#\/schema\/logo\/image\/"},"sameAs":["https:\/\/www.facebook.com\/radiolifefm\/","https:\/\/www.instagram.com\/life1079fm\/"]},{"@type":"Person","@id":"https:\/\/radiolifefm.com.br\/noticias\/#\/schema\/person\/1d4e4b1301322090c6221bf1c8420490","name":"lifefm","image":{"@type":"ImageObject","inLanguage":"pt-BR","@id":"https:\/\/secure.gravatar.com\/avatar\/eca268467d925ec97d20641bb054fd944c0abb2f92854171620706bbe6474e7c?s=96&d=mm&r=g","url":"https:\/\/secure.gravatar.com\/avatar\/eca268467d925ec97d20641bb054fd944c0abb2f92854171620706bbe6474e7c?s=96&d=mm&r=g","contentUrl":"https:\/\/secure.gravatar.com\/avatar\/eca268467d925ec97d20641bb054fd944c0abb2f92854171620706bbe6474e7c?s=96&d=mm&r=g","caption":"lifefm"}}]}},"amp_enabled":true,"_links":{"self":[{"href":"https:\/\/radiolifefm.com.br\/noticias\/wp-json\/wp\/v2\/posts\/19851","targetHints":{"allow":["GET"]}}],"collection":[{"href":"https:\/\/radiolifefm.com.br\/noticias\/wp-json\/wp\/v2\/posts"}],"about":[{"href":"https:\/\/radiolifefm.com.br\/noticias\/wp-json\/wp\/v2\/types\/post"}],"author":[{"embeddable":true,"href":"https:\/\/radiolifefm.com.br\/noticias\/wp-json\/wp\/v2\/users\/3"}],"replies":[{"embeddable":true,"href":"https:\/\/radiolifefm.com.br\/noticias\/wp-json\/wp\/v2\/comments?post=19851"}],"version-history":[{"count":2,"href":"https:\/\/radiolifefm.com.br\/noticias\/wp-json\/wp\/v2\/posts\/19851\/revisions"}],"predecessor-version":[{"id":19854,"href":"https:\/\/radiolifefm.com.br\/noticias\/wp-json\/wp\/v2\/posts\/19851\/revisions\/19854"}],"wp:featuredmedia":[{"embeddable":true,"href":"https:\/\/radiolifefm.com.br\/noticias\/wp-json\/wp\/v2\/media\/19852"}],"wp:attachment":[{"href":"https:\/\/radiolifefm.com.br\/noticias\/wp-json\/wp\/v2\/media?parent=19851"}],"wp:term":[{"taxonomy":"category","embeddable":true,"href":"https:\/\/radiolifefm.com.br\/noticias\/wp-json\/wp\/v2\/categories?post=19851"},{"taxonomy":"post_tag","embeddable":true,"href":"https:\/\/radiolifefm.com.br\/noticias\/wp-json\/wp\/v2\/tags?post=19851"}],"curies":[{"name":"wp","href":"https:\/\/api.w.org\/{rel}","templated":true}]}}