{"id":19848,"date":"2020-01-27T09:09:49","date_gmt":"2020-01-27T12:09:49","guid":{"rendered":"https:\/\/radiolifefm.com.br\/noticias\/?p=19848"},"modified":"2026-04-13T10:54:40","modified_gmt":"2026-04-13T13:54:40","slug":"homem-e-preso-por-porte-ilegal-de-arma-de-fogo-em-osvaldo-cruz-2","status":"publish","type":"post","link":"https:\/\/radiolifefm.com.br\/noticias\/homem-e-preso-por-porte-ilegal-de-arma-de-fogo-em-osvaldo-cruz-2\/","title":{"rendered":"Homem \u00e9 preso por porte ilegal de arma de fogo em Osvaldo Cruz"},"content":{"rendered":"<div id=\"fb-root\"><\/div>\n<p><em>Ocorr\u00eancia foi registrada pela Vila Esperan\u00e7a, na noite deste domingo (26).<\/em><\/p>\n<p>A Pol\u00edcia Militar de Osvaldo Cruz registrou neste domingo (26), uma ocorr\u00eancia de porte ilegal de arma de fogo pela Vila Esperan\u00e7a.<\/p>\n<p>Em patrulhamento, no come\u00e7o da noite de domingo, pela Rua Liberdade no cruzamento com a Said Jundi, os policiais ouviram tr\u00eas disparos de arma de fogo e ogo ap\u00f3s, avistaram uma crian\u00e7a correndo que ao passar pela viatura, apontou para a dire\u00e7\u00e3o da linha f\u00e9rrea.<\/p>\n<p>Os PMs se deslocaram at\u00e9 o local e flagraram tr\u00eas indiv\u00edduos sobre a ferrovia, um dos quais com um rev\u00f3lver, apontando em dire\u00e7\u00e3o as resid\u00eancias da Rua Fernando Costa, enquanto os outros o acompanhavam.<\/p>\n<p>Quando perceberam a viatura, todos empreenderam fuga para um matagal pr\u00f3ximo dali, mas foram perseguidos pelos policiais militares.<\/p>\n<p>Foi solicitado apoio e com aux\u00edlio de outras viaturas, realizaram dilig\u00eancias nas imedia\u00e7\u00f5es e um dos indiv\u00edduos foi flagrado empunhando um rev\u00f3lver calibre 38 da marca Taurus, com seis muni\u00e7\u00f5es deflagradas, duas &#8220;picotadas&#8221; e uma intacta.<\/p>\n<p>Diante dos fatos, o indiv\u00edduo recebeu voz de pris\u00e3o, sendo necess\u00e1rio uso de for\u00e7a f\u00edsica moderada para cont\u00ea-lo. Ele foi encaminhado ao plant\u00e3o onde foi arbitrada fian\u00e7a no valor de R$1 mil que n\u00e3o foi paga e o indiciado foi conduzido para a cadeia p\u00fablica de Adamantina.<\/p>\n<p>Os outros dois que fugiram n\u00e3o tinham sido localizados.<\/p>\n<p>&nbsp;<\/p>\n<p>Informa\u00e7\u00f5es \u2013 Pol\u00edcia Militar<\/p>\n","protected":false},"excerpt":{"rendered":"<p>Ocorr\u00eancia foi registrada pela Vila Esperan\u00e7a, na noite deste domingo (26). A Pol\u00edcia Militar de Osvaldo Cruz registrou neste domingo (26), uma ocorr\u00eancia de porte ilegal de arma de fogo pela Vila Esperan\u00e7a. Em patrulhamento, no come\u00e7o da noite de domingo, pela Rua Liberdade no cruzamento com a Said Jundi, os policiais ouviram tr\u00eas disparos [&hellip;]<\/p>\n","protected":false},"author":3,"featured_media":19849,"comment_status":"closed","ping_status":"open","sticky":false,"template":"","format":"standard","meta":{"_acf_changed":false,"_exactmetrics_skip_tracking":false,"_exactmetrics_sitenote_active":false,"_exactmetrics_sitenote_note":"","_exactmetrics_sitenote_category":0,"footnotes":""},"categories":[24],"tags":[],"class_list":["post-19848","post","type-post","status-publish","format-standard","has-post-thumbnail","hentry","category-regiao"],"acf":[],"yoast_head":"<!-- This site is optimized with the Yoast SEO plugin v27.2 - https:\/\/yoast.com\/product\/yoast-seo-wordpress\/ -->\n<title>Homem \u00e9 preso por porte ilegal de arma de fogo em Osvaldo Cruz - R\u00e1dio Life FM<\/title>\n<meta name=\"robots\" content=\"index, follow, max-snippet:-1, max-image-preview:large, max-video-preview:-1\" \/>\n<link rel=\"canonical\" href=\"https:\/\/radiolifefm.com.br\/noticias\/homem-e-preso-por-porte-ilegal-de-arma-de-fogo-em-osvaldo-cruz-2\/\" \/>\n<meta property=\"og:locale\" content=\"pt_BR\" \/>\n<meta property=\"og:type\" content=\"article\" \/>\n<meta property=\"og:title\" content=\"Homem \u00e9 preso por porte ilegal de arma de fogo em Osvaldo Cruz - R\u00e1dio Life FM\" \/>\n<meta property=\"og:description\" content=\"Ocorr\u00eancia foi registrada pela Vila Esperan\u00e7a, na noite deste domingo (26). A Pol\u00edcia Militar de Osvaldo Cruz registrou neste domingo (26), uma ocorr\u00eancia de porte ilegal de arma de fogo pela Vila Esperan\u00e7a. Em patrulhamento, no come\u00e7o da noite de domingo, pela Rua Liberdade no cruzamento com a Said Jundi, os policiais ouviram tr\u00eas disparos [&hellip;]\" \/>\n<meta property=\"og:url\" content=\"https:\/\/radiolifefm.com.br\/noticias\/homem-e-preso-por-porte-ilegal-de-arma-de-fogo-em-osvaldo-cruz-2\/\" \/>\n<meta property=\"og:site_name\" content=\"R\u00e1dio Life FM\" \/>\n<meta property=\"article:publisher\" content=\"https:\/\/www.facebook.com\/radiolifefm\/\" \/>\n<meta property=\"article:published_time\" content=\"2020-01-27T12:09:49+00:00\" \/>\n<meta property=\"article:modified_time\" content=\"2026-04-13T13:54:40+00:00\" \/>\n<meta property=\"og:image\" content=\"https:\/\/radiolifefm.com.br\/noticias\/wp-content\/uploads\/2020\/01\/Disparos-OC.jpg\" \/>\n\t<meta property=\"og:image:width\" content=\"605\" \/>\n\t<meta property=\"og:image:height\" content=\"453\" \/>\n\t<meta property=\"og:image:type\" content=\"image\/jpeg\" \/>\n<meta name=\"author\" content=\"lifefm\" \/>\n<meta name=\"twitter:card\" content=\"summary_large_image\" \/>\n<meta name=\"twitter:label1\" content=\"Escrito por\" \/>\n\t<meta name=\"twitter:data1\" content=\"lifefm\" \/>\n\t<meta name=\"twitter:label2\" content=\"Est. tempo de leitura\" \/>\n\t<meta name=\"twitter:data2\" content=\"1 minuto\" \/>\n<script type=\"application\/ld+json\" class=\"yoast-schema-graph\">{\"@context\":\"https:\/\/schema.org\",\"@graph\":[{\"@type\":\"Article\",\"@id\":\"https:\/\/radiolifefm.com.br\/noticias\/homem-e-preso-por-porte-ilegal-de-arma-de-fogo-em-osvaldo-cruz-2\/#article\",\"isPartOf\":{\"@id\":\"https:\/\/radiolifefm.com.br\/noticias\/homem-e-preso-por-porte-ilegal-de-arma-de-fogo-em-osvaldo-cruz-2\/\"},\"author\":{\"name\":\"lifefm\",\"@id\":\"https:\/\/radiolifefm.com.br\/noticias\/#\/schema\/person\/1d4e4b1301322090c6221bf1c8420490\"},\"headline\":\"Homem \u00e9 preso por porte ilegal de arma de fogo em Osvaldo Cruz\",\"datePublished\":\"2020-01-27T12:09:49+00:00\",\"dateModified\":\"2026-04-13T13:54:40+00:00\",\"mainEntityOfPage\":{\"@id\":\"https:\/\/radiolifefm.com.br\/noticias\/homem-e-preso-por-porte-ilegal-de-arma-de-fogo-em-osvaldo-cruz-2\/\"},\"wordCount\":271,\"publisher\":{\"@id\":\"https:\/\/radiolifefm.com.br\/noticias\/#organization\"},\"image\":{\"@id\":\"https:\/\/radiolifefm.com.br\/noticias\/homem-e-preso-por-porte-ilegal-de-arma-de-fogo-em-osvaldo-cruz-2\/#primaryimage\"},\"thumbnailUrl\":\"https:\/\/radiolifefm.com.br\/noticias\/wp-content\/uploads\/2020\/01\/Disparos-OC.jpg\",\"articleSection\":[\"Regi\u00e3o\"],\"inLanguage\":\"pt-BR\"},{\"@type\":\"WebPage\",\"@id\":\"https:\/\/radiolifefm.com.br\/noticias\/homem-e-preso-por-porte-ilegal-de-arma-de-fogo-em-osvaldo-cruz-2\/\",\"url\":\"https:\/\/radiolifefm.com.br\/noticias\/homem-e-preso-por-porte-ilegal-de-arma-de-fogo-em-osvaldo-cruz-2\/\",\"name\":\"Homem \u00e9 preso por porte ilegal de arma de fogo em Osvaldo Cruz - R\u00e1dio Life FM\",\"isPartOf\":{\"@id\":\"https:\/\/radiolifefm.com.br\/noticias\/#website\"},\"primaryImageOfPage\":{\"@id\":\"https:\/\/radiolifefm.com.br\/noticias\/homem-e-preso-por-porte-ilegal-de-arma-de-fogo-em-osvaldo-cruz-2\/#primaryimage\"},\"image\":{\"@id\":\"https:\/\/radiolifefm.com.br\/noticias\/homem-e-preso-por-porte-ilegal-de-arma-de-fogo-em-osvaldo-cruz-2\/#primaryimage\"},\"thumbnailUrl\":\"https:\/\/radiolifefm.com.br\/noticias\/wp-content\/uploads\/2020\/01\/Disparos-OC.jpg\",\"datePublished\":\"2020-01-27T12:09:49+00:00\",\"dateModified\":\"2026-04-13T13:54:40+00:00\",\"breadcrumb\":{\"@id\":\"https:\/\/radiolifefm.com.br\/noticias\/homem-e-preso-por-porte-ilegal-de-arma-de-fogo-em-osvaldo-cruz-2\/#breadcrumb\"},\"inLanguage\":\"pt-BR\",\"potentialAction\":[{\"@type\":\"ReadAction\",\"target\":[\"https:\/\/radiolifefm.com.br\/noticias\/homem-e-preso-por-porte-ilegal-de-arma-de-fogo-em-osvaldo-cruz-2\/\"]}]},{\"@type\":\"ImageObject\",\"inLanguage\":\"pt-BR\",\"@id\":\"https:\/\/radiolifefm.com.br\/noticias\/homem-e-preso-por-porte-ilegal-de-arma-de-fogo-em-osvaldo-cruz-2\/#primaryimage\",\"url\":\"https:\/\/radiolifefm.com.br\/noticias\/wp-content\/uploads\/2020\/01\/Disparos-OC.jpg\",\"contentUrl\":\"https:\/\/radiolifefm.com.br\/noticias\/wp-content\/uploads\/2020\/01\/Disparos-OC.jpg\",\"width\":605,\"height\":453,\"caption\":\"Homem \u00e9 preso por porte ilegal de arma de fogo em Osvaldo Cruz ap\u00f3s policiais ouvirem disparos \u2013 Foto - Pol\u00edcia \/ Cedida.\"},{\"@type\":\"BreadcrumbList\",\"@id\":\"https:\/\/radiolifefm.com.br\/noticias\/homem-e-preso-por-porte-ilegal-de-arma-de-fogo-em-osvaldo-cruz-2\/#breadcrumb\",\"itemListElement\":[{\"@type\":\"ListItem\",\"position\":1,\"name\":\"In\u00edcio\",\"item\":\"https:\/\/radiolifefm.com.br\/noticias\/\"},{\"@type\":\"ListItem\",\"position\":2,\"name\":\"Homem \u00e9 preso por porte ilegal de arma de fogo em Osvaldo Cruz\"}]},{\"@type\":\"WebSite\",\"@id\":\"https:\/\/radiolifefm.com.br\/noticias\/#website\",\"url\":\"https:\/\/radiolifefm.com.br\/noticias\/\",\"name\":\"R\u00e1dio Life FM\",\"description\":\"O Portal de Not\u00edcias de Adamantina\",\"publisher\":{\"@id\":\"https:\/\/radiolifefm.com.br\/noticias\/#organization\"},\"alternateName\":\"Life FM\",\"potentialAction\":[{\"@type\":\"SearchAction\",\"target\":{\"@type\":\"EntryPoint\",\"urlTemplate\":\"https:\/\/radiolifefm.com.br\/noticias\/?s={search_term_string}\"},\"query-input\":{\"@type\":\"PropertyValueSpecification\",\"valueRequired\":true,\"valueName\":\"search_term_string\"}}],\"inLanguage\":\"pt-BR\"},{\"@type\":\"Organization\",\"@id\":\"https:\/\/radiolifefm.com.br\/noticias\/#organization\",\"name\":\"R\u00e1dio Life FM\",\"alternateName\":\"Life FM\",\"url\":\"https:\/\/radiolifefm.com.br\/noticias\/\",\"logo\":{\"@type\":\"ImageObject\",\"inLanguage\":\"pt-BR\",\"@id\":\"https:\/\/radiolifefm.com.br\/noticias\/#\/schema\/logo\/image\/\",\"url\":\"https:\/\/static.radiolifefm.com.br\/noticias\/wp-content\/uploads\/2019\/10\/logo-lifefm.png\",\"contentUrl\":\"https:\/\/static.radiolifefm.com.br\/noticias\/wp-content\/uploads\/2019\/10\/logo-lifefm.png\",\"width\":196,\"height\":47,\"caption\":\"R\u00e1dio Life FM\"},\"image\":{\"@id\":\"https:\/\/radiolifefm.com.br\/noticias\/#\/schema\/logo\/image\/\"},\"sameAs\":[\"https:\/\/www.facebook.com\/radiolifefm\/\",\"https:\/\/www.instagram.com\/life1079fm\/\"]},{\"@type\":\"Person\",\"@id\":\"https:\/\/radiolifefm.com.br\/noticias\/#\/schema\/person\/1d4e4b1301322090c6221bf1c8420490\",\"name\":\"lifefm\",\"image\":{\"@type\":\"ImageObject\",\"inLanguage\":\"pt-BR\",\"@id\":\"https:\/\/secure.gravatar.com\/avatar\/eca268467d925ec97d20641bb054fd944c0abb2f92854171620706bbe6474e7c?s=96&d=mm&r=g\",\"url\":\"https:\/\/secure.gravatar.com\/avatar\/eca268467d925ec97d20641bb054fd944c0abb2f92854171620706bbe6474e7c?s=96&d=mm&r=g\",\"contentUrl\":\"https:\/\/secure.gravatar.com\/avatar\/eca268467d925ec97d20641bb054fd944c0abb2f92854171620706bbe6474e7c?s=96&d=mm&r=g\",\"caption\":\"lifefm\"}}]}<\/script>\n<!-- \/ Yoast SEO plugin. -->","yoast_head_json":{"title":"Homem \u00e9 preso por porte ilegal de arma de fogo em Osvaldo Cruz - R\u00e1dio Life FM","robots":{"index":"index","follow":"follow","max-snippet":"max-snippet:-1","max-image-preview":"max-image-preview:large","max-video-preview":"max-video-preview:-1"},"canonical":"https:\/\/radiolifefm.com.br\/noticias\/homem-e-preso-por-porte-ilegal-de-arma-de-fogo-em-osvaldo-cruz-2\/","og_locale":"pt_BR","og_type":"article","og_title":"Homem \u00e9 preso por porte ilegal de arma de fogo em Osvaldo Cruz - R\u00e1dio Life FM","og_description":"Ocorr\u00eancia foi registrada pela Vila Esperan\u00e7a, na noite deste domingo (26). A Pol\u00edcia Militar de Osvaldo Cruz registrou neste domingo (26), uma ocorr\u00eancia de porte ilegal de arma de fogo pela Vila Esperan\u00e7a. Em patrulhamento, no come\u00e7o da noite de domingo, pela Rua Liberdade no cruzamento com a Said Jundi, os policiais ouviram tr\u00eas disparos [&hellip;]","og_url":"https:\/\/radiolifefm.com.br\/noticias\/homem-e-preso-por-porte-ilegal-de-arma-de-fogo-em-osvaldo-cruz-2\/","og_site_name":"R\u00e1dio Life FM","article_publisher":"https:\/\/www.facebook.com\/radiolifefm\/","article_published_time":"2020-01-27T12:09:49+00:00","article_modified_time":"2026-04-13T13:54:40+00:00","og_image":[{"width":605,"height":453,"url":"https:\/\/radiolifefm.com.br\/noticias\/wp-content\/uploads\/2020\/01\/Disparos-OC.jpg","type":"image\/jpeg"}],"author":"lifefm","twitter_card":"summary_large_image","twitter_misc":{"Escrito por":"lifefm","Est. tempo de leitura":"1 minuto"},"schema":{"@context":"https:\/\/schema.org","@graph":[{"@type":"Article","@id":"https:\/\/radiolifefm.com.br\/noticias\/homem-e-preso-por-porte-ilegal-de-arma-de-fogo-em-osvaldo-cruz-2\/#article","isPartOf":{"@id":"https:\/\/radiolifefm.com.br\/noticias\/homem-e-preso-por-porte-ilegal-de-arma-de-fogo-em-osvaldo-cruz-2\/"},"author":{"name":"lifefm","@id":"https:\/\/radiolifefm.com.br\/noticias\/#\/schema\/person\/1d4e4b1301322090c6221bf1c8420490"},"headline":"Homem \u00e9 preso por porte ilegal de arma de fogo em Osvaldo Cruz","datePublished":"2020-01-27T12:09:49+00:00","dateModified":"2026-04-13T13:54:40+00:00","mainEntityOfPage":{"@id":"https:\/\/radiolifefm.com.br\/noticias\/homem-e-preso-por-porte-ilegal-de-arma-de-fogo-em-osvaldo-cruz-2\/"},"wordCount":271,"publisher":{"@id":"https:\/\/radiolifefm.com.br\/noticias\/#organization"},"image":{"@id":"https:\/\/radiolifefm.com.br\/noticias\/homem-e-preso-por-porte-ilegal-de-arma-de-fogo-em-osvaldo-cruz-2\/#primaryimage"},"thumbnailUrl":"https:\/\/radiolifefm.com.br\/noticias\/wp-content\/uploads\/2020\/01\/Disparos-OC.jpg","articleSection":["Regi\u00e3o"],"inLanguage":"pt-BR"},{"@type":"WebPage","@id":"https:\/\/radiolifefm.com.br\/noticias\/homem-e-preso-por-porte-ilegal-de-arma-de-fogo-em-osvaldo-cruz-2\/","url":"https:\/\/radiolifefm.com.br\/noticias\/homem-e-preso-por-porte-ilegal-de-arma-de-fogo-em-osvaldo-cruz-2\/","name":"Homem \u00e9 preso por porte ilegal de arma de fogo em Osvaldo Cruz - R\u00e1dio Life FM","isPartOf":{"@id":"https:\/\/radiolifefm.com.br\/noticias\/#website"},"primaryImageOfPage":{"@id":"https:\/\/radiolifefm.com.br\/noticias\/homem-e-preso-por-porte-ilegal-de-arma-de-fogo-em-osvaldo-cruz-2\/#primaryimage"},"image":{"@id":"https:\/\/radiolifefm.com.br\/noticias\/homem-e-preso-por-porte-ilegal-de-arma-de-fogo-em-osvaldo-cruz-2\/#primaryimage"},"thumbnailUrl":"https:\/\/radiolifefm.com.br\/noticias\/wp-content\/uploads\/2020\/01\/Disparos-OC.jpg","datePublished":"2020-01-27T12:09:49+00:00","dateModified":"2026-04-13T13:54:40+00:00","breadcrumb":{"@id":"https:\/\/radiolifefm.com.br\/noticias\/homem-e-preso-por-porte-ilegal-de-arma-de-fogo-em-osvaldo-cruz-2\/#breadcrumb"},"inLanguage":"pt-BR","potentialAction":[{"@type":"ReadAction","target":["https:\/\/radiolifefm.com.br\/noticias\/homem-e-preso-por-porte-ilegal-de-arma-de-fogo-em-osvaldo-cruz-2\/"]}]},{"@type":"ImageObject","inLanguage":"pt-BR","@id":"https:\/\/radiolifefm.com.br\/noticias\/homem-e-preso-por-porte-ilegal-de-arma-de-fogo-em-osvaldo-cruz-2\/#primaryimage","url":"https:\/\/radiolifefm.com.br\/noticias\/wp-content\/uploads\/2020\/01\/Disparos-OC.jpg","contentUrl":"https:\/\/radiolifefm.com.br\/noticias\/wp-content\/uploads\/2020\/01\/Disparos-OC.jpg","width":605,"height":453,"caption":"Homem \u00e9 preso por porte ilegal de arma de fogo em Osvaldo Cruz ap\u00f3s policiais ouvirem disparos \u2013 Foto - Pol\u00edcia \/ Cedida."},{"@type":"BreadcrumbList","@id":"https:\/\/radiolifefm.com.br\/noticias\/homem-e-preso-por-porte-ilegal-de-arma-de-fogo-em-osvaldo-cruz-2\/#breadcrumb","itemListElement":[{"@type":"ListItem","position":1,"name":"In\u00edcio","item":"https:\/\/radiolifefm.com.br\/noticias\/"},{"@type":"ListItem","position":2,"name":"Homem \u00e9 preso por porte ilegal de arma de fogo em Osvaldo Cruz"}]},{"@type":"WebSite","@id":"https:\/\/radiolifefm.com.br\/noticias\/#website","url":"https:\/\/radiolifefm.com.br\/noticias\/","name":"R\u00e1dio Life FM","description":"O Portal de Not\u00edcias de Adamantina","publisher":{"@id":"https:\/\/radiolifefm.com.br\/noticias\/#organization"},"alternateName":"Life FM","potentialAction":[{"@type":"SearchAction","target":{"@type":"EntryPoint","urlTemplate":"https:\/\/radiolifefm.com.br\/noticias\/?s={search_term_string}"},"query-input":{"@type":"PropertyValueSpecification","valueRequired":true,"valueName":"search_term_string"}}],"inLanguage":"pt-BR"},{"@type":"Organization","@id":"https:\/\/radiolifefm.com.br\/noticias\/#organization","name":"R\u00e1dio Life FM","alternateName":"Life FM","url":"https:\/\/radiolifefm.com.br\/noticias\/","logo":{"@type":"ImageObject","inLanguage":"pt-BR","@id":"https:\/\/radiolifefm.com.br\/noticias\/#\/schema\/logo\/image\/","url":"https:\/\/static.radiolifefm.com.br\/noticias\/wp-content\/uploads\/2019\/10\/logo-lifefm.png","contentUrl":"https:\/\/static.radiolifefm.com.br\/noticias\/wp-content\/uploads\/2019\/10\/logo-lifefm.png","width":196,"height":47,"caption":"R\u00e1dio Life FM"},"image":{"@id":"https:\/\/radiolifefm.com.br\/noticias\/#\/schema\/logo\/image\/"},"sameAs":["https:\/\/www.facebook.com\/radiolifefm\/","https:\/\/www.instagram.com\/life1079fm\/"]},{"@type":"Person","@id":"https:\/\/radiolifefm.com.br\/noticias\/#\/schema\/person\/1d4e4b1301322090c6221bf1c8420490","name":"lifefm","image":{"@type":"ImageObject","inLanguage":"pt-BR","@id":"https:\/\/secure.gravatar.com\/avatar\/eca268467d925ec97d20641bb054fd944c0abb2f92854171620706bbe6474e7c?s=96&d=mm&r=g","url":"https:\/\/secure.gravatar.com\/avatar\/eca268467d925ec97d20641bb054fd944c0abb2f92854171620706bbe6474e7c?s=96&d=mm&r=g","contentUrl":"https:\/\/secure.gravatar.com\/avatar\/eca268467d925ec97d20641bb054fd944c0abb2f92854171620706bbe6474e7c?s=96&d=mm&r=g","caption":"lifefm"}}]}},"amp_enabled":true,"_links":{"self":[{"href":"https:\/\/radiolifefm.com.br\/noticias\/wp-json\/wp\/v2\/posts\/19848","targetHints":{"allow":["GET"]}}],"collection":[{"href":"https:\/\/radiolifefm.com.br\/noticias\/wp-json\/wp\/v2\/posts"}],"about":[{"href":"https:\/\/radiolifefm.com.br\/noticias\/wp-json\/wp\/v2\/types\/post"}],"author":[{"embeddable":true,"href":"https:\/\/radiolifefm.com.br\/noticias\/wp-json\/wp\/v2\/users\/3"}],"replies":[{"embeddable":true,"href":"https:\/\/radiolifefm.com.br\/noticias\/wp-json\/wp\/v2\/comments?post=19848"}],"version-history":[{"count":1,"href":"https:\/\/radiolifefm.com.br\/noticias\/wp-json\/wp\/v2\/posts\/19848\/revisions"}],"predecessor-version":[{"id":19850,"href":"https:\/\/radiolifefm.com.br\/noticias\/wp-json\/wp\/v2\/posts\/19848\/revisions\/19850"}],"wp:featuredmedia":[{"embeddable":true,"href":"https:\/\/radiolifefm.com.br\/noticias\/wp-json\/wp\/v2\/media\/19849"}],"wp:attachment":[{"href":"https:\/\/radiolifefm.com.br\/noticias\/wp-json\/wp\/v2\/media?parent=19848"}],"wp:term":[{"taxonomy":"category","embeddable":true,"href":"https:\/\/radiolifefm.com.br\/noticias\/wp-json\/wp\/v2\/categories?post=19848"},{"taxonomy":"post_tag","embeddable":true,"href":"https:\/\/radiolifefm.com.br\/noticias\/wp-json\/wp\/v2\/tags?post=19848"}],"curies":[{"name":"wp","href":"https:\/\/api.w.org\/{rel}","templated":true}]}}