{"id":19833,"date":"2020-01-26T10:49:20","date_gmt":"2020-01-26T13:49:20","guid":{"rendered":"https:\/\/radiolifefm.com.br\/noticias\/?p=19833"},"modified":"2026-04-12T17:18:31","modified_gmt":"2026-04-12T20:18:31","slug":"acidente-de-transito-envolvendo-um-kia-sportage-e-um-saveiro-deixa-tres-feridos-leves","status":"publish","type":"post","link":"https:\/\/radiolifefm.com.br\/noticias\/acidente-de-transito-envolvendo-um-kia-sportage-e-um-saveiro-deixa-tres-feridos-leves\/","title":{"rendered":"Acidente de Tr\u00e2nsito envolvendo um Kia Sportage e um Saveiro deixa tr\u00eas feridos leves"},"content":{"rendered":"<div id=\"fb-root\"><\/div>\n<p><em>Ocorr\u00eancia foi registrada pela SP 294 \u2013 Rodovia Comandante Jo\u00e3o Riberio de Barros, em Santa Mercedes\/SP.<\/em><\/p>\n<p>O Policiamento Rodovi\u00e1rio atendeu na madrugada deste domingo (26), uma ocorr\u00eancia de acidente de tr\u00e2nsito, uma colis\u00e3o transversal seguido de capotamento, onde os ve\u00edculos envolvidos, um KIA\/Sportage e um Saveiro, transitavam em sentidos opostos nas proximidades do km 680, quando no local houve a colis\u00e3o.<\/p>\n<p>Ap\u00f3s o choque aconteceu o capotamento do Saveiro, resultando em tr\u00eas v\u00edtimas leves, sendo os condutores, de 30 e 26 anos, respectivamente e uma passageira de 29 anos, que viajava no VW Saveiro.<\/p>\n<p>As v\u00edtimas, duas delas socorridas por populares e outra atrav\u00e9s de uma ambul\u00e2ncia municipal, as quais foram destinadas as unidades de Pronto Atendimento M\u00e9dico de Panorama e Paulic\u00e9ia.<\/p>\n<p>O local e os ve\u00edculos foram periciados, servindo de base para apura\u00e7\u00e3o dos fatos sendo a ocorr\u00eancia direcionada a Delegacia do munic\u00edpio.<\/p>\n<p>Ocorr\u00eancia finalizada as 06h30min.<\/p>\n<p>Informa\u00e7\u00f5es \u2013 pol\u00edcia Rodovi\u00e1ria<\/p>\n","protected":false},"excerpt":{"rendered":"<p>Ocorr\u00eancia foi registrada pela SP 294 \u2013 Rodovia Comandante Jo\u00e3o Riberio de Barros, em Santa Mercedes\/SP. O Policiamento Rodovi\u00e1rio atendeu na madrugada deste domingo (26), uma ocorr\u00eancia de acidente de tr\u00e2nsito, uma colis\u00e3o transversal seguido de capotamento, onde os ve\u00edculos envolvidos, um KIA\/Sportage e um Saveiro, transitavam em sentidos opostos nas proximidades do km 680, [&hellip;]<\/p>\n","protected":false},"author":3,"featured_media":19835,"comment_status":"closed","ping_status":"open","sticky":false,"template":"","format":"standard","meta":{"_acf_changed":false,"_exactmetrics_skip_tracking":false,"_exactmetrics_sitenote_active":false,"_exactmetrics_sitenote_note":"","_exactmetrics_sitenote_category":0,"footnotes":""},"categories":[24],"tags":[],"class_list":["post-19833","post","type-post","status-publish","format-standard","has-post-thumbnail","hentry","category-regiao"],"acf":[],"yoast_head":"<!-- This site is optimized with the Yoast SEO plugin v27.2 - https:\/\/yoast.com\/product\/yoast-seo-wordpress\/ -->\n<title>Acidente de Tr\u00e2nsito envolvendo um Kia Sportage e um Saveiro deixa tr\u00eas feridos leves - R\u00e1dio Life FM<\/title>\n<meta name=\"robots\" content=\"index, follow, max-snippet:-1, max-image-preview:large, max-video-preview:-1\" \/>\n<link rel=\"canonical\" href=\"https:\/\/radiolifefm.com.br\/noticias\/acidente-de-transito-envolvendo-um-kia-sportage-e-um-saveiro-deixa-tres-feridos-leves\/\" \/>\n<meta property=\"og:locale\" content=\"pt_BR\" \/>\n<meta property=\"og:type\" content=\"article\" \/>\n<meta property=\"og:title\" content=\"Acidente de Tr\u00e2nsito envolvendo um Kia Sportage e um Saveiro deixa tr\u00eas feridos leves - R\u00e1dio Life FM\" \/>\n<meta property=\"og:description\" content=\"Ocorr\u00eancia foi registrada pela SP 294 \u2013 Rodovia Comandante Jo\u00e3o Riberio de Barros, em Santa Mercedes\/SP. O Policiamento Rodovi\u00e1rio atendeu na madrugada deste domingo (26), uma ocorr\u00eancia de acidente de tr\u00e2nsito, uma colis\u00e3o transversal seguido de capotamento, onde os ve\u00edculos envolvidos, um KIA\/Sportage e um Saveiro, transitavam em sentidos opostos nas proximidades do km 680, [&hellip;]\" \/>\n<meta property=\"og:url\" content=\"https:\/\/radiolifefm.com.br\/noticias\/acidente-de-transito-envolvendo-um-kia-sportage-e-um-saveiro-deixa-tres-feridos-leves\/\" \/>\n<meta property=\"og:site_name\" content=\"R\u00e1dio Life FM\" \/>\n<meta property=\"article:publisher\" content=\"https:\/\/www.facebook.com\/radiolifefm\/\" \/>\n<meta property=\"article:published_time\" content=\"2020-01-26T13:49:20+00:00\" \/>\n<meta property=\"article:modified_time\" content=\"2026-04-12T20:18:31+00:00\" \/>\n<meta property=\"og:image\" content=\"https:\/\/radiolifefm.com.br\/noticias\/wp-content\/uploads\/2020\/01\/Pol\u00edcia-Rodovi\u00e1ria-Imagem.jpg\" \/>\n\t<meta property=\"og:image:width\" content=\"300\" \/>\n\t<meta property=\"og:image:height\" content=\"168\" \/>\n\t<meta property=\"og:image:type\" content=\"image\/jpeg\" \/>\n<meta name=\"author\" content=\"lifefm\" \/>\n<meta name=\"twitter:card\" content=\"summary_large_image\" \/>\n<meta name=\"twitter:label1\" content=\"Escrito por\" \/>\n\t<meta name=\"twitter:data1\" content=\"lifefm\" \/>\n\t<meta name=\"twitter:label2\" content=\"Est. tempo de leitura\" \/>\n\t<meta name=\"twitter:data2\" content=\"1 minuto\" \/>\n<script type=\"application\/ld+json\" class=\"yoast-schema-graph\">{\"@context\":\"https:\/\/schema.org\",\"@graph\":[{\"@type\":\"Article\",\"@id\":\"https:\/\/radiolifefm.com.br\/noticias\/acidente-de-transito-envolvendo-um-kia-sportage-e-um-saveiro-deixa-tres-feridos-leves\/#article\",\"isPartOf\":{\"@id\":\"https:\/\/radiolifefm.com.br\/noticias\/acidente-de-transito-envolvendo-um-kia-sportage-e-um-saveiro-deixa-tres-feridos-leves\/\"},\"author\":{\"name\":\"lifefm\",\"@id\":\"https:\/\/radiolifefm.com.br\/noticias\/#\/schema\/person\/1d4e4b1301322090c6221bf1c8420490\"},\"headline\":\"Acidente de Tr\u00e2nsito envolvendo um Kia Sportage e um Saveiro deixa tr\u00eas feridos leves\",\"datePublished\":\"2020-01-26T13:49:20+00:00\",\"dateModified\":\"2026-04-12T20:18:31+00:00\",\"mainEntityOfPage\":{\"@id\":\"https:\/\/radiolifefm.com.br\/noticias\/acidente-de-transito-envolvendo-um-kia-sportage-e-um-saveiro-deixa-tres-feridos-leves\/\"},\"wordCount\":187,\"publisher\":{\"@id\":\"https:\/\/radiolifefm.com.br\/noticias\/#organization\"},\"image\":{\"@id\":\"https:\/\/radiolifefm.com.br\/noticias\/acidente-de-transito-envolvendo-um-kia-sportage-e-um-saveiro-deixa-tres-feridos-leves\/#primaryimage\"},\"thumbnailUrl\":\"https:\/\/radiolifefm.com.br\/noticias\/wp-content\/uploads\/2020\/01\/Pol\u00edcia-Rodovi\u00e1ria-Imagem.jpg\",\"articleSection\":[\"Regi\u00e3o\"],\"inLanguage\":\"pt-BR\"},{\"@type\":\"WebPage\",\"@id\":\"https:\/\/radiolifefm.com.br\/noticias\/acidente-de-transito-envolvendo-um-kia-sportage-e-um-saveiro-deixa-tres-feridos-leves\/\",\"url\":\"https:\/\/radiolifefm.com.br\/noticias\/acidente-de-transito-envolvendo-um-kia-sportage-e-um-saveiro-deixa-tres-feridos-leves\/\",\"name\":\"Acidente de Tr\u00e2nsito envolvendo um Kia Sportage e um Saveiro deixa tr\u00eas feridos leves - R\u00e1dio Life FM\",\"isPartOf\":{\"@id\":\"https:\/\/radiolifefm.com.br\/noticias\/#website\"},\"primaryImageOfPage\":{\"@id\":\"https:\/\/radiolifefm.com.br\/noticias\/acidente-de-transito-envolvendo-um-kia-sportage-e-um-saveiro-deixa-tres-feridos-leves\/#primaryimage\"},\"image\":{\"@id\":\"https:\/\/radiolifefm.com.br\/noticias\/acidente-de-transito-envolvendo-um-kia-sportage-e-um-saveiro-deixa-tres-feridos-leves\/#primaryimage\"},\"thumbnailUrl\":\"https:\/\/radiolifefm.com.br\/noticias\/wp-content\/uploads\/2020\/01\/Pol\u00edcia-Rodovi\u00e1ria-Imagem.jpg\",\"datePublished\":\"2020-01-26T13:49:20+00:00\",\"dateModified\":\"2026-04-12T20:18:31+00:00\",\"breadcrumb\":{\"@id\":\"https:\/\/radiolifefm.com.br\/noticias\/acidente-de-transito-envolvendo-um-kia-sportage-e-um-saveiro-deixa-tres-feridos-leves\/#breadcrumb\"},\"inLanguage\":\"pt-BR\",\"potentialAction\":[{\"@type\":\"ReadAction\",\"target\":[\"https:\/\/radiolifefm.com.br\/noticias\/acidente-de-transito-envolvendo-um-kia-sportage-e-um-saveiro-deixa-tres-feridos-leves\/\"]}]},{\"@type\":\"ImageObject\",\"inLanguage\":\"pt-BR\",\"@id\":\"https:\/\/radiolifefm.com.br\/noticias\/acidente-de-transito-envolvendo-um-kia-sportage-e-um-saveiro-deixa-tres-feridos-leves\/#primaryimage\",\"url\":\"https:\/\/radiolifefm.com.br\/noticias\/wp-content\/uploads\/2020\/01\/Pol\u00edcia-Rodovi\u00e1ria-Imagem.jpg\",\"contentUrl\":\"https:\/\/radiolifefm.com.br\/noticias\/wp-content\/uploads\/2020\/01\/Pol\u00edcia-Rodovi\u00e1ria-Imagem.jpg\",\"width\":300,\"height\":168},{\"@type\":\"BreadcrumbList\",\"@id\":\"https:\/\/radiolifefm.com.br\/noticias\/acidente-de-transito-envolvendo-um-kia-sportage-e-um-saveiro-deixa-tres-feridos-leves\/#breadcrumb\",\"itemListElement\":[{\"@type\":\"ListItem\",\"position\":1,\"name\":\"In\u00edcio\",\"item\":\"https:\/\/radiolifefm.com.br\/noticias\/\"},{\"@type\":\"ListItem\",\"position\":2,\"name\":\"Acidente de Tr\u00e2nsito envolvendo um Kia Sportage e um Saveiro deixa tr\u00eas feridos leves\"}]},{\"@type\":\"WebSite\",\"@id\":\"https:\/\/radiolifefm.com.br\/noticias\/#website\",\"url\":\"https:\/\/radiolifefm.com.br\/noticias\/\",\"name\":\"R\u00e1dio Life FM\",\"description\":\"O Portal de Not\u00edcias de Adamantina\",\"publisher\":{\"@id\":\"https:\/\/radiolifefm.com.br\/noticias\/#organization\"},\"alternateName\":\"Life FM\",\"potentialAction\":[{\"@type\":\"SearchAction\",\"target\":{\"@type\":\"EntryPoint\",\"urlTemplate\":\"https:\/\/radiolifefm.com.br\/noticias\/?s={search_term_string}\"},\"query-input\":{\"@type\":\"PropertyValueSpecification\",\"valueRequired\":true,\"valueName\":\"search_term_string\"}}],\"inLanguage\":\"pt-BR\"},{\"@type\":\"Organization\",\"@id\":\"https:\/\/radiolifefm.com.br\/noticias\/#organization\",\"name\":\"R\u00e1dio Life FM\",\"alternateName\":\"Life FM\",\"url\":\"https:\/\/radiolifefm.com.br\/noticias\/\",\"logo\":{\"@type\":\"ImageObject\",\"inLanguage\":\"pt-BR\",\"@id\":\"https:\/\/radiolifefm.com.br\/noticias\/#\/schema\/logo\/image\/\",\"url\":\"https:\/\/static.radiolifefm.com.br\/noticias\/wp-content\/uploads\/2019\/10\/logo-lifefm.png\",\"contentUrl\":\"https:\/\/static.radiolifefm.com.br\/noticias\/wp-content\/uploads\/2019\/10\/logo-lifefm.png\",\"width\":196,\"height\":47,\"caption\":\"R\u00e1dio Life FM\"},\"image\":{\"@id\":\"https:\/\/radiolifefm.com.br\/noticias\/#\/schema\/logo\/image\/\"},\"sameAs\":[\"https:\/\/www.facebook.com\/radiolifefm\/\",\"https:\/\/www.instagram.com\/life1079fm\/\"]},{\"@type\":\"Person\",\"@id\":\"https:\/\/radiolifefm.com.br\/noticias\/#\/schema\/person\/1d4e4b1301322090c6221bf1c8420490\",\"name\":\"lifefm\",\"image\":{\"@type\":\"ImageObject\",\"inLanguage\":\"pt-BR\",\"@id\":\"https:\/\/secure.gravatar.com\/avatar\/eca268467d925ec97d20641bb054fd944c0abb2f92854171620706bbe6474e7c?s=96&d=mm&r=g\",\"url\":\"https:\/\/secure.gravatar.com\/avatar\/eca268467d925ec97d20641bb054fd944c0abb2f92854171620706bbe6474e7c?s=96&d=mm&r=g\",\"contentUrl\":\"https:\/\/secure.gravatar.com\/avatar\/eca268467d925ec97d20641bb054fd944c0abb2f92854171620706bbe6474e7c?s=96&d=mm&r=g\",\"caption\":\"lifefm\"}}]}<\/script>\n<!-- \/ Yoast SEO plugin. -->","yoast_head_json":{"title":"Acidente de Tr\u00e2nsito envolvendo um Kia Sportage e um Saveiro deixa tr\u00eas feridos leves - R\u00e1dio Life FM","robots":{"index":"index","follow":"follow","max-snippet":"max-snippet:-1","max-image-preview":"max-image-preview:large","max-video-preview":"max-video-preview:-1"},"canonical":"https:\/\/radiolifefm.com.br\/noticias\/acidente-de-transito-envolvendo-um-kia-sportage-e-um-saveiro-deixa-tres-feridos-leves\/","og_locale":"pt_BR","og_type":"article","og_title":"Acidente de Tr\u00e2nsito envolvendo um Kia Sportage e um Saveiro deixa tr\u00eas feridos leves - R\u00e1dio Life FM","og_description":"Ocorr\u00eancia foi registrada pela SP 294 \u2013 Rodovia Comandante Jo\u00e3o Riberio de Barros, em Santa Mercedes\/SP. O Policiamento Rodovi\u00e1rio atendeu na madrugada deste domingo (26), uma ocorr\u00eancia de acidente de tr\u00e2nsito, uma colis\u00e3o transversal seguido de capotamento, onde os ve\u00edculos envolvidos, um KIA\/Sportage e um Saveiro, transitavam em sentidos opostos nas proximidades do km 680, [&hellip;]","og_url":"https:\/\/radiolifefm.com.br\/noticias\/acidente-de-transito-envolvendo-um-kia-sportage-e-um-saveiro-deixa-tres-feridos-leves\/","og_site_name":"R\u00e1dio Life FM","article_publisher":"https:\/\/www.facebook.com\/radiolifefm\/","article_published_time":"2020-01-26T13:49:20+00:00","article_modified_time":"2026-04-12T20:18:31+00:00","og_image":[{"width":300,"height":168,"url":"https:\/\/radiolifefm.com.br\/noticias\/wp-content\/uploads\/2020\/01\/Pol\u00edcia-Rodovi\u00e1ria-Imagem.jpg","type":"image\/jpeg"}],"author":"lifefm","twitter_card":"summary_large_image","twitter_misc":{"Escrito por":"lifefm","Est. tempo de leitura":"1 minuto"},"schema":{"@context":"https:\/\/schema.org","@graph":[{"@type":"Article","@id":"https:\/\/radiolifefm.com.br\/noticias\/acidente-de-transito-envolvendo-um-kia-sportage-e-um-saveiro-deixa-tres-feridos-leves\/#article","isPartOf":{"@id":"https:\/\/radiolifefm.com.br\/noticias\/acidente-de-transito-envolvendo-um-kia-sportage-e-um-saveiro-deixa-tres-feridos-leves\/"},"author":{"name":"lifefm","@id":"https:\/\/radiolifefm.com.br\/noticias\/#\/schema\/person\/1d4e4b1301322090c6221bf1c8420490"},"headline":"Acidente de Tr\u00e2nsito envolvendo um Kia Sportage e um Saveiro deixa tr\u00eas feridos leves","datePublished":"2020-01-26T13:49:20+00:00","dateModified":"2026-04-12T20:18:31+00:00","mainEntityOfPage":{"@id":"https:\/\/radiolifefm.com.br\/noticias\/acidente-de-transito-envolvendo-um-kia-sportage-e-um-saveiro-deixa-tres-feridos-leves\/"},"wordCount":187,"publisher":{"@id":"https:\/\/radiolifefm.com.br\/noticias\/#organization"},"image":{"@id":"https:\/\/radiolifefm.com.br\/noticias\/acidente-de-transito-envolvendo-um-kia-sportage-e-um-saveiro-deixa-tres-feridos-leves\/#primaryimage"},"thumbnailUrl":"https:\/\/radiolifefm.com.br\/noticias\/wp-content\/uploads\/2020\/01\/Pol\u00edcia-Rodovi\u00e1ria-Imagem.jpg","articleSection":["Regi\u00e3o"],"inLanguage":"pt-BR"},{"@type":"WebPage","@id":"https:\/\/radiolifefm.com.br\/noticias\/acidente-de-transito-envolvendo-um-kia-sportage-e-um-saveiro-deixa-tres-feridos-leves\/","url":"https:\/\/radiolifefm.com.br\/noticias\/acidente-de-transito-envolvendo-um-kia-sportage-e-um-saveiro-deixa-tres-feridos-leves\/","name":"Acidente de Tr\u00e2nsito envolvendo um Kia Sportage e um Saveiro deixa tr\u00eas feridos leves - R\u00e1dio Life FM","isPartOf":{"@id":"https:\/\/radiolifefm.com.br\/noticias\/#website"},"primaryImageOfPage":{"@id":"https:\/\/radiolifefm.com.br\/noticias\/acidente-de-transito-envolvendo-um-kia-sportage-e-um-saveiro-deixa-tres-feridos-leves\/#primaryimage"},"image":{"@id":"https:\/\/radiolifefm.com.br\/noticias\/acidente-de-transito-envolvendo-um-kia-sportage-e-um-saveiro-deixa-tres-feridos-leves\/#primaryimage"},"thumbnailUrl":"https:\/\/radiolifefm.com.br\/noticias\/wp-content\/uploads\/2020\/01\/Pol\u00edcia-Rodovi\u00e1ria-Imagem.jpg","datePublished":"2020-01-26T13:49:20+00:00","dateModified":"2026-04-12T20:18:31+00:00","breadcrumb":{"@id":"https:\/\/radiolifefm.com.br\/noticias\/acidente-de-transito-envolvendo-um-kia-sportage-e-um-saveiro-deixa-tres-feridos-leves\/#breadcrumb"},"inLanguage":"pt-BR","potentialAction":[{"@type":"ReadAction","target":["https:\/\/radiolifefm.com.br\/noticias\/acidente-de-transito-envolvendo-um-kia-sportage-e-um-saveiro-deixa-tres-feridos-leves\/"]}]},{"@type":"ImageObject","inLanguage":"pt-BR","@id":"https:\/\/radiolifefm.com.br\/noticias\/acidente-de-transito-envolvendo-um-kia-sportage-e-um-saveiro-deixa-tres-feridos-leves\/#primaryimage","url":"https:\/\/radiolifefm.com.br\/noticias\/wp-content\/uploads\/2020\/01\/Pol\u00edcia-Rodovi\u00e1ria-Imagem.jpg","contentUrl":"https:\/\/radiolifefm.com.br\/noticias\/wp-content\/uploads\/2020\/01\/Pol\u00edcia-Rodovi\u00e1ria-Imagem.jpg","width":300,"height":168},{"@type":"BreadcrumbList","@id":"https:\/\/radiolifefm.com.br\/noticias\/acidente-de-transito-envolvendo-um-kia-sportage-e-um-saveiro-deixa-tres-feridos-leves\/#breadcrumb","itemListElement":[{"@type":"ListItem","position":1,"name":"In\u00edcio","item":"https:\/\/radiolifefm.com.br\/noticias\/"},{"@type":"ListItem","position":2,"name":"Acidente de Tr\u00e2nsito envolvendo um Kia Sportage e um Saveiro deixa tr\u00eas feridos leves"}]},{"@type":"WebSite","@id":"https:\/\/radiolifefm.com.br\/noticias\/#website","url":"https:\/\/radiolifefm.com.br\/noticias\/","name":"R\u00e1dio Life FM","description":"O Portal de Not\u00edcias de Adamantina","publisher":{"@id":"https:\/\/radiolifefm.com.br\/noticias\/#organization"},"alternateName":"Life FM","potentialAction":[{"@type":"SearchAction","target":{"@type":"EntryPoint","urlTemplate":"https:\/\/radiolifefm.com.br\/noticias\/?s={search_term_string}"},"query-input":{"@type":"PropertyValueSpecification","valueRequired":true,"valueName":"search_term_string"}}],"inLanguage":"pt-BR"},{"@type":"Organization","@id":"https:\/\/radiolifefm.com.br\/noticias\/#organization","name":"R\u00e1dio Life FM","alternateName":"Life FM","url":"https:\/\/radiolifefm.com.br\/noticias\/","logo":{"@type":"ImageObject","inLanguage":"pt-BR","@id":"https:\/\/radiolifefm.com.br\/noticias\/#\/schema\/logo\/image\/","url":"https:\/\/static.radiolifefm.com.br\/noticias\/wp-content\/uploads\/2019\/10\/logo-lifefm.png","contentUrl":"https:\/\/static.radiolifefm.com.br\/noticias\/wp-content\/uploads\/2019\/10\/logo-lifefm.png","width":196,"height":47,"caption":"R\u00e1dio Life FM"},"image":{"@id":"https:\/\/radiolifefm.com.br\/noticias\/#\/schema\/logo\/image\/"},"sameAs":["https:\/\/www.facebook.com\/radiolifefm\/","https:\/\/www.instagram.com\/life1079fm\/"]},{"@type":"Person","@id":"https:\/\/radiolifefm.com.br\/noticias\/#\/schema\/person\/1d4e4b1301322090c6221bf1c8420490","name":"lifefm","image":{"@type":"ImageObject","inLanguage":"pt-BR","@id":"https:\/\/secure.gravatar.com\/avatar\/eca268467d925ec97d20641bb054fd944c0abb2f92854171620706bbe6474e7c?s=96&d=mm&r=g","url":"https:\/\/secure.gravatar.com\/avatar\/eca268467d925ec97d20641bb054fd944c0abb2f92854171620706bbe6474e7c?s=96&d=mm&r=g","contentUrl":"https:\/\/secure.gravatar.com\/avatar\/eca268467d925ec97d20641bb054fd944c0abb2f92854171620706bbe6474e7c?s=96&d=mm&r=g","caption":"lifefm"}}]}},"amp_enabled":true,"_links":{"self":[{"href":"https:\/\/radiolifefm.com.br\/noticias\/wp-json\/wp\/v2\/posts\/19833","targetHints":{"allow":["GET"]}}],"collection":[{"href":"https:\/\/radiolifefm.com.br\/noticias\/wp-json\/wp\/v2\/posts"}],"about":[{"href":"https:\/\/radiolifefm.com.br\/noticias\/wp-json\/wp\/v2\/types\/post"}],"author":[{"embeddable":true,"href":"https:\/\/radiolifefm.com.br\/noticias\/wp-json\/wp\/v2\/users\/3"}],"replies":[{"embeddable":true,"href":"https:\/\/radiolifefm.com.br\/noticias\/wp-json\/wp\/v2\/comments?post=19833"}],"version-history":[{"count":1,"href":"https:\/\/radiolifefm.com.br\/noticias\/wp-json\/wp\/v2\/posts\/19833\/revisions"}],"predecessor-version":[{"id":19836,"href":"https:\/\/radiolifefm.com.br\/noticias\/wp-json\/wp\/v2\/posts\/19833\/revisions\/19836"}],"wp:featuredmedia":[{"embeddable":true,"href":"https:\/\/radiolifefm.com.br\/noticias\/wp-json\/wp\/v2\/media\/19835"}],"wp:attachment":[{"href":"https:\/\/radiolifefm.com.br\/noticias\/wp-json\/wp\/v2\/media?parent=19833"}],"wp:term":[{"taxonomy":"category","embeddable":true,"href":"https:\/\/radiolifefm.com.br\/noticias\/wp-json\/wp\/v2\/categories?post=19833"},{"taxonomy":"post_tag","embeddable":true,"href":"https:\/\/radiolifefm.com.br\/noticias\/wp-json\/wp\/v2\/tags?post=19833"}],"curies":[{"name":"wp","href":"https:\/\/api.w.org\/{rel}","templated":true}]}}