{"id":19645,"date":"2020-01-22T08:45:01","date_gmt":"2020-01-22T11:45:01","guid":{"rendered":"https:\/\/radiolifefm.com.br\/noticias\/?p=19645"},"modified":"2026-01-19T08:09:05","modified_gmt":"2026-01-19T11:09:05","slug":"organizacao-e-mercado-regional-sergio-barbosa-opiniao","status":"publish","type":"post","link":"https:\/\/radiolifefm.com.br\/noticias\/organizacao-e-mercado-regional-sergio-barbosa-opiniao\/","title":{"rendered":"Organiza\u00e7\u00e3o e Mercado Regional&#8230;   &#8211;  S\u00e9rgio Barbosa &#8211; Opini\u00e3o"},"content":{"rendered":"<div id=\"fb-root\"><\/div>\n<p><strong>Organiza\u00e7\u00e3o e Mercado Regional&#8230;<\/strong><\/p>\n<p><em>&#8220;As ideias s\u00e3o um capital que s\u00f3 d\u00e1 juros nas m\u00e3o do talento.&#8221; (Rivarol)<\/em><br \/>\n<em>S\u00e9rgio Barbosa (*).<\/em><\/p>\n<p>Pode-se afirmar que atualmente o cen\u00e1rio mercadol\u00f3gico continua proporcionando momentos de incertezas em todas as \u00e1reas, assim, faz-se necess\u00e1rio que as organiza\u00e7\u00f5es estejam em estado de alerta com o contexto plural deste tempo de incertezas&#8230;<\/p>\n<p>Tais divaga\u00e7\u00f5es est\u00e3o localizadas em temas e tem\u00e1ticas que est\u00e3o al\u00e9m do pragmatismo contextualizado deste ou daquele momento, portanto, \u00e9 necess\u00e1rio que a organiza\u00e7\u00e3o esteja preparada para enfrentar as turbul\u00eancias do mercado&#8230;<\/p>\n<p>Mesmo assim, tudo pode ocorrer de um momento par ao outro, por isso, em quest\u00e3o de gest\u00e3o \u00e9 fundamental, primeiro, entender e depois, aplicar as propostas mediadas pela &#8220;teoria dos jogos&#8221; em benef\u00edcio da organiza\u00e7\u00e3o e sempre buscando estar em conex\u00e3o com as tend\u00eancias mercadol\u00f3gicas&#8230;<\/p>\n<p>Tamb\u00e9m, n\u00e3o se pode mais ficar &#8220;fazendo de conta&#8221; em um mercado que exige e qualifica tudo e todos, por isso, as organiza\u00e7\u00f5es devem estar acima dos interesses espec\u00edficos para que o projeto possa ser coletivo&#8230;<\/p>\n<p>N\u00e3o se pode esquecer que as diretrizes direcionadas para a competi\u00e7\u00e3o do mercado est\u00e3o de um jeito ou outras comprometidas com a expans\u00e3o organizacional em tempo de p\u00f3s-globaliza\u00e7\u00e3o midi\u00e1tica&#8230;<\/p>\n<p>Desta forma, os gestores est\u00e3o mais do que comprometidos com as altera\u00e7\u00f5es que est\u00e3o atreladas aos avan\u00e7os tecnol\u00f3gicos que proporcionam uma constante transforma\u00e7\u00e3o nas redes empresariais em busca da qualidade e disputa pelo mercado&#8230;<\/p>\n<p>Neste apresentado em n\u00edvel &#8220;glocal&#8221;, ou seja, do global para o local, tendo em vista que a denominada &#8220;p\u00f3s-globaliza\u00e7\u00e3o&#8221; aproximou o planeta em todas as \u00e1reas, faz-se necess\u00e1rio que o \u201cMercado Regional\u201d fique atento \u00e0s novas propostas neste tempo de incertezas em todas as \u00e1reas&#8230;<\/p>\n<p>No entanto, o mercado REGIONAL encontra, ainda, muitas dificuldades relacionadas com este cen\u00e1rio mais do que complicado e assim por diante, ainda, por exemplo, na \u00e1rea de servi\u00e7os e presta\u00e7\u00e3o dos mesmos, assim, colocando em risco a continuidade do retorno financeiro e assim por diante&#8230;<\/p>\n<p>As organiza\u00e7\u00f5es em geral, n\u00e3o podem esperar passivamente pelo que pode ou vai ocorrer no mercado, mesmo preparando para enfrentar este cen\u00e1rio de turbul\u00eancias em quase todas as \u00e1reas de produ\u00e7\u00e3o e servi\u00e7os, pode-se de um jeito ou de outro, buscar alternativas para que se possa dar continuidade ao projeto empresarial&#8230;<\/p>\n<p>Entretanto, para que tais possibilidades possam ocorrer no mercado provinciano, deve-se estar &#8220;aberto&#8221; para as novas propostas mediadas pela necessidade da &#8220;reestrutura\u00e7\u00e3o organizacional&#8221; com a\u00e7\u00f5es segmentadas para que a expans\u00e3o possa estar de acordo com as exig\u00eancias mercadol\u00f3gicas&#8230;<\/p>\n<p>O mercado, como diz o dito popular, &#8220;n\u00e3o est\u00e1 pra peixe&#8221;, desta forma, os gestores e gestoras devem estar em sintonia com os cen\u00e1rios pr\u00f3ximo e distante, buscando informa\u00e7\u00f5es sobre sua \u00e1rea de atua\u00e7\u00e3o, bem como, pesquisando outras possibilidades de atua\u00e7\u00e3o neste mercado por meio de a\u00e7\u00f5es em parceria com o objetivo de racionaliza\u00e7\u00e3o de custos operacionais, produ\u00e7\u00e3o e servi\u00e7os&#8230;<\/p>\n<p>Neste panorama internacional, quando as organiza\u00e7\u00f5es est\u00e3o buscando a racionaliza\u00e7\u00e3o de custos em benef\u00edcio do lucro l\u00edquido, nada pode ser deixado de lado por causa de um simples problema localizado, assim, o\/a &#8220;Gestor\/a&#8221; deve estar acima do que se considera normal ou de acordo com o mercado&#8230;<\/p>\n<div class='flex flex-wrap items-center -mx-1'>\r\n<a class='thumbnail gallery p-1 w-1\/2 md:w-1\/4' href='https:\/\/radiolifefm.com.br\/noticias\/wp-content\/uploads\/2020\/01\/Sebar-5.jpg'><img class='border border-white' src='https:\/\/radiolifefm.com.br\/noticias\/wp-content\/uploads\/2020\/01\/Sebar-5-200x200.jpg' alt='Sebar' \/><\/a><a class='thumbnail gallery p-1 w-1\/2 md:w-1\/4' href='https:\/\/radiolifefm.com.br\/noticias\/wp-content\/uploads\/2020\/01\/Sebar-2-2.jpg'><img class='border border-white' src='https:\/\/radiolifefm.com.br\/noticias\/wp-content\/uploads\/2020\/01\/Sebar-2-2-200x200.jpg' alt='Sebar   2' \/><\/a><a class='thumbnail gallery p-1 w-1\/2 md:w-1\/4' href='https:\/\/radiolifefm.com.br\/noticias\/wp-content\/uploads\/2020\/01\/Sebar-3-2.jpg'><img class='border border-white' src='https:\/\/radiolifefm.com.br\/noticias\/wp-content\/uploads\/2020\/01\/Sebar-3-2-200x200.jpg' alt='Sebar   3' \/><\/a><a class='thumbnail gallery p-1 w-1\/2 md:w-1\/4' href='https:\/\/radiolifefm.com.br\/noticias\/wp-content\/uploads\/2020\/01\/Sebar-4-1-scaled.jpg'><img class='border border-white' src='https:\/\/radiolifefm.com.br\/noticias\/wp-content\/uploads\/2020\/01\/Sebar-4-1-200x200.jpg' alt='Sebar   4' \/><\/a><\/div>\n<p>_______________________________<br \/>\n(*) Jornalista Diplomado, Professor Universit\u00e1rio e Consultor na \u00c1rea da Comunica\u00e7\u00e3o Organizacional..<\/p>\n","protected":false},"excerpt":{"rendered":"<p>Organiza\u00e7\u00e3o e Mercado Regional&#8230; &#8220;As ideias s\u00e3o um capital que s\u00f3 d\u00e1 juros nas m\u00e3o do talento.&#8221; (Rivarol) S\u00e9rgio Barbosa (*). Pode-se afirmar que atualmente o cen\u00e1rio mercadol\u00f3gico continua proporcionando momentos de incertezas em todas as \u00e1reas, assim, faz-se necess\u00e1rio que as organiza\u00e7\u00f5es estejam em estado de alerta com o contexto plural deste tempo de [&hellip;]<\/p>\n","protected":false},"author":3,"featured_media":19647,"comment_status":"closed","ping_status":"open","sticky":false,"template":"","format":"standard","meta":{"_acf_changed":false,"_exactmetrics_skip_tracking":false,"_exactmetrics_sitenote_active":false,"_exactmetrics_sitenote_note":"","_exactmetrics_sitenote_category":0,"footnotes":""},"categories":[59],"tags":[],"class_list":["post-19645","post","type-post","status-publish","format-standard","has-post-thumbnail","hentry","category-opiniao"],"acf":[],"yoast_head":"<!-- This site is optimized with the Yoast SEO plugin v27.2 - https:\/\/yoast.com\/product\/yoast-seo-wordpress\/ -->\n<title>Organiza\u00e7\u00e3o e Mercado Regional...  - S\u00e9rgio Barbosa - Opini\u00e3o - R\u00e1dio Life FM<\/title>\n<meta name=\"robots\" content=\"index, follow, max-snippet:-1, max-image-preview:large, max-video-preview:-1\" \/>\n<link rel=\"canonical\" href=\"https:\/\/radiolifefm.com.br\/noticias\/organizacao-e-mercado-regional-sergio-barbosa-opiniao\/\" \/>\n<meta property=\"og:locale\" content=\"pt_BR\" \/>\n<meta property=\"og:type\" content=\"article\" \/>\n<meta property=\"og:title\" content=\"Organiza\u00e7\u00e3o e Mercado Regional...  - S\u00e9rgio Barbosa - Opini\u00e3o - R\u00e1dio Life FM\" \/>\n<meta property=\"og:description\" content=\"Organiza\u00e7\u00e3o e Mercado Regional&#8230; &#8220;As ideias s\u00e3o um capital que s\u00f3 d\u00e1 juros nas m\u00e3o do talento.&#8221; (Rivarol) S\u00e9rgio Barbosa (*). Pode-se afirmar que atualmente o cen\u00e1rio mercadol\u00f3gico continua proporcionando momentos de incertezas em todas as \u00e1reas, assim, faz-se necess\u00e1rio que as organiza\u00e7\u00f5es estejam em estado de alerta com o contexto plural deste tempo de [&hellip;]\" \/>\n<meta property=\"og:url\" content=\"https:\/\/radiolifefm.com.br\/noticias\/organizacao-e-mercado-regional-sergio-barbosa-opiniao\/\" \/>\n<meta property=\"og:site_name\" content=\"R\u00e1dio Life FM\" \/>\n<meta property=\"article:publisher\" content=\"https:\/\/www.facebook.com\/radiolifefm\/\" \/>\n<meta property=\"article:published_time\" content=\"2020-01-22T11:45:01+00:00\" \/>\n<meta property=\"article:modified_time\" content=\"2026-01-19T11:09:05+00:00\" \/>\n<meta property=\"og:image\" content=\"https:\/\/radiolifefm.com.br\/noticias\/wp-content\/uploads\/2020\/01\/Sebar-1-2.jpg\" \/>\n\t<meta property=\"og:image:width\" content=\"1280\" \/>\n\t<meta property=\"og:image:height\" content=\"960\" \/>\n\t<meta property=\"og:image:type\" content=\"image\/jpeg\" \/>\n<meta name=\"author\" content=\"lifefm\" \/>\n<meta name=\"twitter:card\" content=\"summary_large_image\" \/>\n<meta name=\"twitter:label1\" content=\"Escrito por\" \/>\n\t<meta name=\"twitter:data1\" content=\"lifefm\" \/>\n\t<meta name=\"twitter:label2\" content=\"Est. tempo de leitura\" \/>\n\t<meta name=\"twitter:data2\" content=\"3 minutos\" \/>\n<script type=\"application\/ld+json\" class=\"yoast-schema-graph\">{\"@context\":\"https:\/\/schema.org\",\"@graph\":[{\"@type\":\"Article\",\"@id\":\"https:\/\/radiolifefm.com.br\/noticias\/organizacao-e-mercado-regional-sergio-barbosa-opiniao\/#article\",\"isPartOf\":{\"@id\":\"https:\/\/radiolifefm.com.br\/noticias\/organizacao-e-mercado-regional-sergio-barbosa-opiniao\/\"},\"author\":{\"name\":\"lifefm\",\"@id\":\"https:\/\/radiolifefm.com.br\/noticias\/#\/schema\/person\/1d4e4b1301322090c6221bf1c8420490\"},\"headline\":\"Organiza\u00e7\u00e3o e Mercado Regional&#8230; &#8211; S\u00e9rgio Barbosa &#8211; Opini\u00e3o\",\"datePublished\":\"2020-01-22T11:45:01+00:00\",\"dateModified\":\"2026-01-19T11:09:05+00:00\",\"mainEntityOfPage\":{\"@id\":\"https:\/\/radiolifefm.com.br\/noticias\/organizacao-e-mercado-regional-sergio-barbosa-opiniao\/\"},\"wordCount\":617,\"publisher\":{\"@id\":\"https:\/\/radiolifefm.com.br\/noticias\/#organization\"},\"image\":{\"@id\":\"https:\/\/radiolifefm.com.br\/noticias\/organizacao-e-mercado-regional-sergio-barbosa-opiniao\/#primaryimage\"},\"thumbnailUrl\":\"https:\/\/radiolifefm.com.br\/noticias\/wp-content\/uploads\/2020\/01\/Sebar-1-2.jpg\",\"articleSection\":[\"Opini\u00e3o\"],\"inLanguage\":\"pt-BR\"},{\"@type\":\"WebPage\",\"@id\":\"https:\/\/radiolifefm.com.br\/noticias\/organizacao-e-mercado-regional-sergio-barbosa-opiniao\/\",\"url\":\"https:\/\/radiolifefm.com.br\/noticias\/organizacao-e-mercado-regional-sergio-barbosa-opiniao\/\",\"name\":\"Organiza\u00e7\u00e3o e Mercado Regional... - S\u00e9rgio Barbosa - Opini\u00e3o - R\u00e1dio Life FM\",\"isPartOf\":{\"@id\":\"https:\/\/radiolifefm.com.br\/noticias\/#website\"},\"primaryImageOfPage\":{\"@id\":\"https:\/\/radiolifefm.com.br\/noticias\/organizacao-e-mercado-regional-sergio-barbosa-opiniao\/#primaryimage\"},\"image\":{\"@id\":\"https:\/\/radiolifefm.com.br\/noticias\/organizacao-e-mercado-regional-sergio-barbosa-opiniao\/#primaryimage\"},\"thumbnailUrl\":\"https:\/\/radiolifefm.com.br\/noticias\/wp-content\/uploads\/2020\/01\/Sebar-1-2.jpg\",\"datePublished\":\"2020-01-22T11:45:01+00:00\",\"dateModified\":\"2026-01-19T11:09:05+00:00\",\"breadcrumb\":{\"@id\":\"https:\/\/radiolifefm.com.br\/noticias\/organizacao-e-mercado-regional-sergio-barbosa-opiniao\/#breadcrumb\"},\"inLanguage\":\"pt-BR\",\"potentialAction\":[{\"@type\":\"ReadAction\",\"target\":[\"https:\/\/radiolifefm.com.br\/noticias\/organizacao-e-mercado-regional-sergio-barbosa-opiniao\/\"]}]},{\"@type\":\"ImageObject\",\"inLanguage\":\"pt-BR\",\"@id\":\"https:\/\/radiolifefm.com.br\/noticias\/organizacao-e-mercado-regional-sergio-barbosa-opiniao\/#primaryimage\",\"url\":\"https:\/\/radiolifefm.com.br\/noticias\/wp-content\/uploads\/2020\/01\/Sebar-1-2.jpg\",\"contentUrl\":\"https:\/\/radiolifefm.com.br\/noticias\/wp-content\/uploads\/2020\/01\/Sebar-1-2.jpg\",\"width\":1280,\"height\":960},{\"@type\":\"BreadcrumbList\",\"@id\":\"https:\/\/radiolifefm.com.br\/noticias\/organizacao-e-mercado-regional-sergio-barbosa-opiniao\/#breadcrumb\",\"itemListElement\":[{\"@type\":\"ListItem\",\"position\":1,\"name\":\"In\u00edcio\",\"item\":\"https:\/\/radiolifefm.com.br\/noticias\/\"},{\"@type\":\"ListItem\",\"position\":2,\"name\":\"Organiza\u00e7\u00e3o e Mercado Regional&#8230; &#8211; S\u00e9rgio Barbosa &#8211; Opini\u00e3o\"}]},{\"@type\":\"WebSite\",\"@id\":\"https:\/\/radiolifefm.com.br\/noticias\/#website\",\"url\":\"https:\/\/radiolifefm.com.br\/noticias\/\",\"name\":\"R\u00e1dio Life FM\",\"description\":\"O Portal de Not\u00edcias de Adamantina\",\"publisher\":{\"@id\":\"https:\/\/radiolifefm.com.br\/noticias\/#organization\"},\"alternateName\":\"Life FM\",\"potentialAction\":[{\"@type\":\"SearchAction\",\"target\":{\"@type\":\"EntryPoint\",\"urlTemplate\":\"https:\/\/radiolifefm.com.br\/noticias\/?s={search_term_string}\"},\"query-input\":{\"@type\":\"PropertyValueSpecification\",\"valueRequired\":true,\"valueName\":\"search_term_string\"}}],\"inLanguage\":\"pt-BR\"},{\"@type\":\"Organization\",\"@id\":\"https:\/\/radiolifefm.com.br\/noticias\/#organization\",\"name\":\"R\u00e1dio Life FM\",\"alternateName\":\"Life FM\",\"url\":\"https:\/\/radiolifefm.com.br\/noticias\/\",\"logo\":{\"@type\":\"ImageObject\",\"inLanguage\":\"pt-BR\",\"@id\":\"https:\/\/radiolifefm.com.br\/noticias\/#\/schema\/logo\/image\/\",\"url\":\"https:\/\/static.radiolifefm.com.br\/noticias\/wp-content\/uploads\/2019\/10\/logo-lifefm.png\",\"contentUrl\":\"https:\/\/static.radiolifefm.com.br\/noticias\/wp-content\/uploads\/2019\/10\/logo-lifefm.png\",\"width\":196,\"height\":47,\"caption\":\"R\u00e1dio Life FM\"},\"image\":{\"@id\":\"https:\/\/radiolifefm.com.br\/noticias\/#\/schema\/logo\/image\/\"},\"sameAs\":[\"https:\/\/www.facebook.com\/radiolifefm\/\",\"https:\/\/www.instagram.com\/life1079fm\/\"]},{\"@type\":\"Person\",\"@id\":\"https:\/\/radiolifefm.com.br\/noticias\/#\/schema\/person\/1d4e4b1301322090c6221bf1c8420490\",\"name\":\"lifefm\",\"image\":{\"@type\":\"ImageObject\",\"inLanguage\":\"pt-BR\",\"@id\":\"https:\/\/secure.gravatar.com\/avatar\/eca268467d925ec97d20641bb054fd944c0abb2f92854171620706bbe6474e7c?s=96&d=mm&r=g\",\"url\":\"https:\/\/secure.gravatar.com\/avatar\/eca268467d925ec97d20641bb054fd944c0abb2f92854171620706bbe6474e7c?s=96&d=mm&r=g\",\"contentUrl\":\"https:\/\/secure.gravatar.com\/avatar\/eca268467d925ec97d20641bb054fd944c0abb2f92854171620706bbe6474e7c?s=96&d=mm&r=g\",\"caption\":\"lifefm\"}}]}<\/script>\n<!-- \/ Yoast SEO plugin. -->","yoast_head_json":{"title":"Organiza\u00e7\u00e3o e Mercado Regional...  - S\u00e9rgio Barbosa - Opini\u00e3o - R\u00e1dio Life FM","robots":{"index":"index","follow":"follow","max-snippet":"max-snippet:-1","max-image-preview":"max-image-preview:large","max-video-preview":"max-video-preview:-1"},"canonical":"https:\/\/radiolifefm.com.br\/noticias\/organizacao-e-mercado-regional-sergio-barbosa-opiniao\/","og_locale":"pt_BR","og_type":"article","og_title":"Organiza\u00e7\u00e3o e Mercado Regional...  - S\u00e9rgio Barbosa - Opini\u00e3o - R\u00e1dio Life FM","og_description":"Organiza\u00e7\u00e3o e Mercado Regional&#8230; &#8220;As ideias s\u00e3o um capital que s\u00f3 d\u00e1 juros nas m\u00e3o do talento.&#8221; (Rivarol) S\u00e9rgio Barbosa (*). Pode-se afirmar que atualmente o cen\u00e1rio mercadol\u00f3gico continua proporcionando momentos de incertezas em todas as \u00e1reas, assim, faz-se necess\u00e1rio que as organiza\u00e7\u00f5es estejam em estado de alerta com o contexto plural deste tempo de [&hellip;]","og_url":"https:\/\/radiolifefm.com.br\/noticias\/organizacao-e-mercado-regional-sergio-barbosa-opiniao\/","og_site_name":"R\u00e1dio Life FM","article_publisher":"https:\/\/www.facebook.com\/radiolifefm\/","article_published_time":"2020-01-22T11:45:01+00:00","article_modified_time":"2026-01-19T11:09:05+00:00","og_image":[{"width":1280,"height":960,"url":"https:\/\/radiolifefm.com.br\/noticias\/wp-content\/uploads\/2020\/01\/Sebar-1-2.jpg","type":"image\/jpeg"}],"author":"lifefm","twitter_card":"summary_large_image","twitter_misc":{"Escrito por":"lifefm","Est. tempo de leitura":"3 minutos"},"schema":{"@context":"https:\/\/schema.org","@graph":[{"@type":"Article","@id":"https:\/\/radiolifefm.com.br\/noticias\/organizacao-e-mercado-regional-sergio-barbosa-opiniao\/#article","isPartOf":{"@id":"https:\/\/radiolifefm.com.br\/noticias\/organizacao-e-mercado-regional-sergio-barbosa-opiniao\/"},"author":{"name":"lifefm","@id":"https:\/\/radiolifefm.com.br\/noticias\/#\/schema\/person\/1d4e4b1301322090c6221bf1c8420490"},"headline":"Organiza\u00e7\u00e3o e Mercado Regional&#8230; &#8211; S\u00e9rgio Barbosa &#8211; Opini\u00e3o","datePublished":"2020-01-22T11:45:01+00:00","dateModified":"2026-01-19T11:09:05+00:00","mainEntityOfPage":{"@id":"https:\/\/radiolifefm.com.br\/noticias\/organizacao-e-mercado-regional-sergio-barbosa-opiniao\/"},"wordCount":617,"publisher":{"@id":"https:\/\/radiolifefm.com.br\/noticias\/#organization"},"image":{"@id":"https:\/\/radiolifefm.com.br\/noticias\/organizacao-e-mercado-regional-sergio-barbosa-opiniao\/#primaryimage"},"thumbnailUrl":"https:\/\/radiolifefm.com.br\/noticias\/wp-content\/uploads\/2020\/01\/Sebar-1-2.jpg","articleSection":["Opini\u00e3o"],"inLanguage":"pt-BR"},{"@type":"WebPage","@id":"https:\/\/radiolifefm.com.br\/noticias\/organizacao-e-mercado-regional-sergio-barbosa-opiniao\/","url":"https:\/\/radiolifefm.com.br\/noticias\/organizacao-e-mercado-regional-sergio-barbosa-opiniao\/","name":"Organiza\u00e7\u00e3o e Mercado Regional... - S\u00e9rgio Barbosa - Opini\u00e3o - R\u00e1dio Life FM","isPartOf":{"@id":"https:\/\/radiolifefm.com.br\/noticias\/#website"},"primaryImageOfPage":{"@id":"https:\/\/radiolifefm.com.br\/noticias\/organizacao-e-mercado-regional-sergio-barbosa-opiniao\/#primaryimage"},"image":{"@id":"https:\/\/radiolifefm.com.br\/noticias\/organizacao-e-mercado-regional-sergio-barbosa-opiniao\/#primaryimage"},"thumbnailUrl":"https:\/\/radiolifefm.com.br\/noticias\/wp-content\/uploads\/2020\/01\/Sebar-1-2.jpg","datePublished":"2020-01-22T11:45:01+00:00","dateModified":"2026-01-19T11:09:05+00:00","breadcrumb":{"@id":"https:\/\/radiolifefm.com.br\/noticias\/organizacao-e-mercado-regional-sergio-barbosa-opiniao\/#breadcrumb"},"inLanguage":"pt-BR","potentialAction":[{"@type":"ReadAction","target":["https:\/\/radiolifefm.com.br\/noticias\/organizacao-e-mercado-regional-sergio-barbosa-opiniao\/"]}]},{"@type":"ImageObject","inLanguage":"pt-BR","@id":"https:\/\/radiolifefm.com.br\/noticias\/organizacao-e-mercado-regional-sergio-barbosa-opiniao\/#primaryimage","url":"https:\/\/radiolifefm.com.br\/noticias\/wp-content\/uploads\/2020\/01\/Sebar-1-2.jpg","contentUrl":"https:\/\/radiolifefm.com.br\/noticias\/wp-content\/uploads\/2020\/01\/Sebar-1-2.jpg","width":1280,"height":960},{"@type":"BreadcrumbList","@id":"https:\/\/radiolifefm.com.br\/noticias\/organizacao-e-mercado-regional-sergio-barbosa-opiniao\/#breadcrumb","itemListElement":[{"@type":"ListItem","position":1,"name":"In\u00edcio","item":"https:\/\/radiolifefm.com.br\/noticias\/"},{"@type":"ListItem","position":2,"name":"Organiza\u00e7\u00e3o e Mercado Regional&#8230; &#8211; S\u00e9rgio Barbosa &#8211; Opini\u00e3o"}]},{"@type":"WebSite","@id":"https:\/\/radiolifefm.com.br\/noticias\/#website","url":"https:\/\/radiolifefm.com.br\/noticias\/","name":"R\u00e1dio Life FM","description":"O Portal de Not\u00edcias de Adamantina","publisher":{"@id":"https:\/\/radiolifefm.com.br\/noticias\/#organization"},"alternateName":"Life FM","potentialAction":[{"@type":"SearchAction","target":{"@type":"EntryPoint","urlTemplate":"https:\/\/radiolifefm.com.br\/noticias\/?s={search_term_string}"},"query-input":{"@type":"PropertyValueSpecification","valueRequired":true,"valueName":"search_term_string"}}],"inLanguage":"pt-BR"},{"@type":"Organization","@id":"https:\/\/radiolifefm.com.br\/noticias\/#organization","name":"R\u00e1dio Life FM","alternateName":"Life FM","url":"https:\/\/radiolifefm.com.br\/noticias\/","logo":{"@type":"ImageObject","inLanguage":"pt-BR","@id":"https:\/\/radiolifefm.com.br\/noticias\/#\/schema\/logo\/image\/","url":"https:\/\/static.radiolifefm.com.br\/noticias\/wp-content\/uploads\/2019\/10\/logo-lifefm.png","contentUrl":"https:\/\/static.radiolifefm.com.br\/noticias\/wp-content\/uploads\/2019\/10\/logo-lifefm.png","width":196,"height":47,"caption":"R\u00e1dio Life FM"},"image":{"@id":"https:\/\/radiolifefm.com.br\/noticias\/#\/schema\/logo\/image\/"},"sameAs":["https:\/\/www.facebook.com\/radiolifefm\/","https:\/\/www.instagram.com\/life1079fm\/"]},{"@type":"Person","@id":"https:\/\/radiolifefm.com.br\/noticias\/#\/schema\/person\/1d4e4b1301322090c6221bf1c8420490","name":"lifefm","image":{"@type":"ImageObject","inLanguage":"pt-BR","@id":"https:\/\/secure.gravatar.com\/avatar\/eca268467d925ec97d20641bb054fd944c0abb2f92854171620706bbe6474e7c?s=96&d=mm&r=g","url":"https:\/\/secure.gravatar.com\/avatar\/eca268467d925ec97d20641bb054fd944c0abb2f92854171620706bbe6474e7c?s=96&d=mm&r=g","contentUrl":"https:\/\/secure.gravatar.com\/avatar\/eca268467d925ec97d20641bb054fd944c0abb2f92854171620706bbe6474e7c?s=96&d=mm&r=g","caption":"lifefm"}}]}},"amp_enabled":true,"_links":{"self":[{"href":"https:\/\/radiolifefm.com.br\/noticias\/wp-json\/wp\/v2\/posts\/19645","targetHints":{"allow":["GET"]}}],"collection":[{"href":"https:\/\/radiolifefm.com.br\/noticias\/wp-json\/wp\/v2\/posts"}],"about":[{"href":"https:\/\/radiolifefm.com.br\/noticias\/wp-json\/wp\/v2\/types\/post"}],"author":[{"embeddable":true,"href":"https:\/\/radiolifefm.com.br\/noticias\/wp-json\/wp\/v2\/users\/3"}],"replies":[{"embeddable":true,"href":"https:\/\/radiolifefm.com.br\/noticias\/wp-json\/wp\/v2\/comments?post=19645"}],"version-history":[{"count":1,"href":"https:\/\/radiolifefm.com.br\/noticias\/wp-json\/wp\/v2\/posts\/19645\/revisions"}],"predecessor-version":[{"id":19651,"href":"https:\/\/radiolifefm.com.br\/noticias\/wp-json\/wp\/v2\/posts\/19645\/revisions\/19651"}],"wp:featuredmedia":[{"embeddable":true,"href":"https:\/\/radiolifefm.com.br\/noticias\/wp-json\/wp\/v2\/media\/19647"}],"wp:attachment":[{"href":"https:\/\/radiolifefm.com.br\/noticias\/wp-json\/wp\/v2\/media?parent=19645"}],"wp:term":[{"taxonomy":"category","embeddable":true,"href":"https:\/\/radiolifefm.com.br\/noticias\/wp-json\/wp\/v2\/categories?post=19645"},{"taxonomy":"post_tag","embeddable":true,"href":"https:\/\/radiolifefm.com.br\/noticias\/wp-json\/wp\/v2\/tags?post=19645"}],"curies":[{"name":"wp","href":"https:\/\/api.w.org\/{rel}","templated":true}]}}